{"id":176120,"date":"2025-08-11T18:03:13","date_gmt":"2025-08-12T00:03:13","guid":{"rendered":"https:\/\/canal7slp.tv\/2025\/?p=176120"},"modified":"2025-08-11T18:03:13","modified_gmt":"2025-08-12T00:03:13","slug":"presidencia-impulsa-debate-nacional-para-redisenar-el-sistema-electoral","status":"publish","type":"post","link":"https:\/\/canal7slp.tv\/2025\/presidencia-impulsa-debate-nacional-para-redisenar-el-sistema-electoral\/","title":{"rendered":"Presidencia impulsa debate nacional para redise\u00f1ar el sistema electoral"},"content":{"rendered":"<p style=\"text-align: justify;\">M\u00e9xico.- La Comisi\u00f3n Presidencial para la Reforma Electoral presentar\u00e1 sus conclusiones en enero de 2026, tras realizar una consulta ciudadana sobre distintos aspectos del sistema electoral.<\/p>\n<p style=\"text-align: justify;\">Entre los temas a evaluar se encuentran el fuero de los funcionarios electos y la operatividad de las autoridades electorales.<\/p>\n<p style=\"text-align: justify;\">Como parte del proceso, se aplicar\u00e1n encuestas de opini\u00f3n cuyos resultados se dar\u00e1n a conocer en octubre de 2025. Las conclusiones ser\u00e1n entregadas a la presidenta Claudia Sheinbaum.<\/p>\n<p style=\"text-align: justify;\">La Comisi\u00f3n, integrada por siete funcionarios designados, abordar\u00e1 14 temas clave:<\/p>\n<ul style=\"text-align: justify;\">\n<li>Libertades pol\u00edticas<\/li>\n<li>Representaci\u00f3n del pueblo<\/li>\n<li>Sistema de partidos<\/li>\n<li>Financiamiento y prerrogativas de partidos<\/li>\n<li>Fiscalizaci\u00f3n de ingresos y gastos de partidos, candidatos y campa\u00f1as<\/li>\n<li>Efectividad del sufragio<\/li>\n<li>Regulaci\u00f3n de la competencia pol\u00edtica electoral<\/li>\n<li>Libertad de difusi\u00f3n de opiniones<\/li>\n<li>Propaganda de poderes y organismos p\u00fablicos<\/li>\n<li>Sistema de votaci\u00f3n y c\u00f3mputos<\/li>\n<li>Autoridades electorales<\/li>\n<li>Requisitos de elegibilidad e inmunidad de funcionarios electos<\/li>\n<li>Consultas populares<\/li>\n<li>Revocaciones de mandato<\/li>\n<\/ul>\n<p style=\"text-align: justify;\">La presidenta Sheinbaum ha cuestionado la viabilidad de los Organismos P\u00fablicos Locales Electorales (Oples), se\u00f1alando su alto costo y sugiriendo que la estructura actual podr\u00eda no ser necesaria en el contexto actual del pa\u00eds.<\/p>\n<p style=\"text-align: justify;\">Pablo G\u00f3mez, titular de la Comisi\u00f3n, explic\u00f3 que el proyecto responde a un periodo de transformaciones profundas en M\u00e9xico, en el que la ciudadan\u00eda desempe\u00f1a un papel m\u00e1s decisivo. Subray\u00f3 que el respeto al voto libre y a la voluntad popular son pilares fundamentales de la democracia.<\/p>\n<p style=\"text-align: justify;\">La consulta pretende ser inclusiva, convocando a la ciudadan\u00eda, organizaciones sociales, partidos pol\u00edticos, comunidades ind\u00edgenas y otros actores relevantes. Sheinbaum destac\u00f3 que se fomentar\u00e1 una amplia participaci\u00f3n para prevenir fraudes electorales, un problema hist\u00f3ricamente sensible para el pa\u00eds.<\/p>\n<p style=\"text-align: justify;\">Los foros y debates se desarrollar\u00e1n en la Secretar\u00eda de Gobernaci\u00f3n, cuya planeaci\u00f3n inicia esta semana. Adem\u00e1s, se precis\u00f3 que el cargo de Pablo G\u00f3mez fue creado tras la salida de Sergio Salom\u00f3n de la Oficina de la Presidencia.<\/p>\n","protected":false},"excerpt":{"rendered":"<p>M\u00e9xico.- La Comisi\u00f3n Presidencial para la Reforma Electoral presentar\u00e1 sus conclusiones en enero de 2026, tras realizar una consulta ciudadana sobre distintos aspectos del sistema electoral. Entre los temas a evaluar se encuentran el fuero de los funcionarios electos y la operatividad de las autoridades electorales. Como parte del proceso, se aplicar\u00e1n encuestas de opini\u00f3n cuyos resultados se dar\u00e1n a conocer en octubre de 2025. Las conclusiones ser\u00e1n entregadas a la presidenta Claudia Sheinbaum. La Comisi\u00f3n, integrada por siete funcionarios designados, abordar\u00e1 14 temas clave: Libertades pol\u00edticas Representaci\u00f3n del pueblo Sistema de partidos Financiamiento y prerrogativas de partidos Fiscalizaci\u00f3n de [&hellip;]<\/p>\n","protected":false},"author":2,"featured_media":176121,"comment_status":"closed","ping_status":"closed","sticky":false,"template":"","format":"standard","meta":{"_monsterinsights_skip_tracking":false,"_monsterinsights_sitenote_active":false,"_monsterinsights_sitenote_note":"","_monsterinsights_sitenote_category":0,"footnotes":""},"categories":[44],"tags":[],"class_list":["post-176120","post","type-post","status-publish","format-standard","has-post-thumbnail","hentry","category-internacional","post--single"],"yoast_head":"<!-- This site is optimized with the Yoast SEO plugin v27.5 - https:\/\/yoast.com\/product\/yoast-seo-wordpress\/ -->\n<title>Presidencia impulsa debate nacional para redise\u00f1ar el sistema electoral - Canal 7 SLP - 2025<\/title>\n<meta name=\"robots\" content=\"index, follow, max-snippet:-1, max-image-preview:large, max-video-preview:-1\" \/>\n<link rel=\"canonical\" href=\"https:\/\/canal7slp.tv\/2025\/presidencia-impulsa-debate-nacional-para-redisenar-el-sistema-electoral\/\" \/>\n<meta property=\"og:locale\" content=\"es_ES\" \/>\n<meta property=\"og:type\" content=\"article\" \/>\n<meta property=\"og:title\" content=\"Presidencia impulsa debate nacional para redise\u00f1ar el sistema electoral - Canal 7 SLP - 2025\" \/>\n<meta property=\"og:description\" content=\"M\u00e9xico.- La Comisi\u00f3n Presidencial para la Reforma Electoral presentar\u00e1 sus conclusiones en enero de 2026, tras realizar una consulta ciudadana sobre distintos aspectos del sistema electoral. Entre los temas a evaluar se encuentran el fuero de los funcionarios electos y la operatividad de las autoridades electorales. Como parte del proceso, se aplicar\u00e1n encuestas de opini\u00f3n cuyos resultados se dar\u00e1n a conocer en octubre de 2025. Las conclusiones ser\u00e1n entregadas a la presidenta Claudia Sheinbaum. La Comisi\u00f3n, integrada por siete funcionarios designados, abordar\u00e1 14 temas clave: Libertades pol\u00edticas Representaci\u00f3n del pueblo Sistema de partidos Financiamiento y prerrogativas de partidos Fiscalizaci\u00f3n de [&hellip;]\" \/>\n<meta property=\"og:url\" content=\"https:\/\/canal7slp.tv\/2025\/presidencia-impulsa-debate-nacional-para-redisenar-el-sistema-electoral\/\" \/>\n<meta property=\"og:site_name\" content=\"Canal 7 SLP - 2025\" \/>\n<meta property=\"article:publisher\" content=\"https:\/\/www.facebook.com\/noticieroscanal7atencionciudadana\/\" \/>\n<meta property=\"article:published_time\" content=\"2025-08-12T00:03:13+00:00\" \/>\n<meta property=\"og:image\" content=\"https:\/\/canal7slp.tv\/2025\/wp-content\/uploads\/2025\/08\/14-6.jpg\" \/>\n\t<meta property=\"og:image:width\" content=\"750\" \/>\n\t<meta property=\"og:image:height\" content=\"500\" \/>\n\t<meta property=\"og:image:type\" content=\"image\/jpeg\" \/>\n<meta name=\"author\" content=\"Edici\u00f3n Web\" \/>\n<meta name=\"twitter:card\" content=\"summary_large_image\" \/>\n<meta name=\"twitter:creator\" content=\"@NOTICIEROS7\" \/>\n<meta name=\"twitter:site\" content=\"@NOTICIEROS7\" \/>\n<meta name=\"twitter:label1\" content=\"Escrito por\" \/>\n\t<meta name=\"twitter:data1\" content=\"Edici\u00f3n Web\" \/>\n\t<meta name=\"twitter:label2\" content=\"Tiempo de lectura\" \/>\n\t<meta name=\"twitter:data2\" content=\"2 minutos\" \/>\n<script type=\"application\/ld+json\" class=\"yoast-schema-graph\">{\"@context\":\"https:\\\/\\\/schema.org\",\"@graph\":[{\"@type\":\"Article\",\"@id\":\"https:\\\/\\\/canal7slp.tv\\\/2025\\\/presidencia-impulsa-debate-nacional-para-redisenar-el-sistema-electoral\\\/#article\",\"isPartOf\":{\"@id\":\"https:\\\/\\\/canal7slp.tv\\\/2025\\\/presidencia-impulsa-debate-nacional-para-redisenar-el-sistema-electoral\\\/\"},\"author\":{\"name\":\"Edici\u00f3n Web\",\"@id\":\"https:\\\/\\\/canal7slp.tv\\\/2025\\\/#\\\/schema\\\/person\\\/271e2b60a96e7cc9d9ac296f4d7e414b\"},\"headline\":\"Presidencia impulsa debate nacional para redise\u00f1ar el sistema electoral\",\"datePublished\":\"2025-08-12T00:03:13+00:00\",\"mainEntityOfPage\":{\"@id\":\"https:\\\/\\\/canal7slp.tv\\\/2025\\\/presidencia-impulsa-debate-nacional-para-redisenar-el-sistema-electoral\\\/\"},\"wordCount\":354,\"publisher\":{\"@id\":\"https:\\\/\\\/canal7slp.tv\\\/2025\\\/#organization\"},\"image\":{\"@id\":\"https:\\\/\\\/canal7slp.tv\\\/2025\\\/presidencia-impulsa-debate-nacional-para-redisenar-el-sistema-electoral\\\/#primaryimage\"},\"thumbnailUrl\":\"https:\\\/\\\/canal7slp.tv\\\/2025\\\/wp-content\\\/uploads\\\/2025\\\/08\\\/14-6.jpg\",\"articleSection\":[\"INTERNACIONALES\"],\"inLanguage\":\"es\"},{\"@type\":\"WebPage\",\"@id\":\"https:\\\/\\\/canal7slp.tv\\\/2025\\\/presidencia-impulsa-debate-nacional-para-redisenar-el-sistema-electoral\\\/\",\"url\":\"https:\\\/\\\/canal7slp.tv\\\/2025\\\/presidencia-impulsa-debate-nacional-para-redisenar-el-sistema-electoral\\\/\",\"name\":\"Presidencia impulsa debate nacional para redise\u00f1ar el sistema electoral - Canal 7 SLP - 2025\",\"isPartOf\":{\"@id\":\"https:\\\/\\\/canal7slp.tv\\\/2025\\\/#website\"},\"primaryImageOfPage\":{\"@id\":\"https:\\\/\\\/canal7slp.tv\\\/2025\\\/presidencia-impulsa-debate-nacional-para-redisenar-el-sistema-electoral\\\/#primaryimage\"},\"image\":{\"@id\":\"https:\\\/\\\/canal7slp.tv\\\/2025\\\/presidencia-impulsa-debate-nacional-para-redisenar-el-sistema-electoral\\\/#primaryimage\"},\"thumbnailUrl\":\"https:\\\/\\\/canal7slp.tv\\\/2025\\\/wp-content\\\/uploads\\\/2025\\\/08\\\/14-6.jpg\",\"datePublished\":\"2025-08-12T00:03:13+00:00\",\"breadcrumb\":{\"@id\":\"https:\\\/\\\/canal7slp.tv\\\/2025\\\/presidencia-impulsa-debate-nacional-para-redisenar-el-sistema-electoral\\\/#breadcrumb\"},\"inLanguage\":\"es\",\"potentialAction\":[{\"@type\":\"ReadAction\",\"target\":[\"https:\\\/\\\/canal7slp.tv\\\/2025\\\/presidencia-impulsa-debate-nacional-para-redisenar-el-sistema-electoral\\\/\"]}]},{\"@type\":\"ImageObject\",\"inLanguage\":\"es\",\"@id\":\"https:\\\/\\\/canal7slp.tv\\\/2025\\\/presidencia-impulsa-debate-nacional-para-redisenar-el-sistema-electoral\\\/#primaryimage\",\"url\":\"https:\\\/\\\/canal7slp.tv\\\/2025\\\/wp-content\\\/uploads\\\/2025\\\/08\\\/14-6.jpg\",\"contentUrl\":\"https:\\\/\\\/canal7slp.tv\\\/2025\\\/wp-content\\\/uploads\\\/2025\\\/08\\\/14-6.jpg\",\"width\":750,\"height\":500},{\"@type\":\"BreadcrumbList\",\"@id\":\"https:\\\/\\\/canal7slp.tv\\\/2025\\\/presidencia-impulsa-debate-nacional-para-redisenar-el-sistema-electoral\\\/#breadcrumb\",\"itemListElement\":[{\"@type\":\"ListItem\",\"position\":1,\"name\":\"Portada\",\"item\":\"https:\\\/\\\/canal7slp.tv\\\/2025\\\/\"},{\"@type\":\"ListItem\",\"position\":2,\"name\":\"Presidencia impulsa debate nacional para redise\u00f1ar el sistema electoral\"}]},{\"@type\":\"WebSite\",\"@id\":\"https:\\\/\\\/canal7slp.tv\\\/2025\\\/#website\",\"url\":\"https:\\\/\\\/canal7slp.tv\\\/2025\\\/\",\"name\":\"N7 - Noticieros Canal 7\",\"description\":\"Somos el Medio\",\"publisher\":{\"@id\":\"https:\\\/\\\/canal7slp.tv\\\/2025\\\/#organization\"},\"potentialAction\":[{\"@type\":\"SearchAction\",\"target\":{\"@type\":\"EntryPoint\",\"urlTemplate\":\"https:\\\/\\\/canal7slp.tv\\\/2025\\\/?s={search_term_string}\"},\"query-input\":{\"@type\":\"PropertyValueSpecification\",\"valueRequired\":true,\"valueName\":\"search_term_string\"}}],\"inLanguage\":\"es\"},{\"@type\":\"Organization\",\"@id\":\"https:\\\/\\\/canal7slp.tv\\\/2025\\\/#organization\",\"name\":\"Noticieros Canal 7\",\"url\":\"https:\\\/\\\/canal7slp.tv\\\/2025\\\/\",\"logo\":{\"@type\":\"ImageObject\",\"inLanguage\":\"es\",\"@id\":\"https:\\\/\\\/canal7slp.tv\\\/2025\\\/#\\\/schema\\\/logo\\\/image\\\/\",\"url\":\"https:\\\/\\\/canal7slp.tv\\\/2025\\\/wp-content\\\/uploads\\\/2021\\\/01\\\/logo-noticieros@2x.png\",\"contentUrl\":\"https:\\\/\\\/canal7slp.tv\\\/2025\\\/wp-content\\\/uploads\\\/2021\\\/01\\\/logo-noticieros@2x.png\",\"width\":1017,\"height\":268,\"caption\":\"Noticieros Canal 7\"},\"image\":{\"@id\":\"https:\\\/\\\/canal7slp.tv\\\/2025\\\/#\\\/schema\\\/logo\\\/image\\\/\"},\"sameAs\":[\"https:\\\/\\\/www.facebook.com\\\/noticieroscanal7atencionciudadana\\\/\",\"https:\\\/\\\/x.com\\\/NOTICIEROS7\",\"https:\\\/\\\/www.instagram.com\\\/canal7_slp\",\"https:\\\/\\\/www.youtube.com\\\/channel\\\/UCliiYs-gP3JfJeqdPrNdd5A\"]},{\"@type\":\"Person\",\"@id\":\"https:\\\/\\\/canal7slp.tv\\\/2025\\\/#\\\/schema\\\/person\\\/271e2b60a96e7cc9d9ac296f4d7e414b\",\"name\":\"Edici\u00f3n Web\",\"image\":{\"@type\":\"ImageObject\",\"inLanguage\":\"es\",\"@id\":\"https:\\\/\\\/secure.gravatar.com\\\/avatar\\\/eee448fc3f7164808013b816ba91ac7e43bbe82a70bebac296f8bc6f0addaa1a?s=96&d=mm&r=g\",\"url\":\"https:\\\/\\\/secure.gravatar.com\\\/avatar\\\/eee448fc3f7164808013b816ba91ac7e43bbe82a70bebac296f8bc6f0addaa1a?s=96&d=mm&r=g\",\"contentUrl\":\"https:\\\/\\\/secure.gravatar.com\\\/avatar\\\/eee448fc3f7164808013b816ba91ac7e43bbe82a70bebac296f8bc6f0addaa1a?s=96&d=mm&r=g\",\"caption\":\"Edici\u00f3n Web\"},\"url\":\"https:\\\/\\\/canal7slp.tv\\\/2025\\\/author\\\/edicionweb\\\/\"}]}<\/script>\n<!-- \/ Yoast SEO plugin. -->","yoast_head_json":{"title":"Presidencia impulsa debate nacional para redise\u00f1ar el sistema electoral - Canal 7 SLP - 2025","robots":{"index":"index","follow":"follow","max-snippet":"max-snippet:-1","max-image-preview":"max-image-preview:large","max-video-preview":"max-video-preview:-1"},"canonical":"https:\/\/canal7slp.tv\/2025\/presidencia-impulsa-debate-nacional-para-redisenar-el-sistema-electoral\/","og_locale":"es_ES","og_type":"article","og_title":"Presidencia impulsa debate nacional para redise\u00f1ar el sistema electoral - Canal 7 SLP - 2025","og_description":"M\u00e9xico.- La Comisi\u00f3n Presidencial para la Reforma Electoral presentar\u00e1 sus conclusiones en enero de 2026, tras realizar una consulta ciudadana sobre distintos aspectos del sistema electoral. Entre los temas a evaluar se encuentran el fuero de los funcionarios electos y la operatividad de las autoridades electorales. Como parte del proceso, se aplicar\u00e1n encuestas de opini\u00f3n cuyos resultados se dar\u00e1n a conocer en octubre de 2025. Las conclusiones ser\u00e1n entregadas a la presidenta Claudia Sheinbaum. La Comisi\u00f3n, integrada por siete funcionarios designados, abordar\u00e1 14 temas clave: Libertades pol\u00edticas Representaci\u00f3n del pueblo Sistema de partidos Financiamiento y prerrogativas de partidos Fiscalizaci\u00f3n de [&hellip;]","og_url":"https:\/\/canal7slp.tv\/2025\/presidencia-impulsa-debate-nacional-para-redisenar-el-sistema-electoral\/","og_site_name":"Canal 7 SLP - 2025","article_publisher":"https:\/\/www.facebook.com\/noticieroscanal7atencionciudadana\/","article_published_time":"2025-08-12T00:03:13+00:00","og_image":[{"width":750,"height":500,"url":"https:\/\/canal7slp.tv\/2025\/wp-content\/uploads\/2025\/08\/14-6.jpg","type":"image\/jpeg"}],"author":"Edici\u00f3n Web","twitter_card":"summary_large_image","twitter_creator":"@NOTICIEROS7","twitter_site":"@NOTICIEROS7","twitter_misc":{"Escrito por":"Edici\u00f3n Web","Tiempo de lectura":"2 minutos"},"schema":{"@context":"https:\/\/schema.org","@graph":[{"@type":"Article","@id":"https:\/\/canal7slp.tv\/2025\/presidencia-impulsa-debate-nacional-para-redisenar-el-sistema-electoral\/#article","isPartOf":{"@id":"https:\/\/canal7slp.tv\/2025\/presidencia-impulsa-debate-nacional-para-redisenar-el-sistema-electoral\/"},"author":{"name":"Edici\u00f3n Web","@id":"https:\/\/canal7slp.tv\/2025\/#\/schema\/person\/271e2b60a96e7cc9d9ac296f4d7e414b"},"headline":"Presidencia impulsa debate nacional para redise\u00f1ar el sistema electoral","datePublished":"2025-08-12T00:03:13+00:00","mainEntityOfPage":{"@id":"https:\/\/canal7slp.tv\/2025\/presidencia-impulsa-debate-nacional-para-redisenar-el-sistema-electoral\/"},"wordCount":354,"publisher":{"@id":"https:\/\/canal7slp.tv\/2025\/#organization"},"image":{"@id":"https:\/\/canal7slp.tv\/2025\/presidencia-impulsa-debate-nacional-para-redisenar-el-sistema-electoral\/#primaryimage"},"thumbnailUrl":"https:\/\/canal7slp.tv\/2025\/wp-content\/uploads\/2025\/08\/14-6.jpg","articleSection":["INTERNACIONALES"],"inLanguage":"es"},{"@type":"WebPage","@id":"https:\/\/canal7slp.tv\/2025\/presidencia-impulsa-debate-nacional-para-redisenar-el-sistema-electoral\/","url":"https:\/\/canal7slp.tv\/2025\/presidencia-impulsa-debate-nacional-para-redisenar-el-sistema-electoral\/","name":"Presidencia impulsa debate nacional para redise\u00f1ar el sistema electoral - Canal 7 SLP - 2025","isPartOf":{"@id":"https:\/\/canal7slp.tv\/2025\/#website"},"primaryImageOfPage":{"@id":"https:\/\/canal7slp.tv\/2025\/presidencia-impulsa-debate-nacional-para-redisenar-el-sistema-electoral\/#primaryimage"},"image":{"@id":"https:\/\/canal7slp.tv\/2025\/presidencia-impulsa-debate-nacional-para-redisenar-el-sistema-electoral\/#primaryimage"},"thumbnailUrl":"https:\/\/canal7slp.tv\/2025\/wp-content\/uploads\/2025\/08\/14-6.jpg","datePublished":"2025-08-12T00:03:13+00:00","breadcrumb":{"@id":"https:\/\/canal7slp.tv\/2025\/presidencia-impulsa-debate-nacional-para-redisenar-el-sistema-electoral\/#breadcrumb"},"inLanguage":"es","potentialAction":[{"@type":"ReadAction","target":["https:\/\/canal7slp.tv\/2025\/presidencia-impulsa-debate-nacional-para-redisenar-el-sistema-electoral\/"]}]},{"@type":"ImageObject","inLanguage":"es","@id":"https:\/\/canal7slp.tv\/2025\/presidencia-impulsa-debate-nacional-para-redisenar-el-sistema-electoral\/#primaryimage","url":"https:\/\/canal7slp.tv\/2025\/wp-content\/uploads\/2025\/08\/14-6.jpg","contentUrl":"https:\/\/canal7slp.tv\/2025\/wp-content\/uploads\/2025\/08\/14-6.jpg","width":750,"height":500},{"@type":"BreadcrumbList","@id":"https:\/\/canal7slp.tv\/2025\/presidencia-impulsa-debate-nacional-para-redisenar-el-sistema-electoral\/#breadcrumb","itemListElement":[{"@type":"ListItem","position":1,"name":"Portada","item":"https:\/\/canal7slp.tv\/2025\/"},{"@type":"ListItem","position":2,"name":"Presidencia impulsa debate nacional para redise\u00f1ar el sistema electoral"}]},{"@type":"WebSite","@id":"https:\/\/canal7slp.tv\/2025\/#website","url":"https:\/\/canal7slp.tv\/2025\/","name":"N7 - Noticieros Canal 7","description":"Somos el Medio","publisher":{"@id":"https:\/\/canal7slp.tv\/2025\/#organization"},"potentialAction":[{"@type":"SearchAction","target":{"@type":"EntryPoint","urlTemplate":"https:\/\/canal7slp.tv\/2025\/?s={search_term_string}"},"query-input":{"@type":"PropertyValueSpecification","valueRequired":true,"valueName":"search_term_string"}}],"inLanguage":"es"},{"@type":"Organization","@id":"https:\/\/canal7slp.tv\/2025\/#organization","name":"Noticieros Canal 7","url":"https:\/\/canal7slp.tv\/2025\/","logo":{"@type":"ImageObject","inLanguage":"es","@id":"https:\/\/canal7slp.tv\/2025\/#\/schema\/logo\/image\/","url":"https:\/\/canal7slp.tv\/2025\/wp-content\/uploads\/2021\/01\/logo-noticieros@2x.png","contentUrl":"https:\/\/canal7slp.tv\/2025\/wp-content\/uploads\/2021\/01\/logo-noticieros@2x.png","width":1017,"height":268,"caption":"Noticieros Canal 7"},"image":{"@id":"https:\/\/canal7slp.tv\/2025\/#\/schema\/logo\/image\/"},"sameAs":["https:\/\/www.facebook.com\/noticieroscanal7atencionciudadana\/","https:\/\/x.com\/NOTICIEROS7","https:\/\/www.instagram.com\/canal7_slp","https:\/\/www.youtube.com\/channel\/UCliiYs-gP3JfJeqdPrNdd5A"]},{"@type":"Person","@id":"https:\/\/canal7slp.tv\/2025\/#\/schema\/person\/271e2b60a96e7cc9d9ac296f4d7e414b","name":"Edici\u00f3n Web","image":{"@type":"ImageObject","inLanguage":"es","@id":"https:\/\/secure.gravatar.com\/avatar\/eee448fc3f7164808013b816ba91ac7e43bbe82a70bebac296f8bc6f0addaa1a?s=96&d=mm&r=g","url":"https:\/\/secure.gravatar.com\/avatar\/eee448fc3f7164808013b816ba91ac7e43bbe82a70bebac296f8bc6f0addaa1a?s=96&d=mm&r=g","contentUrl":"https:\/\/secure.gravatar.com\/avatar\/eee448fc3f7164808013b816ba91ac7e43bbe82a70bebac296f8bc6f0addaa1a?s=96&d=mm&r=g","caption":"Edici\u00f3n Web"},"url":"https:\/\/canal7slp.tv\/2025\/author\/edicionweb\/"}]}},"_links":{"self":[{"href":"https:\/\/canal7slp.tv\/2025\/wp-json\/wp\/v2\/posts\/176120","targetHints":{"allow":["GET"]}}],"collection":[{"href":"https:\/\/canal7slp.tv\/2025\/wp-json\/wp\/v2\/posts"}],"about":[{"href":"https:\/\/canal7slp.tv\/2025\/wp-json\/wp\/v2\/types\/post"}],"author":[{"embeddable":true,"href":"https:\/\/canal7slp.tv\/2025\/wp-json\/wp\/v2\/users\/2"}],"replies":[{"embeddable":true,"href":"https:\/\/canal7slp.tv\/2025\/wp-json\/wp\/v2\/comments?post=176120"}],"version-history":[{"count":2,"href":"https:\/\/canal7slp.tv\/2025\/wp-json\/wp\/v2\/posts\/176120\/revisions"}],"predecessor-version":[{"id":176123,"href":"https:\/\/canal7slp.tv\/2025\/wp-json\/wp\/v2\/posts\/176120\/revisions\/176123"}],"wp:featuredmedia":[{"embeddable":true,"href":"https:\/\/canal7slp.tv\/2025\/wp-json\/wp\/v2\/media\/176121"}],"wp:attachment":[{"href":"https:\/\/canal7slp.tv\/2025\/wp-json\/wp\/v2\/media?parent=176120"}],"wp:term":[{"taxonomy":"category","embeddable":true,"href":"https:\/\/canal7slp.tv\/2025\/wp-json\/wp\/v2\/categories?post=176120"},{"taxonomy":"post_tag","embeddable":true,"href":"https:\/\/canal7slp.tv\/2025\/wp-json\/wp\/v2\/tags?post=176120"}],"curies":[{"name":"wp","href":"https:\/\/api.w.org\/{rel}","templated":true}]}}