{"id":176099,"date":"2025-08-11T16:43:51","date_gmt":"2025-08-11T22:43:51","guid":{"rendered":"https:\/\/canal7slp.tv\/2025\/?p=176099"},"modified":"2025-08-11T16:43:51","modified_gmt":"2025-08-11T22:43:51","slug":"niega-secretaria-de-finanzas-adeudo-millonario-con-la-uaslp","status":"publish","type":"post","link":"https:\/\/canal7slp.tv\/2025\/niega-secretaria-de-finanzas-adeudo-millonario-con-la-uaslp\/","title":{"rendered":"Niega Secretar\u00eda de Finanzas adeudo millonario con la UASLP"},"content":{"rendered":"<p style=\"text-align: justify;\"><span style=\"font-size: 1.21429rem;\">SLP.- La titular de la Secretar\u00eda de Finanzas de San Luis Potos\u00ed, Ariana Garc\u00eda Vidal, rechaz\u00f3 que exista un adeudo millonario del Gobierno del Estado con la Universidad Aut\u00f3noma de San Luis Potos\u00ed (UASLP), como lo ha se\u00f1alado el rector de la instituci\u00f3n.<\/span><\/p>\n<p style=\"text-align: justify;\">Explic\u00f3 que la relaci\u00f3n financiera con la casa de estudios contempla tanto transferencias monetarias como aportaciones en especie, mismas que, asegur\u00f3, se han cumplido conforme a lo establecido.<\/p>\n<p style=\"text-align: justify;\">\u201cAl final del d\u00eda se considera un tema de aportaci\u00f3n l\u00edquida, pero tambi\u00e9n se debe considerar la aportaci\u00f3n en la especie que se le da a la aut\u00f3noma\u201d, reiter\u00f3.<\/p>\n<p style=\"text-align: justify;\">La funcionaria se\u00f1al\u00f3 que existe di\u00e1logo con la administraci\u00f3n universitaria y que los recursos se entregan bajo un esquema mixto.<\/p>\n<p style=\"text-align: justify;\">\u201cHemos estado en pl\u00e1ticas, hay muy buena relaci\u00f3n con el director, nada m\u00e1s que hay veces que yo creo que lo agarran en un mal momento y hace declaraciones muy poco favorables\u201d, justific\u00f3.<\/p>\n<p style=\"text-align: justify;\">Continu\u00f3: \u00abPero nosotros en tema con la aut\u00f3noma no hay adeudo como \u00e9l lo quiere manifestar, nosotros en especie vamos bien y en aportaci\u00f3n l\u00edquida tambi\u00e9n\u201d.<\/p>\n<p style=\"text-align: justify;\">A\u00f1adi\u00f3 que la Secretar\u00eda de Finanzas tiene claro el monto que debe entregar cada a\u00f1o y que \u00e9ste se cubre en tiempo y forma.<\/p>\n<p style=\"text-align: justify;\">\u201cTenemos como una cantidad en concreto la cual tenemos que cubrir y nosotros la cubrimos a\u00f1o con a\u00f1o, una parte l\u00edquida y otra parte en especie\u201d, termin\u00f3.<\/p>\n<p>Por: Jos\u00e9 Luis V\u00e1zquez<\/p>\n","protected":false},"excerpt":{"rendered":"<p>SLP.- La titular de la Secretar\u00eda de Finanzas de San Luis Potos\u00ed, Ariana Garc\u00eda Vidal, rechaz\u00f3 que exista un adeudo millonario del Gobierno del Estado con la Universidad Aut\u00f3noma de San Luis Potos\u00ed (UASLP), como lo ha se\u00f1alado el rector de la instituci\u00f3n. Explic\u00f3 que la relaci\u00f3n financiera con la casa de estudios contempla tanto transferencias monetarias como aportaciones en especie, mismas que, asegur\u00f3, se han cumplido conforme a lo establecido. \u201cAl final del d\u00eda se considera un tema de aportaci\u00f3n l\u00edquida, pero tambi\u00e9n se debe considerar la aportaci\u00f3n en la especie que se le da a la aut\u00f3noma\u201d, reiter\u00f3. [&hellip;]<\/p>\n","protected":false},"author":2,"featured_media":176101,"comment_status":"closed","ping_status":"closed","sticky":false,"template":"","format":"video","meta":{"_monsterinsights_skip_tracking":false,"_monsterinsights_sitenote_active":false,"_monsterinsights_sitenote_note":"","_monsterinsights_sitenote_category":0,"footnotes":""},"categories":[5,510,45],"tags":[],"class_list":["post-176099","post","type-post","status-publish","format-video","has-post-thumbnail","hentry","category-destacadas","category-gobedoslp","category-localesyregionales","post_format-post-format-video","post--single"],"yoast_head":"<!-- This site is optimized with the Yoast SEO plugin v27.5 - https:\/\/yoast.com\/product\/yoast-seo-wordpress\/ -->\n<title>Niega Secretar\u00eda de Finanzas adeudo millonario con la UASLP - Canal 7 SLP - 2025<\/title>\n<meta name=\"robots\" content=\"index, follow, max-snippet:-1, max-image-preview:large, max-video-preview:-1\" \/>\n<link rel=\"canonical\" href=\"https:\/\/canal7slp.tv\/2025\/niega-secretaria-de-finanzas-adeudo-millonario-con-la-uaslp\/\" \/>\n<meta property=\"og:locale\" content=\"es_ES\" \/>\n<meta property=\"og:type\" content=\"article\" \/>\n<meta property=\"og:title\" content=\"Niega Secretar\u00eda de Finanzas adeudo millonario con la UASLP - Canal 7 SLP - 2025\" \/>\n<meta property=\"og:description\" content=\"SLP.- La titular de la Secretar\u00eda de Finanzas de San Luis Potos\u00ed, Ariana Garc\u00eda Vidal, rechaz\u00f3 que exista un adeudo millonario del Gobierno del Estado con la Universidad Aut\u00f3noma de San Luis Potos\u00ed (UASLP), como lo ha se\u00f1alado el rector de la instituci\u00f3n. Explic\u00f3 que la relaci\u00f3n financiera con la casa de estudios contempla tanto transferencias monetarias como aportaciones en especie, mismas que, asegur\u00f3, se han cumplido conforme a lo establecido. \u201cAl final del d\u00eda se considera un tema de aportaci\u00f3n l\u00edquida, pero tambi\u00e9n se debe considerar la aportaci\u00f3n en la especie que se le da a la aut\u00f3noma\u201d, reiter\u00f3. [&hellip;]\" \/>\n<meta property=\"og:url\" content=\"https:\/\/canal7slp.tv\/2025\/niega-secretaria-de-finanzas-adeudo-millonario-con-la-uaslp\/\" \/>\n<meta property=\"og:site_name\" content=\"Canal 7 SLP - 2025\" \/>\n<meta property=\"article:publisher\" content=\"https:\/\/www.facebook.com\/noticieroscanal7atencionciudadana\/\" \/>\n<meta property=\"article:published_time\" content=\"2025-08-11T22:43:51+00:00\" \/>\n<meta property=\"og:image\" content=\"https:\/\/canal7slp.tv\/2025\/wp-content\/uploads\/2025\/08\/Vazquez01SEFIN.jpg\" \/>\n\t<meta property=\"og:image:width\" content=\"1280\" \/>\n\t<meta property=\"og:image:height\" content=\"720\" \/>\n\t<meta property=\"og:image:type\" content=\"image\/jpeg\" \/>\n<meta name=\"author\" content=\"Edici\u00f3n Web\" \/>\n<meta name=\"twitter:card\" content=\"summary_large_image\" \/>\n<meta name=\"twitter:creator\" content=\"@NOTICIEROS7\" \/>\n<meta name=\"twitter:site\" content=\"@NOTICIEROS7\" \/>\n<meta name=\"twitter:label1\" content=\"Escrito por\" \/>\n\t<meta name=\"twitter:data1\" content=\"Edici\u00f3n Web\" \/>\n\t<meta name=\"twitter:label2\" content=\"Tiempo de lectura\" \/>\n\t<meta name=\"twitter:data2\" content=\"2 minutos\" \/>\n<script type=\"application\/ld+json\" class=\"yoast-schema-graph\">{\"@context\":\"https:\\\/\\\/schema.org\",\"@graph\":[{\"@type\":\"Article\",\"@id\":\"https:\\\/\\\/canal7slp.tv\\\/2025\\\/niega-secretaria-de-finanzas-adeudo-millonario-con-la-uaslp\\\/#article\",\"isPartOf\":{\"@id\":\"https:\\\/\\\/canal7slp.tv\\\/2025\\\/niega-secretaria-de-finanzas-adeudo-millonario-con-la-uaslp\\\/\"},\"author\":{\"name\":\"Edici\u00f3n Web\",\"@id\":\"https:\\\/\\\/canal7slp.tv\\\/2025\\\/#\\\/schema\\\/person\\\/271e2b60a96e7cc9d9ac296f4d7e414b\"},\"headline\":\"Niega Secretar\u00eda de Finanzas adeudo millonario con la UASLP\",\"datePublished\":\"2025-08-11T22:43:51+00:00\",\"mainEntityOfPage\":{\"@id\":\"https:\\\/\\\/canal7slp.tv\\\/2025\\\/niega-secretaria-de-finanzas-adeudo-millonario-con-la-uaslp\\\/\"},\"wordCount\":274,\"publisher\":{\"@id\":\"https:\\\/\\\/canal7slp.tv\\\/2025\\\/#organization\"},\"image\":{\"@id\":\"https:\\\/\\\/canal7slp.tv\\\/2025\\\/niega-secretaria-de-finanzas-adeudo-millonario-con-la-uaslp\\\/#primaryimage\"},\"thumbnailUrl\":\"https:\\\/\\\/canal7slp.tv\\\/2025\\\/wp-content\\\/uploads\\\/2025\\\/08\\\/Vazquez01SEFIN.jpg\",\"articleSection\":[\"DESTACADAS\",\"GOBEDOSLP\",\"LOCALES Y REGIONALES\"],\"inLanguage\":\"es\"},{\"@type\":\"WebPage\",\"@id\":\"https:\\\/\\\/canal7slp.tv\\\/2025\\\/niega-secretaria-de-finanzas-adeudo-millonario-con-la-uaslp\\\/\",\"url\":\"https:\\\/\\\/canal7slp.tv\\\/2025\\\/niega-secretaria-de-finanzas-adeudo-millonario-con-la-uaslp\\\/\",\"name\":\"Niega Secretar\u00eda de Finanzas adeudo millonario con la UASLP - Canal 7 SLP - 2025\",\"isPartOf\":{\"@id\":\"https:\\\/\\\/canal7slp.tv\\\/2025\\\/#website\"},\"primaryImageOfPage\":{\"@id\":\"https:\\\/\\\/canal7slp.tv\\\/2025\\\/niega-secretaria-de-finanzas-adeudo-millonario-con-la-uaslp\\\/#primaryimage\"},\"image\":{\"@id\":\"https:\\\/\\\/canal7slp.tv\\\/2025\\\/niega-secretaria-de-finanzas-adeudo-millonario-con-la-uaslp\\\/#primaryimage\"},\"thumbnailUrl\":\"https:\\\/\\\/canal7slp.tv\\\/2025\\\/wp-content\\\/uploads\\\/2025\\\/08\\\/Vazquez01SEFIN.jpg\",\"datePublished\":\"2025-08-11T22:43:51+00:00\",\"breadcrumb\":{\"@id\":\"https:\\\/\\\/canal7slp.tv\\\/2025\\\/niega-secretaria-de-finanzas-adeudo-millonario-con-la-uaslp\\\/#breadcrumb\"},\"inLanguage\":\"es\",\"potentialAction\":[{\"@type\":\"ReadAction\",\"target\":[\"https:\\\/\\\/canal7slp.tv\\\/2025\\\/niega-secretaria-de-finanzas-adeudo-millonario-con-la-uaslp\\\/\"]}]},{\"@type\":\"ImageObject\",\"inLanguage\":\"es\",\"@id\":\"https:\\\/\\\/canal7slp.tv\\\/2025\\\/niega-secretaria-de-finanzas-adeudo-millonario-con-la-uaslp\\\/#primaryimage\",\"url\":\"https:\\\/\\\/canal7slp.tv\\\/2025\\\/wp-content\\\/uploads\\\/2025\\\/08\\\/Vazquez01SEFIN.jpg\",\"contentUrl\":\"https:\\\/\\\/canal7slp.tv\\\/2025\\\/wp-content\\\/uploads\\\/2025\\\/08\\\/Vazquez01SEFIN.jpg\",\"width\":1280,\"height\":720},{\"@type\":\"BreadcrumbList\",\"@id\":\"https:\\\/\\\/canal7slp.tv\\\/2025\\\/niega-secretaria-de-finanzas-adeudo-millonario-con-la-uaslp\\\/#breadcrumb\",\"itemListElement\":[{\"@type\":\"ListItem\",\"position\":1,\"name\":\"Portada\",\"item\":\"https:\\\/\\\/canal7slp.tv\\\/2025\\\/\"},{\"@type\":\"ListItem\",\"position\":2,\"name\":\"Niega Secretar\u00eda de Finanzas adeudo millonario con la UASLP\"}]},{\"@type\":\"WebSite\",\"@id\":\"https:\\\/\\\/canal7slp.tv\\\/2025\\\/#website\",\"url\":\"https:\\\/\\\/canal7slp.tv\\\/2025\\\/\",\"name\":\"N7 - Noticieros Canal 7\",\"description\":\"Somos el Medio\",\"publisher\":{\"@id\":\"https:\\\/\\\/canal7slp.tv\\\/2025\\\/#organization\"},\"potentialAction\":[{\"@type\":\"SearchAction\",\"target\":{\"@type\":\"EntryPoint\",\"urlTemplate\":\"https:\\\/\\\/canal7slp.tv\\\/2025\\\/?s={search_term_string}\"},\"query-input\":{\"@type\":\"PropertyValueSpecification\",\"valueRequired\":true,\"valueName\":\"search_term_string\"}}],\"inLanguage\":\"es\"},{\"@type\":\"Organization\",\"@id\":\"https:\\\/\\\/canal7slp.tv\\\/2025\\\/#organization\",\"name\":\"Noticieros Canal 7\",\"url\":\"https:\\\/\\\/canal7slp.tv\\\/2025\\\/\",\"logo\":{\"@type\":\"ImageObject\",\"inLanguage\":\"es\",\"@id\":\"https:\\\/\\\/canal7slp.tv\\\/2025\\\/#\\\/schema\\\/logo\\\/image\\\/\",\"url\":\"https:\\\/\\\/canal7slp.tv\\\/2025\\\/wp-content\\\/uploads\\\/2021\\\/01\\\/logo-noticieros@2x.png\",\"contentUrl\":\"https:\\\/\\\/canal7slp.tv\\\/2025\\\/wp-content\\\/uploads\\\/2021\\\/01\\\/logo-noticieros@2x.png\",\"width\":1017,\"height\":268,\"caption\":\"Noticieros Canal 7\"},\"image\":{\"@id\":\"https:\\\/\\\/canal7slp.tv\\\/2025\\\/#\\\/schema\\\/logo\\\/image\\\/\"},\"sameAs\":[\"https:\\\/\\\/www.facebook.com\\\/noticieroscanal7atencionciudadana\\\/\",\"https:\\\/\\\/x.com\\\/NOTICIEROS7\",\"https:\\\/\\\/www.instagram.com\\\/canal7_slp\",\"https:\\\/\\\/www.youtube.com\\\/channel\\\/UCliiYs-gP3JfJeqdPrNdd5A\"]},{\"@type\":\"Person\",\"@id\":\"https:\\\/\\\/canal7slp.tv\\\/2025\\\/#\\\/schema\\\/person\\\/271e2b60a96e7cc9d9ac296f4d7e414b\",\"name\":\"Edici\u00f3n Web\",\"image\":{\"@type\":\"ImageObject\",\"inLanguage\":\"es\",\"@id\":\"https:\\\/\\\/secure.gravatar.com\\\/avatar\\\/eee448fc3f7164808013b816ba91ac7e43bbe82a70bebac296f8bc6f0addaa1a?s=96&d=mm&r=g\",\"url\":\"https:\\\/\\\/secure.gravatar.com\\\/avatar\\\/eee448fc3f7164808013b816ba91ac7e43bbe82a70bebac296f8bc6f0addaa1a?s=96&d=mm&r=g\",\"contentUrl\":\"https:\\\/\\\/secure.gravatar.com\\\/avatar\\\/eee448fc3f7164808013b816ba91ac7e43bbe82a70bebac296f8bc6f0addaa1a?s=96&d=mm&r=g\",\"caption\":\"Edici\u00f3n Web\"},\"url\":\"https:\\\/\\\/canal7slp.tv\\\/2025\\\/author\\\/edicionweb\\\/\"}]}<\/script>\n<!-- \/ Yoast SEO plugin. -->","yoast_head_json":{"title":"Niega Secretar\u00eda de Finanzas adeudo millonario con la UASLP - Canal 7 SLP - 2025","robots":{"index":"index","follow":"follow","max-snippet":"max-snippet:-1","max-image-preview":"max-image-preview:large","max-video-preview":"max-video-preview:-1"},"canonical":"https:\/\/canal7slp.tv\/2025\/niega-secretaria-de-finanzas-adeudo-millonario-con-la-uaslp\/","og_locale":"es_ES","og_type":"article","og_title":"Niega Secretar\u00eda de Finanzas adeudo millonario con la UASLP - Canal 7 SLP - 2025","og_description":"SLP.- La titular de la Secretar\u00eda de Finanzas de San Luis Potos\u00ed, Ariana Garc\u00eda Vidal, rechaz\u00f3 que exista un adeudo millonario del Gobierno del Estado con la Universidad Aut\u00f3noma de San Luis Potos\u00ed (UASLP), como lo ha se\u00f1alado el rector de la instituci\u00f3n. Explic\u00f3 que la relaci\u00f3n financiera con la casa de estudios contempla tanto transferencias monetarias como aportaciones en especie, mismas que, asegur\u00f3, se han cumplido conforme a lo establecido. \u201cAl final del d\u00eda se considera un tema de aportaci\u00f3n l\u00edquida, pero tambi\u00e9n se debe considerar la aportaci\u00f3n en la especie que se le da a la aut\u00f3noma\u201d, reiter\u00f3. [&hellip;]","og_url":"https:\/\/canal7slp.tv\/2025\/niega-secretaria-de-finanzas-adeudo-millonario-con-la-uaslp\/","og_site_name":"Canal 7 SLP - 2025","article_publisher":"https:\/\/www.facebook.com\/noticieroscanal7atencionciudadana\/","article_published_time":"2025-08-11T22:43:51+00:00","og_image":[{"width":1280,"height":720,"url":"https:\/\/canal7slp.tv\/2025\/wp-content\/uploads\/2025\/08\/Vazquez01SEFIN.jpg","type":"image\/jpeg"}],"author":"Edici\u00f3n Web","twitter_card":"summary_large_image","twitter_creator":"@NOTICIEROS7","twitter_site":"@NOTICIEROS7","twitter_misc":{"Escrito por":"Edici\u00f3n Web","Tiempo de lectura":"2 minutos"},"schema":{"@context":"https:\/\/schema.org","@graph":[{"@type":"Article","@id":"https:\/\/canal7slp.tv\/2025\/niega-secretaria-de-finanzas-adeudo-millonario-con-la-uaslp\/#article","isPartOf":{"@id":"https:\/\/canal7slp.tv\/2025\/niega-secretaria-de-finanzas-adeudo-millonario-con-la-uaslp\/"},"author":{"name":"Edici\u00f3n Web","@id":"https:\/\/canal7slp.tv\/2025\/#\/schema\/person\/271e2b60a96e7cc9d9ac296f4d7e414b"},"headline":"Niega Secretar\u00eda de Finanzas adeudo millonario con la UASLP","datePublished":"2025-08-11T22:43:51+00:00","mainEntityOfPage":{"@id":"https:\/\/canal7slp.tv\/2025\/niega-secretaria-de-finanzas-adeudo-millonario-con-la-uaslp\/"},"wordCount":274,"publisher":{"@id":"https:\/\/canal7slp.tv\/2025\/#organization"},"image":{"@id":"https:\/\/canal7slp.tv\/2025\/niega-secretaria-de-finanzas-adeudo-millonario-con-la-uaslp\/#primaryimage"},"thumbnailUrl":"https:\/\/canal7slp.tv\/2025\/wp-content\/uploads\/2025\/08\/Vazquez01SEFIN.jpg","articleSection":["DESTACADAS","GOBEDOSLP","LOCALES Y REGIONALES"],"inLanguage":"es"},{"@type":"WebPage","@id":"https:\/\/canal7slp.tv\/2025\/niega-secretaria-de-finanzas-adeudo-millonario-con-la-uaslp\/","url":"https:\/\/canal7slp.tv\/2025\/niega-secretaria-de-finanzas-adeudo-millonario-con-la-uaslp\/","name":"Niega Secretar\u00eda de Finanzas adeudo millonario con la UASLP - Canal 7 SLP - 2025","isPartOf":{"@id":"https:\/\/canal7slp.tv\/2025\/#website"},"primaryImageOfPage":{"@id":"https:\/\/canal7slp.tv\/2025\/niega-secretaria-de-finanzas-adeudo-millonario-con-la-uaslp\/#primaryimage"},"image":{"@id":"https:\/\/canal7slp.tv\/2025\/niega-secretaria-de-finanzas-adeudo-millonario-con-la-uaslp\/#primaryimage"},"thumbnailUrl":"https:\/\/canal7slp.tv\/2025\/wp-content\/uploads\/2025\/08\/Vazquez01SEFIN.jpg","datePublished":"2025-08-11T22:43:51+00:00","breadcrumb":{"@id":"https:\/\/canal7slp.tv\/2025\/niega-secretaria-de-finanzas-adeudo-millonario-con-la-uaslp\/#breadcrumb"},"inLanguage":"es","potentialAction":[{"@type":"ReadAction","target":["https:\/\/canal7slp.tv\/2025\/niega-secretaria-de-finanzas-adeudo-millonario-con-la-uaslp\/"]}]},{"@type":"ImageObject","inLanguage":"es","@id":"https:\/\/canal7slp.tv\/2025\/niega-secretaria-de-finanzas-adeudo-millonario-con-la-uaslp\/#primaryimage","url":"https:\/\/canal7slp.tv\/2025\/wp-content\/uploads\/2025\/08\/Vazquez01SEFIN.jpg","contentUrl":"https:\/\/canal7slp.tv\/2025\/wp-content\/uploads\/2025\/08\/Vazquez01SEFIN.jpg","width":1280,"height":720},{"@type":"BreadcrumbList","@id":"https:\/\/canal7slp.tv\/2025\/niega-secretaria-de-finanzas-adeudo-millonario-con-la-uaslp\/#breadcrumb","itemListElement":[{"@type":"ListItem","position":1,"name":"Portada","item":"https:\/\/canal7slp.tv\/2025\/"},{"@type":"ListItem","position":2,"name":"Niega Secretar\u00eda de Finanzas adeudo millonario con la UASLP"}]},{"@type":"WebSite","@id":"https:\/\/canal7slp.tv\/2025\/#website","url":"https:\/\/canal7slp.tv\/2025\/","name":"N7 - Noticieros Canal 7","description":"Somos el Medio","publisher":{"@id":"https:\/\/canal7slp.tv\/2025\/#organization"},"potentialAction":[{"@type":"SearchAction","target":{"@type":"EntryPoint","urlTemplate":"https:\/\/canal7slp.tv\/2025\/?s={search_term_string}"},"query-input":{"@type":"PropertyValueSpecification","valueRequired":true,"valueName":"search_term_string"}}],"inLanguage":"es"},{"@type":"Organization","@id":"https:\/\/canal7slp.tv\/2025\/#organization","name":"Noticieros Canal 7","url":"https:\/\/canal7slp.tv\/2025\/","logo":{"@type":"ImageObject","inLanguage":"es","@id":"https:\/\/canal7slp.tv\/2025\/#\/schema\/logo\/image\/","url":"https:\/\/canal7slp.tv\/2025\/wp-content\/uploads\/2021\/01\/logo-noticieros@2x.png","contentUrl":"https:\/\/canal7slp.tv\/2025\/wp-content\/uploads\/2021\/01\/logo-noticieros@2x.png","width":1017,"height":268,"caption":"Noticieros Canal 7"},"image":{"@id":"https:\/\/canal7slp.tv\/2025\/#\/schema\/logo\/image\/"},"sameAs":["https:\/\/www.facebook.com\/noticieroscanal7atencionciudadana\/","https:\/\/x.com\/NOTICIEROS7","https:\/\/www.instagram.com\/canal7_slp","https:\/\/www.youtube.com\/channel\/UCliiYs-gP3JfJeqdPrNdd5A"]},{"@type":"Person","@id":"https:\/\/canal7slp.tv\/2025\/#\/schema\/person\/271e2b60a96e7cc9d9ac296f4d7e414b","name":"Edici\u00f3n Web","image":{"@type":"ImageObject","inLanguage":"es","@id":"https:\/\/secure.gravatar.com\/avatar\/eee448fc3f7164808013b816ba91ac7e43bbe82a70bebac296f8bc6f0addaa1a?s=96&d=mm&r=g","url":"https:\/\/secure.gravatar.com\/avatar\/eee448fc3f7164808013b816ba91ac7e43bbe82a70bebac296f8bc6f0addaa1a?s=96&d=mm&r=g","contentUrl":"https:\/\/secure.gravatar.com\/avatar\/eee448fc3f7164808013b816ba91ac7e43bbe82a70bebac296f8bc6f0addaa1a?s=96&d=mm&r=g","caption":"Edici\u00f3n Web"},"url":"https:\/\/canal7slp.tv\/2025\/author\/edicionweb\/"}]}},"_links":{"self":[{"href":"https:\/\/canal7slp.tv\/2025\/wp-json\/wp\/v2\/posts\/176099","targetHints":{"allow":["GET"]}}],"collection":[{"href":"https:\/\/canal7slp.tv\/2025\/wp-json\/wp\/v2\/posts"}],"about":[{"href":"https:\/\/canal7slp.tv\/2025\/wp-json\/wp\/v2\/types\/post"}],"author":[{"embeddable":true,"href":"https:\/\/canal7slp.tv\/2025\/wp-json\/wp\/v2\/users\/2"}],"replies":[{"embeddable":true,"href":"https:\/\/canal7slp.tv\/2025\/wp-json\/wp\/v2\/comments?post=176099"}],"version-history":[{"count":1,"href":"https:\/\/canal7slp.tv\/2025\/wp-json\/wp\/v2\/posts\/176099\/revisions"}],"predecessor-version":[{"id":176102,"href":"https:\/\/canal7slp.tv\/2025\/wp-json\/wp\/v2\/posts\/176099\/revisions\/176102"}],"wp:featuredmedia":[{"embeddable":true,"href":"https:\/\/canal7slp.tv\/2025\/wp-json\/wp\/v2\/media\/176101"}],"wp:attachment":[{"href":"https:\/\/canal7slp.tv\/2025\/wp-json\/wp\/v2\/media?parent=176099"}],"wp:term":[{"taxonomy":"category","embeddable":true,"href":"https:\/\/canal7slp.tv\/2025\/wp-json\/wp\/v2\/categories?post=176099"},{"taxonomy":"post_tag","embeddable":true,"href":"https:\/\/canal7slp.tv\/2025\/wp-json\/wp\/v2\/tags?post=176099"}],"curies":[{"name":"wp","href":"https:\/\/api.w.org\/{rel}","templated":true}]}}