{"id":176016,"date":"2025-08-09T19:54:04","date_gmt":"2025-08-10T01:54:04","guid":{"rendered":"https:\/\/canal7slp.tv\/2025\/?p=176016"},"modified":"2025-08-09T19:54:27","modified_gmt":"2025-08-10T01:54:27","slug":"en-proyecto-nueva-central-energetica-en-el-estado","status":"publish","type":"post","link":"https:\/\/canal7slp.tv\/2025\/en-proyecto-nueva-central-energetica-en-el-estado\/","title":{"rendered":"En proyecto nueva central energ\u00e9tica en el estado"},"content":{"rendered":"<p style=\"text-align: justify;\">SLP.-\u00a0Para dar impulso a la sostenibilidad y el crecimiento industrial el secretario de Desarrollo Econ\u00f3mico inform\u00f3 que el gobierno del estado, proyecta la creaci\u00f3n de una central energ\u00e9tica.<\/p>\n<p style=\"text-align: justify;\">Afirm\u00f3 que esto ser\u00e1 independientemente de la Central de Ciclo Combinado de la Comisi\u00f3n Federal de Electricidad puesta en marcha recientemente en el municipio de Villa de Reyes, por la presidenta de la rep\u00fablica.<\/p>\n<p style=\"text-align: justify;\">El funcionario estatal asegur\u00f3 que este proyecto garantizar\u00e1 las demandas energ\u00e9ticas actuales y futuras para el crecimiento industrial, en la entidad potosina.<\/p>\n<p style=\"text-align: justify;\">Asimismo, reiter\u00f3 que este proyecto est\u00e1 en etapa de planeaci\u00f3n al se\u00f1alar que se requiere primeramente contar con la infraestructura necesaria , al decir que San Luis Potos\u00ed ser\u00e1 de los estados pioneros en infraestructura energ\u00e9tica como Jalisco, Guanajuato, Quer\u00e9taro y Nuevo Le\u00f3n.<\/p>\n<p>Por: Claudio Ibarra<\/p>\n","protected":false},"excerpt":{"rendered":"<p>SLP.-\u00a0Para dar impulso a la sostenibilidad y el crecimiento industrial el secretario de Desarrollo Econ\u00f3mico inform\u00f3 que el gobierno del estado, proyecta la creaci\u00f3n de una central energ\u00e9tica. Afirm\u00f3 que esto ser\u00e1 independientemente de la Central de Ciclo Combinado de la Comisi\u00f3n Federal de Electricidad puesta en marcha recientemente en el municipio de Villa de Reyes, por la presidenta de la rep\u00fablica. El funcionario estatal asegur\u00f3 que este proyecto garantizar\u00e1 las demandas energ\u00e9ticas actuales y futuras para el crecimiento industrial, en la entidad potosina. Asimismo, reiter\u00f3 que este proyecto est\u00e1 en etapa de planeaci\u00f3n al se\u00f1alar que se requiere primeramente [&hellip;]<\/p>\n","protected":false},"author":2,"featured_media":176020,"comment_status":"closed","ping_status":"closed","sticky":false,"template":"","format":"video","meta":{"_monsterinsights_skip_tracking":false,"_monsterinsights_sitenote_active":false,"_monsterinsights_sitenote_note":"","_monsterinsights_sitenote_category":0,"footnotes":""},"categories":[5,510,45],"tags":[],"class_list":["post-176016","post","type-post","status-publish","format-video","has-post-thumbnail","hentry","category-destacadas","category-gobedoslp","category-localesyregionales","post_format-post-format-video","post--single"],"yoast_head":"<!-- This site is optimized with the Yoast SEO plugin v27.5 - https:\/\/yoast.com\/product\/yoast-seo-wordpress\/ -->\n<title>En proyecto nueva central energ\u00e9tica en el estado - Canal 7 SLP - 2025<\/title>\n<meta name=\"robots\" content=\"index, follow, max-snippet:-1, max-image-preview:large, max-video-preview:-1\" \/>\n<link rel=\"canonical\" href=\"https:\/\/canal7slp.tv\/2025\/en-proyecto-nueva-central-energetica-en-el-estado\/\" \/>\n<meta property=\"og:locale\" content=\"es_ES\" \/>\n<meta property=\"og:type\" content=\"article\" \/>\n<meta property=\"og:title\" content=\"En proyecto nueva central energ\u00e9tica en el estado - Canal 7 SLP - 2025\" \/>\n<meta property=\"og:description\" content=\"SLP.-\u00a0Para dar impulso a la sostenibilidad y el crecimiento industrial el secretario de Desarrollo Econ\u00f3mico inform\u00f3 que el gobierno del estado, proyecta la creaci\u00f3n de una central energ\u00e9tica. Afirm\u00f3 que esto ser\u00e1 independientemente de la Central de Ciclo Combinado de la Comisi\u00f3n Federal de Electricidad puesta en marcha recientemente en el municipio de Villa de Reyes, por la presidenta de la rep\u00fablica. El funcionario estatal asegur\u00f3 que este proyecto garantizar\u00e1 las demandas energ\u00e9ticas actuales y futuras para el crecimiento industrial, en la entidad potosina. Asimismo, reiter\u00f3 que este proyecto est\u00e1 en etapa de planeaci\u00f3n al se\u00f1alar que se requiere primeramente [&hellip;]\" \/>\n<meta property=\"og:url\" content=\"https:\/\/canal7slp.tv\/2025\/en-proyecto-nueva-central-energetica-en-el-estado\/\" \/>\n<meta property=\"og:site_name\" content=\"Canal 7 SLP - 2025\" \/>\n<meta property=\"article:publisher\" content=\"https:\/\/www.facebook.com\/noticieroscanal7atencionciudadana\/\" \/>\n<meta property=\"article:published_time\" content=\"2025-08-10T01:54:04+00:00\" \/>\n<meta property=\"article:modified_time\" content=\"2025-08-10T01:54:27+00:00\" \/>\n<meta property=\"og:image\" content=\"https:\/\/canal7slp.tv\/2025\/wp-content\/uploads\/2025\/08\/Claudio02Electrica.jpg\" \/>\n\t<meta property=\"og:image:width\" content=\"1280\" \/>\n\t<meta property=\"og:image:height\" content=\"720\" \/>\n\t<meta property=\"og:image:type\" content=\"image\/jpeg\" \/>\n<meta name=\"author\" content=\"Edici\u00f3n Web\" \/>\n<meta name=\"twitter:card\" content=\"summary_large_image\" \/>\n<meta name=\"twitter:creator\" content=\"@NOTICIEROS7\" \/>\n<meta name=\"twitter:site\" content=\"@NOTICIEROS7\" \/>\n<meta name=\"twitter:label1\" content=\"Escrito por\" \/>\n\t<meta name=\"twitter:data1\" content=\"Edici\u00f3n Web\" \/>\n\t<meta name=\"twitter:label2\" content=\"Tiempo de lectura\" \/>\n\t<meta name=\"twitter:data2\" content=\"1 minuto\" \/>\n<script type=\"application\/ld+json\" class=\"yoast-schema-graph\">{\"@context\":\"https:\\\/\\\/schema.org\",\"@graph\":[{\"@type\":\"Article\",\"@id\":\"https:\\\/\\\/canal7slp.tv\\\/2025\\\/en-proyecto-nueva-central-energetica-en-el-estado\\\/#article\",\"isPartOf\":{\"@id\":\"https:\\\/\\\/canal7slp.tv\\\/2025\\\/en-proyecto-nueva-central-energetica-en-el-estado\\\/\"},\"author\":{\"name\":\"Edici\u00f3n Web\",\"@id\":\"https:\\\/\\\/canal7slp.tv\\\/2025\\\/#\\\/schema\\\/person\\\/271e2b60a96e7cc9d9ac296f4d7e414b\"},\"headline\":\"En proyecto nueva central energ\u00e9tica en el estado\",\"datePublished\":\"2025-08-10T01:54:04+00:00\",\"dateModified\":\"2025-08-10T01:54:27+00:00\",\"mainEntityOfPage\":{\"@id\":\"https:\\\/\\\/canal7slp.tv\\\/2025\\\/en-proyecto-nueva-central-energetica-en-el-estado\\\/\"},\"wordCount\":151,\"publisher\":{\"@id\":\"https:\\\/\\\/canal7slp.tv\\\/2025\\\/#organization\"},\"image\":{\"@id\":\"https:\\\/\\\/canal7slp.tv\\\/2025\\\/en-proyecto-nueva-central-energetica-en-el-estado\\\/#primaryimage\"},\"thumbnailUrl\":\"https:\\\/\\\/canal7slp.tv\\\/2025\\\/wp-content\\\/uploads\\\/2025\\\/08\\\/Claudio02Electrica.jpg\",\"articleSection\":[\"DESTACADAS\",\"GOBEDOSLP\",\"LOCALES Y REGIONALES\"],\"inLanguage\":\"es\"},{\"@type\":\"WebPage\",\"@id\":\"https:\\\/\\\/canal7slp.tv\\\/2025\\\/en-proyecto-nueva-central-energetica-en-el-estado\\\/\",\"url\":\"https:\\\/\\\/canal7slp.tv\\\/2025\\\/en-proyecto-nueva-central-energetica-en-el-estado\\\/\",\"name\":\"En proyecto nueva central energ\u00e9tica en el estado - Canal 7 SLP - 2025\",\"isPartOf\":{\"@id\":\"https:\\\/\\\/canal7slp.tv\\\/2025\\\/#website\"},\"primaryImageOfPage\":{\"@id\":\"https:\\\/\\\/canal7slp.tv\\\/2025\\\/en-proyecto-nueva-central-energetica-en-el-estado\\\/#primaryimage\"},\"image\":{\"@id\":\"https:\\\/\\\/canal7slp.tv\\\/2025\\\/en-proyecto-nueva-central-energetica-en-el-estado\\\/#primaryimage\"},\"thumbnailUrl\":\"https:\\\/\\\/canal7slp.tv\\\/2025\\\/wp-content\\\/uploads\\\/2025\\\/08\\\/Claudio02Electrica.jpg\",\"datePublished\":\"2025-08-10T01:54:04+00:00\",\"dateModified\":\"2025-08-10T01:54:27+00:00\",\"breadcrumb\":{\"@id\":\"https:\\\/\\\/canal7slp.tv\\\/2025\\\/en-proyecto-nueva-central-energetica-en-el-estado\\\/#breadcrumb\"},\"inLanguage\":\"es\",\"potentialAction\":[{\"@type\":\"ReadAction\",\"target\":[\"https:\\\/\\\/canal7slp.tv\\\/2025\\\/en-proyecto-nueva-central-energetica-en-el-estado\\\/\"]}]},{\"@type\":\"ImageObject\",\"inLanguage\":\"es\",\"@id\":\"https:\\\/\\\/canal7slp.tv\\\/2025\\\/en-proyecto-nueva-central-energetica-en-el-estado\\\/#primaryimage\",\"url\":\"https:\\\/\\\/canal7slp.tv\\\/2025\\\/wp-content\\\/uploads\\\/2025\\\/08\\\/Claudio02Electrica.jpg\",\"contentUrl\":\"https:\\\/\\\/canal7slp.tv\\\/2025\\\/wp-content\\\/uploads\\\/2025\\\/08\\\/Claudio02Electrica.jpg\",\"width\":1280,\"height\":720},{\"@type\":\"BreadcrumbList\",\"@id\":\"https:\\\/\\\/canal7slp.tv\\\/2025\\\/en-proyecto-nueva-central-energetica-en-el-estado\\\/#breadcrumb\",\"itemListElement\":[{\"@type\":\"ListItem\",\"position\":1,\"name\":\"Portada\",\"item\":\"https:\\\/\\\/canal7slp.tv\\\/2025\\\/\"},{\"@type\":\"ListItem\",\"position\":2,\"name\":\"En proyecto nueva central energ\u00e9tica en el estado\"}]},{\"@type\":\"WebSite\",\"@id\":\"https:\\\/\\\/canal7slp.tv\\\/2025\\\/#website\",\"url\":\"https:\\\/\\\/canal7slp.tv\\\/2025\\\/\",\"name\":\"N7 - Noticieros Canal 7\",\"description\":\"Somos el Medio\",\"publisher\":{\"@id\":\"https:\\\/\\\/canal7slp.tv\\\/2025\\\/#organization\"},\"potentialAction\":[{\"@type\":\"SearchAction\",\"target\":{\"@type\":\"EntryPoint\",\"urlTemplate\":\"https:\\\/\\\/canal7slp.tv\\\/2025\\\/?s={search_term_string}\"},\"query-input\":{\"@type\":\"PropertyValueSpecification\",\"valueRequired\":true,\"valueName\":\"search_term_string\"}}],\"inLanguage\":\"es\"},{\"@type\":\"Organization\",\"@id\":\"https:\\\/\\\/canal7slp.tv\\\/2025\\\/#organization\",\"name\":\"Noticieros Canal 7\",\"url\":\"https:\\\/\\\/canal7slp.tv\\\/2025\\\/\",\"logo\":{\"@type\":\"ImageObject\",\"inLanguage\":\"es\",\"@id\":\"https:\\\/\\\/canal7slp.tv\\\/2025\\\/#\\\/schema\\\/logo\\\/image\\\/\",\"url\":\"https:\\\/\\\/canal7slp.tv\\\/2025\\\/wp-content\\\/uploads\\\/2021\\\/01\\\/logo-noticieros@2x.png\",\"contentUrl\":\"https:\\\/\\\/canal7slp.tv\\\/2025\\\/wp-content\\\/uploads\\\/2021\\\/01\\\/logo-noticieros@2x.png\",\"width\":1017,\"height\":268,\"caption\":\"Noticieros Canal 7\"},\"image\":{\"@id\":\"https:\\\/\\\/canal7slp.tv\\\/2025\\\/#\\\/schema\\\/logo\\\/image\\\/\"},\"sameAs\":[\"https:\\\/\\\/www.facebook.com\\\/noticieroscanal7atencionciudadana\\\/\",\"https:\\\/\\\/x.com\\\/NOTICIEROS7\",\"https:\\\/\\\/www.instagram.com\\\/canal7_slp\",\"https:\\\/\\\/www.youtube.com\\\/channel\\\/UCliiYs-gP3JfJeqdPrNdd5A\"]},{\"@type\":\"Person\",\"@id\":\"https:\\\/\\\/canal7slp.tv\\\/2025\\\/#\\\/schema\\\/person\\\/271e2b60a96e7cc9d9ac296f4d7e414b\",\"name\":\"Edici\u00f3n Web\",\"image\":{\"@type\":\"ImageObject\",\"inLanguage\":\"es\",\"@id\":\"https:\\\/\\\/secure.gravatar.com\\\/avatar\\\/eee448fc3f7164808013b816ba91ac7e43bbe82a70bebac296f8bc6f0addaa1a?s=96&d=mm&r=g\",\"url\":\"https:\\\/\\\/secure.gravatar.com\\\/avatar\\\/eee448fc3f7164808013b816ba91ac7e43bbe82a70bebac296f8bc6f0addaa1a?s=96&d=mm&r=g\",\"contentUrl\":\"https:\\\/\\\/secure.gravatar.com\\\/avatar\\\/eee448fc3f7164808013b816ba91ac7e43bbe82a70bebac296f8bc6f0addaa1a?s=96&d=mm&r=g\",\"caption\":\"Edici\u00f3n Web\"},\"url\":\"https:\\\/\\\/canal7slp.tv\\\/2025\\\/author\\\/edicionweb\\\/\"}]}<\/script>\n<!-- \/ Yoast SEO plugin. -->","yoast_head_json":{"title":"En proyecto nueva central energ\u00e9tica en el estado - Canal 7 SLP - 2025","robots":{"index":"index","follow":"follow","max-snippet":"max-snippet:-1","max-image-preview":"max-image-preview:large","max-video-preview":"max-video-preview:-1"},"canonical":"https:\/\/canal7slp.tv\/2025\/en-proyecto-nueva-central-energetica-en-el-estado\/","og_locale":"es_ES","og_type":"article","og_title":"En proyecto nueva central energ\u00e9tica en el estado - Canal 7 SLP - 2025","og_description":"SLP.-\u00a0Para dar impulso a la sostenibilidad y el crecimiento industrial el secretario de Desarrollo Econ\u00f3mico inform\u00f3 que el gobierno del estado, proyecta la creaci\u00f3n de una central energ\u00e9tica. Afirm\u00f3 que esto ser\u00e1 independientemente de la Central de Ciclo Combinado de la Comisi\u00f3n Federal de Electricidad puesta en marcha recientemente en el municipio de Villa de Reyes, por la presidenta de la rep\u00fablica. El funcionario estatal asegur\u00f3 que este proyecto garantizar\u00e1 las demandas energ\u00e9ticas actuales y futuras para el crecimiento industrial, en la entidad potosina. Asimismo, reiter\u00f3 que este proyecto est\u00e1 en etapa de planeaci\u00f3n al se\u00f1alar que se requiere primeramente [&hellip;]","og_url":"https:\/\/canal7slp.tv\/2025\/en-proyecto-nueva-central-energetica-en-el-estado\/","og_site_name":"Canal 7 SLP - 2025","article_publisher":"https:\/\/www.facebook.com\/noticieroscanal7atencionciudadana\/","article_published_time":"2025-08-10T01:54:04+00:00","article_modified_time":"2025-08-10T01:54:27+00:00","og_image":[{"width":1280,"height":720,"url":"https:\/\/canal7slp.tv\/2025\/wp-content\/uploads\/2025\/08\/Claudio02Electrica.jpg","type":"image\/jpeg"}],"author":"Edici\u00f3n Web","twitter_card":"summary_large_image","twitter_creator":"@NOTICIEROS7","twitter_site":"@NOTICIEROS7","twitter_misc":{"Escrito por":"Edici\u00f3n Web","Tiempo de lectura":"1 minuto"},"schema":{"@context":"https:\/\/schema.org","@graph":[{"@type":"Article","@id":"https:\/\/canal7slp.tv\/2025\/en-proyecto-nueva-central-energetica-en-el-estado\/#article","isPartOf":{"@id":"https:\/\/canal7slp.tv\/2025\/en-proyecto-nueva-central-energetica-en-el-estado\/"},"author":{"name":"Edici\u00f3n Web","@id":"https:\/\/canal7slp.tv\/2025\/#\/schema\/person\/271e2b60a96e7cc9d9ac296f4d7e414b"},"headline":"En proyecto nueva central energ\u00e9tica en el estado","datePublished":"2025-08-10T01:54:04+00:00","dateModified":"2025-08-10T01:54:27+00:00","mainEntityOfPage":{"@id":"https:\/\/canal7slp.tv\/2025\/en-proyecto-nueva-central-energetica-en-el-estado\/"},"wordCount":151,"publisher":{"@id":"https:\/\/canal7slp.tv\/2025\/#organization"},"image":{"@id":"https:\/\/canal7slp.tv\/2025\/en-proyecto-nueva-central-energetica-en-el-estado\/#primaryimage"},"thumbnailUrl":"https:\/\/canal7slp.tv\/2025\/wp-content\/uploads\/2025\/08\/Claudio02Electrica.jpg","articleSection":["DESTACADAS","GOBEDOSLP","LOCALES Y REGIONALES"],"inLanguage":"es"},{"@type":"WebPage","@id":"https:\/\/canal7slp.tv\/2025\/en-proyecto-nueva-central-energetica-en-el-estado\/","url":"https:\/\/canal7slp.tv\/2025\/en-proyecto-nueva-central-energetica-en-el-estado\/","name":"En proyecto nueva central energ\u00e9tica en el estado - Canal 7 SLP - 2025","isPartOf":{"@id":"https:\/\/canal7slp.tv\/2025\/#website"},"primaryImageOfPage":{"@id":"https:\/\/canal7slp.tv\/2025\/en-proyecto-nueva-central-energetica-en-el-estado\/#primaryimage"},"image":{"@id":"https:\/\/canal7slp.tv\/2025\/en-proyecto-nueva-central-energetica-en-el-estado\/#primaryimage"},"thumbnailUrl":"https:\/\/canal7slp.tv\/2025\/wp-content\/uploads\/2025\/08\/Claudio02Electrica.jpg","datePublished":"2025-08-10T01:54:04+00:00","dateModified":"2025-08-10T01:54:27+00:00","breadcrumb":{"@id":"https:\/\/canal7slp.tv\/2025\/en-proyecto-nueva-central-energetica-en-el-estado\/#breadcrumb"},"inLanguage":"es","potentialAction":[{"@type":"ReadAction","target":["https:\/\/canal7slp.tv\/2025\/en-proyecto-nueva-central-energetica-en-el-estado\/"]}]},{"@type":"ImageObject","inLanguage":"es","@id":"https:\/\/canal7slp.tv\/2025\/en-proyecto-nueva-central-energetica-en-el-estado\/#primaryimage","url":"https:\/\/canal7slp.tv\/2025\/wp-content\/uploads\/2025\/08\/Claudio02Electrica.jpg","contentUrl":"https:\/\/canal7slp.tv\/2025\/wp-content\/uploads\/2025\/08\/Claudio02Electrica.jpg","width":1280,"height":720},{"@type":"BreadcrumbList","@id":"https:\/\/canal7slp.tv\/2025\/en-proyecto-nueva-central-energetica-en-el-estado\/#breadcrumb","itemListElement":[{"@type":"ListItem","position":1,"name":"Portada","item":"https:\/\/canal7slp.tv\/2025\/"},{"@type":"ListItem","position":2,"name":"En proyecto nueva central energ\u00e9tica en el estado"}]},{"@type":"WebSite","@id":"https:\/\/canal7slp.tv\/2025\/#website","url":"https:\/\/canal7slp.tv\/2025\/","name":"N7 - Noticieros Canal 7","description":"Somos el Medio","publisher":{"@id":"https:\/\/canal7slp.tv\/2025\/#organization"},"potentialAction":[{"@type":"SearchAction","target":{"@type":"EntryPoint","urlTemplate":"https:\/\/canal7slp.tv\/2025\/?s={search_term_string}"},"query-input":{"@type":"PropertyValueSpecification","valueRequired":true,"valueName":"search_term_string"}}],"inLanguage":"es"},{"@type":"Organization","@id":"https:\/\/canal7slp.tv\/2025\/#organization","name":"Noticieros Canal 7","url":"https:\/\/canal7slp.tv\/2025\/","logo":{"@type":"ImageObject","inLanguage":"es","@id":"https:\/\/canal7slp.tv\/2025\/#\/schema\/logo\/image\/","url":"https:\/\/canal7slp.tv\/2025\/wp-content\/uploads\/2021\/01\/logo-noticieros@2x.png","contentUrl":"https:\/\/canal7slp.tv\/2025\/wp-content\/uploads\/2021\/01\/logo-noticieros@2x.png","width":1017,"height":268,"caption":"Noticieros Canal 7"},"image":{"@id":"https:\/\/canal7slp.tv\/2025\/#\/schema\/logo\/image\/"},"sameAs":["https:\/\/www.facebook.com\/noticieroscanal7atencionciudadana\/","https:\/\/x.com\/NOTICIEROS7","https:\/\/www.instagram.com\/canal7_slp","https:\/\/www.youtube.com\/channel\/UCliiYs-gP3JfJeqdPrNdd5A"]},{"@type":"Person","@id":"https:\/\/canal7slp.tv\/2025\/#\/schema\/person\/271e2b60a96e7cc9d9ac296f4d7e414b","name":"Edici\u00f3n Web","image":{"@type":"ImageObject","inLanguage":"es","@id":"https:\/\/secure.gravatar.com\/avatar\/eee448fc3f7164808013b816ba91ac7e43bbe82a70bebac296f8bc6f0addaa1a?s=96&d=mm&r=g","url":"https:\/\/secure.gravatar.com\/avatar\/eee448fc3f7164808013b816ba91ac7e43bbe82a70bebac296f8bc6f0addaa1a?s=96&d=mm&r=g","contentUrl":"https:\/\/secure.gravatar.com\/avatar\/eee448fc3f7164808013b816ba91ac7e43bbe82a70bebac296f8bc6f0addaa1a?s=96&d=mm&r=g","caption":"Edici\u00f3n Web"},"url":"https:\/\/canal7slp.tv\/2025\/author\/edicionweb\/"}]}},"_links":{"self":[{"href":"https:\/\/canal7slp.tv\/2025\/wp-json\/wp\/v2\/posts\/176016","targetHints":{"allow":["GET"]}}],"collection":[{"href":"https:\/\/canal7slp.tv\/2025\/wp-json\/wp\/v2\/posts"}],"about":[{"href":"https:\/\/canal7slp.tv\/2025\/wp-json\/wp\/v2\/types\/post"}],"author":[{"embeddable":true,"href":"https:\/\/canal7slp.tv\/2025\/wp-json\/wp\/v2\/users\/2"}],"replies":[{"embeddable":true,"href":"https:\/\/canal7slp.tv\/2025\/wp-json\/wp\/v2\/comments?post=176016"}],"version-history":[{"count":2,"href":"https:\/\/canal7slp.tv\/2025\/wp-json\/wp\/v2\/posts\/176016\/revisions"}],"predecessor-version":[{"id":176021,"href":"https:\/\/canal7slp.tv\/2025\/wp-json\/wp\/v2\/posts\/176016\/revisions\/176021"}],"wp:featuredmedia":[{"embeddable":true,"href":"https:\/\/canal7slp.tv\/2025\/wp-json\/wp\/v2\/media\/176020"}],"wp:attachment":[{"href":"https:\/\/canal7slp.tv\/2025\/wp-json\/wp\/v2\/media?parent=176016"}],"wp:term":[{"taxonomy":"category","embeddable":true,"href":"https:\/\/canal7slp.tv\/2025\/wp-json\/wp\/v2\/categories?post=176016"},{"taxonomy":"post_tag","embeddable":true,"href":"https:\/\/canal7slp.tv\/2025\/wp-json\/wp\/v2\/tags?post=176016"}],"curies":[{"name":"wp","href":"https:\/\/api.w.org\/{rel}","templated":true}]}}