{"id":175955,"date":"2025-08-09T10:18:57","date_gmt":"2025-08-09T16:18:57","guid":{"rendered":"https:\/\/canal7slp.tv\/2025\/?p=175955"},"modified":"2025-08-09T10:19:40","modified_gmt":"2025-08-09T16:19:40","slug":"se-inauguro-la-edicion-2025-de-la-feria-nacional-potosina","status":"publish","type":"post","link":"https:\/\/canal7slp.tv\/2025\/se-inauguro-la-edicion-2025-de-la-feria-nacional-potosina\/","title":{"rendered":"Se inaugur\u00f3 la edici\u00f3n 2025 de la Feria Nacional Potosina"},"content":{"rendered":"<p style=\"text-align: justify;\"><span style=\"font-size: 1.21429rem;\">SLP.- Arranc\u00f3 la Feria Nacional Potosina 2025 y el gobernador Ricardo Gallardo Cardona realiz\u00f3 el corte de list\u00f3n en la explanada del recinto ferial acompa\u00f1ado por legisladores, presidentes municipales y miembros de la iniciativa privada.<\/span><\/p>\n<p style=\"text-align: justify;\">El presidente del Patronato de la Fenapo, Fernando Rojo Ocejo, dio la bienvenida durante el acto inaugural.<\/p>\n<p style=\"text-align: justify;\">\u00abMe llena de orgullo darles la bienvenida a la Feria Nacional Potosina una fiesta hecha para las y los potosinos que abre sus puertas al mundo para mostrar que somos tradici\u00f3n, cultural, innovaci\u00f3n y hospitalidad sin l\u00edmite; est\u00e1 feria no solo es un evento, es el resultado de un trabajo colaborativo sin presentes\u00bb.<\/p>\n<p style=\"text-align: justify;\">Por su parte el gobernador Ricardo Gallardo agradeci\u00f3 la presencia de los funcionarios, empresarios y medios de comunicaci\u00f3n para posteriormente invitar a la poblaci\u00f3n a que asista a la feria potosina.<\/p>\n<p style=\"text-align: justify;\">\u00abVamos a recibirlos a todos con los brazos abiertos y no cabe duda que est\u00e1 edici\u00f3n 2025 lleg\u00f3 tan grande, tan grande, tan grande que ser\u00e1 por tercer a\u00f1o consecutivo la mejor feria de todo M\u00e9xico con m\u00e1s de 8.5 millones muchas gracias; sean bienvenidos a Fenapo 2025\u00bb.<\/p>\n<p style=\"text-align: justify;\">Grupo Duelo fue el primero en presentarse en el Teatro del Pueblo el cual luci\u00f3 repleto de asistentes que disfrutaron de sus grandes \u00e9xitos.<\/p>\n<p style=\"text-align: justify;\">Por: Juan Carlos Contreras<\/p>\n","protected":false},"excerpt":{"rendered":"<p>SLP.- Arranc\u00f3 la Feria Nacional Potosina 2025 y el gobernador Ricardo Gallardo Cardona realiz\u00f3 el corte de list\u00f3n en la explanada del recinto ferial acompa\u00f1ado por legisladores, presidentes municipales y miembros de la iniciativa privada. El presidente del Patronato de la Fenapo, Fernando Rojo Ocejo, dio la bienvenida durante el acto inaugural. \u00abMe llena de orgullo darles la bienvenida a la Feria Nacional Potosina una fiesta hecha para las y los potosinos que abre sus puertas al mundo para mostrar que somos tradici\u00f3n, cultural, innovaci\u00f3n y hospitalidad sin l\u00edmite; est\u00e1 feria no solo es un evento, es el resultado de [&hellip;]<\/p>\n","protected":false},"author":2,"featured_media":175957,"comment_status":"closed","ping_status":"closed","sticky":false,"template":"","format":"video","meta":{"_monsterinsights_skip_tracking":false,"_monsterinsights_sitenote_active":false,"_monsterinsights_sitenote_note":"","_monsterinsights_sitenote_category":0,"footnotes":""},"categories":[5,510,45],"tags":[],"class_list":["post-175955","post","type-post","status-publish","format-video","has-post-thumbnail","hentry","category-destacadas","category-gobedoslp","category-localesyregionales","post_format-post-format-video","post--single"],"yoast_head":"<!-- This site is optimized with the Yoast SEO plugin v27.5 - https:\/\/yoast.com\/product\/yoast-seo-wordpress\/ -->\n<title>Se inaugur\u00f3 la edici\u00f3n 2025 de la Feria Nacional Potosina - Canal 7 SLP - 2025<\/title>\n<meta name=\"robots\" content=\"index, follow, max-snippet:-1, max-image-preview:large, max-video-preview:-1\" \/>\n<link rel=\"canonical\" href=\"https:\/\/canal7slp.tv\/2025\/se-inauguro-la-edicion-2025-de-la-feria-nacional-potosina\/\" \/>\n<meta property=\"og:locale\" content=\"es_ES\" \/>\n<meta property=\"og:type\" content=\"article\" \/>\n<meta property=\"og:title\" content=\"Se inaugur\u00f3 la edici\u00f3n 2025 de la Feria Nacional Potosina - Canal 7 SLP - 2025\" \/>\n<meta property=\"og:description\" content=\"SLP.- Arranc\u00f3 la Feria Nacional Potosina 2025 y el gobernador Ricardo Gallardo Cardona realiz\u00f3 el corte de list\u00f3n en la explanada del recinto ferial acompa\u00f1ado por legisladores, presidentes municipales y miembros de la iniciativa privada. El presidente del Patronato de la Fenapo, Fernando Rojo Ocejo, dio la bienvenida durante el acto inaugural. \u00abMe llena de orgullo darles la bienvenida a la Feria Nacional Potosina una fiesta hecha para las y los potosinos que abre sus puertas al mundo para mostrar que somos tradici\u00f3n, cultural, innovaci\u00f3n y hospitalidad sin l\u00edmite; est\u00e1 feria no solo es un evento, es el resultado de [&hellip;]\" \/>\n<meta property=\"og:url\" content=\"https:\/\/canal7slp.tv\/2025\/se-inauguro-la-edicion-2025-de-la-feria-nacional-potosina\/\" \/>\n<meta property=\"og:site_name\" content=\"Canal 7 SLP - 2025\" \/>\n<meta property=\"article:publisher\" content=\"https:\/\/www.facebook.com\/noticieroscanal7atencionciudadana\/\" \/>\n<meta property=\"article:published_time\" content=\"2025-08-09T16:18:57+00:00\" \/>\n<meta property=\"article:modified_time\" content=\"2025-08-09T16:19:40+00:00\" \/>\n<meta property=\"og:image\" content=\"https:\/\/canal7slp.tv\/2025\/wp-content\/uploads\/2025\/08\/poky01fenapo.jpg\" \/>\n\t<meta property=\"og:image:width\" content=\"1920\" \/>\n\t<meta property=\"og:image:height\" content=\"1080\" \/>\n\t<meta property=\"og:image:type\" content=\"image\/jpeg\" \/>\n<meta name=\"author\" content=\"Edici\u00f3n Web\" \/>\n<meta name=\"twitter:card\" content=\"summary_large_image\" \/>\n<meta name=\"twitter:creator\" content=\"@NOTICIEROS7\" \/>\n<meta name=\"twitter:site\" content=\"@NOTICIEROS7\" \/>\n<meta name=\"twitter:label1\" content=\"Escrito por\" \/>\n\t<meta name=\"twitter:data1\" content=\"Edici\u00f3n Web\" \/>\n\t<meta name=\"twitter:label2\" content=\"Tiempo de lectura\" \/>\n\t<meta name=\"twitter:data2\" content=\"2 minutos\" \/>\n<script type=\"application\/ld+json\" class=\"yoast-schema-graph\">{\"@context\":\"https:\\\/\\\/schema.org\",\"@graph\":[{\"@type\":\"Article\",\"@id\":\"https:\\\/\\\/canal7slp.tv\\\/2025\\\/se-inauguro-la-edicion-2025-de-la-feria-nacional-potosina\\\/#article\",\"isPartOf\":{\"@id\":\"https:\\\/\\\/canal7slp.tv\\\/2025\\\/se-inauguro-la-edicion-2025-de-la-feria-nacional-potosina\\\/\"},\"author\":{\"name\":\"Edici\u00f3n Web\",\"@id\":\"https:\\\/\\\/canal7slp.tv\\\/2025\\\/#\\\/schema\\\/person\\\/271e2b60a96e7cc9d9ac296f4d7e414b\"},\"headline\":\"Se inaugur\u00f3 la edici\u00f3n 2025 de la Feria Nacional Potosina\",\"datePublished\":\"2025-08-09T16:18:57+00:00\",\"dateModified\":\"2025-08-09T16:19:40+00:00\",\"mainEntityOfPage\":{\"@id\":\"https:\\\/\\\/canal7slp.tv\\\/2025\\\/se-inauguro-la-edicion-2025-de-la-feria-nacional-potosina\\\/\"},\"wordCount\":230,\"publisher\":{\"@id\":\"https:\\\/\\\/canal7slp.tv\\\/2025\\\/#organization\"},\"image\":{\"@id\":\"https:\\\/\\\/canal7slp.tv\\\/2025\\\/se-inauguro-la-edicion-2025-de-la-feria-nacional-potosina\\\/#primaryimage\"},\"thumbnailUrl\":\"https:\\\/\\\/canal7slp.tv\\\/2025\\\/wp-content\\\/uploads\\\/2025\\\/08\\\/poky01fenapo.jpg\",\"articleSection\":[\"DESTACADAS\",\"GOBEDOSLP\",\"LOCALES Y REGIONALES\"],\"inLanguage\":\"es\"},{\"@type\":\"WebPage\",\"@id\":\"https:\\\/\\\/canal7slp.tv\\\/2025\\\/se-inauguro-la-edicion-2025-de-la-feria-nacional-potosina\\\/\",\"url\":\"https:\\\/\\\/canal7slp.tv\\\/2025\\\/se-inauguro-la-edicion-2025-de-la-feria-nacional-potosina\\\/\",\"name\":\"Se inaugur\u00f3 la edici\u00f3n 2025 de la Feria Nacional Potosina - Canal 7 SLP - 2025\",\"isPartOf\":{\"@id\":\"https:\\\/\\\/canal7slp.tv\\\/2025\\\/#website\"},\"primaryImageOfPage\":{\"@id\":\"https:\\\/\\\/canal7slp.tv\\\/2025\\\/se-inauguro-la-edicion-2025-de-la-feria-nacional-potosina\\\/#primaryimage\"},\"image\":{\"@id\":\"https:\\\/\\\/canal7slp.tv\\\/2025\\\/se-inauguro-la-edicion-2025-de-la-feria-nacional-potosina\\\/#primaryimage\"},\"thumbnailUrl\":\"https:\\\/\\\/canal7slp.tv\\\/2025\\\/wp-content\\\/uploads\\\/2025\\\/08\\\/poky01fenapo.jpg\",\"datePublished\":\"2025-08-09T16:18:57+00:00\",\"dateModified\":\"2025-08-09T16:19:40+00:00\",\"breadcrumb\":{\"@id\":\"https:\\\/\\\/canal7slp.tv\\\/2025\\\/se-inauguro-la-edicion-2025-de-la-feria-nacional-potosina\\\/#breadcrumb\"},\"inLanguage\":\"es\",\"potentialAction\":[{\"@type\":\"ReadAction\",\"target\":[\"https:\\\/\\\/canal7slp.tv\\\/2025\\\/se-inauguro-la-edicion-2025-de-la-feria-nacional-potosina\\\/\"]}]},{\"@type\":\"ImageObject\",\"inLanguage\":\"es\",\"@id\":\"https:\\\/\\\/canal7slp.tv\\\/2025\\\/se-inauguro-la-edicion-2025-de-la-feria-nacional-potosina\\\/#primaryimage\",\"url\":\"https:\\\/\\\/canal7slp.tv\\\/2025\\\/wp-content\\\/uploads\\\/2025\\\/08\\\/poky01fenapo.jpg\",\"contentUrl\":\"https:\\\/\\\/canal7slp.tv\\\/2025\\\/wp-content\\\/uploads\\\/2025\\\/08\\\/poky01fenapo.jpg\",\"width\":1920,\"height\":1080},{\"@type\":\"BreadcrumbList\",\"@id\":\"https:\\\/\\\/canal7slp.tv\\\/2025\\\/se-inauguro-la-edicion-2025-de-la-feria-nacional-potosina\\\/#breadcrumb\",\"itemListElement\":[{\"@type\":\"ListItem\",\"position\":1,\"name\":\"Portada\",\"item\":\"https:\\\/\\\/canal7slp.tv\\\/2025\\\/\"},{\"@type\":\"ListItem\",\"position\":2,\"name\":\"Se inaugur\u00f3 la edici\u00f3n 2025 de la Feria Nacional Potosina\"}]},{\"@type\":\"WebSite\",\"@id\":\"https:\\\/\\\/canal7slp.tv\\\/2025\\\/#website\",\"url\":\"https:\\\/\\\/canal7slp.tv\\\/2025\\\/\",\"name\":\"N7 - Noticieros Canal 7\",\"description\":\"Somos el Medio\",\"publisher\":{\"@id\":\"https:\\\/\\\/canal7slp.tv\\\/2025\\\/#organization\"},\"potentialAction\":[{\"@type\":\"SearchAction\",\"target\":{\"@type\":\"EntryPoint\",\"urlTemplate\":\"https:\\\/\\\/canal7slp.tv\\\/2025\\\/?s={search_term_string}\"},\"query-input\":{\"@type\":\"PropertyValueSpecification\",\"valueRequired\":true,\"valueName\":\"search_term_string\"}}],\"inLanguage\":\"es\"},{\"@type\":\"Organization\",\"@id\":\"https:\\\/\\\/canal7slp.tv\\\/2025\\\/#organization\",\"name\":\"Noticieros Canal 7\",\"url\":\"https:\\\/\\\/canal7slp.tv\\\/2025\\\/\",\"logo\":{\"@type\":\"ImageObject\",\"inLanguage\":\"es\",\"@id\":\"https:\\\/\\\/canal7slp.tv\\\/2025\\\/#\\\/schema\\\/logo\\\/image\\\/\",\"url\":\"https:\\\/\\\/canal7slp.tv\\\/2025\\\/wp-content\\\/uploads\\\/2021\\\/01\\\/logo-noticieros@2x.png\",\"contentUrl\":\"https:\\\/\\\/canal7slp.tv\\\/2025\\\/wp-content\\\/uploads\\\/2021\\\/01\\\/logo-noticieros@2x.png\",\"width\":1017,\"height\":268,\"caption\":\"Noticieros Canal 7\"},\"image\":{\"@id\":\"https:\\\/\\\/canal7slp.tv\\\/2025\\\/#\\\/schema\\\/logo\\\/image\\\/\"},\"sameAs\":[\"https:\\\/\\\/www.facebook.com\\\/noticieroscanal7atencionciudadana\\\/\",\"https:\\\/\\\/x.com\\\/NOTICIEROS7\",\"https:\\\/\\\/www.instagram.com\\\/canal7_slp\",\"https:\\\/\\\/www.youtube.com\\\/channel\\\/UCliiYs-gP3JfJeqdPrNdd5A\"]},{\"@type\":\"Person\",\"@id\":\"https:\\\/\\\/canal7slp.tv\\\/2025\\\/#\\\/schema\\\/person\\\/271e2b60a96e7cc9d9ac296f4d7e414b\",\"name\":\"Edici\u00f3n Web\",\"image\":{\"@type\":\"ImageObject\",\"inLanguage\":\"es\",\"@id\":\"https:\\\/\\\/secure.gravatar.com\\\/avatar\\\/eee448fc3f7164808013b816ba91ac7e43bbe82a70bebac296f8bc6f0addaa1a?s=96&d=mm&r=g\",\"url\":\"https:\\\/\\\/secure.gravatar.com\\\/avatar\\\/eee448fc3f7164808013b816ba91ac7e43bbe82a70bebac296f8bc6f0addaa1a?s=96&d=mm&r=g\",\"contentUrl\":\"https:\\\/\\\/secure.gravatar.com\\\/avatar\\\/eee448fc3f7164808013b816ba91ac7e43bbe82a70bebac296f8bc6f0addaa1a?s=96&d=mm&r=g\",\"caption\":\"Edici\u00f3n Web\"},\"url\":\"https:\\\/\\\/canal7slp.tv\\\/2025\\\/author\\\/edicionweb\\\/\"}]}<\/script>\n<!-- \/ Yoast SEO plugin. -->","yoast_head_json":{"title":"Se inaugur\u00f3 la edici\u00f3n 2025 de la Feria Nacional Potosina - Canal 7 SLP - 2025","robots":{"index":"index","follow":"follow","max-snippet":"max-snippet:-1","max-image-preview":"max-image-preview:large","max-video-preview":"max-video-preview:-1"},"canonical":"https:\/\/canal7slp.tv\/2025\/se-inauguro-la-edicion-2025-de-la-feria-nacional-potosina\/","og_locale":"es_ES","og_type":"article","og_title":"Se inaugur\u00f3 la edici\u00f3n 2025 de la Feria Nacional Potosina - Canal 7 SLP - 2025","og_description":"SLP.- Arranc\u00f3 la Feria Nacional Potosina 2025 y el gobernador Ricardo Gallardo Cardona realiz\u00f3 el corte de list\u00f3n en la explanada del recinto ferial acompa\u00f1ado por legisladores, presidentes municipales y miembros de la iniciativa privada. El presidente del Patronato de la Fenapo, Fernando Rojo Ocejo, dio la bienvenida durante el acto inaugural. \u00abMe llena de orgullo darles la bienvenida a la Feria Nacional Potosina una fiesta hecha para las y los potosinos que abre sus puertas al mundo para mostrar que somos tradici\u00f3n, cultural, innovaci\u00f3n y hospitalidad sin l\u00edmite; est\u00e1 feria no solo es un evento, es el resultado de [&hellip;]","og_url":"https:\/\/canal7slp.tv\/2025\/se-inauguro-la-edicion-2025-de-la-feria-nacional-potosina\/","og_site_name":"Canal 7 SLP - 2025","article_publisher":"https:\/\/www.facebook.com\/noticieroscanal7atencionciudadana\/","article_published_time":"2025-08-09T16:18:57+00:00","article_modified_time":"2025-08-09T16:19:40+00:00","og_image":[{"width":1920,"height":1080,"url":"https:\/\/canal7slp.tv\/2025\/wp-content\/uploads\/2025\/08\/poky01fenapo.jpg","type":"image\/jpeg"}],"author":"Edici\u00f3n Web","twitter_card":"summary_large_image","twitter_creator":"@NOTICIEROS7","twitter_site":"@NOTICIEROS7","twitter_misc":{"Escrito por":"Edici\u00f3n Web","Tiempo de lectura":"2 minutos"},"schema":{"@context":"https:\/\/schema.org","@graph":[{"@type":"Article","@id":"https:\/\/canal7slp.tv\/2025\/se-inauguro-la-edicion-2025-de-la-feria-nacional-potosina\/#article","isPartOf":{"@id":"https:\/\/canal7slp.tv\/2025\/se-inauguro-la-edicion-2025-de-la-feria-nacional-potosina\/"},"author":{"name":"Edici\u00f3n Web","@id":"https:\/\/canal7slp.tv\/2025\/#\/schema\/person\/271e2b60a96e7cc9d9ac296f4d7e414b"},"headline":"Se inaugur\u00f3 la edici\u00f3n 2025 de la Feria Nacional Potosina","datePublished":"2025-08-09T16:18:57+00:00","dateModified":"2025-08-09T16:19:40+00:00","mainEntityOfPage":{"@id":"https:\/\/canal7slp.tv\/2025\/se-inauguro-la-edicion-2025-de-la-feria-nacional-potosina\/"},"wordCount":230,"publisher":{"@id":"https:\/\/canal7slp.tv\/2025\/#organization"},"image":{"@id":"https:\/\/canal7slp.tv\/2025\/se-inauguro-la-edicion-2025-de-la-feria-nacional-potosina\/#primaryimage"},"thumbnailUrl":"https:\/\/canal7slp.tv\/2025\/wp-content\/uploads\/2025\/08\/poky01fenapo.jpg","articleSection":["DESTACADAS","GOBEDOSLP","LOCALES Y REGIONALES"],"inLanguage":"es"},{"@type":"WebPage","@id":"https:\/\/canal7slp.tv\/2025\/se-inauguro-la-edicion-2025-de-la-feria-nacional-potosina\/","url":"https:\/\/canal7slp.tv\/2025\/se-inauguro-la-edicion-2025-de-la-feria-nacional-potosina\/","name":"Se inaugur\u00f3 la edici\u00f3n 2025 de la Feria Nacional Potosina - Canal 7 SLP - 2025","isPartOf":{"@id":"https:\/\/canal7slp.tv\/2025\/#website"},"primaryImageOfPage":{"@id":"https:\/\/canal7slp.tv\/2025\/se-inauguro-la-edicion-2025-de-la-feria-nacional-potosina\/#primaryimage"},"image":{"@id":"https:\/\/canal7slp.tv\/2025\/se-inauguro-la-edicion-2025-de-la-feria-nacional-potosina\/#primaryimage"},"thumbnailUrl":"https:\/\/canal7slp.tv\/2025\/wp-content\/uploads\/2025\/08\/poky01fenapo.jpg","datePublished":"2025-08-09T16:18:57+00:00","dateModified":"2025-08-09T16:19:40+00:00","breadcrumb":{"@id":"https:\/\/canal7slp.tv\/2025\/se-inauguro-la-edicion-2025-de-la-feria-nacional-potosina\/#breadcrumb"},"inLanguage":"es","potentialAction":[{"@type":"ReadAction","target":["https:\/\/canal7slp.tv\/2025\/se-inauguro-la-edicion-2025-de-la-feria-nacional-potosina\/"]}]},{"@type":"ImageObject","inLanguage":"es","@id":"https:\/\/canal7slp.tv\/2025\/se-inauguro-la-edicion-2025-de-la-feria-nacional-potosina\/#primaryimage","url":"https:\/\/canal7slp.tv\/2025\/wp-content\/uploads\/2025\/08\/poky01fenapo.jpg","contentUrl":"https:\/\/canal7slp.tv\/2025\/wp-content\/uploads\/2025\/08\/poky01fenapo.jpg","width":1920,"height":1080},{"@type":"BreadcrumbList","@id":"https:\/\/canal7slp.tv\/2025\/se-inauguro-la-edicion-2025-de-la-feria-nacional-potosina\/#breadcrumb","itemListElement":[{"@type":"ListItem","position":1,"name":"Portada","item":"https:\/\/canal7slp.tv\/2025\/"},{"@type":"ListItem","position":2,"name":"Se inaugur\u00f3 la edici\u00f3n 2025 de la Feria Nacional Potosina"}]},{"@type":"WebSite","@id":"https:\/\/canal7slp.tv\/2025\/#website","url":"https:\/\/canal7slp.tv\/2025\/","name":"N7 - Noticieros Canal 7","description":"Somos el Medio","publisher":{"@id":"https:\/\/canal7slp.tv\/2025\/#organization"},"potentialAction":[{"@type":"SearchAction","target":{"@type":"EntryPoint","urlTemplate":"https:\/\/canal7slp.tv\/2025\/?s={search_term_string}"},"query-input":{"@type":"PropertyValueSpecification","valueRequired":true,"valueName":"search_term_string"}}],"inLanguage":"es"},{"@type":"Organization","@id":"https:\/\/canal7slp.tv\/2025\/#organization","name":"Noticieros Canal 7","url":"https:\/\/canal7slp.tv\/2025\/","logo":{"@type":"ImageObject","inLanguage":"es","@id":"https:\/\/canal7slp.tv\/2025\/#\/schema\/logo\/image\/","url":"https:\/\/canal7slp.tv\/2025\/wp-content\/uploads\/2021\/01\/logo-noticieros@2x.png","contentUrl":"https:\/\/canal7slp.tv\/2025\/wp-content\/uploads\/2021\/01\/logo-noticieros@2x.png","width":1017,"height":268,"caption":"Noticieros Canal 7"},"image":{"@id":"https:\/\/canal7slp.tv\/2025\/#\/schema\/logo\/image\/"},"sameAs":["https:\/\/www.facebook.com\/noticieroscanal7atencionciudadana\/","https:\/\/x.com\/NOTICIEROS7","https:\/\/www.instagram.com\/canal7_slp","https:\/\/www.youtube.com\/channel\/UCliiYs-gP3JfJeqdPrNdd5A"]},{"@type":"Person","@id":"https:\/\/canal7slp.tv\/2025\/#\/schema\/person\/271e2b60a96e7cc9d9ac296f4d7e414b","name":"Edici\u00f3n Web","image":{"@type":"ImageObject","inLanguage":"es","@id":"https:\/\/secure.gravatar.com\/avatar\/eee448fc3f7164808013b816ba91ac7e43bbe82a70bebac296f8bc6f0addaa1a?s=96&d=mm&r=g","url":"https:\/\/secure.gravatar.com\/avatar\/eee448fc3f7164808013b816ba91ac7e43bbe82a70bebac296f8bc6f0addaa1a?s=96&d=mm&r=g","contentUrl":"https:\/\/secure.gravatar.com\/avatar\/eee448fc3f7164808013b816ba91ac7e43bbe82a70bebac296f8bc6f0addaa1a?s=96&d=mm&r=g","caption":"Edici\u00f3n Web"},"url":"https:\/\/canal7slp.tv\/2025\/author\/edicionweb\/"}]}},"_links":{"self":[{"href":"https:\/\/canal7slp.tv\/2025\/wp-json\/wp\/v2\/posts\/175955","targetHints":{"allow":["GET"]}}],"collection":[{"href":"https:\/\/canal7slp.tv\/2025\/wp-json\/wp\/v2\/posts"}],"about":[{"href":"https:\/\/canal7slp.tv\/2025\/wp-json\/wp\/v2\/types\/post"}],"author":[{"embeddable":true,"href":"https:\/\/canal7slp.tv\/2025\/wp-json\/wp\/v2\/users\/2"}],"replies":[{"embeddable":true,"href":"https:\/\/canal7slp.tv\/2025\/wp-json\/wp\/v2\/comments?post=175955"}],"version-history":[{"count":1,"href":"https:\/\/canal7slp.tv\/2025\/wp-json\/wp\/v2\/posts\/175955\/revisions"}],"predecessor-version":[{"id":175958,"href":"https:\/\/canal7slp.tv\/2025\/wp-json\/wp\/v2\/posts\/175955\/revisions\/175958"}],"wp:featuredmedia":[{"embeddable":true,"href":"https:\/\/canal7slp.tv\/2025\/wp-json\/wp\/v2\/media\/175957"}],"wp:attachment":[{"href":"https:\/\/canal7slp.tv\/2025\/wp-json\/wp\/v2\/media?parent=175955"}],"wp:term":[{"taxonomy":"category","embeddable":true,"href":"https:\/\/canal7slp.tv\/2025\/wp-json\/wp\/v2\/categories?post=175955"},{"taxonomy":"post_tag","embeddable":true,"href":"https:\/\/canal7slp.tv\/2025\/wp-json\/wp\/v2\/tags?post=175955"}],"curies":[{"name":"wp","href":"https:\/\/api.w.org\/{rel}","templated":true}]}}