{"id":175952,"date":"2025-08-08T19:46:02","date_gmt":"2025-08-09T01:46:02","guid":{"rendered":"https:\/\/canal7slp.tv\/2025\/?p=175952"},"modified":"2025-08-08T19:46:02","modified_gmt":"2025-08-09T01:46:02","slug":"rescatan-a-nino-de-cinco-anos-secuestrado-en-morelos","status":"publish","type":"post","link":"https:\/\/canal7slp.tv\/2025\/rescatan-a-nino-de-cinco-anos-secuestrado-en-morelos\/","title":{"rendered":"Rescatan a ni\u00f1o de cinco a\u00f1os secuestrado en Morelos"},"content":{"rendered":"<ul style=\"text-align: justify;\">\n<li>Detienen a dos sospechosos.<\/li>\n<\/ul>\n<p style=\"text-align: justify;\">Cuautla.- Un ni\u00f1o de cinco a\u00f1os fue secuestrado en Cuautla, Morelos, presuntamente por integrantes de un grupo delictivo que buscaba obligar a su padre a unirse a sus filas. El menor fue rescatado y dos sospechosos fueron detenidos.<\/p>\n<p style=\"text-align: justify;\">El plagio ocurri\u00f3 el mi\u00e9rcoles, cuando el menor fue sacado de su vivienda y trasladado a un inmueble en Tenango, municipio de Jantetelco. Durante el cautiverio, la familia recibi\u00f3 amenazas para presionar al padre a colaborar con la organizaci\u00f3n criminal.<\/p>\n<p style=\"text-align: justify;\">De acuerdo con las autoridades, la cercan\u00eda entre Cuautla y Jantetelco \u2014separados por apenas 15 kil\u00f3metros\u2014 ha facilitado la operaci\u00f3n de grupos delictivos en la regi\u00f3n oriental de Morelos. La Fiscal\u00eda General del Estado, a trav\u00e9s de la Fiscal\u00eda de Investigaci\u00f3n de Delitos de Alto Impacto (FIDAI), indaga si esta c\u00e9lula criminal estar\u00eda vinculada con un secuestro ocurrido en el Estado de M\u00e9xico, donde la v\u00edctima fue asesinada.<\/p>\n<p style=\"text-align: justify;\">Los dos detenidos ya fueron puestos a disposici\u00f3n del Ministerio P\u00fablico para el inicio de los procedimientos legales.<\/p>\n<p style=\"text-align: justify;\">Cuautla, ubicada a poco m\u00e1s de 54 kil\u00f3metros de Cuernavaca, ha registrado un repunte en la violencia, con presencia de bandas dedicadas a la extorsi\u00f3n y el secuestro. En las \u00faltimas semanas se han reportado ataques armados contra funcionarios locales. Ante ello, se han reforzado las medidas de seguridad, con presencia permanente de la Guardia Nacional y operativos encabezados por la Secretar\u00eda de Seguridad y Protecci\u00f3n Ciudadana de Morelos, bajo el mando de Miguel \u00c1ngel Urrutia Lozano desde el 24 de julio.<\/p>\n","protected":false},"excerpt":{"rendered":"<p>Detienen a dos sospechosos. Cuautla.- Un ni\u00f1o de cinco a\u00f1os fue secuestrado en Cuautla, Morelos, presuntamente por integrantes de un grupo delictivo que buscaba obligar a su padre a unirse a sus filas. El menor fue rescatado y dos sospechosos fueron detenidos. El plagio ocurri\u00f3 el mi\u00e9rcoles, cuando el menor fue sacado de su vivienda y trasladado a un inmueble en Tenango, municipio de Jantetelco. Durante el cautiverio, la familia recibi\u00f3 amenazas para presionar al padre a colaborar con la organizaci\u00f3n criminal. De acuerdo con las autoridades, la cercan\u00eda entre Cuautla y Jantetelco \u2014separados por apenas 15 kil\u00f3metros\u2014 ha facilitado [&hellip;]<\/p>\n","protected":false},"author":2,"featured_media":175953,"comment_status":"closed","ping_status":"closed","sticky":false,"template":"","format":"standard","meta":{"_monsterinsights_skip_tracking":false,"_monsterinsights_sitenote_active":false,"_monsterinsights_sitenote_note":"","_monsterinsights_sitenote_category":0,"footnotes":""},"categories":[46],"tags":[],"class_list":["post-175952","post","type-post","status-publish","format-standard","has-post-thumbnail","hentry","category-nacional","post--single"],"yoast_head":"<!-- This site is optimized with the Yoast SEO plugin v27.5 - https:\/\/yoast.com\/product\/yoast-seo-wordpress\/ -->\n<title>Rescatan a ni\u00f1o de cinco a\u00f1os secuestrado en Morelos - Canal 7 SLP - 2025<\/title>\n<meta name=\"robots\" content=\"index, follow, max-snippet:-1, max-image-preview:large, max-video-preview:-1\" \/>\n<link rel=\"canonical\" href=\"https:\/\/canal7slp.tv\/2025\/rescatan-a-nino-de-cinco-anos-secuestrado-en-morelos\/\" \/>\n<meta property=\"og:locale\" content=\"es_ES\" \/>\n<meta property=\"og:type\" content=\"article\" \/>\n<meta property=\"og:title\" content=\"Rescatan a ni\u00f1o de cinco a\u00f1os secuestrado en Morelos - Canal 7 SLP - 2025\" \/>\n<meta property=\"og:description\" content=\"Detienen a dos sospechosos. Cuautla.- Un ni\u00f1o de cinco a\u00f1os fue secuestrado en Cuautla, Morelos, presuntamente por integrantes de un grupo delictivo que buscaba obligar a su padre a unirse a sus filas. El menor fue rescatado y dos sospechosos fueron detenidos. El plagio ocurri\u00f3 el mi\u00e9rcoles, cuando el menor fue sacado de su vivienda y trasladado a un inmueble en Tenango, municipio de Jantetelco. Durante el cautiverio, la familia recibi\u00f3 amenazas para presionar al padre a colaborar con la organizaci\u00f3n criminal. De acuerdo con las autoridades, la cercan\u00eda entre Cuautla y Jantetelco \u2014separados por apenas 15 kil\u00f3metros\u2014 ha facilitado [&hellip;]\" \/>\n<meta property=\"og:url\" content=\"https:\/\/canal7slp.tv\/2025\/rescatan-a-nino-de-cinco-anos-secuestrado-en-morelos\/\" \/>\n<meta property=\"og:site_name\" content=\"Canal 7 SLP - 2025\" \/>\n<meta property=\"article:publisher\" content=\"https:\/\/www.facebook.com\/noticieroscanal7atencionciudadana\/\" \/>\n<meta property=\"article:published_time\" content=\"2025-08-09T01:46:02+00:00\" \/>\n<meta property=\"og:image\" content=\"https:\/\/canal7slp.tv\/2025\/wp-content\/uploads\/2025\/08\/15-3.jpg\" \/>\n\t<meta property=\"og:image:width\" content=\"706\" \/>\n\t<meta property=\"og:image:height\" content=\"500\" \/>\n\t<meta property=\"og:image:type\" content=\"image\/jpeg\" \/>\n<meta name=\"author\" content=\"Edici\u00f3n Web\" \/>\n<meta name=\"twitter:card\" content=\"summary_large_image\" \/>\n<meta name=\"twitter:creator\" content=\"@NOTICIEROS7\" \/>\n<meta name=\"twitter:site\" content=\"@NOTICIEROS7\" \/>\n<meta name=\"twitter:label1\" content=\"Escrito por\" \/>\n\t<meta name=\"twitter:data1\" content=\"Edici\u00f3n Web\" \/>\n\t<meta name=\"twitter:label2\" content=\"Tiempo de lectura\" \/>\n\t<meta name=\"twitter:data2\" content=\"2 minutos\" \/>\n<script type=\"application\/ld+json\" class=\"yoast-schema-graph\">{\"@context\":\"https:\\\/\\\/schema.org\",\"@graph\":[{\"@type\":\"Article\",\"@id\":\"https:\\\/\\\/canal7slp.tv\\\/2025\\\/rescatan-a-nino-de-cinco-anos-secuestrado-en-morelos\\\/#article\",\"isPartOf\":{\"@id\":\"https:\\\/\\\/canal7slp.tv\\\/2025\\\/rescatan-a-nino-de-cinco-anos-secuestrado-en-morelos\\\/\"},\"author\":{\"name\":\"Edici\u00f3n Web\",\"@id\":\"https:\\\/\\\/canal7slp.tv\\\/2025\\\/#\\\/schema\\\/person\\\/271e2b60a96e7cc9d9ac296f4d7e414b\"},\"headline\":\"Rescatan a ni\u00f1o de cinco a\u00f1os secuestrado en Morelos\",\"datePublished\":\"2025-08-09T01:46:02+00:00\",\"mainEntityOfPage\":{\"@id\":\"https:\\\/\\\/canal7slp.tv\\\/2025\\\/rescatan-a-nino-de-cinco-anos-secuestrado-en-morelos\\\/\"},\"wordCount\":282,\"publisher\":{\"@id\":\"https:\\\/\\\/canal7slp.tv\\\/2025\\\/#organization\"},\"image\":{\"@id\":\"https:\\\/\\\/canal7slp.tv\\\/2025\\\/rescatan-a-nino-de-cinco-anos-secuestrado-en-morelos\\\/#primaryimage\"},\"thumbnailUrl\":\"https:\\\/\\\/canal7slp.tv\\\/2025\\\/wp-content\\\/uploads\\\/2025\\\/08\\\/15-3.jpg\",\"articleSection\":[\"NACIONALES\"],\"inLanguage\":\"es\"},{\"@type\":\"WebPage\",\"@id\":\"https:\\\/\\\/canal7slp.tv\\\/2025\\\/rescatan-a-nino-de-cinco-anos-secuestrado-en-morelos\\\/\",\"url\":\"https:\\\/\\\/canal7slp.tv\\\/2025\\\/rescatan-a-nino-de-cinco-anos-secuestrado-en-morelos\\\/\",\"name\":\"Rescatan a ni\u00f1o de cinco a\u00f1os secuestrado en Morelos - Canal 7 SLP - 2025\",\"isPartOf\":{\"@id\":\"https:\\\/\\\/canal7slp.tv\\\/2025\\\/#website\"},\"primaryImageOfPage\":{\"@id\":\"https:\\\/\\\/canal7slp.tv\\\/2025\\\/rescatan-a-nino-de-cinco-anos-secuestrado-en-morelos\\\/#primaryimage\"},\"image\":{\"@id\":\"https:\\\/\\\/canal7slp.tv\\\/2025\\\/rescatan-a-nino-de-cinco-anos-secuestrado-en-morelos\\\/#primaryimage\"},\"thumbnailUrl\":\"https:\\\/\\\/canal7slp.tv\\\/2025\\\/wp-content\\\/uploads\\\/2025\\\/08\\\/15-3.jpg\",\"datePublished\":\"2025-08-09T01:46:02+00:00\",\"breadcrumb\":{\"@id\":\"https:\\\/\\\/canal7slp.tv\\\/2025\\\/rescatan-a-nino-de-cinco-anos-secuestrado-en-morelos\\\/#breadcrumb\"},\"inLanguage\":\"es\",\"potentialAction\":[{\"@type\":\"ReadAction\",\"target\":[\"https:\\\/\\\/canal7slp.tv\\\/2025\\\/rescatan-a-nino-de-cinco-anos-secuestrado-en-morelos\\\/\"]}]},{\"@type\":\"ImageObject\",\"inLanguage\":\"es\",\"@id\":\"https:\\\/\\\/canal7slp.tv\\\/2025\\\/rescatan-a-nino-de-cinco-anos-secuestrado-en-morelos\\\/#primaryimage\",\"url\":\"https:\\\/\\\/canal7slp.tv\\\/2025\\\/wp-content\\\/uploads\\\/2025\\\/08\\\/15-3.jpg\",\"contentUrl\":\"https:\\\/\\\/canal7slp.tv\\\/2025\\\/wp-content\\\/uploads\\\/2025\\\/08\\\/15-3.jpg\",\"width\":706,\"height\":500},{\"@type\":\"BreadcrumbList\",\"@id\":\"https:\\\/\\\/canal7slp.tv\\\/2025\\\/rescatan-a-nino-de-cinco-anos-secuestrado-en-morelos\\\/#breadcrumb\",\"itemListElement\":[{\"@type\":\"ListItem\",\"position\":1,\"name\":\"Portada\",\"item\":\"https:\\\/\\\/canal7slp.tv\\\/2025\\\/\"},{\"@type\":\"ListItem\",\"position\":2,\"name\":\"Rescatan a ni\u00f1o de cinco a\u00f1os secuestrado en Morelos\"}]},{\"@type\":\"WebSite\",\"@id\":\"https:\\\/\\\/canal7slp.tv\\\/2025\\\/#website\",\"url\":\"https:\\\/\\\/canal7slp.tv\\\/2025\\\/\",\"name\":\"N7 - Noticieros Canal 7\",\"description\":\"Somos el Medio\",\"publisher\":{\"@id\":\"https:\\\/\\\/canal7slp.tv\\\/2025\\\/#organization\"},\"potentialAction\":[{\"@type\":\"SearchAction\",\"target\":{\"@type\":\"EntryPoint\",\"urlTemplate\":\"https:\\\/\\\/canal7slp.tv\\\/2025\\\/?s={search_term_string}\"},\"query-input\":{\"@type\":\"PropertyValueSpecification\",\"valueRequired\":true,\"valueName\":\"search_term_string\"}}],\"inLanguage\":\"es\"},{\"@type\":\"Organization\",\"@id\":\"https:\\\/\\\/canal7slp.tv\\\/2025\\\/#organization\",\"name\":\"Noticieros Canal 7\",\"url\":\"https:\\\/\\\/canal7slp.tv\\\/2025\\\/\",\"logo\":{\"@type\":\"ImageObject\",\"inLanguage\":\"es\",\"@id\":\"https:\\\/\\\/canal7slp.tv\\\/2025\\\/#\\\/schema\\\/logo\\\/image\\\/\",\"url\":\"https:\\\/\\\/canal7slp.tv\\\/2025\\\/wp-content\\\/uploads\\\/2021\\\/01\\\/logo-noticieros@2x.png\",\"contentUrl\":\"https:\\\/\\\/canal7slp.tv\\\/2025\\\/wp-content\\\/uploads\\\/2021\\\/01\\\/logo-noticieros@2x.png\",\"width\":1017,\"height\":268,\"caption\":\"Noticieros Canal 7\"},\"image\":{\"@id\":\"https:\\\/\\\/canal7slp.tv\\\/2025\\\/#\\\/schema\\\/logo\\\/image\\\/\"},\"sameAs\":[\"https:\\\/\\\/www.facebook.com\\\/noticieroscanal7atencionciudadana\\\/\",\"https:\\\/\\\/x.com\\\/NOTICIEROS7\",\"https:\\\/\\\/www.instagram.com\\\/canal7_slp\",\"https:\\\/\\\/www.youtube.com\\\/channel\\\/UCliiYs-gP3JfJeqdPrNdd5A\"]},{\"@type\":\"Person\",\"@id\":\"https:\\\/\\\/canal7slp.tv\\\/2025\\\/#\\\/schema\\\/person\\\/271e2b60a96e7cc9d9ac296f4d7e414b\",\"name\":\"Edici\u00f3n Web\",\"image\":{\"@type\":\"ImageObject\",\"inLanguage\":\"es\",\"@id\":\"https:\\\/\\\/secure.gravatar.com\\\/avatar\\\/eee448fc3f7164808013b816ba91ac7e43bbe82a70bebac296f8bc6f0addaa1a?s=96&d=mm&r=g\",\"url\":\"https:\\\/\\\/secure.gravatar.com\\\/avatar\\\/eee448fc3f7164808013b816ba91ac7e43bbe82a70bebac296f8bc6f0addaa1a?s=96&d=mm&r=g\",\"contentUrl\":\"https:\\\/\\\/secure.gravatar.com\\\/avatar\\\/eee448fc3f7164808013b816ba91ac7e43bbe82a70bebac296f8bc6f0addaa1a?s=96&d=mm&r=g\",\"caption\":\"Edici\u00f3n Web\"},\"url\":\"https:\\\/\\\/canal7slp.tv\\\/2025\\\/author\\\/edicionweb\\\/\"}]}<\/script>\n<!-- \/ Yoast SEO plugin. -->","yoast_head_json":{"title":"Rescatan a ni\u00f1o de cinco a\u00f1os secuestrado en Morelos - Canal 7 SLP - 2025","robots":{"index":"index","follow":"follow","max-snippet":"max-snippet:-1","max-image-preview":"max-image-preview:large","max-video-preview":"max-video-preview:-1"},"canonical":"https:\/\/canal7slp.tv\/2025\/rescatan-a-nino-de-cinco-anos-secuestrado-en-morelos\/","og_locale":"es_ES","og_type":"article","og_title":"Rescatan a ni\u00f1o de cinco a\u00f1os secuestrado en Morelos - Canal 7 SLP - 2025","og_description":"Detienen a dos sospechosos. Cuautla.- Un ni\u00f1o de cinco a\u00f1os fue secuestrado en Cuautla, Morelos, presuntamente por integrantes de un grupo delictivo que buscaba obligar a su padre a unirse a sus filas. El menor fue rescatado y dos sospechosos fueron detenidos. El plagio ocurri\u00f3 el mi\u00e9rcoles, cuando el menor fue sacado de su vivienda y trasladado a un inmueble en Tenango, municipio de Jantetelco. Durante el cautiverio, la familia recibi\u00f3 amenazas para presionar al padre a colaborar con la organizaci\u00f3n criminal. De acuerdo con las autoridades, la cercan\u00eda entre Cuautla y Jantetelco \u2014separados por apenas 15 kil\u00f3metros\u2014 ha facilitado [&hellip;]","og_url":"https:\/\/canal7slp.tv\/2025\/rescatan-a-nino-de-cinco-anos-secuestrado-en-morelos\/","og_site_name":"Canal 7 SLP - 2025","article_publisher":"https:\/\/www.facebook.com\/noticieroscanal7atencionciudadana\/","article_published_time":"2025-08-09T01:46:02+00:00","og_image":[{"width":706,"height":500,"url":"https:\/\/canal7slp.tv\/2025\/wp-content\/uploads\/2025\/08\/15-3.jpg","type":"image\/jpeg"}],"author":"Edici\u00f3n Web","twitter_card":"summary_large_image","twitter_creator":"@NOTICIEROS7","twitter_site":"@NOTICIEROS7","twitter_misc":{"Escrito por":"Edici\u00f3n Web","Tiempo de lectura":"2 minutos"},"schema":{"@context":"https:\/\/schema.org","@graph":[{"@type":"Article","@id":"https:\/\/canal7slp.tv\/2025\/rescatan-a-nino-de-cinco-anos-secuestrado-en-morelos\/#article","isPartOf":{"@id":"https:\/\/canal7slp.tv\/2025\/rescatan-a-nino-de-cinco-anos-secuestrado-en-morelos\/"},"author":{"name":"Edici\u00f3n Web","@id":"https:\/\/canal7slp.tv\/2025\/#\/schema\/person\/271e2b60a96e7cc9d9ac296f4d7e414b"},"headline":"Rescatan a ni\u00f1o de cinco a\u00f1os secuestrado en Morelos","datePublished":"2025-08-09T01:46:02+00:00","mainEntityOfPage":{"@id":"https:\/\/canal7slp.tv\/2025\/rescatan-a-nino-de-cinco-anos-secuestrado-en-morelos\/"},"wordCount":282,"publisher":{"@id":"https:\/\/canal7slp.tv\/2025\/#organization"},"image":{"@id":"https:\/\/canal7slp.tv\/2025\/rescatan-a-nino-de-cinco-anos-secuestrado-en-morelos\/#primaryimage"},"thumbnailUrl":"https:\/\/canal7slp.tv\/2025\/wp-content\/uploads\/2025\/08\/15-3.jpg","articleSection":["NACIONALES"],"inLanguage":"es"},{"@type":"WebPage","@id":"https:\/\/canal7slp.tv\/2025\/rescatan-a-nino-de-cinco-anos-secuestrado-en-morelos\/","url":"https:\/\/canal7slp.tv\/2025\/rescatan-a-nino-de-cinco-anos-secuestrado-en-morelos\/","name":"Rescatan a ni\u00f1o de cinco a\u00f1os secuestrado en Morelos - Canal 7 SLP - 2025","isPartOf":{"@id":"https:\/\/canal7slp.tv\/2025\/#website"},"primaryImageOfPage":{"@id":"https:\/\/canal7slp.tv\/2025\/rescatan-a-nino-de-cinco-anos-secuestrado-en-morelos\/#primaryimage"},"image":{"@id":"https:\/\/canal7slp.tv\/2025\/rescatan-a-nino-de-cinco-anos-secuestrado-en-morelos\/#primaryimage"},"thumbnailUrl":"https:\/\/canal7slp.tv\/2025\/wp-content\/uploads\/2025\/08\/15-3.jpg","datePublished":"2025-08-09T01:46:02+00:00","breadcrumb":{"@id":"https:\/\/canal7slp.tv\/2025\/rescatan-a-nino-de-cinco-anos-secuestrado-en-morelos\/#breadcrumb"},"inLanguage":"es","potentialAction":[{"@type":"ReadAction","target":["https:\/\/canal7slp.tv\/2025\/rescatan-a-nino-de-cinco-anos-secuestrado-en-morelos\/"]}]},{"@type":"ImageObject","inLanguage":"es","@id":"https:\/\/canal7slp.tv\/2025\/rescatan-a-nino-de-cinco-anos-secuestrado-en-morelos\/#primaryimage","url":"https:\/\/canal7slp.tv\/2025\/wp-content\/uploads\/2025\/08\/15-3.jpg","contentUrl":"https:\/\/canal7slp.tv\/2025\/wp-content\/uploads\/2025\/08\/15-3.jpg","width":706,"height":500},{"@type":"BreadcrumbList","@id":"https:\/\/canal7slp.tv\/2025\/rescatan-a-nino-de-cinco-anos-secuestrado-en-morelos\/#breadcrumb","itemListElement":[{"@type":"ListItem","position":1,"name":"Portada","item":"https:\/\/canal7slp.tv\/2025\/"},{"@type":"ListItem","position":2,"name":"Rescatan a ni\u00f1o de cinco a\u00f1os secuestrado en Morelos"}]},{"@type":"WebSite","@id":"https:\/\/canal7slp.tv\/2025\/#website","url":"https:\/\/canal7slp.tv\/2025\/","name":"N7 - Noticieros Canal 7","description":"Somos el Medio","publisher":{"@id":"https:\/\/canal7slp.tv\/2025\/#organization"},"potentialAction":[{"@type":"SearchAction","target":{"@type":"EntryPoint","urlTemplate":"https:\/\/canal7slp.tv\/2025\/?s={search_term_string}"},"query-input":{"@type":"PropertyValueSpecification","valueRequired":true,"valueName":"search_term_string"}}],"inLanguage":"es"},{"@type":"Organization","@id":"https:\/\/canal7slp.tv\/2025\/#organization","name":"Noticieros Canal 7","url":"https:\/\/canal7slp.tv\/2025\/","logo":{"@type":"ImageObject","inLanguage":"es","@id":"https:\/\/canal7slp.tv\/2025\/#\/schema\/logo\/image\/","url":"https:\/\/canal7slp.tv\/2025\/wp-content\/uploads\/2021\/01\/logo-noticieros@2x.png","contentUrl":"https:\/\/canal7slp.tv\/2025\/wp-content\/uploads\/2021\/01\/logo-noticieros@2x.png","width":1017,"height":268,"caption":"Noticieros Canal 7"},"image":{"@id":"https:\/\/canal7slp.tv\/2025\/#\/schema\/logo\/image\/"},"sameAs":["https:\/\/www.facebook.com\/noticieroscanal7atencionciudadana\/","https:\/\/x.com\/NOTICIEROS7","https:\/\/www.instagram.com\/canal7_slp","https:\/\/www.youtube.com\/channel\/UCliiYs-gP3JfJeqdPrNdd5A"]},{"@type":"Person","@id":"https:\/\/canal7slp.tv\/2025\/#\/schema\/person\/271e2b60a96e7cc9d9ac296f4d7e414b","name":"Edici\u00f3n Web","image":{"@type":"ImageObject","inLanguage":"es","@id":"https:\/\/secure.gravatar.com\/avatar\/eee448fc3f7164808013b816ba91ac7e43bbe82a70bebac296f8bc6f0addaa1a?s=96&d=mm&r=g","url":"https:\/\/secure.gravatar.com\/avatar\/eee448fc3f7164808013b816ba91ac7e43bbe82a70bebac296f8bc6f0addaa1a?s=96&d=mm&r=g","contentUrl":"https:\/\/secure.gravatar.com\/avatar\/eee448fc3f7164808013b816ba91ac7e43bbe82a70bebac296f8bc6f0addaa1a?s=96&d=mm&r=g","caption":"Edici\u00f3n Web"},"url":"https:\/\/canal7slp.tv\/2025\/author\/edicionweb\/"}]}},"_links":{"self":[{"href":"https:\/\/canal7slp.tv\/2025\/wp-json\/wp\/v2\/posts\/175952","targetHints":{"allow":["GET"]}}],"collection":[{"href":"https:\/\/canal7slp.tv\/2025\/wp-json\/wp\/v2\/posts"}],"about":[{"href":"https:\/\/canal7slp.tv\/2025\/wp-json\/wp\/v2\/types\/post"}],"author":[{"embeddable":true,"href":"https:\/\/canal7slp.tv\/2025\/wp-json\/wp\/v2\/users\/2"}],"replies":[{"embeddable":true,"href":"https:\/\/canal7slp.tv\/2025\/wp-json\/wp\/v2\/comments?post=175952"}],"version-history":[{"count":1,"href":"https:\/\/canal7slp.tv\/2025\/wp-json\/wp\/v2\/posts\/175952\/revisions"}],"predecessor-version":[{"id":175954,"href":"https:\/\/canal7slp.tv\/2025\/wp-json\/wp\/v2\/posts\/175952\/revisions\/175954"}],"wp:featuredmedia":[{"embeddable":true,"href":"https:\/\/canal7slp.tv\/2025\/wp-json\/wp\/v2\/media\/175953"}],"wp:attachment":[{"href":"https:\/\/canal7slp.tv\/2025\/wp-json\/wp\/v2\/media?parent=175952"}],"wp:term":[{"taxonomy":"category","embeddable":true,"href":"https:\/\/canal7slp.tv\/2025\/wp-json\/wp\/v2\/categories?post=175952"},{"taxonomy":"post_tag","embeddable":true,"href":"https:\/\/canal7slp.tv\/2025\/wp-json\/wp\/v2\/tags?post=175952"}],"curies":[{"name":"wp","href":"https:\/\/api.w.org\/{rel}","templated":true}]}}