{"id":175799,"date":"2025-08-07T17:49:26","date_gmt":"2025-08-07T23:49:26","guid":{"rendered":"https:\/\/canal7slp.tv\/2025\/?p=175799"},"modified":"2025-08-07T17:49:26","modified_gmt":"2025-08-07T23:49:26","slug":"arrancaron-las-rutas-magicas-del-color-en-el-barrio-de-tlaxcala","status":"publish","type":"post","link":"https:\/\/canal7slp.tv\/2025\/arrancaron-las-rutas-magicas-del-color-en-el-barrio-de-tlaxcala\/","title":{"rendered":"Arrancaron las Rutas M\u00e1gicas del Color en el barrio de Tlaxcala"},"content":{"rendered":"<p style=\"text-align: justify;\">SLP.- En el barrio de Tlaxcala de la ciudad de San Luis Potos\u00ed, arranc\u00f3 el programa Rutas M\u00e1gicas del Color a cargo de la Secretar\u00eda de Turismo en coordinaci\u00f3n con la asociaci\u00f3n de vecinos de este el primer Barrio M\u00e1gico de la entidad.<\/p>\n<p style=\"text-align: justify;\">La titular de la Secretar\u00eda de Turismo de San Luis Potos\u00ed, Yolanda Josefina Cepeda Echavarr\u00eda, habl\u00f3 sobre referido proyecto.<\/p>\n<p style=\"text-align: justify;\">\u201cHoy con una serie de requisitos que tuvimos que cumplir, 50 fachadas en esta primera etapa en el barrio de Tlaxcala ser\u00e1n pintadas durante dos semanas con una inversi\u00f3n de 300 mil pesos en una primera etapa de cuatro mil metros cuadrados\u201d.<\/p>\n<p style=\"text-align: justify;\">El trabajo se realizar\u00e1 de manera coordinada.<\/p>\n<p style=\"text-align: justify;\">\u201cHoy de verdad me da mucho gusto ver cristalizado esto con Coraz\u00f3n Urbano una asociaci\u00f3n civil que no est\u00e1 apoyando mucho a trav\u00e9s de la Secretar\u00eda de Turismo, hoy solamente el mensaje para la gente del barrio de Tlaxcala que ente todas y todos cuidemos que este se est\u00e1 realizando\u201d.<\/p>\n<p style=\"text-align: justify;\">Jorge Alejandro Pe\u00f1a, representante del barrio de Tlaxcala, insisti\u00f3 en la trascendencia del programa.<\/p>\n<p style=\"text-align: justify;\">\u201cEl programa consiste en la pinta de 140 fachadas (\u2026) mejorar las fachas de los vecinos que como lo indican as\u00ed como los pueblos m\u00e1gicos y ahora como Tlaxcala el primer barrio pues se va a pintar tipo como loa Pueblos M\u00e1gicos\u201d.<\/p>\n<p style=\"text-align: justify;\">Apoyar la econom\u00eda de los vecinos, es fundamental.<\/p>\n<p style=\"text-align: justify;\">\u201cHa generado inversi\u00f3n, riqueza y pues ha tra\u00eddo mucha gente que regres\u00f3 al barrio de Tlaxcala (\u2026) nos han visitado de Estados Unidos, algunos europeos y de aqu\u00ed de la misma rep\u00fablica mexicana (\u2026) uno de lo primordial es el coraz\u00f3n que viene siendo la iglesia que maneja mucha historia\u201d.<\/p>\n<p style=\"text-align: justify;\">Se pretende que una vez concluida la primera etapa se entre en planes para continuar con la mejora de fachadas en el primer Barrio M\u00e1gico de la capital.<\/p>\n<p>Por: Juan Carlos Contreras<\/p>\n","protected":false},"excerpt":{"rendered":"<p>SLP.- En el barrio de Tlaxcala de la ciudad de San Luis Potos\u00ed, arranc\u00f3 el programa Rutas M\u00e1gicas del Color a cargo de la Secretar\u00eda de Turismo en coordinaci\u00f3n con la asociaci\u00f3n de vecinos de este el primer Barrio M\u00e1gico de la entidad. La titular de la Secretar\u00eda de Turismo de San Luis Potos\u00ed, Yolanda Josefina Cepeda Echavarr\u00eda, habl\u00f3 sobre referido proyecto. \u201cHoy con una serie de requisitos que tuvimos que cumplir, 50 fachadas en esta primera etapa en el barrio de Tlaxcala ser\u00e1n pintadas durante dos semanas con una inversi\u00f3n de 300 mil pesos en una primera etapa de [&hellip;]<\/p>\n","protected":false},"author":2,"featured_media":175801,"comment_status":"closed","ping_status":"closed","sticky":false,"template":"","format":"video","meta":{"_monsterinsights_skip_tracking":false,"_monsterinsights_sitenote_active":false,"_monsterinsights_sitenote_note":"","_monsterinsights_sitenote_category":0,"footnotes":""},"categories":[5,510,45],"tags":[],"class_list":["post-175799","post","type-post","status-publish","format-video","has-post-thumbnail","hentry","category-destacadas","category-gobedoslp","category-localesyregionales","post_format-post-format-video","post--single"],"yoast_head":"<!-- This site is optimized with the Yoast SEO plugin v27.5 - https:\/\/yoast.com\/product\/yoast-seo-wordpress\/ -->\n<title>Arrancaron las Rutas M\u00e1gicas del Color en el barrio de Tlaxcala - Canal 7 SLP - 2025<\/title>\n<meta name=\"robots\" content=\"index, follow, max-snippet:-1, max-image-preview:large, max-video-preview:-1\" \/>\n<link rel=\"canonical\" href=\"https:\/\/canal7slp.tv\/2025\/arrancaron-las-rutas-magicas-del-color-en-el-barrio-de-tlaxcala\/\" \/>\n<meta property=\"og:locale\" content=\"es_ES\" \/>\n<meta property=\"og:type\" content=\"article\" \/>\n<meta property=\"og:title\" content=\"Arrancaron las Rutas M\u00e1gicas del Color en el barrio de Tlaxcala - Canal 7 SLP - 2025\" \/>\n<meta property=\"og:description\" content=\"SLP.- En el barrio de Tlaxcala de la ciudad de San Luis Potos\u00ed, arranc\u00f3 el programa Rutas M\u00e1gicas del Color a cargo de la Secretar\u00eda de Turismo en coordinaci\u00f3n con la asociaci\u00f3n de vecinos de este el primer Barrio M\u00e1gico de la entidad. La titular de la Secretar\u00eda de Turismo de San Luis Potos\u00ed, Yolanda Josefina Cepeda Echavarr\u00eda, habl\u00f3 sobre referido proyecto. \u201cHoy con una serie de requisitos que tuvimos que cumplir, 50 fachadas en esta primera etapa en el barrio de Tlaxcala ser\u00e1n pintadas durante dos semanas con una inversi\u00f3n de 300 mil pesos en una primera etapa de [&hellip;]\" \/>\n<meta property=\"og:url\" content=\"https:\/\/canal7slp.tv\/2025\/arrancaron-las-rutas-magicas-del-color-en-el-barrio-de-tlaxcala\/\" \/>\n<meta property=\"og:site_name\" content=\"Canal 7 SLP - 2025\" \/>\n<meta property=\"article:publisher\" content=\"https:\/\/www.facebook.com\/noticieroscanal7atencionciudadana\/\" \/>\n<meta property=\"article:published_time\" content=\"2025-08-07T23:49:26+00:00\" \/>\n<meta property=\"og:image\" content=\"https:\/\/canal7slp.tv\/2025\/wp-content\/uploads\/2025\/08\/Poky05RutaMagica.jpg\" \/>\n\t<meta property=\"og:image:width\" content=\"1920\" \/>\n\t<meta property=\"og:image:height\" content=\"1080\" \/>\n\t<meta property=\"og:image:type\" content=\"image\/jpeg\" \/>\n<meta name=\"author\" content=\"Edici\u00f3n Web\" \/>\n<meta name=\"twitter:card\" content=\"summary_large_image\" \/>\n<meta name=\"twitter:creator\" content=\"@NOTICIEROS7\" \/>\n<meta name=\"twitter:site\" content=\"@NOTICIEROS7\" \/>\n<meta name=\"twitter:label1\" content=\"Escrito por\" \/>\n\t<meta name=\"twitter:data1\" content=\"Edici\u00f3n Web\" \/>\n\t<meta name=\"twitter:label2\" content=\"Tiempo de lectura\" \/>\n\t<meta name=\"twitter:data2\" content=\"2 minutos\" \/>\n<script type=\"application\/ld+json\" class=\"yoast-schema-graph\">{\"@context\":\"https:\\\/\\\/schema.org\",\"@graph\":[{\"@type\":\"Article\",\"@id\":\"https:\\\/\\\/canal7slp.tv\\\/2025\\\/arrancaron-las-rutas-magicas-del-color-en-el-barrio-de-tlaxcala\\\/#article\",\"isPartOf\":{\"@id\":\"https:\\\/\\\/canal7slp.tv\\\/2025\\\/arrancaron-las-rutas-magicas-del-color-en-el-barrio-de-tlaxcala\\\/\"},\"author\":{\"name\":\"Edici\u00f3n Web\",\"@id\":\"https:\\\/\\\/canal7slp.tv\\\/2025\\\/#\\\/schema\\\/person\\\/271e2b60a96e7cc9d9ac296f4d7e414b\"},\"headline\":\"Arrancaron las Rutas M\u00e1gicas del Color en el barrio de Tlaxcala\",\"datePublished\":\"2025-08-07T23:49:26+00:00\",\"mainEntityOfPage\":{\"@id\":\"https:\\\/\\\/canal7slp.tv\\\/2025\\\/arrancaron-las-rutas-magicas-del-color-en-el-barrio-de-tlaxcala\\\/\"},\"wordCount\":336,\"publisher\":{\"@id\":\"https:\\\/\\\/canal7slp.tv\\\/2025\\\/#organization\"},\"image\":{\"@id\":\"https:\\\/\\\/canal7slp.tv\\\/2025\\\/arrancaron-las-rutas-magicas-del-color-en-el-barrio-de-tlaxcala\\\/#primaryimage\"},\"thumbnailUrl\":\"https:\\\/\\\/canal7slp.tv\\\/2025\\\/wp-content\\\/uploads\\\/2025\\\/08\\\/Poky05RutaMagica.jpg\",\"articleSection\":[\"DESTACADAS\",\"GOBEDOSLP\",\"LOCALES Y REGIONALES\"],\"inLanguage\":\"es\"},{\"@type\":\"WebPage\",\"@id\":\"https:\\\/\\\/canal7slp.tv\\\/2025\\\/arrancaron-las-rutas-magicas-del-color-en-el-barrio-de-tlaxcala\\\/\",\"url\":\"https:\\\/\\\/canal7slp.tv\\\/2025\\\/arrancaron-las-rutas-magicas-del-color-en-el-barrio-de-tlaxcala\\\/\",\"name\":\"Arrancaron las Rutas M\u00e1gicas del Color en el barrio de Tlaxcala - Canal 7 SLP - 2025\",\"isPartOf\":{\"@id\":\"https:\\\/\\\/canal7slp.tv\\\/2025\\\/#website\"},\"primaryImageOfPage\":{\"@id\":\"https:\\\/\\\/canal7slp.tv\\\/2025\\\/arrancaron-las-rutas-magicas-del-color-en-el-barrio-de-tlaxcala\\\/#primaryimage\"},\"image\":{\"@id\":\"https:\\\/\\\/canal7slp.tv\\\/2025\\\/arrancaron-las-rutas-magicas-del-color-en-el-barrio-de-tlaxcala\\\/#primaryimage\"},\"thumbnailUrl\":\"https:\\\/\\\/canal7slp.tv\\\/2025\\\/wp-content\\\/uploads\\\/2025\\\/08\\\/Poky05RutaMagica.jpg\",\"datePublished\":\"2025-08-07T23:49:26+00:00\",\"breadcrumb\":{\"@id\":\"https:\\\/\\\/canal7slp.tv\\\/2025\\\/arrancaron-las-rutas-magicas-del-color-en-el-barrio-de-tlaxcala\\\/#breadcrumb\"},\"inLanguage\":\"es\",\"potentialAction\":[{\"@type\":\"ReadAction\",\"target\":[\"https:\\\/\\\/canal7slp.tv\\\/2025\\\/arrancaron-las-rutas-magicas-del-color-en-el-barrio-de-tlaxcala\\\/\"]}]},{\"@type\":\"ImageObject\",\"inLanguage\":\"es\",\"@id\":\"https:\\\/\\\/canal7slp.tv\\\/2025\\\/arrancaron-las-rutas-magicas-del-color-en-el-barrio-de-tlaxcala\\\/#primaryimage\",\"url\":\"https:\\\/\\\/canal7slp.tv\\\/2025\\\/wp-content\\\/uploads\\\/2025\\\/08\\\/Poky05RutaMagica.jpg\",\"contentUrl\":\"https:\\\/\\\/canal7slp.tv\\\/2025\\\/wp-content\\\/uploads\\\/2025\\\/08\\\/Poky05RutaMagica.jpg\",\"width\":1920,\"height\":1080},{\"@type\":\"BreadcrumbList\",\"@id\":\"https:\\\/\\\/canal7slp.tv\\\/2025\\\/arrancaron-las-rutas-magicas-del-color-en-el-barrio-de-tlaxcala\\\/#breadcrumb\",\"itemListElement\":[{\"@type\":\"ListItem\",\"position\":1,\"name\":\"Portada\",\"item\":\"https:\\\/\\\/canal7slp.tv\\\/2025\\\/\"},{\"@type\":\"ListItem\",\"position\":2,\"name\":\"Arrancaron las Rutas M\u00e1gicas del Color en el barrio de Tlaxcala\"}]},{\"@type\":\"WebSite\",\"@id\":\"https:\\\/\\\/canal7slp.tv\\\/2025\\\/#website\",\"url\":\"https:\\\/\\\/canal7slp.tv\\\/2025\\\/\",\"name\":\"N7 - Noticieros Canal 7\",\"description\":\"Somos el Medio\",\"publisher\":{\"@id\":\"https:\\\/\\\/canal7slp.tv\\\/2025\\\/#organization\"},\"potentialAction\":[{\"@type\":\"SearchAction\",\"target\":{\"@type\":\"EntryPoint\",\"urlTemplate\":\"https:\\\/\\\/canal7slp.tv\\\/2025\\\/?s={search_term_string}\"},\"query-input\":{\"@type\":\"PropertyValueSpecification\",\"valueRequired\":true,\"valueName\":\"search_term_string\"}}],\"inLanguage\":\"es\"},{\"@type\":\"Organization\",\"@id\":\"https:\\\/\\\/canal7slp.tv\\\/2025\\\/#organization\",\"name\":\"Noticieros Canal 7\",\"url\":\"https:\\\/\\\/canal7slp.tv\\\/2025\\\/\",\"logo\":{\"@type\":\"ImageObject\",\"inLanguage\":\"es\",\"@id\":\"https:\\\/\\\/canal7slp.tv\\\/2025\\\/#\\\/schema\\\/logo\\\/image\\\/\",\"url\":\"https:\\\/\\\/canal7slp.tv\\\/2025\\\/wp-content\\\/uploads\\\/2021\\\/01\\\/logo-noticieros@2x.png\",\"contentUrl\":\"https:\\\/\\\/canal7slp.tv\\\/2025\\\/wp-content\\\/uploads\\\/2021\\\/01\\\/logo-noticieros@2x.png\",\"width\":1017,\"height\":268,\"caption\":\"Noticieros Canal 7\"},\"image\":{\"@id\":\"https:\\\/\\\/canal7slp.tv\\\/2025\\\/#\\\/schema\\\/logo\\\/image\\\/\"},\"sameAs\":[\"https:\\\/\\\/www.facebook.com\\\/noticieroscanal7atencionciudadana\\\/\",\"https:\\\/\\\/x.com\\\/NOTICIEROS7\",\"https:\\\/\\\/www.instagram.com\\\/canal7_slp\",\"https:\\\/\\\/www.youtube.com\\\/channel\\\/UCliiYs-gP3JfJeqdPrNdd5A\"]},{\"@type\":\"Person\",\"@id\":\"https:\\\/\\\/canal7slp.tv\\\/2025\\\/#\\\/schema\\\/person\\\/271e2b60a96e7cc9d9ac296f4d7e414b\",\"name\":\"Edici\u00f3n Web\",\"image\":{\"@type\":\"ImageObject\",\"inLanguage\":\"es\",\"@id\":\"https:\\\/\\\/secure.gravatar.com\\\/avatar\\\/eee448fc3f7164808013b816ba91ac7e43bbe82a70bebac296f8bc6f0addaa1a?s=96&d=mm&r=g\",\"url\":\"https:\\\/\\\/secure.gravatar.com\\\/avatar\\\/eee448fc3f7164808013b816ba91ac7e43bbe82a70bebac296f8bc6f0addaa1a?s=96&d=mm&r=g\",\"contentUrl\":\"https:\\\/\\\/secure.gravatar.com\\\/avatar\\\/eee448fc3f7164808013b816ba91ac7e43bbe82a70bebac296f8bc6f0addaa1a?s=96&d=mm&r=g\",\"caption\":\"Edici\u00f3n Web\"},\"url\":\"https:\\\/\\\/canal7slp.tv\\\/2025\\\/author\\\/edicionweb\\\/\"}]}<\/script>\n<!-- \/ Yoast SEO plugin. -->","yoast_head_json":{"title":"Arrancaron las Rutas M\u00e1gicas del Color en el barrio de Tlaxcala - Canal 7 SLP - 2025","robots":{"index":"index","follow":"follow","max-snippet":"max-snippet:-1","max-image-preview":"max-image-preview:large","max-video-preview":"max-video-preview:-1"},"canonical":"https:\/\/canal7slp.tv\/2025\/arrancaron-las-rutas-magicas-del-color-en-el-barrio-de-tlaxcala\/","og_locale":"es_ES","og_type":"article","og_title":"Arrancaron las Rutas M\u00e1gicas del Color en el barrio de Tlaxcala - Canal 7 SLP - 2025","og_description":"SLP.- En el barrio de Tlaxcala de la ciudad de San Luis Potos\u00ed, arranc\u00f3 el programa Rutas M\u00e1gicas del Color a cargo de la Secretar\u00eda de Turismo en coordinaci\u00f3n con la asociaci\u00f3n de vecinos de este el primer Barrio M\u00e1gico de la entidad. La titular de la Secretar\u00eda de Turismo de San Luis Potos\u00ed, Yolanda Josefina Cepeda Echavarr\u00eda, habl\u00f3 sobre referido proyecto. \u201cHoy con una serie de requisitos que tuvimos que cumplir, 50 fachadas en esta primera etapa en el barrio de Tlaxcala ser\u00e1n pintadas durante dos semanas con una inversi\u00f3n de 300 mil pesos en una primera etapa de [&hellip;]","og_url":"https:\/\/canal7slp.tv\/2025\/arrancaron-las-rutas-magicas-del-color-en-el-barrio-de-tlaxcala\/","og_site_name":"Canal 7 SLP - 2025","article_publisher":"https:\/\/www.facebook.com\/noticieroscanal7atencionciudadana\/","article_published_time":"2025-08-07T23:49:26+00:00","og_image":[{"width":1920,"height":1080,"url":"https:\/\/canal7slp.tv\/2025\/wp-content\/uploads\/2025\/08\/Poky05RutaMagica.jpg","type":"image\/jpeg"}],"author":"Edici\u00f3n Web","twitter_card":"summary_large_image","twitter_creator":"@NOTICIEROS7","twitter_site":"@NOTICIEROS7","twitter_misc":{"Escrito por":"Edici\u00f3n Web","Tiempo de lectura":"2 minutos"},"schema":{"@context":"https:\/\/schema.org","@graph":[{"@type":"Article","@id":"https:\/\/canal7slp.tv\/2025\/arrancaron-las-rutas-magicas-del-color-en-el-barrio-de-tlaxcala\/#article","isPartOf":{"@id":"https:\/\/canal7slp.tv\/2025\/arrancaron-las-rutas-magicas-del-color-en-el-barrio-de-tlaxcala\/"},"author":{"name":"Edici\u00f3n Web","@id":"https:\/\/canal7slp.tv\/2025\/#\/schema\/person\/271e2b60a96e7cc9d9ac296f4d7e414b"},"headline":"Arrancaron las Rutas M\u00e1gicas del Color en el barrio de Tlaxcala","datePublished":"2025-08-07T23:49:26+00:00","mainEntityOfPage":{"@id":"https:\/\/canal7slp.tv\/2025\/arrancaron-las-rutas-magicas-del-color-en-el-barrio-de-tlaxcala\/"},"wordCount":336,"publisher":{"@id":"https:\/\/canal7slp.tv\/2025\/#organization"},"image":{"@id":"https:\/\/canal7slp.tv\/2025\/arrancaron-las-rutas-magicas-del-color-en-el-barrio-de-tlaxcala\/#primaryimage"},"thumbnailUrl":"https:\/\/canal7slp.tv\/2025\/wp-content\/uploads\/2025\/08\/Poky05RutaMagica.jpg","articleSection":["DESTACADAS","GOBEDOSLP","LOCALES Y REGIONALES"],"inLanguage":"es"},{"@type":"WebPage","@id":"https:\/\/canal7slp.tv\/2025\/arrancaron-las-rutas-magicas-del-color-en-el-barrio-de-tlaxcala\/","url":"https:\/\/canal7slp.tv\/2025\/arrancaron-las-rutas-magicas-del-color-en-el-barrio-de-tlaxcala\/","name":"Arrancaron las Rutas M\u00e1gicas del Color en el barrio de Tlaxcala - Canal 7 SLP - 2025","isPartOf":{"@id":"https:\/\/canal7slp.tv\/2025\/#website"},"primaryImageOfPage":{"@id":"https:\/\/canal7slp.tv\/2025\/arrancaron-las-rutas-magicas-del-color-en-el-barrio-de-tlaxcala\/#primaryimage"},"image":{"@id":"https:\/\/canal7slp.tv\/2025\/arrancaron-las-rutas-magicas-del-color-en-el-barrio-de-tlaxcala\/#primaryimage"},"thumbnailUrl":"https:\/\/canal7slp.tv\/2025\/wp-content\/uploads\/2025\/08\/Poky05RutaMagica.jpg","datePublished":"2025-08-07T23:49:26+00:00","breadcrumb":{"@id":"https:\/\/canal7slp.tv\/2025\/arrancaron-las-rutas-magicas-del-color-en-el-barrio-de-tlaxcala\/#breadcrumb"},"inLanguage":"es","potentialAction":[{"@type":"ReadAction","target":["https:\/\/canal7slp.tv\/2025\/arrancaron-las-rutas-magicas-del-color-en-el-barrio-de-tlaxcala\/"]}]},{"@type":"ImageObject","inLanguage":"es","@id":"https:\/\/canal7slp.tv\/2025\/arrancaron-las-rutas-magicas-del-color-en-el-barrio-de-tlaxcala\/#primaryimage","url":"https:\/\/canal7slp.tv\/2025\/wp-content\/uploads\/2025\/08\/Poky05RutaMagica.jpg","contentUrl":"https:\/\/canal7slp.tv\/2025\/wp-content\/uploads\/2025\/08\/Poky05RutaMagica.jpg","width":1920,"height":1080},{"@type":"BreadcrumbList","@id":"https:\/\/canal7slp.tv\/2025\/arrancaron-las-rutas-magicas-del-color-en-el-barrio-de-tlaxcala\/#breadcrumb","itemListElement":[{"@type":"ListItem","position":1,"name":"Portada","item":"https:\/\/canal7slp.tv\/2025\/"},{"@type":"ListItem","position":2,"name":"Arrancaron las Rutas M\u00e1gicas del Color en el barrio de Tlaxcala"}]},{"@type":"WebSite","@id":"https:\/\/canal7slp.tv\/2025\/#website","url":"https:\/\/canal7slp.tv\/2025\/","name":"N7 - Noticieros Canal 7","description":"Somos el Medio","publisher":{"@id":"https:\/\/canal7slp.tv\/2025\/#organization"},"potentialAction":[{"@type":"SearchAction","target":{"@type":"EntryPoint","urlTemplate":"https:\/\/canal7slp.tv\/2025\/?s={search_term_string}"},"query-input":{"@type":"PropertyValueSpecification","valueRequired":true,"valueName":"search_term_string"}}],"inLanguage":"es"},{"@type":"Organization","@id":"https:\/\/canal7slp.tv\/2025\/#organization","name":"Noticieros Canal 7","url":"https:\/\/canal7slp.tv\/2025\/","logo":{"@type":"ImageObject","inLanguage":"es","@id":"https:\/\/canal7slp.tv\/2025\/#\/schema\/logo\/image\/","url":"https:\/\/canal7slp.tv\/2025\/wp-content\/uploads\/2021\/01\/logo-noticieros@2x.png","contentUrl":"https:\/\/canal7slp.tv\/2025\/wp-content\/uploads\/2021\/01\/logo-noticieros@2x.png","width":1017,"height":268,"caption":"Noticieros Canal 7"},"image":{"@id":"https:\/\/canal7slp.tv\/2025\/#\/schema\/logo\/image\/"},"sameAs":["https:\/\/www.facebook.com\/noticieroscanal7atencionciudadana\/","https:\/\/x.com\/NOTICIEROS7","https:\/\/www.instagram.com\/canal7_slp","https:\/\/www.youtube.com\/channel\/UCliiYs-gP3JfJeqdPrNdd5A"]},{"@type":"Person","@id":"https:\/\/canal7slp.tv\/2025\/#\/schema\/person\/271e2b60a96e7cc9d9ac296f4d7e414b","name":"Edici\u00f3n Web","image":{"@type":"ImageObject","inLanguage":"es","@id":"https:\/\/secure.gravatar.com\/avatar\/eee448fc3f7164808013b816ba91ac7e43bbe82a70bebac296f8bc6f0addaa1a?s=96&d=mm&r=g","url":"https:\/\/secure.gravatar.com\/avatar\/eee448fc3f7164808013b816ba91ac7e43bbe82a70bebac296f8bc6f0addaa1a?s=96&d=mm&r=g","contentUrl":"https:\/\/secure.gravatar.com\/avatar\/eee448fc3f7164808013b816ba91ac7e43bbe82a70bebac296f8bc6f0addaa1a?s=96&d=mm&r=g","caption":"Edici\u00f3n Web"},"url":"https:\/\/canal7slp.tv\/2025\/author\/edicionweb\/"}]}},"_links":{"self":[{"href":"https:\/\/canal7slp.tv\/2025\/wp-json\/wp\/v2\/posts\/175799","targetHints":{"allow":["GET"]}}],"collection":[{"href":"https:\/\/canal7slp.tv\/2025\/wp-json\/wp\/v2\/posts"}],"about":[{"href":"https:\/\/canal7slp.tv\/2025\/wp-json\/wp\/v2\/types\/post"}],"author":[{"embeddable":true,"href":"https:\/\/canal7slp.tv\/2025\/wp-json\/wp\/v2\/users\/2"}],"replies":[{"embeddable":true,"href":"https:\/\/canal7slp.tv\/2025\/wp-json\/wp\/v2\/comments?post=175799"}],"version-history":[{"count":1,"href":"https:\/\/canal7slp.tv\/2025\/wp-json\/wp\/v2\/posts\/175799\/revisions"}],"predecessor-version":[{"id":175802,"href":"https:\/\/canal7slp.tv\/2025\/wp-json\/wp\/v2\/posts\/175799\/revisions\/175802"}],"wp:featuredmedia":[{"embeddable":true,"href":"https:\/\/canal7slp.tv\/2025\/wp-json\/wp\/v2\/media\/175801"}],"wp:attachment":[{"href":"https:\/\/canal7slp.tv\/2025\/wp-json\/wp\/v2\/media?parent=175799"}],"wp:term":[{"taxonomy":"category","embeddable":true,"href":"https:\/\/canal7slp.tv\/2025\/wp-json\/wp\/v2\/categories?post=175799"},{"taxonomy":"post_tag","embeddable":true,"href":"https:\/\/canal7slp.tv\/2025\/wp-json\/wp\/v2\/tags?post=175799"}],"curies":[{"name":"wp","href":"https:\/\/api.w.org\/{rel}","templated":true}]}}