{"id":175795,"date":"2025-08-07T17:43:49","date_gmt":"2025-08-07T23:43:49","guid":{"rendered":"https:\/\/canal7slp.tv\/2025\/?p=175795"},"modified":"2025-08-07T17:43:49","modified_gmt":"2025-08-07T23:43:49","slug":"morena-no-ha-invitado-al-alcalde-de-la-capital-enrique-galindo-a-unirse-a-sus-filas","status":"publish","type":"post","link":"https:\/\/canal7slp.tv\/2025\/morena-no-ha-invitado-al-alcalde-de-la-capital-enrique-galindo-a-unirse-a-sus-filas\/","title":{"rendered":"Morena no ha invitado al alcalde de la capital, Enrique Galindo, a unirse a sus filas"},"content":{"rendered":"<p style=\"text-align: justify;\">SLP.- En entrevista con medios de comunicaci\u00f3n, el alcalde de San Luis Potos\u00ed, Enrique Galindo Ceballos, expuso que ning\u00fan integrante de Morena le ha hecho una invitaci\u00f3n formal para adherirse a las filas de dicho grupo pol\u00edtico.<\/p>\n<p style=\"text-align: justify;\">\u201cHace ocho meses, un a\u00f1o, precisamente en un evento en el Congreso me invitaron pero no hay ninguna pl\u00e1tica formal, entonces hay invitaciones como quien dice te invito a participar en algo pero nada formal en este momento\u201d.<\/p>\n<p style=\"text-align: justify;\">Asegur\u00f3 que a la fecha su \u00fanico inter\u00e9s es mantener un buen desempe\u00f1o al frente de la municipalidad de la capital.<\/p>\n<p style=\"text-align: justify;\">\u201cYo me voy a mantener as\u00ed, yo quiero seguir gobernando, tanto estos se\u00f1alamientos en las p\u00e1ginas raras y guerrita y tal yo la voy a omitir, yo quiero trabajar por la ciudad\u201d.<\/p>\n<p style=\"text-align: justify;\">La finalidad es mejorar la vida de los capitalinos.<\/p>\n<p style=\"text-align: justify;\">\u201cSi a m\u00ed me permiten trabajar con m\u00e1s libertad, con m\u00e1s tranquilidad creo que eso le da mejor resultados a los potosinos y las potosinas\u201d.<\/p>\n<p style=\"text-align: justify;\">Cabe recordar que a finales del a\u00f1o 2024 el PRI expuls\u00f3 al edil por presuntas actuaciones contrarias a los Documentos B\u00e1sicos del Partido debido a una serie de declaraciones contra el tricolor.<\/p>\n<p style=\"text-align: justify;\">En fechas recientes Galindo Ceballos acudi\u00f3 a la toma de protesta de Ver\u00f3nica Rodr\u00edguez como titular del Comit\u00e9 Directivo Estatal del PAN y dej\u00f3 entrever que el blanquiazul ser\u00e1 su nueva casa partidista.<\/p>\n<p>Por: Juan Carlos Contreras<\/p>\n","protected":false},"excerpt":{"rendered":"<p>SLP.- En entrevista con medios de comunicaci\u00f3n, el alcalde de San Luis Potos\u00ed, Enrique Galindo Ceballos, expuso que ning\u00fan integrante de Morena le ha hecho una invitaci\u00f3n formal para adherirse a las filas de dicho grupo pol\u00edtico. \u201cHace ocho meses, un a\u00f1o, precisamente en un evento en el Congreso me invitaron pero no hay ninguna pl\u00e1tica formal, entonces hay invitaciones como quien dice te invito a participar en algo pero nada formal en este momento\u201d. Asegur\u00f3 que a la fecha su \u00fanico inter\u00e9s es mantener un buen desempe\u00f1o al frente de la municipalidad de la capital. \u201cYo me voy a [&hellip;]<\/p>\n","protected":false},"author":2,"featured_media":175797,"comment_status":"closed","ping_status":"closed","sticky":false,"template":"","format":"video","meta":{"_monsterinsights_skip_tracking":false,"_monsterinsights_sitenote_active":false,"_monsterinsights_sitenote_note":"","_monsterinsights_sitenote_category":0,"footnotes":""},"categories":[66,5,45],"tags":[],"class_list":["post-175795","post","type-post","status-publish","format-video","has-post-thumbnail","hentry","category-ayoslp","category-destacadas","category-localesyregionales","post_format-post-format-video","post--single"],"yoast_head":"<!-- This site is optimized with the Yoast SEO plugin v27.5 - https:\/\/yoast.com\/product\/yoast-seo-wordpress\/ -->\n<title>Morena no ha invitado al alcalde de la capital, Enrique Galindo, a unirse a sus filas - Canal 7 SLP - 2025<\/title>\n<meta name=\"robots\" content=\"index, follow, max-snippet:-1, max-image-preview:large, max-video-preview:-1\" \/>\n<link rel=\"canonical\" href=\"https:\/\/canal7slp.tv\/2025\/morena-no-ha-invitado-al-alcalde-de-la-capital-enrique-galindo-a-unirse-a-sus-filas\/\" \/>\n<meta property=\"og:locale\" content=\"es_ES\" \/>\n<meta property=\"og:type\" content=\"article\" \/>\n<meta property=\"og:title\" content=\"Morena no ha invitado al alcalde de la capital, Enrique Galindo, a unirse a sus filas - Canal 7 SLP - 2025\" \/>\n<meta property=\"og:description\" content=\"SLP.- En entrevista con medios de comunicaci\u00f3n, el alcalde de San Luis Potos\u00ed, Enrique Galindo Ceballos, expuso que ning\u00fan integrante de Morena le ha hecho una invitaci\u00f3n formal para adherirse a las filas de dicho grupo pol\u00edtico. \u201cHace ocho meses, un a\u00f1o, precisamente en un evento en el Congreso me invitaron pero no hay ninguna pl\u00e1tica formal, entonces hay invitaciones como quien dice te invito a participar en algo pero nada formal en este momento\u201d. Asegur\u00f3 que a la fecha su \u00fanico inter\u00e9s es mantener un buen desempe\u00f1o al frente de la municipalidad de la capital. \u201cYo me voy a [&hellip;]\" \/>\n<meta property=\"og:url\" content=\"https:\/\/canal7slp.tv\/2025\/morena-no-ha-invitado-al-alcalde-de-la-capital-enrique-galindo-a-unirse-a-sus-filas\/\" \/>\n<meta property=\"og:site_name\" content=\"Canal 7 SLP - 2025\" \/>\n<meta property=\"article:publisher\" content=\"https:\/\/www.facebook.com\/noticieroscanal7atencionciudadana\/\" \/>\n<meta property=\"article:published_time\" content=\"2025-08-07T23:43:49+00:00\" \/>\n<meta property=\"og:image\" content=\"https:\/\/canal7slp.tv\/2025\/wp-content\/uploads\/2025\/08\/Poky04AlcaldeMorena.jpg\" \/>\n\t<meta property=\"og:image:width\" content=\"1920\" \/>\n\t<meta property=\"og:image:height\" content=\"1080\" \/>\n\t<meta property=\"og:image:type\" content=\"image\/jpeg\" \/>\n<meta name=\"author\" content=\"Edici\u00f3n Web\" \/>\n<meta name=\"twitter:card\" content=\"summary_large_image\" \/>\n<meta name=\"twitter:creator\" content=\"@NOTICIEROS7\" \/>\n<meta name=\"twitter:site\" content=\"@NOTICIEROS7\" \/>\n<meta name=\"twitter:label1\" content=\"Escrito por\" \/>\n\t<meta name=\"twitter:data1\" content=\"Edici\u00f3n Web\" \/>\n\t<meta name=\"twitter:label2\" content=\"Tiempo de lectura\" \/>\n\t<meta name=\"twitter:data2\" content=\"2 minutos\" \/>\n<script type=\"application\/ld+json\" class=\"yoast-schema-graph\">{\"@context\":\"https:\\\/\\\/schema.org\",\"@graph\":[{\"@type\":\"Article\",\"@id\":\"https:\\\/\\\/canal7slp.tv\\\/2025\\\/morena-no-ha-invitado-al-alcalde-de-la-capital-enrique-galindo-a-unirse-a-sus-filas\\\/#article\",\"isPartOf\":{\"@id\":\"https:\\\/\\\/canal7slp.tv\\\/2025\\\/morena-no-ha-invitado-al-alcalde-de-la-capital-enrique-galindo-a-unirse-a-sus-filas\\\/\"},\"author\":{\"name\":\"Edici\u00f3n Web\",\"@id\":\"https:\\\/\\\/canal7slp.tv\\\/2025\\\/#\\\/schema\\\/person\\\/271e2b60a96e7cc9d9ac296f4d7e414b\"},\"headline\":\"Morena no ha invitado al alcalde de la capital, Enrique Galindo, a unirse a sus filas\",\"datePublished\":\"2025-08-07T23:43:49+00:00\",\"mainEntityOfPage\":{\"@id\":\"https:\\\/\\\/canal7slp.tv\\\/2025\\\/morena-no-ha-invitado-al-alcalde-de-la-capital-enrique-galindo-a-unirse-a-sus-filas\\\/\"},\"wordCount\":263,\"publisher\":{\"@id\":\"https:\\\/\\\/canal7slp.tv\\\/2025\\\/#organization\"},\"image\":{\"@id\":\"https:\\\/\\\/canal7slp.tv\\\/2025\\\/morena-no-ha-invitado-al-alcalde-de-la-capital-enrique-galindo-a-unirse-a-sus-filas\\\/#primaryimage\"},\"thumbnailUrl\":\"https:\\\/\\\/canal7slp.tv\\\/2025\\\/wp-content\\\/uploads\\\/2025\\\/08\\\/Poky04AlcaldeMorena.jpg\",\"articleSection\":[\"AYOSLP\",\"DESTACADAS\",\"LOCALES Y REGIONALES\"],\"inLanguage\":\"es\"},{\"@type\":\"WebPage\",\"@id\":\"https:\\\/\\\/canal7slp.tv\\\/2025\\\/morena-no-ha-invitado-al-alcalde-de-la-capital-enrique-galindo-a-unirse-a-sus-filas\\\/\",\"url\":\"https:\\\/\\\/canal7slp.tv\\\/2025\\\/morena-no-ha-invitado-al-alcalde-de-la-capital-enrique-galindo-a-unirse-a-sus-filas\\\/\",\"name\":\"Morena no ha invitado al alcalde de la capital, Enrique Galindo, a unirse a sus filas - Canal 7 SLP - 2025\",\"isPartOf\":{\"@id\":\"https:\\\/\\\/canal7slp.tv\\\/2025\\\/#website\"},\"primaryImageOfPage\":{\"@id\":\"https:\\\/\\\/canal7slp.tv\\\/2025\\\/morena-no-ha-invitado-al-alcalde-de-la-capital-enrique-galindo-a-unirse-a-sus-filas\\\/#primaryimage\"},\"image\":{\"@id\":\"https:\\\/\\\/canal7slp.tv\\\/2025\\\/morena-no-ha-invitado-al-alcalde-de-la-capital-enrique-galindo-a-unirse-a-sus-filas\\\/#primaryimage\"},\"thumbnailUrl\":\"https:\\\/\\\/canal7slp.tv\\\/2025\\\/wp-content\\\/uploads\\\/2025\\\/08\\\/Poky04AlcaldeMorena.jpg\",\"datePublished\":\"2025-08-07T23:43:49+00:00\",\"breadcrumb\":{\"@id\":\"https:\\\/\\\/canal7slp.tv\\\/2025\\\/morena-no-ha-invitado-al-alcalde-de-la-capital-enrique-galindo-a-unirse-a-sus-filas\\\/#breadcrumb\"},\"inLanguage\":\"es\",\"potentialAction\":[{\"@type\":\"ReadAction\",\"target\":[\"https:\\\/\\\/canal7slp.tv\\\/2025\\\/morena-no-ha-invitado-al-alcalde-de-la-capital-enrique-galindo-a-unirse-a-sus-filas\\\/\"]}]},{\"@type\":\"ImageObject\",\"inLanguage\":\"es\",\"@id\":\"https:\\\/\\\/canal7slp.tv\\\/2025\\\/morena-no-ha-invitado-al-alcalde-de-la-capital-enrique-galindo-a-unirse-a-sus-filas\\\/#primaryimage\",\"url\":\"https:\\\/\\\/canal7slp.tv\\\/2025\\\/wp-content\\\/uploads\\\/2025\\\/08\\\/Poky04AlcaldeMorena.jpg\",\"contentUrl\":\"https:\\\/\\\/canal7slp.tv\\\/2025\\\/wp-content\\\/uploads\\\/2025\\\/08\\\/Poky04AlcaldeMorena.jpg\",\"width\":1920,\"height\":1080},{\"@type\":\"BreadcrumbList\",\"@id\":\"https:\\\/\\\/canal7slp.tv\\\/2025\\\/morena-no-ha-invitado-al-alcalde-de-la-capital-enrique-galindo-a-unirse-a-sus-filas\\\/#breadcrumb\",\"itemListElement\":[{\"@type\":\"ListItem\",\"position\":1,\"name\":\"Portada\",\"item\":\"https:\\\/\\\/canal7slp.tv\\\/2025\\\/\"},{\"@type\":\"ListItem\",\"position\":2,\"name\":\"Morena no ha invitado al alcalde de la capital, Enrique Galindo, a unirse a sus filas\"}]},{\"@type\":\"WebSite\",\"@id\":\"https:\\\/\\\/canal7slp.tv\\\/2025\\\/#website\",\"url\":\"https:\\\/\\\/canal7slp.tv\\\/2025\\\/\",\"name\":\"N7 - Noticieros Canal 7\",\"description\":\"Somos el Medio\",\"publisher\":{\"@id\":\"https:\\\/\\\/canal7slp.tv\\\/2025\\\/#organization\"},\"potentialAction\":[{\"@type\":\"SearchAction\",\"target\":{\"@type\":\"EntryPoint\",\"urlTemplate\":\"https:\\\/\\\/canal7slp.tv\\\/2025\\\/?s={search_term_string}\"},\"query-input\":{\"@type\":\"PropertyValueSpecification\",\"valueRequired\":true,\"valueName\":\"search_term_string\"}}],\"inLanguage\":\"es\"},{\"@type\":\"Organization\",\"@id\":\"https:\\\/\\\/canal7slp.tv\\\/2025\\\/#organization\",\"name\":\"Noticieros Canal 7\",\"url\":\"https:\\\/\\\/canal7slp.tv\\\/2025\\\/\",\"logo\":{\"@type\":\"ImageObject\",\"inLanguage\":\"es\",\"@id\":\"https:\\\/\\\/canal7slp.tv\\\/2025\\\/#\\\/schema\\\/logo\\\/image\\\/\",\"url\":\"https:\\\/\\\/canal7slp.tv\\\/2025\\\/wp-content\\\/uploads\\\/2021\\\/01\\\/logo-noticieros@2x.png\",\"contentUrl\":\"https:\\\/\\\/canal7slp.tv\\\/2025\\\/wp-content\\\/uploads\\\/2021\\\/01\\\/logo-noticieros@2x.png\",\"width\":1017,\"height\":268,\"caption\":\"Noticieros Canal 7\"},\"image\":{\"@id\":\"https:\\\/\\\/canal7slp.tv\\\/2025\\\/#\\\/schema\\\/logo\\\/image\\\/\"},\"sameAs\":[\"https:\\\/\\\/www.facebook.com\\\/noticieroscanal7atencionciudadana\\\/\",\"https:\\\/\\\/x.com\\\/NOTICIEROS7\",\"https:\\\/\\\/www.instagram.com\\\/canal7_slp\",\"https:\\\/\\\/www.youtube.com\\\/channel\\\/UCliiYs-gP3JfJeqdPrNdd5A\"]},{\"@type\":\"Person\",\"@id\":\"https:\\\/\\\/canal7slp.tv\\\/2025\\\/#\\\/schema\\\/person\\\/271e2b60a96e7cc9d9ac296f4d7e414b\",\"name\":\"Edici\u00f3n Web\",\"image\":{\"@type\":\"ImageObject\",\"inLanguage\":\"es\",\"@id\":\"https:\\\/\\\/secure.gravatar.com\\\/avatar\\\/eee448fc3f7164808013b816ba91ac7e43bbe82a70bebac296f8bc6f0addaa1a?s=96&d=mm&r=g\",\"url\":\"https:\\\/\\\/secure.gravatar.com\\\/avatar\\\/eee448fc3f7164808013b816ba91ac7e43bbe82a70bebac296f8bc6f0addaa1a?s=96&d=mm&r=g\",\"contentUrl\":\"https:\\\/\\\/secure.gravatar.com\\\/avatar\\\/eee448fc3f7164808013b816ba91ac7e43bbe82a70bebac296f8bc6f0addaa1a?s=96&d=mm&r=g\",\"caption\":\"Edici\u00f3n Web\"},\"url\":\"https:\\\/\\\/canal7slp.tv\\\/2025\\\/author\\\/edicionweb\\\/\"}]}<\/script>\n<!-- \/ Yoast SEO plugin. -->","yoast_head_json":{"title":"Morena no ha invitado al alcalde de la capital, Enrique Galindo, a unirse a sus filas - Canal 7 SLP - 2025","robots":{"index":"index","follow":"follow","max-snippet":"max-snippet:-1","max-image-preview":"max-image-preview:large","max-video-preview":"max-video-preview:-1"},"canonical":"https:\/\/canal7slp.tv\/2025\/morena-no-ha-invitado-al-alcalde-de-la-capital-enrique-galindo-a-unirse-a-sus-filas\/","og_locale":"es_ES","og_type":"article","og_title":"Morena no ha invitado al alcalde de la capital, Enrique Galindo, a unirse a sus filas - Canal 7 SLP - 2025","og_description":"SLP.- En entrevista con medios de comunicaci\u00f3n, el alcalde de San Luis Potos\u00ed, Enrique Galindo Ceballos, expuso que ning\u00fan integrante de Morena le ha hecho una invitaci\u00f3n formal para adherirse a las filas de dicho grupo pol\u00edtico. \u201cHace ocho meses, un a\u00f1o, precisamente en un evento en el Congreso me invitaron pero no hay ninguna pl\u00e1tica formal, entonces hay invitaciones como quien dice te invito a participar en algo pero nada formal en este momento\u201d. Asegur\u00f3 que a la fecha su \u00fanico inter\u00e9s es mantener un buen desempe\u00f1o al frente de la municipalidad de la capital. \u201cYo me voy a [&hellip;]","og_url":"https:\/\/canal7slp.tv\/2025\/morena-no-ha-invitado-al-alcalde-de-la-capital-enrique-galindo-a-unirse-a-sus-filas\/","og_site_name":"Canal 7 SLP - 2025","article_publisher":"https:\/\/www.facebook.com\/noticieroscanal7atencionciudadana\/","article_published_time":"2025-08-07T23:43:49+00:00","og_image":[{"width":1920,"height":1080,"url":"https:\/\/canal7slp.tv\/2025\/wp-content\/uploads\/2025\/08\/Poky04AlcaldeMorena.jpg","type":"image\/jpeg"}],"author":"Edici\u00f3n Web","twitter_card":"summary_large_image","twitter_creator":"@NOTICIEROS7","twitter_site":"@NOTICIEROS7","twitter_misc":{"Escrito por":"Edici\u00f3n Web","Tiempo de lectura":"2 minutos"},"schema":{"@context":"https:\/\/schema.org","@graph":[{"@type":"Article","@id":"https:\/\/canal7slp.tv\/2025\/morena-no-ha-invitado-al-alcalde-de-la-capital-enrique-galindo-a-unirse-a-sus-filas\/#article","isPartOf":{"@id":"https:\/\/canal7slp.tv\/2025\/morena-no-ha-invitado-al-alcalde-de-la-capital-enrique-galindo-a-unirse-a-sus-filas\/"},"author":{"name":"Edici\u00f3n Web","@id":"https:\/\/canal7slp.tv\/2025\/#\/schema\/person\/271e2b60a96e7cc9d9ac296f4d7e414b"},"headline":"Morena no ha invitado al alcalde de la capital, Enrique Galindo, a unirse a sus filas","datePublished":"2025-08-07T23:43:49+00:00","mainEntityOfPage":{"@id":"https:\/\/canal7slp.tv\/2025\/morena-no-ha-invitado-al-alcalde-de-la-capital-enrique-galindo-a-unirse-a-sus-filas\/"},"wordCount":263,"publisher":{"@id":"https:\/\/canal7slp.tv\/2025\/#organization"},"image":{"@id":"https:\/\/canal7slp.tv\/2025\/morena-no-ha-invitado-al-alcalde-de-la-capital-enrique-galindo-a-unirse-a-sus-filas\/#primaryimage"},"thumbnailUrl":"https:\/\/canal7slp.tv\/2025\/wp-content\/uploads\/2025\/08\/Poky04AlcaldeMorena.jpg","articleSection":["AYOSLP","DESTACADAS","LOCALES Y REGIONALES"],"inLanguage":"es"},{"@type":"WebPage","@id":"https:\/\/canal7slp.tv\/2025\/morena-no-ha-invitado-al-alcalde-de-la-capital-enrique-galindo-a-unirse-a-sus-filas\/","url":"https:\/\/canal7slp.tv\/2025\/morena-no-ha-invitado-al-alcalde-de-la-capital-enrique-galindo-a-unirse-a-sus-filas\/","name":"Morena no ha invitado al alcalde de la capital, Enrique Galindo, a unirse a sus filas - Canal 7 SLP - 2025","isPartOf":{"@id":"https:\/\/canal7slp.tv\/2025\/#website"},"primaryImageOfPage":{"@id":"https:\/\/canal7slp.tv\/2025\/morena-no-ha-invitado-al-alcalde-de-la-capital-enrique-galindo-a-unirse-a-sus-filas\/#primaryimage"},"image":{"@id":"https:\/\/canal7slp.tv\/2025\/morena-no-ha-invitado-al-alcalde-de-la-capital-enrique-galindo-a-unirse-a-sus-filas\/#primaryimage"},"thumbnailUrl":"https:\/\/canal7slp.tv\/2025\/wp-content\/uploads\/2025\/08\/Poky04AlcaldeMorena.jpg","datePublished":"2025-08-07T23:43:49+00:00","breadcrumb":{"@id":"https:\/\/canal7slp.tv\/2025\/morena-no-ha-invitado-al-alcalde-de-la-capital-enrique-galindo-a-unirse-a-sus-filas\/#breadcrumb"},"inLanguage":"es","potentialAction":[{"@type":"ReadAction","target":["https:\/\/canal7slp.tv\/2025\/morena-no-ha-invitado-al-alcalde-de-la-capital-enrique-galindo-a-unirse-a-sus-filas\/"]}]},{"@type":"ImageObject","inLanguage":"es","@id":"https:\/\/canal7slp.tv\/2025\/morena-no-ha-invitado-al-alcalde-de-la-capital-enrique-galindo-a-unirse-a-sus-filas\/#primaryimage","url":"https:\/\/canal7slp.tv\/2025\/wp-content\/uploads\/2025\/08\/Poky04AlcaldeMorena.jpg","contentUrl":"https:\/\/canal7slp.tv\/2025\/wp-content\/uploads\/2025\/08\/Poky04AlcaldeMorena.jpg","width":1920,"height":1080},{"@type":"BreadcrumbList","@id":"https:\/\/canal7slp.tv\/2025\/morena-no-ha-invitado-al-alcalde-de-la-capital-enrique-galindo-a-unirse-a-sus-filas\/#breadcrumb","itemListElement":[{"@type":"ListItem","position":1,"name":"Portada","item":"https:\/\/canal7slp.tv\/2025\/"},{"@type":"ListItem","position":2,"name":"Morena no ha invitado al alcalde de la capital, Enrique Galindo, a unirse a sus filas"}]},{"@type":"WebSite","@id":"https:\/\/canal7slp.tv\/2025\/#website","url":"https:\/\/canal7slp.tv\/2025\/","name":"N7 - Noticieros Canal 7","description":"Somos el Medio","publisher":{"@id":"https:\/\/canal7slp.tv\/2025\/#organization"},"potentialAction":[{"@type":"SearchAction","target":{"@type":"EntryPoint","urlTemplate":"https:\/\/canal7slp.tv\/2025\/?s={search_term_string}"},"query-input":{"@type":"PropertyValueSpecification","valueRequired":true,"valueName":"search_term_string"}}],"inLanguage":"es"},{"@type":"Organization","@id":"https:\/\/canal7slp.tv\/2025\/#organization","name":"Noticieros Canal 7","url":"https:\/\/canal7slp.tv\/2025\/","logo":{"@type":"ImageObject","inLanguage":"es","@id":"https:\/\/canal7slp.tv\/2025\/#\/schema\/logo\/image\/","url":"https:\/\/canal7slp.tv\/2025\/wp-content\/uploads\/2021\/01\/logo-noticieros@2x.png","contentUrl":"https:\/\/canal7slp.tv\/2025\/wp-content\/uploads\/2021\/01\/logo-noticieros@2x.png","width":1017,"height":268,"caption":"Noticieros Canal 7"},"image":{"@id":"https:\/\/canal7slp.tv\/2025\/#\/schema\/logo\/image\/"},"sameAs":["https:\/\/www.facebook.com\/noticieroscanal7atencionciudadana\/","https:\/\/x.com\/NOTICIEROS7","https:\/\/www.instagram.com\/canal7_slp","https:\/\/www.youtube.com\/channel\/UCliiYs-gP3JfJeqdPrNdd5A"]},{"@type":"Person","@id":"https:\/\/canal7slp.tv\/2025\/#\/schema\/person\/271e2b60a96e7cc9d9ac296f4d7e414b","name":"Edici\u00f3n Web","image":{"@type":"ImageObject","inLanguage":"es","@id":"https:\/\/secure.gravatar.com\/avatar\/eee448fc3f7164808013b816ba91ac7e43bbe82a70bebac296f8bc6f0addaa1a?s=96&d=mm&r=g","url":"https:\/\/secure.gravatar.com\/avatar\/eee448fc3f7164808013b816ba91ac7e43bbe82a70bebac296f8bc6f0addaa1a?s=96&d=mm&r=g","contentUrl":"https:\/\/secure.gravatar.com\/avatar\/eee448fc3f7164808013b816ba91ac7e43bbe82a70bebac296f8bc6f0addaa1a?s=96&d=mm&r=g","caption":"Edici\u00f3n Web"},"url":"https:\/\/canal7slp.tv\/2025\/author\/edicionweb\/"}]}},"_links":{"self":[{"href":"https:\/\/canal7slp.tv\/2025\/wp-json\/wp\/v2\/posts\/175795","targetHints":{"allow":["GET"]}}],"collection":[{"href":"https:\/\/canal7slp.tv\/2025\/wp-json\/wp\/v2\/posts"}],"about":[{"href":"https:\/\/canal7slp.tv\/2025\/wp-json\/wp\/v2\/types\/post"}],"author":[{"embeddable":true,"href":"https:\/\/canal7slp.tv\/2025\/wp-json\/wp\/v2\/users\/2"}],"replies":[{"embeddable":true,"href":"https:\/\/canal7slp.tv\/2025\/wp-json\/wp\/v2\/comments?post=175795"}],"version-history":[{"count":1,"href":"https:\/\/canal7slp.tv\/2025\/wp-json\/wp\/v2\/posts\/175795\/revisions"}],"predecessor-version":[{"id":175798,"href":"https:\/\/canal7slp.tv\/2025\/wp-json\/wp\/v2\/posts\/175795\/revisions\/175798"}],"wp:featuredmedia":[{"embeddable":true,"href":"https:\/\/canal7slp.tv\/2025\/wp-json\/wp\/v2\/media\/175797"}],"wp:attachment":[{"href":"https:\/\/canal7slp.tv\/2025\/wp-json\/wp\/v2\/media?parent=175795"}],"wp:term":[{"taxonomy":"category","embeddable":true,"href":"https:\/\/canal7slp.tv\/2025\/wp-json\/wp\/v2\/categories?post=175795"},{"taxonomy":"post_tag","embeddable":true,"href":"https:\/\/canal7slp.tv\/2025\/wp-json\/wp\/v2\/tags?post=175795"}],"curies":[{"name":"wp","href":"https:\/\/api.w.org\/{rel}","templated":true}]}}