{"id":175791,"date":"2025-08-07T17:34:24","date_gmt":"2025-08-07T23:34:24","guid":{"rendered":"https:\/\/canal7slp.tv\/2025\/?p=175791"},"modified":"2025-08-07T17:34:24","modified_gmt":"2025-08-07T23:34:24","slug":"desde-el-consejo-empresarial-potosino-se-lamento-el-accionar-de-mexico-contra-alza-de-aranceles","status":"publish","type":"post","link":"https:\/\/canal7slp.tv\/2025\/desde-el-consejo-empresarial-potosino-se-lamento-el-accionar-de-mexico-contra-alza-de-aranceles\/","title":{"rendered":"Desde el Consejo Empresarial Potosino se lament\u00f3 el accionar de M\u00e9xico contra alza de aranceles"},"content":{"rendered":"<p style=\"text-align: justify;\"><span style=\"font-size: 1.21429rem;\">SLP.- Lamentables las negociaciones del Gobierno de M\u00e9xico encabezado por Claudia Sheinbaum con su similar el presidente de los Estados Unidos de Am\u00e9rica, Donald Trump en el tema arancelario, as\u00ed se expres\u00f3 el titular del Consejo Empresarial Potosino, H\u00e9ctor D\u2019Argance Villegas.<\/span><\/p>\n<p style=\"text-align: justify;\">\u201cLo que nosotros estamos viendo es que Donald Trump presidente de los Estados Unidos de Norteam\u00e9rica est\u00e1 jugando con el Gobierno de M\u00e9xico porque \u00e9l est\u00e1 logrando lo que \u00e9l quiere para su pa\u00eds, pero nosotros no estamos haciendo absolutamente nada por el beneficio de nuestro pa\u00eds\u201d.<\/p>\n<p style=\"text-align: justify;\">El empresariado ha resultado afectado y por ende los colaboradores.<\/p>\n<p style=\"text-align: justify;\">\u201cLas empresas que representamos, los empleos que se est\u00e1n generando (\u2026) dentro de esta supuesta negociaci\u00f3n que hizo nuestra presidenta Claudia Sheinbaum con Donald Trump fue ganar 90 d\u00edas, eso no es ning\u00fan triunfo para M\u00e9xico porque nos tiene todav\u00eda en la incertidumbre de qu\u00e9 va a pasar\u201d.<\/p>\n<p style=\"text-align: justify;\">Asegur\u00f3 que Trump tiene contra las cuerdas al gobierno federal.<\/p>\n<p style=\"text-align: justify;\">\u201cEst\u00e1 ganando Trump, m\u00e1s que negociaci\u00f3n la est\u00e1 logrando Trump porque no est\u00e1 cumpliendo el gobierno mexicano con lo que le est\u00e1 pidiendo y es tomar con seriedad como gobierno mexicano el tema de la inseguridad en M\u00e9xico\u201d.<\/p>\n<p style=\"text-align: justify;\">El movimiento econ\u00f3mico por las amenazas del presidente norteamericano tiene fuertes repercusiones.<\/p>\n<p style=\"text-align: justify;\">\u201cPara nosotros est\u00e1 encareciendo el mercado y nos est\u00e1 dejando fuera de toda competitividad en Estados Unidos, el otro tema es que no quit\u00f3 los aranceles al aluminio, al cobre y al acero, o sea, siguieron los aranceles al 50% para esos metales\u201d.<\/p>\n<p>Por: Juan Carlos Contreras<\/p>\n","protected":false},"excerpt":{"rendered":"<p>SLP.- Lamentables las negociaciones del Gobierno de M\u00e9xico encabezado por Claudia Sheinbaum con su similar el presidente de los Estados Unidos de Am\u00e9rica, Donald Trump en el tema arancelario, as\u00ed se expres\u00f3 el titular del Consejo Empresarial Potosino, H\u00e9ctor D\u2019Argance Villegas. \u201cLo que nosotros estamos viendo es que Donald Trump presidente de los Estados Unidos de Norteam\u00e9rica est\u00e1 jugando con el Gobierno de M\u00e9xico porque \u00e9l est\u00e1 logrando lo que \u00e9l quiere para su pa\u00eds, pero nosotros no estamos haciendo absolutamente nada por el beneficio de nuestro pa\u00eds\u201d. El empresariado ha resultado afectado y por ende los colaboradores. \u201cLas empresas [&hellip;]<\/p>\n","protected":false},"author":2,"featured_media":175793,"comment_status":"closed","ping_status":"closed","sticky":false,"template":"","format":"video","meta":{"_monsterinsights_skip_tracking":false,"_monsterinsights_sitenote_active":false,"_monsterinsights_sitenote_note":"","_monsterinsights_sitenote_category":0,"footnotes":""},"categories":[5,45],"tags":[],"class_list":["post-175791","post","type-post","status-publish","format-video","has-post-thumbnail","hentry","category-destacadas","category-localesyregionales","post_format-post-format-video","post--single"],"yoast_head":"<!-- This site is optimized with the Yoast SEO plugin v27.5 - https:\/\/yoast.com\/product\/yoast-seo-wordpress\/ -->\n<title>Desde el Consejo Empresarial Potosino se lament\u00f3 el accionar de M\u00e9xico contra alza de aranceles - Canal 7 SLP - 2025<\/title>\n<meta name=\"robots\" content=\"index, follow, max-snippet:-1, max-image-preview:large, max-video-preview:-1\" \/>\n<link rel=\"canonical\" href=\"https:\/\/canal7slp.tv\/2025\/desde-el-consejo-empresarial-potosino-se-lamento-el-accionar-de-mexico-contra-alza-de-aranceles\/\" \/>\n<meta property=\"og:locale\" content=\"es_ES\" \/>\n<meta property=\"og:type\" content=\"article\" \/>\n<meta property=\"og:title\" content=\"Desde el Consejo Empresarial Potosino se lament\u00f3 el accionar de M\u00e9xico contra alza de aranceles - Canal 7 SLP - 2025\" \/>\n<meta property=\"og:description\" content=\"SLP.- Lamentables las negociaciones del Gobierno de M\u00e9xico encabezado por Claudia Sheinbaum con su similar el presidente de los Estados Unidos de Am\u00e9rica, Donald Trump en el tema arancelario, as\u00ed se expres\u00f3 el titular del Consejo Empresarial Potosino, H\u00e9ctor D\u2019Argance Villegas. \u201cLo que nosotros estamos viendo es que Donald Trump presidente de los Estados Unidos de Norteam\u00e9rica est\u00e1 jugando con el Gobierno de M\u00e9xico porque \u00e9l est\u00e1 logrando lo que \u00e9l quiere para su pa\u00eds, pero nosotros no estamos haciendo absolutamente nada por el beneficio de nuestro pa\u00eds\u201d. El empresariado ha resultado afectado y por ende los colaboradores. \u201cLas empresas [&hellip;]\" \/>\n<meta property=\"og:url\" content=\"https:\/\/canal7slp.tv\/2025\/desde-el-consejo-empresarial-potosino-se-lamento-el-accionar-de-mexico-contra-alza-de-aranceles\/\" \/>\n<meta property=\"og:site_name\" content=\"Canal 7 SLP - 2025\" \/>\n<meta property=\"article:publisher\" content=\"https:\/\/www.facebook.com\/noticieroscanal7atencionciudadana\/\" \/>\n<meta property=\"article:published_time\" content=\"2025-08-07T23:34:24+00:00\" \/>\n<meta property=\"og:image\" content=\"https:\/\/canal7slp.tv\/2025\/wp-content\/uploads\/2025\/08\/Poky03HectorAranceles.jpg\" \/>\n\t<meta property=\"og:image:width\" content=\"1920\" \/>\n\t<meta property=\"og:image:height\" content=\"1080\" \/>\n\t<meta property=\"og:image:type\" content=\"image\/jpeg\" \/>\n<meta name=\"author\" content=\"Edici\u00f3n Web\" \/>\n<meta name=\"twitter:card\" content=\"summary_large_image\" \/>\n<meta name=\"twitter:creator\" content=\"@NOTICIEROS7\" \/>\n<meta name=\"twitter:site\" content=\"@NOTICIEROS7\" \/>\n<meta name=\"twitter:label1\" content=\"Escrito por\" \/>\n\t<meta name=\"twitter:data1\" content=\"Edici\u00f3n Web\" \/>\n\t<meta name=\"twitter:label2\" content=\"Tiempo de lectura\" \/>\n\t<meta name=\"twitter:data2\" content=\"2 minutos\" \/>\n<script type=\"application\/ld+json\" class=\"yoast-schema-graph\">{\"@context\":\"https:\\\/\\\/schema.org\",\"@graph\":[{\"@type\":\"Article\",\"@id\":\"https:\\\/\\\/canal7slp.tv\\\/2025\\\/desde-el-consejo-empresarial-potosino-se-lamento-el-accionar-de-mexico-contra-alza-de-aranceles\\\/#article\",\"isPartOf\":{\"@id\":\"https:\\\/\\\/canal7slp.tv\\\/2025\\\/desde-el-consejo-empresarial-potosino-se-lamento-el-accionar-de-mexico-contra-alza-de-aranceles\\\/\"},\"author\":{\"name\":\"Edici\u00f3n Web\",\"@id\":\"https:\\\/\\\/canal7slp.tv\\\/2025\\\/#\\\/schema\\\/person\\\/271e2b60a96e7cc9d9ac296f4d7e414b\"},\"headline\":\"Desde el Consejo Empresarial Potosino se lament\u00f3 el accionar de M\u00e9xico contra alza de aranceles\",\"datePublished\":\"2025-08-07T23:34:24+00:00\",\"mainEntityOfPage\":{\"@id\":\"https:\\\/\\\/canal7slp.tv\\\/2025\\\/desde-el-consejo-empresarial-potosino-se-lamento-el-accionar-de-mexico-contra-alza-de-aranceles\\\/\"},\"wordCount\":285,\"publisher\":{\"@id\":\"https:\\\/\\\/canal7slp.tv\\\/2025\\\/#organization\"},\"image\":{\"@id\":\"https:\\\/\\\/canal7slp.tv\\\/2025\\\/desde-el-consejo-empresarial-potosino-se-lamento-el-accionar-de-mexico-contra-alza-de-aranceles\\\/#primaryimage\"},\"thumbnailUrl\":\"https:\\\/\\\/canal7slp.tv\\\/2025\\\/wp-content\\\/uploads\\\/2025\\\/08\\\/Poky03HectorAranceles.jpg\",\"articleSection\":[\"DESTACADAS\",\"LOCALES Y REGIONALES\"],\"inLanguage\":\"es\"},{\"@type\":\"WebPage\",\"@id\":\"https:\\\/\\\/canal7slp.tv\\\/2025\\\/desde-el-consejo-empresarial-potosino-se-lamento-el-accionar-de-mexico-contra-alza-de-aranceles\\\/\",\"url\":\"https:\\\/\\\/canal7slp.tv\\\/2025\\\/desde-el-consejo-empresarial-potosino-se-lamento-el-accionar-de-mexico-contra-alza-de-aranceles\\\/\",\"name\":\"Desde el Consejo Empresarial Potosino se lament\u00f3 el accionar de M\u00e9xico contra alza de aranceles - Canal 7 SLP - 2025\",\"isPartOf\":{\"@id\":\"https:\\\/\\\/canal7slp.tv\\\/2025\\\/#website\"},\"primaryImageOfPage\":{\"@id\":\"https:\\\/\\\/canal7slp.tv\\\/2025\\\/desde-el-consejo-empresarial-potosino-se-lamento-el-accionar-de-mexico-contra-alza-de-aranceles\\\/#primaryimage\"},\"image\":{\"@id\":\"https:\\\/\\\/canal7slp.tv\\\/2025\\\/desde-el-consejo-empresarial-potosino-se-lamento-el-accionar-de-mexico-contra-alza-de-aranceles\\\/#primaryimage\"},\"thumbnailUrl\":\"https:\\\/\\\/canal7slp.tv\\\/2025\\\/wp-content\\\/uploads\\\/2025\\\/08\\\/Poky03HectorAranceles.jpg\",\"datePublished\":\"2025-08-07T23:34:24+00:00\",\"breadcrumb\":{\"@id\":\"https:\\\/\\\/canal7slp.tv\\\/2025\\\/desde-el-consejo-empresarial-potosino-se-lamento-el-accionar-de-mexico-contra-alza-de-aranceles\\\/#breadcrumb\"},\"inLanguage\":\"es\",\"potentialAction\":[{\"@type\":\"ReadAction\",\"target\":[\"https:\\\/\\\/canal7slp.tv\\\/2025\\\/desde-el-consejo-empresarial-potosino-se-lamento-el-accionar-de-mexico-contra-alza-de-aranceles\\\/\"]}]},{\"@type\":\"ImageObject\",\"inLanguage\":\"es\",\"@id\":\"https:\\\/\\\/canal7slp.tv\\\/2025\\\/desde-el-consejo-empresarial-potosino-se-lamento-el-accionar-de-mexico-contra-alza-de-aranceles\\\/#primaryimage\",\"url\":\"https:\\\/\\\/canal7slp.tv\\\/2025\\\/wp-content\\\/uploads\\\/2025\\\/08\\\/Poky03HectorAranceles.jpg\",\"contentUrl\":\"https:\\\/\\\/canal7slp.tv\\\/2025\\\/wp-content\\\/uploads\\\/2025\\\/08\\\/Poky03HectorAranceles.jpg\",\"width\":1920,\"height\":1080},{\"@type\":\"BreadcrumbList\",\"@id\":\"https:\\\/\\\/canal7slp.tv\\\/2025\\\/desde-el-consejo-empresarial-potosino-se-lamento-el-accionar-de-mexico-contra-alza-de-aranceles\\\/#breadcrumb\",\"itemListElement\":[{\"@type\":\"ListItem\",\"position\":1,\"name\":\"Portada\",\"item\":\"https:\\\/\\\/canal7slp.tv\\\/2025\\\/\"},{\"@type\":\"ListItem\",\"position\":2,\"name\":\"Desde el Consejo Empresarial Potosino se lament\u00f3 el accionar de M\u00e9xico contra alza de aranceles\"}]},{\"@type\":\"WebSite\",\"@id\":\"https:\\\/\\\/canal7slp.tv\\\/2025\\\/#website\",\"url\":\"https:\\\/\\\/canal7slp.tv\\\/2025\\\/\",\"name\":\"N7 - Noticieros Canal 7\",\"description\":\"Somos el Medio\",\"publisher\":{\"@id\":\"https:\\\/\\\/canal7slp.tv\\\/2025\\\/#organization\"},\"potentialAction\":[{\"@type\":\"SearchAction\",\"target\":{\"@type\":\"EntryPoint\",\"urlTemplate\":\"https:\\\/\\\/canal7slp.tv\\\/2025\\\/?s={search_term_string}\"},\"query-input\":{\"@type\":\"PropertyValueSpecification\",\"valueRequired\":true,\"valueName\":\"search_term_string\"}}],\"inLanguage\":\"es\"},{\"@type\":\"Organization\",\"@id\":\"https:\\\/\\\/canal7slp.tv\\\/2025\\\/#organization\",\"name\":\"Noticieros Canal 7\",\"url\":\"https:\\\/\\\/canal7slp.tv\\\/2025\\\/\",\"logo\":{\"@type\":\"ImageObject\",\"inLanguage\":\"es\",\"@id\":\"https:\\\/\\\/canal7slp.tv\\\/2025\\\/#\\\/schema\\\/logo\\\/image\\\/\",\"url\":\"https:\\\/\\\/canal7slp.tv\\\/2025\\\/wp-content\\\/uploads\\\/2021\\\/01\\\/logo-noticieros@2x.png\",\"contentUrl\":\"https:\\\/\\\/canal7slp.tv\\\/2025\\\/wp-content\\\/uploads\\\/2021\\\/01\\\/logo-noticieros@2x.png\",\"width\":1017,\"height\":268,\"caption\":\"Noticieros Canal 7\"},\"image\":{\"@id\":\"https:\\\/\\\/canal7slp.tv\\\/2025\\\/#\\\/schema\\\/logo\\\/image\\\/\"},\"sameAs\":[\"https:\\\/\\\/www.facebook.com\\\/noticieroscanal7atencionciudadana\\\/\",\"https:\\\/\\\/x.com\\\/NOTICIEROS7\",\"https:\\\/\\\/www.instagram.com\\\/canal7_slp\",\"https:\\\/\\\/www.youtube.com\\\/channel\\\/UCliiYs-gP3JfJeqdPrNdd5A\"]},{\"@type\":\"Person\",\"@id\":\"https:\\\/\\\/canal7slp.tv\\\/2025\\\/#\\\/schema\\\/person\\\/271e2b60a96e7cc9d9ac296f4d7e414b\",\"name\":\"Edici\u00f3n Web\",\"image\":{\"@type\":\"ImageObject\",\"inLanguage\":\"es\",\"@id\":\"https:\\\/\\\/secure.gravatar.com\\\/avatar\\\/eee448fc3f7164808013b816ba91ac7e43bbe82a70bebac296f8bc6f0addaa1a?s=96&d=mm&r=g\",\"url\":\"https:\\\/\\\/secure.gravatar.com\\\/avatar\\\/eee448fc3f7164808013b816ba91ac7e43bbe82a70bebac296f8bc6f0addaa1a?s=96&d=mm&r=g\",\"contentUrl\":\"https:\\\/\\\/secure.gravatar.com\\\/avatar\\\/eee448fc3f7164808013b816ba91ac7e43bbe82a70bebac296f8bc6f0addaa1a?s=96&d=mm&r=g\",\"caption\":\"Edici\u00f3n Web\"},\"url\":\"https:\\\/\\\/canal7slp.tv\\\/2025\\\/author\\\/edicionweb\\\/\"}]}<\/script>\n<!-- \/ Yoast SEO plugin. -->","yoast_head_json":{"title":"Desde el Consejo Empresarial Potosino se lament\u00f3 el accionar de M\u00e9xico contra alza de aranceles - Canal 7 SLP - 2025","robots":{"index":"index","follow":"follow","max-snippet":"max-snippet:-1","max-image-preview":"max-image-preview:large","max-video-preview":"max-video-preview:-1"},"canonical":"https:\/\/canal7slp.tv\/2025\/desde-el-consejo-empresarial-potosino-se-lamento-el-accionar-de-mexico-contra-alza-de-aranceles\/","og_locale":"es_ES","og_type":"article","og_title":"Desde el Consejo Empresarial Potosino se lament\u00f3 el accionar de M\u00e9xico contra alza de aranceles - Canal 7 SLP - 2025","og_description":"SLP.- Lamentables las negociaciones del Gobierno de M\u00e9xico encabezado por Claudia Sheinbaum con su similar el presidente de los Estados Unidos de Am\u00e9rica, Donald Trump en el tema arancelario, as\u00ed se expres\u00f3 el titular del Consejo Empresarial Potosino, H\u00e9ctor D\u2019Argance Villegas. \u201cLo que nosotros estamos viendo es que Donald Trump presidente de los Estados Unidos de Norteam\u00e9rica est\u00e1 jugando con el Gobierno de M\u00e9xico porque \u00e9l est\u00e1 logrando lo que \u00e9l quiere para su pa\u00eds, pero nosotros no estamos haciendo absolutamente nada por el beneficio de nuestro pa\u00eds\u201d. El empresariado ha resultado afectado y por ende los colaboradores. \u201cLas empresas [&hellip;]","og_url":"https:\/\/canal7slp.tv\/2025\/desde-el-consejo-empresarial-potosino-se-lamento-el-accionar-de-mexico-contra-alza-de-aranceles\/","og_site_name":"Canal 7 SLP - 2025","article_publisher":"https:\/\/www.facebook.com\/noticieroscanal7atencionciudadana\/","article_published_time":"2025-08-07T23:34:24+00:00","og_image":[{"width":1920,"height":1080,"url":"https:\/\/canal7slp.tv\/2025\/wp-content\/uploads\/2025\/08\/Poky03HectorAranceles.jpg","type":"image\/jpeg"}],"author":"Edici\u00f3n Web","twitter_card":"summary_large_image","twitter_creator":"@NOTICIEROS7","twitter_site":"@NOTICIEROS7","twitter_misc":{"Escrito por":"Edici\u00f3n Web","Tiempo de lectura":"2 minutos"},"schema":{"@context":"https:\/\/schema.org","@graph":[{"@type":"Article","@id":"https:\/\/canal7slp.tv\/2025\/desde-el-consejo-empresarial-potosino-se-lamento-el-accionar-de-mexico-contra-alza-de-aranceles\/#article","isPartOf":{"@id":"https:\/\/canal7slp.tv\/2025\/desde-el-consejo-empresarial-potosino-se-lamento-el-accionar-de-mexico-contra-alza-de-aranceles\/"},"author":{"name":"Edici\u00f3n Web","@id":"https:\/\/canal7slp.tv\/2025\/#\/schema\/person\/271e2b60a96e7cc9d9ac296f4d7e414b"},"headline":"Desde el Consejo Empresarial Potosino se lament\u00f3 el accionar de M\u00e9xico contra alza de aranceles","datePublished":"2025-08-07T23:34:24+00:00","mainEntityOfPage":{"@id":"https:\/\/canal7slp.tv\/2025\/desde-el-consejo-empresarial-potosino-se-lamento-el-accionar-de-mexico-contra-alza-de-aranceles\/"},"wordCount":285,"publisher":{"@id":"https:\/\/canal7slp.tv\/2025\/#organization"},"image":{"@id":"https:\/\/canal7slp.tv\/2025\/desde-el-consejo-empresarial-potosino-se-lamento-el-accionar-de-mexico-contra-alza-de-aranceles\/#primaryimage"},"thumbnailUrl":"https:\/\/canal7slp.tv\/2025\/wp-content\/uploads\/2025\/08\/Poky03HectorAranceles.jpg","articleSection":["DESTACADAS","LOCALES Y REGIONALES"],"inLanguage":"es"},{"@type":"WebPage","@id":"https:\/\/canal7slp.tv\/2025\/desde-el-consejo-empresarial-potosino-se-lamento-el-accionar-de-mexico-contra-alza-de-aranceles\/","url":"https:\/\/canal7slp.tv\/2025\/desde-el-consejo-empresarial-potosino-se-lamento-el-accionar-de-mexico-contra-alza-de-aranceles\/","name":"Desde el Consejo Empresarial Potosino se lament\u00f3 el accionar de M\u00e9xico contra alza de aranceles - Canal 7 SLP - 2025","isPartOf":{"@id":"https:\/\/canal7slp.tv\/2025\/#website"},"primaryImageOfPage":{"@id":"https:\/\/canal7slp.tv\/2025\/desde-el-consejo-empresarial-potosino-se-lamento-el-accionar-de-mexico-contra-alza-de-aranceles\/#primaryimage"},"image":{"@id":"https:\/\/canal7slp.tv\/2025\/desde-el-consejo-empresarial-potosino-se-lamento-el-accionar-de-mexico-contra-alza-de-aranceles\/#primaryimage"},"thumbnailUrl":"https:\/\/canal7slp.tv\/2025\/wp-content\/uploads\/2025\/08\/Poky03HectorAranceles.jpg","datePublished":"2025-08-07T23:34:24+00:00","breadcrumb":{"@id":"https:\/\/canal7slp.tv\/2025\/desde-el-consejo-empresarial-potosino-se-lamento-el-accionar-de-mexico-contra-alza-de-aranceles\/#breadcrumb"},"inLanguage":"es","potentialAction":[{"@type":"ReadAction","target":["https:\/\/canal7slp.tv\/2025\/desde-el-consejo-empresarial-potosino-se-lamento-el-accionar-de-mexico-contra-alza-de-aranceles\/"]}]},{"@type":"ImageObject","inLanguage":"es","@id":"https:\/\/canal7slp.tv\/2025\/desde-el-consejo-empresarial-potosino-se-lamento-el-accionar-de-mexico-contra-alza-de-aranceles\/#primaryimage","url":"https:\/\/canal7slp.tv\/2025\/wp-content\/uploads\/2025\/08\/Poky03HectorAranceles.jpg","contentUrl":"https:\/\/canal7slp.tv\/2025\/wp-content\/uploads\/2025\/08\/Poky03HectorAranceles.jpg","width":1920,"height":1080},{"@type":"BreadcrumbList","@id":"https:\/\/canal7slp.tv\/2025\/desde-el-consejo-empresarial-potosino-se-lamento-el-accionar-de-mexico-contra-alza-de-aranceles\/#breadcrumb","itemListElement":[{"@type":"ListItem","position":1,"name":"Portada","item":"https:\/\/canal7slp.tv\/2025\/"},{"@type":"ListItem","position":2,"name":"Desde el Consejo Empresarial Potosino se lament\u00f3 el accionar de M\u00e9xico contra alza de aranceles"}]},{"@type":"WebSite","@id":"https:\/\/canal7slp.tv\/2025\/#website","url":"https:\/\/canal7slp.tv\/2025\/","name":"N7 - Noticieros Canal 7","description":"Somos el Medio","publisher":{"@id":"https:\/\/canal7slp.tv\/2025\/#organization"},"potentialAction":[{"@type":"SearchAction","target":{"@type":"EntryPoint","urlTemplate":"https:\/\/canal7slp.tv\/2025\/?s={search_term_string}"},"query-input":{"@type":"PropertyValueSpecification","valueRequired":true,"valueName":"search_term_string"}}],"inLanguage":"es"},{"@type":"Organization","@id":"https:\/\/canal7slp.tv\/2025\/#organization","name":"Noticieros Canal 7","url":"https:\/\/canal7slp.tv\/2025\/","logo":{"@type":"ImageObject","inLanguage":"es","@id":"https:\/\/canal7slp.tv\/2025\/#\/schema\/logo\/image\/","url":"https:\/\/canal7slp.tv\/2025\/wp-content\/uploads\/2021\/01\/logo-noticieros@2x.png","contentUrl":"https:\/\/canal7slp.tv\/2025\/wp-content\/uploads\/2021\/01\/logo-noticieros@2x.png","width":1017,"height":268,"caption":"Noticieros Canal 7"},"image":{"@id":"https:\/\/canal7slp.tv\/2025\/#\/schema\/logo\/image\/"},"sameAs":["https:\/\/www.facebook.com\/noticieroscanal7atencionciudadana\/","https:\/\/x.com\/NOTICIEROS7","https:\/\/www.instagram.com\/canal7_slp","https:\/\/www.youtube.com\/channel\/UCliiYs-gP3JfJeqdPrNdd5A"]},{"@type":"Person","@id":"https:\/\/canal7slp.tv\/2025\/#\/schema\/person\/271e2b60a96e7cc9d9ac296f4d7e414b","name":"Edici\u00f3n Web","image":{"@type":"ImageObject","inLanguage":"es","@id":"https:\/\/secure.gravatar.com\/avatar\/eee448fc3f7164808013b816ba91ac7e43bbe82a70bebac296f8bc6f0addaa1a?s=96&d=mm&r=g","url":"https:\/\/secure.gravatar.com\/avatar\/eee448fc3f7164808013b816ba91ac7e43bbe82a70bebac296f8bc6f0addaa1a?s=96&d=mm&r=g","contentUrl":"https:\/\/secure.gravatar.com\/avatar\/eee448fc3f7164808013b816ba91ac7e43bbe82a70bebac296f8bc6f0addaa1a?s=96&d=mm&r=g","caption":"Edici\u00f3n Web"},"url":"https:\/\/canal7slp.tv\/2025\/author\/edicionweb\/"}]}},"_links":{"self":[{"href":"https:\/\/canal7slp.tv\/2025\/wp-json\/wp\/v2\/posts\/175791","targetHints":{"allow":["GET"]}}],"collection":[{"href":"https:\/\/canal7slp.tv\/2025\/wp-json\/wp\/v2\/posts"}],"about":[{"href":"https:\/\/canal7slp.tv\/2025\/wp-json\/wp\/v2\/types\/post"}],"author":[{"embeddable":true,"href":"https:\/\/canal7slp.tv\/2025\/wp-json\/wp\/v2\/users\/2"}],"replies":[{"embeddable":true,"href":"https:\/\/canal7slp.tv\/2025\/wp-json\/wp\/v2\/comments?post=175791"}],"version-history":[{"count":1,"href":"https:\/\/canal7slp.tv\/2025\/wp-json\/wp\/v2\/posts\/175791\/revisions"}],"predecessor-version":[{"id":175794,"href":"https:\/\/canal7slp.tv\/2025\/wp-json\/wp\/v2\/posts\/175791\/revisions\/175794"}],"wp:featuredmedia":[{"embeddable":true,"href":"https:\/\/canal7slp.tv\/2025\/wp-json\/wp\/v2\/media\/175793"}],"wp:attachment":[{"href":"https:\/\/canal7slp.tv\/2025\/wp-json\/wp\/v2\/media?parent=175791"}],"wp:term":[{"taxonomy":"category","embeddable":true,"href":"https:\/\/canal7slp.tv\/2025\/wp-json\/wp\/v2\/categories?post=175791"},{"taxonomy":"post_tag","embeddable":true,"href":"https:\/\/canal7slp.tv\/2025\/wp-json\/wp\/v2\/tags?post=175791"}],"curies":[{"name":"wp","href":"https:\/\/api.w.org\/{rel}","templated":true}]}}