{"id":175787,"date":"2025-08-07T17:07:18","date_gmt":"2025-08-07T23:07:18","guid":{"rendered":"https:\/\/canal7slp.tv\/2025\/?p=175787"},"modified":"2025-08-07T17:07:18","modified_gmt":"2025-08-07T23:07:18","slug":"temazcalli-ha-llevado-programas-de-salud-mental-prevencion-de-adicciones-y-autorregulacion-emocional-a-escuelas","status":"publish","type":"post","link":"https:\/\/canal7slp.tv\/2025\/temazcalli-ha-llevado-programas-de-salud-mental-prevencion-de-adicciones-y-autorregulacion-emocional-a-escuelas\/","title":{"rendered":"Temazcalli ha llevado programas de salud mental, prevenci\u00f3n de adicciones y autorregulaci\u00f3n emocional a escuelas"},"content":{"rendered":"<p style=\"text-align: justify;\">SLP.- A lo largo del 2025 el Instituto Temazcalli en el Estado de San Luis Potos\u00ed ha otorgado alrededor de 30 mil atenciones en centros educativos con temas de salud mental, prevenci\u00f3n de adicciones y auto regulaci\u00f3n emocional, as\u00ed lo hizo saber su director Ren\u00e9 Contreras Flores.<\/p>\n<p style=\"text-align: justify;\">\u201cTenemos diferentes programas donde andamos en las escuelas de nivel primaria, secundaria y bachillerato (\u2026) nos han dado las facilidades para llevar el prog rama de prevenci\u00f3n de adicciones, salud mental, auto regulaci\u00f3n emocional, por ah\u00ed depresi\u00f3n (\u2026) ahorita llevamos arriba de 30 mil atenciones en las aulas\u201d.<\/p>\n<p style=\"text-align: justify;\">Las pl\u00e1ticas se realizan en la totalidad del estado potosino.<\/p>\n<p style=\"text-align: justify;\">\u201cAndamos en todo el Estado de San Luis Potos\u00ed, en los 59 municipios del estado donde tambi\u00e9n estamos capacitando a los docentes, a los maestros de las instituciones\u201d.<\/p>\n<p style=\"text-align: justify;\">Se tienen consultas varias en las instalaciones del Temazcalli.<\/p>\n<p style=\"text-align: justify;\">\u201cYo le puedo decir que ahorita estamos detectando lo que es el alcohol, comienza la inquietud en los adolescentes (\u2026) luego siguen con la marihuana\u201d.<\/p>\n<p style=\"text-align: justify;\">Recomend\u00f3 tener atenci\u00f3n sobre todo en los j\u00f3venes y sus actividades diarias.<\/p>\n<p style=\"text-align: justify;\">\u201cLes digo a los padres de familia cuando vean inquietos a sus hijas y sus hijos vayan al Instituto Temazcalli y les damos la atenci\u00f3n con un equipo integral\u201d.<\/p>\n<p style=\"text-align: justify;\">El \u00edndice de recuperaci\u00f3n es alto y las terapias son econ\u00f3micamente accesibles.<\/p>\n<p style=\"text-align: justify;\">\u201cEstamos con un 80%, estamos muy contentos con el 80% se est\u00e1n recuperando (\u2026) estamos atendiendo por ah\u00ed desde los 13 a\u00f1os hasta los 59 a\u00f1os (\u2026) el costo no es impedimento, tenemos subsidio del 90%, tenemos atenci\u00f3n desde 70 pesos en el \u00e1rea de piscolog\u00eda y en el \u00e1rea de psiquiatr\u00eda\u201d.<\/p>\n<p>Por: Juan Carlos COntreras<\/p>\n","protected":false},"excerpt":{"rendered":"<p>SLP.- A lo largo del 2025 el Instituto Temazcalli en el Estado de San Luis Potos\u00ed ha otorgado alrededor de 30 mil atenciones en centros educativos con temas de salud mental, prevenci\u00f3n de adicciones y auto regulaci\u00f3n emocional, as\u00ed lo hizo saber su director Ren\u00e9 Contreras Flores. \u201cTenemos diferentes programas donde andamos en las escuelas de nivel primaria, secundaria y bachillerato (\u2026) nos han dado las facilidades para llevar el prog rama de prevenci\u00f3n de adicciones, salud mental, auto regulaci\u00f3n emocional, por ah\u00ed depresi\u00f3n (\u2026) ahorita llevamos arriba de 30 mil atenciones en las aulas\u201d. Las pl\u00e1ticas se realizan en [&hellip;]<\/p>\n","protected":false},"author":2,"featured_media":175789,"comment_status":"closed","ping_status":"closed","sticky":false,"template":"","format":"video","meta":{"_monsterinsights_skip_tracking":false,"_monsterinsights_sitenote_active":false,"_monsterinsights_sitenote_note":"","_monsterinsights_sitenote_category":0,"footnotes":""},"categories":[5,45],"tags":[],"class_list":["post-175787","post","type-post","status-publish","format-video","has-post-thumbnail","hentry","category-destacadas","category-localesyregionales","post_format-post-format-video","post--single"],"yoast_head":"<!-- This site is optimized with the Yoast SEO plugin v27.5 - https:\/\/yoast.com\/product\/yoast-seo-wordpress\/ -->\n<title>Temazcalli ha llevado programas de salud mental, prevenci\u00f3n de adicciones y autorregulaci\u00f3n emocional a escuelas - Canal 7 SLP - 2025<\/title>\n<meta name=\"robots\" content=\"index, follow, max-snippet:-1, max-image-preview:large, max-video-preview:-1\" \/>\n<link rel=\"canonical\" href=\"https:\/\/canal7slp.tv\/2025\/temazcalli-ha-llevado-programas-de-salud-mental-prevencion-de-adicciones-y-autorregulacion-emocional-a-escuelas\/\" \/>\n<meta property=\"og:locale\" content=\"es_ES\" \/>\n<meta property=\"og:type\" content=\"article\" \/>\n<meta property=\"og:title\" content=\"Temazcalli ha llevado programas de salud mental, prevenci\u00f3n de adicciones y autorregulaci\u00f3n emocional a escuelas - Canal 7 SLP - 2025\" \/>\n<meta property=\"og:description\" content=\"SLP.- A lo largo del 2025 el Instituto Temazcalli en el Estado de San Luis Potos\u00ed ha otorgado alrededor de 30 mil atenciones en centros educativos con temas de salud mental, prevenci\u00f3n de adicciones y auto regulaci\u00f3n emocional, as\u00ed lo hizo saber su director Ren\u00e9 Contreras Flores. \u201cTenemos diferentes programas donde andamos en las escuelas de nivel primaria, secundaria y bachillerato (\u2026) nos han dado las facilidades para llevar el prog rama de prevenci\u00f3n de adicciones, salud mental, auto regulaci\u00f3n emocional, por ah\u00ed depresi\u00f3n (\u2026) ahorita llevamos arriba de 30 mil atenciones en las aulas\u201d. Las pl\u00e1ticas se realizan en [&hellip;]\" \/>\n<meta property=\"og:url\" content=\"https:\/\/canal7slp.tv\/2025\/temazcalli-ha-llevado-programas-de-salud-mental-prevencion-de-adicciones-y-autorregulacion-emocional-a-escuelas\/\" \/>\n<meta property=\"og:site_name\" content=\"Canal 7 SLP - 2025\" \/>\n<meta property=\"article:publisher\" content=\"https:\/\/www.facebook.com\/noticieroscanal7atencionciudadana\/\" \/>\n<meta property=\"article:published_time\" content=\"2025-08-07T23:07:18+00:00\" \/>\n<meta property=\"og:image\" content=\"https:\/\/canal7slp.tv\/2025\/wp-content\/uploads\/2025\/08\/Poky02Temazcalli.jpg\" \/>\n\t<meta property=\"og:image:width\" content=\"1920\" \/>\n\t<meta property=\"og:image:height\" content=\"1080\" \/>\n\t<meta property=\"og:image:type\" content=\"image\/jpeg\" \/>\n<meta name=\"author\" content=\"Edici\u00f3n Web\" \/>\n<meta name=\"twitter:card\" content=\"summary_large_image\" \/>\n<meta name=\"twitter:creator\" content=\"@NOTICIEROS7\" \/>\n<meta name=\"twitter:site\" content=\"@NOTICIEROS7\" \/>\n<meta name=\"twitter:label1\" content=\"Escrito por\" \/>\n\t<meta name=\"twitter:data1\" content=\"Edici\u00f3n Web\" \/>\n\t<meta name=\"twitter:label2\" content=\"Tiempo de lectura\" \/>\n\t<meta name=\"twitter:data2\" content=\"2 minutos\" \/>\n<script type=\"application\/ld+json\" class=\"yoast-schema-graph\">{\"@context\":\"https:\\\/\\\/schema.org\",\"@graph\":[{\"@type\":\"Article\",\"@id\":\"https:\\\/\\\/canal7slp.tv\\\/2025\\\/temazcalli-ha-llevado-programas-de-salud-mental-prevencion-de-adicciones-y-autorregulacion-emocional-a-escuelas\\\/#article\",\"isPartOf\":{\"@id\":\"https:\\\/\\\/canal7slp.tv\\\/2025\\\/temazcalli-ha-llevado-programas-de-salud-mental-prevencion-de-adicciones-y-autorregulacion-emocional-a-escuelas\\\/\"},\"author\":{\"name\":\"Edici\u00f3n Web\",\"@id\":\"https:\\\/\\\/canal7slp.tv\\\/2025\\\/#\\\/schema\\\/person\\\/271e2b60a96e7cc9d9ac296f4d7e414b\"},\"headline\":\"Temazcalli ha llevado programas de salud mental, prevenci\u00f3n de adicciones y autorregulaci\u00f3n emocional a escuelas\",\"datePublished\":\"2025-08-07T23:07:18+00:00\",\"mainEntityOfPage\":{\"@id\":\"https:\\\/\\\/canal7slp.tv\\\/2025\\\/temazcalli-ha-llevado-programas-de-salud-mental-prevencion-de-adicciones-y-autorregulacion-emocional-a-escuelas\\\/\"},\"wordCount\":297,\"publisher\":{\"@id\":\"https:\\\/\\\/canal7slp.tv\\\/2025\\\/#organization\"},\"image\":{\"@id\":\"https:\\\/\\\/canal7slp.tv\\\/2025\\\/temazcalli-ha-llevado-programas-de-salud-mental-prevencion-de-adicciones-y-autorregulacion-emocional-a-escuelas\\\/#primaryimage\"},\"thumbnailUrl\":\"https:\\\/\\\/canal7slp.tv\\\/2025\\\/wp-content\\\/uploads\\\/2025\\\/08\\\/Poky02Temazcalli.jpg\",\"articleSection\":[\"DESTACADAS\",\"LOCALES Y REGIONALES\"],\"inLanguage\":\"es\"},{\"@type\":\"WebPage\",\"@id\":\"https:\\\/\\\/canal7slp.tv\\\/2025\\\/temazcalli-ha-llevado-programas-de-salud-mental-prevencion-de-adicciones-y-autorregulacion-emocional-a-escuelas\\\/\",\"url\":\"https:\\\/\\\/canal7slp.tv\\\/2025\\\/temazcalli-ha-llevado-programas-de-salud-mental-prevencion-de-adicciones-y-autorregulacion-emocional-a-escuelas\\\/\",\"name\":\"Temazcalli ha llevado programas de salud mental, prevenci\u00f3n de adicciones y autorregulaci\u00f3n emocional a escuelas - Canal 7 SLP - 2025\",\"isPartOf\":{\"@id\":\"https:\\\/\\\/canal7slp.tv\\\/2025\\\/#website\"},\"primaryImageOfPage\":{\"@id\":\"https:\\\/\\\/canal7slp.tv\\\/2025\\\/temazcalli-ha-llevado-programas-de-salud-mental-prevencion-de-adicciones-y-autorregulacion-emocional-a-escuelas\\\/#primaryimage\"},\"image\":{\"@id\":\"https:\\\/\\\/canal7slp.tv\\\/2025\\\/temazcalli-ha-llevado-programas-de-salud-mental-prevencion-de-adicciones-y-autorregulacion-emocional-a-escuelas\\\/#primaryimage\"},\"thumbnailUrl\":\"https:\\\/\\\/canal7slp.tv\\\/2025\\\/wp-content\\\/uploads\\\/2025\\\/08\\\/Poky02Temazcalli.jpg\",\"datePublished\":\"2025-08-07T23:07:18+00:00\",\"breadcrumb\":{\"@id\":\"https:\\\/\\\/canal7slp.tv\\\/2025\\\/temazcalli-ha-llevado-programas-de-salud-mental-prevencion-de-adicciones-y-autorregulacion-emocional-a-escuelas\\\/#breadcrumb\"},\"inLanguage\":\"es\",\"potentialAction\":[{\"@type\":\"ReadAction\",\"target\":[\"https:\\\/\\\/canal7slp.tv\\\/2025\\\/temazcalli-ha-llevado-programas-de-salud-mental-prevencion-de-adicciones-y-autorregulacion-emocional-a-escuelas\\\/\"]}]},{\"@type\":\"ImageObject\",\"inLanguage\":\"es\",\"@id\":\"https:\\\/\\\/canal7slp.tv\\\/2025\\\/temazcalli-ha-llevado-programas-de-salud-mental-prevencion-de-adicciones-y-autorregulacion-emocional-a-escuelas\\\/#primaryimage\",\"url\":\"https:\\\/\\\/canal7slp.tv\\\/2025\\\/wp-content\\\/uploads\\\/2025\\\/08\\\/Poky02Temazcalli.jpg\",\"contentUrl\":\"https:\\\/\\\/canal7slp.tv\\\/2025\\\/wp-content\\\/uploads\\\/2025\\\/08\\\/Poky02Temazcalli.jpg\",\"width\":1920,\"height\":1080},{\"@type\":\"BreadcrumbList\",\"@id\":\"https:\\\/\\\/canal7slp.tv\\\/2025\\\/temazcalli-ha-llevado-programas-de-salud-mental-prevencion-de-adicciones-y-autorregulacion-emocional-a-escuelas\\\/#breadcrumb\",\"itemListElement\":[{\"@type\":\"ListItem\",\"position\":1,\"name\":\"Portada\",\"item\":\"https:\\\/\\\/canal7slp.tv\\\/2025\\\/\"},{\"@type\":\"ListItem\",\"position\":2,\"name\":\"Temazcalli ha llevado programas de salud mental, prevenci\u00f3n de adicciones y autorregulaci\u00f3n emocional a escuelas\"}]},{\"@type\":\"WebSite\",\"@id\":\"https:\\\/\\\/canal7slp.tv\\\/2025\\\/#website\",\"url\":\"https:\\\/\\\/canal7slp.tv\\\/2025\\\/\",\"name\":\"N7 - Noticieros Canal 7\",\"description\":\"Somos el Medio\",\"publisher\":{\"@id\":\"https:\\\/\\\/canal7slp.tv\\\/2025\\\/#organization\"},\"potentialAction\":[{\"@type\":\"SearchAction\",\"target\":{\"@type\":\"EntryPoint\",\"urlTemplate\":\"https:\\\/\\\/canal7slp.tv\\\/2025\\\/?s={search_term_string}\"},\"query-input\":{\"@type\":\"PropertyValueSpecification\",\"valueRequired\":true,\"valueName\":\"search_term_string\"}}],\"inLanguage\":\"es\"},{\"@type\":\"Organization\",\"@id\":\"https:\\\/\\\/canal7slp.tv\\\/2025\\\/#organization\",\"name\":\"Noticieros Canal 7\",\"url\":\"https:\\\/\\\/canal7slp.tv\\\/2025\\\/\",\"logo\":{\"@type\":\"ImageObject\",\"inLanguage\":\"es\",\"@id\":\"https:\\\/\\\/canal7slp.tv\\\/2025\\\/#\\\/schema\\\/logo\\\/image\\\/\",\"url\":\"https:\\\/\\\/canal7slp.tv\\\/2025\\\/wp-content\\\/uploads\\\/2021\\\/01\\\/logo-noticieros@2x.png\",\"contentUrl\":\"https:\\\/\\\/canal7slp.tv\\\/2025\\\/wp-content\\\/uploads\\\/2021\\\/01\\\/logo-noticieros@2x.png\",\"width\":1017,\"height\":268,\"caption\":\"Noticieros Canal 7\"},\"image\":{\"@id\":\"https:\\\/\\\/canal7slp.tv\\\/2025\\\/#\\\/schema\\\/logo\\\/image\\\/\"},\"sameAs\":[\"https:\\\/\\\/www.facebook.com\\\/noticieroscanal7atencionciudadana\\\/\",\"https:\\\/\\\/x.com\\\/NOTICIEROS7\",\"https:\\\/\\\/www.instagram.com\\\/canal7_slp\",\"https:\\\/\\\/www.youtube.com\\\/channel\\\/UCliiYs-gP3JfJeqdPrNdd5A\"]},{\"@type\":\"Person\",\"@id\":\"https:\\\/\\\/canal7slp.tv\\\/2025\\\/#\\\/schema\\\/person\\\/271e2b60a96e7cc9d9ac296f4d7e414b\",\"name\":\"Edici\u00f3n Web\",\"image\":{\"@type\":\"ImageObject\",\"inLanguage\":\"es\",\"@id\":\"https:\\\/\\\/secure.gravatar.com\\\/avatar\\\/eee448fc3f7164808013b816ba91ac7e43bbe82a70bebac296f8bc6f0addaa1a?s=96&d=mm&r=g\",\"url\":\"https:\\\/\\\/secure.gravatar.com\\\/avatar\\\/eee448fc3f7164808013b816ba91ac7e43bbe82a70bebac296f8bc6f0addaa1a?s=96&d=mm&r=g\",\"contentUrl\":\"https:\\\/\\\/secure.gravatar.com\\\/avatar\\\/eee448fc3f7164808013b816ba91ac7e43bbe82a70bebac296f8bc6f0addaa1a?s=96&d=mm&r=g\",\"caption\":\"Edici\u00f3n Web\"},\"url\":\"https:\\\/\\\/canal7slp.tv\\\/2025\\\/author\\\/edicionweb\\\/\"}]}<\/script>\n<!-- \/ Yoast SEO plugin. -->","yoast_head_json":{"title":"Temazcalli ha llevado programas de salud mental, prevenci\u00f3n de adicciones y autorregulaci\u00f3n emocional a escuelas - Canal 7 SLP - 2025","robots":{"index":"index","follow":"follow","max-snippet":"max-snippet:-1","max-image-preview":"max-image-preview:large","max-video-preview":"max-video-preview:-1"},"canonical":"https:\/\/canal7slp.tv\/2025\/temazcalli-ha-llevado-programas-de-salud-mental-prevencion-de-adicciones-y-autorregulacion-emocional-a-escuelas\/","og_locale":"es_ES","og_type":"article","og_title":"Temazcalli ha llevado programas de salud mental, prevenci\u00f3n de adicciones y autorregulaci\u00f3n emocional a escuelas - Canal 7 SLP - 2025","og_description":"SLP.- A lo largo del 2025 el Instituto Temazcalli en el Estado de San Luis Potos\u00ed ha otorgado alrededor de 30 mil atenciones en centros educativos con temas de salud mental, prevenci\u00f3n de adicciones y auto regulaci\u00f3n emocional, as\u00ed lo hizo saber su director Ren\u00e9 Contreras Flores. \u201cTenemos diferentes programas donde andamos en las escuelas de nivel primaria, secundaria y bachillerato (\u2026) nos han dado las facilidades para llevar el prog rama de prevenci\u00f3n de adicciones, salud mental, auto regulaci\u00f3n emocional, por ah\u00ed depresi\u00f3n (\u2026) ahorita llevamos arriba de 30 mil atenciones en las aulas\u201d. Las pl\u00e1ticas se realizan en [&hellip;]","og_url":"https:\/\/canal7slp.tv\/2025\/temazcalli-ha-llevado-programas-de-salud-mental-prevencion-de-adicciones-y-autorregulacion-emocional-a-escuelas\/","og_site_name":"Canal 7 SLP - 2025","article_publisher":"https:\/\/www.facebook.com\/noticieroscanal7atencionciudadana\/","article_published_time":"2025-08-07T23:07:18+00:00","og_image":[{"width":1920,"height":1080,"url":"https:\/\/canal7slp.tv\/2025\/wp-content\/uploads\/2025\/08\/Poky02Temazcalli.jpg","type":"image\/jpeg"}],"author":"Edici\u00f3n Web","twitter_card":"summary_large_image","twitter_creator":"@NOTICIEROS7","twitter_site":"@NOTICIEROS7","twitter_misc":{"Escrito por":"Edici\u00f3n Web","Tiempo de lectura":"2 minutos"},"schema":{"@context":"https:\/\/schema.org","@graph":[{"@type":"Article","@id":"https:\/\/canal7slp.tv\/2025\/temazcalli-ha-llevado-programas-de-salud-mental-prevencion-de-adicciones-y-autorregulacion-emocional-a-escuelas\/#article","isPartOf":{"@id":"https:\/\/canal7slp.tv\/2025\/temazcalli-ha-llevado-programas-de-salud-mental-prevencion-de-adicciones-y-autorregulacion-emocional-a-escuelas\/"},"author":{"name":"Edici\u00f3n Web","@id":"https:\/\/canal7slp.tv\/2025\/#\/schema\/person\/271e2b60a96e7cc9d9ac296f4d7e414b"},"headline":"Temazcalli ha llevado programas de salud mental, prevenci\u00f3n de adicciones y autorregulaci\u00f3n emocional a escuelas","datePublished":"2025-08-07T23:07:18+00:00","mainEntityOfPage":{"@id":"https:\/\/canal7slp.tv\/2025\/temazcalli-ha-llevado-programas-de-salud-mental-prevencion-de-adicciones-y-autorregulacion-emocional-a-escuelas\/"},"wordCount":297,"publisher":{"@id":"https:\/\/canal7slp.tv\/2025\/#organization"},"image":{"@id":"https:\/\/canal7slp.tv\/2025\/temazcalli-ha-llevado-programas-de-salud-mental-prevencion-de-adicciones-y-autorregulacion-emocional-a-escuelas\/#primaryimage"},"thumbnailUrl":"https:\/\/canal7slp.tv\/2025\/wp-content\/uploads\/2025\/08\/Poky02Temazcalli.jpg","articleSection":["DESTACADAS","LOCALES Y REGIONALES"],"inLanguage":"es"},{"@type":"WebPage","@id":"https:\/\/canal7slp.tv\/2025\/temazcalli-ha-llevado-programas-de-salud-mental-prevencion-de-adicciones-y-autorregulacion-emocional-a-escuelas\/","url":"https:\/\/canal7slp.tv\/2025\/temazcalli-ha-llevado-programas-de-salud-mental-prevencion-de-adicciones-y-autorregulacion-emocional-a-escuelas\/","name":"Temazcalli ha llevado programas de salud mental, prevenci\u00f3n de adicciones y autorregulaci\u00f3n emocional a escuelas - Canal 7 SLP - 2025","isPartOf":{"@id":"https:\/\/canal7slp.tv\/2025\/#website"},"primaryImageOfPage":{"@id":"https:\/\/canal7slp.tv\/2025\/temazcalli-ha-llevado-programas-de-salud-mental-prevencion-de-adicciones-y-autorregulacion-emocional-a-escuelas\/#primaryimage"},"image":{"@id":"https:\/\/canal7slp.tv\/2025\/temazcalli-ha-llevado-programas-de-salud-mental-prevencion-de-adicciones-y-autorregulacion-emocional-a-escuelas\/#primaryimage"},"thumbnailUrl":"https:\/\/canal7slp.tv\/2025\/wp-content\/uploads\/2025\/08\/Poky02Temazcalli.jpg","datePublished":"2025-08-07T23:07:18+00:00","breadcrumb":{"@id":"https:\/\/canal7slp.tv\/2025\/temazcalli-ha-llevado-programas-de-salud-mental-prevencion-de-adicciones-y-autorregulacion-emocional-a-escuelas\/#breadcrumb"},"inLanguage":"es","potentialAction":[{"@type":"ReadAction","target":["https:\/\/canal7slp.tv\/2025\/temazcalli-ha-llevado-programas-de-salud-mental-prevencion-de-adicciones-y-autorregulacion-emocional-a-escuelas\/"]}]},{"@type":"ImageObject","inLanguage":"es","@id":"https:\/\/canal7slp.tv\/2025\/temazcalli-ha-llevado-programas-de-salud-mental-prevencion-de-adicciones-y-autorregulacion-emocional-a-escuelas\/#primaryimage","url":"https:\/\/canal7slp.tv\/2025\/wp-content\/uploads\/2025\/08\/Poky02Temazcalli.jpg","contentUrl":"https:\/\/canal7slp.tv\/2025\/wp-content\/uploads\/2025\/08\/Poky02Temazcalli.jpg","width":1920,"height":1080},{"@type":"BreadcrumbList","@id":"https:\/\/canal7slp.tv\/2025\/temazcalli-ha-llevado-programas-de-salud-mental-prevencion-de-adicciones-y-autorregulacion-emocional-a-escuelas\/#breadcrumb","itemListElement":[{"@type":"ListItem","position":1,"name":"Portada","item":"https:\/\/canal7slp.tv\/2025\/"},{"@type":"ListItem","position":2,"name":"Temazcalli ha llevado programas de salud mental, prevenci\u00f3n de adicciones y autorregulaci\u00f3n emocional a escuelas"}]},{"@type":"WebSite","@id":"https:\/\/canal7slp.tv\/2025\/#website","url":"https:\/\/canal7slp.tv\/2025\/","name":"N7 - Noticieros Canal 7","description":"Somos el Medio","publisher":{"@id":"https:\/\/canal7slp.tv\/2025\/#organization"},"potentialAction":[{"@type":"SearchAction","target":{"@type":"EntryPoint","urlTemplate":"https:\/\/canal7slp.tv\/2025\/?s={search_term_string}"},"query-input":{"@type":"PropertyValueSpecification","valueRequired":true,"valueName":"search_term_string"}}],"inLanguage":"es"},{"@type":"Organization","@id":"https:\/\/canal7slp.tv\/2025\/#organization","name":"Noticieros Canal 7","url":"https:\/\/canal7slp.tv\/2025\/","logo":{"@type":"ImageObject","inLanguage":"es","@id":"https:\/\/canal7slp.tv\/2025\/#\/schema\/logo\/image\/","url":"https:\/\/canal7slp.tv\/2025\/wp-content\/uploads\/2021\/01\/logo-noticieros@2x.png","contentUrl":"https:\/\/canal7slp.tv\/2025\/wp-content\/uploads\/2021\/01\/logo-noticieros@2x.png","width":1017,"height":268,"caption":"Noticieros Canal 7"},"image":{"@id":"https:\/\/canal7slp.tv\/2025\/#\/schema\/logo\/image\/"},"sameAs":["https:\/\/www.facebook.com\/noticieroscanal7atencionciudadana\/","https:\/\/x.com\/NOTICIEROS7","https:\/\/www.instagram.com\/canal7_slp","https:\/\/www.youtube.com\/channel\/UCliiYs-gP3JfJeqdPrNdd5A"]},{"@type":"Person","@id":"https:\/\/canal7slp.tv\/2025\/#\/schema\/person\/271e2b60a96e7cc9d9ac296f4d7e414b","name":"Edici\u00f3n Web","image":{"@type":"ImageObject","inLanguage":"es","@id":"https:\/\/secure.gravatar.com\/avatar\/eee448fc3f7164808013b816ba91ac7e43bbe82a70bebac296f8bc6f0addaa1a?s=96&d=mm&r=g","url":"https:\/\/secure.gravatar.com\/avatar\/eee448fc3f7164808013b816ba91ac7e43bbe82a70bebac296f8bc6f0addaa1a?s=96&d=mm&r=g","contentUrl":"https:\/\/secure.gravatar.com\/avatar\/eee448fc3f7164808013b816ba91ac7e43bbe82a70bebac296f8bc6f0addaa1a?s=96&d=mm&r=g","caption":"Edici\u00f3n Web"},"url":"https:\/\/canal7slp.tv\/2025\/author\/edicionweb\/"}]}},"_links":{"self":[{"href":"https:\/\/canal7slp.tv\/2025\/wp-json\/wp\/v2\/posts\/175787","targetHints":{"allow":["GET"]}}],"collection":[{"href":"https:\/\/canal7slp.tv\/2025\/wp-json\/wp\/v2\/posts"}],"about":[{"href":"https:\/\/canal7slp.tv\/2025\/wp-json\/wp\/v2\/types\/post"}],"author":[{"embeddable":true,"href":"https:\/\/canal7slp.tv\/2025\/wp-json\/wp\/v2\/users\/2"}],"replies":[{"embeddable":true,"href":"https:\/\/canal7slp.tv\/2025\/wp-json\/wp\/v2\/comments?post=175787"}],"version-history":[{"count":1,"href":"https:\/\/canal7slp.tv\/2025\/wp-json\/wp\/v2\/posts\/175787\/revisions"}],"predecessor-version":[{"id":175790,"href":"https:\/\/canal7slp.tv\/2025\/wp-json\/wp\/v2\/posts\/175787\/revisions\/175790"}],"wp:featuredmedia":[{"embeddable":true,"href":"https:\/\/canal7slp.tv\/2025\/wp-json\/wp\/v2\/media\/175789"}],"wp:attachment":[{"href":"https:\/\/canal7slp.tv\/2025\/wp-json\/wp\/v2\/media?parent=175787"}],"wp:term":[{"taxonomy":"category","embeddable":true,"href":"https:\/\/canal7slp.tv\/2025\/wp-json\/wp\/v2\/categories?post=175787"},{"taxonomy":"post_tag","embeddable":true,"href":"https:\/\/canal7slp.tv\/2025\/wp-json\/wp\/v2\/tags?post=175787"}],"curies":[{"name":"wp","href":"https:\/\/api.w.org\/{rel}","templated":true}]}}