{"id":175780,"date":"2025-08-07T17:02:48","date_gmt":"2025-08-07T23:02:48","guid":{"rendered":"https:\/\/canal7slp.tv\/2025\/?p=175780"},"modified":"2025-08-07T17:02:48","modified_gmt":"2025-08-07T23:02:48","slug":"secretaria-de-turismo-de-slp-invita-a-la-poblacion-a-asistir-a-la-fenapo","status":"publish","type":"post","link":"https:\/\/canal7slp.tv\/2025\/secretaria-de-turismo-de-slp-invita-a-la-poblacion-a-asistir-a-la-fenapo\/","title":{"rendered":"Secretaria de Turismo de SLP invita a la poblaci\u00f3n a asistir a la FENAPO"},"content":{"rendered":"<p style=\"text-align: justify;\">SLP.- Del 08 al 31 de agosto se celebrar\u00e1 la Feria Nacional Potosina 2025 y la titular de la Secretar\u00eda de Turismo del Estado de San Luis Potos\u00ed, Yolanda Josefina Cepeda Echavarr\u00eda realiz\u00f3 una invitaci\u00f3n al p\u00fablico en general a acudir a la m\u00e1xima fiesta del verano.<\/p>\n<p style=\"text-align: justify;\">\u201cYa nos confirmaron los seis Pueblos M\u00e1gicos (\u2026) van a estar participando con nosotros otros municipios, la presencia de los dos estados vecinos como Tamaulipas y Zacatecas ya llegaron, ya est\u00e1n aqu\u00ed\u201d.<\/p>\n<p style=\"text-align: justify;\">La cifra de visitantes se buscar\u00e1 sea superior a los ocho millones.<\/p>\n<p style=\"text-align: justify;\">\u201cEl a\u00f1o pasado hubo un ingreso aproximado de m\u00e1s de ocho millones y medio, hoy queremos superar la meta de los visitantes y bueno pues con una inversi\u00f3n de poco m\u00e1s de seis mil millones de pesos\u201d.<\/p>\n<p style=\"text-align: justify;\">Los conciertos del Teatro del Pueblo son una gran atracci\u00f3n.<\/p>\n<p style=\"text-align: justify;\">\u201cHay ya muchos amigos hoteleros que nos han manifestado que hay conciertos que ya dijeron con meses atr\u00e1s cuando supieron la cartelera que van a estar presentes; esperamos sin duda una gran derrama econ\u00f3mica (\u2026) que gana el transportista, el taxista, el que vende las papitas, el que vende los elotes, el de los restaurantes, los hoteles\u201d.<\/p>\n<p style=\"text-align: justify;\">Con respecto a la pol\u00e9mica por la visita del artista Marilyn Manson, la secretaria asever\u00f3 que la feria busca llegar a todos los p\u00fablicos por lo que en caso de que alguien no guste de dicho cantante puede simplemente acudir en otra ocasi\u00f3n al recinto ferial.<\/p>\n<p style=\"text-align: justify;\">\u201cY si no quieren ir a ver a Marilyn Manson pues que vayan otro d\u00eda, lo que si te quiero decir es que la feria siempre atrae a propios y extra\u00f1os y trae a todo mundo, es un evento familiar\u201d.<\/p>\n<p>Por: Juan Carlos Contreras<\/p>\n","protected":false},"excerpt":{"rendered":"<p>SLP.- Del 08 al 31 de agosto se celebrar\u00e1 la Feria Nacional Potosina 2025 y la titular de la Secretar\u00eda de Turismo del Estado de San Luis Potos\u00ed, Yolanda Josefina Cepeda Echavarr\u00eda realiz\u00f3 una invitaci\u00f3n al p\u00fablico en general a acudir a la m\u00e1xima fiesta del verano. \u201cYa nos confirmaron los seis Pueblos M\u00e1gicos (\u2026) van a estar participando con nosotros otros municipios, la presencia de los dos estados vecinos como Tamaulipas y Zacatecas ya llegaron, ya est\u00e1n aqu\u00ed\u201d. La cifra de visitantes se buscar\u00e1 sea superior a los ocho millones. \u201cEl a\u00f1o pasado hubo un ingreso aproximado de m\u00e1s [&hellip;]<\/p>\n","protected":false},"author":2,"featured_media":175785,"comment_status":"closed","ping_status":"closed","sticky":false,"template":"","format":"video","meta":{"_monsterinsights_skip_tracking":false,"_monsterinsights_sitenote_active":false,"_monsterinsights_sitenote_note":"","_monsterinsights_sitenote_category":0,"footnotes":""},"categories":[5,510,45],"tags":[],"class_list":["post-175780","post","type-post","status-publish","format-video","has-post-thumbnail","hentry","category-destacadas","category-gobedoslp","category-localesyregionales","post_format-post-format-video","post--single"],"yoast_head":"<!-- This site is optimized with the Yoast SEO plugin v27.5 - https:\/\/yoast.com\/product\/yoast-seo-wordpress\/ -->\n<title>Secretaria de Turismo de SLP invita a la poblaci\u00f3n a asistir a la FENAPO - Canal 7 SLP - 2025<\/title>\n<meta name=\"robots\" content=\"index, follow, max-snippet:-1, max-image-preview:large, max-video-preview:-1\" \/>\n<link rel=\"canonical\" href=\"https:\/\/canal7slp.tv\/2025\/secretaria-de-turismo-de-slp-invita-a-la-poblacion-a-asistir-a-la-fenapo\/\" \/>\n<meta property=\"og:locale\" content=\"es_ES\" \/>\n<meta property=\"og:type\" content=\"article\" \/>\n<meta property=\"og:title\" content=\"Secretaria de Turismo de SLP invita a la poblaci\u00f3n a asistir a la FENAPO - Canal 7 SLP - 2025\" \/>\n<meta property=\"og:description\" content=\"SLP.- Del 08 al 31 de agosto se celebrar\u00e1 la Feria Nacional Potosina 2025 y la titular de la Secretar\u00eda de Turismo del Estado de San Luis Potos\u00ed, Yolanda Josefina Cepeda Echavarr\u00eda realiz\u00f3 una invitaci\u00f3n al p\u00fablico en general a acudir a la m\u00e1xima fiesta del verano. \u201cYa nos confirmaron los seis Pueblos M\u00e1gicos (\u2026) van a estar participando con nosotros otros municipios, la presencia de los dos estados vecinos como Tamaulipas y Zacatecas ya llegaron, ya est\u00e1n aqu\u00ed\u201d. La cifra de visitantes se buscar\u00e1 sea superior a los ocho millones. \u201cEl a\u00f1o pasado hubo un ingreso aproximado de m\u00e1s [&hellip;]\" \/>\n<meta property=\"og:url\" content=\"https:\/\/canal7slp.tv\/2025\/secretaria-de-turismo-de-slp-invita-a-la-poblacion-a-asistir-a-la-fenapo\/\" \/>\n<meta property=\"og:site_name\" content=\"Canal 7 SLP - 2025\" \/>\n<meta property=\"article:publisher\" content=\"https:\/\/www.facebook.com\/noticieroscanal7atencionciudadana\/\" \/>\n<meta property=\"article:published_time\" content=\"2025-08-07T23:02:48+00:00\" \/>\n<meta property=\"og:image\" content=\"https:\/\/canal7slp.tv\/2025\/wp-content\/uploads\/2025\/08\/Poky01TurismoFenapo.jpg\" \/>\n\t<meta property=\"og:image:width\" content=\"1920\" \/>\n\t<meta property=\"og:image:height\" content=\"1080\" \/>\n\t<meta property=\"og:image:type\" content=\"image\/jpeg\" \/>\n<meta name=\"author\" content=\"Edici\u00f3n Web\" \/>\n<meta name=\"twitter:card\" content=\"summary_large_image\" \/>\n<meta name=\"twitter:creator\" content=\"@NOTICIEROS7\" \/>\n<meta name=\"twitter:site\" content=\"@NOTICIEROS7\" \/>\n<meta name=\"twitter:label1\" content=\"Escrito por\" \/>\n\t<meta name=\"twitter:data1\" content=\"Edici\u00f3n Web\" \/>\n\t<meta name=\"twitter:label2\" content=\"Tiempo de lectura\" \/>\n\t<meta name=\"twitter:data2\" content=\"2 minutos\" \/>\n<script type=\"application\/ld+json\" class=\"yoast-schema-graph\">{\"@context\":\"https:\\\/\\\/schema.org\",\"@graph\":[{\"@type\":\"Article\",\"@id\":\"https:\\\/\\\/canal7slp.tv\\\/2025\\\/secretaria-de-turismo-de-slp-invita-a-la-poblacion-a-asistir-a-la-fenapo\\\/#article\",\"isPartOf\":{\"@id\":\"https:\\\/\\\/canal7slp.tv\\\/2025\\\/secretaria-de-turismo-de-slp-invita-a-la-poblacion-a-asistir-a-la-fenapo\\\/\"},\"author\":{\"name\":\"Edici\u00f3n Web\",\"@id\":\"https:\\\/\\\/canal7slp.tv\\\/2025\\\/#\\\/schema\\\/person\\\/271e2b60a96e7cc9d9ac296f4d7e414b\"},\"headline\":\"Secretaria de Turismo de SLP invita a la poblaci\u00f3n a asistir a la FENAPO\",\"datePublished\":\"2025-08-07T23:02:48+00:00\",\"mainEntityOfPage\":{\"@id\":\"https:\\\/\\\/canal7slp.tv\\\/2025\\\/secretaria-de-turismo-de-slp-invita-a-la-poblacion-a-asistir-a-la-fenapo\\\/\"},\"wordCount\":315,\"publisher\":{\"@id\":\"https:\\\/\\\/canal7slp.tv\\\/2025\\\/#organization\"},\"image\":{\"@id\":\"https:\\\/\\\/canal7slp.tv\\\/2025\\\/secretaria-de-turismo-de-slp-invita-a-la-poblacion-a-asistir-a-la-fenapo\\\/#primaryimage\"},\"thumbnailUrl\":\"https:\\\/\\\/canal7slp.tv\\\/2025\\\/wp-content\\\/uploads\\\/2025\\\/08\\\/Poky01TurismoFenapo.jpg\",\"articleSection\":[\"DESTACADAS\",\"GOBEDOSLP\",\"LOCALES Y REGIONALES\"],\"inLanguage\":\"es\"},{\"@type\":\"WebPage\",\"@id\":\"https:\\\/\\\/canal7slp.tv\\\/2025\\\/secretaria-de-turismo-de-slp-invita-a-la-poblacion-a-asistir-a-la-fenapo\\\/\",\"url\":\"https:\\\/\\\/canal7slp.tv\\\/2025\\\/secretaria-de-turismo-de-slp-invita-a-la-poblacion-a-asistir-a-la-fenapo\\\/\",\"name\":\"Secretaria de Turismo de SLP invita a la poblaci\u00f3n a asistir a la FENAPO - Canal 7 SLP - 2025\",\"isPartOf\":{\"@id\":\"https:\\\/\\\/canal7slp.tv\\\/2025\\\/#website\"},\"primaryImageOfPage\":{\"@id\":\"https:\\\/\\\/canal7slp.tv\\\/2025\\\/secretaria-de-turismo-de-slp-invita-a-la-poblacion-a-asistir-a-la-fenapo\\\/#primaryimage\"},\"image\":{\"@id\":\"https:\\\/\\\/canal7slp.tv\\\/2025\\\/secretaria-de-turismo-de-slp-invita-a-la-poblacion-a-asistir-a-la-fenapo\\\/#primaryimage\"},\"thumbnailUrl\":\"https:\\\/\\\/canal7slp.tv\\\/2025\\\/wp-content\\\/uploads\\\/2025\\\/08\\\/Poky01TurismoFenapo.jpg\",\"datePublished\":\"2025-08-07T23:02:48+00:00\",\"breadcrumb\":{\"@id\":\"https:\\\/\\\/canal7slp.tv\\\/2025\\\/secretaria-de-turismo-de-slp-invita-a-la-poblacion-a-asistir-a-la-fenapo\\\/#breadcrumb\"},\"inLanguage\":\"es\",\"potentialAction\":[{\"@type\":\"ReadAction\",\"target\":[\"https:\\\/\\\/canal7slp.tv\\\/2025\\\/secretaria-de-turismo-de-slp-invita-a-la-poblacion-a-asistir-a-la-fenapo\\\/\"]}]},{\"@type\":\"ImageObject\",\"inLanguage\":\"es\",\"@id\":\"https:\\\/\\\/canal7slp.tv\\\/2025\\\/secretaria-de-turismo-de-slp-invita-a-la-poblacion-a-asistir-a-la-fenapo\\\/#primaryimage\",\"url\":\"https:\\\/\\\/canal7slp.tv\\\/2025\\\/wp-content\\\/uploads\\\/2025\\\/08\\\/Poky01TurismoFenapo.jpg\",\"contentUrl\":\"https:\\\/\\\/canal7slp.tv\\\/2025\\\/wp-content\\\/uploads\\\/2025\\\/08\\\/Poky01TurismoFenapo.jpg\",\"width\":1920,\"height\":1080},{\"@type\":\"BreadcrumbList\",\"@id\":\"https:\\\/\\\/canal7slp.tv\\\/2025\\\/secretaria-de-turismo-de-slp-invita-a-la-poblacion-a-asistir-a-la-fenapo\\\/#breadcrumb\",\"itemListElement\":[{\"@type\":\"ListItem\",\"position\":1,\"name\":\"Portada\",\"item\":\"https:\\\/\\\/canal7slp.tv\\\/2025\\\/\"},{\"@type\":\"ListItem\",\"position\":2,\"name\":\"Secretaria de Turismo de SLP invita a la poblaci\u00f3n a asistir a la FENAPO\"}]},{\"@type\":\"WebSite\",\"@id\":\"https:\\\/\\\/canal7slp.tv\\\/2025\\\/#website\",\"url\":\"https:\\\/\\\/canal7slp.tv\\\/2025\\\/\",\"name\":\"N7 - Noticieros Canal 7\",\"description\":\"Somos el Medio\",\"publisher\":{\"@id\":\"https:\\\/\\\/canal7slp.tv\\\/2025\\\/#organization\"},\"potentialAction\":[{\"@type\":\"SearchAction\",\"target\":{\"@type\":\"EntryPoint\",\"urlTemplate\":\"https:\\\/\\\/canal7slp.tv\\\/2025\\\/?s={search_term_string}\"},\"query-input\":{\"@type\":\"PropertyValueSpecification\",\"valueRequired\":true,\"valueName\":\"search_term_string\"}}],\"inLanguage\":\"es\"},{\"@type\":\"Organization\",\"@id\":\"https:\\\/\\\/canal7slp.tv\\\/2025\\\/#organization\",\"name\":\"Noticieros Canal 7\",\"url\":\"https:\\\/\\\/canal7slp.tv\\\/2025\\\/\",\"logo\":{\"@type\":\"ImageObject\",\"inLanguage\":\"es\",\"@id\":\"https:\\\/\\\/canal7slp.tv\\\/2025\\\/#\\\/schema\\\/logo\\\/image\\\/\",\"url\":\"https:\\\/\\\/canal7slp.tv\\\/2025\\\/wp-content\\\/uploads\\\/2021\\\/01\\\/logo-noticieros@2x.png\",\"contentUrl\":\"https:\\\/\\\/canal7slp.tv\\\/2025\\\/wp-content\\\/uploads\\\/2021\\\/01\\\/logo-noticieros@2x.png\",\"width\":1017,\"height\":268,\"caption\":\"Noticieros Canal 7\"},\"image\":{\"@id\":\"https:\\\/\\\/canal7slp.tv\\\/2025\\\/#\\\/schema\\\/logo\\\/image\\\/\"},\"sameAs\":[\"https:\\\/\\\/www.facebook.com\\\/noticieroscanal7atencionciudadana\\\/\",\"https:\\\/\\\/x.com\\\/NOTICIEROS7\",\"https:\\\/\\\/www.instagram.com\\\/canal7_slp\",\"https:\\\/\\\/www.youtube.com\\\/channel\\\/UCliiYs-gP3JfJeqdPrNdd5A\"]},{\"@type\":\"Person\",\"@id\":\"https:\\\/\\\/canal7slp.tv\\\/2025\\\/#\\\/schema\\\/person\\\/271e2b60a96e7cc9d9ac296f4d7e414b\",\"name\":\"Edici\u00f3n Web\",\"image\":{\"@type\":\"ImageObject\",\"inLanguage\":\"es\",\"@id\":\"https:\\\/\\\/secure.gravatar.com\\\/avatar\\\/eee448fc3f7164808013b816ba91ac7e43bbe82a70bebac296f8bc6f0addaa1a?s=96&d=mm&r=g\",\"url\":\"https:\\\/\\\/secure.gravatar.com\\\/avatar\\\/eee448fc3f7164808013b816ba91ac7e43bbe82a70bebac296f8bc6f0addaa1a?s=96&d=mm&r=g\",\"contentUrl\":\"https:\\\/\\\/secure.gravatar.com\\\/avatar\\\/eee448fc3f7164808013b816ba91ac7e43bbe82a70bebac296f8bc6f0addaa1a?s=96&d=mm&r=g\",\"caption\":\"Edici\u00f3n Web\"},\"url\":\"https:\\\/\\\/canal7slp.tv\\\/2025\\\/author\\\/edicionweb\\\/\"}]}<\/script>\n<!-- \/ Yoast SEO plugin. -->","yoast_head_json":{"title":"Secretaria de Turismo de SLP invita a la poblaci\u00f3n a asistir a la FENAPO - Canal 7 SLP - 2025","robots":{"index":"index","follow":"follow","max-snippet":"max-snippet:-1","max-image-preview":"max-image-preview:large","max-video-preview":"max-video-preview:-1"},"canonical":"https:\/\/canal7slp.tv\/2025\/secretaria-de-turismo-de-slp-invita-a-la-poblacion-a-asistir-a-la-fenapo\/","og_locale":"es_ES","og_type":"article","og_title":"Secretaria de Turismo de SLP invita a la poblaci\u00f3n a asistir a la FENAPO - Canal 7 SLP - 2025","og_description":"SLP.- Del 08 al 31 de agosto se celebrar\u00e1 la Feria Nacional Potosina 2025 y la titular de la Secretar\u00eda de Turismo del Estado de San Luis Potos\u00ed, Yolanda Josefina Cepeda Echavarr\u00eda realiz\u00f3 una invitaci\u00f3n al p\u00fablico en general a acudir a la m\u00e1xima fiesta del verano. \u201cYa nos confirmaron los seis Pueblos M\u00e1gicos (\u2026) van a estar participando con nosotros otros municipios, la presencia de los dos estados vecinos como Tamaulipas y Zacatecas ya llegaron, ya est\u00e1n aqu\u00ed\u201d. La cifra de visitantes se buscar\u00e1 sea superior a los ocho millones. \u201cEl a\u00f1o pasado hubo un ingreso aproximado de m\u00e1s [&hellip;]","og_url":"https:\/\/canal7slp.tv\/2025\/secretaria-de-turismo-de-slp-invita-a-la-poblacion-a-asistir-a-la-fenapo\/","og_site_name":"Canal 7 SLP - 2025","article_publisher":"https:\/\/www.facebook.com\/noticieroscanal7atencionciudadana\/","article_published_time":"2025-08-07T23:02:48+00:00","og_image":[{"width":1920,"height":1080,"url":"https:\/\/canal7slp.tv\/2025\/wp-content\/uploads\/2025\/08\/Poky01TurismoFenapo.jpg","type":"image\/jpeg"}],"author":"Edici\u00f3n Web","twitter_card":"summary_large_image","twitter_creator":"@NOTICIEROS7","twitter_site":"@NOTICIEROS7","twitter_misc":{"Escrito por":"Edici\u00f3n Web","Tiempo de lectura":"2 minutos"},"schema":{"@context":"https:\/\/schema.org","@graph":[{"@type":"Article","@id":"https:\/\/canal7slp.tv\/2025\/secretaria-de-turismo-de-slp-invita-a-la-poblacion-a-asistir-a-la-fenapo\/#article","isPartOf":{"@id":"https:\/\/canal7slp.tv\/2025\/secretaria-de-turismo-de-slp-invita-a-la-poblacion-a-asistir-a-la-fenapo\/"},"author":{"name":"Edici\u00f3n Web","@id":"https:\/\/canal7slp.tv\/2025\/#\/schema\/person\/271e2b60a96e7cc9d9ac296f4d7e414b"},"headline":"Secretaria de Turismo de SLP invita a la poblaci\u00f3n a asistir a la FENAPO","datePublished":"2025-08-07T23:02:48+00:00","mainEntityOfPage":{"@id":"https:\/\/canal7slp.tv\/2025\/secretaria-de-turismo-de-slp-invita-a-la-poblacion-a-asistir-a-la-fenapo\/"},"wordCount":315,"publisher":{"@id":"https:\/\/canal7slp.tv\/2025\/#organization"},"image":{"@id":"https:\/\/canal7slp.tv\/2025\/secretaria-de-turismo-de-slp-invita-a-la-poblacion-a-asistir-a-la-fenapo\/#primaryimage"},"thumbnailUrl":"https:\/\/canal7slp.tv\/2025\/wp-content\/uploads\/2025\/08\/Poky01TurismoFenapo.jpg","articleSection":["DESTACADAS","GOBEDOSLP","LOCALES Y REGIONALES"],"inLanguage":"es"},{"@type":"WebPage","@id":"https:\/\/canal7slp.tv\/2025\/secretaria-de-turismo-de-slp-invita-a-la-poblacion-a-asistir-a-la-fenapo\/","url":"https:\/\/canal7slp.tv\/2025\/secretaria-de-turismo-de-slp-invita-a-la-poblacion-a-asistir-a-la-fenapo\/","name":"Secretaria de Turismo de SLP invita a la poblaci\u00f3n a asistir a la FENAPO - Canal 7 SLP - 2025","isPartOf":{"@id":"https:\/\/canal7slp.tv\/2025\/#website"},"primaryImageOfPage":{"@id":"https:\/\/canal7slp.tv\/2025\/secretaria-de-turismo-de-slp-invita-a-la-poblacion-a-asistir-a-la-fenapo\/#primaryimage"},"image":{"@id":"https:\/\/canal7slp.tv\/2025\/secretaria-de-turismo-de-slp-invita-a-la-poblacion-a-asistir-a-la-fenapo\/#primaryimage"},"thumbnailUrl":"https:\/\/canal7slp.tv\/2025\/wp-content\/uploads\/2025\/08\/Poky01TurismoFenapo.jpg","datePublished":"2025-08-07T23:02:48+00:00","breadcrumb":{"@id":"https:\/\/canal7slp.tv\/2025\/secretaria-de-turismo-de-slp-invita-a-la-poblacion-a-asistir-a-la-fenapo\/#breadcrumb"},"inLanguage":"es","potentialAction":[{"@type":"ReadAction","target":["https:\/\/canal7slp.tv\/2025\/secretaria-de-turismo-de-slp-invita-a-la-poblacion-a-asistir-a-la-fenapo\/"]}]},{"@type":"ImageObject","inLanguage":"es","@id":"https:\/\/canal7slp.tv\/2025\/secretaria-de-turismo-de-slp-invita-a-la-poblacion-a-asistir-a-la-fenapo\/#primaryimage","url":"https:\/\/canal7slp.tv\/2025\/wp-content\/uploads\/2025\/08\/Poky01TurismoFenapo.jpg","contentUrl":"https:\/\/canal7slp.tv\/2025\/wp-content\/uploads\/2025\/08\/Poky01TurismoFenapo.jpg","width":1920,"height":1080},{"@type":"BreadcrumbList","@id":"https:\/\/canal7slp.tv\/2025\/secretaria-de-turismo-de-slp-invita-a-la-poblacion-a-asistir-a-la-fenapo\/#breadcrumb","itemListElement":[{"@type":"ListItem","position":1,"name":"Portada","item":"https:\/\/canal7slp.tv\/2025\/"},{"@type":"ListItem","position":2,"name":"Secretaria de Turismo de SLP invita a la poblaci\u00f3n a asistir a la FENAPO"}]},{"@type":"WebSite","@id":"https:\/\/canal7slp.tv\/2025\/#website","url":"https:\/\/canal7slp.tv\/2025\/","name":"N7 - Noticieros Canal 7","description":"Somos el Medio","publisher":{"@id":"https:\/\/canal7slp.tv\/2025\/#organization"},"potentialAction":[{"@type":"SearchAction","target":{"@type":"EntryPoint","urlTemplate":"https:\/\/canal7slp.tv\/2025\/?s={search_term_string}"},"query-input":{"@type":"PropertyValueSpecification","valueRequired":true,"valueName":"search_term_string"}}],"inLanguage":"es"},{"@type":"Organization","@id":"https:\/\/canal7slp.tv\/2025\/#organization","name":"Noticieros Canal 7","url":"https:\/\/canal7slp.tv\/2025\/","logo":{"@type":"ImageObject","inLanguage":"es","@id":"https:\/\/canal7slp.tv\/2025\/#\/schema\/logo\/image\/","url":"https:\/\/canal7slp.tv\/2025\/wp-content\/uploads\/2021\/01\/logo-noticieros@2x.png","contentUrl":"https:\/\/canal7slp.tv\/2025\/wp-content\/uploads\/2021\/01\/logo-noticieros@2x.png","width":1017,"height":268,"caption":"Noticieros Canal 7"},"image":{"@id":"https:\/\/canal7slp.tv\/2025\/#\/schema\/logo\/image\/"},"sameAs":["https:\/\/www.facebook.com\/noticieroscanal7atencionciudadana\/","https:\/\/x.com\/NOTICIEROS7","https:\/\/www.instagram.com\/canal7_slp","https:\/\/www.youtube.com\/channel\/UCliiYs-gP3JfJeqdPrNdd5A"]},{"@type":"Person","@id":"https:\/\/canal7slp.tv\/2025\/#\/schema\/person\/271e2b60a96e7cc9d9ac296f4d7e414b","name":"Edici\u00f3n Web","image":{"@type":"ImageObject","inLanguage":"es","@id":"https:\/\/secure.gravatar.com\/avatar\/eee448fc3f7164808013b816ba91ac7e43bbe82a70bebac296f8bc6f0addaa1a?s=96&d=mm&r=g","url":"https:\/\/secure.gravatar.com\/avatar\/eee448fc3f7164808013b816ba91ac7e43bbe82a70bebac296f8bc6f0addaa1a?s=96&d=mm&r=g","contentUrl":"https:\/\/secure.gravatar.com\/avatar\/eee448fc3f7164808013b816ba91ac7e43bbe82a70bebac296f8bc6f0addaa1a?s=96&d=mm&r=g","caption":"Edici\u00f3n Web"},"url":"https:\/\/canal7slp.tv\/2025\/author\/edicionweb\/"}]}},"_links":{"self":[{"href":"https:\/\/canal7slp.tv\/2025\/wp-json\/wp\/v2\/posts\/175780","targetHints":{"allow":["GET"]}}],"collection":[{"href":"https:\/\/canal7slp.tv\/2025\/wp-json\/wp\/v2\/posts"}],"about":[{"href":"https:\/\/canal7slp.tv\/2025\/wp-json\/wp\/v2\/types\/post"}],"author":[{"embeddable":true,"href":"https:\/\/canal7slp.tv\/2025\/wp-json\/wp\/v2\/users\/2"}],"replies":[{"embeddable":true,"href":"https:\/\/canal7slp.tv\/2025\/wp-json\/wp\/v2\/comments?post=175780"}],"version-history":[{"count":1,"href":"https:\/\/canal7slp.tv\/2025\/wp-json\/wp\/v2\/posts\/175780\/revisions"}],"predecessor-version":[{"id":175786,"href":"https:\/\/canal7slp.tv\/2025\/wp-json\/wp\/v2\/posts\/175780\/revisions\/175786"}],"wp:featuredmedia":[{"embeddable":true,"href":"https:\/\/canal7slp.tv\/2025\/wp-json\/wp\/v2\/media\/175785"}],"wp:attachment":[{"href":"https:\/\/canal7slp.tv\/2025\/wp-json\/wp\/v2\/media?parent=175780"}],"wp:term":[{"taxonomy":"category","embeddable":true,"href":"https:\/\/canal7slp.tv\/2025\/wp-json\/wp\/v2\/categories?post=175780"},{"taxonomy":"post_tag","embeddable":true,"href":"https:\/\/canal7slp.tv\/2025\/wp-json\/wp\/v2\/tags?post=175780"}],"curies":[{"name":"wp","href":"https:\/\/api.w.org\/{rel}","templated":true}]}}