{"id":175770,"date":"2025-08-07T16:13:52","date_gmt":"2025-08-07T22:13:52","guid":{"rendered":"https:\/\/canal7slp.tv\/2025\/?p=175770"},"modified":"2025-08-07T16:13:52","modified_gmt":"2025-08-07T22:13:52","slug":"trump-amplia-red-de-carceles-para-migrantes","status":"publish","type":"post","link":"https:\/\/canal7slp.tv\/2025\/trump-amplia-red-de-carceles-para-migrantes\/","title":{"rendered":"Trump ampl\u00eda red de c\u00e1rceles para migrantes"},"content":{"rendered":"<p style=\"text-align: justify;\">EUA.- La administraci\u00f3n del expresidente Donald Trump ha intensificado el uso de c\u00e1rceles locales para detener migrantes, aumentando a 150 las instalaciones utilizadas por el Servicio de Inmigraci\u00f3n y Control de Aduanas (ICE), en respuesta al crecimiento del 49% en la poblaci\u00f3n detenida desde enero.<\/p>\n<p style=\"text-align: justify;\">A mediados de julio, ICE ten\u00eda bajo su custodia a 55,568 personas, en comparaci\u00f3n con las 37,317 registradas a finales de enero. Durante junio, el organismo oper\u00f3 en 436 instalaciones \u00abactivas\u00bb, lo que representa un alza del 7.13% respecto al inicio del a\u00f1o, seg\u00fan datos de la organizaci\u00f3n Vera.<\/p>\n<p style=\"text-align: justify;\">Adem\u00e1s, la Prison Policy Initiative report\u00f3 que, entre mayo y junio, un promedio de 10,547 migrantes estuvieron recluidos en 80 c\u00e1rceles locales, mientras que The Marshall Project identific\u00f3 a 6,600 personas en 150 prisiones del mismo tipo.<\/p>\n<p style=\"text-align: justify;\">Un dato preocupante es que aproximadamente el 71.1% de los detenidos no tiene antecedentes penales, seg\u00fan el proyecto TRAC de la Universidad de Syracuse. A esto se suma que al menos tres cuartas partes de los centros de detenci\u00f3n operan por encima de su capacidad, lo que incluye 30 de 45 c\u00e1rceles de condado.<\/p>\n<p style=\"text-align: justify;\">La falta de transparencia tambi\u00e9n ha sido se\u00f1alada por expertos como Susan B. Long, cofundadora de TRAC, quien denunci\u00f3 que ICE omite informaci\u00f3n en sus informes. Un ejemplo de ello es el centro apodado \u201cAlligator Alcatraz\u201d, que abri\u00f3 el 3 de julio y no aparece en las estad\u00edsticas oficiales, a pesar de encontrarse en operaci\u00f3n.<\/p>\n<p style=\"text-align: justify;\">Seg\u00fan Michael Flynn, director del Global Detention Project, Estados Unidos mantiene el sistema de detenci\u00f3n migratoria m\u00e1s grande del mundo. Adem\u00e1s, ICE recibir\u00e1 45 mil millones de d\u00f3lares hasta 2029 para construir m\u00e1s centros de detenci\u00f3n, una cifra que supera en 62% el presupuesto del sistema penitenciario federal. La mayor\u00eda de estas instalaciones son operadas por contratistas privados, lo que ha despertado cr\u00edticas por posibles conflictos de inter\u00e9s.<\/p>\n<p style=\"text-align: justify;\">\n","protected":false},"excerpt":{"rendered":"<p>EUA.- La administraci\u00f3n del expresidente Donald Trump ha intensificado el uso de c\u00e1rceles locales para detener migrantes, aumentando a 150 las instalaciones utilizadas por el Servicio de Inmigraci\u00f3n y Control de Aduanas (ICE), en respuesta al crecimiento del 49% en la poblaci\u00f3n detenida desde enero. A mediados de julio, ICE ten\u00eda bajo su custodia a 55,568 personas, en comparaci\u00f3n con las 37,317 registradas a finales de enero. Durante junio, el organismo oper\u00f3 en 436 instalaciones \u00abactivas\u00bb, lo que representa un alza del 7.13% respecto al inicio del a\u00f1o, seg\u00fan datos de la organizaci\u00f3n Vera. Adem\u00e1s, la Prison Policy Initiative report\u00f3 [&hellip;]<\/p>\n","protected":false},"author":2,"featured_media":175771,"comment_status":"closed","ping_status":"closed","sticky":false,"template":"","format":"standard","meta":{"_monsterinsights_skip_tracking":false,"_monsterinsights_sitenote_active":false,"_monsterinsights_sitenote_note":"","_monsterinsights_sitenote_category":0,"footnotes":""},"categories":[44],"tags":[],"class_list":["post-175770","post","type-post","status-publish","format-standard","has-post-thumbnail","hentry","category-internacional","post--single"],"yoast_head":"<!-- This site is optimized with the Yoast SEO plugin v27.5 - https:\/\/yoast.com\/product\/yoast-seo-wordpress\/ -->\n<title>Trump ampl\u00eda red de c\u00e1rceles para migrantes - Canal 7 SLP - 2025<\/title>\n<meta name=\"robots\" content=\"index, follow, max-snippet:-1, max-image-preview:large, max-video-preview:-1\" \/>\n<link rel=\"canonical\" href=\"https:\/\/canal7slp.tv\/2025\/trump-amplia-red-de-carceles-para-migrantes\/\" \/>\n<meta property=\"og:locale\" content=\"es_ES\" \/>\n<meta property=\"og:type\" content=\"article\" \/>\n<meta property=\"og:title\" content=\"Trump ampl\u00eda red de c\u00e1rceles para migrantes - Canal 7 SLP - 2025\" \/>\n<meta property=\"og:description\" content=\"EUA.- La administraci\u00f3n del expresidente Donald Trump ha intensificado el uso de c\u00e1rceles locales para detener migrantes, aumentando a 150 las instalaciones utilizadas por el Servicio de Inmigraci\u00f3n y Control de Aduanas (ICE), en respuesta al crecimiento del 49% en la poblaci\u00f3n detenida desde enero. A mediados de julio, ICE ten\u00eda bajo su custodia a 55,568 personas, en comparaci\u00f3n con las 37,317 registradas a finales de enero. Durante junio, el organismo oper\u00f3 en 436 instalaciones \u00abactivas\u00bb, lo que representa un alza del 7.13% respecto al inicio del a\u00f1o, seg\u00fan datos de la organizaci\u00f3n Vera. Adem\u00e1s, la Prison Policy Initiative report\u00f3 [&hellip;]\" \/>\n<meta property=\"og:url\" content=\"https:\/\/canal7slp.tv\/2025\/trump-amplia-red-de-carceles-para-migrantes\/\" \/>\n<meta property=\"og:site_name\" content=\"Canal 7 SLP - 2025\" \/>\n<meta property=\"article:publisher\" content=\"https:\/\/www.facebook.com\/noticieroscanal7atencionciudadana\/\" \/>\n<meta property=\"article:published_time\" content=\"2025-08-07T22:13:52+00:00\" \/>\n<meta property=\"og:image\" content=\"https:\/\/canal7slp.tv\/2025\/wp-content\/uploads\/2025\/08\/09-6.jpg\" \/>\n\t<meta property=\"og:image:width\" content=\"728\" \/>\n\t<meta property=\"og:image:height\" content=\"410\" \/>\n\t<meta property=\"og:image:type\" content=\"image\/jpeg\" \/>\n<meta name=\"author\" content=\"Edici\u00f3n Web\" \/>\n<meta name=\"twitter:card\" content=\"summary_large_image\" \/>\n<meta name=\"twitter:creator\" content=\"@NOTICIEROS7\" \/>\n<meta name=\"twitter:site\" content=\"@NOTICIEROS7\" \/>\n<meta name=\"twitter:label1\" content=\"Escrito por\" \/>\n\t<meta name=\"twitter:data1\" content=\"Edici\u00f3n Web\" \/>\n\t<meta name=\"twitter:label2\" content=\"Tiempo de lectura\" \/>\n\t<meta name=\"twitter:data2\" content=\"2 minutos\" \/>\n<script type=\"application\/ld+json\" class=\"yoast-schema-graph\">{\"@context\":\"https:\\\/\\\/schema.org\",\"@graph\":[{\"@type\":\"Article\",\"@id\":\"https:\\\/\\\/canal7slp.tv\\\/2025\\\/trump-amplia-red-de-carceles-para-migrantes\\\/#article\",\"isPartOf\":{\"@id\":\"https:\\\/\\\/canal7slp.tv\\\/2025\\\/trump-amplia-red-de-carceles-para-migrantes\\\/\"},\"author\":{\"name\":\"Edici\u00f3n Web\",\"@id\":\"https:\\\/\\\/canal7slp.tv\\\/2025\\\/#\\\/schema\\\/person\\\/271e2b60a96e7cc9d9ac296f4d7e414b\"},\"headline\":\"Trump ampl\u00eda red de c\u00e1rceles para migrantes\",\"datePublished\":\"2025-08-07T22:13:52+00:00\",\"mainEntityOfPage\":{\"@id\":\"https:\\\/\\\/canal7slp.tv\\\/2025\\\/trump-amplia-red-de-carceles-para-migrantes\\\/\"},\"wordCount\":330,\"publisher\":{\"@id\":\"https:\\\/\\\/canal7slp.tv\\\/2025\\\/#organization\"},\"image\":{\"@id\":\"https:\\\/\\\/canal7slp.tv\\\/2025\\\/trump-amplia-red-de-carceles-para-migrantes\\\/#primaryimage\"},\"thumbnailUrl\":\"https:\\\/\\\/canal7slp.tv\\\/2025\\\/wp-content\\\/uploads\\\/2025\\\/08\\\/09-6.jpg\",\"articleSection\":[\"INTERNACIONALES\"],\"inLanguage\":\"es\"},{\"@type\":\"WebPage\",\"@id\":\"https:\\\/\\\/canal7slp.tv\\\/2025\\\/trump-amplia-red-de-carceles-para-migrantes\\\/\",\"url\":\"https:\\\/\\\/canal7slp.tv\\\/2025\\\/trump-amplia-red-de-carceles-para-migrantes\\\/\",\"name\":\"Trump ampl\u00eda red de c\u00e1rceles para migrantes - Canal 7 SLP - 2025\",\"isPartOf\":{\"@id\":\"https:\\\/\\\/canal7slp.tv\\\/2025\\\/#website\"},\"primaryImageOfPage\":{\"@id\":\"https:\\\/\\\/canal7slp.tv\\\/2025\\\/trump-amplia-red-de-carceles-para-migrantes\\\/#primaryimage\"},\"image\":{\"@id\":\"https:\\\/\\\/canal7slp.tv\\\/2025\\\/trump-amplia-red-de-carceles-para-migrantes\\\/#primaryimage\"},\"thumbnailUrl\":\"https:\\\/\\\/canal7slp.tv\\\/2025\\\/wp-content\\\/uploads\\\/2025\\\/08\\\/09-6.jpg\",\"datePublished\":\"2025-08-07T22:13:52+00:00\",\"breadcrumb\":{\"@id\":\"https:\\\/\\\/canal7slp.tv\\\/2025\\\/trump-amplia-red-de-carceles-para-migrantes\\\/#breadcrumb\"},\"inLanguage\":\"es\",\"potentialAction\":[{\"@type\":\"ReadAction\",\"target\":[\"https:\\\/\\\/canal7slp.tv\\\/2025\\\/trump-amplia-red-de-carceles-para-migrantes\\\/\"]}]},{\"@type\":\"ImageObject\",\"inLanguage\":\"es\",\"@id\":\"https:\\\/\\\/canal7slp.tv\\\/2025\\\/trump-amplia-red-de-carceles-para-migrantes\\\/#primaryimage\",\"url\":\"https:\\\/\\\/canal7slp.tv\\\/2025\\\/wp-content\\\/uploads\\\/2025\\\/08\\\/09-6.jpg\",\"contentUrl\":\"https:\\\/\\\/canal7slp.tv\\\/2025\\\/wp-content\\\/uploads\\\/2025\\\/08\\\/09-6.jpg\",\"width\":728,\"height\":410},{\"@type\":\"BreadcrumbList\",\"@id\":\"https:\\\/\\\/canal7slp.tv\\\/2025\\\/trump-amplia-red-de-carceles-para-migrantes\\\/#breadcrumb\",\"itemListElement\":[{\"@type\":\"ListItem\",\"position\":1,\"name\":\"Portada\",\"item\":\"https:\\\/\\\/canal7slp.tv\\\/2025\\\/\"},{\"@type\":\"ListItem\",\"position\":2,\"name\":\"Trump ampl\u00eda red de c\u00e1rceles para migrantes\"}]},{\"@type\":\"WebSite\",\"@id\":\"https:\\\/\\\/canal7slp.tv\\\/2025\\\/#website\",\"url\":\"https:\\\/\\\/canal7slp.tv\\\/2025\\\/\",\"name\":\"N7 - Noticieros Canal 7\",\"description\":\"Somos el Medio\",\"publisher\":{\"@id\":\"https:\\\/\\\/canal7slp.tv\\\/2025\\\/#organization\"},\"potentialAction\":[{\"@type\":\"SearchAction\",\"target\":{\"@type\":\"EntryPoint\",\"urlTemplate\":\"https:\\\/\\\/canal7slp.tv\\\/2025\\\/?s={search_term_string}\"},\"query-input\":{\"@type\":\"PropertyValueSpecification\",\"valueRequired\":true,\"valueName\":\"search_term_string\"}}],\"inLanguage\":\"es\"},{\"@type\":\"Organization\",\"@id\":\"https:\\\/\\\/canal7slp.tv\\\/2025\\\/#organization\",\"name\":\"Noticieros Canal 7\",\"url\":\"https:\\\/\\\/canal7slp.tv\\\/2025\\\/\",\"logo\":{\"@type\":\"ImageObject\",\"inLanguage\":\"es\",\"@id\":\"https:\\\/\\\/canal7slp.tv\\\/2025\\\/#\\\/schema\\\/logo\\\/image\\\/\",\"url\":\"https:\\\/\\\/canal7slp.tv\\\/2025\\\/wp-content\\\/uploads\\\/2021\\\/01\\\/logo-noticieros@2x.png\",\"contentUrl\":\"https:\\\/\\\/canal7slp.tv\\\/2025\\\/wp-content\\\/uploads\\\/2021\\\/01\\\/logo-noticieros@2x.png\",\"width\":1017,\"height\":268,\"caption\":\"Noticieros Canal 7\"},\"image\":{\"@id\":\"https:\\\/\\\/canal7slp.tv\\\/2025\\\/#\\\/schema\\\/logo\\\/image\\\/\"},\"sameAs\":[\"https:\\\/\\\/www.facebook.com\\\/noticieroscanal7atencionciudadana\\\/\",\"https:\\\/\\\/x.com\\\/NOTICIEROS7\",\"https:\\\/\\\/www.instagram.com\\\/canal7_slp\",\"https:\\\/\\\/www.youtube.com\\\/channel\\\/UCliiYs-gP3JfJeqdPrNdd5A\"]},{\"@type\":\"Person\",\"@id\":\"https:\\\/\\\/canal7slp.tv\\\/2025\\\/#\\\/schema\\\/person\\\/271e2b60a96e7cc9d9ac296f4d7e414b\",\"name\":\"Edici\u00f3n Web\",\"image\":{\"@type\":\"ImageObject\",\"inLanguage\":\"es\",\"@id\":\"https:\\\/\\\/secure.gravatar.com\\\/avatar\\\/eee448fc3f7164808013b816ba91ac7e43bbe82a70bebac296f8bc6f0addaa1a?s=96&d=mm&r=g\",\"url\":\"https:\\\/\\\/secure.gravatar.com\\\/avatar\\\/eee448fc3f7164808013b816ba91ac7e43bbe82a70bebac296f8bc6f0addaa1a?s=96&d=mm&r=g\",\"contentUrl\":\"https:\\\/\\\/secure.gravatar.com\\\/avatar\\\/eee448fc3f7164808013b816ba91ac7e43bbe82a70bebac296f8bc6f0addaa1a?s=96&d=mm&r=g\",\"caption\":\"Edici\u00f3n Web\"},\"url\":\"https:\\\/\\\/canal7slp.tv\\\/2025\\\/author\\\/edicionweb\\\/\"}]}<\/script>\n<!-- \/ Yoast SEO plugin. -->","yoast_head_json":{"title":"Trump ampl\u00eda red de c\u00e1rceles para migrantes - Canal 7 SLP - 2025","robots":{"index":"index","follow":"follow","max-snippet":"max-snippet:-1","max-image-preview":"max-image-preview:large","max-video-preview":"max-video-preview:-1"},"canonical":"https:\/\/canal7slp.tv\/2025\/trump-amplia-red-de-carceles-para-migrantes\/","og_locale":"es_ES","og_type":"article","og_title":"Trump ampl\u00eda red de c\u00e1rceles para migrantes - Canal 7 SLP - 2025","og_description":"EUA.- La administraci\u00f3n del expresidente Donald Trump ha intensificado el uso de c\u00e1rceles locales para detener migrantes, aumentando a 150 las instalaciones utilizadas por el Servicio de Inmigraci\u00f3n y Control de Aduanas (ICE), en respuesta al crecimiento del 49% en la poblaci\u00f3n detenida desde enero. A mediados de julio, ICE ten\u00eda bajo su custodia a 55,568 personas, en comparaci\u00f3n con las 37,317 registradas a finales de enero. Durante junio, el organismo oper\u00f3 en 436 instalaciones \u00abactivas\u00bb, lo que representa un alza del 7.13% respecto al inicio del a\u00f1o, seg\u00fan datos de la organizaci\u00f3n Vera. Adem\u00e1s, la Prison Policy Initiative report\u00f3 [&hellip;]","og_url":"https:\/\/canal7slp.tv\/2025\/trump-amplia-red-de-carceles-para-migrantes\/","og_site_name":"Canal 7 SLP - 2025","article_publisher":"https:\/\/www.facebook.com\/noticieroscanal7atencionciudadana\/","article_published_time":"2025-08-07T22:13:52+00:00","og_image":[{"width":728,"height":410,"url":"https:\/\/canal7slp.tv\/2025\/wp-content\/uploads\/2025\/08\/09-6.jpg","type":"image\/jpeg"}],"author":"Edici\u00f3n Web","twitter_card":"summary_large_image","twitter_creator":"@NOTICIEROS7","twitter_site":"@NOTICIEROS7","twitter_misc":{"Escrito por":"Edici\u00f3n Web","Tiempo de lectura":"2 minutos"},"schema":{"@context":"https:\/\/schema.org","@graph":[{"@type":"Article","@id":"https:\/\/canal7slp.tv\/2025\/trump-amplia-red-de-carceles-para-migrantes\/#article","isPartOf":{"@id":"https:\/\/canal7slp.tv\/2025\/trump-amplia-red-de-carceles-para-migrantes\/"},"author":{"name":"Edici\u00f3n Web","@id":"https:\/\/canal7slp.tv\/2025\/#\/schema\/person\/271e2b60a96e7cc9d9ac296f4d7e414b"},"headline":"Trump ampl\u00eda red de c\u00e1rceles para migrantes","datePublished":"2025-08-07T22:13:52+00:00","mainEntityOfPage":{"@id":"https:\/\/canal7slp.tv\/2025\/trump-amplia-red-de-carceles-para-migrantes\/"},"wordCount":330,"publisher":{"@id":"https:\/\/canal7slp.tv\/2025\/#organization"},"image":{"@id":"https:\/\/canal7slp.tv\/2025\/trump-amplia-red-de-carceles-para-migrantes\/#primaryimage"},"thumbnailUrl":"https:\/\/canal7slp.tv\/2025\/wp-content\/uploads\/2025\/08\/09-6.jpg","articleSection":["INTERNACIONALES"],"inLanguage":"es"},{"@type":"WebPage","@id":"https:\/\/canal7slp.tv\/2025\/trump-amplia-red-de-carceles-para-migrantes\/","url":"https:\/\/canal7slp.tv\/2025\/trump-amplia-red-de-carceles-para-migrantes\/","name":"Trump ampl\u00eda red de c\u00e1rceles para migrantes - Canal 7 SLP - 2025","isPartOf":{"@id":"https:\/\/canal7slp.tv\/2025\/#website"},"primaryImageOfPage":{"@id":"https:\/\/canal7slp.tv\/2025\/trump-amplia-red-de-carceles-para-migrantes\/#primaryimage"},"image":{"@id":"https:\/\/canal7slp.tv\/2025\/trump-amplia-red-de-carceles-para-migrantes\/#primaryimage"},"thumbnailUrl":"https:\/\/canal7slp.tv\/2025\/wp-content\/uploads\/2025\/08\/09-6.jpg","datePublished":"2025-08-07T22:13:52+00:00","breadcrumb":{"@id":"https:\/\/canal7slp.tv\/2025\/trump-amplia-red-de-carceles-para-migrantes\/#breadcrumb"},"inLanguage":"es","potentialAction":[{"@type":"ReadAction","target":["https:\/\/canal7slp.tv\/2025\/trump-amplia-red-de-carceles-para-migrantes\/"]}]},{"@type":"ImageObject","inLanguage":"es","@id":"https:\/\/canal7slp.tv\/2025\/trump-amplia-red-de-carceles-para-migrantes\/#primaryimage","url":"https:\/\/canal7slp.tv\/2025\/wp-content\/uploads\/2025\/08\/09-6.jpg","contentUrl":"https:\/\/canal7slp.tv\/2025\/wp-content\/uploads\/2025\/08\/09-6.jpg","width":728,"height":410},{"@type":"BreadcrumbList","@id":"https:\/\/canal7slp.tv\/2025\/trump-amplia-red-de-carceles-para-migrantes\/#breadcrumb","itemListElement":[{"@type":"ListItem","position":1,"name":"Portada","item":"https:\/\/canal7slp.tv\/2025\/"},{"@type":"ListItem","position":2,"name":"Trump ampl\u00eda red de c\u00e1rceles para migrantes"}]},{"@type":"WebSite","@id":"https:\/\/canal7slp.tv\/2025\/#website","url":"https:\/\/canal7slp.tv\/2025\/","name":"N7 - Noticieros Canal 7","description":"Somos el Medio","publisher":{"@id":"https:\/\/canal7slp.tv\/2025\/#organization"},"potentialAction":[{"@type":"SearchAction","target":{"@type":"EntryPoint","urlTemplate":"https:\/\/canal7slp.tv\/2025\/?s={search_term_string}"},"query-input":{"@type":"PropertyValueSpecification","valueRequired":true,"valueName":"search_term_string"}}],"inLanguage":"es"},{"@type":"Organization","@id":"https:\/\/canal7slp.tv\/2025\/#organization","name":"Noticieros Canal 7","url":"https:\/\/canal7slp.tv\/2025\/","logo":{"@type":"ImageObject","inLanguage":"es","@id":"https:\/\/canal7slp.tv\/2025\/#\/schema\/logo\/image\/","url":"https:\/\/canal7slp.tv\/2025\/wp-content\/uploads\/2021\/01\/logo-noticieros@2x.png","contentUrl":"https:\/\/canal7slp.tv\/2025\/wp-content\/uploads\/2021\/01\/logo-noticieros@2x.png","width":1017,"height":268,"caption":"Noticieros Canal 7"},"image":{"@id":"https:\/\/canal7slp.tv\/2025\/#\/schema\/logo\/image\/"},"sameAs":["https:\/\/www.facebook.com\/noticieroscanal7atencionciudadana\/","https:\/\/x.com\/NOTICIEROS7","https:\/\/www.instagram.com\/canal7_slp","https:\/\/www.youtube.com\/channel\/UCliiYs-gP3JfJeqdPrNdd5A"]},{"@type":"Person","@id":"https:\/\/canal7slp.tv\/2025\/#\/schema\/person\/271e2b60a96e7cc9d9ac296f4d7e414b","name":"Edici\u00f3n Web","image":{"@type":"ImageObject","inLanguage":"es","@id":"https:\/\/secure.gravatar.com\/avatar\/eee448fc3f7164808013b816ba91ac7e43bbe82a70bebac296f8bc6f0addaa1a?s=96&d=mm&r=g","url":"https:\/\/secure.gravatar.com\/avatar\/eee448fc3f7164808013b816ba91ac7e43bbe82a70bebac296f8bc6f0addaa1a?s=96&d=mm&r=g","contentUrl":"https:\/\/secure.gravatar.com\/avatar\/eee448fc3f7164808013b816ba91ac7e43bbe82a70bebac296f8bc6f0addaa1a?s=96&d=mm&r=g","caption":"Edici\u00f3n Web"},"url":"https:\/\/canal7slp.tv\/2025\/author\/edicionweb\/"}]}},"_links":{"self":[{"href":"https:\/\/canal7slp.tv\/2025\/wp-json\/wp\/v2\/posts\/175770","targetHints":{"allow":["GET"]}}],"collection":[{"href":"https:\/\/canal7slp.tv\/2025\/wp-json\/wp\/v2\/posts"}],"about":[{"href":"https:\/\/canal7slp.tv\/2025\/wp-json\/wp\/v2\/types\/post"}],"author":[{"embeddable":true,"href":"https:\/\/canal7slp.tv\/2025\/wp-json\/wp\/v2\/users\/2"}],"replies":[{"embeddable":true,"href":"https:\/\/canal7slp.tv\/2025\/wp-json\/wp\/v2\/comments?post=175770"}],"version-history":[{"count":2,"href":"https:\/\/canal7slp.tv\/2025\/wp-json\/wp\/v2\/posts\/175770\/revisions"}],"predecessor-version":[{"id":175773,"href":"https:\/\/canal7slp.tv\/2025\/wp-json\/wp\/v2\/posts\/175770\/revisions\/175773"}],"wp:featuredmedia":[{"embeddable":true,"href":"https:\/\/canal7slp.tv\/2025\/wp-json\/wp\/v2\/media\/175771"}],"wp:attachment":[{"href":"https:\/\/canal7slp.tv\/2025\/wp-json\/wp\/v2\/media?parent=175770"}],"wp:term":[{"taxonomy":"category","embeddable":true,"href":"https:\/\/canal7slp.tv\/2025\/wp-json\/wp\/v2\/categories?post=175770"},{"taxonomy":"post_tag","embeddable":true,"href":"https:\/\/canal7slp.tv\/2025\/wp-json\/wp\/v2\/tags?post=175770"}],"curies":[{"name":"wp","href":"https:\/\/api.w.org\/{rel}","templated":true}]}}