{"id":175767,"date":"2025-08-07T15:54:39","date_gmt":"2025-08-07T21:54:39","guid":{"rendered":"https:\/\/canal7slp.tv\/2025\/?p=175767"},"modified":"2025-08-07T18:03:59","modified_gmt":"2025-08-08T00:03:59","slug":"netanyahu-niega-planes-de-anexar-gaza-pero-alista-ocupacion-militar","status":"publish","type":"post","link":"https:\/\/canal7slp.tv\/2025\/netanyahu-niega-planes-de-anexar-gaza-pero-alista-ocupacion-militar\/","title":{"rendered":"Netanyahu niega planes de anexar Gaza pero alista ocupaci\u00f3n militar"},"content":{"rendered":"<p style=\"text-align: justify;\">\n<p style=\"text-align: justify;\">Jerusal\u00e9n.- El primer ministro de Israel, Benjam\u00edn Netanyahu, asegur\u00f3 que su gobierno no tiene intenci\u00f3n de anexar la Franja de Gaza, aunque adelant\u00f3 que el territorio ser\u00e1 administrado por un organismo gubernamental, sin especificar qui\u00e9n asumir\u00eda dicho control temporal.<\/p>\n<p style=\"text-align: justify;\">Estas declaraciones se dieron durante una conferencia de prensa con periodistas indios, posterior a una reuni\u00f3n con el embajador de India en Israel, J.P. Singh.<\/p>\n<p style=\"text-align: justify;\">Netanyahu reiter\u00f3 que los objetivos centrales de la ofensiva militar en Gaza siguen siendo la destrucci\u00f3n de Ham\u00e1s y la liberaci\u00f3n de los rehenes. Se estima que a\u00fan permanecen cautivos 50 rehenes, aunque solo una veintena estar\u00eda con vida.<\/p>\n<p style=\"text-align: justify;\">El gabinete de seguridad israel\u00ed tiene previsto reunirse este jueves a las 18:00 horas locales para discutir la situaci\u00f3n en la Franja, incluyendo la posibilidad de una ocupaci\u00f3n total del territorio. De acuerdo con medios israel\u00edes, Netanyahu analiza proponer una expansi\u00f3n de la ofensiva militar hacia zonas donde se presume que se encuentran los rehenes.<\/p>\n<p style=\"text-align: justify;\">Aunque el Ej\u00e9rcito ha expresado reservas, ya se prepara un plan de acci\u00f3n por fases.<\/p>\n<ul style=\"text-align: justify;\">\n<li>Primera fase: ocupaci\u00f3n de la Ciudad de Gaza y reubicaci\u00f3n de la poblaci\u00f3n hacia la zona de Mawasi, que actualmente alberga a miles de desplazados.<\/li>\n<li>Segunda fase: control de los campamentos de refugiados en el centro de la Franja, donde se cree que Ham\u00e1s mantiene a algunos rehenes.<\/li>\n<\/ul>\n<p style=\"text-align: justify;\">La Organizaci\u00f3n de las Naciones Unidas (ONU) ha advertido que la ejecuci\u00f3n de este plan podr\u00eda acarrear \u201cconsecuencias catastr\u00f3ficas\u201d para la poblaci\u00f3n civil de Gaza.<\/p>\n<p style=\"text-align: justify;\">\n","protected":false},"excerpt":{"rendered":"<p>Jerusal\u00e9n.- El primer ministro de Israel, Benjam\u00edn Netanyahu, asegur\u00f3 que su gobierno no tiene intenci\u00f3n de anexar la Franja de Gaza, aunque adelant\u00f3 que el territorio ser\u00e1 administrado por un organismo gubernamental, sin especificar qui\u00e9n asumir\u00eda dicho control temporal. Estas declaraciones se dieron durante una conferencia de prensa con periodistas indios, posterior a una reuni\u00f3n con el embajador de India en Israel, J.P. Singh. Netanyahu reiter\u00f3 que los objetivos centrales de la ofensiva militar en Gaza siguen siendo la destrucci\u00f3n de Ham\u00e1s y la liberaci\u00f3n de los rehenes. Se estima que a\u00fan permanecen cautivos 50 rehenes, aunque solo una veintena [&hellip;]<\/p>\n","protected":false},"author":2,"featured_media":175768,"comment_status":"closed","ping_status":"closed","sticky":false,"template":"","format":"standard","meta":{"_monsterinsights_skip_tracking":false,"_monsterinsights_sitenote_active":false,"_monsterinsights_sitenote_note":"","_monsterinsights_sitenote_category":0,"footnotes":""},"categories":[44],"tags":[],"class_list":["post-175767","post","type-post","status-publish","format-standard","has-post-thumbnail","hentry","category-internacional","post--single"],"yoast_head":"<!-- This site is optimized with the Yoast SEO plugin v27.5 - https:\/\/yoast.com\/product\/yoast-seo-wordpress\/ -->\n<title>Netanyahu niega planes de anexar Gaza pero alista ocupaci\u00f3n militar - Canal 7 SLP - 2025<\/title>\n<meta name=\"robots\" content=\"index, follow, max-snippet:-1, max-image-preview:large, max-video-preview:-1\" \/>\n<link rel=\"canonical\" href=\"https:\/\/canal7slp.tv\/2025\/netanyahu-niega-planes-de-anexar-gaza-pero-alista-ocupacion-militar\/\" \/>\n<meta property=\"og:locale\" content=\"es_ES\" \/>\n<meta property=\"og:type\" content=\"article\" \/>\n<meta property=\"og:title\" content=\"Netanyahu niega planes de anexar Gaza pero alista ocupaci\u00f3n militar - Canal 7 SLP - 2025\" \/>\n<meta property=\"og:description\" content=\"Jerusal\u00e9n.- El primer ministro de Israel, Benjam\u00edn Netanyahu, asegur\u00f3 que su gobierno no tiene intenci\u00f3n de anexar la Franja de Gaza, aunque adelant\u00f3 que el territorio ser\u00e1 administrado por un organismo gubernamental, sin especificar qui\u00e9n asumir\u00eda dicho control temporal. Estas declaraciones se dieron durante una conferencia de prensa con periodistas indios, posterior a una reuni\u00f3n con el embajador de India en Israel, J.P. Singh. Netanyahu reiter\u00f3 que los objetivos centrales de la ofensiva militar en Gaza siguen siendo la destrucci\u00f3n de Ham\u00e1s y la liberaci\u00f3n de los rehenes. Se estima que a\u00fan permanecen cautivos 50 rehenes, aunque solo una veintena [&hellip;]\" \/>\n<meta property=\"og:url\" content=\"https:\/\/canal7slp.tv\/2025\/netanyahu-niega-planes-de-anexar-gaza-pero-alista-ocupacion-militar\/\" \/>\n<meta property=\"og:site_name\" content=\"Canal 7 SLP - 2025\" \/>\n<meta property=\"article:publisher\" content=\"https:\/\/www.facebook.com\/noticieroscanal7atencionciudadana\/\" \/>\n<meta property=\"article:published_time\" content=\"2025-08-07T21:54:39+00:00\" \/>\n<meta property=\"article:modified_time\" content=\"2025-08-08T00:03:59+00:00\" \/>\n<meta property=\"og:image\" content=\"https:\/\/canal7slp.tv\/2025\/wp-content\/uploads\/2025\/08\/08-6.jpg\" \/>\n\t<meta property=\"og:image:width\" content=\"888\" \/>\n\t<meta property=\"og:image:height\" content=\"500\" \/>\n\t<meta property=\"og:image:type\" content=\"image\/jpeg\" \/>\n<meta name=\"author\" content=\"Edici\u00f3n Web\" \/>\n<meta name=\"twitter:card\" content=\"summary_large_image\" \/>\n<meta name=\"twitter:creator\" content=\"@NOTICIEROS7\" \/>\n<meta name=\"twitter:site\" content=\"@NOTICIEROS7\" \/>\n<meta name=\"twitter:label1\" content=\"Escrito por\" \/>\n\t<meta name=\"twitter:data1\" content=\"Edici\u00f3n Web\" \/>\n\t<meta name=\"twitter:label2\" content=\"Tiempo de lectura\" \/>\n\t<meta name=\"twitter:data2\" content=\"2 minutos\" \/>\n<script type=\"application\/ld+json\" class=\"yoast-schema-graph\">{\"@context\":\"https:\\\/\\\/schema.org\",\"@graph\":[{\"@type\":\"Article\",\"@id\":\"https:\\\/\\\/canal7slp.tv\\\/2025\\\/netanyahu-niega-planes-de-anexar-gaza-pero-alista-ocupacion-militar\\\/#article\",\"isPartOf\":{\"@id\":\"https:\\\/\\\/canal7slp.tv\\\/2025\\\/netanyahu-niega-planes-de-anexar-gaza-pero-alista-ocupacion-militar\\\/\"},\"author\":{\"name\":\"Edici\u00f3n Web\",\"@id\":\"https:\\\/\\\/canal7slp.tv\\\/2025\\\/#\\\/schema\\\/person\\\/271e2b60a96e7cc9d9ac296f4d7e414b\"},\"headline\":\"Netanyahu niega planes de anexar Gaza pero alista ocupaci\u00f3n militar\",\"datePublished\":\"2025-08-07T21:54:39+00:00\",\"dateModified\":\"2025-08-08T00:03:59+00:00\",\"mainEntityOfPage\":{\"@id\":\"https:\\\/\\\/canal7slp.tv\\\/2025\\\/netanyahu-niega-planes-de-anexar-gaza-pero-alista-ocupacion-militar\\\/\"},\"wordCount\":283,\"publisher\":{\"@id\":\"https:\\\/\\\/canal7slp.tv\\\/2025\\\/#organization\"},\"image\":{\"@id\":\"https:\\\/\\\/canal7slp.tv\\\/2025\\\/netanyahu-niega-planes-de-anexar-gaza-pero-alista-ocupacion-militar\\\/#primaryimage\"},\"thumbnailUrl\":\"https:\\\/\\\/canal7slp.tv\\\/2025\\\/wp-content\\\/uploads\\\/2025\\\/08\\\/08-6.jpg\",\"articleSection\":[\"INTERNACIONALES\"],\"inLanguage\":\"es\"},{\"@type\":\"WebPage\",\"@id\":\"https:\\\/\\\/canal7slp.tv\\\/2025\\\/netanyahu-niega-planes-de-anexar-gaza-pero-alista-ocupacion-militar\\\/\",\"url\":\"https:\\\/\\\/canal7slp.tv\\\/2025\\\/netanyahu-niega-planes-de-anexar-gaza-pero-alista-ocupacion-militar\\\/\",\"name\":\"Netanyahu niega planes de anexar Gaza pero alista ocupaci\u00f3n militar - Canal 7 SLP - 2025\",\"isPartOf\":{\"@id\":\"https:\\\/\\\/canal7slp.tv\\\/2025\\\/#website\"},\"primaryImageOfPage\":{\"@id\":\"https:\\\/\\\/canal7slp.tv\\\/2025\\\/netanyahu-niega-planes-de-anexar-gaza-pero-alista-ocupacion-militar\\\/#primaryimage\"},\"image\":{\"@id\":\"https:\\\/\\\/canal7slp.tv\\\/2025\\\/netanyahu-niega-planes-de-anexar-gaza-pero-alista-ocupacion-militar\\\/#primaryimage\"},\"thumbnailUrl\":\"https:\\\/\\\/canal7slp.tv\\\/2025\\\/wp-content\\\/uploads\\\/2025\\\/08\\\/08-6.jpg\",\"datePublished\":\"2025-08-07T21:54:39+00:00\",\"dateModified\":\"2025-08-08T00:03:59+00:00\",\"breadcrumb\":{\"@id\":\"https:\\\/\\\/canal7slp.tv\\\/2025\\\/netanyahu-niega-planes-de-anexar-gaza-pero-alista-ocupacion-militar\\\/#breadcrumb\"},\"inLanguage\":\"es\",\"potentialAction\":[{\"@type\":\"ReadAction\",\"target\":[\"https:\\\/\\\/canal7slp.tv\\\/2025\\\/netanyahu-niega-planes-de-anexar-gaza-pero-alista-ocupacion-militar\\\/\"]}]},{\"@type\":\"ImageObject\",\"inLanguage\":\"es\",\"@id\":\"https:\\\/\\\/canal7slp.tv\\\/2025\\\/netanyahu-niega-planes-de-anexar-gaza-pero-alista-ocupacion-militar\\\/#primaryimage\",\"url\":\"https:\\\/\\\/canal7slp.tv\\\/2025\\\/wp-content\\\/uploads\\\/2025\\\/08\\\/08-6.jpg\",\"contentUrl\":\"https:\\\/\\\/canal7slp.tv\\\/2025\\\/wp-content\\\/uploads\\\/2025\\\/08\\\/08-6.jpg\",\"width\":888,\"height\":500},{\"@type\":\"BreadcrumbList\",\"@id\":\"https:\\\/\\\/canal7slp.tv\\\/2025\\\/netanyahu-niega-planes-de-anexar-gaza-pero-alista-ocupacion-militar\\\/#breadcrumb\",\"itemListElement\":[{\"@type\":\"ListItem\",\"position\":1,\"name\":\"Portada\",\"item\":\"https:\\\/\\\/canal7slp.tv\\\/2025\\\/\"},{\"@type\":\"ListItem\",\"position\":2,\"name\":\"Netanyahu niega planes de anexar Gaza pero alista ocupaci\u00f3n militar\"}]},{\"@type\":\"WebSite\",\"@id\":\"https:\\\/\\\/canal7slp.tv\\\/2025\\\/#website\",\"url\":\"https:\\\/\\\/canal7slp.tv\\\/2025\\\/\",\"name\":\"N7 - Noticieros Canal 7\",\"description\":\"Somos el Medio\",\"publisher\":{\"@id\":\"https:\\\/\\\/canal7slp.tv\\\/2025\\\/#organization\"},\"potentialAction\":[{\"@type\":\"SearchAction\",\"target\":{\"@type\":\"EntryPoint\",\"urlTemplate\":\"https:\\\/\\\/canal7slp.tv\\\/2025\\\/?s={search_term_string}\"},\"query-input\":{\"@type\":\"PropertyValueSpecification\",\"valueRequired\":true,\"valueName\":\"search_term_string\"}}],\"inLanguage\":\"es\"},{\"@type\":\"Organization\",\"@id\":\"https:\\\/\\\/canal7slp.tv\\\/2025\\\/#organization\",\"name\":\"Noticieros Canal 7\",\"url\":\"https:\\\/\\\/canal7slp.tv\\\/2025\\\/\",\"logo\":{\"@type\":\"ImageObject\",\"inLanguage\":\"es\",\"@id\":\"https:\\\/\\\/canal7slp.tv\\\/2025\\\/#\\\/schema\\\/logo\\\/image\\\/\",\"url\":\"https:\\\/\\\/canal7slp.tv\\\/2025\\\/wp-content\\\/uploads\\\/2021\\\/01\\\/logo-noticieros@2x.png\",\"contentUrl\":\"https:\\\/\\\/canal7slp.tv\\\/2025\\\/wp-content\\\/uploads\\\/2021\\\/01\\\/logo-noticieros@2x.png\",\"width\":1017,\"height\":268,\"caption\":\"Noticieros Canal 7\"},\"image\":{\"@id\":\"https:\\\/\\\/canal7slp.tv\\\/2025\\\/#\\\/schema\\\/logo\\\/image\\\/\"},\"sameAs\":[\"https:\\\/\\\/www.facebook.com\\\/noticieroscanal7atencionciudadana\\\/\",\"https:\\\/\\\/x.com\\\/NOTICIEROS7\",\"https:\\\/\\\/www.instagram.com\\\/canal7_slp\",\"https:\\\/\\\/www.youtube.com\\\/channel\\\/UCliiYs-gP3JfJeqdPrNdd5A\"]},{\"@type\":\"Person\",\"@id\":\"https:\\\/\\\/canal7slp.tv\\\/2025\\\/#\\\/schema\\\/person\\\/271e2b60a96e7cc9d9ac296f4d7e414b\",\"name\":\"Edici\u00f3n Web\",\"image\":{\"@type\":\"ImageObject\",\"inLanguage\":\"es\",\"@id\":\"https:\\\/\\\/secure.gravatar.com\\\/avatar\\\/eee448fc3f7164808013b816ba91ac7e43bbe82a70bebac296f8bc6f0addaa1a?s=96&d=mm&r=g\",\"url\":\"https:\\\/\\\/secure.gravatar.com\\\/avatar\\\/eee448fc3f7164808013b816ba91ac7e43bbe82a70bebac296f8bc6f0addaa1a?s=96&d=mm&r=g\",\"contentUrl\":\"https:\\\/\\\/secure.gravatar.com\\\/avatar\\\/eee448fc3f7164808013b816ba91ac7e43bbe82a70bebac296f8bc6f0addaa1a?s=96&d=mm&r=g\",\"caption\":\"Edici\u00f3n Web\"},\"url\":\"https:\\\/\\\/canal7slp.tv\\\/2025\\\/author\\\/edicionweb\\\/\"}]}<\/script>\n<!-- \/ Yoast SEO plugin. -->","yoast_head_json":{"title":"Netanyahu niega planes de anexar Gaza pero alista ocupaci\u00f3n militar - Canal 7 SLP - 2025","robots":{"index":"index","follow":"follow","max-snippet":"max-snippet:-1","max-image-preview":"max-image-preview:large","max-video-preview":"max-video-preview:-1"},"canonical":"https:\/\/canal7slp.tv\/2025\/netanyahu-niega-planes-de-anexar-gaza-pero-alista-ocupacion-militar\/","og_locale":"es_ES","og_type":"article","og_title":"Netanyahu niega planes de anexar Gaza pero alista ocupaci\u00f3n militar - Canal 7 SLP - 2025","og_description":"Jerusal\u00e9n.- El primer ministro de Israel, Benjam\u00edn Netanyahu, asegur\u00f3 que su gobierno no tiene intenci\u00f3n de anexar la Franja de Gaza, aunque adelant\u00f3 que el territorio ser\u00e1 administrado por un organismo gubernamental, sin especificar qui\u00e9n asumir\u00eda dicho control temporal. Estas declaraciones se dieron durante una conferencia de prensa con periodistas indios, posterior a una reuni\u00f3n con el embajador de India en Israel, J.P. Singh. Netanyahu reiter\u00f3 que los objetivos centrales de la ofensiva militar en Gaza siguen siendo la destrucci\u00f3n de Ham\u00e1s y la liberaci\u00f3n de los rehenes. Se estima que a\u00fan permanecen cautivos 50 rehenes, aunque solo una veintena [&hellip;]","og_url":"https:\/\/canal7slp.tv\/2025\/netanyahu-niega-planes-de-anexar-gaza-pero-alista-ocupacion-militar\/","og_site_name":"Canal 7 SLP - 2025","article_publisher":"https:\/\/www.facebook.com\/noticieroscanal7atencionciudadana\/","article_published_time":"2025-08-07T21:54:39+00:00","article_modified_time":"2025-08-08T00:03:59+00:00","og_image":[{"width":888,"height":500,"url":"https:\/\/canal7slp.tv\/2025\/wp-content\/uploads\/2025\/08\/08-6.jpg","type":"image\/jpeg"}],"author":"Edici\u00f3n Web","twitter_card":"summary_large_image","twitter_creator":"@NOTICIEROS7","twitter_site":"@NOTICIEROS7","twitter_misc":{"Escrito por":"Edici\u00f3n Web","Tiempo de lectura":"2 minutos"},"schema":{"@context":"https:\/\/schema.org","@graph":[{"@type":"Article","@id":"https:\/\/canal7slp.tv\/2025\/netanyahu-niega-planes-de-anexar-gaza-pero-alista-ocupacion-militar\/#article","isPartOf":{"@id":"https:\/\/canal7slp.tv\/2025\/netanyahu-niega-planes-de-anexar-gaza-pero-alista-ocupacion-militar\/"},"author":{"name":"Edici\u00f3n Web","@id":"https:\/\/canal7slp.tv\/2025\/#\/schema\/person\/271e2b60a96e7cc9d9ac296f4d7e414b"},"headline":"Netanyahu niega planes de anexar Gaza pero alista ocupaci\u00f3n militar","datePublished":"2025-08-07T21:54:39+00:00","dateModified":"2025-08-08T00:03:59+00:00","mainEntityOfPage":{"@id":"https:\/\/canal7slp.tv\/2025\/netanyahu-niega-planes-de-anexar-gaza-pero-alista-ocupacion-militar\/"},"wordCount":283,"publisher":{"@id":"https:\/\/canal7slp.tv\/2025\/#organization"},"image":{"@id":"https:\/\/canal7slp.tv\/2025\/netanyahu-niega-planes-de-anexar-gaza-pero-alista-ocupacion-militar\/#primaryimage"},"thumbnailUrl":"https:\/\/canal7slp.tv\/2025\/wp-content\/uploads\/2025\/08\/08-6.jpg","articleSection":["INTERNACIONALES"],"inLanguage":"es"},{"@type":"WebPage","@id":"https:\/\/canal7slp.tv\/2025\/netanyahu-niega-planes-de-anexar-gaza-pero-alista-ocupacion-militar\/","url":"https:\/\/canal7slp.tv\/2025\/netanyahu-niega-planes-de-anexar-gaza-pero-alista-ocupacion-militar\/","name":"Netanyahu niega planes de anexar Gaza pero alista ocupaci\u00f3n militar - Canal 7 SLP - 2025","isPartOf":{"@id":"https:\/\/canal7slp.tv\/2025\/#website"},"primaryImageOfPage":{"@id":"https:\/\/canal7slp.tv\/2025\/netanyahu-niega-planes-de-anexar-gaza-pero-alista-ocupacion-militar\/#primaryimage"},"image":{"@id":"https:\/\/canal7slp.tv\/2025\/netanyahu-niega-planes-de-anexar-gaza-pero-alista-ocupacion-militar\/#primaryimage"},"thumbnailUrl":"https:\/\/canal7slp.tv\/2025\/wp-content\/uploads\/2025\/08\/08-6.jpg","datePublished":"2025-08-07T21:54:39+00:00","dateModified":"2025-08-08T00:03:59+00:00","breadcrumb":{"@id":"https:\/\/canal7slp.tv\/2025\/netanyahu-niega-planes-de-anexar-gaza-pero-alista-ocupacion-militar\/#breadcrumb"},"inLanguage":"es","potentialAction":[{"@type":"ReadAction","target":["https:\/\/canal7slp.tv\/2025\/netanyahu-niega-planes-de-anexar-gaza-pero-alista-ocupacion-militar\/"]}]},{"@type":"ImageObject","inLanguage":"es","@id":"https:\/\/canal7slp.tv\/2025\/netanyahu-niega-planes-de-anexar-gaza-pero-alista-ocupacion-militar\/#primaryimage","url":"https:\/\/canal7slp.tv\/2025\/wp-content\/uploads\/2025\/08\/08-6.jpg","contentUrl":"https:\/\/canal7slp.tv\/2025\/wp-content\/uploads\/2025\/08\/08-6.jpg","width":888,"height":500},{"@type":"BreadcrumbList","@id":"https:\/\/canal7slp.tv\/2025\/netanyahu-niega-planes-de-anexar-gaza-pero-alista-ocupacion-militar\/#breadcrumb","itemListElement":[{"@type":"ListItem","position":1,"name":"Portada","item":"https:\/\/canal7slp.tv\/2025\/"},{"@type":"ListItem","position":2,"name":"Netanyahu niega planes de anexar Gaza pero alista ocupaci\u00f3n militar"}]},{"@type":"WebSite","@id":"https:\/\/canal7slp.tv\/2025\/#website","url":"https:\/\/canal7slp.tv\/2025\/","name":"N7 - Noticieros Canal 7","description":"Somos el Medio","publisher":{"@id":"https:\/\/canal7slp.tv\/2025\/#organization"},"potentialAction":[{"@type":"SearchAction","target":{"@type":"EntryPoint","urlTemplate":"https:\/\/canal7slp.tv\/2025\/?s={search_term_string}"},"query-input":{"@type":"PropertyValueSpecification","valueRequired":true,"valueName":"search_term_string"}}],"inLanguage":"es"},{"@type":"Organization","@id":"https:\/\/canal7slp.tv\/2025\/#organization","name":"Noticieros Canal 7","url":"https:\/\/canal7slp.tv\/2025\/","logo":{"@type":"ImageObject","inLanguage":"es","@id":"https:\/\/canal7slp.tv\/2025\/#\/schema\/logo\/image\/","url":"https:\/\/canal7slp.tv\/2025\/wp-content\/uploads\/2021\/01\/logo-noticieros@2x.png","contentUrl":"https:\/\/canal7slp.tv\/2025\/wp-content\/uploads\/2021\/01\/logo-noticieros@2x.png","width":1017,"height":268,"caption":"Noticieros Canal 7"},"image":{"@id":"https:\/\/canal7slp.tv\/2025\/#\/schema\/logo\/image\/"},"sameAs":["https:\/\/www.facebook.com\/noticieroscanal7atencionciudadana\/","https:\/\/x.com\/NOTICIEROS7","https:\/\/www.instagram.com\/canal7_slp","https:\/\/www.youtube.com\/channel\/UCliiYs-gP3JfJeqdPrNdd5A"]},{"@type":"Person","@id":"https:\/\/canal7slp.tv\/2025\/#\/schema\/person\/271e2b60a96e7cc9d9ac296f4d7e414b","name":"Edici\u00f3n Web","image":{"@type":"ImageObject","inLanguage":"es","@id":"https:\/\/secure.gravatar.com\/avatar\/eee448fc3f7164808013b816ba91ac7e43bbe82a70bebac296f8bc6f0addaa1a?s=96&d=mm&r=g","url":"https:\/\/secure.gravatar.com\/avatar\/eee448fc3f7164808013b816ba91ac7e43bbe82a70bebac296f8bc6f0addaa1a?s=96&d=mm&r=g","contentUrl":"https:\/\/secure.gravatar.com\/avatar\/eee448fc3f7164808013b816ba91ac7e43bbe82a70bebac296f8bc6f0addaa1a?s=96&d=mm&r=g","caption":"Edici\u00f3n Web"},"url":"https:\/\/canal7slp.tv\/2025\/author\/edicionweb\/"}]}},"_links":{"self":[{"href":"https:\/\/canal7slp.tv\/2025\/wp-json\/wp\/v2\/posts\/175767","targetHints":{"allow":["GET"]}}],"collection":[{"href":"https:\/\/canal7slp.tv\/2025\/wp-json\/wp\/v2\/posts"}],"about":[{"href":"https:\/\/canal7slp.tv\/2025\/wp-json\/wp\/v2\/types\/post"}],"author":[{"embeddable":true,"href":"https:\/\/canal7slp.tv\/2025\/wp-json\/wp\/v2\/users\/2"}],"replies":[{"embeddable":true,"href":"https:\/\/canal7slp.tv\/2025\/wp-json\/wp\/v2\/comments?post=175767"}],"version-history":[{"count":1,"href":"https:\/\/canal7slp.tv\/2025\/wp-json\/wp\/v2\/posts\/175767\/revisions"}],"predecessor-version":[{"id":175769,"href":"https:\/\/canal7slp.tv\/2025\/wp-json\/wp\/v2\/posts\/175767\/revisions\/175769"}],"wp:featuredmedia":[{"embeddable":true,"href":"https:\/\/canal7slp.tv\/2025\/wp-json\/wp\/v2\/media\/175768"}],"wp:attachment":[{"href":"https:\/\/canal7slp.tv\/2025\/wp-json\/wp\/v2\/media?parent=175767"}],"wp:term":[{"taxonomy":"category","embeddable":true,"href":"https:\/\/canal7slp.tv\/2025\/wp-json\/wp\/v2\/categories?post=175767"},{"taxonomy":"post_tag","embeddable":true,"href":"https:\/\/canal7slp.tv\/2025\/wp-json\/wp\/v2\/tags?post=175767"}],"curies":[{"name":"wp","href":"https:\/\/api.w.org\/{rel}","templated":true}]}}