{"id":175761,"date":"2025-08-07T15:06:02","date_gmt":"2025-08-07T21:06:02","guid":{"rendered":"https:\/\/canal7slp.tv\/2025\/?p=175761"},"modified":"2025-08-07T15:06:02","modified_gmt":"2025-08-07T21:06:02","slug":"trump-exige-renuncia-del-ceo-de-intel-por-vinculos-con-china","status":"publish","type":"post","link":"https:\/\/canal7slp.tv\/2025\/trump-exige-renuncia-del-ceo-de-intel-por-vinculos-con-china\/","title":{"rendered":"Trump exige renuncia del CEO de Intel por v\u00ednculos con China"},"content":{"rendered":"<p style=\"text-align: justify;\">\n<p style=\"text-align: justify;\">EUA.- Las acciones de Intel cayeron m\u00e1s de un 4% en las operaciones previas a la apertura del mercado este jueves, tras la exigencia del expresidente de Estados Unidos, Donald Trump, de que Lip-Bu Tan renuncie a su cargo como director ejecutivo de la compa\u00f1\u00eda.<\/p>\n<p style=\"text-align: justify;\">Trump emiti\u00f3 su demanda a trav\u00e9s de su cuenta en la red Truth Social, luego de que el senador republicano Tom Cotton enviara una carta al presidente del consejo de Intel, Frank Yeary, expresando serias preocupaciones por los presuntos v\u00ednculos de Tan con empresas tecnol\u00f3gicas chinas relacionadas con el Partido Comunista y el Ej\u00e9rcito Popular de Liberaci\u00f3n de China.<\/p>\n<p style=\"text-align: justify;\">El senador record\u00f3 que Tan fue presidente de Cadence Design Systems, empresa que admiti\u00f3 haber proporcionado tecnolog\u00eda a la Universidad Nacional de Tecnolog\u00eda de Defensa de China, potencialmente violando restricciones de exportaci\u00f3n impuestas por el gobierno estadounidense.<\/p>\n<p style=\"text-align: justify;\">Adem\u00e1s, Cotton denunci\u00f3 que el actual CEO de Intel \u2014quien asumi\u00f3 el cargo en marzo de 2025\u2014 mantiene participaci\u00f3n accionaria en varias compa\u00f1\u00edas chinas de alta tecnolog\u00eda, al menos ocho de las cuales estar\u00edan conectadas con el aparato militar chino.<\/p>\n<p style=\"text-align: justify;\">El creciente escrutinio pol\u00edtico y las acusaciones de conflicto de inter\u00e9s han generado desconfianza entre los inversores, provocando una fuerte presi\u00f3n sobre las acciones de Intel incluso antes del inicio de la sesi\u00f3n burs\u00e1til.<\/p>\n","protected":false},"excerpt":{"rendered":"<p>EUA.- Las acciones de Intel cayeron m\u00e1s de un 4% en las operaciones previas a la apertura del mercado este jueves, tras la exigencia del expresidente de Estados Unidos, Donald Trump, de que Lip-Bu Tan renuncie a su cargo como director ejecutivo de la compa\u00f1\u00eda. Trump emiti\u00f3 su demanda a trav\u00e9s de su cuenta en la red Truth Social, luego de que el senador republicano Tom Cotton enviara una carta al presidente del consejo de Intel, Frank Yeary, expresando serias preocupaciones por los presuntos v\u00ednculos de Tan con empresas tecnol\u00f3gicas chinas relacionadas con el Partido Comunista y el Ej\u00e9rcito Popular [&hellip;]<\/p>\n","protected":false},"author":2,"featured_media":175762,"comment_status":"closed","ping_status":"closed","sticky":false,"template":"","format":"standard","meta":{"_monsterinsights_skip_tracking":false,"_monsterinsights_sitenote_active":false,"_monsterinsights_sitenote_note":"","_monsterinsights_sitenote_category":0,"footnotes":""},"categories":[40,44],"tags":[],"class_list":["post-175761","post","type-post","status-publish","format-standard","has-post-thumbnail","hentry","category-economia","category-internacional","post--single"],"yoast_head":"<!-- This site is optimized with the Yoast SEO plugin v27.4 - https:\/\/yoast.com\/product\/yoast-seo-wordpress\/ -->\n<title>Trump exige renuncia del CEO de Intel por v\u00ednculos con China - Canal 7 SLP - 2025<\/title>\n<meta name=\"robots\" content=\"index, follow, max-snippet:-1, max-image-preview:large, max-video-preview:-1\" \/>\n<link rel=\"canonical\" href=\"https:\/\/canal7slp.tv\/2025\/trump-exige-renuncia-del-ceo-de-intel-por-vinculos-con-china\/\" \/>\n<meta property=\"og:locale\" content=\"es_ES\" \/>\n<meta property=\"og:type\" content=\"article\" \/>\n<meta property=\"og:title\" content=\"Trump exige renuncia del CEO de Intel por v\u00ednculos con China - Canal 7 SLP - 2025\" \/>\n<meta property=\"og:description\" content=\"EUA.- Las acciones de Intel cayeron m\u00e1s de un 4% en las operaciones previas a la apertura del mercado este jueves, tras la exigencia del expresidente de Estados Unidos, Donald Trump, de que Lip-Bu Tan renuncie a su cargo como director ejecutivo de la compa\u00f1\u00eda. Trump emiti\u00f3 su demanda a trav\u00e9s de su cuenta en la red Truth Social, luego de que el senador republicano Tom Cotton enviara una carta al presidente del consejo de Intel, Frank Yeary, expresando serias preocupaciones por los presuntos v\u00ednculos de Tan con empresas tecnol\u00f3gicas chinas relacionadas con el Partido Comunista y el Ej\u00e9rcito Popular [&hellip;]\" \/>\n<meta property=\"og:url\" content=\"https:\/\/canal7slp.tv\/2025\/trump-exige-renuncia-del-ceo-de-intel-por-vinculos-con-china\/\" \/>\n<meta property=\"og:site_name\" content=\"Canal 7 SLP - 2025\" \/>\n<meta property=\"article:publisher\" content=\"https:\/\/www.facebook.com\/noticieroscanal7atencionciudadana\/\" \/>\n<meta property=\"article:published_time\" content=\"2025-08-07T21:06:02+00:00\" \/>\n<meta property=\"og:image\" content=\"https:\/\/canal7slp.tv\/2025\/wp-content\/uploads\/2025\/08\/06-7.jpg\" \/>\n\t<meta property=\"og:image:width\" content=\"888\" \/>\n\t<meta property=\"og:image:height\" content=\"500\" \/>\n\t<meta property=\"og:image:type\" content=\"image\/jpeg\" \/>\n<meta name=\"author\" content=\"Edici\u00f3n Web\" \/>\n<meta name=\"twitter:card\" content=\"summary_large_image\" \/>\n<meta name=\"twitter:creator\" content=\"@NOTICIEROS7\" \/>\n<meta name=\"twitter:site\" content=\"@NOTICIEROS7\" \/>\n<meta name=\"twitter:label1\" content=\"Escrito por\" \/>\n\t<meta name=\"twitter:data1\" content=\"Edici\u00f3n Web\" \/>\n\t<meta name=\"twitter:label2\" content=\"Tiempo de lectura\" \/>\n\t<meta name=\"twitter:data2\" content=\"2 minutos\" \/>\n<script type=\"application\/ld+json\" class=\"yoast-schema-graph\">{\"@context\":\"https:\\\/\\\/schema.org\",\"@graph\":[{\"@type\":\"Article\",\"@id\":\"https:\\\/\\\/canal7slp.tv\\\/2025\\\/trump-exige-renuncia-del-ceo-de-intel-por-vinculos-con-china\\\/#article\",\"isPartOf\":{\"@id\":\"https:\\\/\\\/canal7slp.tv\\\/2025\\\/trump-exige-renuncia-del-ceo-de-intel-por-vinculos-con-china\\\/\"},\"author\":{\"name\":\"Edici\u00f3n Web\",\"@id\":\"https:\\\/\\\/canal7slp.tv\\\/2025\\\/#\\\/schema\\\/person\\\/271e2b60a96e7cc9d9ac296f4d7e414b\"},\"headline\":\"Trump exige renuncia del CEO de Intel por v\u00ednculos con China\",\"datePublished\":\"2025-08-07T21:06:02+00:00\",\"mainEntityOfPage\":{\"@id\":\"https:\\\/\\\/canal7slp.tv\\\/2025\\\/trump-exige-renuncia-del-ceo-de-intel-por-vinculos-con-china\\\/\"},\"wordCount\":246,\"publisher\":{\"@id\":\"https:\\\/\\\/canal7slp.tv\\\/2025\\\/#organization\"},\"image\":{\"@id\":\"https:\\\/\\\/canal7slp.tv\\\/2025\\\/trump-exige-renuncia-del-ceo-de-intel-por-vinculos-con-china\\\/#primaryimage\"},\"thumbnailUrl\":\"https:\\\/\\\/canal7slp.tv\\\/2025\\\/wp-content\\\/uploads\\\/2025\\\/08\\\/06-7.jpg\",\"articleSection\":[\"ECONOM\u00cdA\",\"INTERNACIONALES\"],\"inLanguage\":\"es\"},{\"@type\":\"WebPage\",\"@id\":\"https:\\\/\\\/canal7slp.tv\\\/2025\\\/trump-exige-renuncia-del-ceo-de-intel-por-vinculos-con-china\\\/\",\"url\":\"https:\\\/\\\/canal7slp.tv\\\/2025\\\/trump-exige-renuncia-del-ceo-de-intel-por-vinculos-con-china\\\/\",\"name\":\"Trump exige renuncia del CEO de Intel por v\u00ednculos con China - Canal 7 SLP - 2025\",\"isPartOf\":{\"@id\":\"https:\\\/\\\/canal7slp.tv\\\/2025\\\/#website\"},\"primaryImageOfPage\":{\"@id\":\"https:\\\/\\\/canal7slp.tv\\\/2025\\\/trump-exige-renuncia-del-ceo-de-intel-por-vinculos-con-china\\\/#primaryimage\"},\"image\":{\"@id\":\"https:\\\/\\\/canal7slp.tv\\\/2025\\\/trump-exige-renuncia-del-ceo-de-intel-por-vinculos-con-china\\\/#primaryimage\"},\"thumbnailUrl\":\"https:\\\/\\\/canal7slp.tv\\\/2025\\\/wp-content\\\/uploads\\\/2025\\\/08\\\/06-7.jpg\",\"datePublished\":\"2025-08-07T21:06:02+00:00\",\"breadcrumb\":{\"@id\":\"https:\\\/\\\/canal7slp.tv\\\/2025\\\/trump-exige-renuncia-del-ceo-de-intel-por-vinculos-con-china\\\/#breadcrumb\"},\"inLanguage\":\"es\",\"potentialAction\":[{\"@type\":\"ReadAction\",\"target\":[\"https:\\\/\\\/canal7slp.tv\\\/2025\\\/trump-exige-renuncia-del-ceo-de-intel-por-vinculos-con-china\\\/\"]}]},{\"@type\":\"ImageObject\",\"inLanguage\":\"es\",\"@id\":\"https:\\\/\\\/canal7slp.tv\\\/2025\\\/trump-exige-renuncia-del-ceo-de-intel-por-vinculos-con-china\\\/#primaryimage\",\"url\":\"https:\\\/\\\/canal7slp.tv\\\/2025\\\/wp-content\\\/uploads\\\/2025\\\/08\\\/06-7.jpg\",\"contentUrl\":\"https:\\\/\\\/canal7slp.tv\\\/2025\\\/wp-content\\\/uploads\\\/2025\\\/08\\\/06-7.jpg\",\"width\":888,\"height\":500},{\"@type\":\"BreadcrumbList\",\"@id\":\"https:\\\/\\\/canal7slp.tv\\\/2025\\\/trump-exige-renuncia-del-ceo-de-intel-por-vinculos-con-china\\\/#breadcrumb\",\"itemListElement\":[{\"@type\":\"ListItem\",\"position\":1,\"name\":\"Portada\",\"item\":\"https:\\\/\\\/canal7slp.tv\\\/2025\\\/\"},{\"@type\":\"ListItem\",\"position\":2,\"name\":\"Trump exige renuncia del CEO de Intel por v\u00ednculos con China\"}]},{\"@type\":\"WebSite\",\"@id\":\"https:\\\/\\\/canal7slp.tv\\\/2025\\\/#website\",\"url\":\"https:\\\/\\\/canal7slp.tv\\\/2025\\\/\",\"name\":\"N7 - Noticieros Canal 7\",\"description\":\"Somos el Medio\",\"publisher\":{\"@id\":\"https:\\\/\\\/canal7slp.tv\\\/2025\\\/#organization\"},\"potentialAction\":[{\"@type\":\"SearchAction\",\"target\":{\"@type\":\"EntryPoint\",\"urlTemplate\":\"https:\\\/\\\/canal7slp.tv\\\/2025\\\/?s={search_term_string}\"},\"query-input\":{\"@type\":\"PropertyValueSpecification\",\"valueRequired\":true,\"valueName\":\"search_term_string\"}}],\"inLanguage\":\"es\"},{\"@type\":\"Organization\",\"@id\":\"https:\\\/\\\/canal7slp.tv\\\/2025\\\/#organization\",\"name\":\"Noticieros Canal 7\",\"url\":\"https:\\\/\\\/canal7slp.tv\\\/2025\\\/\",\"logo\":{\"@type\":\"ImageObject\",\"inLanguage\":\"es\",\"@id\":\"https:\\\/\\\/canal7slp.tv\\\/2025\\\/#\\\/schema\\\/logo\\\/image\\\/\",\"url\":\"https:\\\/\\\/canal7slp.tv\\\/2025\\\/wp-content\\\/uploads\\\/2021\\\/01\\\/logo-noticieros@2x.png\",\"contentUrl\":\"https:\\\/\\\/canal7slp.tv\\\/2025\\\/wp-content\\\/uploads\\\/2021\\\/01\\\/logo-noticieros@2x.png\",\"width\":1017,\"height\":268,\"caption\":\"Noticieros Canal 7\"},\"image\":{\"@id\":\"https:\\\/\\\/canal7slp.tv\\\/2025\\\/#\\\/schema\\\/logo\\\/image\\\/\"},\"sameAs\":[\"https:\\\/\\\/www.facebook.com\\\/noticieroscanal7atencionciudadana\\\/\",\"https:\\\/\\\/x.com\\\/NOTICIEROS7\",\"https:\\\/\\\/www.instagram.com\\\/canal7_slp\",\"https:\\\/\\\/www.youtube.com\\\/channel\\\/UCliiYs-gP3JfJeqdPrNdd5A\"]},{\"@type\":\"Person\",\"@id\":\"https:\\\/\\\/canal7slp.tv\\\/2025\\\/#\\\/schema\\\/person\\\/271e2b60a96e7cc9d9ac296f4d7e414b\",\"name\":\"Edici\u00f3n Web\",\"image\":{\"@type\":\"ImageObject\",\"inLanguage\":\"es\",\"@id\":\"https:\\\/\\\/secure.gravatar.com\\\/avatar\\\/eee448fc3f7164808013b816ba91ac7e43bbe82a70bebac296f8bc6f0addaa1a?s=96&d=mm&r=g\",\"url\":\"https:\\\/\\\/secure.gravatar.com\\\/avatar\\\/eee448fc3f7164808013b816ba91ac7e43bbe82a70bebac296f8bc6f0addaa1a?s=96&d=mm&r=g\",\"contentUrl\":\"https:\\\/\\\/secure.gravatar.com\\\/avatar\\\/eee448fc3f7164808013b816ba91ac7e43bbe82a70bebac296f8bc6f0addaa1a?s=96&d=mm&r=g\",\"caption\":\"Edici\u00f3n Web\"},\"url\":\"https:\\\/\\\/canal7slp.tv\\\/2025\\\/author\\\/edicionweb\\\/\"}]}<\/script>\n<!-- \/ Yoast SEO plugin. -->","yoast_head_json":{"title":"Trump exige renuncia del CEO de Intel por v\u00ednculos con China - Canal 7 SLP - 2025","robots":{"index":"index","follow":"follow","max-snippet":"max-snippet:-1","max-image-preview":"max-image-preview:large","max-video-preview":"max-video-preview:-1"},"canonical":"https:\/\/canal7slp.tv\/2025\/trump-exige-renuncia-del-ceo-de-intel-por-vinculos-con-china\/","og_locale":"es_ES","og_type":"article","og_title":"Trump exige renuncia del CEO de Intel por v\u00ednculos con China - Canal 7 SLP - 2025","og_description":"EUA.- Las acciones de Intel cayeron m\u00e1s de un 4% en las operaciones previas a la apertura del mercado este jueves, tras la exigencia del expresidente de Estados Unidos, Donald Trump, de que Lip-Bu Tan renuncie a su cargo como director ejecutivo de la compa\u00f1\u00eda. Trump emiti\u00f3 su demanda a trav\u00e9s de su cuenta en la red Truth Social, luego de que el senador republicano Tom Cotton enviara una carta al presidente del consejo de Intel, Frank Yeary, expresando serias preocupaciones por los presuntos v\u00ednculos de Tan con empresas tecnol\u00f3gicas chinas relacionadas con el Partido Comunista y el Ej\u00e9rcito Popular [&hellip;]","og_url":"https:\/\/canal7slp.tv\/2025\/trump-exige-renuncia-del-ceo-de-intel-por-vinculos-con-china\/","og_site_name":"Canal 7 SLP - 2025","article_publisher":"https:\/\/www.facebook.com\/noticieroscanal7atencionciudadana\/","article_published_time":"2025-08-07T21:06:02+00:00","og_image":[{"width":888,"height":500,"url":"https:\/\/canal7slp.tv\/2025\/wp-content\/uploads\/2025\/08\/06-7.jpg","type":"image\/jpeg"}],"author":"Edici\u00f3n Web","twitter_card":"summary_large_image","twitter_creator":"@NOTICIEROS7","twitter_site":"@NOTICIEROS7","twitter_misc":{"Escrito por":"Edici\u00f3n Web","Tiempo de lectura":"2 minutos"},"schema":{"@context":"https:\/\/schema.org","@graph":[{"@type":"Article","@id":"https:\/\/canal7slp.tv\/2025\/trump-exige-renuncia-del-ceo-de-intel-por-vinculos-con-china\/#article","isPartOf":{"@id":"https:\/\/canal7slp.tv\/2025\/trump-exige-renuncia-del-ceo-de-intel-por-vinculos-con-china\/"},"author":{"name":"Edici\u00f3n Web","@id":"https:\/\/canal7slp.tv\/2025\/#\/schema\/person\/271e2b60a96e7cc9d9ac296f4d7e414b"},"headline":"Trump exige renuncia del CEO de Intel por v\u00ednculos con China","datePublished":"2025-08-07T21:06:02+00:00","mainEntityOfPage":{"@id":"https:\/\/canal7slp.tv\/2025\/trump-exige-renuncia-del-ceo-de-intel-por-vinculos-con-china\/"},"wordCount":246,"publisher":{"@id":"https:\/\/canal7slp.tv\/2025\/#organization"},"image":{"@id":"https:\/\/canal7slp.tv\/2025\/trump-exige-renuncia-del-ceo-de-intel-por-vinculos-con-china\/#primaryimage"},"thumbnailUrl":"https:\/\/canal7slp.tv\/2025\/wp-content\/uploads\/2025\/08\/06-7.jpg","articleSection":["ECONOM\u00cdA","INTERNACIONALES"],"inLanguage":"es"},{"@type":"WebPage","@id":"https:\/\/canal7slp.tv\/2025\/trump-exige-renuncia-del-ceo-de-intel-por-vinculos-con-china\/","url":"https:\/\/canal7slp.tv\/2025\/trump-exige-renuncia-del-ceo-de-intel-por-vinculos-con-china\/","name":"Trump exige renuncia del CEO de Intel por v\u00ednculos con China - Canal 7 SLP - 2025","isPartOf":{"@id":"https:\/\/canal7slp.tv\/2025\/#website"},"primaryImageOfPage":{"@id":"https:\/\/canal7slp.tv\/2025\/trump-exige-renuncia-del-ceo-de-intel-por-vinculos-con-china\/#primaryimage"},"image":{"@id":"https:\/\/canal7slp.tv\/2025\/trump-exige-renuncia-del-ceo-de-intel-por-vinculos-con-china\/#primaryimage"},"thumbnailUrl":"https:\/\/canal7slp.tv\/2025\/wp-content\/uploads\/2025\/08\/06-7.jpg","datePublished":"2025-08-07T21:06:02+00:00","breadcrumb":{"@id":"https:\/\/canal7slp.tv\/2025\/trump-exige-renuncia-del-ceo-de-intel-por-vinculos-con-china\/#breadcrumb"},"inLanguage":"es","potentialAction":[{"@type":"ReadAction","target":["https:\/\/canal7slp.tv\/2025\/trump-exige-renuncia-del-ceo-de-intel-por-vinculos-con-china\/"]}]},{"@type":"ImageObject","inLanguage":"es","@id":"https:\/\/canal7slp.tv\/2025\/trump-exige-renuncia-del-ceo-de-intel-por-vinculos-con-china\/#primaryimage","url":"https:\/\/canal7slp.tv\/2025\/wp-content\/uploads\/2025\/08\/06-7.jpg","contentUrl":"https:\/\/canal7slp.tv\/2025\/wp-content\/uploads\/2025\/08\/06-7.jpg","width":888,"height":500},{"@type":"BreadcrumbList","@id":"https:\/\/canal7slp.tv\/2025\/trump-exige-renuncia-del-ceo-de-intel-por-vinculos-con-china\/#breadcrumb","itemListElement":[{"@type":"ListItem","position":1,"name":"Portada","item":"https:\/\/canal7slp.tv\/2025\/"},{"@type":"ListItem","position":2,"name":"Trump exige renuncia del CEO de Intel por v\u00ednculos con China"}]},{"@type":"WebSite","@id":"https:\/\/canal7slp.tv\/2025\/#website","url":"https:\/\/canal7slp.tv\/2025\/","name":"N7 - Noticieros Canal 7","description":"Somos el Medio","publisher":{"@id":"https:\/\/canal7slp.tv\/2025\/#organization"},"potentialAction":[{"@type":"SearchAction","target":{"@type":"EntryPoint","urlTemplate":"https:\/\/canal7slp.tv\/2025\/?s={search_term_string}"},"query-input":{"@type":"PropertyValueSpecification","valueRequired":true,"valueName":"search_term_string"}}],"inLanguage":"es"},{"@type":"Organization","@id":"https:\/\/canal7slp.tv\/2025\/#organization","name":"Noticieros Canal 7","url":"https:\/\/canal7slp.tv\/2025\/","logo":{"@type":"ImageObject","inLanguage":"es","@id":"https:\/\/canal7slp.tv\/2025\/#\/schema\/logo\/image\/","url":"https:\/\/canal7slp.tv\/2025\/wp-content\/uploads\/2021\/01\/logo-noticieros@2x.png","contentUrl":"https:\/\/canal7slp.tv\/2025\/wp-content\/uploads\/2021\/01\/logo-noticieros@2x.png","width":1017,"height":268,"caption":"Noticieros Canal 7"},"image":{"@id":"https:\/\/canal7slp.tv\/2025\/#\/schema\/logo\/image\/"},"sameAs":["https:\/\/www.facebook.com\/noticieroscanal7atencionciudadana\/","https:\/\/x.com\/NOTICIEROS7","https:\/\/www.instagram.com\/canal7_slp","https:\/\/www.youtube.com\/channel\/UCliiYs-gP3JfJeqdPrNdd5A"]},{"@type":"Person","@id":"https:\/\/canal7slp.tv\/2025\/#\/schema\/person\/271e2b60a96e7cc9d9ac296f4d7e414b","name":"Edici\u00f3n Web","image":{"@type":"ImageObject","inLanguage":"es","@id":"https:\/\/secure.gravatar.com\/avatar\/eee448fc3f7164808013b816ba91ac7e43bbe82a70bebac296f8bc6f0addaa1a?s=96&d=mm&r=g","url":"https:\/\/secure.gravatar.com\/avatar\/eee448fc3f7164808013b816ba91ac7e43bbe82a70bebac296f8bc6f0addaa1a?s=96&d=mm&r=g","contentUrl":"https:\/\/secure.gravatar.com\/avatar\/eee448fc3f7164808013b816ba91ac7e43bbe82a70bebac296f8bc6f0addaa1a?s=96&d=mm&r=g","caption":"Edici\u00f3n Web"},"url":"https:\/\/canal7slp.tv\/2025\/author\/edicionweb\/"}]}},"_links":{"self":[{"href":"https:\/\/canal7slp.tv\/2025\/wp-json\/wp\/v2\/posts\/175761","targetHints":{"allow":["GET"]}}],"collection":[{"href":"https:\/\/canal7slp.tv\/2025\/wp-json\/wp\/v2\/posts"}],"about":[{"href":"https:\/\/canal7slp.tv\/2025\/wp-json\/wp\/v2\/types\/post"}],"author":[{"embeddable":true,"href":"https:\/\/canal7slp.tv\/2025\/wp-json\/wp\/v2\/users\/2"}],"replies":[{"embeddable":true,"href":"https:\/\/canal7slp.tv\/2025\/wp-json\/wp\/v2\/comments?post=175761"}],"version-history":[{"count":1,"href":"https:\/\/canal7slp.tv\/2025\/wp-json\/wp\/v2\/posts\/175761\/revisions"}],"predecessor-version":[{"id":175763,"href":"https:\/\/canal7slp.tv\/2025\/wp-json\/wp\/v2\/posts\/175761\/revisions\/175763"}],"wp:featuredmedia":[{"embeddable":true,"href":"https:\/\/canal7slp.tv\/2025\/wp-json\/wp\/v2\/media\/175762"}],"wp:attachment":[{"href":"https:\/\/canal7slp.tv\/2025\/wp-json\/wp\/v2\/media?parent=175761"}],"wp:term":[{"taxonomy":"category","embeddable":true,"href":"https:\/\/canal7slp.tv\/2025\/wp-json\/wp\/v2\/categories?post=175761"},{"taxonomy":"post_tag","embeddable":true,"href":"https:\/\/canal7slp.tv\/2025\/wp-json\/wp\/v2\/tags?post=175761"}],"curies":[{"name":"wp","href":"https:\/\/api.w.org\/{rel}","templated":true}]}}