{"id":175757,"date":"2025-08-07T14:48:39","date_gmt":"2025-08-07T20:48:39","guid":{"rendered":"https:\/\/canal7slp.tv\/2025\/?p=175757"},"modified":"2025-08-07T14:48:39","modified_gmt":"2025-08-07T20:48:39","slug":"2o-torneo-de-ajedrez-daniel-garcia-alvarez-de-la-llera-se-realizara-del-22-al-24-de-agosto","status":"publish","type":"post","link":"https:\/\/canal7slp.tv\/2025\/2o-torneo-de-ajedrez-daniel-garcia-alvarez-de-la-llera-se-realizara-del-22-al-24-de-agosto\/","title":{"rendered":"2\u00ba Torneo de Ajedrez \u201cDaniel Garc\u00eda \u00c1lvarez de la Llera\u201d se realizar\u00e1 del 22 al 24 de agosto"},"content":{"rendered":"<p style=\"text-align: justify;\">SLP.- Se llevar\u00e1 a cabo el 2\u00ba Torneo de Ajedrez \u201cDaniel Garc\u00eda \u00c1lvarez de la Llera\u201d, donde sobresale la presencia de Rey Enigma, ajedrecista internacional de identidad desconocida.<\/p>\n<p style=\"text-align: justify;\">El torneo se realizar\u00e1 en el marco del d\u00eda de San Luis Rey de Francia, y se llevar\u00e1 a cabo del 22 al 24 de agosto, podr\u00e1n participar cualquier persona en las categor\u00edas: Pe\u00f3n, 12 a\u00f1os y menores; Caballo, 16 a\u00f1os y menores; Torre, 23 a\u00f1os y menores, y Rey: cualquier otra edad, adem\u00e1s deben contar con ajedrez, tablero y reloj al momento de la competici\u00f3n.<\/p>\n<p style=\"text-align: justify;\">La inscripci\u00f3n es gratuita y tendr\u00e1 cupo limitado inicialmente a 350 participantes con fecha l\u00edmite al 15 de agosto.<\/p>\n<p style=\"text-align: justify;\">\n","protected":false},"excerpt":{"rendered":"<p>SLP.- Se llevar\u00e1 a cabo el 2\u00ba Torneo de Ajedrez \u201cDaniel Garc\u00eda \u00c1lvarez de la Llera\u201d, donde sobresale la presencia de Rey Enigma, ajedrecista internacional de identidad desconocida. El torneo se realizar\u00e1 en el marco del d\u00eda de San Luis Rey de Francia, y se llevar\u00e1 a cabo del 22 al 24 de agosto, podr\u00e1n participar cualquier persona en las categor\u00edas: Pe\u00f3n, 12 a\u00f1os y menores; Caballo, 16 a\u00f1os y menores; Torre, 23 a\u00f1os y menores, y Rey: cualquier otra edad, adem\u00e1s deben contar con ajedrez, tablero y reloj al momento de la competici\u00f3n. La inscripci\u00f3n es gratuita y tendr\u00e1 [&hellip;]<\/p>\n","protected":false},"author":2,"featured_media":175759,"comment_status":"closed","ping_status":"closed","sticky":false,"template":"","format":"video","meta":{"_monsterinsights_skip_tracking":false,"_monsterinsights_sitenote_active":false,"_monsterinsights_sitenote_note":"","_monsterinsights_sitenote_category":0,"footnotes":""},"categories":[7,5],"tags":[],"class_list":["post-175757","post","type-post","status-publish","format-video","has-post-thumbnail","hentry","category-deportes","category-destacadas","post_format-post-format-video","post--single"],"yoast_head":"<!-- This site is optimized with the Yoast SEO plugin v27.4 - https:\/\/yoast.com\/product\/yoast-seo-wordpress\/ -->\n<title>2\u00ba Torneo de Ajedrez \u201cDaniel Garc\u00eda \u00c1lvarez de la Llera\u201d se realizar\u00e1 del 22 al 24 de agosto - Canal 7 SLP - 2025<\/title>\n<meta name=\"robots\" content=\"index, follow, max-snippet:-1, max-image-preview:large, max-video-preview:-1\" \/>\n<link rel=\"canonical\" href=\"https:\/\/canal7slp.tv\/2025\/2o-torneo-de-ajedrez-daniel-garcia-alvarez-de-la-llera-se-realizara-del-22-al-24-de-agosto\/\" \/>\n<meta property=\"og:locale\" content=\"es_ES\" \/>\n<meta property=\"og:type\" content=\"article\" \/>\n<meta property=\"og:title\" content=\"2\u00ba Torneo de Ajedrez \u201cDaniel Garc\u00eda \u00c1lvarez de la Llera\u201d se realizar\u00e1 del 22 al 24 de agosto - Canal 7 SLP - 2025\" \/>\n<meta property=\"og:description\" content=\"SLP.- Se llevar\u00e1 a cabo el 2\u00ba Torneo de Ajedrez \u201cDaniel Garc\u00eda \u00c1lvarez de la Llera\u201d, donde sobresale la presencia de Rey Enigma, ajedrecista internacional de identidad desconocida. El torneo se realizar\u00e1 en el marco del d\u00eda de San Luis Rey de Francia, y se llevar\u00e1 a cabo del 22 al 24 de agosto, podr\u00e1n participar cualquier persona en las categor\u00edas: Pe\u00f3n, 12 a\u00f1os y menores; Caballo, 16 a\u00f1os y menores; Torre, 23 a\u00f1os y menores, y Rey: cualquier otra edad, adem\u00e1s deben contar con ajedrez, tablero y reloj al momento de la competici\u00f3n. La inscripci\u00f3n es gratuita y tendr\u00e1 [&hellip;]\" \/>\n<meta property=\"og:url\" content=\"https:\/\/canal7slp.tv\/2025\/2o-torneo-de-ajedrez-daniel-garcia-alvarez-de-la-llera-se-realizara-del-22-al-24-de-agosto\/\" \/>\n<meta property=\"og:site_name\" content=\"Canal 7 SLP - 2025\" \/>\n<meta property=\"article:publisher\" content=\"https:\/\/www.facebook.com\/noticieroscanal7atencionciudadana\/\" \/>\n<meta property=\"article:published_time\" content=\"2025-08-07T20:48:39+00:00\" \/>\n<meta property=\"og:image\" content=\"https:\/\/canal7slp.tv\/2025\/wp-content\/uploads\/2025\/08\/Froi03Ajedrez.jpg\" \/>\n\t<meta property=\"og:image:width\" content=\"1280\" \/>\n\t<meta property=\"og:image:height\" content=\"720\" \/>\n\t<meta property=\"og:image:type\" content=\"image\/jpeg\" \/>\n<meta name=\"author\" content=\"Edici\u00f3n Web\" \/>\n<meta name=\"twitter:card\" content=\"summary_large_image\" \/>\n<meta name=\"twitter:creator\" content=\"@NOTICIEROS7\" \/>\n<meta name=\"twitter:site\" content=\"@NOTICIEROS7\" \/>\n<meta name=\"twitter:label1\" content=\"Escrito por\" \/>\n\t<meta name=\"twitter:data1\" content=\"Edici\u00f3n Web\" \/>\n\t<meta name=\"twitter:label2\" content=\"Tiempo de lectura\" \/>\n\t<meta name=\"twitter:data2\" content=\"1 minuto\" \/>\n<script type=\"application\/ld+json\" class=\"yoast-schema-graph\">{\"@context\":\"https:\\\/\\\/schema.org\",\"@graph\":[{\"@type\":\"Article\",\"@id\":\"https:\\\/\\\/canal7slp.tv\\\/2025\\\/2o-torneo-de-ajedrez-daniel-garcia-alvarez-de-la-llera-se-realizara-del-22-al-24-de-agosto\\\/#article\",\"isPartOf\":{\"@id\":\"https:\\\/\\\/canal7slp.tv\\\/2025\\\/2o-torneo-de-ajedrez-daniel-garcia-alvarez-de-la-llera-se-realizara-del-22-al-24-de-agosto\\\/\"},\"author\":{\"name\":\"Edici\u00f3n Web\",\"@id\":\"https:\\\/\\\/canal7slp.tv\\\/2025\\\/#\\\/schema\\\/person\\\/271e2b60a96e7cc9d9ac296f4d7e414b\"},\"headline\":\"2\u00ba Torneo de Ajedrez \u201cDaniel Garc\u00eda \u00c1lvarez de la Llera\u201d se realizar\u00e1 del 22 al 24 de agosto\",\"datePublished\":\"2025-08-07T20:48:39+00:00\",\"mainEntityOfPage\":{\"@id\":\"https:\\\/\\\/canal7slp.tv\\\/2025\\\/2o-torneo-de-ajedrez-daniel-garcia-alvarez-de-la-llera-se-realizara-del-22-al-24-de-agosto\\\/\"},\"wordCount\":134,\"publisher\":{\"@id\":\"https:\\\/\\\/canal7slp.tv\\\/2025\\\/#organization\"},\"image\":{\"@id\":\"https:\\\/\\\/canal7slp.tv\\\/2025\\\/2o-torneo-de-ajedrez-daniel-garcia-alvarez-de-la-llera-se-realizara-del-22-al-24-de-agosto\\\/#primaryimage\"},\"thumbnailUrl\":\"https:\\\/\\\/canal7slp.tv\\\/2025\\\/wp-content\\\/uploads\\\/2025\\\/08\\\/Froi03Ajedrez.jpg\",\"articleSection\":[\"DEPORTES\",\"DESTACADAS\"],\"inLanguage\":\"es\"},{\"@type\":\"WebPage\",\"@id\":\"https:\\\/\\\/canal7slp.tv\\\/2025\\\/2o-torneo-de-ajedrez-daniel-garcia-alvarez-de-la-llera-se-realizara-del-22-al-24-de-agosto\\\/\",\"url\":\"https:\\\/\\\/canal7slp.tv\\\/2025\\\/2o-torneo-de-ajedrez-daniel-garcia-alvarez-de-la-llera-se-realizara-del-22-al-24-de-agosto\\\/\",\"name\":\"2\u00ba Torneo de Ajedrez \u201cDaniel Garc\u00eda \u00c1lvarez de la Llera\u201d se realizar\u00e1 del 22 al 24 de agosto - Canal 7 SLP - 2025\",\"isPartOf\":{\"@id\":\"https:\\\/\\\/canal7slp.tv\\\/2025\\\/#website\"},\"primaryImageOfPage\":{\"@id\":\"https:\\\/\\\/canal7slp.tv\\\/2025\\\/2o-torneo-de-ajedrez-daniel-garcia-alvarez-de-la-llera-se-realizara-del-22-al-24-de-agosto\\\/#primaryimage\"},\"image\":{\"@id\":\"https:\\\/\\\/canal7slp.tv\\\/2025\\\/2o-torneo-de-ajedrez-daniel-garcia-alvarez-de-la-llera-se-realizara-del-22-al-24-de-agosto\\\/#primaryimage\"},\"thumbnailUrl\":\"https:\\\/\\\/canal7slp.tv\\\/2025\\\/wp-content\\\/uploads\\\/2025\\\/08\\\/Froi03Ajedrez.jpg\",\"datePublished\":\"2025-08-07T20:48:39+00:00\",\"breadcrumb\":{\"@id\":\"https:\\\/\\\/canal7slp.tv\\\/2025\\\/2o-torneo-de-ajedrez-daniel-garcia-alvarez-de-la-llera-se-realizara-del-22-al-24-de-agosto\\\/#breadcrumb\"},\"inLanguage\":\"es\",\"potentialAction\":[{\"@type\":\"ReadAction\",\"target\":[\"https:\\\/\\\/canal7slp.tv\\\/2025\\\/2o-torneo-de-ajedrez-daniel-garcia-alvarez-de-la-llera-se-realizara-del-22-al-24-de-agosto\\\/\"]}]},{\"@type\":\"ImageObject\",\"inLanguage\":\"es\",\"@id\":\"https:\\\/\\\/canal7slp.tv\\\/2025\\\/2o-torneo-de-ajedrez-daniel-garcia-alvarez-de-la-llera-se-realizara-del-22-al-24-de-agosto\\\/#primaryimage\",\"url\":\"https:\\\/\\\/canal7slp.tv\\\/2025\\\/wp-content\\\/uploads\\\/2025\\\/08\\\/Froi03Ajedrez.jpg\",\"contentUrl\":\"https:\\\/\\\/canal7slp.tv\\\/2025\\\/wp-content\\\/uploads\\\/2025\\\/08\\\/Froi03Ajedrez.jpg\",\"width\":1280,\"height\":720},{\"@type\":\"BreadcrumbList\",\"@id\":\"https:\\\/\\\/canal7slp.tv\\\/2025\\\/2o-torneo-de-ajedrez-daniel-garcia-alvarez-de-la-llera-se-realizara-del-22-al-24-de-agosto\\\/#breadcrumb\",\"itemListElement\":[{\"@type\":\"ListItem\",\"position\":1,\"name\":\"Portada\",\"item\":\"https:\\\/\\\/canal7slp.tv\\\/2025\\\/\"},{\"@type\":\"ListItem\",\"position\":2,\"name\":\"2\u00ba Torneo de Ajedrez \u201cDaniel Garc\u00eda \u00c1lvarez de la Llera\u201d se realizar\u00e1 del 22 al 24 de agosto\"}]},{\"@type\":\"WebSite\",\"@id\":\"https:\\\/\\\/canal7slp.tv\\\/2025\\\/#website\",\"url\":\"https:\\\/\\\/canal7slp.tv\\\/2025\\\/\",\"name\":\"N7 - Noticieros Canal 7\",\"description\":\"Somos el Medio\",\"publisher\":{\"@id\":\"https:\\\/\\\/canal7slp.tv\\\/2025\\\/#organization\"},\"potentialAction\":[{\"@type\":\"SearchAction\",\"target\":{\"@type\":\"EntryPoint\",\"urlTemplate\":\"https:\\\/\\\/canal7slp.tv\\\/2025\\\/?s={search_term_string}\"},\"query-input\":{\"@type\":\"PropertyValueSpecification\",\"valueRequired\":true,\"valueName\":\"search_term_string\"}}],\"inLanguage\":\"es\"},{\"@type\":\"Organization\",\"@id\":\"https:\\\/\\\/canal7slp.tv\\\/2025\\\/#organization\",\"name\":\"Noticieros Canal 7\",\"url\":\"https:\\\/\\\/canal7slp.tv\\\/2025\\\/\",\"logo\":{\"@type\":\"ImageObject\",\"inLanguage\":\"es\",\"@id\":\"https:\\\/\\\/canal7slp.tv\\\/2025\\\/#\\\/schema\\\/logo\\\/image\\\/\",\"url\":\"https:\\\/\\\/canal7slp.tv\\\/2025\\\/wp-content\\\/uploads\\\/2021\\\/01\\\/logo-noticieros@2x.png\",\"contentUrl\":\"https:\\\/\\\/canal7slp.tv\\\/2025\\\/wp-content\\\/uploads\\\/2021\\\/01\\\/logo-noticieros@2x.png\",\"width\":1017,\"height\":268,\"caption\":\"Noticieros Canal 7\"},\"image\":{\"@id\":\"https:\\\/\\\/canal7slp.tv\\\/2025\\\/#\\\/schema\\\/logo\\\/image\\\/\"},\"sameAs\":[\"https:\\\/\\\/www.facebook.com\\\/noticieroscanal7atencionciudadana\\\/\",\"https:\\\/\\\/x.com\\\/NOTICIEROS7\",\"https:\\\/\\\/www.instagram.com\\\/canal7_slp\",\"https:\\\/\\\/www.youtube.com\\\/channel\\\/UCliiYs-gP3JfJeqdPrNdd5A\"]},{\"@type\":\"Person\",\"@id\":\"https:\\\/\\\/canal7slp.tv\\\/2025\\\/#\\\/schema\\\/person\\\/271e2b60a96e7cc9d9ac296f4d7e414b\",\"name\":\"Edici\u00f3n Web\",\"image\":{\"@type\":\"ImageObject\",\"inLanguage\":\"es\",\"@id\":\"https:\\\/\\\/secure.gravatar.com\\\/avatar\\\/eee448fc3f7164808013b816ba91ac7e43bbe82a70bebac296f8bc6f0addaa1a?s=96&d=mm&r=g\",\"url\":\"https:\\\/\\\/secure.gravatar.com\\\/avatar\\\/eee448fc3f7164808013b816ba91ac7e43bbe82a70bebac296f8bc6f0addaa1a?s=96&d=mm&r=g\",\"contentUrl\":\"https:\\\/\\\/secure.gravatar.com\\\/avatar\\\/eee448fc3f7164808013b816ba91ac7e43bbe82a70bebac296f8bc6f0addaa1a?s=96&d=mm&r=g\",\"caption\":\"Edici\u00f3n Web\"},\"url\":\"https:\\\/\\\/canal7slp.tv\\\/2025\\\/author\\\/edicionweb\\\/\"}]}<\/script>\n<!-- \/ Yoast SEO plugin. -->","yoast_head_json":{"title":"2\u00ba Torneo de Ajedrez \u201cDaniel Garc\u00eda \u00c1lvarez de la Llera\u201d se realizar\u00e1 del 22 al 24 de agosto - Canal 7 SLP - 2025","robots":{"index":"index","follow":"follow","max-snippet":"max-snippet:-1","max-image-preview":"max-image-preview:large","max-video-preview":"max-video-preview:-1"},"canonical":"https:\/\/canal7slp.tv\/2025\/2o-torneo-de-ajedrez-daniel-garcia-alvarez-de-la-llera-se-realizara-del-22-al-24-de-agosto\/","og_locale":"es_ES","og_type":"article","og_title":"2\u00ba Torneo de Ajedrez \u201cDaniel Garc\u00eda \u00c1lvarez de la Llera\u201d se realizar\u00e1 del 22 al 24 de agosto - Canal 7 SLP - 2025","og_description":"SLP.- Se llevar\u00e1 a cabo el 2\u00ba Torneo de Ajedrez \u201cDaniel Garc\u00eda \u00c1lvarez de la Llera\u201d, donde sobresale la presencia de Rey Enigma, ajedrecista internacional de identidad desconocida. El torneo se realizar\u00e1 en el marco del d\u00eda de San Luis Rey de Francia, y se llevar\u00e1 a cabo del 22 al 24 de agosto, podr\u00e1n participar cualquier persona en las categor\u00edas: Pe\u00f3n, 12 a\u00f1os y menores; Caballo, 16 a\u00f1os y menores; Torre, 23 a\u00f1os y menores, y Rey: cualquier otra edad, adem\u00e1s deben contar con ajedrez, tablero y reloj al momento de la competici\u00f3n. La inscripci\u00f3n es gratuita y tendr\u00e1 [&hellip;]","og_url":"https:\/\/canal7slp.tv\/2025\/2o-torneo-de-ajedrez-daniel-garcia-alvarez-de-la-llera-se-realizara-del-22-al-24-de-agosto\/","og_site_name":"Canal 7 SLP - 2025","article_publisher":"https:\/\/www.facebook.com\/noticieroscanal7atencionciudadana\/","article_published_time":"2025-08-07T20:48:39+00:00","og_image":[{"width":1280,"height":720,"url":"https:\/\/canal7slp.tv\/2025\/wp-content\/uploads\/2025\/08\/Froi03Ajedrez.jpg","type":"image\/jpeg"}],"author":"Edici\u00f3n Web","twitter_card":"summary_large_image","twitter_creator":"@NOTICIEROS7","twitter_site":"@NOTICIEROS7","twitter_misc":{"Escrito por":"Edici\u00f3n Web","Tiempo de lectura":"1 minuto"},"schema":{"@context":"https:\/\/schema.org","@graph":[{"@type":"Article","@id":"https:\/\/canal7slp.tv\/2025\/2o-torneo-de-ajedrez-daniel-garcia-alvarez-de-la-llera-se-realizara-del-22-al-24-de-agosto\/#article","isPartOf":{"@id":"https:\/\/canal7slp.tv\/2025\/2o-torneo-de-ajedrez-daniel-garcia-alvarez-de-la-llera-se-realizara-del-22-al-24-de-agosto\/"},"author":{"name":"Edici\u00f3n Web","@id":"https:\/\/canal7slp.tv\/2025\/#\/schema\/person\/271e2b60a96e7cc9d9ac296f4d7e414b"},"headline":"2\u00ba Torneo de Ajedrez \u201cDaniel Garc\u00eda \u00c1lvarez de la Llera\u201d se realizar\u00e1 del 22 al 24 de agosto","datePublished":"2025-08-07T20:48:39+00:00","mainEntityOfPage":{"@id":"https:\/\/canal7slp.tv\/2025\/2o-torneo-de-ajedrez-daniel-garcia-alvarez-de-la-llera-se-realizara-del-22-al-24-de-agosto\/"},"wordCount":134,"publisher":{"@id":"https:\/\/canal7slp.tv\/2025\/#organization"},"image":{"@id":"https:\/\/canal7slp.tv\/2025\/2o-torneo-de-ajedrez-daniel-garcia-alvarez-de-la-llera-se-realizara-del-22-al-24-de-agosto\/#primaryimage"},"thumbnailUrl":"https:\/\/canal7slp.tv\/2025\/wp-content\/uploads\/2025\/08\/Froi03Ajedrez.jpg","articleSection":["DEPORTES","DESTACADAS"],"inLanguage":"es"},{"@type":"WebPage","@id":"https:\/\/canal7slp.tv\/2025\/2o-torneo-de-ajedrez-daniel-garcia-alvarez-de-la-llera-se-realizara-del-22-al-24-de-agosto\/","url":"https:\/\/canal7slp.tv\/2025\/2o-torneo-de-ajedrez-daniel-garcia-alvarez-de-la-llera-se-realizara-del-22-al-24-de-agosto\/","name":"2\u00ba Torneo de Ajedrez \u201cDaniel Garc\u00eda \u00c1lvarez de la Llera\u201d se realizar\u00e1 del 22 al 24 de agosto - Canal 7 SLP - 2025","isPartOf":{"@id":"https:\/\/canal7slp.tv\/2025\/#website"},"primaryImageOfPage":{"@id":"https:\/\/canal7slp.tv\/2025\/2o-torneo-de-ajedrez-daniel-garcia-alvarez-de-la-llera-se-realizara-del-22-al-24-de-agosto\/#primaryimage"},"image":{"@id":"https:\/\/canal7slp.tv\/2025\/2o-torneo-de-ajedrez-daniel-garcia-alvarez-de-la-llera-se-realizara-del-22-al-24-de-agosto\/#primaryimage"},"thumbnailUrl":"https:\/\/canal7slp.tv\/2025\/wp-content\/uploads\/2025\/08\/Froi03Ajedrez.jpg","datePublished":"2025-08-07T20:48:39+00:00","breadcrumb":{"@id":"https:\/\/canal7slp.tv\/2025\/2o-torneo-de-ajedrez-daniel-garcia-alvarez-de-la-llera-se-realizara-del-22-al-24-de-agosto\/#breadcrumb"},"inLanguage":"es","potentialAction":[{"@type":"ReadAction","target":["https:\/\/canal7slp.tv\/2025\/2o-torneo-de-ajedrez-daniel-garcia-alvarez-de-la-llera-se-realizara-del-22-al-24-de-agosto\/"]}]},{"@type":"ImageObject","inLanguage":"es","@id":"https:\/\/canal7slp.tv\/2025\/2o-torneo-de-ajedrez-daniel-garcia-alvarez-de-la-llera-se-realizara-del-22-al-24-de-agosto\/#primaryimage","url":"https:\/\/canal7slp.tv\/2025\/wp-content\/uploads\/2025\/08\/Froi03Ajedrez.jpg","contentUrl":"https:\/\/canal7slp.tv\/2025\/wp-content\/uploads\/2025\/08\/Froi03Ajedrez.jpg","width":1280,"height":720},{"@type":"BreadcrumbList","@id":"https:\/\/canal7slp.tv\/2025\/2o-torneo-de-ajedrez-daniel-garcia-alvarez-de-la-llera-se-realizara-del-22-al-24-de-agosto\/#breadcrumb","itemListElement":[{"@type":"ListItem","position":1,"name":"Portada","item":"https:\/\/canal7slp.tv\/2025\/"},{"@type":"ListItem","position":2,"name":"2\u00ba Torneo de Ajedrez \u201cDaniel Garc\u00eda \u00c1lvarez de la Llera\u201d se realizar\u00e1 del 22 al 24 de agosto"}]},{"@type":"WebSite","@id":"https:\/\/canal7slp.tv\/2025\/#website","url":"https:\/\/canal7slp.tv\/2025\/","name":"N7 - Noticieros Canal 7","description":"Somos el Medio","publisher":{"@id":"https:\/\/canal7slp.tv\/2025\/#organization"},"potentialAction":[{"@type":"SearchAction","target":{"@type":"EntryPoint","urlTemplate":"https:\/\/canal7slp.tv\/2025\/?s={search_term_string}"},"query-input":{"@type":"PropertyValueSpecification","valueRequired":true,"valueName":"search_term_string"}}],"inLanguage":"es"},{"@type":"Organization","@id":"https:\/\/canal7slp.tv\/2025\/#organization","name":"Noticieros Canal 7","url":"https:\/\/canal7slp.tv\/2025\/","logo":{"@type":"ImageObject","inLanguage":"es","@id":"https:\/\/canal7slp.tv\/2025\/#\/schema\/logo\/image\/","url":"https:\/\/canal7slp.tv\/2025\/wp-content\/uploads\/2021\/01\/logo-noticieros@2x.png","contentUrl":"https:\/\/canal7slp.tv\/2025\/wp-content\/uploads\/2021\/01\/logo-noticieros@2x.png","width":1017,"height":268,"caption":"Noticieros Canal 7"},"image":{"@id":"https:\/\/canal7slp.tv\/2025\/#\/schema\/logo\/image\/"},"sameAs":["https:\/\/www.facebook.com\/noticieroscanal7atencionciudadana\/","https:\/\/x.com\/NOTICIEROS7","https:\/\/www.instagram.com\/canal7_slp","https:\/\/www.youtube.com\/channel\/UCliiYs-gP3JfJeqdPrNdd5A"]},{"@type":"Person","@id":"https:\/\/canal7slp.tv\/2025\/#\/schema\/person\/271e2b60a96e7cc9d9ac296f4d7e414b","name":"Edici\u00f3n Web","image":{"@type":"ImageObject","inLanguage":"es","@id":"https:\/\/secure.gravatar.com\/avatar\/eee448fc3f7164808013b816ba91ac7e43bbe82a70bebac296f8bc6f0addaa1a?s=96&d=mm&r=g","url":"https:\/\/secure.gravatar.com\/avatar\/eee448fc3f7164808013b816ba91ac7e43bbe82a70bebac296f8bc6f0addaa1a?s=96&d=mm&r=g","contentUrl":"https:\/\/secure.gravatar.com\/avatar\/eee448fc3f7164808013b816ba91ac7e43bbe82a70bebac296f8bc6f0addaa1a?s=96&d=mm&r=g","caption":"Edici\u00f3n Web"},"url":"https:\/\/canal7slp.tv\/2025\/author\/edicionweb\/"}]}},"_links":{"self":[{"href":"https:\/\/canal7slp.tv\/2025\/wp-json\/wp\/v2\/posts\/175757","targetHints":{"allow":["GET"]}}],"collection":[{"href":"https:\/\/canal7slp.tv\/2025\/wp-json\/wp\/v2\/posts"}],"about":[{"href":"https:\/\/canal7slp.tv\/2025\/wp-json\/wp\/v2\/types\/post"}],"author":[{"embeddable":true,"href":"https:\/\/canal7slp.tv\/2025\/wp-json\/wp\/v2\/users\/2"}],"replies":[{"embeddable":true,"href":"https:\/\/canal7slp.tv\/2025\/wp-json\/wp\/v2\/comments?post=175757"}],"version-history":[{"count":1,"href":"https:\/\/canal7slp.tv\/2025\/wp-json\/wp\/v2\/posts\/175757\/revisions"}],"predecessor-version":[{"id":175760,"href":"https:\/\/canal7slp.tv\/2025\/wp-json\/wp\/v2\/posts\/175757\/revisions\/175760"}],"wp:featuredmedia":[{"embeddable":true,"href":"https:\/\/canal7slp.tv\/2025\/wp-json\/wp\/v2\/media\/175759"}],"wp:attachment":[{"href":"https:\/\/canal7slp.tv\/2025\/wp-json\/wp\/v2\/media?parent=175757"}],"wp:term":[{"taxonomy":"category","embeddable":true,"href":"https:\/\/canal7slp.tv\/2025\/wp-json\/wp\/v2\/categories?post=175757"},{"taxonomy":"post_tag","embeddable":true,"href":"https:\/\/canal7slp.tv\/2025\/wp-json\/wp\/v2\/tags?post=175757"}],"curies":[{"name":"wp","href":"https:\/\/api.w.org\/{rel}","templated":true}]}}