{"id":175746,"date":"2025-08-07T14:26:58","date_gmt":"2025-08-07T20:26:58","guid":{"rendered":"https:\/\/canal7slp.tv\/2025\/?p=175746"},"modified":"2025-08-07T14:26:58","modified_gmt":"2025-08-07T20:26:58","slug":"gobierno-y-gasolineros-reafirman-pacto-para-frenar-el-precio-de-la-gasolina","status":"publish","type":"post","link":"https:\/\/canal7slp.tv\/2025\/gobierno-y-gasolineros-reafirman-pacto-para-frenar-el-precio-de-la-gasolina\/","title":{"rendered":"Gobierno y gasolineros reafirman pacto para frenar el precio de la gasolina"},"content":{"rendered":"<p style=\"text-align: justify;\">\n<p style=\"text-align: justify;\">M\u00e9xico.- La presidenta de M\u00e9xico, Claudia Sheinbaum Pardo, anunci\u00f3 la renovaci\u00f3n del acuerdo con el sector gasolinero para mantener el precio m\u00e1ximo de 24 pesos por litro de gasolina regular. Este pacto, firmado originalmente en febrero, ha sido se\u00f1alado como un factor clave en la reciente disminuci\u00f3n de la inflaci\u00f3n.<\/p>\n<p style=\"text-align: justify;\">Sheinbaum agradeci\u00f3 p\u00fablicamente a los empresarios gasolineros por su participaci\u00f3n en este acuerdo de car\u00e1cter voluntario, que se actualizar\u00e1 este mes de agosto. El convenio, denominado Pol\u00edtica Nacional para Promover la Estabilizaci\u00f3n del Precio de la Gasolina en Beneficio del Pueblo de M\u00e9xico, fue suscrito en el Sal\u00f3n Tesorer\u00eda de Palacio Nacional.<\/p>\n<p style=\"text-align: justify;\">El anuncio se dio tras la publicaci\u00f3n de datos del Instituto Nacional de Estad\u00edstica y Geograf\u00eda (INEGI), que revelaron una baja en la inflaci\u00f3n a 3.51% durante julio, marcando dos meses consecutivos de descenso. Seg\u00fan la mandataria, esta tendencia se debe, en parte, a la reducci\u00f3n en los precios del pollo, carne de res y carne de cerdo.<\/p>\n<p style=\"text-align: justify;\">El acuerdo no impone obligaciones legales, pero Petr\u00f3leos Mexicanos (Pemex) ha establecido un precio mayorista nacional en sus terminales de almacenamiento y reparto, lo que permite a las estaciones de servicio ofrecer gasolina regular por debajo del tope de 24 pesos por litro.<\/p>\n<p style=\"text-align: justify;\">El plan incluye un diferencial de hasta dos pesos entre el precio mayorista y el p\u00fablico, sin incluir el IVA. Adem\u00e1s, la Secretar\u00eda de Hacienda y Cr\u00e9dito P\u00fablico (SHCP) continuar\u00e1 aplicando los est\u00edmulos semanales al Impuesto Especial sobre Producci\u00f3n y Servicios (IEPS) sin modificaciones.<\/p>\n<p style=\"text-align: justify;\">No obstante, especialistas advirtieron que el acuerdo podr\u00eda no considerar las diferencias log\u00edsticas entre regiones, lo que afectar\u00eda la rentabilidad de algunas estaciones de servicio. Tambi\u00e9n se\u00f1alaron que estas condiciones podr\u00edan propiciar pr\u00e1cticas ilegales, como el robo y la venta clandestina de combustible.<\/p>\n<p style=\"text-align: justify;\">Finalmente, se aclar\u00f3 que el acuerdo no aplica en estaciones ubicadas en zonas fronterizas, donde ya existen esquemas de precios diferenciados debido a los est\u00edmulos fiscales vigentes.<\/p>\n","protected":false},"excerpt":{"rendered":"<p>M\u00e9xico.- La presidenta de M\u00e9xico, Claudia Sheinbaum Pardo, anunci\u00f3 la renovaci\u00f3n del acuerdo con el sector gasolinero para mantener el precio m\u00e1ximo de 24 pesos por litro de gasolina regular. Este pacto, firmado originalmente en febrero, ha sido se\u00f1alado como un factor clave en la reciente disminuci\u00f3n de la inflaci\u00f3n. Sheinbaum agradeci\u00f3 p\u00fablicamente a los empresarios gasolineros por su participaci\u00f3n en este acuerdo de car\u00e1cter voluntario, que se actualizar\u00e1 este mes de agosto. El convenio, denominado Pol\u00edtica Nacional para Promover la Estabilizaci\u00f3n del Precio de la Gasolina en Beneficio del Pueblo de M\u00e9xico, fue suscrito en el Sal\u00f3n Tesorer\u00eda de [&hellip;]<\/p>\n","protected":false},"author":2,"featured_media":175747,"comment_status":"closed","ping_status":"closed","sticky":false,"template":"","format":"standard","meta":{"_monsterinsights_skip_tracking":false,"_monsterinsights_sitenote_active":false,"_monsterinsights_sitenote_note":"","_monsterinsights_sitenote_category":0,"footnotes":""},"categories":[40,46],"tags":[],"class_list":["post-175746","post","type-post","status-publish","format-standard","has-post-thumbnail","hentry","category-economia","category-nacional","post--single"],"yoast_head":"<!-- This site is optimized with the Yoast SEO plugin v27.4 - https:\/\/yoast.com\/product\/yoast-seo-wordpress\/ -->\n<title>Gobierno y gasolineros reafirman pacto para frenar el precio de la gasolina - Canal 7 SLP - 2025<\/title>\n<meta name=\"robots\" content=\"index, follow, max-snippet:-1, max-image-preview:large, max-video-preview:-1\" \/>\n<link rel=\"canonical\" href=\"https:\/\/canal7slp.tv\/2025\/gobierno-y-gasolineros-reafirman-pacto-para-frenar-el-precio-de-la-gasolina\/\" \/>\n<meta property=\"og:locale\" content=\"es_ES\" \/>\n<meta property=\"og:type\" content=\"article\" \/>\n<meta property=\"og:title\" content=\"Gobierno y gasolineros reafirman pacto para frenar el precio de la gasolina - Canal 7 SLP - 2025\" \/>\n<meta property=\"og:description\" content=\"M\u00e9xico.- La presidenta de M\u00e9xico, Claudia Sheinbaum Pardo, anunci\u00f3 la renovaci\u00f3n del acuerdo con el sector gasolinero para mantener el precio m\u00e1ximo de 24 pesos por litro de gasolina regular. Este pacto, firmado originalmente en febrero, ha sido se\u00f1alado como un factor clave en la reciente disminuci\u00f3n de la inflaci\u00f3n. Sheinbaum agradeci\u00f3 p\u00fablicamente a los empresarios gasolineros por su participaci\u00f3n en este acuerdo de car\u00e1cter voluntario, que se actualizar\u00e1 este mes de agosto. El convenio, denominado Pol\u00edtica Nacional para Promover la Estabilizaci\u00f3n del Precio de la Gasolina en Beneficio del Pueblo de M\u00e9xico, fue suscrito en el Sal\u00f3n Tesorer\u00eda de [&hellip;]\" \/>\n<meta property=\"og:url\" content=\"https:\/\/canal7slp.tv\/2025\/gobierno-y-gasolineros-reafirman-pacto-para-frenar-el-precio-de-la-gasolina\/\" \/>\n<meta property=\"og:site_name\" content=\"Canal 7 SLP - 2025\" \/>\n<meta property=\"article:publisher\" content=\"https:\/\/www.facebook.com\/noticieroscanal7atencionciudadana\/\" \/>\n<meta property=\"article:published_time\" content=\"2025-08-07T20:26:58+00:00\" \/>\n<meta property=\"og:image\" content=\"https:\/\/canal7slp.tv\/2025\/wp-content\/uploads\/2025\/08\/05-6.jpg\" \/>\n\t<meta property=\"og:image:width\" content=\"1000\" \/>\n\t<meta property=\"og:image:height\" content=\"500\" \/>\n\t<meta property=\"og:image:type\" content=\"image\/jpeg\" \/>\n<meta name=\"author\" content=\"Edici\u00f3n Web\" \/>\n<meta name=\"twitter:card\" content=\"summary_large_image\" \/>\n<meta name=\"twitter:creator\" content=\"@NOTICIEROS7\" \/>\n<meta name=\"twitter:site\" content=\"@NOTICIEROS7\" \/>\n<meta name=\"twitter:label1\" content=\"Escrito por\" \/>\n\t<meta name=\"twitter:data1\" content=\"Edici\u00f3n Web\" \/>\n\t<meta name=\"twitter:label2\" content=\"Tiempo de lectura\" \/>\n\t<meta name=\"twitter:data2\" content=\"2 minutos\" \/>\n<script type=\"application\/ld+json\" class=\"yoast-schema-graph\">{\"@context\":\"https:\\\/\\\/schema.org\",\"@graph\":[{\"@type\":\"Article\",\"@id\":\"https:\\\/\\\/canal7slp.tv\\\/2025\\\/gobierno-y-gasolineros-reafirman-pacto-para-frenar-el-precio-de-la-gasolina\\\/#article\",\"isPartOf\":{\"@id\":\"https:\\\/\\\/canal7slp.tv\\\/2025\\\/gobierno-y-gasolineros-reafirman-pacto-para-frenar-el-precio-de-la-gasolina\\\/\"},\"author\":{\"name\":\"Edici\u00f3n Web\",\"@id\":\"https:\\\/\\\/canal7slp.tv\\\/2025\\\/#\\\/schema\\\/person\\\/271e2b60a96e7cc9d9ac296f4d7e414b\"},\"headline\":\"Gobierno y gasolineros reafirman pacto para frenar el precio de la gasolina\",\"datePublished\":\"2025-08-07T20:26:58+00:00\",\"mainEntityOfPage\":{\"@id\":\"https:\\\/\\\/canal7slp.tv\\\/2025\\\/gobierno-y-gasolineros-reafirman-pacto-para-frenar-el-precio-de-la-gasolina\\\/\"},\"wordCount\":364,\"publisher\":{\"@id\":\"https:\\\/\\\/canal7slp.tv\\\/2025\\\/#organization\"},\"image\":{\"@id\":\"https:\\\/\\\/canal7slp.tv\\\/2025\\\/gobierno-y-gasolineros-reafirman-pacto-para-frenar-el-precio-de-la-gasolina\\\/#primaryimage\"},\"thumbnailUrl\":\"https:\\\/\\\/canal7slp.tv\\\/2025\\\/wp-content\\\/uploads\\\/2025\\\/08\\\/05-6.jpg\",\"articleSection\":[\"ECONOM\u00cdA\",\"NACIONALES\"],\"inLanguage\":\"es\"},{\"@type\":\"WebPage\",\"@id\":\"https:\\\/\\\/canal7slp.tv\\\/2025\\\/gobierno-y-gasolineros-reafirman-pacto-para-frenar-el-precio-de-la-gasolina\\\/\",\"url\":\"https:\\\/\\\/canal7slp.tv\\\/2025\\\/gobierno-y-gasolineros-reafirman-pacto-para-frenar-el-precio-de-la-gasolina\\\/\",\"name\":\"Gobierno y gasolineros reafirman pacto para frenar el precio de la gasolina - Canal 7 SLP - 2025\",\"isPartOf\":{\"@id\":\"https:\\\/\\\/canal7slp.tv\\\/2025\\\/#website\"},\"primaryImageOfPage\":{\"@id\":\"https:\\\/\\\/canal7slp.tv\\\/2025\\\/gobierno-y-gasolineros-reafirman-pacto-para-frenar-el-precio-de-la-gasolina\\\/#primaryimage\"},\"image\":{\"@id\":\"https:\\\/\\\/canal7slp.tv\\\/2025\\\/gobierno-y-gasolineros-reafirman-pacto-para-frenar-el-precio-de-la-gasolina\\\/#primaryimage\"},\"thumbnailUrl\":\"https:\\\/\\\/canal7slp.tv\\\/2025\\\/wp-content\\\/uploads\\\/2025\\\/08\\\/05-6.jpg\",\"datePublished\":\"2025-08-07T20:26:58+00:00\",\"breadcrumb\":{\"@id\":\"https:\\\/\\\/canal7slp.tv\\\/2025\\\/gobierno-y-gasolineros-reafirman-pacto-para-frenar-el-precio-de-la-gasolina\\\/#breadcrumb\"},\"inLanguage\":\"es\",\"potentialAction\":[{\"@type\":\"ReadAction\",\"target\":[\"https:\\\/\\\/canal7slp.tv\\\/2025\\\/gobierno-y-gasolineros-reafirman-pacto-para-frenar-el-precio-de-la-gasolina\\\/\"]}]},{\"@type\":\"ImageObject\",\"inLanguage\":\"es\",\"@id\":\"https:\\\/\\\/canal7slp.tv\\\/2025\\\/gobierno-y-gasolineros-reafirman-pacto-para-frenar-el-precio-de-la-gasolina\\\/#primaryimage\",\"url\":\"https:\\\/\\\/canal7slp.tv\\\/2025\\\/wp-content\\\/uploads\\\/2025\\\/08\\\/05-6.jpg\",\"contentUrl\":\"https:\\\/\\\/canal7slp.tv\\\/2025\\\/wp-content\\\/uploads\\\/2025\\\/08\\\/05-6.jpg\",\"width\":1000,\"height\":500},{\"@type\":\"BreadcrumbList\",\"@id\":\"https:\\\/\\\/canal7slp.tv\\\/2025\\\/gobierno-y-gasolineros-reafirman-pacto-para-frenar-el-precio-de-la-gasolina\\\/#breadcrumb\",\"itemListElement\":[{\"@type\":\"ListItem\",\"position\":1,\"name\":\"Portada\",\"item\":\"https:\\\/\\\/canal7slp.tv\\\/2025\\\/\"},{\"@type\":\"ListItem\",\"position\":2,\"name\":\"Gobierno y gasolineros reafirman pacto para frenar el precio de la gasolina\"}]},{\"@type\":\"WebSite\",\"@id\":\"https:\\\/\\\/canal7slp.tv\\\/2025\\\/#website\",\"url\":\"https:\\\/\\\/canal7slp.tv\\\/2025\\\/\",\"name\":\"N7 - Noticieros Canal 7\",\"description\":\"Somos el Medio\",\"publisher\":{\"@id\":\"https:\\\/\\\/canal7slp.tv\\\/2025\\\/#organization\"},\"potentialAction\":[{\"@type\":\"SearchAction\",\"target\":{\"@type\":\"EntryPoint\",\"urlTemplate\":\"https:\\\/\\\/canal7slp.tv\\\/2025\\\/?s={search_term_string}\"},\"query-input\":{\"@type\":\"PropertyValueSpecification\",\"valueRequired\":true,\"valueName\":\"search_term_string\"}}],\"inLanguage\":\"es\"},{\"@type\":\"Organization\",\"@id\":\"https:\\\/\\\/canal7slp.tv\\\/2025\\\/#organization\",\"name\":\"Noticieros Canal 7\",\"url\":\"https:\\\/\\\/canal7slp.tv\\\/2025\\\/\",\"logo\":{\"@type\":\"ImageObject\",\"inLanguage\":\"es\",\"@id\":\"https:\\\/\\\/canal7slp.tv\\\/2025\\\/#\\\/schema\\\/logo\\\/image\\\/\",\"url\":\"https:\\\/\\\/canal7slp.tv\\\/2025\\\/wp-content\\\/uploads\\\/2021\\\/01\\\/logo-noticieros@2x.png\",\"contentUrl\":\"https:\\\/\\\/canal7slp.tv\\\/2025\\\/wp-content\\\/uploads\\\/2021\\\/01\\\/logo-noticieros@2x.png\",\"width\":1017,\"height\":268,\"caption\":\"Noticieros Canal 7\"},\"image\":{\"@id\":\"https:\\\/\\\/canal7slp.tv\\\/2025\\\/#\\\/schema\\\/logo\\\/image\\\/\"},\"sameAs\":[\"https:\\\/\\\/www.facebook.com\\\/noticieroscanal7atencionciudadana\\\/\",\"https:\\\/\\\/x.com\\\/NOTICIEROS7\",\"https:\\\/\\\/www.instagram.com\\\/canal7_slp\",\"https:\\\/\\\/www.youtube.com\\\/channel\\\/UCliiYs-gP3JfJeqdPrNdd5A\"]},{\"@type\":\"Person\",\"@id\":\"https:\\\/\\\/canal7slp.tv\\\/2025\\\/#\\\/schema\\\/person\\\/271e2b60a96e7cc9d9ac296f4d7e414b\",\"name\":\"Edici\u00f3n Web\",\"image\":{\"@type\":\"ImageObject\",\"inLanguage\":\"es\",\"@id\":\"https:\\\/\\\/secure.gravatar.com\\\/avatar\\\/eee448fc3f7164808013b816ba91ac7e43bbe82a70bebac296f8bc6f0addaa1a?s=96&d=mm&r=g\",\"url\":\"https:\\\/\\\/secure.gravatar.com\\\/avatar\\\/eee448fc3f7164808013b816ba91ac7e43bbe82a70bebac296f8bc6f0addaa1a?s=96&d=mm&r=g\",\"contentUrl\":\"https:\\\/\\\/secure.gravatar.com\\\/avatar\\\/eee448fc3f7164808013b816ba91ac7e43bbe82a70bebac296f8bc6f0addaa1a?s=96&d=mm&r=g\",\"caption\":\"Edici\u00f3n Web\"},\"url\":\"https:\\\/\\\/canal7slp.tv\\\/2025\\\/author\\\/edicionweb\\\/\"}]}<\/script>\n<!-- \/ Yoast SEO plugin. -->","yoast_head_json":{"title":"Gobierno y gasolineros reafirman pacto para frenar el precio de la gasolina - Canal 7 SLP - 2025","robots":{"index":"index","follow":"follow","max-snippet":"max-snippet:-1","max-image-preview":"max-image-preview:large","max-video-preview":"max-video-preview:-1"},"canonical":"https:\/\/canal7slp.tv\/2025\/gobierno-y-gasolineros-reafirman-pacto-para-frenar-el-precio-de-la-gasolina\/","og_locale":"es_ES","og_type":"article","og_title":"Gobierno y gasolineros reafirman pacto para frenar el precio de la gasolina - Canal 7 SLP - 2025","og_description":"M\u00e9xico.- La presidenta de M\u00e9xico, Claudia Sheinbaum Pardo, anunci\u00f3 la renovaci\u00f3n del acuerdo con el sector gasolinero para mantener el precio m\u00e1ximo de 24 pesos por litro de gasolina regular. Este pacto, firmado originalmente en febrero, ha sido se\u00f1alado como un factor clave en la reciente disminuci\u00f3n de la inflaci\u00f3n. Sheinbaum agradeci\u00f3 p\u00fablicamente a los empresarios gasolineros por su participaci\u00f3n en este acuerdo de car\u00e1cter voluntario, que se actualizar\u00e1 este mes de agosto. El convenio, denominado Pol\u00edtica Nacional para Promover la Estabilizaci\u00f3n del Precio de la Gasolina en Beneficio del Pueblo de M\u00e9xico, fue suscrito en el Sal\u00f3n Tesorer\u00eda de [&hellip;]","og_url":"https:\/\/canal7slp.tv\/2025\/gobierno-y-gasolineros-reafirman-pacto-para-frenar-el-precio-de-la-gasolina\/","og_site_name":"Canal 7 SLP - 2025","article_publisher":"https:\/\/www.facebook.com\/noticieroscanal7atencionciudadana\/","article_published_time":"2025-08-07T20:26:58+00:00","og_image":[{"width":1000,"height":500,"url":"https:\/\/canal7slp.tv\/2025\/wp-content\/uploads\/2025\/08\/05-6.jpg","type":"image\/jpeg"}],"author":"Edici\u00f3n Web","twitter_card":"summary_large_image","twitter_creator":"@NOTICIEROS7","twitter_site":"@NOTICIEROS7","twitter_misc":{"Escrito por":"Edici\u00f3n Web","Tiempo de lectura":"2 minutos"},"schema":{"@context":"https:\/\/schema.org","@graph":[{"@type":"Article","@id":"https:\/\/canal7slp.tv\/2025\/gobierno-y-gasolineros-reafirman-pacto-para-frenar-el-precio-de-la-gasolina\/#article","isPartOf":{"@id":"https:\/\/canal7slp.tv\/2025\/gobierno-y-gasolineros-reafirman-pacto-para-frenar-el-precio-de-la-gasolina\/"},"author":{"name":"Edici\u00f3n Web","@id":"https:\/\/canal7slp.tv\/2025\/#\/schema\/person\/271e2b60a96e7cc9d9ac296f4d7e414b"},"headline":"Gobierno y gasolineros reafirman pacto para frenar el precio de la gasolina","datePublished":"2025-08-07T20:26:58+00:00","mainEntityOfPage":{"@id":"https:\/\/canal7slp.tv\/2025\/gobierno-y-gasolineros-reafirman-pacto-para-frenar-el-precio-de-la-gasolina\/"},"wordCount":364,"publisher":{"@id":"https:\/\/canal7slp.tv\/2025\/#organization"},"image":{"@id":"https:\/\/canal7slp.tv\/2025\/gobierno-y-gasolineros-reafirman-pacto-para-frenar-el-precio-de-la-gasolina\/#primaryimage"},"thumbnailUrl":"https:\/\/canal7slp.tv\/2025\/wp-content\/uploads\/2025\/08\/05-6.jpg","articleSection":["ECONOM\u00cdA","NACIONALES"],"inLanguage":"es"},{"@type":"WebPage","@id":"https:\/\/canal7slp.tv\/2025\/gobierno-y-gasolineros-reafirman-pacto-para-frenar-el-precio-de-la-gasolina\/","url":"https:\/\/canal7slp.tv\/2025\/gobierno-y-gasolineros-reafirman-pacto-para-frenar-el-precio-de-la-gasolina\/","name":"Gobierno y gasolineros reafirman pacto para frenar el precio de la gasolina - Canal 7 SLP - 2025","isPartOf":{"@id":"https:\/\/canal7slp.tv\/2025\/#website"},"primaryImageOfPage":{"@id":"https:\/\/canal7slp.tv\/2025\/gobierno-y-gasolineros-reafirman-pacto-para-frenar-el-precio-de-la-gasolina\/#primaryimage"},"image":{"@id":"https:\/\/canal7slp.tv\/2025\/gobierno-y-gasolineros-reafirman-pacto-para-frenar-el-precio-de-la-gasolina\/#primaryimage"},"thumbnailUrl":"https:\/\/canal7slp.tv\/2025\/wp-content\/uploads\/2025\/08\/05-6.jpg","datePublished":"2025-08-07T20:26:58+00:00","breadcrumb":{"@id":"https:\/\/canal7slp.tv\/2025\/gobierno-y-gasolineros-reafirman-pacto-para-frenar-el-precio-de-la-gasolina\/#breadcrumb"},"inLanguage":"es","potentialAction":[{"@type":"ReadAction","target":["https:\/\/canal7slp.tv\/2025\/gobierno-y-gasolineros-reafirman-pacto-para-frenar-el-precio-de-la-gasolina\/"]}]},{"@type":"ImageObject","inLanguage":"es","@id":"https:\/\/canal7slp.tv\/2025\/gobierno-y-gasolineros-reafirman-pacto-para-frenar-el-precio-de-la-gasolina\/#primaryimage","url":"https:\/\/canal7slp.tv\/2025\/wp-content\/uploads\/2025\/08\/05-6.jpg","contentUrl":"https:\/\/canal7slp.tv\/2025\/wp-content\/uploads\/2025\/08\/05-6.jpg","width":1000,"height":500},{"@type":"BreadcrumbList","@id":"https:\/\/canal7slp.tv\/2025\/gobierno-y-gasolineros-reafirman-pacto-para-frenar-el-precio-de-la-gasolina\/#breadcrumb","itemListElement":[{"@type":"ListItem","position":1,"name":"Portada","item":"https:\/\/canal7slp.tv\/2025\/"},{"@type":"ListItem","position":2,"name":"Gobierno y gasolineros reafirman pacto para frenar el precio de la gasolina"}]},{"@type":"WebSite","@id":"https:\/\/canal7slp.tv\/2025\/#website","url":"https:\/\/canal7slp.tv\/2025\/","name":"N7 - Noticieros Canal 7","description":"Somos el Medio","publisher":{"@id":"https:\/\/canal7slp.tv\/2025\/#organization"},"potentialAction":[{"@type":"SearchAction","target":{"@type":"EntryPoint","urlTemplate":"https:\/\/canal7slp.tv\/2025\/?s={search_term_string}"},"query-input":{"@type":"PropertyValueSpecification","valueRequired":true,"valueName":"search_term_string"}}],"inLanguage":"es"},{"@type":"Organization","@id":"https:\/\/canal7slp.tv\/2025\/#organization","name":"Noticieros Canal 7","url":"https:\/\/canal7slp.tv\/2025\/","logo":{"@type":"ImageObject","inLanguage":"es","@id":"https:\/\/canal7slp.tv\/2025\/#\/schema\/logo\/image\/","url":"https:\/\/canal7slp.tv\/2025\/wp-content\/uploads\/2021\/01\/logo-noticieros@2x.png","contentUrl":"https:\/\/canal7slp.tv\/2025\/wp-content\/uploads\/2021\/01\/logo-noticieros@2x.png","width":1017,"height":268,"caption":"Noticieros Canal 7"},"image":{"@id":"https:\/\/canal7slp.tv\/2025\/#\/schema\/logo\/image\/"},"sameAs":["https:\/\/www.facebook.com\/noticieroscanal7atencionciudadana\/","https:\/\/x.com\/NOTICIEROS7","https:\/\/www.instagram.com\/canal7_slp","https:\/\/www.youtube.com\/channel\/UCliiYs-gP3JfJeqdPrNdd5A"]},{"@type":"Person","@id":"https:\/\/canal7slp.tv\/2025\/#\/schema\/person\/271e2b60a96e7cc9d9ac296f4d7e414b","name":"Edici\u00f3n Web","image":{"@type":"ImageObject","inLanguage":"es","@id":"https:\/\/secure.gravatar.com\/avatar\/eee448fc3f7164808013b816ba91ac7e43bbe82a70bebac296f8bc6f0addaa1a?s=96&d=mm&r=g","url":"https:\/\/secure.gravatar.com\/avatar\/eee448fc3f7164808013b816ba91ac7e43bbe82a70bebac296f8bc6f0addaa1a?s=96&d=mm&r=g","contentUrl":"https:\/\/secure.gravatar.com\/avatar\/eee448fc3f7164808013b816ba91ac7e43bbe82a70bebac296f8bc6f0addaa1a?s=96&d=mm&r=g","caption":"Edici\u00f3n Web"},"url":"https:\/\/canal7slp.tv\/2025\/author\/edicionweb\/"}]}},"_links":{"self":[{"href":"https:\/\/canal7slp.tv\/2025\/wp-json\/wp\/v2\/posts\/175746","targetHints":{"allow":["GET"]}}],"collection":[{"href":"https:\/\/canal7slp.tv\/2025\/wp-json\/wp\/v2\/posts"}],"about":[{"href":"https:\/\/canal7slp.tv\/2025\/wp-json\/wp\/v2\/types\/post"}],"author":[{"embeddable":true,"href":"https:\/\/canal7slp.tv\/2025\/wp-json\/wp\/v2\/users\/2"}],"replies":[{"embeddable":true,"href":"https:\/\/canal7slp.tv\/2025\/wp-json\/wp\/v2\/comments?post=175746"}],"version-history":[{"count":1,"href":"https:\/\/canal7slp.tv\/2025\/wp-json\/wp\/v2\/posts\/175746\/revisions"}],"predecessor-version":[{"id":175748,"href":"https:\/\/canal7slp.tv\/2025\/wp-json\/wp\/v2\/posts\/175746\/revisions\/175748"}],"wp:featuredmedia":[{"embeddable":true,"href":"https:\/\/canal7slp.tv\/2025\/wp-json\/wp\/v2\/media\/175747"}],"wp:attachment":[{"href":"https:\/\/canal7slp.tv\/2025\/wp-json\/wp\/v2\/media?parent=175746"}],"wp:term":[{"taxonomy":"category","embeddable":true,"href":"https:\/\/canal7slp.tv\/2025\/wp-json\/wp\/v2\/categories?post=175746"},{"taxonomy":"post_tag","embeddable":true,"href":"https:\/\/canal7slp.tv\/2025\/wp-json\/wp\/v2\/tags?post=175746"}],"curies":[{"name":"wp","href":"https:\/\/api.w.org\/{rel}","templated":true}]}}