{"id":175743,"date":"2025-08-07T14:19:53","date_gmt":"2025-08-07T20:19:53","guid":{"rendered":"https:\/\/canal7slp.tv\/2025\/?p=175743"},"modified":"2025-08-07T14:19:53","modified_gmt":"2025-08-07T20:19:53","slug":"trump-ordena-censo-sin-migrantes-indocumentados","status":"publish","type":"post","link":"https:\/\/canal7slp.tv\/2025\/trump-ordena-censo-sin-migrantes-indocumentados\/","title":{"rendered":"Trump ordena censo sin migrantes indocumentados"},"content":{"rendered":"<p style=\"text-align: justify;\">\n<ul style=\"text-align: justify;\">\n<li>Crecen tensiones por redistribuci\u00f3n electoral.<\/li>\n<\/ul>\n<p style=\"text-align: justify;\">EUA.- El presidente de Estados Unidos, Donald Trump, anunci\u00f3 a trav\u00e9s de su red social Truth Social que ha instruido a su administraci\u00f3n a iniciar un nuevo censo \u00abde alta precisi\u00f3n\u00bb, el cual se basar\u00e1 en los resultados de las elecciones presidenciales de 2024 y no incluir\u00e1 a inmigrantes indocumentados.<\/p>\n<p style=\"text-align: justify;\">La medida surge en un contexto de crecientes tensiones pol\u00edticas, particularmente tras la propuesta del Partido Republicano para redibujar el mapa electoral en Texas. En su mensaje, Trump indic\u00f3 que el Departamento de Comercio debe comenzar a trabajar con datos actuales, y enfatiz\u00f3 que las personas sin estatus migratorio legal no ser\u00e1n contabilizadas, a pesar de que la legislaci\u00f3n vigente establece que el censo debe incluir a todos los residentes, sin distinci\u00f3n migratoria.<\/p>\n<p style=\"text-align: justify;\">El \u00faltimo censo nacional se realiz\u00f3 en 2020 y el pr\u00f3ximo est\u00e1 previsto para 2030, como lo estipula la Constituci\u00f3n estadounidense, que exige un conteo decenal de la poblaci\u00f3n. Estos datos son fundamentales para la distribuci\u00f3n de distritos electorales y la representaci\u00f3n en el Congreso.<\/p>\n<p style=\"text-align: justify;\">Aunque el Congreso, actualmente controlado por los republicanos, tiene la facultad de ordenar censos adicionales con fines estad\u00edsticos, dichos ejercicios no pueden utilizarse para modificar la configuraci\u00f3n de los distritos.<\/p>\n<p style=\"text-align: justify;\">La propuesta de Trump coincide con una pol\u00e9mica nacional por los intentos de legisladores republicanos en Texas de reconfigurar el mapa electoral estatal, lo cual podr\u00eda traducirse en la obtenci\u00f3n de hasta cinco nuevos esca\u00f1os en la C\u00e1mara de Representantes para las elecciones intermedias de 2026. Como forma de protesta, legisladores dem\u00f3cratas de Texas abandonaron el estado para bloquear el avance de la iniciativa. En respuesta, el gobernador republicano Gregg Abbott ha amenazado con destituirlos y orden\u00f3 su arresto.<\/p>\n<p style=\"text-align: justify;\">Opositores a esta redistribuci\u00f3n argumentan que los cambios a mitad de d\u00e9cada son at\u00edpicos, ya que normalmente se llevan a cabo tras la publicaci\u00f3n de los datos del censo. A ra\u00edz de estos movimientos, estados dem\u00f3cratas como California y Nueva York han expresado su intenci\u00f3n de explorar procesos similares en sus territorios.<\/p>\n","protected":false},"excerpt":{"rendered":"<p>Crecen tensiones por redistribuci\u00f3n electoral. EUA.- El presidente de Estados Unidos, Donald Trump, anunci\u00f3 a trav\u00e9s de su red social Truth Social que ha instruido a su administraci\u00f3n a iniciar un nuevo censo \u00abde alta precisi\u00f3n\u00bb, el cual se basar\u00e1 en los resultados de las elecciones presidenciales de 2024 y no incluir\u00e1 a inmigrantes indocumentados. La medida surge en un contexto de crecientes tensiones pol\u00edticas, particularmente tras la propuesta del Partido Republicano para redibujar el mapa electoral en Texas. En su mensaje, Trump indic\u00f3 que el Departamento de Comercio debe comenzar a trabajar con datos actuales, y enfatiz\u00f3 que las [&hellip;]<\/p>\n","protected":false},"author":2,"featured_media":175744,"comment_status":"closed","ping_status":"closed","sticky":false,"template":"","format":"standard","meta":{"_monsterinsights_skip_tracking":false,"_monsterinsights_sitenote_active":false,"_monsterinsights_sitenote_note":"","_monsterinsights_sitenote_category":0,"footnotes":""},"categories":[44],"tags":[],"class_list":["post-175743","post","type-post","status-publish","format-standard","has-post-thumbnail","hentry","category-internacional","post--single"],"yoast_head":"<!-- This site is optimized with the Yoast SEO plugin v27.5 - https:\/\/yoast.com\/product\/yoast-seo-wordpress\/ -->\n<title>Trump ordena censo sin migrantes indocumentados - Canal 7 SLP - 2025<\/title>\n<meta name=\"robots\" content=\"index, follow, max-snippet:-1, max-image-preview:large, max-video-preview:-1\" \/>\n<link rel=\"canonical\" href=\"https:\/\/canal7slp.tv\/2025\/trump-ordena-censo-sin-migrantes-indocumentados\/\" \/>\n<meta property=\"og:locale\" content=\"es_ES\" \/>\n<meta property=\"og:type\" content=\"article\" \/>\n<meta property=\"og:title\" content=\"Trump ordena censo sin migrantes indocumentados - Canal 7 SLP - 2025\" \/>\n<meta property=\"og:description\" content=\"Crecen tensiones por redistribuci\u00f3n electoral. EUA.- El presidente de Estados Unidos, Donald Trump, anunci\u00f3 a trav\u00e9s de su red social Truth Social que ha instruido a su administraci\u00f3n a iniciar un nuevo censo \u00abde alta precisi\u00f3n\u00bb, el cual se basar\u00e1 en los resultados de las elecciones presidenciales de 2024 y no incluir\u00e1 a inmigrantes indocumentados. La medida surge en un contexto de crecientes tensiones pol\u00edticas, particularmente tras la propuesta del Partido Republicano para redibujar el mapa electoral en Texas. En su mensaje, Trump indic\u00f3 que el Departamento de Comercio debe comenzar a trabajar con datos actuales, y enfatiz\u00f3 que las [&hellip;]\" \/>\n<meta property=\"og:url\" content=\"https:\/\/canal7slp.tv\/2025\/trump-ordena-censo-sin-migrantes-indocumentados\/\" \/>\n<meta property=\"og:site_name\" content=\"Canal 7 SLP - 2025\" \/>\n<meta property=\"article:publisher\" content=\"https:\/\/www.facebook.com\/noticieroscanal7atencionciudadana\/\" \/>\n<meta property=\"article:published_time\" content=\"2025-08-07T20:19:53+00:00\" \/>\n<meta property=\"og:image\" content=\"https:\/\/canal7slp.tv\/2025\/wp-content\/uploads\/2025\/08\/04-6.jpg\" \/>\n\t<meta property=\"og:image:width\" content=\"888\" \/>\n\t<meta property=\"og:image:height\" content=\"500\" \/>\n\t<meta property=\"og:image:type\" content=\"image\/jpeg\" \/>\n<meta name=\"author\" content=\"Edici\u00f3n Web\" \/>\n<meta name=\"twitter:card\" content=\"summary_large_image\" \/>\n<meta name=\"twitter:creator\" content=\"@NOTICIEROS7\" \/>\n<meta name=\"twitter:site\" content=\"@NOTICIEROS7\" \/>\n<meta name=\"twitter:label1\" content=\"Escrito por\" \/>\n\t<meta name=\"twitter:data1\" content=\"Edici\u00f3n Web\" \/>\n\t<meta name=\"twitter:label2\" content=\"Tiempo de lectura\" \/>\n\t<meta name=\"twitter:data2\" content=\"2 minutos\" \/>\n<script type=\"application\/ld+json\" class=\"yoast-schema-graph\">{\"@context\":\"https:\\\/\\\/schema.org\",\"@graph\":[{\"@type\":\"Article\",\"@id\":\"https:\\\/\\\/canal7slp.tv\\\/2025\\\/trump-ordena-censo-sin-migrantes-indocumentados\\\/#article\",\"isPartOf\":{\"@id\":\"https:\\\/\\\/canal7slp.tv\\\/2025\\\/trump-ordena-censo-sin-migrantes-indocumentados\\\/\"},\"author\":{\"name\":\"Edici\u00f3n Web\",\"@id\":\"https:\\\/\\\/canal7slp.tv\\\/2025\\\/#\\\/schema\\\/person\\\/271e2b60a96e7cc9d9ac296f4d7e414b\"},\"headline\":\"Trump ordena censo sin migrantes indocumentados\",\"datePublished\":\"2025-08-07T20:19:53+00:00\",\"mainEntityOfPage\":{\"@id\":\"https:\\\/\\\/canal7slp.tv\\\/2025\\\/trump-ordena-censo-sin-migrantes-indocumentados\\\/\"},\"wordCount\":365,\"publisher\":{\"@id\":\"https:\\\/\\\/canal7slp.tv\\\/2025\\\/#organization\"},\"image\":{\"@id\":\"https:\\\/\\\/canal7slp.tv\\\/2025\\\/trump-ordena-censo-sin-migrantes-indocumentados\\\/#primaryimage\"},\"thumbnailUrl\":\"https:\\\/\\\/canal7slp.tv\\\/2025\\\/wp-content\\\/uploads\\\/2025\\\/08\\\/04-6.jpg\",\"articleSection\":[\"INTERNACIONALES\"],\"inLanguage\":\"es\"},{\"@type\":\"WebPage\",\"@id\":\"https:\\\/\\\/canal7slp.tv\\\/2025\\\/trump-ordena-censo-sin-migrantes-indocumentados\\\/\",\"url\":\"https:\\\/\\\/canal7slp.tv\\\/2025\\\/trump-ordena-censo-sin-migrantes-indocumentados\\\/\",\"name\":\"Trump ordena censo sin migrantes indocumentados - Canal 7 SLP - 2025\",\"isPartOf\":{\"@id\":\"https:\\\/\\\/canal7slp.tv\\\/2025\\\/#website\"},\"primaryImageOfPage\":{\"@id\":\"https:\\\/\\\/canal7slp.tv\\\/2025\\\/trump-ordena-censo-sin-migrantes-indocumentados\\\/#primaryimage\"},\"image\":{\"@id\":\"https:\\\/\\\/canal7slp.tv\\\/2025\\\/trump-ordena-censo-sin-migrantes-indocumentados\\\/#primaryimage\"},\"thumbnailUrl\":\"https:\\\/\\\/canal7slp.tv\\\/2025\\\/wp-content\\\/uploads\\\/2025\\\/08\\\/04-6.jpg\",\"datePublished\":\"2025-08-07T20:19:53+00:00\",\"breadcrumb\":{\"@id\":\"https:\\\/\\\/canal7slp.tv\\\/2025\\\/trump-ordena-censo-sin-migrantes-indocumentados\\\/#breadcrumb\"},\"inLanguage\":\"es\",\"potentialAction\":[{\"@type\":\"ReadAction\",\"target\":[\"https:\\\/\\\/canal7slp.tv\\\/2025\\\/trump-ordena-censo-sin-migrantes-indocumentados\\\/\"]}]},{\"@type\":\"ImageObject\",\"inLanguage\":\"es\",\"@id\":\"https:\\\/\\\/canal7slp.tv\\\/2025\\\/trump-ordena-censo-sin-migrantes-indocumentados\\\/#primaryimage\",\"url\":\"https:\\\/\\\/canal7slp.tv\\\/2025\\\/wp-content\\\/uploads\\\/2025\\\/08\\\/04-6.jpg\",\"contentUrl\":\"https:\\\/\\\/canal7slp.tv\\\/2025\\\/wp-content\\\/uploads\\\/2025\\\/08\\\/04-6.jpg\",\"width\":888,\"height\":500},{\"@type\":\"BreadcrumbList\",\"@id\":\"https:\\\/\\\/canal7slp.tv\\\/2025\\\/trump-ordena-censo-sin-migrantes-indocumentados\\\/#breadcrumb\",\"itemListElement\":[{\"@type\":\"ListItem\",\"position\":1,\"name\":\"Portada\",\"item\":\"https:\\\/\\\/canal7slp.tv\\\/2025\\\/\"},{\"@type\":\"ListItem\",\"position\":2,\"name\":\"Trump ordena censo sin migrantes indocumentados\"}]},{\"@type\":\"WebSite\",\"@id\":\"https:\\\/\\\/canal7slp.tv\\\/2025\\\/#website\",\"url\":\"https:\\\/\\\/canal7slp.tv\\\/2025\\\/\",\"name\":\"N7 - Noticieros Canal 7\",\"description\":\"Somos el Medio\",\"publisher\":{\"@id\":\"https:\\\/\\\/canal7slp.tv\\\/2025\\\/#organization\"},\"potentialAction\":[{\"@type\":\"SearchAction\",\"target\":{\"@type\":\"EntryPoint\",\"urlTemplate\":\"https:\\\/\\\/canal7slp.tv\\\/2025\\\/?s={search_term_string}\"},\"query-input\":{\"@type\":\"PropertyValueSpecification\",\"valueRequired\":true,\"valueName\":\"search_term_string\"}}],\"inLanguage\":\"es\"},{\"@type\":\"Organization\",\"@id\":\"https:\\\/\\\/canal7slp.tv\\\/2025\\\/#organization\",\"name\":\"Noticieros Canal 7\",\"url\":\"https:\\\/\\\/canal7slp.tv\\\/2025\\\/\",\"logo\":{\"@type\":\"ImageObject\",\"inLanguage\":\"es\",\"@id\":\"https:\\\/\\\/canal7slp.tv\\\/2025\\\/#\\\/schema\\\/logo\\\/image\\\/\",\"url\":\"https:\\\/\\\/canal7slp.tv\\\/2025\\\/wp-content\\\/uploads\\\/2021\\\/01\\\/logo-noticieros@2x.png\",\"contentUrl\":\"https:\\\/\\\/canal7slp.tv\\\/2025\\\/wp-content\\\/uploads\\\/2021\\\/01\\\/logo-noticieros@2x.png\",\"width\":1017,\"height\":268,\"caption\":\"Noticieros Canal 7\"},\"image\":{\"@id\":\"https:\\\/\\\/canal7slp.tv\\\/2025\\\/#\\\/schema\\\/logo\\\/image\\\/\"},\"sameAs\":[\"https:\\\/\\\/www.facebook.com\\\/noticieroscanal7atencionciudadana\\\/\",\"https:\\\/\\\/x.com\\\/NOTICIEROS7\",\"https:\\\/\\\/www.instagram.com\\\/canal7_slp\",\"https:\\\/\\\/www.youtube.com\\\/channel\\\/UCliiYs-gP3JfJeqdPrNdd5A\"]},{\"@type\":\"Person\",\"@id\":\"https:\\\/\\\/canal7slp.tv\\\/2025\\\/#\\\/schema\\\/person\\\/271e2b60a96e7cc9d9ac296f4d7e414b\",\"name\":\"Edici\u00f3n Web\",\"image\":{\"@type\":\"ImageObject\",\"inLanguage\":\"es\",\"@id\":\"https:\\\/\\\/secure.gravatar.com\\\/avatar\\\/eee448fc3f7164808013b816ba91ac7e43bbe82a70bebac296f8bc6f0addaa1a?s=96&d=mm&r=g\",\"url\":\"https:\\\/\\\/secure.gravatar.com\\\/avatar\\\/eee448fc3f7164808013b816ba91ac7e43bbe82a70bebac296f8bc6f0addaa1a?s=96&d=mm&r=g\",\"contentUrl\":\"https:\\\/\\\/secure.gravatar.com\\\/avatar\\\/eee448fc3f7164808013b816ba91ac7e43bbe82a70bebac296f8bc6f0addaa1a?s=96&d=mm&r=g\",\"caption\":\"Edici\u00f3n Web\"},\"url\":\"https:\\\/\\\/canal7slp.tv\\\/2025\\\/author\\\/edicionweb\\\/\"}]}<\/script>\n<!-- \/ Yoast SEO plugin. -->","yoast_head_json":{"title":"Trump ordena censo sin migrantes indocumentados - Canal 7 SLP - 2025","robots":{"index":"index","follow":"follow","max-snippet":"max-snippet:-1","max-image-preview":"max-image-preview:large","max-video-preview":"max-video-preview:-1"},"canonical":"https:\/\/canal7slp.tv\/2025\/trump-ordena-censo-sin-migrantes-indocumentados\/","og_locale":"es_ES","og_type":"article","og_title":"Trump ordena censo sin migrantes indocumentados - Canal 7 SLP - 2025","og_description":"Crecen tensiones por redistribuci\u00f3n electoral. EUA.- El presidente de Estados Unidos, Donald Trump, anunci\u00f3 a trav\u00e9s de su red social Truth Social que ha instruido a su administraci\u00f3n a iniciar un nuevo censo \u00abde alta precisi\u00f3n\u00bb, el cual se basar\u00e1 en los resultados de las elecciones presidenciales de 2024 y no incluir\u00e1 a inmigrantes indocumentados. La medida surge en un contexto de crecientes tensiones pol\u00edticas, particularmente tras la propuesta del Partido Republicano para redibujar el mapa electoral en Texas. En su mensaje, Trump indic\u00f3 que el Departamento de Comercio debe comenzar a trabajar con datos actuales, y enfatiz\u00f3 que las [&hellip;]","og_url":"https:\/\/canal7slp.tv\/2025\/trump-ordena-censo-sin-migrantes-indocumentados\/","og_site_name":"Canal 7 SLP - 2025","article_publisher":"https:\/\/www.facebook.com\/noticieroscanal7atencionciudadana\/","article_published_time":"2025-08-07T20:19:53+00:00","og_image":[{"width":888,"height":500,"url":"https:\/\/canal7slp.tv\/2025\/wp-content\/uploads\/2025\/08\/04-6.jpg","type":"image\/jpeg"}],"author":"Edici\u00f3n Web","twitter_card":"summary_large_image","twitter_creator":"@NOTICIEROS7","twitter_site":"@NOTICIEROS7","twitter_misc":{"Escrito por":"Edici\u00f3n Web","Tiempo de lectura":"2 minutos"},"schema":{"@context":"https:\/\/schema.org","@graph":[{"@type":"Article","@id":"https:\/\/canal7slp.tv\/2025\/trump-ordena-censo-sin-migrantes-indocumentados\/#article","isPartOf":{"@id":"https:\/\/canal7slp.tv\/2025\/trump-ordena-censo-sin-migrantes-indocumentados\/"},"author":{"name":"Edici\u00f3n Web","@id":"https:\/\/canal7slp.tv\/2025\/#\/schema\/person\/271e2b60a96e7cc9d9ac296f4d7e414b"},"headline":"Trump ordena censo sin migrantes indocumentados","datePublished":"2025-08-07T20:19:53+00:00","mainEntityOfPage":{"@id":"https:\/\/canal7slp.tv\/2025\/trump-ordena-censo-sin-migrantes-indocumentados\/"},"wordCount":365,"publisher":{"@id":"https:\/\/canal7slp.tv\/2025\/#organization"},"image":{"@id":"https:\/\/canal7slp.tv\/2025\/trump-ordena-censo-sin-migrantes-indocumentados\/#primaryimage"},"thumbnailUrl":"https:\/\/canal7slp.tv\/2025\/wp-content\/uploads\/2025\/08\/04-6.jpg","articleSection":["INTERNACIONALES"],"inLanguage":"es"},{"@type":"WebPage","@id":"https:\/\/canal7slp.tv\/2025\/trump-ordena-censo-sin-migrantes-indocumentados\/","url":"https:\/\/canal7slp.tv\/2025\/trump-ordena-censo-sin-migrantes-indocumentados\/","name":"Trump ordena censo sin migrantes indocumentados - Canal 7 SLP - 2025","isPartOf":{"@id":"https:\/\/canal7slp.tv\/2025\/#website"},"primaryImageOfPage":{"@id":"https:\/\/canal7slp.tv\/2025\/trump-ordena-censo-sin-migrantes-indocumentados\/#primaryimage"},"image":{"@id":"https:\/\/canal7slp.tv\/2025\/trump-ordena-censo-sin-migrantes-indocumentados\/#primaryimage"},"thumbnailUrl":"https:\/\/canal7slp.tv\/2025\/wp-content\/uploads\/2025\/08\/04-6.jpg","datePublished":"2025-08-07T20:19:53+00:00","breadcrumb":{"@id":"https:\/\/canal7slp.tv\/2025\/trump-ordena-censo-sin-migrantes-indocumentados\/#breadcrumb"},"inLanguage":"es","potentialAction":[{"@type":"ReadAction","target":["https:\/\/canal7slp.tv\/2025\/trump-ordena-censo-sin-migrantes-indocumentados\/"]}]},{"@type":"ImageObject","inLanguage":"es","@id":"https:\/\/canal7slp.tv\/2025\/trump-ordena-censo-sin-migrantes-indocumentados\/#primaryimage","url":"https:\/\/canal7slp.tv\/2025\/wp-content\/uploads\/2025\/08\/04-6.jpg","contentUrl":"https:\/\/canal7slp.tv\/2025\/wp-content\/uploads\/2025\/08\/04-6.jpg","width":888,"height":500},{"@type":"BreadcrumbList","@id":"https:\/\/canal7slp.tv\/2025\/trump-ordena-censo-sin-migrantes-indocumentados\/#breadcrumb","itemListElement":[{"@type":"ListItem","position":1,"name":"Portada","item":"https:\/\/canal7slp.tv\/2025\/"},{"@type":"ListItem","position":2,"name":"Trump ordena censo sin migrantes indocumentados"}]},{"@type":"WebSite","@id":"https:\/\/canal7slp.tv\/2025\/#website","url":"https:\/\/canal7slp.tv\/2025\/","name":"N7 - Noticieros Canal 7","description":"Somos el Medio","publisher":{"@id":"https:\/\/canal7slp.tv\/2025\/#organization"},"potentialAction":[{"@type":"SearchAction","target":{"@type":"EntryPoint","urlTemplate":"https:\/\/canal7slp.tv\/2025\/?s={search_term_string}"},"query-input":{"@type":"PropertyValueSpecification","valueRequired":true,"valueName":"search_term_string"}}],"inLanguage":"es"},{"@type":"Organization","@id":"https:\/\/canal7slp.tv\/2025\/#organization","name":"Noticieros Canal 7","url":"https:\/\/canal7slp.tv\/2025\/","logo":{"@type":"ImageObject","inLanguage":"es","@id":"https:\/\/canal7slp.tv\/2025\/#\/schema\/logo\/image\/","url":"https:\/\/canal7slp.tv\/2025\/wp-content\/uploads\/2021\/01\/logo-noticieros@2x.png","contentUrl":"https:\/\/canal7slp.tv\/2025\/wp-content\/uploads\/2021\/01\/logo-noticieros@2x.png","width":1017,"height":268,"caption":"Noticieros Canal 7"},"image":{"@id":"https:\/\/canal7slp.tv\/2025\/#\/schema\/logo\/image\/"},"sameAs":["https:\/\/www.facebook.com\/noticieroscanal7atencionciudadana\/","https:\/\/x.com\/NOTICIEROS7","https:\/\/www.instagram.com\/canal7_slp","https:\/\/www.youtube.com\/channel\/UCliiYs-gP3JfJeqdPrNdd5A"]},{"@type":"Person","@id":"https:\/\/canal7slp.tv\/2025\/#\/schema\/person\/271e2b60a96e7cc9d9ac296f4d7e414b","name":"Edici\u00f3n Web","image":{"@type":"ImageObject","inLanguage":"es","@id":"https:\/\/secure.gravatar.com\/avatar\/eee448fc3f7164808013b816ba91ac7e43bbe82a70bebac296f8bc6f0addaa1a?s=96&d=mm&r=g","url":"https:\/\/secure.gravatar.com\/avatar\/eee448fc3f7164808013b816ba91ac7e43bbe82a70bebac296f8bc6f0addaa1a?s=96&d=mm&r=g","contentUrl":"https:\/\/secure.gravatar.com\/avatar\/eee448fc3f7164808013b816ba91ac7e43bbe82a70bebac296f8bc6f0addaa1a?s=96&d=mm&r=g","caption":"Edici\u00f3n Web"},"url":"https:\/\/canal7slp.tv\/2025\/author\/edicionweb\/"}]}},"_links":{"self":[{"href":"https:\/\/canal7slp.tv\/2025\/wp-json\/wp\/v2\/posts\/175743","targetHints":{"allow":["GET"]}}],"collection":[{"href":"https:\/\/canal7slp.tv\/2025\/wp-json\/wp\/v2\/posts"}],"about":[{"href":"https:\/\/canal7slp.tv\/2025\/wp-json\/wp\/v2\/types\/post"}],"author":[{"embeddable":true,"href":"https:\/\/canal7slp.tv\/2025\/wp-json\/wp\/v2\/users\/2"}],"replies":[{"embeddable":true,"href":"https:\/\/canal7slp.tv\/2025\/wp-json\/wp\/v2\/comments?post=175743"}],"version-history":[{"count":1,"href":"https:\/\/canal7slp.tv\/2025\/wp-json\/wp\/v2\/posts\/175743\/revisions"}],"predecessor-version":[{"id":175745,"href":"https:\/\/canal7slp.tv\/2025\/wp-json\/wp\/v2\/posts\/175743\/revisions\/175745"}],"wp:featuredmedia":[{"embeddable":true,"href":"https:\/\/canal7slp.tv\/2025\/wp-json\/wp\/v2\/media\/175744"}],"wp:attachment":[{"href":"https:\/\/canal7slp.tv\/2025\/wp-json\/wp\/v2\/media?parent=175743"}],"wp:term":[{"taxonomy":"category","embeddable":true,"href":"https:\/\/canal7slp.tv\/2025\/wp-json\/wp\/v2\/categories?post=175743"},{"taxonomy":"post_tag","embeddable":true,"href":"https:\/\/canal7slp.tv\/2025\/wp-json\/wp\/v2\/tags?post=175743"}],"curies":[{"name":"wp","href":"https:\/\/api.w.org\/{rel}","templated":true}]}}