{"id":175714,"date":"2025-08-06T19:46:19","date_gmt":"2025-08-07T01:46:19","guid":{"rendered":"https:\/\/canal7slp.tv\/2025\/?p=175714"},"modified":"2025-08-06T19:46:19","modified_gmt":"2025-08-07T01:46:19","slug":"cofepris-ordena-retiro-de-pasta-dental-por-reacciones-adversas","status":"publish","type":"post","link":"https:\/\/canal7slp.tv\/2025\/cofepris-ordena-retiro-de-pasta-dental-por-reacciones-adversas\/","title":{"rendered":"Cofepris ordena retiro de pasta dental por reacciones adversas"},"content":{"rendered":"<p style=\"text-align: justify;\">\n<p style=\"text-align: justify;\">M\u00e9xico.- La Comisi\u00f3n Federal para la Protecci\u00f3n contra Riesgos Sanitarios (Cofepris) orden\u00f3 el retiro del mercado de la crema dental Colgate Total Prevenci\u00f3n Activa CLEAN MINT, fabricada en M\u00e9xico, tras recibir reportes de posibles reacciones adversas en algunos consumidores.<\/p>\n<p style=\"text-align: justify;\">La autoridad sanitaria instruy\u00f3 a Colgate-Palmolive S.A. de C.V. a suspender la comercializaci\u00f3n de esta presentaci\u00f3n espec\u00edfica, debido a quejas que sugieren efectos no deseados como irritaci\u00f3n bucal, inflamaci\u00f3n de enc\u00edas, dolor, sensibilidad dental, \u00falceras, aftas o reacciones al\u00e9rgicas.<\/p>\n<p style=\"text-align: justify;\">Cofepris aclar\u00f3 que la sensibilidad a los ingredientes puede variar entre personas y pidi\u00f3 a la poblaci\u00f3n estar atenta a cualquier s\u00edntoma tras su uso. Como medida preventiva, recomend\u00f3 suspender el uso del producto, acudir con un profesional de la salud en caso de molestias y reportar cualquier incidente directamente a la empresa o al correo farmacovigilancia@cofepris.gob.mx.<\/p>\n<p style=\"text-align: justify;\">Asimismo, inst\u00f3 a quienes tengan esta pasta dental a contactar a Colgate-Palmolive para gestionar su devoluci\u00f3n y evitar riesgos a la salud.<\/p>\n","protected":false},"excerpt":{"rendered":"<p>M\u00e9xico.- La Comisi\u00f3n Federal para la Protecci\u00f3n contra Riesgos Sanitarios (Cofepris) orden\u00f3 el retiro del mercado de la crema dental Colgate Total Prevenci\u00f3n Activa CLEAN MINT, fabricada en M\u00e9xico, tras recibir reportes de posibles reacciones adversas en algunos consumidores. La autoridad sanitaria instruy\u00f3 a Colgate-Palmolive S.A. de C.V. a suspender la comercializaci\u00f3n de esta presentaci\u00f3n espec\u00edfica, debido a quejas que sugieren efectos no deseados como irritaci\u00f3n bucal, inflamaci\u00f3n de enc\u00edas, dolor, sensibilidad dental, \u00falceras, aftas o reacciones al\u00e9rgicas. Cofepris aclar\u00f3 que la sensibilidad a los ingredientes puede variar entre personas y pidi\u00f3 a la poblaci\u00f3n estar atenta a cualquier s\u00edntoma [&hellip;]<\/p>\n","protected":false},"author":2,"featured_media":175715,"comment_status":"closed","ping_status":"closed","sticky":false,"template":"","format":"standard","meta":{"_monsterinsights_skip_tracking":false,"_monsterinsights_sitenote_active":false,"_monsterinsights_sitenote_note":"","_monsterinsights_sitenote_category":0,"footnotes":""},"categories":[46],"tags":[],"class_list":["post-175714","post","type-post","status-publish","format-standard","has-post-thumbnail","hentry","category-nacional","post--single"],"yoast_head":"<!-- This site is optimized with the Yoast SEO plugin v27.5 - https:\/\/yoast.com\/product\/yoast-seo-wordpress\/ -->\n<title>Cofepris ordena retiro de pasta dental por reacciones adversas - Canal 7 SLP - 2025<\/title>\n<meta name=\"robots\" content=\"index, follow, max-snippet:-1, max-image-preview:large, max-video-preview:-1\" \/>\n<link rel=\"canonical\" href=\"https:\/\/canal7slp.tv\/2025\/cofepris-ordena-retiro-de-pasta-dental-por-reacciones-adversas\/\" \/>\n<meta property=\"og:locale\" content=\"es_ES\" \/>\n<meta property=\"og:type\" content=\"article\" \/>\n<meta property=\"og:title\" content=\"Cofepris ordena retiro de pasta dental por reacciones adversas - Canal 7 SLP - 2025\" \/>\n<meta property=\"og:description\" content=\"M\u00e9xico.- La Comisi\u00f3n Federal para la Protecci\u00f3n contra Riesgos Sanitarios (Cofepris) orden\u00f3 el retiro del mercado de la crema dental Colgate Total Prevenci\u00f3n Activa CLEAN MINT, fabricada en M\u00e9xico, tras recibir reportes de posibles reacciones adversas en algunos consumidores. La autoridad sanitaria instruy\u00f3 a Colgate-Palmolive S.A. de C.V. a suspender la comercializaci\u00f3n de esta presentaci\u00f3n espec\u00edfica, debido a quejas que sugieren efectos no deseados como irritaci\u00f3n bucal, inflamaci\u00f3n de enc\u00edas, dolor, sensibilidad dental, \u00falceras, aftas o reacciones al\u00e9rgicas. Cofepris aclar\u00f3 que la sensibilidad a los ingredientes puede variar entre personas y pidi\u00f3 a la poblaci\u00f3n estar atenta a cualquier s\u00edntoma [&hellip;]\" \/>\n<meta property=\"og:url\" content=\"https:\/\/canal7slp.tv\/2025\/cofepris-ordena-retiro-de-pasta-dental-por-reacciones-adversas\/\" \/>\n<meta property=\"og:site_name\" content=\"Canal 7 SLP - 2025\" \/>\n<meta property=\"article:publisher\" content=\"https:\/\/www.facebook.com\/noticieroscanal7atencionciudadana\/\" \/>\n<meta property=\"article:published_time\" content=\"2025-08-07T01:46:19+00:00\" \/>\n<meta property=\"og:image\" content=\"https:\/\/canal7slp.tv\/2025\/wp-content\/uploads\/2025\/08\/18-1.jpg\" \/>\n\t<meta property=\"og:image:width\" content=\"833\" \/>\n\t<meta property=\"og:image:height\" content=\"500\" \/>\n\t<meta property=\"og:image:type\" content=\"image\/jpeg\" \/>\n<meta name=\"author\" content=\"Edici\u00f3n Web\" \/>\n<meta name=\"twitter:card\" content=\"summary_large_image\" \/>\n<meta name=\"twitter:creator\" content=\"@NOTICIEROS7\" \/>\n<meta name=\"twitter:site\" content=\"@NOTICIEROS7\" \/>\n<meta name=\"twitter:label1\" content=\"Escrito por\" \/>\n\t<meta name=\"twitter:data1\" content=\"Edici\u00f3n Web\" \/>\n\t<meta name=\"twitter:label2\" content=\"Tiempo de lectura\" \/>\n\t<meta name=\"twitter:data2\" content=\"1 minuto\" \/>\n<script type=\"application\/ld+json\" class=\"yoast-schema-graph\">{\"@context\":\"https:\\\/\\\/schema.org\",\"@graph\":[{\"@type\":\"Article\",\"@id\":\"https:\\\/\\\/canal7slp.tv\\\/2025\\\/cofepris-ordena-retiro-de-pasta-dental-por-reacciones-adversas\\\/#article\",\"isPartOf\":{\"@id\":\"https:\\\/\\\/canal7slp.tv\\\/2025\\\/cofepris-ordena-retiro-de-pasta-dental-por-reacciones-adversas\\\/\"},\"author\":{\"name\":\"Edici\u00f3n Web\",\"@id\":\"https:\\\/\\\/canal7slp.tv\\\/2025\\\/#\\\/schema\\\/person\\\/271e2b60a96e7cc9d9ac296f4d7e414b\"},\"headline\":\"Cofepris ordena retiro de pasta dental por reacciones adversas\",\"datePublished\":\"2025-08-07T01:46:19+00:00\",\"mainEntityOfPage\":{\"@id\":\"https:\\\/\\\/canal7slp.tv\\\/2025\\\/cofepris-ordena-retiro-de-pasta-dental-por-reacciones-adversas\\\/\"},\"wordCount\":187,\"publisher\":{\"@id\":\"https:\\\/\\\/canal7slp.tv\\\/2025\\\/#organization\"},\"image\":{\"@id\":\"https:\\\/\\\/canal7slp.tv\\\/2025\\\/cofepris-ordena-retiro-de-pasta-dental-por-reacciones-adversas\\\/#primaryimage\"},\"thumbnailUrl\":\"https:\\\/\\\/canal7slp.tv\\\/2025\\\/wp-content\\\/uploads\\\/2025\\\/08\\\/18-1.jpg\",\"articleSection\":[\"NACIONALES\"],\"inLanguage\":\"es\"},{\"@type\":\"WebPage\",\"@id\":\"https:\\\/\\\/canal7slp.tv\\\/2025\\\/cofepris-ordena-retiro-de-pasta-dental-por-reacciones-adversas\\\/\",\"url\":\"https:\\\/\\\/canal7slp.tv\\\/2025\\\/cofepris-ordena-retiro-de-pasta-dental-por-reacciones-adversas\\\/\",\"name\":\"Cofepris ordena retiro de pasta dental por reacciones adversas - Canal 7 SLP - 2025\",\"isPartOf\":{\"@id\":\"https:\\\/\\\/canal7slp.tv\\\/2025\\\/#website\"},\"primaryImageOfPage\":{\"@id\":\"https:\\\/\\\/canal7slp.tv\\\/2025\\\/cofepris-ordena-retiro-de-pasta-dental-por-reacciones-adversas\\\/#primaryimage\"},\"image\":{\"@id\":\"https:\\\/\\\/canal7slp.tv\\\/2025\\\/cofepris-ordena-retiro-de-pasta-dental-por-reacciones-adversas\\\/#primaryimage\"},\"thumbnailUrl\":\"https:\\\/\\\/canal7slp.tv\\\/2025\\\/wp-content\\\/uploads\\\/2025\\\/08\\\/18-1.jpg\",\"datePublished\":\"2025-08-07T01:46:19+00:00\",\"breadcrumb\":{\"@id\":\"https:\\\/\\\/canal7slp.tv\\\/2025\\\/cofepris-ordena-retiro-de-pasta-dental-por-reacciones-adversas\\\/#breadcrumb\"},\"inLanguage\":\"es\",\"potentialAction\":[{\"@type\":\"ReadAction\",\"target\":[\"https:\\\/\\\/canal7slp.tv\\\/2025\\\/cofepris-ordena-retiro-de-pasta-dental-por-reacciones-adversas\\\/\"]}]},{\"@type\":\"ImageObject\",\"inLanguage\":\"es\",\"@id\":\"https:\\\/\\\/canal7slp.tv\\\/2025\\\/cofepris-ordena-retiro-de-pasta-dental-por-reacciones-adversas\\\/#primaryimage\",\"url\":\"https:\\\/\\\/canal7slp.tv\\\/2025\\\/wp-content\\\/uploads\\\/2025\\\/08\\\/18-1.jpg\",\"contentUrl\":\"https:\\\/\\\/canal7slp.tv\\\/2025\\\/wp-content\\\/uploads\\\/2025\\\/08\\\/18-1.jpg\",\"width\":833,\"height\":500},{\"@type\":\"BreadcrumbList\",\"@id\":\"https:\\\/\\\/canal7slp.tv\\\/2025\\\/cofepris-ordena-retiro-de-pasta-dental-por-reacciones-adversas\\\/#breadcrumb\",\"itemListElement\":[{\"@type\":\"ListItem\",\"position\":1,\"name\":\"Portada\",\"item\":\"https:\\\/\\\/canal7slp.tv\\\/2025\\\/\"},{\"@type\":\"ListItem\",\"position\":2,\"name\":\"Cofepris ordena retiro de pasta dental por reacciones adversas\"}]},{\"@type\":\"WebSite\",\"@id\":\"https:\\\/\\\/canal7slp.tv\\\/2025\\\/#website\",\"url\":\"https:\\\/\\\/canal7slp.tv\\\/2025\\\/\",\"name\":\"N7 - Noticieros Canal 7\",\"description\":\"Somos el Medio\",\"publisher\":{\"@id\":\"https:\\\/\\\/canal7slp.tv\\\/2025\\\/#organization\"},\"potentialAction\":[{\"@type\":\"SearchAction\",\"target\":{\"@type\":\"EntryPoint\",\"urlTemplate\":\"https:\\\/\\\/canal7slp.tv\\\/2025\\\/?s={search_term_string}\"},\"query-input\":{\"@type\":\"PropertyValueSpecification\",\"valueRequired\":true,\"valueName\":\"search_term_string\"}}],\"inLanguage\":\"es\"},{\"@type\":\"Organization\",\"@id\":\"https:\\\/\\\/canal7slp.tv\\\/2025\\\/#organization\",\"name\":\"Noticieros Canal 7\",\"url\":\"https:\\\/\\\/canal7slp.tv\\\/2025\\\/\",\"logo\":{\"@type\":\"ImageObject\",\"inLanguage\":\"es\",\"@id\":\"https:\\\/\\\/canal7slp.tv\\\/2025\\\/#\\\/schema\\\/logo\\\/image\\\/\",\"url\":\"https:\\\/\\\/canal7slp.tv\\\/2025\\\/wp-content\\\/uploads\\\/2021\\\/01\\\/logo-noticieros@2x.png\",\"contentUrl\":\"https:\\\/\\\/canal7slp.tv\\\/2025\\\/wp-content\\\/uploads\\\/2021\\\/01\\\/logo-noticieros@2x.png\",\"width\":1017,\"height\":268,\"caption\":\"Noticieros Canal 7\"},\"image\":{\"@id\":\"https:\\\/\\\/canal7slp.tv\\\/2025\\\/#\\\/schema\\\/logo\\\/image\\\/\"},\"sameAs\":[\"https:\\\/\\\/www.facebook.com\\\/noticieroscanal7atencionciudadana\\\/\",\"https:\\\/\\\/x.com\\\/NOTICIEROS7\",\"https:\\\/\\\/www.instagram.com\\\/canal7_slp\",\"https:\\\/\\\/www.youtube.com\\\/channel\\\/UCliiYs-gP3JfJeqdPrNdd5A\"]},{\"@type\":\"Person\",\"@id\":\"https:\\\/\\\/canal7slp.tv\\\/2025\\\/#\\\/schema\\\/person\\\/271e2b60a96e7cc9d9ac296f4d7e414b\",\"name\":\"Edici\u00f3n Web\",\"image\":{\"@type\":\"ImageObject\",\"inLanguage\":\"es\",\"@id\":\"https:\\\/\\\/secure.gravatar.com\\\/avatar\\\/eee448fc3f7164808013b816ba91ac7e43bbe82a70bebac296f8bc6f0addaa1a?s=96&d=mm&r=g\",\"url\":\"https:\\\/\\\/secure.gravatar.com\\\/avatar\\\/eee448fc3f7164808013b816ba91ac7e43bbe82a70bebac296f8bc6f0addaa1a?s=96&d=mm&r=g\",\"contentUrl\":\"https:\\\/\\\/secure.gravatar.com\\\/avatar\\\/eee448fc3f7164808013b816ba91ac7e43bbe82a70bebac296f8bc6f0addaa1a?s=96&d=mm&r=g\",\"caption\":\"Edici\u00f3n Web\"},\"url\":\"https:\\\/\\\/canal7slp.tv\\\/2025\\\/author\\\/edicionweb\\\/\"}]}<\/script>\n<!-- \/ Yoast SEO plugin. -->","yoast_head_json":{"title":"Cofepris ordena retiro de pasta dental por reacciones adversas - Canal 7 SLP - 2025","robots":{"index":"index","follow":"follow","max-snippet":"max-snippet:-1","max-image-preview":"max-image-preview:large","max-video-preview":"max-video-preview:-1"},"canonical":"https:\/\/canal7slp.tv\/2025\/cofepris-ordena-retiro-de-pasta-dental-por-reacciones-adversas\/","og_locale":"es_ES","og_type":"article","og_title":"Cofepris ordena retiro de pasta dental por reacciones adversas - Canal 7 SLP - 2025","og_description":"M\u00e9xico.- La Comisi\u00f3n Federal para la Protecci\u00f3n contra Riesgos Sanitarios (Cofepris) orden\u00f3 el retiro del mercado de la crema dental Colgate Total Prevenci\u00f3n Activa CLEAN MINT, fabricada en M\u00e9xico, tras recibir reportes de posibles reacciones adversas en algunos consumidores. La autoridad sanitaria instruy\u00f3 a Colgate-Palmolive S.A. de C.V. a suspender la comercializaci\u00f3n de esta presentaci\u00f3n espec\u00edfica, debido a quejas que sugieren efectos no deseados como irritaci\u00f3n bucal, inflamaci\u00f3n de enc\u00edas, dolor, sensibilidad dental, \u00falceras, aftas o reacciones al\u00e9rgicas. Cofepris aclar\u00f3 que la sensibilidad a los ingredientes puede variar entre personas y pidi\u00f3 a la poblaci\u00f3n estar atenta a cualquier s\u00edntoma [&hellip;]","og_url":"https:\/\/canal7slp.tv\/2025\/cofepris-ordena-retiro-de-pasta-dental-por-reacciones-adversas\/","og_site_name":"Canal 7 SLP - 2025","article_publisher":"https:\/\/www.facebook.com\/noticieroscanal7atencionciudadana\/","article_published_time":"2025-08-07T01:46:19+00:00","og_image":[{"width":833,"height":500,"url":"https:\/\/canal7slp.tv\/2025\/wp-content\/uploads\/2025\/08\/18-1.jpg","type":"image\/jpeg"}],"author":"Edici\u00f3n Web","twitter_card":"summary_large_image","twitter_creator":"@NOTICIEROS7","twitter_site":"@NOTICIEROS7","twitter_misc":{"Escrito por":"Edici\u00f3n Web","Tiempo de lectura":"1 minuto"},"schema":{"@context":"https:\/\/schema.org","@graph":[{"@type":"Article","@id":"https:\/\/canal7slp.tv\/2025\/cofepris-ordena-retiro-de-pasta-dental-por-reacciones-adversas\/#article","isPartOf":{"@id":"https:\/\/canal7slp.tv\/2025\/cofepris-ordena-retiro-de-pasta-dental-por-reacciones-adversas\/"},"author":{"name":"Edici\u00f3n Web","@id":"https:\/\/canal7slp.tv\/2025\/#\/schema\/person\/271e2b60a96e7cc9d9ac296f4d7e414b"},"headline":"Cofepris ordena retiro de pasta dental por reacciones adversas","datePublished":"2025-08-07T01:46:19+00:00","mainEntityOfPage":{"@id":"https:\/\/canal7slp.tv\/2025\/cofepris-ordena-retiro-de-pasta-dental-por-reacciones-adversas\/"},"wordCount":187,"publisher":{"@id":"https:\/\/canal7slp.tv\/2025\/#organization"},"image":{"@id":"https:\/\/canal7slp.tv\/2025\/cofepris-ordena-retiro-de-pasta-dental-por-reacciones-adversas\/#primaryimage"},"thumbnailUrl":"https:\/\/canal7slp.tv\/2025\/wp-content\/uploads\/2025\/08\/18-1.jpg","articleSection":["NACIONALES"],"inLanguage":"es"},{"@type":"WebPage","@id":"https:\/\/canal7slp.tv\/2025\/cofepris-ordena-retiro-de-pasta-dental-por-reacciones-adversas\/","url":"https:\/\/canal7slp.tv\/2025\/cofepris-ordena-retiro-de-pasta-dental-por-reacciones-adversas\/","name":"Cofepris ordena retiro de pasta dental por reacciones adversas - Canal 7 SLP - 2025","isPartOf":{"@id":"https:\/\/canal7slp.tv\/2025\/#website"},"primaryImageOfPage":{"@id":"https:\/\/canal7slp.tv\/2025\/cofepris-ordena-retiro-de-pasta-dental-por-reacciones-adversas\/#primaryimage"},"image":{"@id":"https:\/\/canal7slp.tv\/2025\/cofepris-ordena-retiro-de-pasta-dental-por-reacciones-adversas\/#primaryimage"},"thumbnailUrl":"https:\/\/canal7slp.tv\/2025\/wp-content\/uploads\/2025\/08\/18-1.jpg","datePublished":"2025-08-07T01:46:19+00:00","breadcrumb":{"@id":"https:\/\/canal7slp.tv\/2025\/cofepris-ordena-retiro-de-pasta-dental-por-reacciones-adversas\/#breadcrumb"},"inLanguage":"es","potentialAction":[{"@type":"ReadAction","target":["https:\/\/canal7slp.tv\/2025\/cofepris-ordena-retiro-de-pasta-dental-por-reacciones-adversas\/"]}]},{"@type":"ImageObject","inLanguage":"es","@id":"https:\/\/canal7slp.tv\/2025\/cofepris-ordena-retiro-de-pasta-dental-por-reacciones-adversas\/#primaryimage","url":"https:\/\/canal7slp.tv\/2025\/wp-content\/uploads\/2025\/08\/18-1.jpg","contentUrl":"https:\/\/canal7slp.tv\/2025\/wp-content\/uploads\/2025\/08\/18-1.jpg","width":833,"height":500},{"@type":"BreadcrumbList","@id":"https:\/\/canal7slp.tv\/2025\/cofepris-ordena-retiro-de-pasta-dental-por-reacciones-adversas\/#breadcrumb","itemListElement":[{"@type":"ListItem","position":1,"name":"Portada","item":"https:\/\/canal7slp.tv\/2025\/"},{"@type":"ListItem","position":2,"name":"Cofepris ordena retiro de pasta dental por reacciones adversas"}]},{"@type":"WebSite","@id":"https:\/\/canal7slp.tv\/2025\/#website","url":"https:\/\/canal7slp.tv\/2025\/","name":"N7 - Noticieros Canal 7","description":"Somos el Medio","publisher":{"@id":"https:\/\/canal7slp.tv\/2025\/#organization"},"potentialAction":[{"@type":"SearchAction","target":{"@type":"EntryPoint","urlTemplate":"https:\/\/canal7slp.tv\/2025\/?s={search_term_string}"},"query-input":{"@type":"PropertyValueSpecification","valueRequired":true,"valueName":"search_term_string"}}],"inLanguage":"es"},{"@type":"Organization","@id":"https:\/\/canal7slp.tv\/2025\/#organization","name":"Noticieros Canal 7","url":"https:\/\/canal7slp.tv\/2025\/","logo":{"@type":"ImageObject","inLanguage":"es","@id":"https:\/\/canal7slp.tv\/2025\/#\/schema\/logo\/image\/","url":"https:\/\/canal7slp.tv\/2025\/wp-content\/uploads\/2021\/01\/logo-noticieros@2x.png","contentUrl":"https:\/\/canal7slp.tv\/2025\/wp-content\/uploads\/2021\/01\/logo-noticieros@2x.png","width":1017,"height":268,"caption":"Noticieros Canal 7"},"image":{"@id":"https:\/\/canal7slp.tv\/2025\/#\/schema\/logo\/image\/"},"sameAs":["https:\/\/www.facebook.com\/noticieroscanal7atencionciudadana\/","https:\/\/x.com\/NOTICIEROS7","https:\/\/www.instagram.com\/canal7_slp","https:\/\/www.youtube.com\/channel\/UCliiYs-gP3JfJeqdPrNdd5A"]},{"@type":"Person","@id":"https:\/\/canal7slp.tv\/2025\/#\/schema\/person\/271e2b60a96e7cc9d9ac296f4d7e414b","name":"Edici\u00f3n Web","image":{"@type":"ImageObject","inLanguage":"es","@id":"https:\/\/secure.gravatar.com\/avatar\/eee448fc3f7164808013b816ba91ac7e43bbe82a70bebac296f8bc6f0addaa1a?s=96&d=mm&r=g","url":"https:\/\/secure.gravatar.com\/avatar\/eee448fc3f7164808013b816ba91ac7e43bbe82a70bebac296f8bc6f0addaa1a?s=96&d=mm&r=g","contentUrl":"https:\/\/secure.gravatar.com\/avatar\/eee448fc3f7164808013b816ba91ac7e43bbe82a70bebac296f8bc6f0addaa1a?s=96&d=mm&r=g","caption":"Edici\u00f3n Web"},"url":"https:\/\/canal7slp.tv\/2025\/author\/edicionweb\/"}]}},"_links":{"self":[{"href":"https:\/\/canal7slp.tv\/2025\/wp-json\/wp\/v2\/posts\/175714","targetHints":{"allow":["GET"]}}],"collection":[{"href":"https:\/\/canal7slp.tv\/2025\/wp-json\/wp\/v2\/posts"}],"about":[{"href":"https:\/\/canal7slp.tv\/2025\/wp-json\/wp\/v2\/types\/post"}],"author":[{"embeddable":true,"href":"https:\/\/canal7slp.tv\/2025\/wp-json\/wp\/v2\/users\/2"}],"replies":[{"embeddable":true,"href":"https:\/\/canal7slp.tv\/2025\/wp-json\/wp\/v2\/comments?post=175714"}],"version-history":[{"count":1,"href":"https:\/\/canal7slp.tv\/2025\/wp-json\/wp\/v2\/posts\/175714\/revisions"}],"predecessor-version":[{"id":175716,"href":"https:\/\/canal7slp.tv\/2025\/wp-json\/wp\/v2\/posts\/175714\/revisions\/175716"}],"wp:featuredmedia":[{"embeddable":true,"href":"https:\/\/canal7slp.tv\/2025\/wp-json\/wp\/v2\/media\/175715"}],"wp:attachment":[{"href":"https:\/\/canal7slp.tv\/2025\/wp-json\/wp\/v2\/media?parent=175714"}],"wp:term":[{"taxonomy":"category","embeddable":true,"href":"https:\/\/canal7slp.tv\/2025\/wp-json\/wp\/v2\/categories?post=175714"},{"taxonomy":"post_tag","embeddable":true,"href":"https:\/\/canal7slp.tv\/2025\/wp-json\/wp\/v2\/tags?post=175714"}],"curies":[{"name":"wp","href":"https:\/\/api.w.org\/{rel}","templated":true}]}}