{"id":175711,"date":"2025-08-06T19:26:31","date_gmt":"2025-08-07T01:26:31","guid":{"rendered":"https:\/\/canal7slp.tv\/2025\/?p=175711"},"modified":"2025-08-06T19:26:31","modified_gmt":"2025-08-07T01:26:31","slug":"exconsejeros-electorales-exigen-consenso-en-la-reforma-propuesta-por-el-gobierno","status":"publish","type":"post","link":"https:\/\/canal7slp.tv\/2025\/exconsejeros-electorales-exigen-consenso-en-la-reforma-propuesta-por-el-gobierno\/","title":{"rendered":"Exconsejeros electorales exigen consenso en la reforma propuesta por el Gobierno"},"content":{"rendered":"<p style=\"text-align: justify;\">M\u00e9xico.- Un grupo de exconsejeros y exmagistrados electorales, algunos con v\u00ednculos con partidos de oposici\u00f3n, emiti\u00f3 un comunicado en el que solicita al Gobierno federal abrir un di\u00e1logo amplio e inclusivo en torno a la Reforma Electoral propuesta por la presidenta Claudia Sheinbaum.<\/p>\n<p style=\"text-align: justify;\">En el pronunciamiento, difundido el pasado domingo, advirtieron que cualquier cambio en esta materia debe ser producto del consenso y no de la imposici\u00f3n.<\/p>\n<p style=\"text-align: justify;\">Entre los firmantes destaca Lorenzo C\u00f3rdova Vianello, expresidente del extinto IFE y del INE hasta abril de 2023, quien actualmente colabora en medios de comunicaci\u00f3n y ha participado en marchas convocadas por la oposici\u00f3n.<\/p>\n<p style=\"text-align: justify;\">En sus intervenciones p\u00fablicas, C\u00f3rdova ha advertido sobre un posible retroceso autoritario en el pa\u00eds.<\/p>\n<p style=\"text-align: justify;\">Tambi\u00e9n suscribi\u00f3 el documento Luis Carlos Ugalde, presidente del IFE durante el proceso electoral de 2006, cuestionado por acusaciones de fraude. Su empresa de consultor\u00eda ha colaborado recientemente con partidos del Frente opositor.<\/p>\n<p style=\"text-align: justify;\">Junto a \u00e9l, firmaron otros expresidentes del \u00f3rgano electoral como Leonardo Vald\u00e9s Zurita y Jos\u00e9 Woldenberg Karakowsky, este \u00faltimo reconocido como el primer consejero ciudadano del IFE.<\/p>\n<p style=\"text-align: justify;\">El pronunciamiento subraya la importancia de incluir diagn\u00f3sticos t\u00e9cnicos y un an\u00e1lisis profundo sobre el costo de las elecciones, as\u00ed como de promover una discusi\u00f3n p\u00fablica plural.<\/p>\n<p style=\"text-align: justify;\">Otros exconsejeros como Ciro Murayama Rend\u00f3n y Alejandra Latap\u00ed tambi\u00e9n respaldaron la iniciativa, destacando la necesidad de fortalecer la democracia mediante un proceso abierto.<\/p>\n<p style=\"text-align: justify;\">En respuesta, la presidenta Sheinbaum asegur\u00f3 que la reforma ser\u00e1 sometida a una consulta nacional, en la que participar\u00e1n la oposici\u00f3n y expresidentes del INE, con el objetivo de escuchar todas las voces y construir una propuesta que refleje la realidad democr\u00e1tica del pa\u00eds.<\/p>\n","protected":false},"excerpt":{"rendered":"<p>M\u00e9xico.- Un grupo de exconsejeros y exmagistrados electorales, algunos con v\u00ednculos con partidos de oposici\u00f3n, emiti\u00f3 un comunicado en el que solicita al Gobierno federal abrir un di\u00e1logo amplio e inclusivo en torno a la Reforma Electoral propuesta por la presidenta Claudia Sheinbaum. En el pronunciamiento, difundido el pasado domingo, advirtieron que cualquier cambio en esta materia debe ser producto del consenso y no de la imposici\u00f3n. Entre los firmantes destaca Lorenzo C\u00f3rdova Vianello, expresidente del extinto IFE y del INE hasta abril de 2023, quien actualmente colabora en medios de comunicaci\u00f3n y ha participado en marchas convocadas por la [&hellip;]<\/p>\n","protected":false},"author":2,"featured_media":175712,"comment_status":"closed","ping_status":"closed","sticky":false,"template":"","format":"standard","meta":{"_monsterinsights_skip_tracking":false,"_monsterinsights_sitenote_active":false,"_monsterinsights_sitenote_note":"","_monsterinsights_sitenote_category":0,"footnotes":""},"categories":[46],"tags":[],"class_list":["post-175711","post","type-post","status-publish","format-standard","has-post-thumbnail","hentry","category-nacional","post--single"],"yoast_head":"<!-- This site is optimized with the Yoast SEO plugin v27.5 - https:\/\/yoast.com\/product\/yoast-seo-wordpress\/ -->\n<title>Exconsejeros electorales exigen consenso en la reforma propuesta por el Gobierno - Canal 7 SLP - 2025<\/title>\n<meta name=\"robots\" content=\"index, follow, max-snippet:-1, max-image-preview:large, max-video-preview:-1\" \/>\n<link rel=\"canonical\" href=\"https:\/\/canal7slp.tv\/2025\/exconsejeros-electorales-exigen-consenso-en-la-reforma-propuesta-por-el-gobierno\/\" \/>\n<meta property=\"og:locale\" content=\"es_ES\" \/>\n<meta property=\"og:type\" content=\"article\" \/>\n<meta property=\"og:title\" content=\"Exconsejeros electorales exigen consenso en la reforma propuesta por el Gobierno - Canal 7 SLP - 2025\" \/>\n<meta property=\"og:description\" content=\"M\u00e9xico.- Un grupo de exconsejeros y exmagistrados electorales, algunos con v\u00ednculos con partidos de oposici\u00f3n, emiti\u00f3 un comunicado en el que solicita al Gobierno federal abrir un di\u00e1logo amplio e inclusivo en torno a la Reforma Electoral propuesta por la presidenta Claudia Sheinbaum. En el pronunciamiento, difundido el pasado domingo, advirtieron que cualquier cambio en esta materia debe ser producto del consenso y no de la imposici\u00f3n. Entre los firmantes destaca Lorenzo C\u00f3rdova Vianello, expresidente del extinto IFE y del INE hasta abril de 2023, quien actualmente colabora en medios de comunicaci\u00f3n y ha participado en marchas convocadas por la [&hellip;]\" \/>\n<meta property=\"og:url\" content=\"https:\/\/canal7slp.tv\/2025\/exconsejeros-electorales-exigen-consenso-en-la-reforma-propuesta-por-el-gobierno\/\" \/>\n<meta property=\"og:site_name\" content=\"Canal 7 SLP - 2025\" \/>\n<meta property=\"article:publisher\" content=\"https:\/\/www.facebook.com\/noticieroscanal7atencionciudadana\/\" \/>\n<meta property=\"article:published_time\" content=\"2025-08-07T01:26:31+00:00\" \/>\n<meta property=\"og:image\" content=\"https:\/\/canal7slp.tv\/2025\/wp-content\/uploads\/2025\/08\/17-1.jpg\" \/>\n\t<meta property=\"og:image:width\" content=\"750\" \/>\n\t<meta property=\"og:image:height\" content=\"500\" \/>\n\t<meta property=\"og:image:type\" content=\"image\/jpeg\" \/>\n<meta name=\"author\" content=\"Edici\u00f3n Web\" \/>\n<meta name=\"twitter:card\" content=\"summary_large_image\" \/>\n<meta name=\"twitter:creator\" content=\"@NOTICIEROS7\" \/>\n<meta name=\"twitter:site\" content=\"@NOTICIEROS7\" \/>\n<meta name=\"twitter:label1\" content=\"Escrito por\" \/>\n\t<meta name=\"twitter:data1\" content=\"Edici\u00f3n Web\" \/>\n\t<meta name=\"twitter:label2\" content=\"Tiempo de lectura\" \/>\n\t<meta name=\"twitter:data2\" content=\"2 minutos\" \/>\n<script type=\"application\/ld+json\" class=\"yoast-schema-graph\">{\"@context\":\"https:\\\/\\\/schema.org\",\"@graph\":[{\"@type\":\"Article\",\"@id\":\"https:\\\/\\\/canal7slp.tv\\\/2025\\\/exconsejeros-electorales-exigen-consenso-en-la-reforma-propuesta-por-el-gobierno\\\/#article\",\"isPartOf\":{\"@id\":\"https:\\\/\\\/canal7slp.tv\\\/2025\\\/exconsejeros-electorales-exigen-consenso-en-la-reforma-propuesta-por-el-gobierno\\\/\"},\"author\":{\"name\":\"Edici\u00f3n Web\",\"@id\":\"https:\\\/\\\/canal7slp.tv\\\/2025\\\/#\\\/schema\\\/person\\\/271e2b60a96e7cc9d9ac296f4d7e414b\"},\"headline\":\"Exconsejeros electorales exigen consenso en la reforma propuesta por el Gobierno\",\"datePublished\":\"2025-08-07T01:26:31+00:00\",\"mainEntityOfPage\":{\"@id\":\"https:\\\/\\\/canal7slp.tv\\\/2025\\\/exconsejeros-electorales-exigen-consenso-en-la-reforma-propuesta-por-el-gobierno\\\/\"},\"wordCount\":306,\"publisher\":{\"@id\":\"https:\\\/\\\/canal7slp.tv\\\/2025\\\/#organization\"},\"image\":{\"@id\":\"https:\\\/\\\/canal7slp.tv\\\/2025\\\/exconsejeros-electorales-exigen-consenso-en-la-reforma-propuesta-por-el-gobierno\\\/#primaryimage\"},\"thumbnailUrl\":\"https:\\\/\\\/canal7slp.tv\\\/2025\\\/wp-content\\\/uploads\\\/2025\\\/08\\\/17-1.jpg\",\"articleSection\":[\"NACIONALES\"],\"inLanguage\":\"es\"},{\"@type\":\"WebPage\",\"@id\":\"https:\\\/\\\/canal7slp.tv\\\/2025\\\/exconsejeros-electorales-exigen-consenso-en-la-reforma-propuesta-por-el-gobierno\\\/\",\"url\":\"https:\\\/\\\/canal7slp.tv\\\/2025\\\/exconsejeros-electorales-exigen-consenso-en-la-reforma-propuesta-por-el-gobierno\\\/\",\"name\":\"Exconsejeros electorales exigen consenso en la reforma propuesta por el Gobierno - Canal 7 SLP - 2025\",\"isPartOf\":{\"@id\":\"https:\\\/\\\/canal7slp.tv\\\/2025\\\/#website\"},\"primaryImageOfPage\":{\"@id\":\"https:\\\/\\\/canal7slp.tv\\\/2025\\\/exconsejeros-electorales-exigen-consenso-en-la-reforma-propuesta-por-el-gobierno\\\/#primaryimage\"},\"image\":{\"@id\":\"https:\\\/\\\/canal7slp.tv\\\/2025\\\/exconsejeros-electorales-exigen-consenso-en-la-reforma-propuesta-por-el-gobierno\\\/#primaryimage\"},\"thumbnailUrl\":\"https:\\\/\\\/canal7slp.tv\\\/2025\\\/wp-content\\\/uploads\\\/2025\\\/08\\\/17-1.jpg\",\"datePublished\":\"2025-08-07T01:26:31+00:00\",\"breadcrumb\":{\"@id\":\"https:\\\/\\\/canal7slp.tv\\\/2025\\\/exconsejeros-electorales-exigen-consenso-en-la-reforma-propuesta-por-el-gobierno\\\/#breadcrumb\"},\"inLanguage\":\"es\",\"potentialAction\":[{\"@type\":\"ReadAction\",\"target\":[\"https:\\\/\\\/canal7slp.tv\\\/2025\\\/exconsejeros-electorales-exigen-consenso-en-la-reforma-propuesta-por-el-gobierno\\\/\"]}]},{\"@type\":\"ImageObject\",\"inLanguage\":\"es\",\"@id\":\"https:\\\/\\\/canal7slp.tv\\\/2025\\\/exconsejeros-electorales-exigen-consenso-en-la-reforma-propuesta-por-el-gobierno\\\/#primaryimage\",\"url\":\"https:\\\/\\\/canal7slp.tv\\\/2025\\\/wp-content\\\/uploads\\\/2025\\\/08\\\/17-1.jpg\",\"contentUrl\":\"https:\\\/\\\/canal7slp.tv\\\/2025\\\/wp-content\\\/uploads\\\/2025\\\/08\\\/17-1.jpg\",\"width\":750,\"height\":500},{\"@type\":\"BreadcrumbList\",\"@id\":\"https:\\\/\\\/canal7slp.tv\\\/2025\\\/exconsejeros-electorales-exigen-consenso-en-la-reforma-propuesta-por-el-gobierno\\\/#breadcrumb\",\"itemListElement\":[{\"@type\":\"ListItem\",\"position\":1,\"name\":\"Portada\",\"item\":\"https:\\\/\\\/canal7slp.tv\\\/2025\\\/\"},{\"@type\":\"ListItem\",\"position\":2,\"name\":\"Exconsejeros electorales exigen consenso en la reforma propuesta por el Gobierno\"}]},{\"@type\":\"WebSite\",\"@id\":\"https:\\\/\\\/canal7slp.tv\\\/2025\\\/#website\",\"url\":\"https:\\\/\\\/canal7slp.tv\\\/2025\\\/\",\"name\":\"N7 - Noticieros Canal 7\",\"description\":\"Somos el Medio\",\"publisher\":{\"@id\":\"https:\\\/\\\/canal7slp.tv\\\/2025\\\/#organization\"},\"potentialAction\":[{\"@type\":\"SearchAction\",\"target\":{\"@type\":\"EntryPoint\",\"urlTemplate\":\"https:\\\/\\\/canal7slp.tv\\\/2025\\\/?s={search_term_string}\"},\"query-input\":{\"@type\":\"PropertyValueSpecification\",\"valueRequired\":true,\"valueName\":\"search_term_string\"}}],\"inLanguage\":\"es\"},{\"@type\":\"Organization\",\"@id\":\"https:\\\/\\\/canal7slp.tv\\\/2025\\\/#organization\",\"name\":\"Noticieros Canal 7\",\"url\":\"https:\\\/\\\/canal7slp.tv\\\/2025\\\/\",\"logo\":{\"@type\":\"ImageObject\",\"inLanguage\":\"es\",\"@id\":\"https:\\\/\\\/canal7slp.tv\\\/2025\\\/#\\\/schema\\\/logo\\\/image\\\/\",\"url\":\"https:\\\/\\\/canal7slp.tv\\\/2025\\\/wp-content\\\/uploads\\\/2021\\\/01\\\/logo-noticieros@2x.png\",\"contentUrl\":\"https:\\\/\\\/canal7slp.tv\\\/2025\\\/wp-content\\\/uploads\\\/2021\\\/01\\\/logo-noticieros@2x.png\",\"width\":1017,\"height\":268,\"caption\":\"Noticieros Canal 7\"},\"image\":{\"@id\":\"https:\\\/\\\/canal7slp.tv\\\/2025\\\/#\\\/schema\\\/logo\\\/image\\\/\"},\"sameAs\":[\"https:\\\/\\\/www.facebook.com\\\/noticieroscanal7atencionciudadana\\\/\",\"https:\\\/\\\/x.com\\\/NOTICIEROS7\",\"https:\\\/\\\/www.instagram.com\\\/canal7_slp\",\"https:\\\/\\\/www.youtube.com\\\/channel\\\/UCliiYs-gP3JfJeqdPrNdd5A\"]},{\"@type\":\"Person\",\"@id\":\"https:\\\/\\\/canal7slp.tv\\\/2025\\\/#\\\/schema\\\/person\\\/271e2b60a96e7cc9d9ac296f4d7e414b\",\"name\":\"Edici\u00f3n Web\",\"image\":{\"@type\":\"ImageObject\",\"inLanguage\":\"es\",\"@id\":\"https:\\\/\\\/secure.gravatar.com\\\/avatar\\\/eee448fc3f7164808013b816ba91ac7e43bbe82a70bebac296f8bc6f0addaa1a?s=96&d=mm&r=g\",\"url\":\"https:\\\/\\\/secure.gravatar.com\\\/avatar\\\/eee448fc3f7164808013b816ba91ac7e43bbe82a70bebac296f8bc6f0addaa1a?s=96&d=mm&r=g\",\"contentUrl\":\"https:\\\/\\\/secure.gravatar.com\\\/avatar\\\/eee448fc3f7164808013b816ba91ac7e43bbe82a70bebac296f8bc6f0addaa1a?s=96&d=mm&r=g\",\"caption\":\"Edici\u00f3n Web\"},\"url\":\"https:\\\/\\\/canal7slp.tv\\\/2025\\\/author\\\/edicionweb\\\/\"}]}<\/script>\n<!-- \/ Yoast SEO plugin. -->","yoast_head_json":{"title":"Exconsejeros electorales exigen consenso en la reforma propuesta por el Gobierno - Canal 7 SLP - 2025","robots":{"index":"index","follow":"follow","max-snippet":"max-snippet:-1","max-image-preview":"max-image-preview:large","max-video-preview":"max-video-preview:-1"},"canonical":"https:\/\/canal7slp.tv\/2025\/exconsejeros-electorales-exigen-consenso-en-la-reforma-propuesta-por-el-gobierno\/","og_locale":"es_ES","og_type":"article","og_title":"Exconsejeros electorales exigen consenso en la reforma propuesta por el Gobierno - Canal 7 SLP - 2025","og_description":"M\u00e9xico.- Un grupo de exconsejeros y exmagistrados electorales, algunos con v\u00ednculos con partidos de oposici\u00f3n, emiti\u00f3 un comunicado en el que solicita al Gobierno federal abrir un di\u00e1logo amplio e inclusivo en torno a la Reforma Electoral propuesta por la presidenta Claudia Sheinbaum. En el pronunciamiento, difundido el pasado domingo, advirtieron que cualquier cambio en esta materia debe ser producto del consenso y no de la imposici\u00f3n. Entre los firmantes destaca Lorenzo C\u00f3rdova Vianello, expresidente del extinto IFE y del INE hasta abril de 2023, quien actualmente colabora en medios de comunicaci\u00f3n y ha participado en marchas convocadas por la [&hellip;]","og_url":"https:\/\/canal7slp.tv\/2025\/exconsejeros-electorales-exigen-consenso-en-la-reforma-propuesta-por-el-gobierno\/","og_site_name":"Canal 7 SLP - 2025","article_publisher":"https:\/\/www.facebook.com\/noticieroscanal7atencionciudadana\/","article_published_time":"2025-08-07T01:26:31+00:00","og_image":[{"width":750,"height":500,"url":"https:\/\/canal7slp.tv\/2025\/wp-content\/uploads\/2025\/08\/17-1.jpg","type":"image\/jpeg"}],"author":"Edici\u00f3n Web","twitter_card":"summary_large_image","twitter_creator":"@NOTICIEROS7","twitter_site":"@NOTICIEROS7","twitter_misc":{"Escrito por":"Edici\u00f3n Web","Tiempo de lectura":"2 minutos"},"schema":{"@context":"https:\/\/schema.org","@graph":[{"@type":"Article","@id":"https:\/\/canal7slp.tv\/2025\/exconsejeros-electorales-exigen-consenso-en-la-reforma-propuesta-por-el-gobierno\/#article","isPartOf":{"@id":"https:\/\/canal7slp.tv\/2025\/exconsejeros-electorales-exigen-consenso-en-la-reforma-propuesta-por-el-gobierno\/"},"author":{"name":"Edici\u00f3n Web","@id":"https:\/\/canal7slp.tv\/2025\/#\/schema\/person\/271e2b60a96e7cc9d9ac296f4d7e414b"},"headline":"Exconsejeros electorales exigen consenso en la reforma propuesta por el Gobierno","datePublished":"2025-08-07T01:26:31+00:00","mainEntityOfPage":{"@id":"https:\/\/canal7slp.tv\/2025\/exconsejeros-electorales-exigen-consenso-en-la-reforma-propuesta-por-el-gobierno\/"},"wordCount":306,"publisher":{"@id":"https:\/\/canal7slp.tv\/2025\/#organization"},"image":{"@id":"https:\/\/canal7slp.tv\/2025\/exconsejeros-electorales-exigen-consenso-en-la-reforma-propuesta-por-el-gobierno\/#primaryimage"},"thumbnailUrl":"https:\/\/canal7slp.tv\/2025\/wp-content\/uploads\/2025\/08\/17-1.jpg","articleSection":["NACIONALES"],"inLanguage":"es"},{"@type":"WebPage","@id":"https:\/\/canal7slp.tv\/2025\/exconsejeros-electorales-exigen-consenso-en-la-reforma-propuesta-por-el-gobierno\/","url":"https:\/\/canal7slp.tv\/2025\/exconsejeros-electorales-exigen-consenso-en-la-reforma-propuesta-por-el-gobierno\/","name":"Exconsejeros electorales exigen consenso en la reforma propuesta por el Gobierno - Canal 7 SLP - 2025","isPartOf":{"@id":"https:\/\/canal7slp.tv\/2025\/#website"},"primaryImageOfPage":{"@id":"https:\/\/canal7slp.tv\/2025\/exconsejeros-electorales-exigen-consenso-en-la-reforma-propuesta-por-el-gobierno\/#primaryimage"},"image":{"@id":"https:\/\/canal7slp.tv\/2025\/exconsejeros-electorales-exigen-consenso-en-la-reforma-propuesta-por-el-gobierno\/#primaryimage"},"thumbnailUrl":"https:\/\/canal7slp.tv\/2025\/wp-content\/uploads\/2025\/08\/17-1.jpg","datePublished":"2025-08-07T01:26:31+00:00","breadcrumb":{"@id":"https:\/\/canal7slp.tv\/2025\/exconsejeros-electorales-exigen-consenso-en-la-reforma-propuesta-por-el-gobierno\/#breadcrumb"},"inLanguage":"es","potentialAction":[{"@type":"ReadAction","target":["https:\/\/canal7slp.tv\/2025\/exconsejeros-electorales-exigen-consenso-en-la-reforma-propuesta-por-el-gobierno\/"]}]},{"@type":"ImageObject","inLanguage":"es","@id":"https:\/\/canal7slp.tv\/2025\/exconsejeros-electorales-exigen-consenso-en-la-reforma-propuesta-por-el-gobierno\/#primaryimage","url":"https:\/\/canal7slp.tv\/2025\/wp-content\/uploads\/2025\/08\/17-1.jpg","contentUrl":"https:\/\/canal7slp.tv\/2025\/wp-content\/uploads\/2025\/08\/17-1.jpg","width":750,"height":500},{"@type":"BreadcrumbList","@id":"https:\/\/canal7slp.tv\/2025\/exconsejeros-electorales-exigen-consenso-en-la-reforma-propuesta-por-el-gobierno\/#breadcrumb","itemListElement":[{"@type":"ListItem","position":1,"name":"Portada","item":"https:\/\/canal7slp.tv\/2025\/"},{"@type":"ListItem","position":2,"name":"Exconsejeros electorales exigen consenso en la reforma propuesta por el Gobierno"}]},{"@type":"WebSite","@id":"https:\/\/canal7slp.tv\/2025\/#website","url":"https:\/\/canal7slp.tv\/2025\/","name":"N7 - Noticieros Canal 7","description":"Somos el Medio","publisher":{"@id":"https:\/\/canal7slp.tv\/2025\/#organization"},"potentialAction":[{"@type":"SearchAction","target":{"@type":"EntryPoint","urlTemplate":"https:\/\/canal7slp.tv\/2025\/?s={search_term_string}"},"query-input":{"@type":"PropertyValueSpecification","valueRequired":true,"valueName":"search_term_string"}}],"inLanguage":"es"},{"@type":"Organization","@id":"https:\/\/canal7slp.tv\/2025\/#organization","name":"Noticieros Canal 7","url":"https:\/\/canal7slp.tv\/2025\/","logo":{"@type":"ImageObject","inLanguage":"es","@id":"https:\/\/canal7slp.tv\/2025\/#\/schema\/logo\/image\/","url":"https:\/\/canal7slp.tv\/2025\/wp-content\/uploads\/2021\/01\/logo-noticieros@2x.png","contentUrl":"https:\/\/canal7slp.tv\/2025\/wp-content\/uploads\/2021\/01\/logo-noticieros@2x.png","width":1017,"height":268,"caption":"Noticieros Canal 7"},"image":{"@id":"https:\/\/canal7slp.tv\/2025\/#\/schema\/logo\/image\/"},"sameAs":["https:\/\/www.facebook.com\/noticieroscanal7atencionciudadana\/","https:\/\/x.com\/NOTICIEROS7","https:\/\/www.instagram.com\/canal7_slp","https:\/\/www.youtube.com\/channel\/UCliiYs-gP3JfJeqdPrNdd5A"]},{"@type":"Person","@id":"https:\/\/canal7slp.tv\/2025\/#\/schema\/person\/271e2b60a96e7cc9d9ac296f4d7e414b","name":"Edici\u00f3n Web","image":{"@type":"ImageObject","inLanguage":"es","@id":"https:\/\/secure.gravatar.com\/avatar\/eee448fc3f7164808013b816ba91ac7e43bbe82a70bebac296f8bc6f0addaa1a?s=96&d=mm&r=g","url":"https:\/\/secure.gravatar.com\/avatar\/eee448fc3f7164808013b816ba91ac7e43bbe82a70bebac296f8bc6f0addaa1a?s=96&d=mm&r=g","contentUrl":"https:\/\/secure.gravatar.com\/avatar\/eee448fc3f7164808013b816ba91ac7e43bbe82a70bebac296f8bc6f0addaa1a?s=96&d=mm&r=g","caption":"Edici\u00f3n Web"},"url":"https:\/\/canal7slp.tv\/2025\/author\/edicionweb\/"}]}},"_links":{"self":[{"href":"https:\/\/canal7slp.tv\/2025\/wp-json\/wp\/v2\/posts\/175711","targetHints":{"allow":["GET"]}}],"collection":[{"href":"https:\/\/canal7slp.tv\/2025\/wp-json\/wp\/v2\/posts"}],"about":[{"href":"https:\/\/canal7slp.tv\/2025\/wp-json\/wp\/v2\/types\/post"}],"author":[{"embeddable":true,"href":"https:\/\/canal7slp.tv\/2025\/wp-json\/wp\/v2\/users\/2"}],"replies":[{"embeddable":true,"href":"https:\/\/canal7slp.tv\/2025\/wp-json\/wp\/v2\/comments?post=175711"}],"version-history":[{"count":1,"href":"https:\/\/canal7slp.tv\/2025\/wp-json\/wp\/v2\/posts\/175711\/revisions"}],"predecessor-version":[{"id":175713,"href":"https:\/\/canal7slp.tv\/2025\/wp-json\/wp\/v2\/posts\/175711\/revisions\/175713"}],"wp:featuredmedia":[{"embeddable":true,"href":"https:\/\/canal7slp.tv\/2025\/wp-json\/wp\/v2\/media\/175712"}],"wp:attachment":[{"href":"https:\/\/canal7slp.tv\/2025\/wp-json\/wp\/v2\/media?parent=175711"}],"wp:term":[{"taxonomy":"category","embeddable":true,"href":"https:\/\/canal7slp.tv\/2025\/wp-json\/wp\/v2\/categories?post=175711"},{"taxonomy":"post_tag","embeddable":true,"href":"https:\/\/canal7slp.tv\/2025\/wp-json\/wp\/v2\/tags?post=175711"}],"curies":[{"name":"wp","href":"https:\/\/api.w.org\/{rel}","templated":true}]}}