{"id":175698,"date":"2025-08-06T21:33:05","date_gmt":"2025-08-07T03:33:05","guid":{"rendered":"https:\/\/canal7slp.tv\/2025\/?p=175698"},"modified":"2025-08-06T21:33:05","modified_gmt":"2025-08-07T03:33:05","slug":"proceso-electoral-judicial-del-pasado-1-de-junio-opaco-y-carente-de-legitimidad-afirma-la-coparmex","status":"publish","type":"post","link":"https:\/\/canal7slp.tv\/2025\/proceso-electoral-judicial-del-pasado-1-de-junio-opaco-y-carente-de-legitimidad-afirma-la-coparmex\/","title":{"rendered":"Proceso electoral judicial del pasado 1\u00b0 de junio opaco y carente de legitimidad, afirma la Coparmex"},"content":{"rendered":"<p style=\"text-align: justify;\"><span style=\"font-size: 1.21429rem;\">SLP.- Al presentar los resultados de su Observaci\u00f3n Electoral sobre la pasada elecci\u00f3n judicial del 1\u00b0 de Junio, la dirigencia nacional de la Confederaci\u00f3n Patronal de la Rep\u00fablica Mexicana, concluy\u00f3 que fue un proceso opaco, con baja participaci\u00f3n ciudadana y un modelo electoral que consider\u00f3 perjudicial.<\/span><\/p>\n<p style=\"text-align: justify;\">El presidente nacional de COPARMEX afirm\u00f3 que la reforma al Poder Judicial erosiona los principios del estado de Derecho, y compromete la independencia judicial.<\/p>\n<p style=\"text-align: justify;\">Asimismo, la c\u00e1mara empresarial advirti\u00f3 que la elecci\u00f3n judicial por voto popular debilita la seguridad jur\u00eddica adem\u00e1s de politizar la composici\u00f3n del Poder Judicial.<\/p>\n<p style=\"text-align: justify;\">El presidente nacional de COPARMEX record\u00f3 que este organismo empresarial tiene m\u00e1s de 30 a\u00f1os observando procesos electorales, al decir que en el pasado proceso electoral judicial, estuvieron presente en m\u00e1s del 60 por ciento de los distritos electorales federales cubriendo el 65 por ciento del territorio nacional documentando incidencias, realizando trabajos t\u00e9cnicos, revisi\u00f3n de datos y an\u00e1lisis de campo.<\/p>\n<p style=\"text-align: justify;\">Reitera la COPARMEX que hubo deficiencias en todas las etapas de este proceso electoral judicial dese la integraci\u00f3n de sus comit\u00e9s de evaluaci\u00f3n, registro de aspirantes y hasta la jornada electoral misma y su proceso de c\u00f3mputo que, afirma, comprometi\u00f3 su legitimidad.<\/p>\n<p style=\"text-align: justify;\">Por \u00faltimo, la COPARMEX reiter\u00f3 su compromiso con la democracia participativa y su labor como observador electoral para garantizar procesos electorales transparentes, al advertir que viene ahora la reforma electoral anunciada por la presidenta Claudia Sheinbaum.<\/p>\n<p>Por: Claudio Ibarra<\/p>\n","protected":false},"excerpt":{"rendered":"<p>SLP.- Al presentar los resultados de su Observaci\u00f3n Electoral sobre la pasada elecci\u00f3n judicial del 1\u00b0 de Junio, la dirigencia nacional de la Confederaci\u00f3n Patronal de la Rep\u00fablica Mexicana, concluy\u00f3 que fue un proceso opaco, con baja participaci\u00f3n ciudadana y un modelo electoral que consider\u00f3 perjudicial. El presidente nacional de COPARMEX afirm\u00f3 que la reforma al Poder Judicial erosiona los principios del estado de Derecho, y compromete la independencia judicial. Asimismo, la c\u00e1mara empresarial advirti\u00f3 que la elecci\u00f3n judicial por voto popular debilita la seguridad jur\u00eddica adem\u00e1s de politizar la composici\u00f3n del Poder Judicial. El presidente nacional de COPARMEX record\u00f3 [&hellip;]<\/p>\n","protected":false},"author":2,"featured_media":175722,"comment_status":"closed","ping_status":"closed","sticky":false,"template":"","format":"video","meta":{"_monsterinsights_skip_tracking":false,"_monsterinsights_sitenote_active":false,"_monsterinsights_sitenote_note":"","_monsterinsights_sitenote_category":0,"footnotes":""},"categories":[5,45],"tags":[],"class_list":["post-175698","post","type-post","status-publish","format-video","has-post-thumbnail","hentry","category-destacadas","category-localesyregionales","post_format-post-format-video","post--single"],"yoast_head":"<!-- This site is optimized with the Yoast SEO plugin v27.5 - https:\/\/yoast.com\/product\/yoast-seo-wordpress\/ -->\n<title>Proceso electoral judicial del pasado 1\u00b0 de junio opaco y carente de legitimidad, afirma la Coparmex - Canal 7 SLP - 2025<\/title>\n<meta name=\"robots\" content=\"index, follow, max-snippet:-1, max-image-preview:large, max-video-preview:-1\" \/>\n<link rel=\"canonical\" href=\"https:\/\/canal7slp.tv\/2025\/proceso-electoral-judicial-del-pasado-1-de-junio-opaco-y-carente-de-legitimidad-afirma-la-coparmex\/\" \/>\n<meta property=\"og:locale\" content=\"es_ES\" \/>\n<meta property=\"og:type\" content=\"article\" \/>\n<meta property=\"og:title\" content=\"Proceso electoral judicial del pasado 1\u00b0 de junio opaco y carente de legitimidad, afirma la Coparmex - Canal 7 SLP - 2025\" \/>\n<meta property=\"og:description\" content=\"SLP.- Al presentar los resultados de su Observaci\u00f3n Electoral sobre la pasada elecci\u00f3n judicial del 1\u00b0 de Junio, la dirigencia nacional de la Confederaci\u00f3n Patronal de la Rep\u00fablica Mexicana, concluy\u00f3 que fue un proceso opaco, con baja participaci\u00f3n ciudadana y un modelo electoral que consider\u00f3 perjudicial. El presidente nacional de COPARMEX afirm\u00f3 que la reforma al Poder Judicial erosiona los principios del estado de Derecho, y compromete la independencia judicial. Asimismo, la c\u00e1mara empresarial advirti\u00f3 que la elecci\u00f3n judicial por voto popular debilita la seguridad jur\u00eddica adem\u00e1s de politizar la composici\u00f3n del Poder Judicial. El presidente nacional de COPARMEX record\u00f3 [&hellip;]\" \/>\n<meta property=\"og:url\" content=\"https:\/\/canal7slp.tv\/2025\/proceso-electoral-judicial-del-pasado-1-de-junio-opaco-y-carente-de-legitimidad-afirma-la-coparmex\/\" \/>\n<meta property=\"og:site_name\" content=\"Canal 7 SLP - 2025\" \/>\n<meta property=\"article:publisher\" content=\"https:\/\/www.facebook.com\/noticieroscanal7atencionciudadana\/\" \/>\n<meta property=\"article:published_time\" content=\"2025-08-07T03:33:05+00:00\" \/>\n<meta property=\"og:image\" content=\"https:\/\/canal7slp.tv\/2025\/wp-content\/uploads\/2025\/08\/Claudio01EvaluacionCoparmex.jpg\" \/>\n\t<meta property=\"og:image:width\" content=\"1280\" \/>\n\t<meta property=\"og:image:height\" content=\"720\" \/>\n\t<meta property=\"og:image:type\" content=\"image\/jpeg\" \/>\n<meta name=\"author\" content=\"Edici\u00f3n Web\" \/>\n<meta name=\"twitter:card\" content=\"summary_large_image\" \/>\n<meta name=\"twitter:creator\" content=\"@NOTICIEROS7\" \/>\n<meta name=\"twitter:site\" content=\"@NOTICIEROS7\" \/>\n<meta name=\"twitter:label1\" content=\"Escrito por\" \/>\n\t<meta name=\"twitter:data1\" content=\"Edici\u00f3n Web\" \/>\n\t<meta name=\"twitter:label2\" content=\"Tiempo de lectura\" \/>\n\t<meta name=\"twitter:data2\" content=\"2 minutos\" \/>\n<script type=\"application\/ld+json\" class=\"yoast-schema-graph\">{\"@context\":\"https:\\\/\\\/schema.org\",\"@graph\":[{\"@type\":\"Article\",\"@id\":\"https:\\\/\\\/canal7slp.tv\\\/2025\\\/proceso-electoral-judicial-del-pasado-1-de-junio-opaco-y-carente-de-legitimidad-afirma-la-coparmex\\\/#article\",\"isPartOf\":{\"@id\":\"https:\\\/\\\/canal7slp.tv\\\/2025\\\/proceso-electoral-judicial-del-pasado-1-de-junio-opaco-y-carente-de-legitimidad-afirma-la-coparmex\\\/\"},\"author\":{\"name\":\"Edici\u00f3n Web\",\"@id\":\"https:\\\/\\\/canal7slp.tv\\\/2025\\\/#\\\/schema\\\/person\\\/271e2b60a96e7cc9d9ac296f4d7e414b\"},\"headline\":\"Proceso electoral judicial del pasado 1\u00b0 de junio opaco y carente de legitimidad, afirma la Coparmex\",\"datePublished\":\"2025-08-07T03:33:05+00:00\",\"mainEntityOfPage\":{\"@id\":\"https:\\\/\\\/canal7slp.tv\\\/2025\\\/proceso-electoral-judicial-del-pasado-1-de-junio-opaco-y-carente-de-legitimidad-afirma-la-coparmex\\\/\"},\"wordCount\":267,\"publisher\":{\"@id\":\"https:\\\/\\\/canal7slp.tv\\\/2025\\\/#organization\"},\"image\":{\"@id\":\"https:\\\/\\\/canal7slp.tv\\\/2025\\\/proceso-electoral-judicial-del-pasado-1-de-junio-opaco-y-carente-de-legitimidad-afirma-la-coparmex\\\/#primaryimage\"},\"thumbnailUrl\":\"https:\\\/\\\/canal7slp.tv\\\/2025\\\/wp-content\\\/uploads\\\/2025\\\/08\\\/Claudio01EvaluacionCoparmex.jpg\",\"articleSection\":[\"DESTACADAS\",\"LOCALES Y REGIONALES\"],\"inLanguage\":\"es\"},{\"@type\":\"WebPage\",\"@id\":\"https:\\\/\\\/canal7slp.tv\\\/2025\\\/proceso-electoral-judicial-del-pasado-1-de-junio-opaco-y-carente-de-legitimidad-afirma-la-coparmex\\\/\",\"url\":\"https:\\\/\\\/canal7slp.tv\\\/2025\\\/proceso-electoral-judicial-del-pasado-1-de-junio-opaco-y-carente-de-legitimidad-afirma-la-coparmex\\\/\",\"name\":\"Proceso electoral judicial del pasado 1\u00b0 de junio opaco y carente de legitimidad, afirma la Coparmex - Canal 7 SLP - 2025\",\"isPartOf\":{\"@id\":\"https:\\\/\\\/canal7slp.tv\\\/2025\\\/#website\"},\"primaryImageOfPage\":{\"@id\":\"https:\\\/\\\/canal7slp.tv\\\/2025\\\/proceso-electoral-judicial-del-pasado-1-de-junio-opaco-y-carente-de-legitimidad-afirma-la-coparmex\\\/#primaryimage\"},\"image\":{\"@id\":\"https:\\\/\\\/canal7slp.tv\\\/2025\\\/proceso-electoral-judicial-del-pasado-1-de-junio-opaco-y-carente-de-legitimidad-afirma-la-coparmex\\\/#primaryimage\"},\"thumbnailUrl\":\"https:\\\/\\\/canal7slp.tv\\\/2025\\\/wp-content\\\/uploads\\\/2025\\\/08\\\/Claudio01EvaluacionCoparmex.jpg\",\"datePublished\":\"2025-08-07T03:33:05+00:00\",\"breadcrumb\":{\"@id\":\"https:\\\/\\\/canal7slp.tv\\\/2025\\\/proceso-electoral-judicial-del-pasado-1-de-junio-opaco-y-carente-de-legitimidad-afirma-la-coparmex\\\/#breadcrumb\"},\"inLanguage\":\"es\",\"potentialAction\":[{\"@type\":\"ReadAction\",\"target\":[\"https:\\\/\\\/canal7slp.tv\\\/2025\\\/proceso-electoral-judicial-del-pasado-1-de-junio-opaco-y-carente-de-legitimidad-afirma-la-coparmex\\\/\"]}]},{\"@type\":\"ImageObject\",\"inLanguage\":\"es\",\"@id\":\"https:\\\/\\\/canal7slp.tv\\\/2025\\\/proceso-electoral-judicial-del-pasado-1-de-junio-opaco-y-carente-de-legitimidad-afirma-la-coparmex\\\/#primaryimage\",\"url\":\"https:\\\/\\\/canal7slp.tv\\\/2025\\\/wp-content\\\/uploads\\\/2025\\\/08\\\/Claudio01EvaluacionCoparmex.jpg\",\"contentUrl\":\"https:\\\/\\\/canal7slp.tv\\\/2025\\\/wp-content\\\/uploads\\\/2025\\\/08\\\/Claudio01EvaluacionCoparmex.jpg\",\"width\":1280,\"height\":720},{\"@type\":\"BreadcrumbList\",\"@id\":\"https:\\\/\\\/canal7slp.tv\\\/2025\\\/proceso-electoral-judicial-del-pasado-1-de-junio-opaco-y-carente-de-legitimidad-afirma-la-coparmex\\\/#breadcrumb\",\"itemListElement\":[{\"@type\":\"ListItem\",\"position\":1,\"name\":\"Portada\",\"item\":\"https:\\\/\\\/canal7slp.tv\\\/2025\\\/\"},{\"@type\":\"ListItem\",\"position\":2,\"name\":\"Proceso electoral judicial del pasado 1\u00b0 de junio opaco y carente de legitimidad, afirma la Coparmex\"}]},{\"@type\":\"WebSite\",\"@id\":\"https:\\\/\\\/canal7slp.tv\\\/2025\\\/#website\",\"url\":\"https:\\\/\\\/canal7slp.tv\\\/2025\\\/\",\"name\":\"N7 - Noticieros Canal 7\",\"description\":\"Somos el Medio\",\"publisher\":{\"@id\":\"https:\\\/\\\/canal7slp.tv\\\/2025\\\/#organization\"},\"potentialAction\":[{\"@type\":\"SearchAction\",\"target\":{\"@type\":\"EntryPoint\",\"urlTemplate\":\"https:\\\/\\\/canal7slp.tv\\\/2025\\\/?s={search_term_string}\"},\"query-input\":{\"@type\":\"PropertyValueSpecification\",\"valueRequired\":true,\"valueName\":\"search_term_string\"}}],\"inLanguage\":\"es\"},{\"@type\":\"Organization\",\"@id\":\"https:\\\/\\\/canal7slp.tv\\\/2025\\\/#organization\",\"name\":\"Noticieros Canal 7\",\"url\":\"https:\\\/\\\/canal7slp.tv\\\/2025\\\/\",\"logo\":{\"@type\":\"ImageObject\",\"inLanguage\":\"es\",\"@id\":\"https:\\\/\\\/canal7slp.tv\\\/2025\\\/#\\\/schema\\\/logo\\\/image\\\/\",\"url\":\"https:\\\/\\\/canal7slp.tv\\\/2025\\\/wp-content\\\/uploads\\\/2021\\\/01\\\/logo-noticieros@2x.png\",\"contentUrl\":\"https:\\\/\\\/canal7slp.tv\\\/2025\\\/wp-content\\\/uploads\\\/2021\\\/01\\\/logo-noticieros@2x.png\",\"width\":1017,\"height\":268,\"caption\":\"Noticieros Canal 7\"},\"image\":{\"@id\":\"https:\\\/\\\/canal7slp.tv\\\/2025\\\/#\\\/schema\\\/logo\\\/image\\\/\"},\"sameAs\":[\"https:\\\/\\\/www.facebook.com\\\/noticieroscanal7atencionciudadana\\\/\",\"https:\\\/\\\/x.com\\\/NOTICIEROS7\",\"https:\\\/\\\/www.instagram.com\\\/canal7_slp\",\"https:\\\/\\\/www.youtube.com\\\/channel\\\/UCliiYs-gP3JfJeqdPrNdd5A\"]},{\"@type\":\"Person\",\"@id\":\"https:\\\/\\\/canal7slp.tv\\\/2025\\\/#\\\/schema\\\/person\\\/271e2b60a96e7cc9d9ac296f4d7e414b\",\"name\":\"Edici\u00f3n Web\",\"image\":{\"@type\":\"ImageObject\",\"inLanguage\":\"es\",\"@id\":\"https:\\\/\\\/secure.gravatar.com\\\/avatar\\\/eee448fc3f7164808013b816ba91ac7e43bbe82a70bebac296f8bc6f0addaa1a?s=96&d=mm&r=g\",\"url\":\"https:\\\/\\\/secure.gravatar.com\\\/avatar\\\/eee448fc3f7164808013b816ba91ac7e43bbe82a70bebac296f8bc6f0addaa1a?s=96&d=mm&r=g\",\"contentUrl\":\"https:\\\/\\\/secure.gravatar.com\\\/avatar\\\/eee448fc3f7164808013b816ba91ac7e43bbe82a70bebac296f8bc6f0addaa1a?s=96&d=mm&r=g\",\"caption\":\"Edici\u00f3n Web\"},\"url\":\"https:\\\/\\\/canal7slp.tv\\\/2025\\\/author\\\/edicionweb\\\/\"}]}<\/script>\n<!-- \/ Yoast SEO plugin. -->","yoast_head_json":{"title":"Proceso electoral judicial del pasado 1\u00b0 de junio opaco y carente de legitimidad, afirma la Coparmex - Canal 7 SLP - 2025","robots":{"index":"index","follow":"follow","max-snippet":"max-snippet:-1","max-image-preview":"max-image-preview:large","max-video-preview":"max-video-preview:-1"},"canonical":"https:\/\/canal7slp.tv\/2025\/proceso-electoral-judicial-del-pasado-1-de-junio-opaco-y-carente-de-legitimidad-afirma-la-coparmex\/","og_locale":"es_ES","og_type":"article","og_title":"Proceso electoral judicial del pasado 1\u00b0 de junio opaco y carente de legitimidad, afirma la Coparmex - Canal 7 SLP - 2025","og_description":"SLP.- Al presentar los resultados de su Observaci\u00f3n Electoral sobre la pasada elecci\u00f3n judicial del 1\u00b0 de Junio, la dirigencia nacional de la Confederaci\u00f3n Patronal de la Rep\u00fablica Mexicana, concluy\u00f3 que fue un proceso opaco, con baja participaci\u00f3n ciudadana y un modelo electoral que consider\u00f3 perjudicial. El presidente nacional de COPARMEX afirm\u00f3 que la reforma al Poder Judicial erosiona los principios del estado de Derecho, y compromete la independencia judicial. Asimismo, la c\u00e1mara empresarial advirti\u00f3 que la elecci\u00f3n judicial por voto popular debilita la seguridad jur\u00eddica adem\u00e1s de politizar la composici\u00f3n del Poder Judicial. El presidente nacional de COPARMEX record\u00f3 [&hellip;]","og_url":"https:\/\/canal7slp.tv\/2025\/proceso-electoral-judicial-del-pasado-1-de-junio-opaco-y-carente-de-legitimidad-afirma-la-coparmex\/","og_site_name":"Canal 7 SLP - 2025","article_publisher":"https:\/\/www.facebook.com\/noticieroscanal7atencionciudadana\/","article_published_time":"2025-08-07T03:33:05+00:00","og_image":[{"width":1280,"height":720,"url":"https:\/\/canal7slp.tv\/2025\/wp-content\/uploads\/2025\/08\/Claudio01EvaluacionCoparmex.jpg","type":"image\/jpeg"}],"author":"Edici\u00f3n Web","twitter_card":"summary_large_image","twitter_creator":"@NOTICIEROS7","twitter_site":"@NOTICIEROS7","twitter_misc":{"Escrito por":"Edici\u00f3n Web","Tiempo de lectura":"2 minutos"},"schema":{"@context":"https:\/\/schema.org","@graph":[{"@type":"Article","@id":"https:\/\/canal7slp.tv\/2025\/proceso-electoral-judicial-del-pasado-1-de-junio-opaco-y-carente-de-legitimidad-afirma-la-coparmex\/#article","isPartOf":{"@id":"https:\/\/canal7slp.tv\/2025\/proceso-electoral-judicial-del-pasado-1-de-junio-opaco-y-carente-de-legitimidad-afirma-la-coparmex\/"},"author":{"name":"Edici\u00f3n Web","@id":"https:\/\/canal7slp.tv\/2025\/#\/schema\/person\/271e2b60a96e7cc9d9ac296f4d7e414b"},"headline":"Proceso electoral judicial del pasado 1\u00b0 de junio opaco y carente de legitimidad, afirma la Coparmex","datePublished":"2025-08-07T03:33:05+00:00","mainEntityOfPage":{"@id":"https:\/\/canal7slp.tv\/2025\/proceso-electoral-judicial-del-pasado-1-de-junio-opaco-y-carente-de-legitimidad-afirma-la-coparmex\/"},"wordCount":267,"publisher":{"@id":"https:\/\/canal7slp.tv\/2025\/#organization"},"image":{"@id":"https:\/\/canal7slp.tv\/2025\/proceso-electoral-judicial-del-pasado-1-de-junio-opaco-y-carente-de-legitimidad-afirma-la-coparmex\/#primaryimage"},"thumbnailUrl":"https:\/\/canal7slp.tv\/2025\/wp-content\/uploads\/2025\/08\/Claudio01EvaluacionCoparmex.jpg","articleSection":["DESTACADAS","LOCALES Y REGIONALES"],"inLanguage":"es"},{"@type":"WebPage","@id":"https:\/\/canal7slp.tv\/2025\/proceso-electoral-judicial-del-pasado-1-de-junio-opaco-y-carente-de-legitimidad-afirma-la-coparmex\/","url":"https:\/\/canal7slp.tv\/2025\/proceso-electoral-judicial-del-pasado-1-de-junio-opaco-y-carente-de-legitimidad-afirma-la-coparmex\/","name":"Proceso electoral judicial del pasado 1\u00b0 de junio opaco y carente de legitimidad, afirma la Coparmex - Canal 7 SLP - 2025","isPartOf":{"@id":"https:\/\/canal7slp.tv\/2025\/#website"},"primaryImageOfPage":{"@id":"https:\/\/canal7slp.tv\/2025\/proceso-electoral-judicial-del-pasado-1-de-junio-opaco-y-carente-de-legitimidad-afirma-la-coparmex\/#primaryimage"},"image":{"@id":"https:\/\/canal7slp.tv\/2025\/proceso-electoral-judicial-del-pasado-1-de-junio-opaco-y-carente-de-legitimidad-afirma-la-coparmex\/#primaryimage"},"thumbnailUrl":"https:\/\/canal7slp.tv\/2025\/wp-content\/uploads\/2025\/08\/Claudio01EvaluacionCoparmex.jpg","datePublished":"2025-08-07T03:33:05+00:00","breadcrumb":{"@id":"https:\/\/canal7slp.tv\/2025\/proceso-electoral-judicial-del-pasado-1-de-junio-opaco-y-carente-de-legitimidad-afirma-la-coparmex\/#breadcrumb"},"inLanguage":"es","potentialAction":[{"@type":"ReadAction","target":["https:\/\/canal7slp.tv\/2025\/proceso-electoral-judicial-del-pasado-1-de-junio-opaco-y-carente-de-legitimidad-afirma-la-coparmex\/"]}]},{"@type":"ImageObject","inLanguage":"es","@id":"https:\/\/canal7slp.tv\/2025\/proceso-electoral-judicial-del-pasado-1-de-junio-opaco-y-carente-de-legitimidad-afirma-la-coparmex\/#primaryimage","url":"https:\/\/canal7slp.tv\/2025\/wp-content\/uploads\/2025\/08\/Claudio01EvaluacionCoparmex.jpg","contentUrl":"https:\/\/canal7slp.tv\/2025\/wp-content\/uploads\/2025\/08\/Claudio01EvaluacionCoparmex.jpg","width":1280,"height":720},{"@type":"BreadcrumbList","@id":"https:\/\/canal7slp.tv\/2025\/proceso-electoral-judicial-del-pasado-1-de-junio-opaco-y-carente-de-legitimidad-afirma-la-coparmex\/#breadcrumb","itemListElement":[{"@type":"ListItem","position":1,"name":"Portada","item":"https:\/\/canal7slp.tv\/2025\/"},{"@type":"ListItem","position":2,"name":"Proceso electoral judicial del pasado 1\u00b0 de junio opaco y carente de legitimidad, afirma la Coparmex"}]},{"@type":"WebSite","@id":"https:\/\/canal7slp.tv\/2025\/#website","url":"https:\/\/canal7slp.tv\/2025\/","name":"N7 - Noticieros Canal 7","description":"Somos el Medio","publisher":{"@id":"https:\/\/canal7slp.tv\/2025\/#organization"},"potentialAction":[{"@type":"SearchAction","target":{"@type":"EntryPoint","urlTemplate":"https:\/\/canal7slp.tv\/2025\/?s={search_term_string}"},"query-input":{"@type":"PropertyValueSpecification","valueRequired":true,"valueName":"search_term_string"}}],"inLanguage":"es"},{"@type":"Organization","@id":"https:\/\/canal7slp.tv\/2025\/#organization","name":"Noticieros Canal 7","url":"https:\/\/canal7slp.tv\/2025\/","logo":{"@type":"ImageObject","inLanguage":"es","@id":"https:\/\/canal7slp.tv\/2025\/#\/schema\/logo\/image\/","url":"https:\/\/canal7slp.tv\/2025\/wp-content\/uploads\/2021\/01\/logo-noticieros@2x.png","contentUrl":"https:\/\/canal7slp.tv\/2025\/wp-content\/uploads\/2021\/01\/logo-noticieros@2x.png","width":1017,"height":268,"caption":"Noticieros Canal 7"},"image":{"@id":"https:\/\/canal7slp.tv\/2025\/#\/schema\/logo\/image\/"},"sameAs":["https:\/\/www.facebook.com\/noticieroscanal7atencionciudadana\/","https:\/\/x.com\/NOTICIEROS7","https:\/\/www.instagram.com\/canal7_slp","https:\/\/www.youtube.com\/channel\/UCliiYs-gP3JfJeqdPrNdd5A"]},{"@type":"Person","@id":"https:\/\/canal7slp.tv\/2025\/#\/schema\/person\/271e2b60a96e7cc9d9ac296f4d7e414b","name":"Edici\u00f3n Web","image":{"@type":"ImageObject","inLanguage":"es","@id":"https:\/\/secure.gravatar.com\/avatar\/eee448fc3f7164808013b816ba91ac7e43bbe82a70bebac296f8bc6f0addaa1a?s=96&d=mm&r=g","url":"https:\/\/secure.gravatar.com\/avatar\/eee448fc3f7164808013b816ba91ac7e43bbe82a70bebac296f8bc6f0addaa1a?s=96&d=mm&r=g","contentUrl":"https:\/\/secure.gravatar.com\/avatar\/eee448fc3f7164808013b816ba91ac7e43bbe82a70bebac296f8bc6f0addaa1a?s=96&d=mm&r=g","caption":"Edici\u00f3n Web"},"url":"https:\/\/canal7slp.tv\/2025\/author\/edicionweb\/"}]}},"_links":{"self":[{"href":"https:\/\/canal7slp.tv\/2025\/wp-json\/wp\/v2\/posts\/175698","targetHints":{"allow":["GET"]}}],"collection":[{"href":"https:\/\/canal7slp.tv\/2025\/wp-json\/wp\/v2\/posts"}],"about":[{"href":"https:\/\/canal7slp.tv\/2025\/wp-json\/wp\/v2\/types\/post"}],"author":[{"embeddable":true,"href":"https:\/\/canal7slp.tv\/2025\/wp-json\/wp\/v2\/users\/2"}],"replies":[{"embeddable":true,"href":"https:\/\/canal7slp.tv\/2025\/wp-json\/wp\/v2\/comments?post=175698"}],"version-history":[{"count":3,"href":"https:\/\/canal7slp.tv\/2025\/wp-json\/wp\/v2\/posts\/175698\/revisions"}],"predecessor-version":[{"id":175723,"href":"https:\/\/canal7slp.tv\/2025\/wp-json\/wp\/v2\/posts\/175698\/revisions\/175723"}],"wp:featuredmedia":[{"embeddable":true,"href":"https:\/\/canal7slp.tv\/2025\/wp-json\/wp\/v2\/media\/175722"}],"wp:attachment":[{"href":"https:\/\/canal7slp.tv\/2025\/wp-json\/wp\/v2\/media?parent=175698"}],"wp:term":[{"taxonomy":"category","embeddable":true,"href":"https:\/\/canal7slp.tv\/2025\/wp-json\/wp\/v2\/categories?post=175698"},{"taxonomy":"post_tag","embeddable":true,"href":"https:\/\/canal7slp.tv\/2025\/wp-json\/wp\/v2\/tags?post=175698"}],"curies":[{"name":"wp","href":"https:\/\/api.w.org\/{rel}","templated":true}]}}