{"id":175677,"date":"2025-08-06T18:27:56","date_gmt":"2025-08-07T00:27:56","guid":{"rendered":"https:\/\/canal7slp.tv\/2025\/?p=175677"},"modified":"2025-08-06T18:27:56","modified_gmt":"2025-08-07T00:27:56","slug":"incendio-dana-el-antimonumento-de-los-43-en-paseo-de-la-reforma","status":"publish","type":"post","link":"https:\/\/canal7slp.tv\/2025\/incendio-dana-el-antimonumento-de-los-43-en-paseo-de-la-reforma\/","title":{"rendered":"Incendio da\u00f1a el Antimonumento de los 43 en Paseo de la Reforma"},"content":{"rendered":"<p style=\"text-align: justify;\">\n<p style=\"text-align: justify;\">Ciudad de M\u00e9xico.- La noche del 5 de agosto se registr\u00f3 un incendio en el Antimonumento de los 43 desaparecidos de Ayotzinapa, ubicado en Paseo de la Reforma, en su cruce con Bucareli y Avenida Ju\u00e1rez, en la alcald\u00eda Cuauht\u00e9moc de la Ciudad de M\u00e9xico.<\/p>\n<p style=\"text-align: justify;\">Videos e im\u00e1genes difundidos en redes sociales mostraron c\u00f3mo el fuego consum\u00eda parte de la estructura, s\u00edmbolo de la exigencia de justicia por los estudiantes desaparecidos en Iguala. Hasta el momento, se desconoce la causa del siniestro, aunque no se reportaron personas lesionadas.<\/p>\n<p style=\"text-align: justify;\">El Heroico Cuerpo de Bomberos de la Ciudad de M\u00e9xico acudi\u00f3 al lugar para controlar el fuego. En un comunicado difundido en redes sociales, inform\u00f3 que el incendio se origin\u00f3 por la quema de basura, hierba y ramas, y que la situaci\u00f3n fue atendida y controlada sin incidentes mayores.<\/p>\n<p style=\"text-align: justify;\">Se espera que las autoridades locales inicien una investigaci\u00f3n para esclarecer los hechos y determinar si el incendio fue provocado o resultado de un descuido.<\/p>\n","protected":false},"excerpt":{"rendered":"<p>Ciudad de M\u00e9xico.- La noche del 5 de agosto se registr\u00f3 un incendio en el Antimonumento de los 43 desaparecidos de Ayotzinapa, ubicado en Paseo de la Reforma, en su cruce con Bucareli y Avenida Ju\u00e1rez, en la alcald\u00eda Cuauht\u00e9moc de la Ciudad de M\u00e9xico. Videos e im\u00e1genes difundidos en redes sociales mostraron c\u00f3mo el fuego consum\u00eda parte de la estructura, s\u00edmbolo de la exigencia de justicia por los estudiantes desaparecidos en Iguala. Hasta el momento, se desconoce la causa del siniestro, aunque no se reportaron personas lesionadas. El Heroico Cuerpo de Bomberos de la Ciudad de M\u00e9xico acudi\u00f3 al [&hellip;]<\/p>\n","protected":false},"author":2,"featured_media":175678,"comment_status":"closed","ping_status":"closed","sticky":false,"template":"","format":"standard","meta":{"_monsterinsights_skip_tracking":false,"_monsterinsights_sitenote_active":false,"_monsterinsights_sitenote_note":"","_monsterinsights_sitenote_category":0,"footnotes":""},"categories":[46],"tags":[],"class_list":["post-175677","post","type-post","status-publish","format-standard","has-post-thumbnail","hentry","category-nacional","post--single"],"yoast_head":"<!-- This site is optimized with the Yoast SEO plugin v27.5 - https:\/\/yoast.com\/product\/yoast-seo-wordpress\/ -->\n<title>Incendio da\u00f1a el Antimonumento de los 43 en Paseo de la Reforma - Canal 7 SLP - 2025<\/title>\n<meta name=\"robots\" content=\"index, follow, max-snippet:-1, max-image-preview:large, max-video-preview:-1\" \/>\n<link rel=\"canonical\" href=\"https:\/\/canal7slp.tv\/2025\/incendio-dana-el-antimonumento-de-los-43-en-paseo-de-la-reforma\/\" \/>\n<meta property=\"og:locale\" content=\"es_ES\" \/>\n<meta property=\"og:type\" content=\"article\" \/>\n<meta property=\"og:title\" content=\"Incendio da\u00f1a el Antimonumento de los 43 en Paseo de la Reforma - Canal 7 SLP - 2025\" \/>\n<meta property=\"og:description\" content=\"Ciudad de M\u00e9xico.- La noche del 5 de agosto se registr\u00f3 un incendio en el Antimonumento de los 43 desaparecidos de Ayotzinapa, ubicado en Paseo de la Reforma, en su cruce con Bucareli y Avenida Ju\u00e1rez, en la alcald\u00eda Cuauht\u00e9moc de la Ciudad de M\u00e9xico. Videos e im\u00e1genes difundidos en redes sociales mostraron c\u00f3mo el fuego consum\u00eda parte de la estructura, s\u00edmbolo de la exigencia de justicia por los estudiantes desaparecidos en Iguala. Hasta el momento, se desconoce la causa del siniestro, aunque no se reportaron personas lesionadas. El Heroico Cuerpo de Bomberos de la Ciudad de M\u00e9xico acudi\u00f3 al [&hellip;]\" \/>\n<meta property=\"og:url\" content=\"https:\/\/canal7slp.tv\/2025\/incendio-dana-el-antimonumento-de-los-43-en-paseo-de-la-reforma\/\" \/>\n<meta property=\"og:site_name\" content=\"Canal 7 SLP - 2025\" \/>\n<meta property=\"article:publisher\" content=\"https:\/\/www.facebook.com\/noticieroscanal7atencionciudadana\/\" \/>\n<meta property=\"article:published_time\" content=\"2025-08-07T00:27:56+00:00\" \/>\n<meta property=\"og:image\" content=\"https:\/\/canal7slp.tv\/2025\/wp-content\/uploads\/2025\/08\/14-3.jpg\" \/>\n\t<meta property=\"og:image:width\" content=\"888\" \/>\n\t<meta property=\"og:image:height\" content=\"500\" \/>\n\t<meta property=\"og:image:type\" content=\"image\/jpeg\" \/>\n<meta name=\"author\" content=\"Edici\u00f3n Web\" \/>\n<meta name=\"twitter:card\" content=\"summary_large_image\" \/>\n<meta name=\"twitter:creator\" content=\"@NOTICIEROS7\" \/>\n<meta name=\"twitter:site\" content=\"@NOTICIEROS7\" \/>\n<meta name=\"twitter:label1\" content=\"Escrito por\" \/>\n\t<meta name=\"twitter:data1\" content=\"Edici\u00f3n Web\" \/>\n\t<meta name=\"twitter:label2\" content=\"Tiempo de lectura\" \/>\n\t<meta name=\"twitter:data2\" content=\"1 minuto\" \/>\n<script type=\"application\/ld+json\" class=\"yoast-schema-graph\">{\"@context\":\"https:\\\/\\\/schema.org\",\"@graph\":[{\"@type\":\"Article\",\"@id\":\"https:\\\/\\\/canal7slp.tv\\\/2025\\\/incendio-dana-el-antimonumento-de-los-43-en-paseo-de-la-reforma\\\/#article\",\"isPartOf\":{\"@id\":\"https:\\\/\\\/canal7slp.tv\\\/2025\\\/incendio-dana-el-antimonumento-de-los-43-en-paseo-de-la-reforma\\\/\"},\"author\":{\"name\":\"Edici\u00f3n Web\",\"@id\":\"https:\\\/\\\/canal7slp.tv\\\/2025\\\/#\\\/schema\\\/person\\\/271e2b60a96e7cc9d9ac296f4d7e414b\"},\"headline\":\"Incendio da\u00f1a el Antimonumento de los 43 en Paseo de la Reforma\",\"datePublished\":\"2025-08-07T00:27:56+00:00\",\"mainEntityOfPage\":{\"@id\":\"https:\\\/\\\/canal7slp.tv\\\/2025\\\/incendio-dana-el-antimonumento-de-los-43-en-paseo-de-la-reforma\\\/\"},\"wordCount\":185,\"publisher\":{\"@id\":\"https:\\\/\\\/canal7slp.tv\\\/2025\\\/#organization\"},\"image\":{\"@id\":\"https:\\\/\\\/canal7slp.tv\\\/2025\\\/incendio-dana-el-antimonumento-de-los-43-en-paseo-de-la-reforma\\\/#primaryimage\"},\"thumbnailUrl\":\"https:\\\/\\\/canal7slp.tv\\\/2025\\\/wp-content\\\/uploads\\\/2025\\\/08\\\/14-3.jpg\",\"articleSection\":[\"NACIONALES\"],\"inLanguage\":\"es\"},{\"@type\":\"WebPage\",\"@id\":\"https:\\\/\\\/canal7slp.tv\\\/2025\\\/incendio-dana-el-antimonumento-de-los-43-en-paseo-de-la-reforma\\\/\",\"url\":\"https:\\\/\\\/canal7slp.tv\\\/2025\\\/incendio-dana-el-antimonumento-de-los-43-en-paseo-de-la-reforma\\\/\",\"name\":\"Incendio da\u00f1a el Antimonumento de los 43 en Paseo de la Reforma - Canal 7 SLP - 2025\",\"isPartOf\":{\"@id\":\"https:\\\/\\\/canal7slp.tv\\\/2025\\\/#website\"},\"primaryImageOfPage\":{\"@id\":\"https:\\\/\\\/canal7slp.tv\\\/2025\\\/incendio-dana-el-antimonumento-de-los-43-en-paseo-de-la-reforma\\\/#primaryimage\"},\"image\":{\"@id\":\"https:\\\/\\\/canal7slp.tv\\\/2025\\\/incendio-dana-el-antimonumento-de-los-43-en-paseo-de-la-reforma\\\/#primaryimage\"},\"thumbnailUrl\":\"https:\\\/\\\/canal7slp.tv\\\/2025\\\/wp-content\\\/uploads\\\/2025\\\/08\\\/14-3.jpg\",\"datePublished\":\"2025-08-07T00:27:56+00:00\",\"breadcrumb\":{\"@id\":\"https:\\\/\\\/canal7slp.tv\\\/2025\\\/incendio-dana-el-antimonumento-de-los-43-en-paseo-de-la-reforma\\\/#breadcrumb\"},\"inLanguage\":\"es\",\"potentialAction\":[{\"@type\":\"ReadAction\",\"target\":[\"https:\\\/\\\/canal7slp.tv\\\/2025\\\/incendio-dana-el-antimonumento-de-los-43-en-paseo-de-la-reforma\\\/\"]}]},{\"@type\":\"ImageObject\",\"inLanguage\":\"es\",\"@id\":\"https:\\\/\\\/canal7slp.tv\\\/2025\\\/incendio-dana-el-antimonumento-de-los-43-en-paseo-de-la-reforma\\\/#primaryimage\",\"url\":\"https:\\\/\\\/canal7slp.tv\\\/2025\\\/wp-content\\\/uploads\\\/2025\\\/08\\\/14-3.jpg\",\"contentUrl\":\"https:\\\/\\\/canal7slp.tv\\\/2025\\\/wp-content\\\/uploads\\\/2025\\\/08\\\/14-3.jpg\",\"width\":888,\"height\":500},{\"@type\":\"BreadcrumbList\",\"@id\":\"https:\\\/\\\/canal7slp.tv\\\/2025\\\/incendio-dana-el-antimonumento-de-los-43-en-paseo-de-la-reforma\\\/#breadcrumb\",\"itemListElement\":[{\"@type\":\"ListItem\",\"position\":1,\"name\":\"Portada\",\"item\":\"https:\\\/\\\/canal7slp.tv\\\/2025\\\/\"},{\"@type\":\"ListItem\",\"position\":2,\"name\":\"Incendio da\u00f1a el Antimonumento de los 43 en Paseo de la Reforma\"}]},{\"@type\":\"WebSite\",\"@id\":\"https:\\\/\\\/canal7slp.tv\\\/2025\\\/#website\",\"url\":\"https:\\\/\\\/canal7slp.tv\\\/2025\\\/\",\"name\":\"N7 - Noticieros Canal 7\",\"description\":\"Somos el Medio\",\"publisher\":{\"@id\":\"https:\\\/\\\/canal7slp.tv\\\/2025\\\/#organization\"},\"potentialAction\":[{\"@type\":\"SearchAction\",\"target\":{\"@type\":\"EntryPoint\",\"urlTemplate\":\"https:\\\/\\\/canal7slp.tv\\\/2025\\\/?s={search_term_string}\"},\"query-input\":{\"@type\":\"PropertyValueSpecification\",\"valueRequired\":true,\"valueName\":\"search_term_string\"}}],\"inLanguage\":\"es\"},{\"@type\":\"Organization\",\"@id\":\"https:\\\/\\\/canal7slp.tv\\\/2025\\\/#organization\",\"name\":\"Noticieros Canal 7\",\"url\":\"https:\\\/\\\/canal7slp.tv\\\/2025\\\/\",\"logo\":{\"@type\":\"ImageObject\",\"inLanguage\":\"es\",\"@id\":\"https:\\\/\\\/canal7slp.tv\\\/2025\\\/#\\\/schema\\\/logo\\\/image\\\/\",\"url\":\"https:\\\/\\\/canal7slp.tv\\\/2025\\\/wp-content\\\/uploads\\\/2021\\\/01\\\/logo-noticieros@2x.png\",\"contentUrl\":\"https:\\\/\\\/canal7slp.tv\\\/2025\\\/wp-content\\\/uploads\\\/2021\\\/01\\\/logo-noticieros@2x.png\",\"width\":1017,\"height\":268,\"caption\":\"Noticieros Canal 7\"},\"image\":{\"@id\":\"https:\\\/\\\/canal7slp.tv\\\/2025\\\/#\\\/schema\\\/logo\\\/image\\\/\"},\"sameAs\":[\"https:\\\/\\\/www.facebook.com\\\/noticieroscanal7atencionciudadana\\\/\",\"https:\\\/\\\/x.com\\\/NOTICIEROS7\",\"https:\\\/\\\/www.instagram.com\\\/canal7_slp\",\"https:\\\/\\\/www.youtube.com\\\/channel\\\/UCliiYs-gP3JfJeqdPrNdd5A\"]},{\"@type\":\"Person\",\"@id\":\"https:\\\/\\\/canal7slp.tv\\\/2025\\\/#\\\/schema\\\/person\\\/271e2b60a96e7cc9d9ac296f4d7e414b\",\"name\":\"Edici\u00f3n Web\",\"image\":{\"@type\":\"ImageObject\",\"inLanguage\":\"es\",\"@id\":\"https:\\\/\\\/secure.gravatar.com\\\/avatar\\\/eee448fc3f7164808013b816ba91ac7e43bbe82a70bebac296f8bc6f0addaa1a?s=96&d=mm&r=g\",\"url\":\"https:\\\/\\\/secure.gravatar.com\\\/avatar\\\/eee448fc3f7164808013b816ba91ac7e43bbe82a70bebac296f8bc6f0addaa1a?s=96&d=mm&r=g\",\"contentUrl\":\"https:\\\/\\\/secure.gravatar.com\\\/avatar\\\/eee448fc3f7164808013b816ba91ac7e43bbe82a70bebac296f8bc6f0addaa1a?s=96&d=mm&r=g\",\"caption\":\"Edici\u00f3n Web\"},\"url\":\"https:\\\/\\\/canal7slp.tv\\\/2025\\\/author\\\/edicionweb\\\/\"}]}<\/script>\n<!-- \/ Yoast SEO plugin. -->","yoast_head_json":{"title":"Incendio da\u00f1a el Antimonumento de los 43 en Paseo de la Reforma - Canal 7 SLP - 2025","robots":{"index":"index","follow":"follow","max-snippet":"max-snippet:-1","max-image-preview":"max-image-preview:large","max-video-preview":"max-video-preview:-1"},"canonical":"https:\/\/canal7slp.tv\/2025\/incendio-dana-el-antimonumento-de-los-43-en-paseo-de-la-reforma\/","og_locale":"es_ES","og_type":"article","og_title":"Incendio da\u00f1a el Antimonumento de los 43 en Paseo de la Reforma - Canal 7 SLP - 2025","og_description":"Ciudad de M\u00e9xico.- La noche del 5 de agosto se registr\u00f3 un incendio en el Antimonumento de los 43 desaparecidos de Ayotzinapa, ubicado en Paseo de la Reforma, en su cruce con Bucareli y Avenida Ju\u00e1rez, en la alcald\u00eda Cuauht\u00e9moc de la Ciudad de M\u00e9xico. Videos e im\u00e1genes difundidos en redes sociales mostraron c\u00f3mo el fuego consum\u00eda parte de la estructura, s\u00edmbolo de la exigencia de justicia por los estudiantes desaparecidos en Iguala. Hasta el momento, se desconoce la causa del siniestro, aunque no se reportaron personas lesionadas. El Heroico Cuerpo de Bomberos de la Ciudad de M\u00e9xico acudi\u00f3 al [&hellip;]","og_url":"https:\/\/canal7slp.tv\/2025\/incendio-dana-el-antimonumento-de-los-43-en-paseo-de-la-reforma\/","og_site_name":"Canal 7 SLP - 2025","article_publisher":"https:\/\/www.facebook.com\/noticieroscanal7atencionciudadana\/","article_published_time":"2025-08-07T00:27:56+00:00","og_image":[{"width":888,"height":500,"url":"https:\/\/canal7slp.tv\/2025\/wp-content\/uploads\/2025\/08\/14-3.jpg","type":"image\/jpeg"}],"author":"Edici\u00f3n Web","twitter_card":"summary_large_image","twitter_creator":"@NOTICIEROS7","twitter_site":"@NOTICIEROS7","twitter_misc":{"Escrito por":"Edici\u00f3n Web","Tiempo de lectura":"1 minuto"},"schema":{"@context":"https:\/\/schema.org","@graph":[{"@type":"Article","@id":"https:\/\/canal7slp.tv\/2025\/incendio-dana-el-antimonumento-de-los-43-en-paseo-de-la-reforma\/#article","isPartOf":{"@id":"https:\/\/canal7slp.tv\/2025\/incendio-dana-el-antimonumento-de-los-43-en-paseo-de-la-reforma\/"},"author":{"name":"Edici\u00f3n Web","@id":"https:\/\/canal7slp.tv\/2025\/#\/schema\/person\/271e2b60a96e7cc9d9ac296f4d7e414b"},"headline":"Incendio da\u00f1a el Antimonumento de los 43 en Paseo de la Reforma","datePublished":"2025-08-07T00:27:56+00:00","mainEntityOfPage":{"@id":"https:\/\/canal7slp.tv\/2025\/incendio-dana-el-antimonumento-de-los-43-en-paseo-de-la-reforma\/"},"wordCount":185,"publisher":{"@id":"https:\/\/canal7slp.tv\/2025\/#organization"},"image":{"@id":"https:\/\/canal7slp.tv\/2025\/incendio-dana-el-antimonumento-de-los-43-en-paseo-de-la-reforma\/#primaryimage"},"thumbnailUrl":"https:\/\/canal7slp.tv\/2025\/wp-content\/uploads\/2025\/08\/14-3.jpg","articleSection":["NACIONALES"],"inLanguage":"es"},{"@type":"WebPage","@id":"https:\/\/canal7slp.tv\/2025\/incendio-dana-el-antimonumento-de-los-43-en-paseo-de-la-reforma\/","url":"https:\/\/canal7slp.tv\/2025\/incendio-dana-el-antimonumento-de-los-43-en-paseo-de-la-reforma\/","name":"Incendio da\u00f1a el Antimonumento de los 43 en Paseo de la Reforma - Canal 7 SLP - 2025","isPartOf":{"@id":"https:\/\/canal7slp.tv\/2025\/#website"},"primaryImageOfPage":{"@id":"https:\/\/canal7slp.tv\/2025\/incendio-dana-el-antimonumento-de-los-43-en-paseo-de-la-reforma\/#primaryimage"},"image":{"@id":"https:\/\/canal7slp.tv\/2025\/incendio-dana-el-antimonumento-de-los-43-en-paseo-de-la-reforma\/#primaryimage"},"thumbnailUrl":"https:\/\/canal7slp.tv\/2025\/wp-content\/uploads\/2025\/08\/14-3.jpg","datePublished":"2025-08-07T00:27:56+00:00","breadcrumb":{"@id":"https:\/\/canal7slp.tv\/2025\/incendio-dana-el-antimonumento-de-los-43-en-paseo-de-la-reforma\/#breadcrumb"},"inLanguage":"es","potentialAction":[{"@type":"ReadAction","target":["https:\/\/canal7slp.tv\/2025\/incendio-dana-el-antimonumento-de-los-43-en-paseo-de-la-reforma\/"]}]},{"@type":"ImageObject","inLanguage":"es","@id":"https:\/\/canal7slp.tv\/2025\/incendio-dana-el-antimonumento-de-los-43-en-paseo-de-la-reforma\/#primaryimage","url":"https:\/\/canal7slp.tv\/2025\/wp-content\/uploads\/2025\/08\/14-3.jpg","contentUrl":"https:\/\/canal7slp.tv\/2025\/wp-content\/uploads\/2025\/08\/14-3.jpg","width":888,"height":500},{"@type":"BreadcrumbList","@id":"https:\/\/canal7slp.tv\/2025\/incendio-dana-el-antimonumento-de-los-43-en-paseo-de-la-reforma\/#breadcrumb","itemListElement":[{"@type":"ListItem","position":1,"name":"Portada","item":"https:\/\/canal7slp.tv\/2025\/"},{"@type":"ListItem","position":2,"name":"Incendio da\u00f1a el Antimonumento de los 43 en Paseo de la Reforma"}]},{"@type":"WebSite","@id":"https:\/\/canal7slp.tv\/2025\/#website","url":"https:\/\/canal7slp.tv\/2025\/","name":"N7 - Noticieros Canal 7","description":"Somos el Medio","publisher":{"@id":"https:\/\/canal7slp.tv\/2025\/#organization"},"potentialAction":[{"@type":"SearchAction","target":{"@type":"EntryPoint","urlTemplate":"https:\/\/canal7slp.tv\/2025\/?s={search_term_string}"},"query-input":{"@type":"PropertyValueSpecification","valueRequired":true,"valueName":"search_term_string"}}],"inLanguage":"es"},{"@type":"Organization","@id":"https:\/\/canal7slp.tv\/2025\/#organization","name":"Noticieros Canal 7","url":"https:\/\/canal7slp.tv\/2025\/","logo":{"@type":"ImageObject","inLanguage":"es","@id":"https:\/\/canal7slp.tv\/2025\/#\/schema\/logo\/image\/","url":"https:\/\/canal7slp.tv\/2025\/wp-content\/uploads\/2021\/01\/logo-noticieros@2x.png","contentUrl":"https:\/\/canal7slp.tv\/2025\/wp-content\/uploads\/2021\/01\/logo-noticieros@2x.png","width":1017,"height":268,"caption":"Noticieros Canal 7"},"image":{"@id":"https:\/\/canal7slp.tv\/2025\/#\/schema\/logo\/image\/"},"sameAs":["https:\/\/www.facebook.com\/noticieroscanal7atencionciudadana\/","https:\/\/x.com\/NOTICIEROS7","https:\/\/www.instagram.com\/canal7_slp","https:\/\/www.youtube.com\/channel\/UCliiYs-gP3JfJeqdPrNdd5A"]},{"@type":"Person","@id":"https:\/\/canal7slp.tv\/2025\/#\/schema\/person\/271e2b60a96e7cc9d9ac296f4d7e414b","name":"Edici\u00f3n Web","image":{"@type":"ImageObject","inLanguage":"es","@id":"https:\/\/secure.gravatar.com\/avatar\/eee448fc3f7164808013b816ba91ac7e43bbe82a70bebac296f8bc6f0addaa1a?s=96&d=mm&r=g","url":"https:\/\/secure.gravatar.com\/avatar\/eee448fc3f7164808013b816ba91ac7e43bbe82a70bebac296f8bc6f0addaa1a?s=96&d=mm&r=g","contentUrl":"https:\/\/secure.gravatar.com\/avatar\/eee448fc3f7164808013b816ba91ac7e43bbe82a70bebac296f8bc6f0addaa1a?s=96&d=mm&r=g","caption":"Edici\u00f3n Web"},"url":"https:\/\/canal7slp.tv\/2025\/author\/edicionweb\/"}]}},"_links":{"self":[{"href":"https:\/\/canal7slp.tv\/2025\/wp-json\/wp\/v2\/posts\/175677","targetHints":{"allow":["GET"]}}],"collection":[{"href":"https:\/\/canal7slp.tv\/2025\/wp-json\/wp\/v2\/posts"}],"about":[{"href":"https:\/\/canal7slp.tv\/2025\/wp-json\/wp\/v2\/types\/post"}],"author":[{"embeddable":true,"href":"https:\/\/canal7slp.tv\/2025\/wp-json\/wp\/v2\/users\/2"}],"replies":[{"embeddable":true,"href":"https:\/\/canal7slp.tv\/2025\/wp-json\/wp\/v2\/comments?post=175677"}],"version-history":[{"count":1,"href":"https:\/\/canal7slp.tv\/2025\/wp-json\/wp\/v2\/posts\/175677\/revisions"}],"predecessor-version":[{"id":175679,"href":"https:\/\/canal7slp.tv\/2025\/wp-json\/wp\/v2\/posts\/175677\/revisions\/175679"}],"wp:featuredmedia":[{"embeddable":true,"href":"https:\/\/canal7slp.tv\/2025\/wp-json\/wp\/v2\/media\/175678"}],"wp:attachment":[{"href":"https:\/\/canal7slp.tv\/2025\/wp-json\/wp\/v2\/media?parent=175677"}],"wp:term":[{"taxonomy":"category","embeddable":true,"href":"https:\/\/canal7slp.tv\/2025\/wp-json\/wp\/v2\/categories?post=175677"},{"taxonomy":"post_tag","embeddable":true,"href":"https:\/\/canal7slp.tv\/2025\/wp-json\/wp\/v2\/tags?post=175677"}],"curies":[{"name":"wp","href":"https:\/\/api.w.org\/{rel}","templated":true}]}}