{"id":175674,"date":"2025-08-06T18:22:46","date_gmt":"2025-08-07T00:22:46","guid":{"rendered":"https:\/\/canal7slp.tv\/2025\/?p=175674"},"modified":"2025-08-06T18:22:46","modified_gmt":"2025-08-07T00:22:46","slug":"nombran-a-cristobal-arias-presidente-del-tribunal-federal-de-conciliacion-y-arbitraje","status":"publish","type":"post","link":"https:\/\/canal7slp.tv\/2025\/nombran-a-cristobal-arias-presidente-del-tribunal-federal-de-conciliacion-y-arbitraje\/","title":{"rendered":"Nombran a Crist\u00f3bal Arias presidente del Tribunal Federal de Conciliaci\u00f3n y Arbitraje"},"content":{"rendered":"<p style=\"text-align: justify;\">M\u00e9xico.- La presidenta Claudia Sheinbaum Pardo realiz\u00f3 un nuevo ajuste en su equipo de trabajo al nombrar a Crist\u00f3bal Arias Sol\u00eds como nuevo magistrado presidente del Tribunal Federal de Conciliaci\u00f3n y Arbitraje, en sustituci\u00f3n de Jos\u00e9 Luis Rodr\u00edguez D\u00edaz de Le\u00f3n.<\/p>\n<p style=\"text-align: justify;\">La designaci\u00f3n fue anunciada a trav\u00e9s de redes sociales por la secretaria de Gobernaci\u00f3n, Rosa Icela Rodr\u00edguez, quien expres\u00f3 plena confianza en la capacidad de Arias Sol\u00eds para atender los conflictos laborales de los empleados del Estado.<\/p>\n<p style=\"text-align: justify;\">El nombramiento ocurre poco despu\u00e9s de que la presidenta formalizara la creaci\u00f3n de la Comisi\u00f3n Presidencial de la Reforma Electoral, el pasado 2 de agosto, iniciativa que tambi\u00e9n trajo consigo otros cambios en la administraci\u00f3n p\u00fablica federal.<\/p>\n<p style=\"text-align: justify;\">En ese contexto, Pablo G\u00f3mez dej\u00f3 la titularidad de la Unidad de Inteligencia Financiera (UIF) y fue reemplazado por Omar Reyes Colmenares, quien a\u00fan espera la ratificaci\u00f3n de su cargo por parte de la Comisi\u00f3n Permanente del Congreso.<\/p>\n<p style=\"text-align: justify;\">Rodr\u00edguez D\u00edaz de Le\u00f3n, quien previamente se desempe\u00f1\u00f3 como secretario de Trabajo y Fomento al Empleo durante el gobierno de Sheinbaum en la Ciudad de M\u00e9xico, anunci\u00f3 su salida del Tribunal el 1 de agosto, agradeciendo a sus colegas por el trabajo conjunto.<\/p>\n<p style=\"text-align: justify;\">Su nuevo encargo ser\u00e1 como subsecretario de Pol\u00edtica Criminal, Vinculaci\u00f3n y Protecci\u00f3n Civil en la Secretar\u00eda de Seguridad y Protecci\u00f3n Ciudadana.<\/p>\n<p style=\"text-align: justify;\">Por su parte, Crist\u00f3bal Arias, de 70 a\u00f1os y originario de Churumuco, Michoac\u00e1n, cuenta con una larga trayectoria pol\u00edtica. Ha sido senador y diputado federal en distintas legislaturas y ha militado en varios partidos, entre ellos el PRI, el PRD y Fuerza por M\u00e9xico. Actualmente forma parte de Morena, partido al que se uni\u00f3 tras contender en elecciones estatales en 2021.<\/p>\n","protected":false},"excerpt":{"rendered":"<p>M\u00e9xico.- La presidenta Claudia Sheinbaum Pardo realiz\u00f3 un nuevo ajuste en su equipo de trabajo al nombrar a Crist\u00f3bal Arias Sol\u00eds como nuevo magistrado presidente del Tribunal Federal de Conciliaci\u00f3n y Arbitraje, en sustituci\u00f3n de Jos\u00e9 Luis Rodr\u00edguez D\u00edaz de Le\u00f3n. La designaci\u00f3n fue anunciada a trav\u00e9s de redes sociales por la secretaria de Gobernaci\u00f3n, Rosa Icela Rodr\u00edguez, quien expres\u00f3 plena confianza en la capacidad de Arias Sol\u00eds para atender los conflictos laborales de los empleados del Estado. El nombramiento ocurre poco despu\u00e9s de que la presidenta formalizara la creaci\u00f3n de la Comisi\u00f3n Presidencial de la Reforma Electoral, el pasado [&hellip;]<\/p>\n","protected":false},"author":2,"featured_media":175675,"comment_status":"closed","ping_status":"closed","sticky":false,"template":"","format":"standard","meta":{"_monsterinsights_skip_tracking":false,"_monsterinsights_sitenote_active":false,"_monsterinsights_sitenote_note":"","_monsterinsights_sitenote_category":0,"footnotes":""},"categories":[46],"tags":[],"class_list":["post-175674","post","type-post","status-publish","format-standard","has-post-thumbnail","hentry","category-nacional","post--single"],"yoast_head":"<!-- This site is optimized with the Yoast SEO plugin v27.5 - https:\/\/yoast.com\/product\/yoast-seo-wordpress\/ -->\n<title>Nombran a Crist\u00f3bal Arias presidente del Tribunal Federal de Conciliaci\u00f3n y Arbitraje - Canal 7 SLP - 2025<\/title>\n<meta name=\"robots\" content=\"index, follow, max-snippet:-1, max-image-preview:large, max-video-preview:-1\" \/>\n<link rel=\"canonical\" href=\"https:\/\/canal7slp.tv\/2025\/nombran-a-cristobal-arias-presidente-del-tribunal-federal-de-conciliacion-y-arbitraje\/\" \/>\n<meta property=\"og:locale\" content=\"es_ES\" \/>\n<meta property=\"og:type\" content=\"article\" \/>\n<meta property=\"og:title\" content=\"Nombran a Crist\u00f3bal Arias presidente del Tribunal Federal de Conciliaci\u00f3n y Arbitraje - Canal 7 SLP - 2025\" \/>\n<meta property=\"og:description\" content=\"M\u00e9xico.- La presidenta Claudia Sheinbaum Pardo realiz\u00f3 un nuevo ajuste en su equipo de trabajo al nombrar a Crist\u00f3bal Arias Sol\u00eds como nuevo magistrado presidente del Tribunal Federal de Conciliaci\u00f3n y Arbitraje, en sustituci\u00f3n de Jos\u00e9 Luis Rodr\u00edguez D\u00edaz de Le\u00f3n. La designaci\u00f3n fue anunciada a trav\u00e9s de redes sociales por la secretaria de Gobernaci\u00f3n, Rosa Icela Rodr\u00edguez, quien expres\u00f3 plena confianza en la capacidad de Arias Sol\u00eds para atender los conflictos laborales de los empleados del Estado. El nombramiento ocurre poco despu\u00e9s de que la presidenta formalizara la creaci\u00f3n de la Comisi\u00f3n Presidencial de la Reforma Electoral, el pasado [&hellip;]\" \/>\n<meta property=\"og:url\" content=\"https:\/\/canal7slp.tv\/2025\/nombran-a-cristobal-arias-presidente-del-tribunal-federal-de-conciliacion-y-arbitraje\/\" \/>\n<meta property=\"og:site_name\" content=\"Canal 7 SLP - 2025\" \/>\n<meta property=\"article:publisher\" content=\"https:\/\/www.facebook.com\/noticieroscanal7atencionciudadana\/\" \/>\n<meta property=\"article:published_time\" content=\"2025-08-07T00:22:46+00:00\" \/>\n<meta property=\"og:image\" content=\"https:\/\/canal7slp.tv\/2025\/wp-content\/uploads\/2025\/08\/13-3.jpg\" \/>\n\t<meta property=\"og:image:width\" content=\"680\" \/>\n\t<meta property=\"og:image:height\" content=\"410\" \/>\n\t<meta property=\"og:image:type\" content=\"image\/jpeg\" \/>\n<meta name=\"author\" content=\"Edici\u00f3n Web\" \/>\n<meta name=\"twitter:card\" content=\"summary_large_image\" \/>\n<meta name=\"twitter:creator\" content=\"@NOTICIEROS7\" \/>\n<meta name=\"twitter:site\" content=\"@NOTICIEROS7\" \/>\n<meta name=\"twitter:label1\" content=\"Escrito por\" \/>\n\t<meta name=\"twitter:data1\" content=\"Edici\u00f3n Web\" \/>\n\t<meta name=\"twitter:label2\" content=\"Tiempo de lectura\" \/>\n\t<meta name=\"twitter:data2\" content=\"2 minutos\" \/>\n<script type=\"application\/ld+json\" class=\"yoast-schema-graph\">{\"@context\":\"https:\\\/\\\/schema.org\",\"@graph\":[{\"@type\":\"Article\",\"@id\":\"https:\\\/\\\/canal7slp.tv\\\/2025\\\/nombran-a-cristobal-arias-presidente-del-tribunal-federal-de-conciliacion-y-arbitraje\\\/#article\",\"isPartOf\":{\"@id\":\"https:\\\/\\\/canal7slp.tv\\\/2025\\\/nombran-a-cristobal-arias-presidente-del-tribunal-federal-de-conciliacion-y-arbitraje\\\/\"},\"author\":{\"name\":\"Edici\u00f3n Web\",\"@id\":\"https:\\\/\\\/canal7slp.tv\\\/2025\\\/#\\\/schema\\\/person\\\/271e2b60a96e7cc9d9ac296f4d7e414b\"},\"headline\":\"Nombran a Crist\u00f3bal Arias presidente del Tribunal Federal de Conciliaci\u00f3n y Arbitraje\",\"datePublished\":\"2025-08-07T00:22:46+00:00\",\"mainEntityOfPage\":{\"@id\":\"https:\\\/\\\/canal7slp.tv\\\/2025\\\/nombran-a-cristobal-arias-presidente-del-tribunal-federal-de-conciliacion-y-arbitraje\\\/\"},\"wordCount\":326,\"publisher\":{\"@id\":\"https:\\\/\\\/canal7slp.tv\\\/2025\\\/#organization\"},\"image\":{\"@id\":\"https:\\\/\\\/canal7slp.tv\\\/2025\\\/nombran-a-cristobal-arias-presidente-del-tribunal-federal-de-conciliacion-y-arbitraje\\\/#primaryimage\"},\"thumbnailUrl\":\"https:\\\/\\\/canal7slp.tv\\\/2025\\\/wp-content\\\/uploads\\\/2025\\\/08\\\/13-3.jpg\",\"articleSection\":[\"NACIONALES\"],\"inLanguage\":\"es\"},{\"@type\":\"WebPage\",\"@id\":\"https:\\\/\\\/canal7slp.tv\\\/2025\\\/nombran-a-cristobal-arias-presidente-del-tribunal-federal-de-conciliacion-y-arbitraje\\\/\",\"url\":\"https:\\\/\\\/canal7slp.tv\\\/2025\\\/nombran-a-cristobal-arias-presidente-del-tribunal-federal-de-conciliacion-y-arbitraje\\\/\",\"name\":\"Nombran a Crist\u00f3bal Arias presidente del Tribunal Federal de Conciliaci\u00f3n y Arbitraje - Canal 7 SLP - 2025\",\"isPartOf\":{\"@id\":\"https:\\\/\\\/canal7slp.tv\\\/2025\\\/#website\"},\"primaryImageOfPage\":{\"@id\":\"https:\\\/\\\/canal7slp.tv\\\/2025\\\/nombran-a-cristobal-arias-presidente-del-tribunal-federal-de-conciliacion-y-arbitraje\\\/#primaryimage\"},\"image\":{\"@id\":\"https:\\\/\\\/canal7slp.tv\\\/2025\\\/nombran-a-cristobal-arias-presidente-del-tribunal-federal-de-conciliacion-y-arbitraje\\\/#primaryimage\"},\"thumbnailUrl\":\"https:\\\/\\\/canal7slp.tv\\\/2025\\\/wp-content\\\/uploads\\\/2025\\\/08\\\/13-3.jpg\",\"datePublished\":\"2025-08-07T00:22:46+00:00\",\"breadcrumb\":{\"@id\":\"https:\\\/\\\/canal7slp.tv\\\/2025\\\/nombran-a-cristobal-arias-presidente-del-tribunal-federal-de-conciliacion-y-arbitraje\\\/#breadcrumb\"},\"inLanguage\":\"es\",\"potentialAction\":[{\"@type\":\"ReadAction\",\"target\":[\"https:\\\/\\\/canal7slp.tv\\\/2025\\\/nombran-a-cristobal-arias-presidente-del-tribunal-federal-de-conciliacion-y-arbitraje\\\/\"]}]},{\"@type\":\"ImageObject\",\"inLanguage\":\"es\",\"@id\":\"https:\\\/\\\/canal7slp.tv\\\/2025\\\/nombran-a-cristobal-arias-presidente-del-tribunal-federal-de-conciliacion-y-arbitraje\\\/#primaryimage\",\"url\":\"https:\\\/\\\/canal7slp.tv\\\/2025\\\/wp-content\\\/uploads\\\/2025\\\/08\\\/13-3.jpg\",\"contentUrl\":\"https:\\\/\\\/canal7slp.tv\\\/2025\\\/wp-content\\\/uploads\\\/2025\\\/08\\\/13-3.jpg\",\"width\":680,\"height\":410},{\"@type\":\"BreadcrumbList\",\"@id\":\"https:\\\/\\\/canal7slp.tv\\\/2025\\\/nombran-a-cristobal-arias-presidente-del-tribunal-federal-de-conciliacion-y-arbitraje\\\/#breadcrumb\",\"itemListElement\":[{\"@type\":\"ListItem\",\"position\":1,\"name\":\"Portada\",\"item\":\"https:\\\/\\\/canal7slp.tv\\\/2025\\\/\"},{\"@type\":\"ListItem\",\"position\":2,\"name\":\"Nombran a Crist\u00f3bal Arias presidente del Tribunal Federal de Conciliaci\u00f3n y Arbitraje\"}]},{\"@type\":\"WebSite\",\"@id\":\"https:\\\/\\\/canal7slp.tv\\\/2025\\\/#website\",\"url\":\"https:\\\/\\\/canal7slp.tv\\\/2025\\\/\",\"name\":\"N7 - Noticieros Canal 7\",\"description\":\"Somos el Medio\",\"publisher\":{\"@id\":\"https:\\\/\\\/canal7slp.tv\\\/2025\\\/#organization\"},\"potentialAction\":[{\"@type\":\"SearchAction\",\"target\":{\"@type\":\"EntryPoint\",\"urlTemplate\":\"https:\\\/\\\/canal7slp.tv\\\/2025\\\/?s={search_term_string}\"},\"query-input\":{\"@type\":\"PropertyValueSpecification\",\"valueRequired\":true,\"valueName\":\"search_term_string\"}}],\"inLanguage\":\"es\"},{\"@type\":\"Organization\",\"@id\":\"https:\\\/\\\/canal7slp.tv\\\/2025\\\/#organization\",\"name\":\"Noticieros Canal 7\",\"url\":\"https:\\\/\\\/canal7slp.tv\\\/2025\\\/\",\"logo\":{\"@type\":\"ImageObject\",\"inLanguage\":\"es\",\"@id\":\"https:\\\/\\\/canal7slp.tv\\\/2025\\\/#\\\/schema\\\/logo\\\/image\\\/\",\"url\":\"https:\\\/\\\/canal7slp.tv\\\/2025\\\/wp-content\\\/uploads\\\/2021\\\/01\\\/logo-noticieros@2x.png\",\"contentUrl\":\"https:\\\/\\\/canal7slp.tv\\\/2025\\\/wp-content\\\/uploads\\\/2021\\\/01\\\/logo-noticieros@2x.png\",\"width\":1017,\"height\":268,\"caption\":\"Noticieros Canal 7\"},\"image\":{\"@id\":\"https:\\\/\\\/canal7slp.tv\\\/2025\\\/#\\\/schema\\\/logo\\\/image\\\/\"},\"sameAs\":[\"https:\\\/\\\/www.facebook.com\\\/noticieroscanal7atencionciudadana\\\/\",\"https:\\\/\\\/x.com\\\/NOTICIEROS7\",\"https:\\\/\\\/www.instagram.com\\\/canal7_slp\",\"https:\\\/\\\/www.youtube.com\\\/channel\\\/UCliiYs-gP3JfJeqdPrNdd5A\"]},{\"@type\":\"Person\",\"@id\":\"https:\\\/\\\/canal7slp.tv\\\/2025\\\/#\\\/schema\\\/person\\\/271e2b60a96e7cc9d9ac296f4d7e414b\",\"name\":\"Edici\u00f3n Web\",\"image\":{\"@type\":\"ImageObject\",\"inLanguage\":\"es\",\"@id\":\"https:\\\/\\\/secure.gravatar.com\\\/avatar\\\/eee448fc3f7164808013b816ba91ac7e43bbe82a70bebac296f8bc6f0addaa1a?s=96&d=mm&r=g\",\"url\":\"https:\\\/\\\/secure.gravatar.com\\\/avatar\\\/eee448fc3f7164808013b816ba91ac7e43bbe82a70bebac296f8bc6f0addaa1a?s=96&d=mm&r=g\",\"contentUrl\":\"https:\\\/\\\/secure.gravatar.com\\\/avatar\\\/eee448fc3f7164808013b816ba91ac7e43bbe82a70bebac296f8bc6f0addaa1a?s=96&d=mm&r=g\",\"caption\":\"Edici\u00f3n Web\"},\"url\":\"https:\\\/\\\/canal7slp.tv\\\/2025\\\/author\\\/edicionweb\\\/\"}]}<\/script>\n<!-- \/ Yoast SEO plugin. -->","yoast_head_json":{"title":"Nombran a Crist\u00f3bal Arias presidente del Tribunal Federal de Conciliaci\u00f3n y Arbitraje - Canal 7 SLP - 2025","robots":{"index":"index","follow":"follow","max-snippet":"max-snippet:-1","max-image-preview":"max-image-preview:large","max-video-preview":"max-video-preview:-1"},"canonical":"https:\/\/canal7slp.tv\/2025\/nombran-a-cristobal-arias-presidente-del-tribunal-federal-de-conciliacion-y-arbitraje\/","og_locale":"es_ES","og_type":"article","og_title":"Nombran a Crist\u00f3bal Arias presidente del Tribunal Federal de Conciliaci\u00f3n y Arbitraje - Canal 7 SLP - 2025","og_description":"M\u00e9xico.- La presidenta Claudia Sheinbaum Pardo realiz\u00f3 un nuevo ajuste en su equipo de trabajo al nombrar a Crist\u00f3bal Arias Sol\u00eds como nuevo magistrado presidente del Tribunal Federal de Conciliaci\u00f3n y Arbitraje, en sustituci\u00f3n de Jos\u00e9 Luis Rodr\u00edguez D\u00edaz de Le\u00f3n. La designaci\u00f3n fue anunciada a trav\u00e9s de redes sociales por la secretaria de Gobernaci\u00f3n, Rosa Icela Rodr\u00edguez, quien expres\u00f3 plena confianza en la capacidad de Arias Sol\u00eds para atender los conflictos laborales de los empleados del Estado. El nombramiento ocurre poco despu\u00e9s de que la presidenta formalizara la creaci\u00f3n de la Comisi\u00f3n Presidencial de la Reforma Electoral, el pasado [&hellip;]","og_url":"https:\/\/canal7slp.tv\/2025\/nombran-a-cristobal-arias-presidente-del-tribunal-federal-de-conciliacion-y-arbitraje\/","og_site_name":"Canal 7 SLP - 2025","article_publisher":"https:\/\/www.facebook.com\/noticieroscanal7atencionciudadana\/","article_published_time":"2025-08-07T00:22:46+00:00","og_image":[{"width":680,"height":410,"url":"https:\/\/canal7slp.tv\/2025\/wp-content\/uploads\/2025\/08\/13-3.jpg","type":"image\/jpeg"}],"author":"Edici\u00f3n Web","twitter_card":"summary_large_image","twitter_creator":"@NOTICIEROS7","twitter_site":"@NOTICIEROS7","twitter_misc":{"Escrito por":"Edici\u00f3n Web","Tiempo de lectura":"2 minutos"},"schema":{"@context":"https:\/\/schema.org","@graph":[{"@type":"Article","@id":"https:\/\/canal7slp.tv\/2025\/nombran-a-cristobal-arias-presidente-del-tribunal-federal-de-conciliacion-y-arbitraje\/#article","isPartOf":{"@id":"https:\/\/canal7slp.tv\/2025\/nombran-a-cristobal-arias-presidente-del-tribunal-federal-de-conciliacion-y-arbitraje\/"},"author":{"name":"Edici\u00f3n Web","@id":"https:\/\/canal7slp.tv\/2025\/#\/schema\/person\/271e2b60a96e7cc9d9ac296f4d7e414b"},"headline":"Nombran a Crist\u00f3bal Arias presidente del Tribunal Federal de Conciliaci\u00f3n y Arbitraje","datePublished":"2025-08-07T00:22:46+00:00","mainEntityOfPage":{"@id":"https:\/\/canal7slp.tv\/2025\/nombran-a-cristobal-arias-presidente-del-tribunal-federal-de-conciliacion-y-arbitraje\/"},"wordCount":326,"publisher":{"@id":"https:\/\/canal7slp.tv\/2025\/#organization"},"image":{"@id":"https:\/\/canal7slp.tv\/2025\/nombran-a-cristobal-arias-presidente-del-tribunal-federal-de-conciliacion-y-arbitraje\/#primaryimage"},"thumbnailUrl":"https:\/\/canal7slp.tv\/2025\/wp-content\/uploads\/2025\/08\/13-3.jpg","articleSection":["NACIONALES"],"inLanguage":"es"},{"@type":"WebPage","@id":"https:\/\/canal7slp.tv\/2025\/nombran-a-cristobal-arias-presidente-del-tribunal-federal-de-conciliacion-y-arbitraje\/","url":"https:\/\/canal7slp.tv\/2025\/nombran-a-cristobal-arias-presidente-del-tribunal-federal-de-conciliacion-y-arbitraje\/","name":"Nombran a Crist\u00f3bal Arias presidente del Tribunal Federal de Conciliaci\u00f3n y Arbitraje - Canal 7 SLP - 2025","isPartOf":{"@id":"https:\/\/canal7slp.tv\/2025\/#website"},"primaryImageOfPage":{"@id":"https:\/\/canal7slp.tv\/2025\/nombran-a-cristobal-arias-presidente-del-tribunal-federal-de-conciliacion-y-arbitraje\/#primaryimage"},"image":{"@id":"https:\/\/canal7slp.tv\/2025\/nombran-a-cristobal-arias-presidente-del-tribunal-federal-de-conciliacion-y-arbitraje\/#primaryimage"},"thumbnailUrl":"https:\/\/canal7slp.tv\/2025\/wp-content\/uploads\/2025\/08\/13-3.jpg","datePublished":"2025-08-07T00:22:46+00:00","breadcrumb":{"@id":"https:\/\/canal7slp.tv\/2025\/nombran-a-cristobal-arias-presidente-del-tribunal-federal-de-conciliacion-y-arbitraje\/#breadcrumb"},"inLanguage":"es","potentialAction":[{"@type":"ReadAction","target":["https:\/\/canal7slp.tv\/2025\/nombran-a-cristobal-arias-presidente-del-tribunal-federal-de-conciliacion-y-arbitraje\/"]}]},{"@type":"ImageObject","inLanguage":"es","@id":"https:\/\/canal7slp.tv\/2025\/nombran-a-cristobal-arias-presidente-del-tribunal-federal-de-conciliacion-y-arbitraje\/#primaryimage","url":"https:\/\/canal7slp.tv\/2025\/wp-content\/uploads\/2025\/08\/13-3.jpg","contentUrl":"https:\/\/canal7slp.tv\/2025\/wp-content\/uploads\/2025\/08\/13-3.jpg","width":680,"height":410},{"@type":"BreadcrumbList","@id":"https:\/\/canal7slp.tv\/2025\/nombran-a-cristobal-arias-presidente-del-tribunal-federal-de-conciliacion-y-arbitraje\/#breadcrumb","itemListElement":[{"@type":"ListItem","position":1,"name":"Portada","item":"https:\/\/canal7slp.tv\/2025\/"},{"@type":"ListItem","position":2,"name":"Nombran a Crist\u00f3bal Arias presidente del Tribunal Federal de Conciliaci\u00f3n y Arbitraje"}]},{"@type":"WebSite","@id":"https:\/\/canal7slp.tv\/2025\/#website","url":"https:\/\/canal7slp.tv\/2025\/","name":"N7 - Noticieros Canal 7","description":"Somos el Medio","publisher":{"@id":"https:\/\/canal7slp.tv\/2025\/#organization"},"potentialAction":[{"@type":"SearchAction","target":{"@type":"EntryPoint","urlTemplate":"https:\/\/canal7slp.tv\/2025\/?s={search_term_string}"},"query-input":{"@type":"PropertyValueSpecification","valueRequired":true,"valueName":"search_term_string"}}],"inLanguage":"es"},{"@type":"Organization","@id":"https:\/\/canal7slp.tv\/2025\/#organization","name":"Noticieros Canal 7","url":"https:\/\/canal7slp.tv\/2025\/","logo":{"@type":"ImageObject","inLanguage":"es","@id":"https:\/\/canal7slp.tv\/2025\/#\/schema\/logo\/image\/","url":"https:\/\/canal7slp.tv\/2025\/wp-content\/uploads\/2021\/01\/logo-noticieros@2x.png","contentUrl":"https:\/\/canal7slp.tv\/2025\/wp-content\/uploads\/2021\/01\/logo-noticieros@2x.png","width":1017,"height":268,"caption":"Noticieros Canal 7"},"image":{"@id":"https:\/\/canal7slp.tv\/2025\/#\/schema\/logo\/image\/"},"sameAs":["https:\/\/www.facebook.com\/noticieroscanal7atencionciudadana\/","https:\/\/x.com\/NOTICIEROS7","https:\/\/www.instagram.com\/canal7_slp","https:\/\/www.youtube.com\/channel\/UCliiYs-gP3JfJeqdPrNdd5A"]},{"@type":"Person","@id":"https:\/\/canal7slp.tv\/2025\/#\/schema\/person\/271e2b60a96e7cc9d9ac296f4d7e414b","name":"Edici\u00f3n Web","image":{"@type":"ImageObject","inLanguage":"es","@id":"https:\/\/secure.gravatar.com\/avatar\/eee448fc3f7164808013b816ba91ac7e43bbe82a70bebac296f8bc6f0addaa1a?s=96&d=mm&r=g","url":"https:\/\/secure.gravatar.com\/avatar\/eee448fc3f7164808013b816ba91ac7e43bbe82a70bebac296f8bc6f0addaa1a?s=96&d=mm&r=g","contentUrl":"https:\/\/secure.gravatar.com\/avatar\/eee448fc3f7164808013b816ba91ac7e43bbe82a70bebac296f8bc6f0addaa1a?s=96&d=mm&r=g","caption":"Edici\u00f3n Web"},"url":"https:\/\/canal7slp.tv\/2025\/author\/edicionweb\/"}]}},"_links":{"self":[{"href":"https:\/\/canal7slp.tv\/2025\/wp-json\/wp\/v2\/posts\/175674","targetHints":{"allow":["GET"]}}],"collection":[{"href":"https:\/\/canal7slp.tv\/2025\/wp-json\/wp\/v2\/posts"}],"about":[{"href":"https:\/\/canal7slp.tv\/2025\/wp-json\/wp\/v2\/types\/post"}],"author":[{"embeddable":true,"href":"https:\/\/canal7slp.tv\/2025\/wp-json\/wp\/v2\/users\/2"}],"replies":[{"embeddable":true,"href":"https:\/\/canal7slp.tv\/2025\/wp-json\/wp\/v2\/comments?post=175674"}],"version-history":[{"count":1,"href":"https:\/\/canal7slp.tv\/2025\/wp-json\/wp\/v2\/posts\/175674\/revisions"}],"predecessor-version":[{"id":175676,"href":"https:\/\/canal7slp.tv\/2025\/wp-json\/wp\/v2\/posts\/175674\/revisions\/175676"}],"wp:featuredmedia":[{"embeddable":true,"href":"https:\/\/canal7slp.tv\/2025\/wp-json\/wp\/v2\/media\/175675"}],"wp:attachment":[{"href":"https:\/\/canal7slp.tv\/2025\/wp-json\/wp\/v2\/media?parent=175674"}],"wp:term":[{"taxonomy":"category","embeddable":true,"href":"https:\/\/canal7slp.tv\/2025\/wp-json\/wp\/v2\/categories?post=175674"},{"taxonomy":"post_tag","embeddable":true,"href":"https:\/\/canal7slp.tv\/2025\/wp-json\/wp\/v2\/tags?post=175674"}],"curies":[{"name":"wp","href":"https:\/\/api.w.org\/{rel}","templated":true}]}}