{"id":175663,"date":"2025-08-06T18:50:26","date_gmt":"2025-08-07T00:50:26","guid":{"rendered":"https:\/\/canal7slp.tv\/2025\/?p=175663"},"modified":"2025-08-06T18:50:26","modified_gmt":"2025-08-07T00:50:26","slug":"presa-de-san-jose-tiene-menos-cantidad-de-lirio-acuatico-debido-a-desfogue","status":"publish","type":"post","link":"https:\/\/canal7slp.tv\/2025\/presa-de-san-jose-tiene-menos-cantidad-de-lirio-acuatico-debido-a-desfogue\/","title":{"rendered":"Presa de San Jos\u00e9 tiene menos cantidad de lirio acu\u00e1tico debido a desfogue"},"content":{"rendered":"<p style=\"text-align: justify;\">SLP.- Debido al desfogue que se tuvo en la presa de San Jos\u00e9 en fechas recientes, la cantidad de lirio acu\u00e1tico ha disminuido en este vaso captador, as\u00ed lo hizo saber el alcalde de San Luis Potos\u00ed, Enrique Galindo Ceballos.<\/p>\n<p style=\"text-align: justify;\">\u201cAhora que derram\u00f3 la presa de San Jos\u00e9 derram\u00f3 casi la mitad del lirio y lo capturamos, lo tenemos separado el lirio y ecolog\u00eda le est\u00e1 dando un tratamiento para no tirarlo en ning\u00fan lado porque es contaminante\u201d.<\/p>\n<p style=\"text-align: justify;\">Del total de la cantidad de \u00e9sta planta a la fecha se registra una cifra por debajo del 50%.<\/p>\n<p style=\"text-align: justify;\">\u201cSi vamos ahorita a la presa van a ver que hay mucho menos lirio, menos del 50%, queda el 42, as\u00ed muy milim\u00e9trico me lo dijeron\u201d.<\/p>\n<p style=\"text-align: justify;\">Se buscar\u00e1 darle un uso \u00fatil al lirio acu\u00e1tico.<\/p>\n<p style=\"text-align: justify;\">\u201cYo les hab\u00eda dicho que el lirio tiene una funci\u00f3n positiva, el lirio est\u00e1 capturando metales pesados del agua que est\u00e1 ah\u00ed y entonces est\u00e1 completamente manejable el lirio como lo tenemos en presa de San Jos\u00e9\u201d.<\/p>\n<p style=\"text-align: justify;\">Con respecto a las denuncias de descargas residuales en riachuelo que pasa por el fraccionamiento Villa Antigua, el edil neg\u00f3 que exista una problem\u00e1tica de este tipo.<\/p>\n<p style=\"text-align: justify;\">\u201cEse canal yo ya lo camin\u00e9 personalmente (\u2026) yo no encontr\u00e9 ninguna descarga de agua negra, colinda tambi\u00e9n con Villa Magna (\u2026) cuando se les descompone su planta de tratamiento desborda y desborda ah\u00ed, ya se arregl\u00f3 e incluso hablamos con ellos (\u2026) no hay en este momento una condici\u00f3n especial\u201d.<\/p>\n<p>Por. Juan Carlos Contreras<\/p>\n","protected":false},"excerpt":{"rendered":"<p>SLP.- Debido al desfogue que se tuvo en la presa de San Jos\u00e9 en fechas recientes, la cantidad de lirio acu\u00e1tico ha disminuido en este vaso captador, as\u00ed lo hizo saber el alcalde de San Luis Potos\u00ed, Enrique Galindo Ceballos. \u201cAhora que derram\u00f3 la presa de San Jos\u00e9 derram\u00f3 casi la mitad del lirio y lo capturamos, lo tenemos separado el lirio y ecolog\u00eda le est\u00e1 dando un tratamiento para no tirarlo en ning\u00fan lado porque es contaminante\u201d. Del total de la cantidad de \u00e9sta planta a la fecha se registra una cifra por debajo del 50%. \u201cSi vamos ahorita [&hellip;]<\/p>\n","protected":false},"author":2,"featured_media":175693,"comment_status":"closed","ping_status":"closed","sticky":false,"template":"","format":"video","meta":{"_monsterinsights_skip_tracking":false,"_monsterinsights_sitenote_active":false,"_monsterinsights_sitenote_note":"","_monsterinsights_sitenote_category":0,"footnotes":""},"categories":[66,5,45],"tags":[],"class_list":["post-175663","post","type-post","status-publish","format-video","has-post-thumbnail","hentry","category-ayoslp","category-destacadas","category-localesyregionales","post_format-post-format-video","post--single"],"yoast_head":"<!-- This site is optimized with the Yoast SEO plugin v27.5 - https:\/\/yoast.com\/product\/yoast-seo-wordpress\/ -->\n<title>Presa de San Jos\u00e9 tiene menos cantidad de lirio acu\u00e1tico debido a desfogue - Canal 7 SLP - 2025<\/title>\n<meta name=\"robots\" content=\"index, follow, max-snippet:-1, max-image-preview:large, max-video-preview:-1\" \/>\n<link rel=\"canonical\" href=\"https:\/\/canal7slp.tv\/2025\/presa-de-san-jose-tiene-menos-cantidad-de-lirio-acuatico-debido-a-desfogue\/\" \/>\n<meta property=\"og:locale\" content=\"es_ES\" \/>\n<meta property=\"og:type\" content=\"article\" \/>\n<meta property=\"og:title\" content=\"Presa de San Jos\u00e9 tiene menos cantidad de lirio acu\u00e1tico debido a desfogue - Canal 7 SLP - 2025\" \/>\n<meta property=\"og:description\" content=\"SLP.- Debido al desfogue que se tuvo en la presa de San Jos\u00e9 en fechas recientes, la cantidad de lirio acu\u00e1tico ha disminuido en este vaso captador, as\u00ed lo hizo saber el alcalde de San Luis Potos\u00ed, Enrique Galindo Ceballos. \u201cAhora que derram\u00f3 la presa de San Jos\u00e9 derram\u00f3 casi la mitad del lirio y lo capturamos, lo tenemos separado el lirio y ecolog\u00eda le est\u00e1 dando un tratamiento para no tirarlo en ning\u00fan lado porque es contaminante\u201d. Del total de la cantidad de \u00e9sta planta a la fecha se registra una cifra por debajo del 50%. \u201cSi vamos ahorita [&hellip;]\" \/>\n<meta property=\"og:url\" content=\"https:\/\/canal7slp.tv\/2025\/presa-de-san-jose-tiene-menos-cantidad-de-lirio-acuatico-debido-a-desfogue\/\" \/>\n<meta property=\"og:site_name\" content=\"Canal 7 SLP - 2025\" \/>\n<meta property=\"article:publisher\" content=\"https:\/\/www.facebook.com\/noticieroscanal7atencionciudadana\/\" \/>\n<meta property=\"article:published_time\" content=\"2025-08-07T00:50:26+00:00\" \/>\n<meta property=\"og:image\" content=\"https:\/\/canal7slp.tv\/2025\/wp-content\/uploads\/2025\/08\/Poky04LirioAcuatico.jpg\" \/>\n\t<meta property=\"og:image:width\" content=\"1280\" \/>\n\t<meta property=\"og:image:height\" content=\"720\" \/>\n\t<meta property=\"og:image:type\" content=\"image\/jpeg\" \/>\n<meta name=\"author\" content=\"Edici\u00f3n Web\" \/>\n<meta name=\"twitter:card\" content=\"summary_large_image\" \/>\n<meta name=\"twitter:creator\" content=\"@NOTICIEROS7\" \/>\n<meta name=\"twitter:site\" content=\"@NOTICIEROS7\" \/>\n<meta name=\"twitter:label1\" content=\"Escrito por\" \/>\n\t<meta name=\"twitter:data1\" content=\"Edici\u00f3n Web\" \/>\n\t<meta name=\"twitter:label2\" content=\"Tiempo de lectura\" \/>\n\t<meta name=\"twitter:data2\" content=\"2 minutos\" \/>\n<script type=\"application\/ld+json\" class=\"yoast-schema-graph\">{\"@context\":\"https:\\\/\\\/schema.org\",\"@graph\":[{\"@type\":\"Article\",\"@id\":\"https:\\\/\\\/canal7slp.tv\\\/2025\\\/presa-de-san-jose-tiene-menos-cantidad-de-lirio-acuatico-debido-a-desfogue\\\/#article\",\"isPartOf\":{\"@id\":\"https:\\\/\\\/canal7slp.tv\\\/2025\\\/presa-de-san-jose-tiene-menos-cantidad-de-lirio-acuatico-debido-a-desfogue\\\/\"},\"author\":{\"name\":\"Edici\u00f3n Web\",\"@id\":\"https:\\\/\\\/canal7slp.tv\\\/2025\\\/#\\\/schema\\\/person\\\/271e2b60a96e7cc9d9ac296f4d7e414b\"},\"headline\":\"Presa de San Jos\u00e9 tiene menos cantidad de lirio acu\u00e1tico debido a desfogue\",\"datePublished\":\"2025-08-07T00:50:26+00:00\",\"mainEntityOfPage\":{\"@id\":\"https:\\\/\\\/canal7slp.tv\\\/2025\\\/presa-de-san-jose-tiene-menos-cantidad-de-lirio-acuatico-debido-a-desfogue\\\/\"},\"wordCount\":270,\"publisher\":{\"@id\":\"https:\\\/\\\/canal7slp.tv\\\/2025\\\/#organization\"},\"image\":{\"@id\":\"https:\\\/\\\/canal7slp.tv\\\/2025\\\/presa-de-san-jose-tiene-menos-cantidad-de-lirio-acuatico-debido-a-desfogue\\\/#primaryimage\"},\"thumbnailUrl\":\"https:\\\/\\\/canal7slp.tv\\\/2025\\\/wp-content\\\/uploads\\\/2025\\\/08\\\/Poky04LirioAcuatico.jpg\",\"articleSection\":[\"AYOSLP\",\"DESTACADAS\",\"LOCALES Y REGIONALES\"],\"inLanguage\":\"es\"},{\"@type\":\"WebPage\",\"@id\":\"https:\\\/\\\/canal7slp.tv\\\/2025\\\/presa-de-san-jose-tiene-menos-cantidad-de-lirio-acuatico-debido-a-desfogue\\\/\",\"url\":\"https:\\\/\\\/canal7slp.tv\\\/2025\\\/presa-de-san-jose-tiene-menos-cantidad-de-lirio-acuatico-debido-a-desfogue\\\/\",\"name\":\"Presa de San Jos\u00e9 tiene menos cantidad de lirio acu\u00e1tico debido a desfogue - Canal 7 SLP - 2025\",\"isPartOf\":{\"@id\":\"https:\\\/\\\/canal7slp.tv\\\/2025\\\/#website\"},\"primaryImageOfPage\":{\"@id\":\"https:\\\/\\\/canal7slp.tv\\\/2025\\\/presa-de-san-jose-tiene-menos-cantidad-de-lirio-acuatico-debido-a-desfogue\\\/#primaryimage\"},\"image\":{\"@id\":\"https:\\\/\\\/canal7slp.tv\\\/2025\\\/presa-de-san-jose-tiene-menos-cantidad-de-lirio-acuatico-debido-a-desfogue\\\/#primaryimage\"},\"thumbnailUrl\":\"https:\\\/\\\/canal7slp.tv\\\/2025\\\/wp-content\\\/uploads\\\/2025\\\/08\\\/Poky04LirioAcuatico.jpg\",\"datePublished\":\"2025-08-07T00:50:26+00:00\",\"breadcrumb\":{\"@id\":\"https:\\\/\\\/canal7slp.tv\\\/2025\\\/presa-de-san-jose-tiene-menos-cantidad-de-lirio-acuatico-debido-a-desfogue\\\/#breadcrumb\"},\"inLanguage\":\"es\",\"potentialAction\":[{\"@type\":\"ReadAction\",\"target\":[\"https:\\\/\\\/canal7slp.tv\\\/2025\\\/presa-de-san-jose-tiene-menos-cantidad-de-lirio-acuatico-debido-a-desfogue\\\/\"]}]},{\"@type\":\"ImageObject\",\"inLanguage\":\"es\",\"@id\":\"https:\\\/\\\/canal7slp.tv\\\/2025\\\/presa-de-san-jose-tiene-menos-cantidad-de-lirio-acuatico-debido-a-desfogue\\\/#primaryimage\",\"url\":\"https:\\\/\\\/canal7slp.tv\\\/2025\\\/wp-content\\\/uploads\\\/2025\\\/08\\\/Poky04LirioAcuatico.jpg\",\"contentUrl\":\"https:\\\/\\\/canal7slp.tv\\\/2025\\\/wp-content\\\/uploads\\\/2025\\\/08\\\/Poky04LirioAcuatico.jpg\",\"width\":1280,\"height\":720},{\"@type\":\"BreadcrumbList\",\"@id\":\"https:\\\/\\\/canal7slp.tv\\\/2025\\\/presa-de-san-jose-tiene-menos-cantidad-de-lirio-acuatico-debido-a-desfogue\\\/#breadcrumb\",\"itemListElement\":[{\"@type\":\"ListItem\",\"position\":1,\"name\":\"Portada\",\"item\":\"https:\\\/\\\/canal7slp.tv\\\/2025\\\/\"},{\"@type\":\"ListItem\",\"position\":2,\"name\":\"Presa de San Jos\u00e9 tiene menos cantidad de lirio acu\u00e1tico debido a desfogue\"}]},{\"@type\":\"WebSite\",\"@id\":\"https:\\\/\\\/canal7slp.tv\\\/2025\\\/#website\",\"url\":\"https:\\\/\\\/canal7slp.tv\\\/2025\\\/\",\"name\":\"N7 - Noticieros Canal 7\",\"description\":\"Somos el Medio\",\"publisher\":{\"@id\":\"https:\\\/\\\/canal7slp.tv\\\/2025\\\/#organization\"},\"potentialAction\":[{\"@type\":\"SearchAction\",\"target\":{\"@type\":\"EntryPoint\",\"urlTemplate\":\"https:\\\/\\\/canal7slp.tv\\\/2025\\\/?s={search_term_string}\"},\"query-input\":{\"@type\":\"PropertyValueSpecification\",\"valueRequired\":true,\"valueName\":\"search_term_string\"}}],\"inLanguage\":\"es\"},{\"@type\":\"Organization\",\"@id\":\"https:\\\/\\\/canal7slp.tv\\\/2025\\\/#organization\",\"name\":\"Noticieros Canal 7\",\"url\":\"https:\\\/\\\/canal7slp.tv\\\/2025\\\/\",\"logo\":{\"@type\":\"ImageObject\",\"inLanguage\":\"es\",\"@id\":\"https:\\\/\\\/canal7slp.tv\\\/2025\\\/#\\\/schema\\\/logo\\\/image\\\/\",\"url\":\"https:\\\/\\\/canal7slp.tv\\\/2025\\\/wp-content\\\/uploads\\\/2021\\\/01\\\/logo-noticieros@2x.png\",\"contentUrl\":\"https:\\\/\\\/canal7slp.tv\\\/2025\\\/wp-content\\\/uploads\\\/2021\\\/01\\\/logo-noticieros@2x.png\",\"width\":1017,\"height\":268,\"caption\":\"Noticieros Canal 7\"},\"image\":{\"@id\":\"https:\\\/\\\/canal7slp.tv\\\/2025\\\/#\\\/schema\\\/logo\\\/image\\\/\"},\"sameAs\":[\"https:\\\/\\\/www.facebook.com\\\/noticieroscanal7atencionciudadana\\\/\",\"https:\\\/\\\/x.com\\\/NOTICIEROS7\",\"https:\\\/\\\/www.instagram.com\\\/canal7_slp\",\"https:\\\/\\\/www.youtube.com\\\/channel\\\/UCliiYs-gP3JfJeqdPrNdd5A\"]},{\"@type\":\"Person\",\"@id\":\"https:\\\/\\\/canal7slp.tv\\\/2025\\\/#\\\/schema\\\/person\\\/271e2b60a96e7cc9d9ac296f4d7e414b\",\"name\":\"Edici\u00f3n Web\",\"image\":{\"@type\":\"ImageObject\",\"inLanguage\":\"es\",\"@id\":\"https:\\\/\\\/secure.gravatar.com\\\/avatar\\\/eee448fc3f7164808013b816ba91ac7e43bbe82a70bebac296f8bc6f0addaa1a?s=96&d=mm&r=g\",\"url\":\"https:\\\/\\\/secure.gravatar.com\\\/avatar\\\/eee448fc3f7164808013b816ba91ac7e43bbe82a70bebac296f8bc6f0addaa1a?s=96&d=mm&r=g\",\"contentUrl\":\"https:\\\/\\\/secure.gravatar.com\\\/avatar\\\/eee448fc3f7164808013b816ba91ac7e43bbe82a70bebac296f8bc6f0addaa1a?s=96&d=mm&r=g\",\"caption\":\"Edici\u00f3n Web\"},\"url\":\"https:\\\/\\\/canal7slp.tv\\\/2025\\\/author\\\/edicionweb\\\/\"}]}<\/script>\n<!-- \/ Yoast SEO plugin. -->","yoast_head_json":{"title":"Presa de San Jos\u00e9 tiene menos cantidad de lirio acu\u00e1tico debido a desfogue - Canal 7 SLP - 2025","robots":{"index":"index","follow":"follow","max-snippet":"max-snippet:-1","max-image-preview":"max-image-preview:large","max-video-preview":"max-video-preview:-1"},"canonical":"https:\/\/canal7slp.tv\/2025\/presa-de-san-jose-tiene-menos-cantidad-de-lirio-acuatico-debido-a-desfogue\/","og_locale":"es_ES","og_type":"article","og_title":"Presa de San Jos\u00e9 tiene menos cantidad de lirio acu\u00e1tico debido a desfogue - Canal 7 SLP - 2025","og_description":"SLP.- Debido al desfogue que se tuvo en la presa de San Jos\u00e9 en fechas recientes, la cantidad de lirio acu\u00e1tico ha disminuido en este vaso captador, as\u00ed lo hizo saber el alcalde de San Luis Potos\u00ed, Enrique Galindo Ceballos. \u201cAhora que derram\u00f3 la presa de San Jos\u00e9 derram\u00f3 casi la mitad del lirio y lo capturamos, lo tenemos separado el lirio y ecolog\u00eda le est\u00e1 dando un tratamiento para no tirarlo en ning\u00fan lado porque es contaminante\u201d. Del total de la cantidad de \u00e9sta planta a la fecha se registra una cifra por debajo del 50%. \u201cSi vamos ahorita [&hellip;]","og_url":"https:\/\/canal7slp.tv\/2025\/presa-de-san-jose-tiene-menos-cantidad-de-lirio-acuatico-debido-a-desfogue\/","og_site_name":"Canal 7 SLP - 2025","article_publisher":"https:\/\/www.facebook.com\/noticieroscanal7atencionciudadana\/","article_published_time":"2025-08-07T00:50:26+00:00","og_image":[{"width":1280,"height":720,"url":"https:\/\/canal7slp.tv\/2025\/wp-content\/uploads\/2025\/08\/Poky04LirioAcuatico.jpg","type":"image\/jpeg"}],"author":"Edici\u00f3n Web","twitter_card":"summary_large_image","twitter_creator":"@NOTICIEROS7","twitter_site":"@NOTICIEROS7","twitter_misc":{"Escrito por":"Edici\u00f3n Web","Tiempo de lectura":"2 minutos"},"schema":{"@context":"https:\/\/schema.org","@graph":[{"@type":"Article","@id":"https:\/\/canal7slp.tv\/2025\/presa-de-san-jose-tiene-menos-cantidad-de-lirio-acuatico-debido-a-desfogue\/#article","isPartOf":{"@id":"https:\/\/canal7slp.tv\/2025\/presa-de-san-jose-tiene-menos-cantidad-de-lirio-acuatico-debido-a-desfogue\/"},"author":{"name":"Edici\u00f3n Web","@id":"https:\/\/canal7slp.tv\/2025\/#\/schema\/person\/271e2b60a96e7cc9d9ac296f4d7e414b"},"headline":"Presa de San Jos\u00e9 tiene menos cantidad de lirio acu\u00e1tico debido a desfogue","datePublished":"2025-08-07T00:50:26+00:00","mainEntityOfPage":{"@id":"https:\/\/canal7slp.tv\/2025\/presa-de-san-jose-tiene-menos-cantidad-de-lirio-acuatico-debido-a-desfogue\/"},"wordCount":270,"publisher":{"@id":"https:\/\/canal7slp.tv\/2025\/#organization"},"image":{"@id":"https:\/\/canal7slp.tv\/2025\/presa-de-san-jose-tiene-menos-cantidad-de-lirio-acuatico-debido-a-desfogue\/#primaryimage"},"thumbnailUrl":"https:\/\/canal7slp.tv\/2025\/wp-content\/uploads\/2025\/08\/Poky04LirioAcuatico.jpg","articleSection":["AYOSLP","DESTACADAS","LOCALES Y REGIONALES"],"inLanguage":"es"},{"@type":"WebPage","@id":"https:\/\/canal7slp.tv\/2025\/presa-de-san-jose-tiene-menos-cantidad-de-lirio-acuatico-debido-a-desfogue\/","url":"https:\/\/canal7slp.tv\/2025\/presa-de-san-jose-tiene-menos-cantidad-de-lirio-acuatico-debido-a-desfogue\/","name":"Presa de San Jos\u00e9 tiene menos cantidad de lirio acu\u00e1tico debido a desfogue - Canal 7 SLP - 2025","isPartOf":{"@id":"https:\/\/canal7slp.tv\/2025\/#website"},"primaryImageOfPage":{"@id":"https:\/\/canal7slp.tv\/2025\/presa-de-san-jose-tiene-menos-cantidad-de-lirio-acuatico-debido-a-desfogue\/#primaryimage"},"image":{"@id":"https:\/\/canal7slp.tv\/2025\/presa-de-san-jose-tiene-menos-cantidad-de-lirio-acuatico-debido-a-desfogue\/#primaryimage"},"thumbnailUrl":"https:\/\/canal7slp.tv\/2025\/wp-content\/uploads\/2025\/08\/Poky04LirioAcuatico.jpg","datePublished":"2025-08-07T00:50:26+00:00","breadcrumb":{"@id":"https:\/\/canal7slp.tv\/2025\/presa-de-san-jose-tiene-menos-cantidad-de-lirio-acuatico-debido-a-desfogue\/#breadcrumb"},"inLanguage":"es","potentialAction":[{"@type":"ReadAction","target":["https:\/\/canal7slp.tv\/2025\/presa-de-san-jose-tiene-menos-cantidad-de-lirio-acuatico-debido-a-desfogue\/"]}]},{"@type":"ImageObject","inLanguage":"es","@id":"https:\/\/canal7slp.tv\/2025\/presa-de-san-jose-tiene-menos-cantidad-de-lirio-acuatico-debido-a-desfogue\/#primaryimage","url":"https:\/\/canal7slp.tv\/2025\/wp-content\/uploads\/2025\/08\/Poky04LirioAcuatico.jpg","contentUrl":"https:\/\/canal7slp.tv\/2025\/wp-content\/uploads\/2025\/08\/Poky04LirioAcuatico.jpg","width":1280,"height":720},{"@type":"BreadcrumbList","@id":"https:\/\/canal7slp.tv\/2025\/presa-de-san-jose-tiene-menos-cantidad-de-lirio-acuatico-debido-a-desfogue\/#breadcrumb","itemListElement":[{"@type":"ListItem","position":1,"name":"Portada","item":"https:\/\/canal7slp.tv\/2025\/"},{"@type":"ListItem","position":2,"name":"Presa de San Jos\u00e9 tiene menos cantidad de lirio acu\u00e1tico debido a desfogue"}]},{"@type":"WebSite","@id":"https:\/\/canal7slp.tv\/2025\/#website","url":"https:\/\/canal7slp.tv\/2025\/","name":"N7 - Noticieros Canal 7","description":"Somos el Medio","publisher":{"@id":"https:\/\/canal7slp.tv\/2025\/#organization"},"potentialAction":[{"@type":"SearchAction","target":{"@type":"EntryPoint","urlTemplate":"https:\/\/canal7slp.tv\/2025\/?s={search_term_string}"},"query-input":{"@type":"PropertyValueSpecification","valueRequired":true,"valueName":"search_term_string"}}],"inLanguage":"es"},{"@type":"Organization","@id":"https:\/\/canal7slp.tv\/2025\/#organization","name":"Noticieros Canal 7","url":"https:\/\/canal7slp.tv\/2025\/","logo":{"@type":"ImageObject","inLanguage":"es","@id":"https:\/\/canal7slp.tv\/2025\/#\/schema\/logo\/image\/","url":"https:\/\/canal7slp.tv\/2025\/wp-content\/uploads\/2021\/01\/logo-noticieros@2x.png","contentUrl":"https:\/\/canal7slp.tv\/2025\/wp-content\/uploads\/2021\/01\/logo-noticieros@2x.png","width":1017,"height":268,"caption":"Noticieros Canal 7"},"image":{"@id":"https:\/\/canal7slp.tv\/2025\/#\/schema\/logo\/image\/"},"sameAs":["https:\/\/www.facebook.com\/noticieroscanal7atencionciudadana\/","https:\/\/x.com\/NOTICIEROS7","https:\/\/www.instagram.com\/canal7_slp","https:\/\/www.youtube.com\/channel\/UCliiYs-gP3JfJeqdPrNdd5A"]},{"@type":"Person","@id":"https:\/\/canal7slp.tv\/2025\/#\/schema\/person\/271e2b60a96e7cc9d9ac296f4d7e414b","name":"Edici\u00f3n Web","image":{"@type":"ImageObject","inLanguage":"es","@id":"https:\/\/secure.gravatar.com\/avatar\/eee448fc3f7164808013b816ba91ac7e43bbe82a70bebac296f8bc6f0addaa1a?s=96&d=mm&r=g","url":"https:\/\/secure.gravatar.com\/avatar\/eee448fc3f7164808013b816ba91ac7e43bbe82a70bebac296f8bc6f0addaa1a?s=96&d=mm&r=g","contentUrl":"https:\/\/secure.gravatar.com\/avatar\/eee448fc3f7164808013b816ba91ac7e43bbe82a70bebac296f8bc6f0addaa1a?s=96&d=mm&r=g","caption":"Edici\u00f3n Web"},"url":"https:\/\/canal7slp.tv\/2025\/author\/edicionweb\/"}]}},"_links":{"self":[{"href":"https:\/\/canal7slp.tv\/2025\/wp-json\/wp\/v2\/posts\/175663","targetHints":{"allow":["GET"]}}],"collection":[{"href":"https:\/\/canal7slp.tv\/2025\/wp-json\/wp\/v2\/posts"}],"about":[{"href":"https:\/\/canal7slp.tv\/2025\/wp-json\/wp\/v2\/types\/post"}],"author":[{"embeddable":true,"href":"https:\/\/canal7slp.tv\/2025\/wp-json\/wp\/v2\/users\/2"}],"replies":[{"embeddable":true,"href":"https:\/\/canal7slp.tv\/2025\/wp-json\/wp\/v2\/comments?post=175663"}],"version-history":[{"count":2,"href":"https:\/\/canal7slp.tv\/2025\/wp-json\/wp\/v2\/posts\/175663\/revisions"}],"predecessor-version":[{"id":175694,"href":"https:\/\/canal7slp.tv\/2025\/wp-json\/wp\/v2\/posts\/175663\/revisions\/175694"}],"wp:featuredmedia":[{"embeddable":true,"href":"https:\/\/canal7slp.tv\/2025\/wp-json\/wp\/v2\/media\/175693"}],"wp:attachment":[{"href":"https:\/\/canal7slp.tv\/2025\/wp-json\/wp\/v2\/media?parent=175663"}],"wp:term":[{"taxonomy":"category","embeddable":true,"href":"https:\/\/canal7slp.tv\/2025\/wp-json\/wp\/v2\/categories?post=175663"},{"taxonomy":"post_tag","embeddable":true,"href":"https:\/\/canal7slp.tv\/2025\/wp-json\/wp\/v2\/tags?post=175663"}],"curies":[{"name":"wp","href":"https:\/\/api.w.org\/{rel}","templated":true}]}}