{"id":175661,"date":"2025-08-06T18:53:33","date_gmt":"2025-08-07T00:53:33","guid":{"rendered":"https:\/\/canal7slp.tv\/2025\/?p=175661"},"modified":"2025-08-06T18:53:33","modified_gmt":"2025-08-07T00:53:33","slug":"iker-mateo-murio-en-el-hospital-general-1-del-imss-por-presunta-negligencia-medica","status":"publish","type":"post","link":"https:\/\/canal7slp.tv\/2025\/iker-mateo-murio-en-el-hospital-general-1-del-imss-por-presunta-negligencia-medica\/","title":{"rendered":"Iker Mateo muri\u00f3 en el Hospital General 1 del IMSS por presunta negligencia m\u00e9dica"},"content":{"rendered":"<p style=\"text-align: justify;\">SLP.- Luz Daniela denunci\u00f3 la muerte de su hijo Iker Mateo por presunta negligencia m\u00e9dica de parte de los integrantes de la Hospital General de Zona N\u00famero 1 Licenciado Ignacio Garc\u00eda T\u00e9llez del Instituto Mexicano del Seguro Social.<\/p>\n<p style=\"text-align: justify;\">Fue la madre del menor finado, Luz Daniela quien relat\u00f3 lo sucedido en el a\u00f1o 2022.<\/p>\n<p style=\"text-align: justify;\">\u201cEl d\u00eda cinco de noviembre de 2022 naci\u00f3 mi ni\u00f1o por lo cual me dijeron que ten\u00eda que ser operado de urgencia (\u2026) no hicieron nada en 24 horas, al beb\u00e9 nada m\u00e1s lo tuvieron con suero (\u2026) pues me le cancelaron en dos ocasiones la cirug\u00eda porque me comentaron que no hab\u00eda material, que no hab\u00eda cirujanos, despu\u00e9s me la volvieron a programar pero ya se esperaron pues hasta que el beb\u00e9 ya se puso m\u00e1s grave (\u2026) cuando me lo pasan a quir\u00f3fano me comentan que el cirujano nada m\u00e1s oper\u00f3 y se retir\u00f3 (\u2026) el tercer paro respiratorio lo tuvo coma las dos de la ma\u00f1ana que fue la hora en que falleci\u00f3\u201d.<\/p>\n<p style=\"text-align: justify;\">La problem\u00e1tica no par\u00f3 ah\u00ed, de hecho se agrav\u00f3.<\/p>\n<p style=\"text-align: justify;\">\u201cY cuando yo me voy a retirar del hospital me mencionan que no me van a entregar el cuerpo de mi beb\u00e9, que no me van a entregar el cuerpo de mi beb\u00e9 si yo no firmaba una acta de defunci\u00f3n donde ni siquiera ven\u00eda por qu\u00e9 hab\u00eda fallecido el beb\u00e9 ni nada\u201d.<\/p>\n<p style=\"text-align: justify;\">Sara Pacheco, abogada de la presunta v\u00edctima, expuso las condiciones del caso<\/p>\n<p style=\"text-align: justify;\">\u201cEn el acta de defunci\u00f3n que ella ya firm\u00f3 como tal s\u00ed viene derivado de un choque de sepsis y por una mala, malos cuidados de la salud (\u2026) lo que nosotros buscamos es que este asunto pueda cerrarse porque al final de cuentas como Daniela lo menciona, nada le va a regresar a su hijo, nada va a ser como que el tiempo vuelva para atr\u00e1s (\u2026) nosotros no queremos perjudicar tanto al Instituto como a nadie, solo queremos esclarecer los hechos, sabemos que hubo una negligencia m\u00e9dica por parte del personal m\u00e9dico del IMSS porque consta en un expediente cl\u00ednico, consta en una recomendaci\u00f3n que es la 114 del 24\u201d.<\/p>\n<p style=\"text-align: justify;\">Lo que se busca es una disculpa p\u00fablica de parte del IMSS, se castigue a los posibles responsables, se tenga una reparaci\u00f3n del da\u00f1o y no se repita el caso que vive Luz Daniela.<\/p>\n<p>Por: Juan Carlos Contreras<\/p>\n","protected":false},"excerpt":{"rendered":"<p>SLP.- Luz Daniela denunci\u00f3 la muerte de su hijo Iker Mateo por presunta negligencia m\u00e9dica de parte de los integrantes de la Hospital General de Zona N\u00famero 1 Licenciado Ignacio Garc\u00eda T\u00e9llez del Instituto Mexicano del Seguro Social. Fue la madre del menor finado, Luz Daniela quien relat\u00f3 lo sucedido en el a\u00f1o 2022. \u201cEl d\u00eda cinco de noviembre de 2022 naci\u00f3 mi ni\u00f1o por lo cual me dijeron que ten\u00eda que ser operado de urgencia (\u2026) no hicieron nada en 24 horas, al beb\u00e9 nada m\u00e1s lo tuvieron con suero (\u2026) pues me le cancelaron en dos ocasiones la [&hellip;]<\/p>\n","protected":false},"author":2,"featured_media":175696,"comment_status":"closed","ping_status":"closed","sticky":false,"template":"","format":"video","meta":{"_monsterinsights_skip_tracking":false,"_monsterinsights_sitenote_active":false,"_monsterinsights_sitenote_note":"","_monsterinsights_sitenote_category":0,"footnotes":""},"categories":[5,45],"tags":[],"class_list":["post-175661","post","type-post","status-publish","format-video","has-post-thumbnail","hentry","category-destacadas","category-localesyregionales","post_format-post-format-video","post--single"],"yoast_head":"<!-- This site is optimized with the Yoast SEO plugin v27.5 - https:\/\/yoast.com\/product\/yoast-seo-wordpress\/ -->\n<title>Iker Mateo muri\u00f3 en el Hospital General 1 del IMSS por presunta negligencia m\u00e9dica - Canal 7 SLP - 2025<\/title>\n<meta name=\"robots\" content=\"index, follow, max-snippet:-1, max-image-preview:large, max-video-preview:-1\" \/>\n<link rel=\"canonical\" href=\"https:\/\/canal7slp.tv\/2025\/iker-mateo-murio-en-el-hospital-general-1-del-imss-por-presunta-negligencia-medica\/\" \/>\n<meta property=\"og:locale\" content=\"es_ES\" \/>\n<meta property=\"og:type\" content=\"article\" \/>\n<meta property=\"og:title\" content=\"Iker Mateo muri\u00f3 en el Hospital General 1 del IMSS por presunta negligencia m\u00e9dica - Canal 7 SLP - 2025\" \/>\n<meta property=\"og:description\" content=\"SLP.- Luz Daniela denunci\u00f3 la muerte de su hijo Iker Mateo por presunta negligencia m\u00e9dica de parte de los integrantes de la Hospital General de Zona N\u00famero 1 Licenciado Ignacio Garc\u00eda T\u00e9llez del Instituto Mexicano del Seguro Social. Fue la madre del menor finado, Luz Daniela quien relat\u00f3 lo sucedido en el a\u00f1o 2022. \u201cEl d\u00eda cinco de noviembre de 2022 naci\u00f3 mi ni\u00f1o por lo cual me dijeron que ten\u00eda que ser operado de urgencia (\u2026) no hicieron nada en 24 horas, al beb\u00e9 nada m\u00e1s lo tuvieron con suero (\u2026) pues me le cancelaron en dos ocasiones la [&hellip;]\" \/>\n<meta property=\"og:url\" content=\"https:\/\/canal7slp.tv\/2025\/iker-mateo-murio-en-el-hospital-general-1-del-imss-por-presunta-negligencia-medica\/\" \/>\n<meta property=\"og:site_name\" content=\"Canal 7 SLP - 2025\" \/>\n<meta property=\"article:publisher\" content=\"https:\/\/www.facebook.com\/noticieroscanal7atencionciudadana\/\" \/>\n<meta property=\"article:published_time\" content=\"2025-08-07T00:53:33+00:00\" \/>\n<meta property=\"og:image\" content=\"https:\/\/canal7slp.tv\/2025\/wp-content\/uploads\/2025\/08\/Poky05IkerMateo.jpg\" \/>\n\t<meta property=\"og:image:width\" content=\"1280\" \/>\n\t<meta property=\"og:image:height\" content=\"720\" \/>\n\t<meta property=\"og:image:type\" content=\"image\/jpeg\" \/>\n<meta name=\"author\" content=\"Edici\u00f3n Web\" \/>\n<meta name=\"twitter:card\" content=\"summary_large_image\" \/>\n<meta name=\"twitter:creator\" content=\"@NOTICIEROS7\" \/>\n<meta name=\"twitter:site\" content=\"@NOTICIEROS7\" \/>\n<meta name=\"twitter:label1\" content=\"Escrito por\" \/>\n\t<meta name=\"twitter:data1\" content=\"Edici\u00f3n Web\" \/>\n\t<meta name=\"twitter:label2\" content=\"Tiempo de lectura\" \/>\n\t<meta name=\"twitter:data2\" content=\"2 minutos\" \/>\n<script type=\"application\/ld+json\" class=\"yoast-schema-graph\">{\"@context\":\"https:\\\/\\\/schema.org\",\"@graph\":[{\"@type\":\"Article\",\"@id\":\"https:\\\/\\\/canal7slp.tv\\\/2025\\\/iker-mateo-murio-en-el-hospital-general-1-del-imss-por-presunta-negligencia-medica\\\/#article\",\"isPartOf\":{\"@id\":\"https:\\\/\\\/canal7slp.tv\\\/2025\\\/iker-mateo-murio-en-el-hospital-general-1-del-imss-por-presunta-negligencia-medica\\\/\"},\"author\":{\"name\":\"Edici\u00f3n Web\",\"@id\":\"https:\\\/\\\/canal7slp.tv\\\/2025\\\/#\\\/schema\\\/person\\\/271e2b60a96e7cc9d9ac296f4d7e414b\"},\"headline\":\"Iker Mateo muri\u00f3 en el Hospital General 1 del IMSS por presunta negligencia m\u00e9dica\",\"datePublished\":\"2025-08-07T00:53:33+00:00\",\"mainEntityOfPage\":{\"@id\":\"https:\\\/\\\/canal7slp.tv\\\/2025\\\/iker-mateo-murio-en-el-hospital-general-1-del-imss-por-presunta-negligencia-medica\\\/\"},\"wordCount\":428,\"publisher\":{\"@id\":\"https:\\\/\\\/canal7slp.tv\\\/2025\\\/#organization\"},\"image\":{\"@id\":\"https:\\\/\\\/canal7slp.tv\\\/2025\\\/iker-mateo-murio-en-el-hospital-general-1-del-imss-por-presunta-negligencia-medica\\\/#primaryimage\"},\"thumbnailUrl\":\"https:\\\/\\\/canal7slp.tv\\\/2025\\\/wp-content\\\/uploads\\\/2025\\\/08\\\/Poky05IkerMateo.jpg\",\"articleSection\":[\"DESTACADAS\",\"LOCALES Y REGIONALES\"],\"inLanguage\":\"es\"},{\"@type\":\"WebPage\",\"@id\":\"https:\\\/\\\/canal7slp.tv\\\/2025\\\/iker-mateo-murio-en-el-hospital-general-1-del-imss-por-presunta-negligencia-medica\\\/\",\"url\":\"https:\\\/\\\/canal7slp.tv\\\/2025\\\/iker-mateo-murio-en-el-hospital-general-1-del-imss-por-presunta-negligencia-medica\\\/\",\"name\":\"Iker Mateo muri\u00f3 en el Hospital General 1 del IMSS por presunta negligencia m\u00e9dica - Canal 7 SLP - 2025\",\"isPartOf\":{\"@id\":\"https:\\\/\\\/canal7slp.tv\\\/2025\\\/#website\"},\"primaryImageOfPage\":{\"@id\":\"https:\\\/\\\/canal7slp.tv\\\/2025\\\/iker-mateo-murio-en-el-hospital-general-1-del-imss-por-presunta-negligencia-medica\\\/#primaryimage\"},\"image\":{\"@id\":\"https:\\\/\\\/canal7slp.tv\\\/2025\\\/iker-mateo-murio-en-el-hospital-general-1-del-imss-por-presunta-negligencia-medica\\\/#primaryimage\"},\"thumbnailUrl\":\"https:\\\/\\\/canal7slp.tv\\\/2025\\\/wp-content\\\/uploads\\\/2025\\\/08\\\/Poky05IkerMateo.jpg\",\"datePublished\":\"2025-08-07T00:53:33+00:00\",\"breadcrumb\":{\"@id\":\"https:\\\/\\\/canal7slp.tv\\\/2025\\\/iker-mateo-murio-en-el-hospital-general-1-del-imss-por-presunta-negligencia-medica\\\/#breadcrumb\"},\"inLanguage\":\"es\",\"potentialAction\":[{\"@type\":\"ReadAction\",\"target\":[\"https:\\\/\\\/canal7slp.tv\\\/2025\\\/iker-mateo-murio-en-el-hospital-general-1-del-imss-por-presunta-negligencia-medica\\\/\"]}]},{\"@type\":\"ImageObject\",\"inLanguage\":\"es\",\"@id\":\"https:\\\/\\\/canal7slp.tv\\\/2025\\\/iker-mateo-murio-en-el-hospital-general-1-del-imss-por-presunta-negligencia-medica\\\/#primaryimage\",\"url\":\"https:\\\/\\\/canal7slp.tv\\\/2025\\\/wp-content\\\/uploads\\\/2025\\\/08\\\/Poky05IkerMateo.jpg\",\"contentUrl\":\"https:\\\/\\\/canal7slp.tv\\\/2025\\\/wp-content\\\/uploads\\\/2025\\\/08\\\/Poky05IkerMateo.jpg\",\"width\":1280,\"height\":720},{\"@type\":\"BreadcrumbList\",\"@id\":\"https:\\\/\\\/canal7slp.tv\\\/2025\\\/iker-mateo-murio-en-el-hospital-general-1-del-imss-por-presunta-negligencia-medica\\\/#breadcrumb\",\"itemListElement\":[{\"@type\":\"ListItem\",\"position\":1,\"name\":\"Portada\",\"item\":\"https:\\\/\\\/canal7slp.tv\\\/2025\\\/\"},{\"@type\":\"ListItem\",\"position\":2,\"name\":\"Iker Mateo muri\u00f3 en el Hospital General 1 del IMSS por presunta negligencia m\u00e9dica\"}]},{\"@type\":\"WebSite\",\"@id\":\"https:\\\/\\\/canal7slp.tv\\\/2025\\\/#website\",\"url\":\"https:\\\/\\\/canal7slp.tv\\\/2025\\\/\",\"name\":\"N7 - Noticieros Canal 7\",\"description\":\"Somos el Medio\",\"publisher\":{\"@id\":\"https:\\\/\\\/canal7slp.tv\\\/2025\\\/#organization\"},\"potentialAction\":[{\"@type\":\"SearchAction\",\"target\":{\"@type\":\"EntryPoint\",\"urlTemplate\":\"https:\\\/\\\/canal7slp.tv\\\/2025\\\/?s={search_term_string}\"},\"query-input\":{\"@type\":\"PropertyValueSpecification\",\"valueRequired\":true,\"valueName\":\"search_term_string\"}}],\"inLanguage\":\"es\"},{\"@type\":\"Organization\",\"@id\":\"https:\\\/\\\/canal7slp.tv\\\/2025\\\/#organization\",\"name\":\"Noticieros Canal 7\",\"url\":\"https:\\\/\\\/canal7slp.tv\\\/2025\\\/\",\"logo\":{\"@type\":\"ImageObject\",\"inLanguage\":\"es\",\"@id\":\"https:\\\/\\\/canal7slp.tv\\\/2025\\\/#\\\/schema\\\/logo\\\/image\\\/\",\"url\":\"https:\\\/\\\/canal7slp.tv\\\/2025\\\/wp-content\\\/uploads\\\/2021\\\/01\\\/logo-noticieros@2x.png\",\"contentUrl\":\"https:\\\/\\\/canal7slp.tv\\\/2025\\\/wp-content\\\/uploads\\\/2021\\\/01\\\/logo-noticieros@2x.png\",\"width\":1017,\"height\":268,\"caption\":\"Noticieros Canal 7\"},\"image\":{\"@id\":\"https:\\\/\\\/canal7slp.tv\\\/2025\\\/#\\\/schema\\\/logo\\\/image\\\/\"},\"sameAs\":[\"https:\\\/\\\/www.facebook.com\\\/noticieroscanal7atencionciudadana\\\/\",\"https:\\\/\\\/x.com\\\/NOTICIEROS7\",\"https:\\\/\\\/www.instagram.com\\\/canal7_slp\",\"https:\\\/\\\/www.youtube.com\\\/channel\\\/UCliiYs-gP3JfJeqdPrNdd5A\"]},{\"@type\":\"Person\",\"@id\":\"https:\\\/\\\/canal7slp.tv\\\/2025\\\/#\\\/schema\\\/person\\\/271e2b60a96e7cc9d9ac296f4d7e414b\",\"name\":\"Edici\u00f3n Web\",\"image\":{\"@type\":\"ImageObject\",\"inLanguage\":\"es\",\"@id\":\"https:\\\/\\\/secure.gravatar.com\\\/avatar\\\/eee448fc3f7164808013b816ba91ac7e43bbe82a70bebac296f8bc6f0addaa1a?s=96&d=mm&r=g\",\"url\":\"https:\\\/\\\/secure.gravatar.com\\\/avatar\\\/eee448fc3f7164808013b816ba91ac7e43bbe82a70bebac296f8bc6f0addaa1a?s=96&d=mm&r=g\",\"contentUrl\":\"https:\\\/\\\/secure.gravatar.com\\\/avatar\\\/eee448fc3f7164808013b816ba91ac7e43bbe82a70bebac296f8bc6f0addaa1a?s=96&d=mm&r=g\",\"caption\":\"Edici\u00f3n Web\"},\"url\":\"https:\\\/\\\/canal7slp.tv\\\/2025\\\/author\\\/edicionweb\\\/\"}]}<\/script>\n<!-- \/ Yoast SEO plugin. -->","yoast_head_json":{"title":"Iker Mateo muri\u00f3 en el Hospital General 1 del IMSS por presunta negligencia m\u00e9dica - Canal 7 SLP - 2025","robots":{"index":"index","follow":"follow","max-snippet":"max-snippet:-1","max-image-preview":"max-image-preview:large","max-video-preview":"max-video-preview:-1"},"canonical":"https:\/\/canal7slp.tv\/2025\/iker-mateo-murio-en-el-hospital-general-1-del-imss-por-presunta-negligencia-medica\/","og_locale":"es_ES","og_type":"article","og_title":"Iker Mateo muri\u00f3 en el Hospital General 1 del IMSS por presunta negligencia m\u00e9dica - Canal 7 SLP - 2025","og_description":"SLP.- Luz Daniela denunci\u00f3 la muerte de su hijo Iker Mateo por presunta negligencia m\u00e9dica de parte de los integrantes de la Hospital General de Zona N\u00famero 1 Licenciado Ignacio Garc\u00eda T\u00e9llez del Instituto Mexicano del Seguro Social. Fue la madre del menor finado, Luz Daniela quien relat\u00f3 lo sucedido en el a\u00f1o 2022. \u201cEl d\u00eda cinco de noviembre de 2022 naci\u00f3 mi ni\u00f1o por lo cual me dijeron que ten\u00eda que ser operado de urgencia (\u2026) no hicieron nada en 24 horas, al beb\u00e9 nada m\u00e1s lo tuvieron con suero (\u2026) pues me le cancelaron en dos ocasiones la [&hellip;]","og_url":"https:\/\/canal7slp.tv\/2025\/iker-mateo-murio-en-el-hospital-general-1-del-imss-por-presunta-negligencia-medica\/","og_site_name":"Canal 7 SLP - 2025","article_publisher":"https:\/\/www.facebook.com\/noticieroscanal7atencionciudadana\/","article_published_time":"2025-08-07T00:53:33+00:00","og_image":[{"width":1280,"height":720,"url":"https:\/\/canal7slp.tv\/2025\/wp-content\/uploads\/2025\/08\/Poky05IkerMateo.jpg","type":"image\/jpeg"}],"author":"Edici\u00f3n Web","twitter_card":"summary_large_image","twitter_creator":"@NOTICIEROS7","twitter_site":"@NOTICIEROS7","twitter_misc":{"Escrito por":"Edici\u00f3n Web","Tiempo de lectura":"2 minutos"},"schema":{"@context":"https:\/\/schema.org","@graph":[{"@type":"Article","@id":"https:\/\/canal7slp.tv\/2025\/iker-mateo-murio-en-el-hospital-general-1-del-imss-por-presunta-negligencia-medica\/#article","isPartOf":{"@id":"https:\/\/canal7slp.tv\/2025\/iker-mateo-murio-en-el-hospital-general-1-del-imss-por-presunta-negligencia-medica\/"},"author":{"name":"Edici\u00f3n Web","@id":"https:\/\/canal7slp.tv\/2025\/#\/schema\/person\/271e2b60a96e7cc9d9ac296f4d7e414b"},"headline":"Iker Mateo muri\u00f3 en el Hospital General 1 del IMSS por presunta negligencia m\u00e9dica","datePublished":"2025-08-07T00:53:33+00:00","mainEntityOfPage":{"@id":"https:\/\/canal7slp.tv\/2025\/iker-mateo-murio-en-el-hospital-general-1-del-imss-por-presunta-negligencia-medica\/"},"wordCount":428,"publisher":{"@id":"https:\/\/canal7slp.tv\/2025\/#organization"},"image":{"@id":"https:\/\/canal7slp.tv\/2025\/iker-mateo-murio-en-el-hospital-general-1-del-imss-por-presunta-negligencia-medica\/#primaryimage"},"thumbnailUrl":"https:\/\/canal7slp.tv\/2025\/wp-content\/uploads\/2025\/08\/Poky05IkerMateo.jpg","articleSection":["DESTACADAS","LOCALES Y REGIONALES"],"inLanguage":"es"},{"@type":"WebPage","@id":"https:\/\/canal7slp.tv\/2025\/iker-mateo-murio-en-el-hospital-general-1-del-imss-por-presunta-negligencia-medica\/","url":"https:\/\/canal7slp.tv\/2025\/iker-mateo-murio-en-el-hospital-general-1-del-imss-por-presunta-negligencia-medica\/","name":"Iker Mateo muri\u00f3 en el Hospital General 1 del IMSS por presunta negligencia m\u00e9dica - Canal 7 SLP - 2025","isPartOf":{"@id":"https:\/\/canal7slp.tv\/2025\/#website"},"primaryImageOfPage":{"@id":"https:\/\/canal7slp.tv\/2025\/iker-mateo-murio-en-el-hospital-general-1-del-imss-por-presunta-negligencia-medica\/#primaryimage"},"image":{"@id":"https:\/\/canal7slp.tv\/2025\/iker-mateo-murio-en-el-hospital-general-1-del-imss-por-presunta-negligencia-medica\/#primaryimage"},"thumbnailUrl":"https:\/\/canal7slp.tv\/2025\/wp-content\/uploads\/2025\/08\/Poky05IkerMateo.jpg","datePublished":"2025-08-07T00:53:33+00:00","breadcrumb":{"@id":"https:\/\/canal7slp.tv\/2025\/iker-mateo-murio-en-el-hospital-general-1-del-imss-por-presunta-negligencia-medica\/#breadcrumb"},"inLanguage":"es","potentialAction":[{"@type":"ReadAction","target":["https:\/\/canal7slp.tv\/2025\/iker-mateo-murio-en-el-hospital-general-1-del-imss-por-presunta-negligencia-medica\/"]}]},{"@type":"ImageObject","inLanguage":"es","@id":"https:\/\/canal7slp.tv\/2025\/iker-mateo-murio-en-el-hospital-general-1-del-imss-por-presunta-negligencia-medica\/#primaryimage","url":"https:\/\/canal7slp.tv\/2025\/wp-content\/uploads\/2025\/08\/Poky05IkerMateo.jpg","contentUrl":"https:\/\/canal7slp.tv\/2025\/wp-content\/uploads\/2025\/08\/Poky05IkerMateo.jpg","width":1280,"height":720},{"@type":"BreadcrumbList","@id":"https:\/\/canal7slp.tv\/2025\/iker-mateo-murio-en-el-hospital-general-1-del-imss-por-presunta-negligencia-medica\/#breadcrumb","itemListElement":[{"@type":"ListItem","position":1,"name":"Portada","item":"https:\/\/canal7slp.tv\/2025\/"},{"@type":"ListItem","position":2,"name":"Iker Mateo muri\u00f3 en el Hospital General 1 del IMSS por presunta negligencia m\u00e9dica"}]},{"@type":"WebSite","@id":"https:\/\/canal7slp.tv\/2025\/#website","url":"https:\/\/canal7slp.tv\/2025\/","name":"N7 - Noticieros Canal 7","description":"Somos el Medio","publisher":{"@id":"https:\/\/canal7slp.tv\/2025\/#organization"},"potentialAction":[{"@type":"SearchAction","target":{"@type":"EntryPoint","urlTemplate":"https:\/\/canal7slp.tv\/2025\/?s={search_term_string}"},"query-input":{"@type":"PropertyValueSpecification","valueRequired":true,"valueName":"search_term_string"}}],"inLanguage":"es"},{"@type":"Organization","@id":"https:\/\/canal7slp.tv\/2025\/#organization","name":"Noticieros Canal 7","url":"https:\/\/canal7slp.tv\/2025\/","logo":{"@type":"ImageObject","inLanguage":"es","@id":"https:\/\/canal7slp.tv\/2025\/#\/schema\/logo\/image\/","url":"https:\/\/canal7slp.tv\/2025\/wp-content\/uploads\/2021\/01\/logo-noticieros@2x.png","contentUrl":"https:\/\/canal7slp.tv\/2025\/wp-content\/uploads\/2021\/01\/logo-noticieros@2x.png","width":1017,"height":268,"caption":"Noticieros Canal 7"},"image":{"@id":"https:\/\/canal7slp.tv\/2025\/#\/schema\/logo\/image\/"},"sameAs":["https:\/\/www.facebook.com\/noticieroscanal7atencionciudadana\/","https:\/\/x.com\/NOTICIEROS7","https:\/\/www.instagram.com\/canal7_slp","https:\/\/www.youtube.com\/channel\/UCliiYs-gP3JfJeqdPrNdd5A"]},{"@type":"Person","@id":"https:\/\/canal7slp.tv\/2025\/#\/schema\/person\/271e2b60a96e7cc9d9ac296f4d7e414b","name":"Edici\u00f3n Web","image":{"@type":"ImageObject","inLanguage":"es","@id":"https:\/\/secure.gravatar.com\/avatar\/eee448fc3f7164808013b816ba91ac7e43bbe82a70bebac296f8bc6f0addaa1a?s=96&d=mm&r=g","url":"https:\/\/secure.gravatar.com\/avatar\/eee448fc3f7164808013b816ba91ac7e43bbe82a70bebac296f8bc6f0addaa1a?s=96&d=mm&r=g","contentUrl":"https:\/\/secure.gravatar.com\/avatar\/eee448fc3f7164808013b816ba91ac7e43bbe82a70bebac296f8bc6f0addaa1a?s=96&d=mm&r=g","caption":"Edici\u00f3n Web"},"url":"https:\/\/canal7slp.tv\/2025\/author\/edicionweb\/"}]}},"_links":{"self":[{"href":"https:\/\/canal7slp.tv\/2025\/wp-json\/wp\/v2\/posts\/175661","targetHints":{"allow":["GET"]}}],"collection":[{"href":"https:\/\/canal7slp.tv\/2025\/wp-json\/wp\/v2\/posts"}],"about":[{"href":"https:\/\/canal7slp.tv\/2025\/wp-json\/wp\/v2\/types\/post"}],"author":[{"embeddable":true,"href":"https:\/\/canal7slp.tv\/2025\/wp-json\/wp\/v2\/users\/2"}],"replies":[{"embeddable":true,"href":"https:\/\/canal7slp.tv\/2025\/wp-json\/wp\/v2\/comments?post=175661"}],"version-history":[{"count":2,"href":"https:\/\/canal7slp.tv\/2025\/wp-json\/wp\/v2\/posts\/175661\/revisions"}],"predecessor-version":[{"id":175697,"href":"https:\/\/canal7slp.tv\/2025\/wp-json\/wp\/v2\/posts\/175661\/revisions\/175697"}],"wp:featuredmedia":[{"embeddable":true,"href":"https:\/\/canal7slp.tv\/2025\/wp-json\/wp\/v2\/media\/175696"}],"wp:attachment":[{"href":"https:\/\/canal7slp.tv\/2025\/wp-json\/wp\/v2\/media?parent=175661"}],"wp:term":[{"taxonomy":"category","embeddable":true,"href":"https:\/\/canal7slp.tv\/2025\/wp-json\/wp\/v2\/categories?post=175661"},{"taxonomy":"post_tag","embeddable":true,"href":"https:\/\/canal7slp.tv\/2025\/wp-json\/wp\/v2\/tags?post=175661"}],"curies":[{"name":"wp","href":"https:\/\/api.w.org\/{rel}","templated":true}]}}