{"id":175659,"date":"2025-08-06T18:34:59","date_gmt":"2025-08-07T00:34:59","guid":{"rendered":"https:\/\/canal7slp.tv\/2025\/?p=175659"},"modified":"2025-08-06T18:34:59","modified_gmt":"2025-08-07T00:34:59","slug":"ayuntamiento-de-slp-imparte-platicas-de-concientizacion-mediante-casa-colorada","status":"publish","type":"post","link":"https:\/\/canal7slp.tv\/2025\/ayuntamiento-de-slp-imparte-platicas-de-concientizacion-mediante-casa-colorada\/","title":{"rendered":"Ayuntamiento de SLP imparte pl\u00e1ticas de concientizaci\u00f3n mediante Casa Colorada"},"content":{"rendered":"<p style=\"text-align: justify;\">SLP.- Durante temporada vacacional ni\u00f1os recibir\u00e1n capacitaciones en cuidado del medio ambiente en Casa Colorada, as\u00ed lo hizo saber el titular de la Direcci\u00f3n de Gesti\u00f3n Ecol\u00f3gica y Manejo de Residuos del Ayuntamiento de San Luis Potos\u00ed, Jaime Mendieta Rivera.<\/p>\n<p style=\"text-align: justify;\">\u201cTenemos ya agotadas las fechas para temporada vacacional porque al final del d\u00eda el tema de la protecci\u00f3n al medio ambiente, la correcta disposici\u00f3n de los residuos, el cuidado del agua atienden a una educaci\u00f3n ambiental que infortunadamente durante muchos a\u00f1os no se le prest\u00f3 la atenci\u00f3n, hoy estamos trabajando\u201d.<\/p>\n<p style=\"text-align: justify;\">Alrededor de mil campistas habr\u00e1n visitado \u00e9ste espacio de concientizaci\u00f3n.<\/p>\n<p style=\"text-align: justify;\">\u201cEn este periodo vacacional vamos a tener cerca de mil ni\u00f1os que visitaron las instalaciones, estamos muy contentos y estamos atacando \u00e9sta problem\u00e1tica ambiental, no nada m\u00e1s de recoger el residuo de remediar el espacio, tambi\u00e9n va de la mano la educaci\u00f3n ambiental que es sumamente importante\u201d.<\/p>\n<p style=\"text-align: justify;\">Destac\u00f3 las cualidades y tem\u00e1ticas que se manejan en Casa Colorada.<\/p>\n<p style=\"text-align: justify;\">\u201cEs uno de los centros de cultura del agua m\u00e1s importantes del pa\u00eds que ha sido galardonado en ese sentido, pero tambi\u00e9n tenemos educaci\u00f3n vinculada al cambio clim\u00e1tico, a los objetivos de desarrollo sostenible, Casa Colorada es centro de difusi\u00f3n de la mariposa monarca (\u2026) ah\u00ed tenemos dos viveros did\u00e1cticos, un invernadero, un peque\u00f1o vivero forestal\u201d.<\/p>\n<p style=\"text-align: justify;\">El recorrido por este centro educativo es de tres horas y el costo para ingresar es una botella de material para reciclaje.<\/p>\n<p>Por: Juan Carlos Contreras<\/p>\n","protected":false},"excerpt":{"rendered":"<p>SLP.- Durante temporada vacacional ni\u00f1os recibir\u00e1n capacitaciones en cuidado del medio ambiente en Casa Colorada, as\u00ed lo hizo saber el titular de la Direcci\u00f3n de Gesti\u00f3n Ecol\u00f3gica y Manejo de Residuos del Ayuntamiento de San Luis Potos\u00ed, Jaime Mendieta Rivera. \u201cTenemos ya agotadas las fechas para temporada vacacional porque al final del d\u00eda el tema de la protecci\u00f3n al medio ambiente, la correcta disposici\u00f3n de los residuos, el cuidado del agua atienden a una educaci\u00f3n ambiental que infortunadamente durante muchos a\u00f1os no se le prest\u00f3 la atenci\u00f3n, hoy estamos trabajando\u201d. Alrededor de mil campistas habr\u00e1n visitado \u00e9ste espacio de concientizaci\u00f3n. [&hellip;]<\/p>\n","protected":false},"author":2,"featured_media":175684,"comment_status":"closed","ping_status":"closed","sticky":false,"template":"","format":"video","meta":{"_monsterinsights_skip_tracking":false,"_monsterinsights_sitenote_active":false,"_monsterinsights_sitenote_note":"","_monsterinsights_sitenote_category":0,"footnotes":""},"categories":[66,5,45],"tags":[],"class_list":["post-175659","post","type-post","status-publish","format-video","has-post-thumbnail","hentry","category-ayoslp","category-destacadas","category-localesyregionales","post_format-post-format-video","post--single"],"yoast_head":"<!-- This site is optimized with the Yoast SEO plugin v27.5 - https:\/\/yoast.com\/product\/yoast-seo-wordpress\/ -->\n<title>Ayuntamiento de SLP imparte pl\u00e1ticas de concientizaci\u00f3n mediante Casa Colorada - Canal 7 SLP - 2025<\/title>\n<meta name=\"robots\" content=\"index, follow, max-snippet:-1, max-image-preview:large, max-video-preview:-1\" \/>\n<link rel=\"canonical\" href=\"https:\/\/canal7slp.tv\/2025\/ayuntamiento-de-slp-imparte-platicas-de-concientizacion-mediante-casa-colorada\/\" \/>\n<meta property=\"og:locale\" content=\"es_ES\" \/>\n<meta property=\"og:type\" content=\"article\" \/>\n<meta property=\"og:title\" content=\"Ayuntamiento de SLP imparte pl\u00e1ticas de concientizaci\u00f3n mediante Casa Colorada - Canal 7 SLP - 2025\" \/>\n<meta property=\"og:description\" content=\"SLP.- Durante temporada vacacional ni\u00f1os recibir\u00e1n capacitaciones en cuidado del medio ambiente en Casa Colorada, as\u00ed lo hizo saber el titular de la Direcci\u00f3n de Gesti\u00f3n Ecol\u00f3gica y Manejo de Residuos del Ayuntamiento de San Luis Potos\u00ed, Jaime Mendieta Rivera. \u201cTenemos ya agotadas las fechas para temporada vacacional porque al final del d\u00eda el tema de la protecci\u00f3n al medio ambiente, la correcta disposici\u00f3n de los residuos, el cuidado del agua atienden a una educaci\u00f3n ambiental que infortunadamente durante muchos a\u00f1os no se le prest\u00f3 la atenci\u00f3n, hoy estamos trabajando\u201d. Alrededor de mil campistas habr\u00e1n visitado \u00e9ste espacio de concientizaci\u00f3n. [&hellip;]\" \/>\n<meta property=\"og:url\" content=\"https:\/\/canal7slp.tv\/2025\/ayuntamiento-de-slp-imparte-platicas-de-concientizacion-mediante-casa-colorada\/\" \/>\n<meta property=\"og:site_name\" content=\"Canal 7 SLP - 2025\" \/>\n<meta property=\"article:publisher\" content=\"https:\/\/www.facebook.com\/noticieroscanal7atencionciudadana\/\" \/>\n<meta property=\"article:published_time\" content=\"2025-08-07T00:34:59+00:00\" \/>\n<meta property=\"og:image\" content=\"https:\/\/canal7slp.tv\/2025\/wp-content\/uploads\/2025\/08\/Poky01CasaColorada.jpg\" \/>\n\t<meta property=\"og:image:width\" content=\"1280\" \/>\n\t<meta property=\"og:image:height\" content=\"720\" \/>\n\t<meta property=\"og:image:type\" content=\"image\/jpeg\" \/>\n<meta name=\"author\" content=\"Edici\u00f3n Web\" \/>\n<meta name=\"twitter:card\" content=\"summary_large_image\" \/>\n<meta name=\"twitter:creator\" content=\"@NOTICIEROS7\" \/>\n<meta name=\"twitter:site\" content=\"@NOTICIEROS7\" \/>\n<meta name=\"twitter:label1\" content=\"Escrito por\" \/>\n\t<meta name=\"twitter:data1\" content=\"Edici\u00f3n Web\" \/>\n\t<meta name=\"twitter:label2\" content=\"Tiempo de lectura\" \/>\n\t<meta name=\"twitter:data2\" content=\"2 minutos\" \/>\n<script type=\"application\/ld+json\" class=\"yoast-schema-graph\">{\"@context\":\"https:\\\/\\\/schema.org\",\"@graph\":[{\"@type\":\"Article\",\"@id\":\"https:\\\/\\\/canal7slp.tv\\\/2025\\\/ayuntamiento-de-slp-imparte-platicas-de-concientizacion-mediante-casa-colorada\\\/#article\",\"isPartOf\":{\"@id\":\"https:\\\/\\\/canal7slp.tv\\\/2025\\\/ayuntamiento-de-slp-imparte-platicas-de-concientizacion-mediante-casa-colorada\\\/\"},\"author\":{\"name\":\"Edici\u00f3n Web\",\"@id\":\"https:\\\/\\\/canal7slp.tv\\\/2025\\\/#\\\/schema\\\/person\\\/271e2b60a96e7cc9d9ac296f4d7e414b\"},\"headline\":\"Ayuntamiento de SLP imparte pl\u00e1ticas de concientizaci\u00f3n mediante Casa Colorada\",\"datePublished\":\"2025-08-07T00:34:59+00:00\",\"mainEntityOfPage\":{\"@id\":\"https:\\\/\\\/canal7slp.tv\\\/2025\\\/ayuntamiento-de-slp-imparte-platicas-de-concientizacion-mediante-casa-colorada\\\/\"},\"wordCount\":279,\"publisher\":{\"@id\":\"https:\\\/\\\/canal7slp.tv\\\/2025\\\/#organization\"},\"image\":{\"@id\":\"https:\\\/\\\/canal7slp.tv\\\/2025\\\/ayuntamiento-de-slp-imparte-platicas-de-concientizacion-mediante-casa-colorada\\\/#primaryimage\"},\"thumbnailUrl\":\"https:\\\/\\\/canal7slp.tv\\\/2025\\\/wp-content\\\/uploads\\\/2025\\\/08\\\/Poky01CasaColorada.jpg\",\"articleSection\":[\"AYOSLP\",\"DESTACADAS\",\"LOCALES Y REGIONALES\"],\"inLanguage\":\"es\"},{\"@type\":\"WebPage\",\"@id\":\"https:\\\/\\\/canal7slp.tv\\\/2025\\\/ayuntamiento-de-slp-imparte-platicas-de-concientizacion-mediante-casa-colorada\\\/\",\"url\":\"https:\\\/\\\/canal7slp.tv\\\/2025\\\/ayuntamiento-de-slp-imparte-platicas-de-concientizacion-mediante-casa-colorada\\\/\",\"name\":\"Ayuntamiento de SLP imparte pl\u00e1ticas de concientizaci\u00f3n mediante Casa Colorada - Canal 7 SLP - 2025\",\"isPartOf\":{\"@id\":\"https:\\\/\\\/canal7slp.tv\\\/2025\\\/#website\"},\"primaryImageOfPage\":{\"@id\":\"https:\\\/\\\/canal7slp.tv\\\/2025\\\/ayuntamiento-de-slp-imparte-platicas-de-concientizacion-mediante-casa-colorada\\\/#primaryimage\"},\"image\":{\"@id\":\"https:\\\/\\\/canal7slp.tv\\\/2025\\\/ayuntamiento-de-slp-imparte-platicas-de-concientizacion-mediante-casa-colorada\\\/#primaryimage\"},\"thumbnailUrl\":\"https:\\\/\\\/canal7slp.tv\\\/2025\\\/wp-content\\\/uploads\\\/2025\\\/08\\\/Poky01CasaColorada.jpg\",\"datePublished\":\"2025-08-07T00:34:59+00:00\",\"breadcrumb\":{\"@id\":\"https:\\\/\\\/canal7slp.tv\\\/2025\\\/ayuntamiento-de-slp-imparte-platicas-de-concientizacion-mediante-casa-colorada\\\/#breadcrumb\"},\"inLanguage\":\"es\",\"potentialAction\":[{\"@type\":\"ReadAction\",\"target\":[\"https:\\\/\\\/canal7slp.tv\\\/2025\\\/ayuntamiento-de-slp-imparte-platicas-de-concientizacion-mediante-casa-colorada\\\/\"]}]},{\"@type\":\"ImageObject\",\"inLanguage\":\"es\",\"@id\":\"https:\\\/\\\/canal7slp.tv\\\/2025\\\/ayuntamiento-de-slp-imparte-platicas-de-concientizacion-mediante-casa-colorada\\\/#primaryimage\",\"url\":\"https:\\\/\\\/canal7slp.tv\\\/2025\\\/wp-content\\\/uploads\\\/2025\\\/08\\\/Poky01CasaColorada.jpg\",\"contentUrl\":\"https:\\\/\\\/canal7slp.tv\\\/2025\\\/wp-content\\\/uploads\\\/2025\\\/08\\\/Poky01CasaColorada.jpg\",\"width\":1280,\"height\":720},{\"@type\":\"BreadcrumbList\",\"@id\":\"https:\\\/\\\/canal7slp.tv\\\/2025\\\/ayuntamiento-de-slp-imparte-platicas-de-concientizacion-mediante-casa-colorada\\\/#breadcrumb\",\"itemListElement\":[{\"@type\":\"ListItem\",\"position\":1,\"name\":\"Portada\",\"item\":\"https:\\\/\\\/canal7slp.tv\\\/2025\\\/\"},{\"@type\":\"ListItem\",\"position\":2,\"name\":\"Ayuntamiento de SLP imparte pl\u00e1ticas de concientizaci\u00f3n mediante Casa Colorada\"}]},{\"@type\":\"WebSite\",\"@id\":\"https:\\\/\\\/canal7slp.tv\\\/2025\\\/#website\",\"url\":\"https:\\\/\\\/canal7slp.tv\\\/2025\\\/\",\"name\":\"N7 - Noticieros Canal 7\",\"description\":\"Somos el Medio\",\"publisher\":{\"@id\":\"https:\\\/\\\/canal7slp.tv\\\/2025\\\/#organization\"},\"potentialAction\":[{\"@type\":\"SearchAction\",\"target\":{\"@type\":\"EntryPoint\",\"urlTemplate\":\"https:\\\/\\\/canal7slp.tv\\\/2025\\\/?s={search_term_string}\"},\"query-input\":{\"@type\":\"PropertyValueSpecification\",\"valueRequired\":true,\"valueName\":\"search_term_string\"}}],\"inLanguage\":\"es\"},{\"@type\":\"Organization\",\"@id\":\"https:\\\/\\\/canal7slp.tv\\\/2025\\\/#organization\",\"name\":\"Noticieros Canal 7\",\"url\":\"https:\\\/\\\/canal7slp.tv\\\/2025\\\/\",\"logo\":{\"@type\":\"ImageObject\",\"inLanguage\":\"es\",\"@id\":\"https:\\\/\\\/canal7slp.tv\\\/2025\\\/#\\\/schema\\\/logo\\\/image\\\/\",\"url\":\"https:\\\/\\\/canal7slp.tv\\\/2025\\\/wp-content\\\/uploads\\\/2021\\\/01\\\/logo-noticieros@2x.png\",\"contentUrl\":\"https:\\\/\\\/canal7slp.tv\\\/2025\\\/wp-content\\\/uploads\\\/2021\\\/01\\\/logo-noticieros@2x.png\",\"width\":1017,\"height\":268,\"caption\":\"Noticieros Canal 7\"},\"image\":{\"@id\":\"https:\\\/\\\/canal7slp.tv\\\/2025\\\/#\\\/schema\\\/logo\\\/image\\\/\"},\"sameAs\":[\"https:\\\/\\\/www.facebook.com\\\/noticieroscanal7atencionciudadana\\\/\",\"https:\\\/\\\/x.com\\\/NOTICIEROS7\",\"https:\\\/\\\/www.instagram.com\\\/canal7_slp\",\"https:\\\/\\\/www.youtube.com\\\/channel\\\/UCliiYs-gP3JfJeqdPrNdd5A\"]},{\"@type\":\"Person\",\"@id\":\"https:\\\/\\\/canal7slp.tv\\\/2025\\\/#\\\/schema\\\/person\\\/271e2b60a96e7cc9d9ac296f4d7e414b\",\"name\":\"Edici\u00f3n Web\",\"image\":{\"@type\":\"ImageObject\",\"inLanguage\":\"es\",\"@id\":\"https:\\\/\\\/secure.gravatar.com\\\/avatar\\\/eee448fc3f7164808013b816ba91ac7e43bbe82a70bebac296f8bc6f0addaa1a?s=96&d=mm&r=g\",\"url\":\"https:\\\/\\\/secure.gravatar.com\\\/avatar\\\/eee448fc3f7164808013b816ba91ac7e43bbe82a70bebac296f8bc6f0addaa1a?s=96&d=mm&r=g\",\"contentUrl\":\"https:\\\/\\\/secure.gravatar.com\\\/avatar\\\/eee448fc3f7164808013b816ba91ac7e43bbe82a70bebac296f8bc6f0addaa1a?s=96&d=mm&r=g\",\"caption\":\"Edici\u00f3n Web\"},\"url\":\"https:\\\/\\\/canal7slp.tv\\\/2025\\\/author\\\/edicionweb\\\/\"}]}<\/script>\n<!-- \/ Yoast SEO plugin. -->","yoast_head_json":{"title":"Ayuntamiento de SLP imparte pl\u00e1ticas de concientizaci\u00f3n mediante Casa Colorada - Canal 7 SLP - 2025","robots":{"index":"index","follow":"follow","max-snippet":"max-snippet:-1","max-image-preview":"max-image-preview:large","max-video-preview":"max-video-preview:-1"},"canonical":"https:\/\/canal7slp.tv\/2025\/ayuntamiento-de-slp-imparte-platicas-de-concientizacion-mediante-casa-colorada\/","og_locale":"es_ES","og_type":"article","og_title":"Ayuntamiento de SLP imparte pl\u00e1ticas de concientizaci\u00f3n mediante Casa Colorada - Canal 7 SLP - 2025","og_description":"SLP.- Durante temporada vacacional ni\u00f1os recibir\u00e1n capacitaciones en cuidado del medio ambiente en Casa Colorada, as\u00ed lo hizo saber el titular de la Direcci\u00f3n de Gesti\u00f3n Ecol\u00f3gica y Manejo de Residuos del Ayuntamiento de San Luis Potos\u00ed, Jaime Mendieta Rivera. \u201cTenemos ya agotadas las fechas para temporada vacacional porque al final del d\u00eda el tema de la protecci\u00f3n al medio ambiente, la correcta disposici\u00f3n de los residuos, el cuidado del agua atienden a una educaci\u00f3n ambiental que infortunadamente durante muchos a\u00f1os no se le prest\u00f3 la atenci\u00f3n, hoy estamos trabajando\u201d. Alrededor de mil campistas habr\u00e1n visitado \u00e9ste espacio de concientizaci\u00f3n. [&hellip;]","og_url":"https:\/\/canal7slp.tv\/2025\/ayuntamiento-de-slp-imparte-platicas-de-concientizacion-mediante-casa-colorada\/","og_site_name":"Canal 7 SLP - 2025","article_publisher":"https:\/\/www.facebook.com\/noticieroscanal7atencionciudadana\/","article_published_time":"2025-08-07T00:34:59+00:00","og_image":[{"width":1280,"height":720,"url":"https:\/\/canal7slp.tv\/2025\/wp-content\/uploads\/2025\/08\/Poky01CasaColorada.jpg","type":"image\/jpeg"}],"author":"Edici\u00f3n Web","twitter_card":"summary_large_image","twitter_creator":"@NOTICIEROS7","twitter_site":"@NOTICIEROS7","twitter_misc":{"Escrito por":"Edici\u00f3n Web","Tiempo de lectura":"2 minutos"},"schema":{"@context":"https:\/\/schema.org","@graph":[{"@type":"Article","@id":"https:\/\/canal7slp.tv\/2025\/ayuntamiento-de-slp-imparte-platicas-de-concientizacion-mediante-casa-colorada\/#article","isPartOf":{"@id":"https:\/\/canal7slp.tv\/2025\/ayuntamiento-de-slp-imparte-platicas-de-concientizacion-mediante-casa-colorada\/"},"author":{"name":"Edici\u00f3n Web","@id":"https:\/\/canal7slp.tv\/2025\/#\/schema\/person\/271e2b60a96e7cc9d9ac296f4d7e414b"},"headline":"Ayuntamiento de SLP imparte pl\u00e1ticas de concientizaci\u00f3n mediante Casa Colorada","datePublished":"2025-08-07T00:34:59+00:00","mainEntityOfPage":{"@id":"https:\/\/canal7slp.tv\/2025\/ayuntamiento-de-slp-imparte-platicas-de-concientizacion-mediante-casa-colorada\/"},"wordCount":279,"publisher":{"@id":"https:\/\/canal7slp.tv\/2025\/#organization"},"image":{"@id":"https:\/\/canal7slp.tv\/2025\/ayuntamiento-de-slp-imparte-platicas-de-concientizacion-mediante-casa-colorada\/#primaryimage"},"thumbnailUrl":"https:\/\/canal7slp.tv\/2025\/wp-content\/uploads\/2025\/08\/Poky01CasaColorada.jpg","articleSection":["AYOSLP","DESTACADAS","LOCALES Y REGIONALES"],"inLanguage":"es"},{"@type":"WebPage","@id":"https:\/\/canal7slp.tv\/2025\/ayuntamiento-de-slp-imparte-platicas-de-concientizacion-mediante-casa-colorada\/","url":"https:\/\/canal7slp.tv\/2025\/ayuntamiento-de-slp-imparte-platicas-de-concientizacion-mediante-casa-colorada\/","name":"Ayuntamiento de SLP imparte pl\u00e1ticas de concientizaci\u00f3n mediante Casa Colorada - Canal 7 SLP - 2025","isPartOf":{"@id":"https:\/\/canal7slp.tv\/2025\/#website"},"primaryImageOfPage":{"@id":"https:\/\/canal7slp.tv\/2025\/ayuntamiento-de-slp-imparte-platicas-de-concientizacion-mediante-casa-colorada\/#primaryimage"},"image":{"@id":"https:\/\/canal7slp.tv\/2025\/ayuntamiento-de-slp-imparte-platicas-de-concientizacion-mediante-casa-colorada\/#primaryimage"},"thumbnailUrl":"https:\/\/canal7slp.tv\/2025\/wp-content\/uploads\/2025\/08\/Poky01CasaColorada.jpg","datePublished":"2025-08-07T00:34:59+00:00","breadcrumb":{"@id":"https:\/\/canal7slp.tv\/2025\/ayuntamiento-de-slp-imparte-platicas-de-concientizacion-mediante-casa-colorada\/#breadcrumb"},"inLanguage":"es","potentialAction":[{"@type":"ReadAction","target":["https:\/\/canal7slp.tv\/2025\/ayuntamiento-de-slp-imparte-platicas-de-concientizacion-mediante-casa-colorada\/"]}]},{"@type":"ImageObject","inLanguage":"es","@id":"https:\/\/canal7slp.tv\/2025\/ayuntamiento-de-slp-imparte-platicas-de-concientizacion-mediante-casa-colorada\/#primaryimage","url":"https:\/\/canal7slp.tv\/2025\/wp-content\/uploads\/2025\/08\/Poky01CasaColorada.jpg","contentUrl":"https:\/\/canal7slp.tv\/2025\/wp-content\/uploads\/2025\/08\/Poky01CasaColorada.jpg","width":1280,"height":720},{"@type":"BreadcrumbList","@id":"https:\/\/canal7slp.tv\/2025\/ayuntamiento-de-slp-imparte-platicas-de-concientizacion-mediante-casa-colorada\/#breadcrumb","itemListElement":[{"@type":"ListItem","position":1,"name":"Portada","item":"https:\/\/canal7slp.tv\/2025\/"},{"@type":"ListItem","position":2,"name":"Ayuntamiento de SLP imparte pl\u00e1ticas de concientizaci\u00f3n mediante Casa Colorada"}]},{"@type":"WebSite","@id":"https:\/\/canal7slp.tv\/2025\/#website","url":"https:\/\/canal7slp.tv\/2025\/","name":"N7 - Noticieros Canal 7","description":"Somos el Medio","publisher":{"@id":"https:\/\/canal7slp.tv\/2025\/#organization"},"potentialAction":[{"@type":"SearchAction","target":{"@type":"EntryPoint","urlTemplate":"https:\/\/canal7slp.tv\/2025\/?s={search_term_string}"},"query-input":{"@type":"PropertyValueSpecification","valueRequired":true,"valueName":"search_term_string"}}],"inLanguage":"es"},{"@type":"Organization","@id":"https:\/\/canal7slp.tv\/2025\/#organization","name":"Noticieros Canal 7","url":"https:\/\/canal7slp.tv\/2025\/","logo":{"@type":"ImageObject","inLanguage":"es","@id":"https:\/\/canal7slp.tv\/2025\/#\/schema\/logo\/image\/","url":"https:\/\/canal7slp.tv\/2025\/wp-content\/uploads\/2021\/01\/logo-noticieros@2x.png","contentUrl":"https:\/\/canal7slp.tv\/2025\/wp-content\/uploads\/2021\/01\/logo-noticieros@2x.png","width":1017,"height":268,"caption":"Noticieros Canal 7"},"image":{"@id":"https:\/\/canal7slp.tv\/2025\/#\/schema\/logo\/image\/"},"sameAs":["https:\/\/www.facebook.com\/noticieroscanal7atencionciudadana\/","https:\/\/x.com\/NOTICIEROS7","https:\/\/www.instagram.com\/canal7_slp","https:\/\/www.youtube.com\/channel\/UCliiYs-gP3JfJeqdPrNdd5A"]},{"@type":"Person","@id":"https:\/\/canal7slp.tv\/2025\/#\/schema\/person\/271e2b60a96e7cc9d9ac296f4d7e414b","name":"Edici\u00f3n Web","image":{"@type":"ImageObject","inLanguage":"es","@id":"https:\/\/secure.gravatar.com\/avatar\/eee448fc3f7164808013b816ba91ac7e43bbe82a70bebac296f8bc6f0addaa1a?s=96&d=mm&r=g","url":"https:\/\/secure.gravatar.com\/avatar\/eee448fc3f7164808013b816ba91ac7e43bbe82a70bebac296f8bc6f0addaa1a?s=96&d=mm&r=g","contentUrl":"https:\/\/secure.gravatar.com\/avatar\/eee448fc3f7164808013b816ba91ac7e43bbe82a70bebac296f8bc6f0addaa1a?s=96&d=mm&r=g","caption":"Edici\u00f3n Web"},"url":"https:\/\/canal7slp.tv\/2025\/author\/edicionweb\/"}]}},"_links":{"self":[{"href":"https:\/\/canal7slp.tv\/2025\/wp-json\/wp\/v2\/posts\/175659","targetHints":{"allow":["GET"]}}],"collection":[{"href":"https:\/\/canal7slp.tv\/2025\/wp-json\/wp\/v2\/posts"}],"about":[{"href":"https:\/\/canal7slp.tv\/2025\/wp-json\/wp\/v2\/types\/post"}],"author":[{"embeddable":true,"href":"https:\/\/canal7slp.tv\/2025\/wp-json\/wp\/v2\/users\/2"}],"replies":[{"embeddable":true,"href":"https:\/\/canal7slp.tv\/2025\/wp-json\/wp\/v2\/comments?post=175659"}],"version-history":[{"count":2,"href":"https:\/\/canal7slp.tv\/2025\/wp-json\/wp\/v2\/posts\/175659\/revisions"}],"predecessor-version":[{"id":175685,"href":"https:\/\/canal7slp.tv\/2025\/wp-json\/wp\/v2\/posts\/175659\/revisions\/175685"}],"wp:featuredmedia":[{"embeddable":true,"href":"https:\/\/canal7slp.tv\/2025\/wp-json\/wp\/v2\/media\/175684"}],"wp:attachment":[{"href":"https:\/\/canal7slp.tv\/2025\/wp-json\/wp\/v2\/media?parent=175659"}],"wp:term":[{"taxonomy":"category","embeddable":true,"href":"https:\/\/canal7slp.tv\/2025\/wp-json\/wp\/v2\/categories?post=175659"},{"taxonomy":"post_tag","embeddable":true,"href":"https:\/\/canal7slp.tv\/2025\/wp-json\/wp\/v2\/tags?post=175659"}],"curies":[{"name":"wp","href":"https:\/\/api.w.org\/{rel}","templated":true}]}}