{"id":175644,"date":"2025-08-06T16:42:58","date_gmt":"2025-08-06T22:42:58","guid":{"rendered":"https:\/\/canal7slp.tv\/2025\/?p=175644"},"modified":"2025-08-06T16:42:58","modified_gmt":"2025-08-06T22:42:58","slug":"arranca-operativo-fenapo-segura-2025-con-la-entrega-de-nuevo-parque-vehicular-para-la-sspc","status":"publish","type":"post","link":"https:\/\/canal7slp.tv\/2025\/arranca-operativo-fenapo-segura-2025-con-la-entrega-de-nuevo-parque-vehicular-para-la-sspc\/","title":{"rendered":"Arranca operativo FENAPO Segura 2025 con la entrega de nuevo parque vehicular para la SSPC"},"content":{"rendered":"<p style=\"text-align: justify;\"><span style=\"font-size: 1.21429rem;\">SLP.- Autoridades estatales de San Luis Potos\u00ed, encabezaron la entrega de un nuevo parque vehicular para la Guardia Civil Estatal, como parte de las acciones para fortalecer la estrategia de prevenci\u00f3n en la entidad.<\/span><\/p>\n<p style=\"text-align: justify;\">\u201cHoy estamos aqu\u00ed, nos congrega este motivo, que es un orgullo y responsabilidad, la entrega del nuevo parque vehicular a la Guardia Civil Estatal, ya que este acto simboliza el compromiso tangible de esta administraci\u00f3n para reforzar la prevenci\u00f3n\u00bb, dijo el titular de la dependencia, Jes\u00fas Ju\u00e1rez Hern\u00e1ndez.<\/p>\n<p style=\"text-align: justify;\">Se\u00f1al\u00f3 que con este reforzamiento operativo se busca mejorar la proximidad social y garantizar entornos seguros en los 59 municipios de San Luis Potos\u00ed.<\/p>\n<p style=\"text-align: justify;\">\u201cLa entrega de estas nuevas unidades, completamente equipadas y listas para el patrullaje, se utilizar\u00e1n tambi\u00e9n en reacci\u00f3n inmediata en operaciones t\u00e1cticas en las cuatro regiones de nuestro estado; estas unidades representan una esperanza continua, es una inversi\u00f3n directa a la seguridad y bienestar de todas nuestras familias potosinas\u00bb, dijo.<\/p>\n<p style=\"text-align: justify;\">Durante la ceremonia tambi\u00e9n se hizo entrega de un helic\u00f3ptero que formar\u00e1 parte de las operaciones de la corporaci\u00f3n.<\/p>\n<p style=\"text-align: justify;\">\u201cEsta aeronave garantiza a nuestro estado capacidades extraordinarias, permitiendo vigilancia a\u00e9rea, operaciones de rescate, despliegue estrat\u00e9gico y sobre todo, una respuesta inmediata en zonas de dif\u00edcil acceso; con este helic\u00f3ptero acortamos distancia, fortalecemos la presencia disuasiva y protegemos los bienes de nuestra poblaci\u00f3n con mayor eficacia\u00bb, explic\u00f3.<\/p>\n<p style=\"text-align: justify;\">De acuerdo con el secretario, la inversi\u00f3n en equipo y tecnolog\u00eda ha derivado en avances medibles en el combate a la delincuencia.<\/p>\n<p style=\"text-align: justify;\">A\u00f1adi\u00f3 que actualmente se registra una baja en los \u00edndices delictivos y que se ha logrado contener la operaci\u00f3n de grupos del crimen organizado.<\/p>\n<p style=\"text-align: justify;\">\u201cHoy San Luis Potos\u00ed registra una notable disminuci\u00f3n en los \u00edndices delictivos m\u00e1s sensibles, devolviendo la tranquilidad a barrios, colonias y comunidades que antes eran vulnerados. Se ha logrado frustrar la permanencia de grupos delictivos que operaban en la impunidad, debilitando sus estructuras y cerr\u00e1ndoles el paso a quienes pretend\u00edan da\u00f1ar la paz de nuestra entidad\u00bb, a\u00f1adi\u00f3.<\/p>\n<p style=\"text-align: justify;\">Tambi\u00e9n se llev\u00f3 a cabo el arranque del operativo FENAPO segura 2025 en el que se hizo un despliegue especial de seguridad<\/p>\n<p style=\"text-align: justify;\">\u201cEste magno evento, orgullo de nuestro Estado, recibir\u00e1 a millones de visitantes de todo el pa\u00eds y el extranjero. As\u00ed que a todas, a todos, quienes integran las corporaciones de seguridad estatal, federal y municipal, reitero mi reconocimiento y los exhorto a cumplir su deber con respeto, firmeza y apego absoluto a los derechos humanos.\u201d<\/p>\n<p style=\"text-align: justify;\">Finalmente, se afirm\u00f3 que la FENAPO ser\u00e1 resguardada con coordinaci\u00f3n interinstitucional, tecnolog\u00eda y capacidad operativa para garantizar saldo blanco.<\/p>\n<p style=\"text-align: justify;\">\u201cLa FENAPO no s\u00f3lo es una fiesta, es un reto operativo que enfrentaremos con la suma de esfuerzos y la coordinaci\u00f3n entre los tres \u00f3rdenes de gobierno, respaldados por tecnolog\u00eda de punta, inteligencia operativa y una vocaci\u00f3n de servicio inquebrantable, asegurando un resultado positivo con saldo blanco, la seguridad, m\u00e1s que una tarea institucional, es un acto de amor por San Luis Potos\u00ed\u00bb, reiter\u00f3.<\/p>\n<p>Por: Jos\u00e9 Luis V\u00e1zquez<\/p>\n","protected":false},"excerpt":{"rendered":"<p>SLP.- Autoridades estatales de San Luis Potos\u00ed, encabezaron la entrega de un nuevo parque vehicular para la Guardia Civil Estatal, como parte de las acciones para fortalecer la estrategia de prevenci\u00f3n en la entidad. \u201cHoy estamos aqu\u00ed, nos congrega este motivo, que es un orgullo y responsabilidad, la entrega del nuevo parque vehicular a la Guardia Civil Estatal, ya que este acto simboliza el compromiso tangible de esta administraci\u00f3n para reforzar la prevenci\u00f3n\u00bb, dijo el titular de la dependencia, Jes\u00fas Ju\u00e1rez Hern\u00e1ndez. Se\u00f1al\u00f3 que con este reforzamiento operativo se busca mejorar la proximidad social y garantizar entornos seguros en los [&hellip;]<\/p>\n","protected":false},"author":2,"featured_media":175646,"comment_status":"closed","ping_status":"closed","sticky":false,"template":"","format":"video","meta":{"_monsterinsights_skip_tracking":false,"_monsterinsights_sitenote_active":false,"_monsterinsights_sitenote_note":"","_monsterinsights_sitenote_category":0,"footnotes":""},"categories":[5,510,45],"tags":[],"class_list":["post-175644","post","type-post","status-publish","format-video","has-post-thumbnail","hentry","category-destacadas","category-gobedoslp","category-localesyregionales","post_format-post-format-video","post--single"],"yoast_head":"<!-- This site is optimized with the Yoast SEO plugin v27.5 - https:\/\/yoast.com\/product\/yoast-seo-wordpress\/ -->\n<title>Arranca operativo FENAPO Segura 2025 con la entrega de nuevo parque vehicular para la SSPC - Canal 7 SLP - 2025<\/title>\n<meta name=\"robots\" content=\"index, follow, max-snippet:-1, max-image-preview:large, max-video-preview:-1\" \/>\n<link rel=\"canonical\" href=\"https:\/\/canal7slp.tv\/2025\/arranca-operativo-fenapo-segura-2025-con-la-entrega-de-nuevo-parque-vehicular-para-la-sspc\/\" \/>\n<meta property=\"og:locale\" content=\"es_ES\" \/>\n<meta property=\"og:type\" content=\"article\" \/>\n<meta property=\"og:title\" content=\"Arranca operativo FENAPO Segura 2025 con la entrega de nuevo parque vehicular para la SSPC - Canal 7 SLP - 2025\" \/>\n<meta property=\"og:description\" content=\"SLP.- Autoridades estatales de San Luis Potos\u00ed, encabezaron la entrega de un nuevo parque vehicular para la Guardia Civil Estatal, como parte de las acciones para fortalecer la estrategia de prevenci\u00f3n en la entidad. \u201cHoy estamos aqu\u00ed, nos congrega este motivo, que es un orgullo y responsabilidad, la entrega del nuevo parque vehicular a la Guardia Civil Estatal, ya que este acto simboliza el compromiso tangible de esta administraci\u00f3n para reforzar la prevenci\u00f3n\u00bb, dijo el titular de la dependencia, Jes\u00fas Ju\u00e1rez Hern\u00e1ndez. Se\u00f1al\u00f3 que con este reforzamiento operativo se busca mejorar la proximidad social y garantizar entornos seguros en los [&hellip;]\" \/>\n<meta property=\"og:url\" content=\"https:\/\/canal7slp.tv\/2025\/arranca-operativo-fenapo-segura-2025-con-la-entrega-de-nuevo-parque-vehicular-para-la-sspc\/\" \/>\n<meta property=\"og:site_name\" content=\"Canal 7 SLP - 2025\" \/>\n<meta property=\"article:publisher\" content=\"https:\/\/www.facebook.com\/noticieroscanal7atencionciudadana\/\" \/>\n<meta property=\"article:published_time\" content=\"2025-08-06T22:42:58+00:00\" \/>\n<meta property=\"og:image\" content=\"https:\/\/canal7slp.tv\/2025\/wp-content\/uploads\/2025\/08\/Vazquez03SSPC.jpg\" \/>\n\t<meta property=\"og:image:width\" content=\"1280\" \/>\n\t<meta property=\"og:image:height\" content=\"720\" \/>\n\t<meta property=\"og:image:type\" content=\"image\/jpeg\" \/>\n<meta name=\"author\" content=\"Edici\u00f3n Web\" \/>\n<meta name=\"twitter:card\" content=\"summary_large_image\" \/>\n<meta name=\"twitter:creator\" content=\"@NOTICIEROS7\" \/>\n<meta name=\"twitter:site\" content=\"@NOTICIEROS7\" \/>\n<meta name=\"twitter:label1\" content=\"Escrito por\" \/>\n\t<meta name=\"twitter:data1\" content=\"Edici\u00f3n Web\" \/>\n\t<meta name=\"twitter:label2\" content=\"Tiempo de lectura\" \/>\n\t<meta name=\"twitter:data2\" content=\"3 minutos\" \/>\n<script type=\"application\/ld+json\" class=\"yoast-schema-graph\">{\"@context\":\"https:\\\/\\\/schema.org\",\"@graph\":[{\"@type\":\"Article\",\"@id\":\"https:\\\/\\\/canal7slp.tv\\\/2025\\\/arranca-operativo-fenapo-segura-2025-con-la-entrega-de-nuevo-parque-vehicular-para-la-sspc\\\/#article\",\"isPartOf\":{\"@id\":\"https:\\\/\\\/canal7slp.tv\\\/2025\\\/arranca-operativo-fenapo-segura-2025-con-la-entrega-de-nuevo-parque-vehicular-para-la-sspc\\\/\"},\"author\":{\"name\":\"Edici\u00f3n Web\",\"@id\":\"https:\\\/\\\/canal7slp.tv\\\/2025\\\/#\\\/schema\\\/person\\\/271e2b60a96e7cc9d9ac296f4d7e414b\"},\"headline\":\"Arranca operativo FENAPO Segura 2025 con la entrega de nuevo parque vehicular para la SSPC\",\"datePublished\":\"2025-08-06T22:42:58+00:00\",\"mainEntityOfPage\":{\"@id\":\"https:\\\/\\\/canal7slp.tv\\\/2025\\\/arranca-operativo-fenapo-segura-2025-con-la-entrega-de-nuevo-parque-vehicular-para-la-sspc\\\/\"},\"wordCount\":542,\"publisher\":{\"@id\":\"https:\\\/\\\/canal7slp.tv\\\/2025\\\/#organization\"},\"image\":{\"@id\":\"https:\\\/\\\/canal7slp.tv\\\/2025\\\/arranca-operativo-fenapo-segura-2025-con-la-entrega-de-nuevo-parque-vehicular-para-la-sspc\\\/#primaryimage\"},\"thumbnailUrl\":\"https:\\\/\\\/canal7slp.tv\\\/2025\\\/wp-content\\\/uploads\\\/2025\\\/08\\\/Vazquez03SSPC.jpg\",\"articleSection\":[\"DESTACADAS\",\"GOBEDOSLP\",\"LOCALES Y REGIONALES\"],\"inLanguage\":\"es\"},{\"@type\":\"WebPage\",\"@id\":\"https:\\\/\\\/canal7slp.tv\\\/2025\\\/arranca-operativo-fenapo-segura-2025-con-la-entrega-de-nuevo-parque-vehicular-para-la-sspc\\\/\",\"url\":\"https:\\\/\\\/canal7slp.tv\\\/2025\\\/arranca-operativo-fenapo-segura-2025-con-la-entrega-de-nuevo-parque-vehicular-para-la-sspc\\\/\",\"name\":\"Arranca operativo FENAPO Segura 2025 con la entrega de nuevo parque vehicular para la SSPC - Canal 7 SLP - 2025\",\"isPartOf\":{\"@id\":\"https:\\\/\\\/canal7slp.tv\\\/2025\\\/#website\"},\"primaryImageOfPage\":{\"@id\":\"https:\\\/\\\/canal7slp.tv\\\/2025\\\/arranca-operativo-fenapo-segura-2025-con-la-entrega-de-nuevo-parque-vehicular-para-la-sspc\\\/#primaryimage\"},\"image\":{\"@id\":\"https:\\\/\\\/canal7slp.tv\\\/2025\\\/arranca-operativo-fenapo-segura-2025-con-la-entrega-de-nuevo-parque-vehicular-para-la-sspc\\\/#primaryimage\"},\"thumbnailUrl\":\"https:\\\/\\\/canal7slp.tv\\\/2025\\\/wp-content\\\/uploads\\\/2025\\\/08\\\/Vazquez03SSPC.jpg\",\"datePublished\":\"2025-08-06T22:42:58+00:00\",\"breadcrumb\":{\"@id\":\"https:\\\/\\\/canal7slp.tv\\\/2025\\\/arranca-operativo-fenapo-segura-2025-con-la-entrega-de-nuevo-parque-vehicular-para-la-sspc\\\/#breadcrumb\"},\"inLanguage\":\"es\",\"potentialAction\":[{\"@type\":\"ReadAction\",\"target\":[\"https:\\\/\\\/canal7slp.tv\\\/2025\\\/arranca-operativo-fenapo-segura-2025-con-la-entrega-de-nuevo-parque-vehicular-para-la-sspc\\\/\"]}]},{\"@type\":\"ImageObject\",\"inLanguage\":\"es\",\"@id\":\"https:\\\/\\\/canal7slp.tv\\\/2025\\\/arranca-operativo-fenapo-segura-2025-con-la-entrega-de-nuevo-parque-vehicular-para-la-sspc\\\/#primaryimage\",\"url\":\"https:\\\/\\\/canal7slp.tv\\\/2025\\\/wp-content\\\/uploads\\\/2025\\\/08\\\/Vazquez03SSPC.jpg\",\"contentUrl\":\"https:\\\/\\\/canal7slp.tv\\\/2025\\\/wp-content\\\/uploads\\\/2025\\\/08\\\/Vazquez03SSPC.jpg\",\"width\":1280,\"height\":720},{\"@type\":\"BreadcrumbList\",\"@id\":\"https:\\\/\\\/canal7slp.tv\\\/2025\\\/arranca-operativo-fenapo-segura-2025-con-la-entrega-de-nuevo-parque-vehicular-para-la-sspc\\\/#breadcrumb\",\"itemListElement\":[{\"@type\":\"ListItem\",\"position\":1,\"name\":\"Portada\",\"item\":\"https:\\\/\\\/canal7slp.tv\\\/2025\\\/\"},{\"@type\":\"ListItem\",\"position\":2,\"name\":\"Arranca operativo FENAPO Segura 2025 con la entrega de nuevo parque vehicular para la SSPC\"}]},{\"@type\":\"WebSite\",\"@id\":\"https:\\\/\\\/canal7slp.tv\\\/2025\\\/#website\",\"url\":\"https:\\\/\\\/canal7slp.tv\\\/2025\\\/\",\"name\":\"N7 - Noticieros Canal 7\",\"description\":\"Somos el Medio\",\"publisher\":{\"@id\":\"https:\\\/\\\/canal7slp.tv\\\/2025\\\/#organization\"},\"potentialAction\":[{\"@type\":\"SearchAction\",\"target\":{\"@type\":\"EntryPoint\",\"urlTemplate\":\"https:\\\/\\\/canal7slp.tv\\\/2025\\\/?s={search_term_string}\"},\"query-input\":{\"@type\":\"PropertyValueSpecification\",\"valueRequired\":true,\"valueName\":\"search_term_string\"}}],\"inLanguage\":\"es\"},{\"@type\":\"Organization\",\"@id\":\"https:\\\/\\\/canal7slp.tv\\\/2025\\\/#organization\",\"name\":\"Noticieros Canal 7\",\"url\":\"https:\\\/\\\/canal7slp.tv\\\/2025\\\/\",\"logo\":{\"@type\":\"ImageObject\",\"inLanguage\":\"es\",\"@id\":\"https:\\\/\\\/canal7slp.tv\\\/2025\\\/#\\\/schema\\\/logo\\\/image\\\/\",\"url\":\"https:\\\/\\\/canal7slp.tv\\\/2025\\\/wp-content\\\/uploads\\\/2021\\\/01\\\/logo-noticieros@2x.png\",\"contentUrl\":\"https:\\\/\\\/canal7slp.tv\\\/2025\\\/wp-content\\\/uploads\\\/2021\\\/01\\\/logo-noticieros@2x.png\",\"width\":1017,\"height\":268,\"caption\":\"Noticieros Canal 7\"},\"image\":{\"@id\":\"https:\\\/\\\/canal7slp.tv\\\/2025\\\/#\\\/schema\\\/logo\\\/image\\\/\"},\"sameAs\":[\"https:\\\/\\\/www.facebook.com\\\/noticieroscanal7atencionciudadana\\\/\",\"https:\\\/\\\/x.com\\\/NOTICIEROS7\",\"https:\\\/\\\/www.instagram.com\\\/canal7_slp\",\"https:\\\/\\\/www.youtube.com\\\/channel\\\/UCliiYs-gP3JfJeqdPrNdd5A\"]},{\"@type\":\"Person\",\"@id\":\"https:\\\/\\\/canal7slp.tv\\\/2025\\\/#\\\/schema\\\/person\\\/271e2b60a96e7cc9d9ac296f4d7e414b\",\"name\":\"Edici\u00f3n Web\",\"image\":{\"@type\":\"ImageObject\",\"inLanguage\":\"es\",\"@id\":\"https:\\\/\\\/secure.gravatar.com\\\/avatar\\\/eee448fc3f7164808013b816ba91ac7e43bbe82a70bebac296f8bc6f0addaa1a?s=96&d=mm&r=g\",\"url\":\"https:\\\/\\\/secure.gravatar.com\\\/avatar\\\/eee448fc3f7164808013b816ba91ac7e43bbe82a70bebac296f8bc6f0addaa1a?s=96&d=mm&r=g\",\"contentUrl\":\"https:\\\/\\\/secure.gravatar.com\\\/avatar\\\/eee448fc3f7164808013b816ba91ac7e43bbe82a70bebac296f8bc6f0addaa1a?s=96&d=mm&r=g\",\"caption\":\"Edici\u00f3n Web\"},\"url\":\"https:\\\/\\\/canal7slp.tv\\\/2025\\\/author\\\/edicionweb\\\/\"}]}<\/script>\n<!-- \/ Yoast SEO plugin. -->","yoast_head_json":{"title":"Arranca operativo FENAPO Segura 2025 con la entrega de nuevo parque vehicular para la SSPC - Canal 7 SLP - 2025","robots":{"index":"index","follow":"follow","max-snippet":"max-snippet:-1","max-image-preview":"max-image-preview:large","max-video-preview":"max-video-preview:-1"},"canonical":"https:\/\/canal7slp.tv\/2025\/arranca-operativo-fenapo-segura-2025-con-la-entrega-de-nuevo-parque-vehicular-para-la-sspc\/","og_locale":"es_ES","og_type":"article","og_title":"Arranca operativo FENAPO Segura 2025 con la entrega de nuevo parque vehicular para la SSPC - Canal 7 SLP - 2025","og_description":"SLP.- Autoridades estatales de San Luis Potos\u00ed, encabezaron la entrega de un nuevo parque vehicular para la Guardia Civil Estatal, como parte de las acciones para fortalecer la estrategia de prevenci\u00f3n en la entidad. \u201cHoy estamos aqu\u00ed, nos congrega este motivo, que es un orgullo y responsabilidad, la entrega del nuevo parque vehicular a la Guardia Civil Estatal, ya que este acto simboliza el compromiso tangible de esta administraci\u00f3n para reforzar la prevenci\u00f3n\u00bb, dijo el titular de la dependencia, Jes\u00fas Ju\u00e1rez Hern\u00e1ndez. Se\u00f1al\u00f3 que con este reforzamiento operativo se busca mejorar la proximidad social y garantizar entornos seguros en los [&hellip;]","og_url":"https:\/\/canal7slp.tv\/2025\/arranca-operativo-fenapo-segura-2025-con-la-entrega-de-nuevo-parque-vehicular-para-la-sspc\/","og_site_name":"Canal 7 SLP - 2025","article_publisher":"https:\/\/www.facebook.com\/noticieroscanal7atencionciudadana\/","article_published_time":"2025-08-06T22:42:58+00:00","og_image":[{"width":1280,"height":720,"url":"https:\/\/canal7slp.tv\/2025\/wp-content\/uploads\/2025\/08\/Vazquez03SSPC.jpg","type":"image\/jpeg"}],"author":"Edici\u00f3n Web","twitter_card":"summary_large_image","twitter_creator":"@NOTICIEROS7","twitter_site":"@NOTICIEROS7","twitter_misc":{"Escrito por":"Edici\u00f3n Web","Tiempo de lectura":"3 minutos"},"schema":{"@context":"https:\/\/schema.org","@graph":[{"@type":"Article","@id":"https:\/\/canal7slp.tv\/2025\/arranca-operativo-fenapo-segura-2025-con-la-entrega-de-nuevo-parque-vehicular-para-la-sspc\/#article","isPartOf":{"@id":"https:\/\/canal7slp.tv\/2025\/arranca-operativo-fenapo-segura-2025-con-la-entrega-de-nuevo-parque-vehicular-para-la-sspc\/"},"author":{"name":"Edici\u00f3n Web","@id":"https:\/\/canal7slp.tv\/2025\/#\/schema\/person\/271e2b60a96e7cc9d9ac296f4d7e414b"},"headline":"Arranca operativo FENAPO Segura 2025 con la entrega de nuevo parque vehicular para la SSPC","datePublished":"2025-08-06T22:42:58+00:00","mainEntityOfPage":{"@id":"https:\/\/canal7slp.tv\/2025\/arranca-operativo-fenapo-segura-2025-con-la-entrega-de-nuevo-parque-vehicular-para-la-sspc\/"},"wordCount":542,"publisher":{"@id":"https:\/\/canal7slp.tv\/2025\/#organization"},"image":{"@id":"https:\/\/canal7slp.tv\/2025\/arranca-operativo-fenapo-segura-2025-con-la-entrega-de-nuevo-parque-vehicular-para-la-sspc\/#primaryimage"},"thumbnailUrl":"https:\/\/canal7slp.tv\/2025\/wp-content\/uploads\/2025\/08\/Vazquez03SSPC.jpg","articleSection":["DESTACADAS","GOBEDOSLP","LOCALES Y REGIONALES"],"inLanguage":"es"},{"@type":"WebPage","@id":"https:\/\/canal7slp.tv\/2025\/arranca-operativo-fenapo-segura-2025-con-la-entrega-de-nuevo-parque-vehicular-para-la-sspc\/","url":"https:\/\/canal7slp.tv\/2025\/arranca-operativo-fenapo-segura-2025-con-la-entrega-de-nuevo-parque-vehicular-para-la-sspc\/","name":"Arranca operativo FENAPO Segura 2025 con la entrega de nuevo parque vehicular para la SSPC - Canal 7 SLP - 2025","isPartOf":{"@id":"https:\/\/canal7slp.tv\/2025\/#website"},"primaryImageOfPage":{"@id":"https:\/\/canal7slp.tv\/2025\/arranca-operativo-fenapo-segura-2025-con-la-entrega-de-nuevo-parque-vehicular-para-la-sspc\/#primaryimage"},"image":{"@id":"https:\/\/canal7slp.tv\/2025\/arranca-operativo-fenapo-segura-2025-con-la-entrega-de-nuevo-parque-vehicular-para-la-sspc\/#primaryimage"},"thumbnailUrl":"https:\/\/canal7slp.tv\/2025\/wp-content\/uploads\/2025\/08\/Vazquez03SSPC.jpg","datePublished":"2025-08-06T22:42:58+00:00","breadcrumb":{"@id":"https:\/\/canal7slp.tv\/2025\/arranca-operativo-fenapo-segura-2025-con-la-entrega-de-nuevo-parque-vehicular-para-la-sspc\/#breadcrumb"},"inLanguage":"es","potentialAction":[{"@type":"ReadAction","target":["https:\/\/canal7slp.tv\/2025\/arranca-operativo-fenapo-segura-2025-con-la-entrega-de-nuevo-parque-vehicular-para-la-sspc\/"]}]},{"@type":"ImageObject","inLanguage":"es","@id":"https:\/\/canal7slp.tv\/2025\/arranca-operativo-fenapo-segura-2025-con-la-entrega-de-nuevo-parque-vehicular-para-la-sspc\/#primaryimage","url":"https:\/\/canal7slp.tv\/2025\/wp-content\/uploads\/2025\/08\/Vazquez03SSPC.jpg","contentUrl":"https:\/\/canal7slp.tv\/2025\/wp-content\/uploads\/2025\/08\/Vazquez03SSPC.jpg","width":1280,"height":720},{"@type":"BreadcrumbList","@id":"https:\/\/canal7slp.tv\/2025\/arranca-operativo-fenapo-segura-2025-con-la-entrega-de-nuevo-parque-vehicular-para-la-sspc\/#breadcrumb","itemListElement":[{"@type":"ListItem","position":1,"name":"Portada","item":"https:\/\/canal7slp.tv\/2025\/"},{"@type":"ListItem","position":2,"name":"Arranca operativo FENAPO Segura 2025 con la entrega de nuevo parque vehicular para la SSPC"}]},{"@type":"WebSite","@id":"https:\/\/canal7slp.tv\/2025\/#website","url":"https:\/\/canal7slp.tv\/2025\/","name":"N7 - Noticieros Canal 7","description":"Somos el Medio","publisher":{"@id":"https:\/\/canal7slp.tv\/2025\/#organization"},"potentialAction":[{"@type":"SearchAction","target":{"@type":"EntryPoint","urlTemplate":"https:\/\/canal7slp.tv\/2025\/?s={search_term_string}"},"query-input":{"@type":"PropertyValueSpecification","valueRequired":true,"valueName":"search_term_string"}}],"inLanguage":"es"},{"@type":"Organization","@id":"https:\/\/canal7slp.tv\/2025\/#organization","name":"Noticieros Canal 7","url":"https:\/\/canal7slp.tv\/2025\/","logo":{"@type":"ImageObject","inLanguage":"es","@id":"https:\/\/canal7slp.tv\/2025\/#\/schema\/logo\/image\/","url":"https:\/\/canal7slp.tv\/2025\/wp-content\/uploads\/2021\/01\/logo-noticieros@2x.png","contentUrl":"https:\/\/canal7slp.tv\/2025\/wp-content\/uploads\/2021\/01\/logo-noticieros@2x.png","width":1017,"height":268,"caption":"Noticieros Canal 7"},"image":{"@id":"https:\/\/canal7slp.tv\/2025\/#\/schema\/logo\/image\/"},"sameAs":["https:\/\/www.facebook.com\/noticieroscanal7atencionciudadana\/","https:\/\/x.com\/NOTICIEROS7","https:\/\/www.instagram.com\/canal7_slp","https:\/\/www.youtube.com\/channel\/UCliiYs-gP3JfJeqdPrNdd5A"]},{"@type":"Person","@id":"https:\/\/canal7slp.tv\/2025\/#\/schema\/person\/271e2b60a96e7cc9d9ac296f4d7e414b","name":"Edici\u00f3n Web","image":{"@type":"ImageObject","inLanguage":"es","@id":"https:\/\/secure.gravatar.com\/avatar\/eee448fc3f7164808013b816ba91ac7e43bbe82a70bebac296f8bc6f0addaa1a?s=96&d=mm&r=g","url":"https:\/\/secure.gravatar.com\/avatar\/eee448fc3f7164808013b816ba91ac7e43bbe82a70bebac296f8bc6f0addaa1a?s=96&d=mm&r=g","contentUrl":"https:\/\/secure.gravatar.com\/avatar\/eee448fc3f7164808013b816ba91ac7e43bbe82a70bebac296f8bc6f0addaa1a?s=96&d=mm&r=g","caption":"Edici\u00f3n Web"},"url":"https:\/\/canal7slp.tv\/2025\/author\/edicionweb\/"}]}},"_links":{"self":[{"href":"https:\/\/canal7slp.tv\/2025\/wp-json\/wp\/v2\/posts\/175644","targetHints":{"allow":["GET"]}}],"collection":[{"href":"https:\/\/canal7slp.tv\/2025\/wp-json\/wp\/v2\/posts"}],"about":[{"href":"https:\/\/canal7slp.tv\/2025\/wp-json\/wp\/v2\/types\/post"}],"author":[{"embeddable":true,"href":"https:\/\/canal7slp.tv\/2025\/wp-json\/wp\/v2\/users\/2"}],"replies":[{"embeddable":true,"href":"https:\/\/canal7slp.tv\/2025\/wp-json\/wp\/v2\/comments?post=175644"}],"version-history":[{"count":1,"href":"https:\/\/canal7slp.tv\/2025\/wp-json\/wp\/v2\/posts\/175644\/revisions"}],"predecessor-version":[{"id":175647,"href":"https:\/\/canal7slp.tv\/2025\/wp-json\/wp\/v2\/posts\/175644\/revisions\/175647"}],"wp:featuredmedia":[{"embeddable":true,"href":"https:\/\/canal7slp.tv\/2025\/wp-json\/wp\/v2\/media\/175646"}],"wp:attachment":[{"href":"https:\/\/canal7slp.tv\/2025\/wp-json\/wp\/v2\/media?parent=175644"}],"wp:term":[{"taxonomy":"category","embeddable":true,"href":"https:\/\/canal7slp.tv\/2025\/wp-json\/wp\/v2\/categories?post=175644"},{"taxonomy":"post_tag","embeddable":true,"href":"https:\/\/canal7slp.tv\/2025\/wp-json\/wp\/v2\/tags?post=175644"}],"curies":[{"name":"wp","href":"https:\/\/api.w.org\/{rel}","templated":true}]}}