{"id":175552,"date":"2025-08-05T18:36:34","date_gmt":"2025-08-06T00:36:34","guid":{"rendered":"https:\/\/canal7slp.tv\/2025\/?p=175552"},"modified":"2025-08-05T18:36:34","modified_gmt":"2025-08-06T00:36:34","slug":"alcalde-enrique-galindo-se-reunio-con-gobernador-ricardo-gallardo-se-hablo-de-planes-metropolitanos","status":"publish","type":"post","link":"https:\/\/canal7slp.tv\/2025\/alcalde-enrique-galindo-se-reunio-con-gobernador-ricardo-gallardo-se-hablo-de-planes-metropolitanos\/","title":{"rendered":"Alcalde Enrique Galindo se reuni\u00f3 con gobernador Ricardo Gallardo, se habl\u00f3 de planes metropolitanos"},"content":{"rendered":"<p style=\"text-align: justify;\">SLP.- El alcalde de San Luis Potos\u00ed, Enrique Galindo Ceballos sostuvo una reuni\u00f3n con el gobernador Ricardo Gallardo para tocar temas que ata\u00f1en a la zona metropolitana con respecto a las obras que se ejecutar\u00e1n.<\/p>\n<p style=\"text-align: justify;\">\u201cFue el tema de planeaci\u00f3n metropolitana, convoc\u00f3 la secretar\u00eda de obras, est\u00e1n construyendo un plan metropolitano con siete municipios, es la segunda reuni\u00f3n en la que yo participo y tiene una visi\u00f3n la verdad muy interesante de organizar a los siete municipios para convertirlos en un polo de desarrollo\u201d.<\/p>\n<p style=\"text-align: justify;\">En el tema de la Feria Nacional Potosina y la reuni\u00f3n con el gobernador, el presidente municipal asever\u00f3 que fue invitado a ser parte de la fiesta del verano.<\/p>\n<p style=\"text-align: justify;\">\u201cExtendi\u00f3 la invitaci\u00f3n, nos pidi\u00f3 que fu\u00e9ramos, en lo personal tambi\u00e9n pidi\u00f3 que fuera, yo hoy precisamente retom\u00e9 la relaci\u00f3n con la Fenapo, solo ha habido gestiones en materia de transito, en ninguna otra materia y hay otras gestiones de los negocios que se van a instalar en la Fenapo\u201d.<\/p>\n<p style=\"text-align: justify;\">Cuestionado por las declaraciones donde se\u00f1alan al ayuntamiento de la compra de publicidad en medios digitales, el edil asever\u00f3 que se tiene transparencia total.<\/p>\n<p style=\"text-align: justify;\">\u201cEl recurso p\u00fablico que se ejerce en materia de comunicaci\u00f3n est\u00e1 documentado, es p\u00fablico, es transparente, yo no ando ordenando cosas y el dinero p\u00fablico, en el caso del ayuntamiento est\u00e1 a la disposici\u00f3n de todas y todos para que lo consulten\u201d.<\/p>\n<p>Por: Juan Carlos Contreras<\/p>\n","protected":false},"excerpt":{"rendered":"<p>SLP.- El alcalde de San Luis Potos\u00ed, Enrique Galindo Ceballos sostuvo una reuni\u00f3n con el gobernador Ricardo Gallardo para tocar temas que ata\u00f1en a la zona metropolitana con respecto a las obras que se ejecutar\u00e1n. \u201cFue el tema de planeaci\u00f3n metropolitana, convoc\u00f3 la secretar\u00eda de obras, est\u00e1n construyendo un plan metropolitano con siete municipios, es la segunda reuni\u00f3n en la que yo participo y tiene una visi\u00f3n la verdad muy interesante de organizar a los siete municipios para convertirlos en un polo de desarrollo\u201d. En el tema de la Feria Nacional Potosina y la reuni\u00f3n con el gobernador, el presidente [&hellip;]<\/p>\n","protected":false},"author":2,"featured_media":175554,"comment_status":"closed","ping_status":"closed","sticky":false,"template":"","format":"video","meta":{"_monsterinsights_skip_tracking":false,"_monsterinsights_sitenote_active":false,"_monsterinsights_sitenote_note":"","_monsterinsights_sitenote_category":0,"footnotes":""},"categories":[66,5,510,45],"tags":[],"class_list":["post-175552","post","type-post","status-publish","format-video","has-post-thumbnail","hentry","category-ayoslp","category-destacadas","category-gobedoslp","category-localesyregionales","post_format-post-format-video","post--single"],"yoast_head":"<!-- This site is optimized with the Yoast SEO plugin v27.5 - https:\/\/yoast.com\/product\/yoast-seo-wordpress\/ -->\n<title>Alcalde Enrique Galindo se reuni\u00f3 con gobernador Ricardo Gallardo, se habl\u00f3 de planes metropolitanos - Canal 7 SLP - 2025<\/title>\n<meta name=\"robots\" content=\"index, follow, max-snippet:-1, max-image-preview:large, max-video-preview:-1\" \/>\n<link rel=\"canonical\" href=\"https:\/\/canal7slp.tv\/2025\/alcalde-enrique-galindo-se-reunio-con-gobernador-ricardo-gallardo-se-hablo-de-planes-metropolitanos\/\" \/>\n<meta property=\"og:locale\" content=\"es_ES\" \/>\n<meta property=\"og:type\" content=\"article\" \/>\n<meta property=\"og:title\" content=\"Alcalde Enrique Galindo se reuni\u00f3 con gobernador Ricardo Gallardo, se habl\u00f3 de planes metropolitanos - Canal 7 SLP - 2025\" \/>\n<meta property=\"og:description\" content=\"SLP.- El alcalde de San Luis Potos\u00ed, Enrique Galindo Ceballos sostuvo una reuni\u00f3n con el gobernador Ricardo Gallardo para tocar temas que ata\u00f1en a la zona metropolitana con respecto a las obras que se ejecutar\u00e1n. \u201cFue el tema de planeaci\u00f3n metropolitana, convoc\u00f3 la secretar\u00eda de obras, est\u00e1n construyendo un plan metropolitano con siete municipios, es la segunda reuni\u00f3n en la que yo participo y tiene una visi\u00f3n la verdad muy interesante de organizar a los siete municipios para convertirlos en un polo de desarrollo\u201d. En el tema de la Feria Nacional Potosina y la reuni\u00f3n con el gobernador, el presidente [&hellip;]\" \/>\n<meta property=\"og:url\" content=\"https:\/\/canal7slp.tv\/2025\/alcalde-enrique-galindo-se-reunio-con-gobernador-ricardo-gallardo-se-hablo-de-planes-metropolitanos\/\" \/>\n<meta property=\"og:site_name\" content=\"Canal 7 SLP - 2025\" \/>\n<meta property=\"article:publisher\" content=\"https:\/\/www.facebook.com\/noticieroscanal7atencionciudadana\/\" \/>\n<meta property=\"article:published_time\" content=\"2025-08-06T00:36:34+00:00\" \/>\n<meta property=\"og:image\" content=\"https:\/\/canal7slp.tv\/2025\/wp-content\/uploads\/2025\/08\/Poky05GalindoReunion.jpg\" \/>\n\t<meta property=\"og:image:width\" content=\"1280\" \/>\n\t<meta property=\"og:image:height\" content=\"720\" \/>\n\t<meta property=\"og:image:type\" content=\"image\/jpeg\" \/>\n<meta name=\"author\" content=\"Edici\u00f3n Web\" \/>\n<meta name=\"twitter:card\" content=\"summary_large_image\" \/>\n<meta name=\"twitter:creator\" content=\"@NOTICIEROS7\" \/>\n<meta name=\"twitter:site\" content=\"@NOTICIEROS7\" \/>\n<meta name=\"twitter:label1\" content=\"Escrito por\" \/>\n\t<meta name=\"twitter:data1\" content=\"Edici\u00f3n Web\" \/>\n\t<meta name=\"twitter:label2\" content=\"Tiempo de lectura\" \/>\n\t<meta name=\"twitter:data2\" content=\"2 minutos\" \/>\n<script type=\"application\/ld+json\" class=\"yoast-schema-graph\">{\"@context\":\"https:\\\/\\\/schema.org\",\"@graph\":[{\"@type\":\"Article\",\"@id\":\"https:\\\/\\\/canal7slp.tv\\\/2025\\\/alcalde-enrique-galindo-se-reunio-con-gobernador-ricardo-gallardo-se-hablo-de-planes-metropolitanos\\\/#article\",\"isPartOf\":{\"@id\":\"https:\\\/\\\/canal7slp.tv\\\/2025\\\/alcalde-enrique-galindo-se-reunio-con-gobernador-ricardo-gallardo-se-hablo-de-planes-metropolitanos\\\/\"},\"author\":{\"name\":\"Edici\u00f3n Web\",\"@id\":\"https:\\\/\\\/canal7slp.tv\\\/2025\\\/#\\\/schema\\\/person\\\/271e2b60a96e7cc9d9ac296f4d7e414b\"},\"headline\":\"Alcalde Enrique Galindo se reuni\u00f3 con gobernador Ricardo Gallardo, se habl\u00f3 de planes metropolitanos\",\"datePublished\":\"2025-08-06T00:36:34+00:00\",\"mainEntityOfPage\":{\"@id\":\"https:\\\/\\\/canal7slp.tv\\\/2025\\\/alcalde-enrique-galindo-se-reunio-con-gobernador-ricardo-gallardo-se-hablo-de-planes-metropolitanos\\\/\"},\"wordCount\":267,\"publisher\":{\"@id\":\"https:\\\/\\\/canal7slp.tv\\\/2025\\\/#organization\"},\"image\":{\"@id\":\"https:\\\/\\\/canal7slp.tv\\\/2025\\\/alcalde-enrique-galindo-se-reunio-con-gobernador-ricardo-gallardo-se-hablo-de-planes-metropolitanos\\\/#primaryimage\"},\"thumbnailUrl\":\"https:\\\/\\\/canal7slp.tv\\\/2025\\\/wp-content\\\/uploads\\\/2025\\\/08\\\/Poky05GalindoReunion.jpg\",\"articleSection\":[\"AYOSLP\",\"DESTACADAS\",\"GOBEDOSLP\",\"LOCALES Y REGIONALES\"],\"inLanguage\":\"es\"},{\"@type\":\"WebPage\",\"@id\":\"https:\\\/\\\/canal7slp.tv\\\/2025\\\/alcalde-enrique-galindo-se-reunio-con-gobernador-ricardo-gallardo-se-hablo-de-planes-metropolitanos\\\/\",\"url\":\"https:\\\/\\\/canal7slp.tv\\\/2025\\\/alcalde-enrique-galindo-se-reunio-con-gobernador-ricardo-gallardo-se-hablo-de-planes-metropolitanos\\\/\",\"name\":\"Alcalde Enrique Galindo se reuni\u00f3 con gobernador Ricardo Gallardo, se habl\u00f3 de planes metropolitanos - Canal 7 SLP - 2025\",\"isPartOf\":{\"@id\":\"https:\\\/\\\/canal7slp.tv\\\/2025\\\/#website\"},\"primaryImageOfPage\":{\"@id\":\"https:\\\/\\\/canal7slp.tv\\\/2025\\\/alcalde-enrique-galindo-se-reunio-con-gobernador-ricardo-gallardo-se-hablo-de-planes-metropolitanos\\\/#primaryimage\"},\"image\":{\"@id\":\"https:\\\/\\\/canal7slp.tv\\\/2025\\\/alcalde-enrique-galindo-se-reunio-con-gobernador-ricardo-gallardo-se-hablo-de-planes-metropolitanos\\\/#primaryimage\"},\"thumbnailUrl\":\"https:\\\/\\\/canal7slp.tv\\\/2025\\\/wp-content\\\/uploads\\\/2025\\\/08\\\/Poky05GalindoReunion.jpg\",\"datePublished\":\"2025-08-06T00:36:34+00:00\",\"breadcrumb\":{\"@id\":\"https:\\\/\\\/canal7slp.tv\\\/2025\\\/alcalde-enrique-galindo-se-reunio-con-gobernador-ricardo-gallardo-se-hablo-de-planes-metropolitanos\\\/#breadcrumb\"},\"inLanguage\":\"es\",\"potentialAction\":[{\"@type\":\"ReadAction\",\"target\":[\"https:\\\/\\\/canal7slp.tv\\\/2025\\\/alcalde-enrique-galindo-se-reunio-con-gobernador-ricardo-gallardo-se-hablo-de-planes-metropolitanos\\\/\"]}]},{\"@type\":\"ImageObject\",\"inLanguage\":\"es\",\"@id\":\"https:\\\/\\\/canal7slp.tv\\\/2025\\\/alcalde-enrique-galindo-se-reunio-con-gobernador-ricardo-gallardo-se-hablo-de-planes-metropolitanos\\\/#primaryimage\",\"url\":\"https:\\\/\\\/canal7slp.tv\\\/2025\\\/wp-content\\\/uploads\\\/2025\\\/08\\\/Poky05GalindoReunion.jpg\",\"contentUrl\":\"https:\\\/\\\/canal7slp.tv\\\/2025\\\/wp-content\\\/uploads\\\/2025\\\/08\\\/Poky05GalindoReunion.jpg\",\"width\":1280,\"height\":720},{\"@type\":\"BreadcrumbList\",\"@id\":\"https:\\\/\\\/canal7slp.tv\\\/2025\\\/alcalde-enrique-galindo-se-reunio-con-gobernador-ricardo-gallardo-se-hablo-de-planes-metropolitanos\\\/#breadcrumb\",\"itemListElement\":[{\"@type\":\"ListItem\",\"position\":1,\"name\":\"Portada\",\"item\":\"https:\\\/\\\/canal7slp.tv\\\/2025\\\/\"},{\"@type\":\"ListItem\",\"position\":2,\"name\":\"Alcalde Enrique Galindo se reuni\u00f3 con gobernador Ricardo Gallardo, se habl\u00f3 de planes metropolitanos\"}]},{\"@type\":\"WebSite\",\"@id\":\"https:\\\/\\\/canal7slp.tv\\\/2025\\\/#website\",\"url\":\"https:\\\/\\\/canal7slp.tv\\\/2025\\\/\",\"name\":\"N7 - Noticieros Canal 7\",\"description\":\"Somos el Medio\",\"publisher\":{\"@id\":\"https:\\\/\\\/canal7slp.tv\\\/2025\\\/#organization\"},\"potentialAction\":[{\"@type\":\"SearchAction\",\"target\":{\"@type\":\"EntryPoint\",\"urlTemplate\":\"https:\\\/\\\/canal7slp.tv\\\/2025\\\/?s={search_term_string}\"},\"query-input\":{\"@type\":\"PropertyValueSpecification\",\"valueRequired\":true,\"valueName\":\"search_term_string\"}}],\"inLanguage\":\"es\"},{\"@type\":\"Organization\",\"@id\":\"https:\\\/\\\/canal7slp.tv\\\/2025\\\/#organization\",\"name\":\"Noticieros Canal 7\",\"url\":\"https:\\\/\\\/canal7slp.tv\\\/2025\\\/\",\"logo\":{\"@type\":\"ImageObject\",\"inLanguage\":\"es\",\"@id\":\"https:\\\/\\\/canal7slp.tv\\\/2025\\\/#\\\/schema\\\/logo\\\/image\\\/\",\"url\":\"https:\\\/\\\/canal7slp.tv\\\/2025\\\/wp-content\\\/uploads\\\/2021\\\/01\\\/logo-noticieros@2x.png\",\"contentUrl\":\"https:\\\/\\\/canal7slp.tv\\\/2025\\\/wp-content\\\/uploads\\\/2021\\\/01\\\/logo-noticieros@2x.png\",\"width\":1017,\"height\":268,\"caption\":\"Noticieros Canal 7\"},\"image\":{\"@id\":\"https:\\\/\\\/canal7slp.tv\\\/2025\\\/#\\\/schema\\\/logo\\\/image\\\/\"},\"sameAs\":[\"https:\\\/\\\/www.facebook.com\\\/noticieroscanal7atencionciudadana\\\/\",\"https:\\\/\\\/x.com\\\/NOTICIEROS7\",\"https:\\\/\\\/www.instagram.com\\\/canal7_slp\",\"https:\\\/\\\/www.youtube.com\\\/channel\\\/UCliiYs-gP3JfJeqdPrNdd5A\"]},{\"@type\":\"Person\",\"@id\":\"https:\\\/\\\/canal7slp.tv\\\/2025\\\/#\\\/schema\\\/person\\\/271e2b60a96e7cc9d9ac296f4d7e414b\",\"name\":\"Edici\u00f3n Web\",\"image\":{\"@type\":\"ImageObject\",\"inLanguage\":\"es\",\"@id\":\"https:\\\/\\\/secure.gravatar.com\\\/avatar\\\/eee448fc3f7164808013b816ba91ac7e43bbe82a70bebac296f8bc6f0addaa1a?s=96&d=mm&r=g\",\"url\":\"https:\\\/\\\/secure.gravatar.com\\\/avatar\\\/eee448fc3f7164808013b816ba91ac7e43bbe82a70bebac296f8bc6f0addaa1a?s=96&d=mm&r=g\",\"contentUrl\":\"https:\\\/\\\/secure.gravatar.com\\\/avatar\\\/eee448fc3f7164808013b816ba91ac7e43bbe82a70bebac296f8bc6f0addaa1a?s=96&d=mm&r=g\",\"caption\":\"Edici\u00f3n Web\"},\"url\":\"https:\\\/\\\/canal7slp.tv\\\/2025\\\/author\\\/edicionweb\\\/\"}]}<\/script>\n<!-- \/ Yoast SEO plugin. -->","yoast_head_json":{"title":"Alcalde Enrique Galindo se reuni\u00f3 con gobernador Ricardo Gallardo, se habl\u00f3 de planes metropolitanos - Canal 7 SLP - 2025","robots":{"index":"index","follow":"follow","max-snippet":"max-snippet:-1","max-image-preview":"max-image-preview:large","max-video-preview":"max-video-preview:-1"},"canonical":"https:\/\/canal7slp.tv\/2025\/alcalde-enrique-galindo-se-reunio-con-gobernador-ricardo-gallardo-se-hablo-de-planes-metropolitanos\/","og_locale":"es_ES","og_type":"article","og_title":"Alcalde Enrique Galindo se reuni\u00f3 con gobernador Ricardo Gallardo, se habl\u00f3 de planes metropolitanos - Canal 7 SLP - 2025","og_description":"SLP.- El alcalde de San Luis Potos\u00ed, Enrique Galindo Ceballos sostuvo una reuni\u00f3n con el gobernador Ricardo Gallardo para tocar temas que ata\u00f1en a la zona metropolitana con respecto a las obras que se ejecutar\u00e1n. \u201cFue el tema de planeaci\u00f3n metropolitana, convoc\u00f3 la secretar\u00eda de obras, est\u00e1n construyendo un plan metropolitano con siete municipios, es la segunda reuni\u00f3n en la que yo participo y tiene una visi\u00f3n la verdad muy interesante de organizar a los siete municipios para convertirlos en un polo de desarrollo\u201d. En el tema de la Feria Nacional Potosina y la reuni\u00f3n con el gobernador, el presidente [&hellip;]","og_url":"https:\/\/canal7slp.tv\/2025\/alcalde-enrique-galindo-se-reunio-con-gobernador-ricardo-gallardo-se-hablo-de-planes-metropolitanos\/","og_site_name":"Canal 7 SLP - 2025","article_publisher":"https:\/\/www.facebook.com\/noticieroscanal7atencionciudadana\/","article_published_time":"2025-08-06T00:36:34+00:00","og_image":[{"width":1280,"height":720,"url":"https:\/\/canal7slp.tv\/2025\/wp-content\/uploads\/2025\/08\/Poky05GalindoReunion.jpg","type":"image\/jpeg"}],"author":"Edici\u00f3n Web","twitter_card":"summary_large_image","twitter_creator":"@NOTICIEROS7","twitter_site":"@NOTICIEROS7","twitter_misc":{"Escrito por":"Edici\u00f3n Web","Tiempo de lectura":"2 minutos"},"schema":{"@context":"https:\/\/schema.org","@graph":[{"@type":"Article","@id":"https:\/\/canal7slp.tv\/2025\/alcalde-enrique-galindo-se-reunio-con-gobernador-ricardo-gallardo-se-hablo-de-planes-metropolitanos\/#article","isPartOf":{"@id":"https:\/\/canal7slp.tv\/2025\/alcalde-enrique-galindo-se-reunio-con-gobernador-ricardo-gallardo-se-hablo-de-planes-metropolitanos\/"},"author":{"name":"Edici\u00f3n Web","@id":"https:\/\/canal7slp.tv\/2025\/#\/schema\/person\/271e2b60a96e7cc9d9ac296f4d7e414b"},"headline":"Alcalde Enrique Galindo se reuni\u00f3 con gobernador Ricardo Gallardo, se habl\u00f3 de planes metropolitanos","datePublished":"2025-08-06T00:36:34+00:00","mainEntityOfPage":{"@id":"https:\/\/canal7slp.tv\/2025\/alcalde-enrique-galindo-se-reunio-con-gobernador-ricardo-gallardo-se-hablo-de-planes-metropolitanos\/"},"wordCount":267,"publisher":{"@id":"https:\/\/canal7slp.tv\/2025\/#organization"},"image":{"@id":"https:\/\/canal7slp.tv\/2025\/alcalde-enrique-galindo-se-reunio-con-gobernador-ricardo-gallardo-se-hablo-de-planes-metropolitanos\/#primaryimage"},"thumbnailUrl":"https:\/\/canal7slp.tv\/2025\/wp-content\/uploads\/2025\/08\/Poky05GalindoReunion.jpg","articleSection":["AYOSLP","DESTACADAS","GOBEDOSLP","LOCALES Y REGIONALES"],"inLanguage":"es"},{"@type":"WebPage","@id":"https:\/\/canal7slp.tv\/2025\/alcalde-enrique-galindo-se-reunio-con-gobernador-ricardo-gallardo-se-hablo-de-planes-metropolitanos\/","url":"https:\/\/canal7slp.tv\/2025\/alcalde-enrique-galindo-se-reunio-con-gobernador-ricardo-gallardo-se-hablo-de-planes-metropolitanos\/","name":"Alcalde Enrique Galindo se reuni\u00f3 con gobernador Ricardo Gallardo, se habl\u00f3 de planes metropolitanos - Canal 7 SLP - 2025","isPartOf":{"@id":"https:\/\/canal7slp.tv\/2025\/#website"},"primaryImageOfPage":{"@id":"https:\/\/canal7slp.tv\/2025\/alcalde-enrique-galindo-se-reunio-con-gobernador-ricardo-gallardo-se-hablo-de-planes-metropolitanos\/#primaryimage"},"image":{"@id":"https:\/\/canal7slp.tv\/2025\/alcalde-enrique-galindo-se-reunio-con-gobernador-ricardo-gallardo-se-hablo-de-planes-metropolitanos\/#primaryimage"},"thumbnailUrl":"https:\/\/canal7slp.tv\/2025\/wp-content\/uploads\/2025\/08\/Poky05GalindoReunion.jpg","datePublished":"2025-08-06T00:36:34+00:00","breadcrumb":{"@id":"https:\/\/canal7slp.tv\/2025\/alcalde-enrique-galindo-se-reunio-con-gobernador-ricardo-gallardo-se-hablo-de-planes-metropolitanos\/#breadcrumb"},"inLanguage":"es","potentialAction":[{"@type":"ReadAction","target":["https:\/\/canal7slp.tv\/2025\/alcalde-enrique-galindo-se-reunio-con-gobernador-ricardo-gallardo-se-hablo-de-planes-metropolitanos\/"]}]},{"@type":"ImageObject","inLanguage":"es","@id":"https:\/\/canal7slp.tv\/2025\/alcalde-enrique-galindo-se-reunio-con-gobernador-ricardo-gallardo-se-hablo-de-planes-metropolitanos\/#primaryimage","url":"https:\/\/canal7slp.tv\/2025\/wp-content\/uploads\/2025\/08\/Poky05GalindoReunion.jpg","contentUrl":"https:\/\/canal7slp.tv\/2025\/wp-content\/uploads\/2025\/08\/Poky05GalindoReunion.jpg","width":1280,"height":720},{"@type":"BreadcrumbList","@id":"https:\/\/canal7slp.tv\/2025\/alcalde-enrique-galindo-se-reunio-con-gobernador-ricardo-gallardo-se-hablo-de-planes-metropolitanos\/#breadcrumb","itemListElement":[{"@type":"ListItem","position":1,"name":"Portada","item":"https:\/\/canal7slp.tv\/2025\/"},{"@type":"ListItem","position":2,"name":"Alcalde Enrique Galindo se reuni\u00f3 con gobernador Ricardo Gallardo, se habl\u00f3 de planes metropolitanos"}]},{"@type":"WebSite","@id":"https:\/\/canal7slp.tv\/2025\/#website","url":"https:\/\/canal7slp.tv\/2025\/","name":"N7 - Noticieros Canal 7","description":"Somos el Medio","publisher":{"@id":"https:\/\/canal7slp.tv\/2025\/#organization"},"potentialAction":[{"@type":"SearchAction","target":{"@type":"EntryPoint","urlTemplate":"https:\/\/canal7slp.tv\/2025\/?s={search_term_string}"},"query-input":{"@type":"PropertyValueSpecification","valueRequired":true,"valueName":"search_term_string"}}],"inLanguage":"es"},{"@type":"Organization","@id":"https:\/\/canal7slp.tv\/2025\/#organization","name":"Noticieros Canal 7","url":"https:\/\/canal7slp.tv\/2025\/","logo":{"@type":"ImageObject","inLanguage":"es","@id":"https:\/\/canal7slp.tv\/2025\/#\/schema\/logo\/image\/","url":"https:\/\/canal7slp.tv\/2025\/wp-content\/uploads\/2021\/01\/logo-noticieros@2x.png","contentUrl":"https:\/\/canal7slp.tv\/2025\/wp-content\/uploads\/2021\/01\/logo-noticieros@2x.png","width":1017,"height":268,"caption":"Noticieros Canal 7"},"image":{"@id":"https:\/\/canal7slp.tv\/2025\/#\/schema\/logo\/image\/"},"sameAs":["https:\/\/www.facebook.com\/noticieroscanal7atencionciudadana\/","https:\/\/x.com\/NOTICIEROS7","https:\/\/www.instagram.com\/canal7_slp","https:\/\/www.youtube.com\/channel\/UCliiYs-gP3JfJeqdPrNdd5A"]},{"@type":"Person","@id":"https:\/\/canal7slp.tv\/2025\/#\/schema\/person\/271e2b60a96e7cc9d9ac296f4d7e414b","name":"Edici\u00f3n Web","image":{"@type":"ImageObject","inLanguage":"es","@id":"https:\/\/secure.gravatar.com\/avatar\/eee448fc3f7164808013b816ba91ac7e43bbe82a70bebac296f8bc6f0addaa1a?s=96&d=mm&r=g","url":"https:\/\/secure.gravatar.com\/avatar\/eee448fc3f7164808013b816ba91ac7e43bbe82a70bebac296f8bc6f0addaa1a?s=96&d=mm&r=g","contentUrl":"https:\/\/secure.gravatar.com\/avatar\/eee448fc3f7164808013b816ba91ac7e43bbe82a70bebac296f8bc6f0addaa1a?s=96&d=mm&r=g","caption":"Edici\u00f3n Web"},"url":"https:\/\/canal7slp.tv\/2025\/author\/edicionweb\/"}]}},"_links":{"self":[{"href":"https:\/\/canal7slp.tv\/2025\/wp-json\/wp\/v2\/posts\/175552","targetHints":{"allow":["GET"]}}],"collection":[{"href":"https:\/\/canal7slp.tv\/2025\/wp-json\/wp\/v2\/posts"}],"about":[{"href":"https:\/\/canal7slp.tv\/2025\/wp-json\/wp\/v2\/types\/post"}],"author":[{"embeddable":true,"href":"https:\/\/canal7slp.tv\/2025\/wp-json\/wp\/v2\/users\/2"}],"replies":[{"embeddable":true,"href":"https:\/\/canal7slp.tv\/2025\/wp-json\/wp\/v2\/comments?post=175552"}],"version-history":[{"count":1,"href":"https:\/\/canal7slp.tv\/2025\/wp-json\/wp\/v2\/posts\/175552\/revisions"}],"predecessor-version":[{"id":175555,"href":"https:\/\/canal7slp.tv\/2025\/wp-json\/wp\/v2\/posts\/175552\/revisions\/175555"}],"wp:featuredmedia":[{"embeddable":true,"href":"https:\/\/canal7slp.tv\/2025\/wp-json\/wp\/v2\/media\/175554"}],"wp:attachment":[{"href":"https:\/\/canal7slp.tv\/2025\/wp-json\/wp\/v2\/media?parent=175552"}],"wp:term":[{"taxonomy":"category","embeddable":true,"href":"https:\/\/canal7slp.tv\/2025\/wp-json\/wp\/v2\/categories?post=175552"},{"taxonomy":"post_tag","embeddable":true,"href":"https:\/\/canal7slp.tv\/2025\/wp-json\/wp\/v2\/tags?post=175552"}],"curies":[{"name":"wp","href":"https:\/\/api.w.org\/{rel}","templated":true}]}}