{"id":175536,"date":"2025-08-05T18:07:01","date_gmt":"2025-08-06T00:07:01","guid":{"rendered":"https:\/\/canal7slp.tv\/2025\/?p=175536"},"modified":"2025-08-05T18:08:11","modified_gmt":"2025-08-06T00:08:11","slug":"segam-y-universidad-politecnica-firmaron-convenio-de-colaboracion","status":"publish","type":"post","link":"https:\/\/canal7slp.tv\/2025\/segam-y-universidad-politecnica-firmaron-convenio-de-colaboracion\/","title":{"rendered":"Segam y Universidad Polit\u00e9cnica firmaron convenio de colaboraci\u00f3n"},"content":{"rendered":"<p style=\"text-align: justify;\">SLP.- Con miras a generar acciones coordinadas que tengan un impacto positivo en el cuidado del entorno natural, se firm\u00f3 convenio de colaboraci\u00f3n entre la Secretar\u00eda de Ecolog\u00eda y Gesti\u00f3n Ambiental de San Luis Potos\u00ed y la Universidad Polit\u00e9cnica.<\/p>\n<p style=\"text-align: justify;\">El rector de la casa de estudios, N\u00e9stor Garza, extern\u00f3 las bondades del convenio.<\/p>\n<p style=\"text-align: justify;\">\u201cNos llenamos de vaya, de pl\u00e1cemes y dem\u00e1s en poder celebrar este tipo de convenios con instituciones y personas tan importantes (\u2026) que generemos una sensaci\u00f3n de sensibilidad, que generemos una noci\u00f3n de conocimiento y sobre todo una acci\u00f3n comunitaria en la mejora de nuestro entorno\u201d.<\/p>\n<p style=\"text-align: justify;\">La titular de la Segam, Sonia Mendoza D\u00edaz, habl\u00f3 sobre el convenio y su trascendencia.<\/p>\n<p style=\"text-align: justify;\">\u201cEs muy importante mantener una relaci\u00f3n interinstitucional, no nada m\u00e1s con la administraci\u00f3n p\u00fablica, sino con la academia, con las escuelas, con las universidades que para nosotros es muy importante tener esta relaci\u00f3n\u201d.<\/p>\n<p style=\"text-align: justify;\">Extern\u00f3 los beneficios del trabajo conjunto.<\/p>\n<p style=\"text-align: justify;\">\u201cNos puede ayudar en primer lugar para tener una campa\u00f1a sobre el costo real sobre la producci\u00f3n del ladrillo artesanal (\u2026) tambi\u00e9n es para m\u00ed muy importante lo que podemos colaborar con la universidad en el dise\u00f1o de 10 micro sitios en materia ambiental (\u2026) y algo que tambi\u00e9n nos gusta mucho porque adem\u00e1s es nuestra obligaci\u00f3n que adem\u00e1s hay mucha ciudadana es la reforestaci\u00f3n urbana\u201d.<\/p>\n<p>Por: Juan Carlos Contreras<\/p>\n","protected":false},"excerpt":{"rendered":"<p>SLP.- Con miras a generar acciones coordinadas que tengan un impacto positivo en el cuidado del entorno natural, se firm\u00f3 convenio de colaboraci\u00f3n entre la Secretar\u00eda de Ecolog\u00eda y Gesti\u00f3n Ambiental de San Luis Potos\u00ed y la Universidad Polit\u00e9cnica. El rector de la casa de estudios, N\u00e9stor Garza, extern\u00f3 las bondades del convenio. \u201cNos llenamos de vaya, de pl\u00e1cemes y dem\u00e1s en poder celebrar este tipo de convenios con instituciones y personas tan importantes (\u2026) que generemos una sensaci\u00f3n de sensibilidad, que generemos una noci\u00f3n de conocimiento y sobre todo una acci\u00f3n comunitaria en la mejora de nuestro entorno\u201d. La [&hellip;]<\/p>\n","protected":false},"author":2,"featured_media":175538,"comment_status":"closed","ping_status":"closed","sticky":false,"template":"","format":"video","meta":{"_monsterinsights_skip_tracking":false,"_monsterinsights_sitenote_active":false,"_monsterinsights_sitenote_note":"","_monsterinsights_sitenote_category":0,"footnotes":""},"categories":[5,510,45],"tags":[],"class_list":["post-175536","post","type-post","status-publish","format-video","has-post-thumbnail","hentry","category-destacadas","category-gobedoslp","category-localesyregionales","post_format-post-format-video","post--single"],"yoast_head":"<!-- This site is optimized with the Yoast SEO plugin v27.5 - https:\/\/yoast.com\/product\/yoast-seo-wordpress\/ -->\n<title>Segam y Universidad Polit\u00e9cnica firmaron convenio de colaboraci\u00f3n - Canal 7 SLP - 2025<\/title>\n<meta name=\"robots\" content=\"index, follow, max-snippet:-1, max-image-preview:large, max-video-preview:-1\" \/>\n<link rel=\"canonical\" href=\"https:\/\/canal7slp.tv\/2025\/segam-y-universidad-politecnica-firmaron-convenio-de-colaboracion\/\" \/>\n<meta property=\"og:locale\" content=\"es_ES\" \/>\n<meta property=\"og:type\" content=\"article\" \/>\n<meta property=\"og:title\" content=\"Segam y Universidad Polit\u00e9cnica firmaron convenio de colaboraci\u00f3n - Canal 7 SLP - 2025\" \/>\n<meta property=\"og:description\" content=\"SLP.- Con miras a generar acciones coordinadas que tengan un impacto positivo en el cuidado del entorno natural, se firm\u00f3 convenio de colaboraci\u00f3n entre la Secretar\u00eda de Ecolog\u00eda y Gesti\u00f3n Ambiental de San Luis Potos\u00ed y la Universidad Polit\u00e9cnica. El rector de la casa de estudios, N\u00e9stor Garza, extern\u00f3 las bondades del convenio. \u201cNos llenamos de vaya, de pl\u00e1cemes y dem\u00e1s en poder celebrar este tipo de convenios con instituciones y personas tan importantes (\u2026) que generemos una sensaci\u00f3n de sensibilidad, que generemos una noci\u00f3n de conocimiento y sobre todo una acci\u00f3n comunitaria en la mejora de nuestro entorno\u201d. La [&hellip;]\" \/>\n<meta property=\"og:url\" content=\"https:\/\/canal7slp.tv\/2025\/segam-y-universidad-politecnica-firmaron-convenio-de-colaboracion\/\" \/>\n<meta property=\"og:site_name\" content=\"Canal 7 SLP - 2025\" \/>\n<meta property=\"article:publisher\" content=\"https:\/\/www.facebook.com\/noticieroscanal7atencionciudadana\/\" \/>\n<meta property=\"article:published_time\" content=\"2025-08-06T00:07:01+00:00\" \/>\n<meta property=\"article:modified_time\" content=\"2025-08-06T00:08:11+00:00\" \/>\n<meta property=\"og:image\" content=\"https:\/\/canal7slp.tv\/2025\/wp-content\/uploads\/2025\/08\/Poky01FirmaConvenio.jpg\" \/>\n\t<meta property=\"og:image:width\" content=\"1280\" \/>\n\t<meta property=\"og:image:height\" content=\"720\" \/>\n\t<meta property=\"og:image:type\" content=\"image\/jpeg\" \/>\n<meta name=\"author\" content=\"Edici\u00f3n Web\" \/>\n<meta name=\"twitter:card\" content=\"summary_large_image\" \/>\n<meta name=\"twitter:creator\" content=\"@NOTICIEROS7\" \/>\n<meta name=\"twitter:site\" content=\"@NOTICIEROS7\" \/>\n<meta name=\"twitter:label1\" content=\"Escrito por\" \/>\n\t<meta name=\"twitter:data1\" content=\"Edici\u00f3n Web\" \/>\n\t<meta name=\"twitter:label2\" content=\"Tiempo de lectura\" \/>\n\t<meta name=\"twitter:data2\" content=\"2 minutos\" \/>\n<script type=\"application\/ld+json\" class=\"yoast-schema-graph\">{\"@context\":\"https:\\\/\\\/schema.org\",\"@graph\":[{\"@type\":\"Article\",\"@id\":\"https:\\\/\\\/canal7slp.tv\\\/2025\\\/segam-y-universidad-politecnica-firmaron-convenio-de-colaboracion\\\/#article\",\"isPartOf\":{\"@id\":\"https:\\\/\\\/canal7slp.tv\\\/2025\\\/segam-y-universidad-politecnica-firmaron-convenio-de-colaboracion\\\/\"},\"author\":{\"name\":\"Edici\u00f3n Web\",\"@id\":\"https:\\\/\\\/canal7slp.tv\\\/2025\\\/#\\\/schema\\\/person\\\/271e2b60a96e7cc9d9ac296f4d7e414b\"},\"headline\":\"Segam y Universidad Polit\u00e9cnica firmaron convenio de colaboraci\u00f3n\",\"datePublished\":\"2025-08-06T00:07:01+00:00\",\"dateModified\":\"2025-08-06T00:08:11+00:00\",\"mainEntityOfPage\":{\"@id\":\"https:\\\/\\\/canal7slp.tv\\\/2025\\\/segam-y-universidad-politecnica-firmaron-convenio-de-colaboracion\\\/\"},\"wordCount\":256,\"publisher\":{\"@id\":\"https:\\\/\\\/canal7slp.tv\\\/2025\\\/#organization\"},\"image\":{\"@id\":\"https:\\\/\\\/canal7slp.tv\\\/2025\\\/segam-y-universidad-politecnica-firmaron-convenio-de-colaboracion\\\/#primaryimage\"},\"thumbnailUrl\":\"https:\\\/\\\/canal7slp.tv\\\/2025\\\/wp-content\\\/uploads\\\/2025\\\/08\\\/Poky01FirmaConvenio.jpg\",\"articleSection\":[\"DESTACADAS\",\"GOBEDOSLP\",\"LOCALES Y REGIONALES\"],\"inLanguage\":\"es\"},{\"@type\":\"WebPage\",\"@id\":\"https:\\\/\\\/canal7slp.tv\\\/2025\\\/segam-y-universidad-politecnica-firmaron-convenio-de-colaboracion\\\/\",\"url\":\"https:\\\/\\\/canal7slp.tv\\\/2025\\\/segam-y-universidad-politecnica-firmaron-convenio-de-colaboracion\\\/\",\"name\":\"Segam y Universidad Polit\u00e9cnica firmaron convenio de colaboraci\u00f3n - Canal 7 SLP - 2025\",\"isPartOf\":{\"@id\":\"https:\\\/\\\/canal7slp.tv\\\/2025\\\/#website\"},\"primaryImageOfPage\":{\"@id\":\"https:\\\/\\\/canal7slp.tv\\\/2025\\\/segam-y-universidad-politecnica-firmaron-convenio-de-colaboracion\\\/#primaryimage\"},\"image\":{\"@id\":\"https:\\\/\\\/canal7slp.tv\\\/2025\\\/segam-y-universidad-politecnica-firmaron-convenio-de-colaboracion\\\/#primaryimage\"},\"thumbnailUrl\":\"https:\\\/\\\/canal7slp.tv\\\/2025\\\/wp-content\\\/uploads\\\/2025\\\/08\\\/Poky01FirmaConvenio.jpg\",\"datePublished\":\"2025-08-06T00:07:01+00:00\",\"dateModified\":\"2025-08-06T00:08:11+00:00\",\"breadcrumb\":{\"@id\":\"https:\\\/\\\/canal7slp.tv\\\/2025\\\/segam-y-universidad-politecnica-firmaron-convenio-de-colaboracion\\\/#breadcrumb\"},\"inLanguage\":\"es\",\"potentialAction\":[{\"@type\":\"ReadAction\",\"target\":[\"https:\\\/\\\/canal7slp.tv\\\/2025\\\/segam-y-universidad-politecnica-firmaron-convenio-de-colaboracion\\\/\"]}]},{\"@type\":\"ImageObject\",\"inLanguage\":\"es\",\"@id\":\"https:\\\/\\\/canal7slp.tv\\\/2025\\\/segam-y-universidad-politecnica-firmaron-convenio-de-colaboracion\\\/#primaryimage\",\"url\":\"https:\\\/\\\/canal7slp.tv\\\/2025\\\/wp-content\\\/uploads\\\/2025\\\/08\\\/Poky01FirmaConvenio.jpg\",\"contentUrl\":\"https:\\\/\\\/canal7slp.tv\\\/2025\\\/wp-content\\\/uploads\\\/2025\\\/08\\\/Poky01FirmaConvenio.jpg\",\"width\":1280,\"height\":720},{\"@type\":\"BreadcrumbList\",\"@id\":\"https:\\\/\\\/canal7slp.tv\\\/2025\\\/segam-y-universidad-politecnica-firmaron-convenio-de-colaboracion\\\/#breadcrumb\",\"itemListElement\":[{\"@type\":\"ListItem\",\"position\":1,\"name\":\"Portada\",\"item\":\"https:\\\/\\\/canal7slp.tv\\\/2025\\\/\"},{\"@type\":\"ListItem\",\"position\":2,\"name\":\"Segam y Universidad Polit\u00e9cnica firmaron convenio de colaboraci\u00f3n\"}]},{\"@type\":\"WebSite\",\"@id\":\"https:\\\/\\\/canal7slp.tv\\\/2025\\\/#website\",\"url\":\"https:\\\/\\\/canal7slp.tv\\\/2025\\\/\",\"name\":\"N7 - Noticieros Canal 7\",\"description\":\"Somos el Medio\",\"publisher\":{\"@id\":\"https:\\\/\\\/canal7slp.tv\\\/2025\\\/#organization\"},\"potentialAction\":[{\"@type\":\"SearchAction\",\"target\":{\"@type\":\"EntryPoint\",\"urlTemplate\":\"https:\\\/\\\/canal7slp.tv\\\/2025\\\/?s={search_term_string}\"},\"query-input\":{\"@type\":\"PropertyValueSpecification\",\"valueRequired\":true,\"valueName\":\"search_term_string\"}}],\"inLanguage\":\"es\"},{\"@type\":\"Organization\",\"@id\":\"https:\\\/\\\/canal7slp.tv\\\/2025\\\/#organization\",\"name\":\"Noticieros Canal 7\",\"url\":\"https:\\\/\\\/canal7slp.tv\\\/2025\\\/\",\"logo\":{\"@type\":\"ImageObject\",\"inLanguage\":\"es\",\"@id\":\"https:\\\/\\\/canal7slp.tv\\\/2025\\\/#\\\/schema\\\/logo\\\/image\\\/\",\"url\":\"https:\\\/\\\/canal7slp.tv\\\/2025\\\/wp-content\\\/uploads\\\/2021\\\/01\\\/logo-noticieros@2x.png\",\"contentUrl\":\"https:\\\/\\\/canal7slp.tv\\\/2025\\\/wp-content\\\/uploads\\\/2021\\\/01\\\/logo-noticieros@2x.png\",\"width\":1017,\"height\":268,\"caption\":\"Noticieros Canal 7\"},\"image\":{\"@id\":\"https:\\\/\\\/canal7slp.tv\\\/2025\\\/#\\\/schema\\\/logo\\\/image\\\/\"},\"sameAs\":[\"https:\\\/\\\/www.facebook.com\\\/noticieroscanal7atencionciudadana\\\/\",\"https:\\\/\\\/x.com\\\/NOTICIEROS7\",\"https:\\\/\\\/www.instagram.com\\\/canal7_slp\",\"https:\\\/\\\/www.youtube.com\\\/channel\\\/UCliiYs-gP3JfJeqdPrNdd5A\"]},{\"@type\":\"Person\",\"@id\":\"https:\\\/\\\/canal7slp.tv\\\/2025\\\/#\\\/schema\\\/person\\\/271e2b60a96e7cc9d9ac296f4d7e414b\",\"name\":\"Edici\u00f3n Web\",\"image\":{\"@type\":\"ImageObject\",\"inLanguage\":\"es\",\"@id\":\"https:\\\/\\\/secure.gravatar.com\\\/avatar\\\/eee448fc3f7164808013b816ba91ac7e43bbe82a70bebac296f8bc6f0addaa1a?s=96&d=mm&r=g\",\"url\":\"https:\\\/\\\/secure.gravatar.com\\\/avatar\\\/eee448fc3f7164808013b816ba91ac7e43bbe82a70bebac296f8bc6f0addaa1a?s=96&d=mm&r=g\",\"contentUrl\":\"https:\\\/\\\/secure.gravatar.com\\\/avatar\\\/eee448fc3f7164808013b816ba91ac7e43bbe82a70bebac296f8bc6f0addaa1a?s=96&d=mm&r=g\",\"caption\":\"Edici\u00f3n Web\"},\"url\":\"https:\\\/\\\/canal7slp.tv\\\/2025\\\/author\\\/edicionweb\\\/\"}]}<\/script>\n<!-- \/ Yoast SEO plugin. -->","yoast_head_json":{"title":"Segam y Universidad Polit\u00e9cnica firmaron convenio de colaboraci\u00f3n - Canal 7 SLP - 2025","robots":{"index":"index","follow":"follow","max-snippet":"max-snippet:-1","max-image-preview":"max-image-preview:large","max-video-preview":"max-video-preview:-1"},"canonical":"https:\/\/canal7slp.tv\/2025\/segam-y-universidad-politecnica-firmaron-convenio-de-colaboracion\/","og_locale":"es_ES","og_type":"article","og_title":"Segam y Universidad Polit\u00e9cnica firmaron convenio de colaboraci\u00f3n - Canal 7 SLP - 2025","og_description":"SLP.- Con miras a generar acciones coordinadas que tengan un impacto positivo en el cuidado del entorno natural, se firm\u00f3 convenio de colaboraci\u00f3n entre la Secretar\u00eda de Ecolog\u00eda y Gesti\u00f3n Ambiental de San Luis Potos\u00ed y la Universidad Polit\u00e9cnica. El rector de la casa de estudios, N\u00e9stor Garza, extern\u00f3 las bondades del convenio. \u201cNos llenamos de vaya, de pl\u00e1cemes y dem\u00e1s en poder celebrar este tipo de convenios con instituciones y personas tan importantes (\u2026) que generemos una sensaci\u00f3n de sensibilidad, que generemos una noci\u00f3n de conocimiento y sobre todo una acci\u00f3n comunitaria en la mejora de nuestro entorno\u201d. La [&hellip;]","og_url":"https:\/\/canal7slp.tv\/2025\/segam-y-universidad-politecnica-firmaron-convenio-de-colaboracion\/","og_site_name":"Canal 7 SLP - 2025","article_publisher":"https:\/\/www.facebook.com\/noticieroscanal7atencionciudadana\/","article_published_time":"2025-08-06T00:07:01+00:00","article_modified_time":"2025-08-06T00:08:11+00:00","og_image":[{"width":1280,"height":720,"url":"https:\/\/canal7slp.tv\/2025\/wp-content\/uploads\/2025\/08\/Poky01FirmaConvenio.jpg","type":"image\/jpeg"}],"author":"Edici\u00f3n Web","twitter_card":"summary_large_image","twitter_creator":"@NOTICIEROS7","twitter_site":"@NOTICIEROS7","twitter_misc":{"Escrito por":"Edici\u00f3n Web","Tiempo de lectura":"2 minutos"},"schema":{"@context":"https:\/\/schema.org","@graph":[{"@type":"Article","@id":"https:\/\/canal7slp.tv\/2025\/segam-y-universidad-politecnica-firmaron-convenio-de-colaboracion\/#article","isPartOf":{"@id":"https:\/\/canal7slp.tv\/2025\/segam-y-universidad-politecnica-firmaron-convenio-de-colaboracion\/"},"author":{"name":"Edici\u00f3n Web","@id":"https:\/\/canal7slp.tv\/2025\/#\/schema\/person\/271e2b60a96e7cc9d9ac296f4d7e414b"},"headline":"Segam y Universidad Polit\u00e9cnica firmaron convenio de colaboraci\u00f3n","datePublished":"2025-08-06T00:07:01+00:00","dateModified":"2025-08-06T00:08:11+00:00","mainEntityOfPage":{"@id":"https:\/\/canal7slp.tv\/2025\/segam-y-universidad-politecnica-firmaron-convenio-de-colaboracion\/"},"wordCount":256,"publisher":{"@id":"https:\/\/canal7slp.tv\/2025\/#organization"},"image":{"@id":"https:\/\/canal7slp.tv\/2025\/segam-y-universidad-politecnica-firmaron-convenio-de-colaboracion\/#primaryimage"},"thumbnailUrl":"https:\/\/canal7slp.tv\/2025\/wp-content\/uploads\/2025\/08\/Poky01FirmaConvenio.jpg","articleSection":["DESTACADAS","GOBEDOSLP","LOCALES Y REGIONALES"],"inLanguage":"es"},{"@type":"WebPage","@id":"https:\/\/canal7slp.tv\/2025\/segam-y-universidad-politecnica-firmaron-convenio-de-colaboracion\/","url":"https:\/\/canal7slp.tv\/2025\/segam-y-universidad-politecnica-firmaron-convenio-de-colaboracion\/","name":"Segam y Universidad Polit\u00e9cnica firmaron convenio de colaboraci\u00f3n - Canal 7 SLP - 2025","isPartOf":{"@id":"https:\/\/canal7slp.tv\/2025\/#website"},"primaryImageOfPage":{"@id":"https:\/\/canal7slp.tv\/2025\/segam-y-universidad-politecnica-firmaron-convenio-de-colaboracion\/#primaryimage"},"image":{"@id":"https:\/\/canal7slp.tv\/2025\/segam-y-universidad-politecnica-firmaron-convenio-de-colaboracion\/#primaryimage"},"thumbnailUrl":"https:\/\/canal7slp.tv\/2025\/wp-content\/uploads\/2025\/08\/Poky01FirmaConvenio.jpg","datePublished":"2025-08-06T00:07:01+00:00","dateModified":"2025-08-06T00:08:11+00:00","breadcrumb":{"@id":"https:\/\/canal7slp.tv\/2025\/segam-y-universidad-politecnica-firmaron-convenio-de-colaboracion\/#breadcrumb"},"inLanguage":"es","potentialAction":[{"@type":"ReadAction","target":["https:\/\/canal7slp.tv\/2025\/segam-y-universidad-politecnica-firmaron-convenio-de-colaboracion\/"]}]},{"@type":"ImageObject","inLanguage":"es","@id":"https:\/\/canal7slp.tv\/2025\/segam-y-universidad-politecnica-firmaron-convenio-de-colaboracion\/#primaryimage","url":"https:\/\/canal7slp.tv\/2025\/wp-content\/uploads\/2025\/08\/Poky01FirmaConvenio.jpg","contentUrl":"https:\/\/canal7slp.tv\/2025\/wp-content\/uploads\/2025\/08\/Poky01FirmaConvenio.jpg","width":1280,"height":720},{"@type":"BreadcrumbList","@id":"https:\/\/canal7slp.tv\/2025\/segam-y-universidad-politecnica-firmaron-convenio-de-colaboracion\/#breadcrumb","itemListElement":[{"@type":"ListItem","position":1,"name":"Portada","item":"https:\/\/canal7slp.tv\/2025\/"},{"@type":"ListItem","position":2,"name":"Segam y Universidad Polit\u00e9cnica firmaron convenio de colaboraci\u00f3n"}]},{"@type":"WebSite","@id":"https:\/\/canal7slp.tv\/2025\/#website","url":"https:\/\/canal7slp.tv\/2025\/","name":"N7 - Noticieros Canal 7","description":"Somos el Medio","publisher":{"@id":"https:\/\/canal7slp.tv\/2025\/#organization"},"potentialAction":[{"@type":"SearchAction","target":{"@type":"EntryPoint","urlTemplate":"https:\/\/canal7slp.tv\/2025\/?s={search_term_string}"},"query-input":{"@type":"PropertyValueSpecification","valueRequired":true,"valueName":"search_term_string"}}],"inLanguage":"es"},{"@type":"Organization","@id":"https:\/\/canal7slp.tv\/2025\/#organization","name":"Noticieros Canal 7","url":"https:\/\/canal7slp.tv\/2025\/","logo":{"@type":"ImageObject","inLanguage":"es","@id":"https:\/\/canal7slp.tv\/2025\/#\/schema\/logo\/image\/","url":"https:\/\/canal7slp.tv\/2025\/wp-content\/uploads\/2021\/01\/logo-noticieros@2x.png","contentUrl":"https:\/\/canal7slp.tv\/2025\/wp-content\/uploads\/2021\/01\/logo-noticieros@2x.png","width":1017,"height":268,"caption":"Noticieros Canal 7"},"image":{"@id":"https:\/\/canal7slp.tv\/2025\/#\/schema\/logo\/image\/"},"sameAs":["https:\/\/www.facebook.com\/noticieroscanal7atencionciudadana\/","https:\/\/x.com\/NOTICIEROS7","https:\/\/www.instagram.com\/canal7_slp","https:\/\/www.youtube.com\/channel\/UCliiYs-gP3JfJeqdPrNdd5A"]},{"@type":"Person","@id":"https:\/\/canal7slp.tv\/2025\/#\/schema\/person\/271e2b60a96e7cc9d9ac296f4d7e414b","name":"Edici\u00f3n Web","image":{"@type":"ImageObject","inLanguage":"es","@id":"https:\/\/secure.gravatar.com\/avatar\/eee448fc3f7164808013b816ba91ac7e43bbe82a70bebac296f8bc6f0addaa1a?s=96&d=mm&r=g","url":"https:\/\/secure.gravatar.com\/avatar\/eee448fc3f7164808013b816ba91ac7e43bbe82a70bebac296f8bc6f0addaa1a?s=96&d=mm&r=g","contentUrl":"https:\/\/secure.gravatar.com\/avatar\/eee448fc3f7164808013b816ba91ac7e43bbe82a70bebac296f8bc6f0addaa1a?s=96&d=mm&r=g","caption":"Edici\u00f3n Web"},"url":"https:\/\/canal7slp.tv\/2025\/author\/edicionweb\/"}]}},"_links":{"self":[{"href":"https:\/\/canal7slp.tv\/2025\/wp-json\/wp\/v2\/posts\/175536","targetHints":{"allow":["GET"]}}],"collection":[{"href":"https:\/\/canal7slp.tv\/2025\/wp-json\/wp\/v2\/posts"}],"about":[{"href":"https:\/\/canal7slp.tv\/2025\/wp-json\/wp\/v2\/types\/post"}],"author":[{"embeddable":true,"href":"https:\/\/canal7slp.tv\/2025\/wp-json\/wp\/v2\/users\/2"}],"replies":[{"embeddable":true,"href":"https:\/\/canal7slp.tv\/2025\/wp-json\/wp\/v2\/comments?post=175536"}],"version-history":[{"count":1,"href":"https:\/\/canal7slp.tv\/2025\/wp-json\/wp\/v2\/posts\/175536\/revisions"}],"predecessor-version":[{"id":175539,"href":"https:\/\/canal7slp.tv\/2025\/wp-json\/wp\/v2\/posts\/175536\/revisions\/175539"}],"wp:featuredmedia":[{"embeddable":true,"href":"https:\/\/canal7slp.tv\/2025\/wp-json\/wp\/v2\/media\/175538"}],"wp:attachment":[{"href":"https:\/\/canal7slp.tv\/2025\/wp-json\/wp\/v2\/media?parent=175536"}],"wp:term":[{"taxonomy":"category","embeddable":true,"href":"https:\/\/canal7slp.tv\/2025\/wp-json\/wp\/v2\/categories?post=175536"},{"taxonomy":"post_tag","embeddable":true,"href":"https:\/\/canal7slp.tv\/2025\/wp-json\/wp\/v2\/tags?post=175536"}],"curies":[{"name":"wp","href":"https:\/\/api.w.org\/{rel}","templated":true}]}}