{"id":175515,"date":"2025-08-05T16:31:22","date_gmt":"2025-08-05T22:31:22","guid":{"rendered":"https:\/\/canal7slp.tv\/2025\/?p=175515"},"modified":"2025-08-05T16:31:22","modified_gmt":"2025-08-05T22:31:22","slug":"destaca-la-sspc-coordinacion-con-la-guardia-nacional-ante-hechos-de-rapina-en-slp","status":"publish","type":"post","link":"https:\/\/canal7slp.tv\/2025\/destaca-la-sspc-coordinacion-con-la-guardia-nacional-ante-hechos-de-rapina-en-slp\/","title":{"rendered":"Destaca la SSPC coordinaci\u00f3n con la Guardia Nacional ante hechos de rapi\u00f1a en SLP"},"content":{"rendered":"<p style=\"text-align: justify;\"><span style=\"font-size: 1.21429rem;\">SLP.- La Secretar\u00eda de Seguridad y Protecci\u00f3n Ciudadana (SSPC) del Estado inform\u00f3 que mantiene coordinaci\u00f3n con la Guardia Nacional para intervenir en casos de rapi\u00f1a.<\/span><\/p>\n<p style=\"text-align: justify;\">El titular de la dependencia, Jes\u00fas Ju\u00e1rez Hern\u00e1ndez, explic\u00f3 que las autoridades estatales act\u00faan cuando se recibe una solicitud de apoyo por parte de la Guardia Nacional.<\/p>\n<p style=\"text-align: justify;\">\u201cNosotros generalmente nos damos cuenta cuando la Guardia Nacional nos pide apoyo para la contenci\u00f3n de que no haya rapi\u00f1a en alg\u00fan accidente\u201d, dijo.<\/p>\n<p style=\"text-align: justify;\">Indic\u00f3 que estos hechos suelen presentarse tras accidentes carreteros, por lo que se refuerzan los operativos para contener la situaci\u00f3n y evitar saqueos.<\/p>\n<p style=\"text-align: justify;\">El funcionario detall\u00f3 que, una vez asegurada la zona, se procede con la apertura de la carpeta de investigaci\u00f3n correspondiente.<\/p>\n<p style=\"text-align: justify;\">\u201cGeneralmente nosotros llegamos a apoyar a la Guardia Nacional, es una carretera federal, son eventos mayormente en carreteras federales y nos damos cuenta porque ellos nos solicitan apoyo, llegamos a fortalecerlos y evitamos la rapi\u00f1a\u201d, reiter\u00f3.<\/p>\n<p style=\"text-align: justify;\">De hecho, el funcionario lanz\u00f3 una serie de cr\u00edticas hacia quienes cometen este tipo de actos: \u00abUna mala pr\u00e1ctica, un mal acto, aprovecharse de una situaci\u00f3n negativa para sacar provecho, la verdad yo creo que ser\u00eda calificarlo de una muy mala actuaci\u00f3n\u00bb.<\/p>\n<p style=\"text-align: justify;\">Por: Jos\u00e9 Luis V\u00e1zquez<\/p>\n","protected":false},"excerpt":{"rendered":"<p>SLP.- La Secretar\u00eda de Seguridad y Protecci\u00f3n Ciudadana (SSPC) del Estado inform\u00f3 que mantiene coordinaci\u00f3n con la Guardia Nacional para intervenir en casos de rapi\u00f1a. El titular de la dependencia, Jes\u00fas Ju\u00e1rez Hern\u00e1ndez, explic\u00f3 que las autoridades estatales act\u00faan cuando se recibe una solicitud de apoyo por parte de la Guardia Nacional. \u201cNosotros generalmente nos damos cuenta cuando la Guardia Nacional nos pide apoyo para la contenci\u00f3n de que no haya rapi\u00f1a en alg\u00fan accidente\u201d, dijo. Indic\u00f3 que estos hechos suelen presentarse tras accidentes carreteros, por lo que se refuerzan los operativos para contener la situaci\u00f3n y evitar saqueos. El [&hellip;]<\/p>\n","protected":false},"author":2,"featured_media":175517,"comment_status":"closed","ping_status":"closed","sticky":false,"template":"","format":"video","meta":{"_monsterinsights_skip_tracking":false,"_monsterinsights_sitenote_active":false,"_monsterinsights_sitenote_note":"","_monsterinsights_sitenote_category":0,"footnotes":""},"categories":[5,510,45],"tags":[],"class_list":["post-175515","post","type-post","status-publish","format-video","has-post-thumbnail","hentry","category-destacadas","category-gobedoslp","category-localesyregionales","post_format-post-format-video","post--single"],"yoast_head":"<!-- This site is optimized with the Yoast SEO plugin v27.5 - https:\/\/yoast.com\/product\/yoast-seo-wordpress\/ -->\n<title>Destaca la SSPC coordinaci\u00f3n con la Guardia Nacional ante hechos de rapi\u00f1a en SLP - Canal 7 SLP - 2025<\/title>\n<meta name=\"robots\" content=\"index, follow, max-snippet:-1, max-image-preview:large, max-video-preview:-1\" \/>\n<link rel=\"canonical\" href=\"https:\/\/canal7slp.tv\/2025\/destaca-la-sspc-coordinacion-con-la-guardia-nacional-ante-hechos-de-rapina-en-slp\/\" \/>\n<meta property=\"og:locale\" content=\"es_ES\" \/>\n<meta property=\"og:type\" content=\"article\" \/>\n<meta property=\"og:title\" content=\"Destaca la SSPC coordinaci\u00f3n con la Guardia Nacional ante hechos de rapi\u00f1a en SLP - Canal 7 SLP - 2025\" \/>\n<meta property=\"og:description\" content=\"SLP.- La Secretar\u00eda de Seguridad y Protecci\u00f3n Ciudadana (SSPC) del Estado inform\u00f3 que mantiene coordinaci\u00f3n con la Guardia Nacional para intervenir en casos de rapi\u00f1a. El titular de la dependencia, Jes\u00fas Ju\u00e1rez Hern\u00e1ndez, explic\u00f3 que las autoridades estatales act\u00faan cuando se recibe una solicitud de apoyo por parte de la Guardia Nacional. \u201cNosotros generalmente nos damos cuenta cuando la Guardia Nacional nos pide apoyo para la contenci\u00f3n de que no haya rapi\u00f1a en alg\u00fan accidente\u201d, dijo. Indic\u00f3 que estos hechos suelen presentarse tras accidentes carreteros, por lo que se refuerzan los operativos para contener la situaci\u00f3n y evitar saqueos. El [&hellip;]\" \/>\n<meta property=\"og:url\" content=\"https:\/\/canal7slp.tv\/2025\/destaca-la-sspc-coordinacion-con-la-guardia-nacional-ante-hechos-de-rapina-en-slp\/\" \/>\n<meta property=\"og:site_name\" content=\"Canal 7 SLP - 2025\" \/>\n<meta property=\"article:publisher\" content=\"https:\/\/www.facebook.com\/noticieroscanal7atencionciudadana\/\" \/>\n<meta property=\"article:published_time\" content=\"2025-08-05T22:31:22+00:00\" \/>\n<meta property=\"og:image\" content=\"https:\/\/canal7slp.tv\/2025\/wp-content\/uploads\/2025\/08\/Vazquez04SSPCRainia.jpg\" \/>\n\t<meta property=\"og:image:width\" content=\"1280\" \/>\n\t<meta property=\"og:image:height\" content=\"720\" \/>\n\t<meta property=\"og:image:type\" content=\"image\/jpeg\" \/>\n<meta name=\"author\" content=\"Edici\u00f3n Web\" \/>\n<meta name=\"twitter:card\" content=\"summary_large_image\" \/>\n<meta name=\"twitter:creator\" content=\"@NOTICIEROS7\" \/>\n<meta name=\"twitter:site\" content=\"@NOTICIEROS7\" \/>\n<meta name=\"twitter:label1\" content=\"Escrito por\" \/>\n\t<meta name=\"twitter:data1\" content=\"Edici\u00f3n Web\" \/>\n\t<meta name=\"twitter:label2\" content=\"Tiempo de lectura\" \/>\n\t<meta name=\"twitter:data2\" content=\"2 minutos\" \/>\n<script type=\"application\/ld+json\" class=\"yoast-schema-graph\">{\"@context\":\"https:\\\/\\\/schema.org\",\"@graph\":[{\"@type\":\"Article\",\"@id\":\"https:\\\/\\\/canal7slp.tv\\\/2025\\\/destaca-la-sspc-coordinacion-con-la-guardia-nacional-ante-hechos-de-rapina-en-slp\\\/#article\",\"isPartOf\":{\"@id\":\"https:\\\/\\\/canal7slp.tv\\\/2025\\\/destaca-la-sspc-coordinacion-con-la-guardia-nacional-ante-hechos-de-rapina-en-slp\\\/\"},\"author\":{\"name\":\"Edici\u00f3n Web\",\"@id\":\"https:\\\/\\\/canal7slp.tv\\\/2025\\\/#\\\/schema\\\/person\\\/271e2b60a96e7cc9d9ac296f4d7e414b\"},\"headline\":\"Destaca la SSPC coordinaci\u00f3n con la Guardia Nacional ante hechos de rapi\u00f1a en SLP\",\"datePublished\":\"2025-08-05T22:31:22+00:00\",\"mainEntityOfPage\":{\"@id\":\"https:\\\/\\\/canal7slp.tv\\\/2025\\\/destaca-la-sspc-coordinacion-con-la-guardia-nacional-ante-hechos-de-rapina-en-slp\\\/\"},\"wordCount\":238,\"publisher\":{\"@id\":\"https:\\\/\\\/canal7slp.tv\\\/2025\\\/#organization\"},\"image\":{\"@id\":\"https:\\\/\\\/canal7slp.tv\\\/2025\\\/destaca-la-sspc-coordinacion-con-la-guardia-nacional-ante-hechos-de-rapina-en-slp\\\/#primaryimage\"},\"thumbnailUrl\":\"https:\\\/\\\/canal7slp.tv\\\/2025\\\/wp-content\\\/uploads\\\/2025\\\/08\\\/Vazquez04SSPCRainia.jpg\",\"articleSection\":[\"DESTACADAS\",\"GOBEDOSLP\",\"LOCALES Y REGIONALES\"],\"inLanguage\":\"es\"},{\"@type\":\"WebPage\",\"@id\":\"https:\\\/\\\/canal7slp.tv\\\/2025\\\/destaca-la-sspc-coordinacion-con-la-guardia-nacional-ante-hechos-de-rapina-en-slp\\\/\",\"url\":\"https:\\\/\\\/canal7slp.tv\\\/2025\\\/destaca-la-sspc-coordinacion-con-la-guardia-nacional-ante-hechos-de-rapina-en-slp\\\/\",\"name\":\"Destaca la SSPC coordinaci\u00f3n con la Guardia Nacional ante hechos de rapi\u00f1a en SLP - Canal 7 SLP - 2025\",\"isPartOf\":{\"@id\":\"https:\\\/\\\/canal7slp.tv\\\/2025\\\/#website\"},\"primaryImageOfPage\":{\"@id\":\"https:\\\/\\\/canal7slp.tv\\\/2025\\\/destaca-la-sspc-coordinacion-con-la-guardia-nacional-ante-hechos-de-rapina-en-slp\\\/#primaryimage\"},\"image\":{\"@id\":\"https:\\\/\\\/canal7slp.tv\\\/2025\\\/destaca-la-sspc-coordinacion-con-la-guardia-nacional-ante-hechos-de-rapina-en-slp\\\/#primaryimage\"},\"thumbnailUrl\":\"https:\\\/\\\/canal7slp.tv\\\/2025\\\/wp-content\\\/uploads\\\/2025\\\/08\\\/Vazquez04SSPCRainia.jpg\",\"datePublished\":\"2025-08-05T22:31:22+00:00\",\"breadcrumb\":{\"@id\":\"https:\\\/\\\/canal7slp.tv\\\/2025\\\/destaca-la-sspc-coordinacion-con-la-guardia-nacional-ante-hechos-de-rapina-en-slp\\\/#breadcrumb\"},\"inLanguage\":\"es\",\"potentialAction\":[{\"@type\":\"ReadAction\",\"target\":[\"https:\\\/\\\/canal7slp.tv\\\/2025\\\/destaca-la-sspc-coordinacion-con-la-guardia-nacional-ante-hechos-de-rapina-en-slp\\\/\"]}]},{\"@type\":\"ImageObject\",\"inLanguage\":\"es\",\"@id\":\"https:\\\/\\\/canal7slp.tv\\\/2025\\\/destaca-la-sspc-coordinacion-con-la-guardia-nacional-ante-hechos-de-rapina-en-slp\\\/#primaryimage\",\"url\":\"https:\\\/\\\/canal7slp.tv\\\/2025\\\/wp-content\\\/uploads\\\/2025\\\/08\\\/Vazquez04SSPCRainia.jpg\",\"contentUrl\":\"https:\\\/\\\/canal7slp.tv\\\/2025\\\/wp-content\\\/uploads\\\/2025\\\/08\\\/Vazquez04SSPCRainia.jpg\",\"width\":1280,\"height\":720},{\"@type\":\"BreadcrumbList\",\"@id\":\"https:\\\/\\\/canal7slp.tv\\\/2025\\\/destaca-la-sspc-coordinacion-con-la-guardia-nacional-ante-hechos-de-rapina-en-slp\\\/#breadcrumb\",\"itemListElement\":[{\"@type\":\"ListItem\",\"position\":1,\"name\":\"Portada\",\"item\":\"https:\\\/\\\/canal7slp.tv\\\/2025\\\/\"},{\"@type\":\"ListItem\",\"position\":2,\"name\":\"Destaca la SSPC coordinaci\u00f3n con la Guardia Nacional ante hechos de rapi\u00f1a en SLP\"}]},{\"@type\":\"WebSite\",\"@id\":\"https:\\\/\\\/canal7slp.tv\\\/2025\\\/#website\",\"url\":\"https:\\\/\\\/canal7slp.tv\\\/2025\\\/\",\"name\":\"N7 - Noticieros Canal 7\",\"description\":\"Somos el Medio\",\"publisher\":{\"@id\":\"https:\\\/\\\/canal7slp.tv\\\/2025\\\/#organization\"},\"potentialAction\":[{\"@type\":\"SearchAction\",\"target\":{\"@type\":\"EntryPoint\",\"urlTemplate\":\"https:\\\/\\\/canal7slp.tv\\\/2025\\\/?s={search_term_string}\"},\"query-input\":{\"@type\":\"PropertyValueSpecification\",\"valueRequired\":true,\"valueName\":\"search_term_string\"}}],\"inLanguage\":\"es\"},{\"@type\":\"Organization\",\"@id\":\"https:\\\/\\\/canal7slp.tv\\\/2025\\\/#organization\",\"name\":\"Noticieros Canal 7\",\"url\":\"https:\\\/\\\/canal7slp.tv\\\/2025\\\/\",\"logo\":{\"@type\":\"ImageObject\",\"inLanguage\":\"es\",\"@id\":\"https:\\\/\\\/canal7slp.tv\\\/2025\\\/#\\\/schema\\\/logo\\\/image\\\/\",\"url\":\"https:\\\/\\\/canal7slp.tv\\\/2025\\\/wp-content\\\/uploads\\\/2021\\\/01\\\/logo-noticieros@2x.png\",\"contentUrl\":\"https:\\\/\\\/canal7slp.tv\\\/2025\\\/wp-content\\\/uploads\\\/2021\\\/01\\\/logo-noticieros@2x.png\",\"width\":1017,\"height\":268,\"caption\":\"Noticieros Canal 7\"},\"image\":{\"@id\":\"https:\\\/\\\/canal7slp.tv\\\/2025\\\/#\\\/schema\\\/logo\\\/image\\\/\"},\"sameAs\":[\"https:\\\/\\\/www.facebook.com\\\/noticieroscanal7atencionciudadana\\\/\",\"https:\\\/\\\/x.com\\\/NOTICIEROS7\",\"https:\\\/\\\/www.instagram.com\\\/canal7_slp\",\"https:\\\/\\\/www.youtube.com\\\/channel\\\/UCliiYs-gP3JfJeqdPrNdd5A\"]},{\"@type\":\"Person\",\"@id\":\"https:\\\/\\\/canal7slp.tv\\\/2025\\\/#\\\/schema\\\/person\\\/271e2b60a96e7cc9d9ac296f4d7e414b\",\"name\":\"Edici\u00f3n Web\",\"image\":{\"@type\":\"ImageObject\",\"inLanguage\":\"es\",\"@id\":\"https:\\\/\\\/secure.gravatar.com\\\/avatar\\\/eee448fc3f7164808013b816ba91ac7e43bbe82a70bebac296f8bc6f0addaa1a?s=96&d=mm&r=g\",\"url\":\"https:\\\/\\\/secure.gravatar.com\\\/avatar\\\/eee448fc3f7164808013b816ba91ac7e43bbe82a70bebac296f8bc6f0addaa1a?s=96&d=mm&r=g\",\"contentUrl\":\"https:\\\/\\\/secure.gravatar.com\\\/avatar\\\/eee448fc3f7164808013b816ba91ac7e43bbe82a70bebac296f8bc6f0addaa1a?s=96&d=mm&r=g\",\"caption\":\"Edici\u00f3n Web\"},\"url\":\"https:\\\/\\\/canal7slp.tv\\\/2025\\\/author\\\/edicionweb\\\/\"}]}<\/script>\n<!-- \/ Yoast SEO plugin. -->","yoast_head_json":{"title":"Destaca la SSPC coordinaci\u00f3n con la Guardia Nacional ante hechos de rapi\u00f1a en SLP - Canal 7 SLP - 2025","robots":{"index":"index","follow":"follow","max-snippet":"max-snippet:-1","max-image-preview":"max-image-preview:large","max-video-preview":"max-video-preview:-1"},"canonical":"https:\/\/canal7slp.tv\/2025\/destaca-la-sspc-coordinacion-con-la-guardia-nacional-ante-hechos-de-rapina-en-slp\/","og_locale":"es_ES","og_type":"article","og_title":"Destaca la SSPC coordinaci\u00f3n con la Guardia Nacional ante hechos de rapi\u00f1a en SLP - Canal 7 SLP - 2025","og_description":"SLP.- La Secretar\u00eda de Seguridad y Protecci\u00f3n Ciudadana (SSPC) del Estado inform\u00f3 que mantiene coordinaci\u00f3n con la Guardia Nacional para intervenir en casos de rapi\u00f1a. El titular de la dependencia, Jes\u00fas Ju\u00e1rez Hern\u00e1ndez, explic\u00f3 que las autoridades estatales act\u00faan cuando se recibe una solicitud de apoyo por parte de la Guardia Nacional. \u201cNosotros generalmente nos damos cuenta cuando la Guardia Nacional nos pide apoyo para la contenci\u00f3n de que no haya rapi\u00f1a en alg\u00fan accidente\u201d, dijo. Indic\u00f3 que estos hechos suelen presentarse tras accidentes carreteros, por lo que se refuerzan los operativos para contener la situaci\u00f3n y evitar saqueos. El [&hellip;]","og_url":"https:\/\/canal7slp.tv\/2025\/destaca-la-sspc-coordinacion-con-la-guardia-nacional-ante-hechos-de-rapina-en-slp\/","og_site_name":"Canal 7 SLP - 2025","article_publisher":"https:\/\/www.facebook.com\/noticieroscanal7atencionciudadana\/","article_published_time":"2025-08-05T22:31:22+00:00","og_image":[{"width":1280,"height":720,"url":"https:\/\/canal7slp.tv\/2025\/wp-content\/uploads\/2025\/08\/Vazquez04SSPCRainia.jpg","type":"image\/jpeg"}],"author":"Edici\u00f3n Web","twitter_card":"summary_large_image","twitter_creator":"@NOTICIEROS7","twitter_site":"@NOTICIEROS7","twitter_misc":{"Escrito por":"Edici\u00f3n Web","Tiempo de lectura":"2 minutos"},"schema":{"@context":"https:\/\/schema.org","@graph":[{"@type":"Article","@id":"https:\/\/canal7slp.tv\/2025\/destaca-la-sspc-coordinacion-con-la-guardia-nacional-ante-hechos-de-rapina-en-slp\/#article","isPartOf":{"@id":"https:\/\/canal7slp.tv\/2025\/destaca-la-sspc-coordinacion-con-la-guardia-nacional-ante-hechos-de-rapina-en-slp\/"},"author":{"name":"Edici\u00f3n Web","@id":"https:\/\/canal7slp.tv\/2025\/#\/schema\/person\/271e2b60a96e7cc9d9ac296f4d7e414b"},"headline":"Destaca la SSPC coordinaci\u00f3n con la Guardia Nacional ante hechos de rapi\u00f1a en SLP","datePublished":"2025-08-05T22:31:22+00:00","mainEntityOfPage":{"@id":"https:\/\/canal7slp.tv\/2025\/destaca-la-sspc-coordinacion-con-la-guardia-nacional-ante-hechos-de-rapina-en-slp\/"},"wordCount":238,"publisher":{"@id":"https:\/\/canal7slp.tv\/2025\/#organization"},"image":{"@id":"https:\/\/canal7slp.tv\/2025\/destaca-la-sspc-coordinacion-con-la-guardia-nacional-ante-hechos-de-rapina-en-slp\/#primaryimage"},"thumbnailUrl":"https:\/\/canal7slp.tv\/2025\/wp-content\/uploads\/2025\/08\/Vazquez04SSPCRainia.jpg","articleSection":["DESTACADAS","GOBEDOSLP","LOCALES Y REGIONALES"],"inLanguage":"es"},{"@type":"WebPage","@id":"https:\/\/canal7slp.tv\/2025\/destaca-la-sspc-coordinacion-con-la-guardia-nacional-ante-hechos-de-rapina-en-slp\/","url":"https:\/\/canal7slp.tv\/2025\/destaca-la-sspc-coordinacion-con-la-guardia-nacional-ante-hechos-de-rapina-en-slp\/","name":"Destaca la SSPC coordinaci\u00f3n con la Guardia Nacional ante hechos de rapi\u00f1a en SLP - Canal 7 SLP - 2025","isPartOf":{"@id":"https:\/\/canal7slp.tv\/2025\/#website"},"primaryImageOfPage":{"@id":"https:\/\/canal7slp.tv\/2025\/destaca-la-sspc-coordinacion-con-la-guardia-nacional-ante-hechos-de-rapina-en-slp\/#primaryimage"},"image":{"@id":"https:\/\/canal7slp.tv\/2025\/destaca-la-sspc-coordinacion-con-la-guardia-nacional-ante-hechos-de-rapina-en-slp\/#primaryimage"},"thumbnailUrl":"https:\/\/canal7slp.tv\/2025\/wp-content\/uploads\/2025\/08\/Vazquez04SSPCRainia.jpg","datePublished":"2025-08-05T22:31:22+00:00","breadcrumb":{"@id":"https:\/\/canal7slp.tv\/2025\/destaca-la-sspc-coordinacion-con-la-guardia-nacional-ante-hechos-de-rapina-en-slp\/#breadcrumb"},"inLanguage":"es","potentialAction":[{"@type":"ReadAction","target":["https:\/\/canal7slp.tv\/2025\/destaca-la-sspc-coordinacion-con-la-guardia-nacional-ante-hechos-de-rapina-en-slp\/"]}]},{"@type":"ImageObject","inLanguage":"es","@id":"https:\/\/canal7slp.tv\/2025\/destaca-la-sspc-coordinacion-con-la-guardia-nacional-ante-hechos-de-rapina-en-slp\/#primaryimage","url":"https:\/\/canal7slp.tv\/2025\/wp-content\/uploads\/2025\/08\/Vazquez04SSPCRainia.jpg","contentUrl":"https:\/\/canal7slp.tv\/2025\/wp-content\/uploads\/2025\/08\/Vazquez04SSPCRainia.jpg","width":1280,"height":720},{"@type":"BreadcrumbList","@id":"https:\/\/canal7slp.tv\/2025\/destaca-la-sspc-coordinacion-con-la-guardia-nacional-ante-hechos-de-rapina-en-slp\/#breadcrumb","itemListElement":[{"@type":"ListItem","position":1,"name":"Portada","item":"https:\/\/canal7slp.tv\/2025\/"},{"@type":"ListItem","position":2,"name":"Destaca la SSPC coordinaci\u00f3n con la Guardia Nacional ante hechos de rapi\u00f1a en SLP"}]},{"@type":"WebSite","@id":"https:\/\/canal7slp.tv\/2025\/#website","url":"https:\/\/canal7slp.tv\/2025\/","name":"N7 - Noticieros Canal 7","description":"Somos el Medio","publisher":{"@id":"https:\/\/canal7slp.tv\/2025\/#organization"},"potentialAction":[{"@type":"SearchAction","target":{"@type":"EntryPoint","urlTemplate":"https:\/\/canal7slp.tv\/2025\/?s={search_term_string}"},"query-input":{"@type":"PropertyValueSpecification","valueRequired":true,"valueName":"search_term_string"}}],"inLanguage":"es"},{"@type":"Organization","@id":"https:\/\/canal7slp.tv\/2025\/#organization","name":"Noticieros Canal 7","url":"https:\/\/canal7slp.tv\/2025\/","logo":{"@type":"ImageObject","inLanguage":"es","@id":"https:\/\/canal7slp.tv\/2025\/#\/schema\/logo\/image\/","url":"https:\/\/canal7slp.tv\/2025\/wp-content\/uploads\/2021\/01\/logo-noticieros@2x.png","contentUrl":"https:\/\/canal7slp.tv\/2025\/wp-content\/uploads\/2021\/01\/logo-noticieros@2x.png","width":1017,"height":268,"caption":"Noticieros Canal 7"},"image":{"@id":"https:\/\/canal7slp.tv\/2025\/#\/schema\/logo\/image\/"},"sameAs":["https:\/\/www.facebook.com\/noticieroscanal7atencionciudadana\/","https:\/\/x.com\/NOTICIEROS7","https:\/\/www.instagram.com\/canal7_slp","https:\/\/www.youtube.com\/channel\/UCliiYs-gP3JfJeqdPrNdd5A"]},{"@type":"Person","@id":"https:\/\/canal7slp.tv\/2025\/#\/schema\/person\/271e2b60a96e7cc9d9ac296f4d7e414b","name":"Edici\u00f3n Web","image":{"@type":"ImageObject","inLanguage":"es","@id":"https:\/\/secure.gravatar.com\/avatar\/eee448fc3f7164808013b816ba91ac7e43bbe82a70bebac296f8bc6f0addaa1a?s=96&d=mm&r=g","url":"https:\/\/secure.gravatar.com\/avatar\/eee448fc3f7164808013b816ba91ac7e43bbe82a70bebac296f8bc6f0addaa1a?s=96&d=mm&r=g","contentUrl":"https:\/\/secure.gravatar.com\/avatar\/eee448fc3f7164808013b816ba91ac7e43bbe82a70bebac296f8bc6f0addaa1a?s=96&d=mm&r=g","caption":"Edici\u00f3n Web"},"url":"https:\/\/canal7slp.tv\/2025\/author\/edicionweb\/"}]}},"_links":{"self":[{"href":"https:\/\/canal7slp.tv\/2025\/wp-json\/wp\/v2\/posts\/175515","targetHints":{"allow":["GET"]}}],"collection":[{"href":"https:\/\/canal7slp.tv\/2025\/wp-json\/wp\/v2\/posts"}],"about":[{"href":"https:\/\/canal7slp.tv\/2025\/wp-json\/wp\/v2\/types\/post"}],"author":[{"embeddable":true,"href":"https:\/\/canal7slp.tv\/2025\/wp-json\/wp\/v2\/users\/2"}],"replies":[{"embeddable":true,"href":"https:\/\/canal7slp.tv\/2025\/wp-json\/wp\/v2\/comments?post=175515"}],"version-history":[{"count":1,"href":"https:\/\/canal7slp.tv\/2025\/wp-json\/wp\/v2\/posts\/175515\/revisions"}],"predecessor-version":[{"id":175518,"href":"https:\/\/canal7slp.tv\/2025\/wp-json\/wp\/v2\/posts\/175515\/revisions\/175518"}],"wp:featuredmedia":[{"embeddable":true,"href":"https:\/\/canal7slp.tv\/2025\/wp-json\/wp\/v2\/media\/175517"}],"wp:attachment":[{"href":"https:\/\/canal7slp.tv\/2025\/wp-json\/wp\/v2\/media?parent=175515"}],"wp:term":[{"taxonomy":"category","embeddable":true,"href":"https:\/\/canal7slp.tv\/2025\/wp-json\/wp\/v2\/categories?post=175515"},{"taxonomy":"post_tag","embeddable":true,"href":"https:\/\/canal7slp.tv\/2025\/wp-json\/wp\/v2\/tags?post=175515"}],"curies":[{"name":"wp","href":"https:\/\/api.w.org\/{rel}","templated":true}]}}