{"id":175511,"date":"2025-08-05T16:13:55","date_gmt":"2025-08-05T22:13:55","guid":{"rendered":"https:\/\/canal7slp.tv\/2025\/?p=175511"},"modified":"2025-08-05T16:13:55","modified_gmt":"2025-08-05T22:13:55","slug":"presenta-el-ieea-nuevo-modulo-de-alfabetizacion-en-san-luis-potosi","status":"publish","type":"post","link":"https:\/\/canal7slp.tv\/2025\/presenta-el-ieea-nuevo-modulo-de-alfabetizacion-en-san-luis-potosi\/","title":{"rendered":"Presenta el IEEA nuevo m\u00f3dulo de alfabetizaci\u00f3n en San Luis Potos\u00ed"},"content":{"rendered":"<p style=\"text-align: justify;\"><span style=\"font-size: 1.21429rem;\">SLP.- El Instituto Estatal de Educaci\u00f3n para Adultos present\u00f3 el m\u00f3dulo \u00abNombrando y contando al mundo\u00bb 2025 que ofrecer\u00e1 certificados de primaria y secundaria sin costo alguno.<\/span><\/p>\n<p style=\"text-align: justify;\">Fue el director, general, Jos\u00e9 Luis Castro Castillo, qui\u00e9n habl\u00f3 sobre la importancia de este programa que abarca a la poblaci\u00f3n en general, desde las personas privadas de su libertad, migrantes y aquellas pertenecientes a pueblos originarios.<\/p>\n<p style=\"text-align: justify;\">\u00abQueremos que conozcan el nuevo m\u00f3dulo con el que estamos trabajando en este 2025, quiero que la sociedad sepa que el Instituto Estatal de Educaci\u00f3n genera acciones de calidad con la nueva escuela mexicana\u00bb, dijo.<\/p>\n<p style=\"text-align: justify;\">Continu\u00f3: \u00abQuiero que sepan c\u00f3mo estamos construyendo, c\u00f3mo lo hacemos; como ustedes vieron, tenemos en La Pila 800 personas que no saben leer, que no saben escribir, ellas tienen un derecho el aprender y si es la obligaci\u00f3n que se tiene por parte de esta instituci\u00f3n\u00bb.<\/p>\n<p style=\"text-align: justify;\">Record\u00f3 que dicha encomienda se tiene por parte del ejecutivo local.<\/p>\n<p style=\"text-align: justify;\">\u00abNos han exigido que ning\u00fan potosino se quede sin aprender a leer, estamos generando una campa\u00f1a de alfabetizaci\u00f3n en todo nuestro estado\u00bb, insisti\u00f3.<\/p>\n<p style=\"text-align: justify;\">Destac\u00f3 que los materiales que se usan dirigidos a las personas ind\u00edgenas, fueron creados justamente por ellos mismos.<\/p>\n<p style=\"text-align: justify;\">\u00abTenemos aproximadamente 2 mil 500 personas con las cuales estamos trabajando a trav\u00e9s de un m\u00f3dulo un libro que fue creado con la ayuda de ellos, c\u00f3mo respetar su lengua madre, una alfabetizaci\u00f3n que logremos construir a trav\u00e9s de su lengua a trav\u00e9s de sus leyendas, y de sus f\u00e1bulas\u00bb, coment\u00f3.<\/p>\n<p style=\"text-align: justify;\">El proceso de alfabetizaci\u00f3n para este m\u00f3dulo contempla un par de libros, el primero parte de un aprendizaje de las vocales y consonantes, por lo que va dirigido a todas esas personas que no tienen conocimientos de escritura, pero que llegar\u00e1n a dominar la lectura de textos.<\/p>\n<p style=\"text-align: justify;\">El libro de alfabetizaci\u00f3n 2 est\u00e1 dirigido para los niveles intermedio y avanzado donde se desarrollan las capacidades comunicativas y matem\u00e1ticas, as\u00ed como los derechos fundamentales a nivel social.<\/p>\n<p style=\"text-align: justify;\">Adem\u00e1s, se cuenta con otro tipo de material para la vida y el trabajo para d\u00e9biles visuales que consta de nueve m\u00f3dulos, as\u00ed como las herramientas que se crearon para no dejar de lado a las personas ind\u00edgenas, sobretodo de la Huasteca potosina.<\/p>\n<p>Por: Jos\u00e9 Luis V\u00e1zquez<\/p>\n","protected":false},"excerpt":{"rendered":"<p>SLP.- El Instituto Estatal de Educaci\u00f3n para Adultos present\u00f3 el m\u00f3dulo \u00abNombrando y contando al mundo\u00bb 2025 que ofrecer\u00e1 certificados de primaria y secundaria sin costo alguno. Fue el director, general, Jos\u00e9 Luis Castro Castillo, qui\u00e9n habl\u00f3 sobre la importancia de este programa que abarca a la poblaci\u00f3n en general, desde las personas privadas de su libertad, migrantes y aquellas pertenecientes a pueblos originarios. \u00abQueremos que conozcan el nuevo m\u00f3dulo con el que estamos trabajando en este 2025, quiero que la sociedad sepa que el Instituto Estatal de Educaci\u00f3n genera acciones de calidad con la nueva escuela mexicana\u00bb, dijo. Continu\u00f3: [&hellip;]<\/p>\n","protected":false},"author":2,"featured_media":175513,"comment_status":"closed","ping_status":"closed","sticky":false,"template":"","format":"video","meta":{"_monsterinsights_skip_tracking":false,"_monsterinsights_sitenote_active":false,"_monsterinsights_sitenote_note":"","_monsterinsights_sitenote_category":0,"footnotes":""},"categories":[5,45],"tags":[],"class_list":["post-175511","post","type-post","status-publish","format-video","has-post-thumbnail","hentry","category-destacadas","category-localesyregionales","post_format-post-format-video","post--single"],"yoast_head":"<!-- This site is optimized with the Yoast SEO plugin v27.5 - https:\/\/yoast.com\/product\/yoast-seo-wordpress\/ -->\n<title>Presenta el IEEA nuevo m\u00f3dulo de alfabetizaci\u00f3n en San Luis Potos\u00ed - Canal 7 SLP - 2025<\/title>\n<meta name=\"robots\" content=\"index, follow, max-snippet:-1, max-image-preview:large, max-video-preview:-1\" \/>\n<link rel=\"canonical\" href=\"https:\/\/canal7slp.tv\/2025\/presenta-el-ieea-nuevo-modulo-de-alfabetizacion-en-san-luis-potosi\/\" \/>\n<meta property=\"og:locale\" content=\"es_ES\" \/>\n<meta property=\"og:type\" content=\"article\" \/>\n<meta property=\"og:title\" content=\"Presenta el IEEA nuevo m\u00f3dulo de alfabetizaci\u00f3n en San Luis Potos\u00ed - Canal 7 SLP - 2025\" \/>\n<meta property=\"og:description\" content=\"SLP.- El Instituto Estatal de Educaci\u00f3n para Adultos present\u00f3 el m\u00f3dulo \u00abNombrando y contando al mundo\u00bb 2025 que ofrecer\u00e1 certificados de primaria y secundaria sin costo alguno. Fue el director, general, Jos\u00e9 Luis Castro Castillo, qui\u00e9n habl\u00f3 sobre la importancia de este programa que abarca a la poblaci\u00f3n en general, desde las personas privadas de su libertad, migrantes y aquellas pertenecientes a pueblos originarios. \u00abQueremos que conozcan el nuevo m\u00f3dulo con el que estamos trabajando en este 2025, quiero que la sociedad sepa que el Instituto Estatal de Educaci\u00f3n genera acciones de calidad con la nueva escuela mexicana\u00bb, dijo. Continu\u00f3: [&hellip;]\" \/>\n<meta property=\"og:url\" content=\"https:\/\/canal7slp.tv\/2025\/presenta-el-ieea-nuevo-modulo-de-alfabetizacion-en-san-luis-potosi\/\" \/>\n<meta property=\"og:site_name\" content=\"Canal 7 SLP - 2025\" \/>\n<meta property=\"article:publisher\" content=\"https:\/\/www.facebook.com\/noticieroscanal7atencionciudadana\/\" \/>\n<meta property=\"article:published_time\" content=\"2025-08-05T22:13:55+00:00\" \/>\n<meta property=\"og:image\" content=\"https:\/\/canal7slp.tv\/2025\/wp-content\/uploads\/2025\/08\/Vazquez03IEEA.jpg\" \/>\n\t<meta property=\"og:image:width\" content=\"1280\" \/>\n\t<meta property=\"og:image:height\" content=\"720\" \/>\n\t<meta property=\"og:image:type\" content=\"image\/jpeg\" \/>\n<meta name=\"author\" content=\"Edici\u00f3n Web\" \/>\n<meta name=\"twitter:card\" content=\"summary_large_image\" \/>\n<meta name=\"twitter:creator\" content=\"@NOTICIEROS7\" \/>\n<meta name=\"twitter:site\" content=\"@NOTICIEROS7\" \/>\n<meta name=\"twitter:label1\" content=\"Escrito por\" \/>\n\t<meta name=\"twitter:data1\" content=\"Edici\u00f3n Web\" \/>\n\t<meta name=\"twitter:label2\" content=\"Tiempo de lectura\" \/>\n\t<meta name=\"twitter:data2\" content=\"2 minutos\" \/>\n<script type=\"application\/ld+json\" class=\"yoast-schema-graph\">{\"@context\":\"https:\\\/\\\/schema.org\",\"@graph\":[{\"@type\":\"Article\",\"@id\":\"https:\\\/\\\/canal7slp.tv\\\/2025\\\/presenta-el-ieea-nuevo-modulo-de-alfabetizacion-en-san-luis-potosi\\\/#article\",\"isPartOf\":{\"@id\":\"https:\\\/\\\/canal7slp.tv\\\/2025\\\/presenta-el-ieea-nuevo-modulo-de-alfabetizacion-en-san-luis-potosi\\\/\"},\"author\":{\"name\":\"Edici\u00f3n Web\",\"@id\":\"https:\\\/\\\/canal7slp.tv\\\/2025\\\/#\\\/schema\\\/person\\\/271e2b60a96e7cc9d9ac296f4d7e414b\"},\"headline\":\"Presenta el IEEA nuevo m\u00f3dulo de alfabetizaci\u00f3n en San Luis Potos\u00ed\",\"datePublished\":\"2025-08-05T22:13:55+00:00\",\"mainEntityOfPage\":{\"@id\":\"https:\\\/\\\/canal7slp.tv\\\/2025\\\/presenta-el-ieea-nuevo-modulo-de-alfabetizacion-en-san-luis-potosi\\\/\"},\"wordCount\":410,\"publisher\":{\"@id\":\"https:\\\/\\\/canal7slp.tv\\\/2025\\\/#organization\"},\"image\":{\"@id\":\"https:\\\/\\\/canal7slp.tv\\\/2025\\\/presenta-el-ieea-nuevo-modulo-de-alfabetizacion-en-san-luis-potosi\\\/#primaryimage\"},\"thumbnailUrl\":\"https:\\\/\\\/canal7slp.tv\\\/2025\\\/wp-content\\\/uploads\\\/2025\\\/08\\\/Vazquez03IEEA.jpg\",\"articleSection\":[\"DESTACADAS\",\"LOCALES Y REGIONALES\"],\"inLanguage\":\"es\"},{\"@type\":\"WebPage\",\"@id\":\"https:\\\/\\\/canal7slp.tv\\\/2025\\\/presenta-el-ieea-nuevo-modulo-de-alfabetizacion-en-san-luis-potosi\\\/\",\"url\":\"https:\\\/\\\/canal7slp.tv\\\/2025\\\/presenta-el-ieea-nuevo-modulo-de-alfabetizacion-en-san-luis-potosi\\\/\",\"name\":\"Presenta el IEEA nuevo m\u00f3dulo de alfabetizaci\u00f3n en San Luis Potos\u00ed - Canal 7 SLP - 2025\",\"isPartOf\":{\"@id\":\"https:\\\/\\\/canal7slp.tv\\\/2025\\\/#website\"},\"primaryImageOfPage\":{\"@id\":\"https:\\\/\\\/canal7slp.tv\\\/2025\\\/presenta-el-ieea-nuevo-modulo-de-alfabetizacion-en-san-luis-potosi\\\/#primaryimage\"},\"image\":{\"@id\":\"https:\\\/\\\/canal7slp.tv\\\/2025\\\/presenta-el-ieea-nuevo-modulo-de-alfabetizacion-en-san-luis-potosi\\\/#primaryimage\"},\"thumbnailUrl\":\"https:\\\/\\\/canal7slp.tv\\\/2025\\\/wp-content\\\/uploads\\\/2025\\\/08\\\/Vazquez03IEEA.jpg\",\"datePublished\":\"2025-08-05T22:13:55+00:00\",\"breadcrumb\":{\"@id\":\"https:\\\/\\\/canal7slp.tv\\\/2025\\\/presenta-el-ieea-nuevo-modulo-de-alfabetizacion-en-san-luis-potosi\\\/#breadcrumb\"},\"inLanguage\":\"es\",\"potentialAction\":[{\"@type\":\"ReadAction\",\"target\":[\"https:\\\/\\\/canal7slp.tv\\\/2025\\\/presenta-el-ieea-nuevo-modulo-de-alfabetizacion-en-san-luis-potosi\\\/\"]}]},{\"@type\":\"ImageObject\",\"inLanguage\":\"es\",\"@id\":\"https:\\\/\\\/canal7slp.tv\\\/2025\\\/presenta-el-ieea-nuevo-modulo-de-alfabetizacion-en-san-luis-potosi\\\/#primaryimage\",\"url\":\"https:\\\/\\\/canal7slp.tv\\\/2025\\\/wp-content\\\/uploads\\\/2025\\\/08\\\/Vazquez03IEEA.jpg\",\"contentUrl\":\"https:\\\/\\\/canal7slp.tv\\\/2025\\\/wp-content\\\/uploads\\\/2025\\\/08\\\/Vazquez03IEEA.jpg\",\"width\":1280,\"height\":720},{\"@type\":\"BreadcrumbList\",\"@id\":\"https:\\\/\\\/canal7slp.tv\\\/2025\\\/presenta-el-ieea-nuevo-modulo-de-alfabetizacion-en-san-luis-potosi\\\/#breadcrumb\",\"itemListElement\":[{\"@type\":\"ListItem\",\"position\":1,\"name\":\"Portada\",\"item\":\"https:\\\/\\\/canal7slp.tv\\\/2025\\\/\"},{\"@type\":\"ListItem\",\"position\":2,\"name\":\"Presenta el IEEA nuevo m\u00f3dulo de alfabetizaci\u00f3n en San Luis Potos\u00ed\"}]},{\"@type\":\"WebSite\",\"@id\":\"https:\\\/\\\/canal7slp.tv\\\/2025\\\/#website\",\"url\":\"https:\\\/\\\/canal7slp.tv\\\/2025\\\/\",\"name\":\"N7 - Noticieros Canal 7\",\"description\":\"Somos el Medio\",\"publisher\":{\"@id\":\"https:\\\/\\\/canal7slp.tv\\\/2025\\\/#organization\"},\"potentialAction\":[{\"@type\":\"SearchAction\",\"target\":{\"@type\":\"EntryPoint\",\"urlTemplate\":\"https:\\\/\\\/canal7slp.tv\\\/2025\\\/?s={search_term_string}\"},\"query-input\":{\"@type\":\"PropertyValueSpecification\",\"valueRequired\":true,\"valueName\":\"search_term_string\"}}],\"inLanguage\":\"es\"},{\"@type\":\"Organization\",\"@id\":\"https:\\\/\\\/canal7slp.tv\\\/2025\\\/#organization\",\"name\":\"Noticieros Canal 7\",\"url\":\"https:\\\/\\\/canal7slp.tv\\\/2025\\\/\",\"logo\":{\"@type\":\"ImageObject\",\"inLanguage\":\"es\",\"@id\":\"https:\\\/\\\/canal7slp.tv\\\/2025\\\/#\\\/schema\\\/logo\\\/image\\\/\",\"url\":\"https:\\\/\\\/canal7slp.tv\\\/2025\\\/wp-content\\\/uploads\\\/2021\\\/01\\\/logo-noticieros@2x.png\",\"contentUrl\":\"https:\\\/\\\/canal7slp.tv\\\/2025\\\/wp-content\\\/uploads\\\/2021\\\/01\\\/logo-noticieros@2x.png\",\"width\":1017,\"height\":268,\"caption\":\"Noticieros Canal 7\"},\"image\":{\"@id\":\"https:\\\/\\\/canal7slp.tv\\\/2025\\\/#\\\/schema\\\/logo\\\/image\\\/\"},\"sameAs\":[\"https:\\\/\\\/www.facebook.com\\\/noticieroscanal7atencionciudadana\\\/\",\"https:\\\/\\\/x.com\\\/NOTICIEROS7\",\"https:\\\/\\\/www.instagram.com\\\/canal7_slp\",\"https:\\\/\\\/www.youtube.com\\\/channel\\\/UCliiYs-gP3JfJeqdPrNdd5A\"]},{\"@type\":\"Person\",\"@id\":\"https:\\\/\\\/canal7slp.tv\\\/2025\\\/#\\\/schema\\\/person\\\/271e2b60a96e7cc9d9ac296f4d7e414b\",\"name\":\"Edici\u00f3n Web\",\"image\":{\"@type\":\"ImageObject\",\"inLanguage\":\"es\",\"@id\":\"https:\\\/\\\/secure.gravatar.com\\\/avatar\\\/eee448fc3f7164808013b816ba91ac7e43bbe82a70bebac296f8bc6f0addaa1a?s=96&d=mm&r=g\",\"url\":\"https:\\\/\\\/secure.gravatar.com\\\/avatar\\\/eee448fc3f7164808013b816ba91ac7e43bbe82a70bebac296f8bc6f0addaa1a?s=96&d=mm&r=g\",\"contentUrl\":\"https:\\\/\\\/secure.gravatar.com\\\/avatar\\\/eee448fc3f7164808013b816ba91ac7e43bbe82a70bebac296f8bc6f0addaa1a?s=96&d=mm&r=g\",\"caption\":\"Edici\u00f3n Web\"},\"url\":\"https:\\\/\\\/canal7slp.tv\\\/2025\\\/author\\\/edicionweb\\\/\"}]}<\/script>\n<!-- \/ Yoast SEO plugin. -->","yoast_head_json":{"title":"Presenta el IEEA nuevo m\u00f3dulo de alfabetizaci\u00f3n en San Luis Potos\u00ed - Canal 7 SLP - 2025","robots":{"index":"index","follow":"follow","max-snippet":"max-snippet:-1","max-image-preview":"max-image-preview:large","max-video-preview":"max-video-preview:-1"},"canonical":"https:\/\/canal7slp.tv\/2025\/presenta-el-ieea-nuevo-modulo-de-alfabetizacion-en-san-luis-potosi\/","og_locale":"es_ES","og_type":"article","og_title":"Presenta el IEEA nuevo m\u00f3dulo de alfabetizaci\u00f3n en San Luis Potos\u00ed - Canal 7 SLP - 2025","og_description":"SLP.- El Instituto Estatal de Educaci\u00f3n para Adultos present\u00f3 el m\u00f3dulo \u00abNombrando y contando al mundo\u00bb 2025 que ofrecer\u00e1 certificados de primaria y secundaria sin costo alguno. Fue el director, general, Jos\u00e9 Luis Castro Castillo, qui\u00e9n habl\u00f3 sobre la importancia de este programa que abarca a la poblaci\u00f3n en general, desde las personas privadas de su libertad, migrantes y aquellas pertenecientes a pueblos originarios. \u00abQueremos que conozcan el nuevo m\u00f3dulo con el que estamos trabajando en este 2025, quiero que la sociedad sepa que el Instituto Estatal de Educaci\u00f3n genera acciones de calidad con la nueva escuela mexicana\u00bb, dijo. Continu\u00f3: [&hellip;]","og_url":"https:\/\/canal7slp.tv\/2025\/presenta-el-ieea-nuevo-modulo-de-alfabetizacion-en-san-luis-potosi\/","og_site_name":"Canal 7 SLP - 2025","article_publisher":"https:\/\/www.facebook.com\/noticieroscanal7atencionciudadana\/","article_published_time":"2025-08-05T22:13:55+00:00","og_image":[{"width":1280,"height":720,"url":"https:\/\/canal7slp.tv\/2025\/wp-content\/uploads\/2025\/08\/Vazquez03IEEA.jpg","type":"image\/jpeg"}],"author":"Edici\u00f3n Web","twitter_card":"summary_large_image","twitter_creator":"@NOTICIEROS7","twitter_site":"@NOTICIEROS7","twitter_misc":{"Escrito por":"Edici\u00f3n Web","Tiempo de lectura":"2 minutos"},"schema":{"@context":"https:\/\/schema.org","@graph":[{"@type":"Article","@id":"https:\/\/canal7slp.tv\/2025\/presenta-el-ieea-nuevo-modulo-de-alfabetizacion-en-san-luis-potosi\/#article","isPartOf":{"@id":"https:\/\/canal7slp.tv\/2025\/presenta-el-ieea-nuevo-modulo-de-alfabetizacion-en-san-luis-potosi\/"},"author":{"name":"Edici\u00f3n Web","@id":"https:\/\/canal7slp.tv\/2025\/#\/schema\/person\/271e2b60a96e7cc9d9ac296f4d7e414b"},"headline":"Presenta el IEEA nuevo m\u00f3dulo de alfabetizaci\u00f3n en San Luis Potos\u00ed","datePublished":"2025-08-05T22:13:55+00:00","mainEntityOfPage":{"@id":"https:\/\/canal7slp.tv\/2025\/presenta-el-ieea-nuevo-modulo-de-alfabetizacion-en-san-luis-potosi\/"},"wordCount":410,"publisher":{"@id":"https:\/\/canal7slp.tv\/2025\/#organization"},"image":{"@id":"https:\/\/canal7slp.tv\/2025\/presenta-el-ieea-nuevo-modulo-de-alfabetizacion-en-san-luis-potosi\/#primaryimage"},"thumbnailUrl":"https:\/\/canal7slp.tv\/2025\/wp-content\/uploads\/2025\/08\/Vazquez03IEEA.jpg","articleSection":["DESTACADAS","LOCALES Y REGIONALES"],"inLanguage":"es"},{"@type":"WebPage","@id":"https:\/\/canal7slp.tv\/2025\/presenta-el-ieea-nuevo-modulo-de-alfabetizacion-en-san-luis-potosi\/","url":"https:\/\/canal7slp.tv\/2025\/presenta-el-ieea-nuevo-modulo-de-alfabetizacion-en-san-luis-potosi\/","name":"Presenta el IEEA nuevo m\u00f3dulo de alfabetizaci\u00f3n en San Luis Potos\u00ed - Canal 7 SLP - 2025","isPartOf":{"@id":"https:\/\/canal7slp.tv\/2025\/#website"},"primaryImageOfPage":{"@id":"https:\/\/canal7slp.tv\/2025\/presenta-el-ieea-nuevo-modulo-de-alfabetizacion-en-san-luis-potosi\/#primaryimage"},"image":{"@id":"https:\/\/canal7slp.tv\/2025\/presenta-el-ieea-nuevo-modulo-de-alfabetizacion-en-san-luis-potosi\/#primaryimage"},"thumbnailUrl":"https:\/\/canal7slp.tv\/2025\/wp-content\/uploads\/2025\/08\/Vazquez03IEEA.jpg","datePublished":"2025-08-05T22:13:55+00:00","breadcrumb":{"@id":"https:\/\/canal7slp.tv\/2025\/presenta-el-ieea-nuevo-modulo-de-alfabetizacion-en-san-luis-potosi\/#breadcrumb"},"inLanguage":"es","potentialAction":[{"@type":"ReadAction","target":["https:\/\/canal7slp.tv\/2025\/presenta-el-ieea-nuevo-modulo-de-alfabetizacion-en-san-luis-potosi\/"]}]},{"@type":"ImageObject","inLanguage":"es","@id":"https:\/\/canal7slp.tv\/2025\/presenta-el-ieea-nuevo-modulo-de-alfabetizacion-en-san-luis-potosi\/#primaryimage","url":"https:\/\/canal7slp.tv\/2025\/wp-content\/uploads\/2025\/08\/Vazquez03IEEA.jpg","contentUrl":"https:\/\/canal7slp.tv\/2025\/wp-content\/uploads\/2025\/08\/Vazquez03IEEA.jpg","width":1280,"height":720},{"@type":"BreadcrumbList","@id":"https:\/\/canal7slp.tv\/2025\/presenta-el-ieea-nuevo-modulo-de-alfabetizacion-en-san-luis-potosi\/#breadcrumb","itemListElement":[{"@type":"ListItem","position":1,"name":"Portada","item":"https:\/\/canal7slp.tv\/2025\/"},{"@type":"ListItem","position":2,"name":"Presenta el IEEA nuevo m\u00f3dulo de alfabetizaci\u00f3n en San Luis Potos\u00ed"}]},{"@type":"WebSite","@id":"https:\/\/canal7slp.tv\/2025\/#website","url":"https:\/\/canal7slp.tv\/2025\/","name":"N7 - Noticieros Canal 7","description":"Somos el Medio","publisher":{"@id":"https:\/\/canal7slp.tv\/2025\/#organization"},"potentialAction":[{"@type":"SearchAction","target":{"@type":"EntryPoint","urlTemplate":"https:\/\/canal7slp.tv\/2025\/?s={search_term_string}"},"query-input":{"@type":"PropertyValueSpecification","valueRequired":true,"valueName":"search_term_string"}}],"inLanguage":"es"},{"@type":"Organization","@id":"https:\/\/canal7slp.tv\/2025\/#organization","name":"Noticieros Canal 7","url":"https:\/\/canal7slp.tv\/2025\/","logo":{"@type":"ImageObject","inLanguage":"es","@id":"https:\/\/canal7slp.tv\/2025\/#\/schema\/logo\/image\/","url":"https:\/\/canal7slp.tv\/2025\/wp-content\/uploads\/2021\/01\/logo-noticieros@2x.png","contentUrl":"https:\/\/canal7slp.tv\/2025\/wp-content\/uploads\/2021\/01\/logo-noticieros@2x.png","width":1017,"height":268,"caption":"Noticieros Canal 7"},"image":{"@id":"https:\/\/canal7slp.tv\/2025\/#\/schema\/logo\/image\/"},"sameAs":["https:\/\/www.facebook.com\/noticieroscanal7atencionciudadana\/","https:\/\/x.com\/NOTICIEROS7","https:\/\/www.instagram.com\/canal7_slp","https:\/\/www.youtube.com\/channel\/UCliiYs-gP3JfJeqdPrNdd5A"]},{"@type":"Person","@id":"https:\/\/canal7slp.tv\/2025\/#\/schema\/person\/271e2b60a96e7cc9d9ac296f4d7e414b","name":"Edici\u00f3n Web","image":{"@type":"ImageObject","inLanguage":"es","@id":"https:\/\/secure.gravatar.com\/avatar\/eee448fc3f7164808013b816ba91ac7e43bbe82a70bebac296f8bc6f0addaa1a?s=96&d=mm&r=g","url":"https:\/\/secure.gravatar.com\/avatar\/eee448fc3f7164808013b816ba91ac7e43bbe82a70bebac296f8bc6f0addaa1a?s=96&d=mm&r=g","contentUrl":"https:\/\/secure.gravatar.com\/avatar\/eee448fc3f7164808013b816ba91ac7e43bbe82a70bebac296f8bc6f0addaa1a?s=96&d=mm&r=g","caption":"Edici\u00f3n Web"},"url":"https:\/\/canal7slp.tv\/2025\/author\/edicionweb\/"}]}},"_links":{"self":[{"href":"https:\/\/canal7slp.tv\/2025\/wp-json\/wp\/v2\/posts\/175511","targetHints":{"allow":["GET"]}}],"collection":[{"href":"https:\/\/canal7slp.tv\/2025\/wp-json\/wp\/v2\/posts"}],"about":[{"href":"https:\/\/canal7slp.tv\/2025\/wp-json\/wp\/v2\/types\/post"}],"author":[{"embeddable":true,"href":"https:\/\/canal7slp.tv\/2025\/wp-json\/wp\/v2\/users\/2"}],"replies":[{"embeddable":true,"href":"https:\/\/canal7slp.tv\/2025\/wp-json\/wp\/v2\/comments?post=175511"}],"version-history":[{"count":1,"href":"https:\/\/canal7slp.tv\/2025\/wp-json\/wp\/v2\/posts\/175511\/revisions"}],"predecessor-version":[{"id":175514,"href":"https:\/\/canal7slp.tv\/2025\/wp-json\/wp\/v2\/posts\/175511\/revisions\/175514"}],"wp:featuredmedia":[{"embeddable":true,"href":"https:\/\/canal7slp.tv\/2025\/wp-json\/wp\/v2\/media\/175513"}],"wp:attachment":[{"href":"https:\/\/canal7slp.tv\/2025\/wp-json\/wp\/v2\/media?parent=175511"}],"wp:term":[{"taxonomy":"category","embeddable":true,"href":"https:\/\/canal7slp.tv\/2025\/wp-json\/wp\/v2\/categories?post=175511"},{"taxonomy":"post_tag","embeddable":true,"href":"https:\/\/canal7slp.tv\/2025\/wp-json\/wp\/v2\/tags?post=175511"}],"curies":[{"name":"wp","href":"https:\/\/api.w.org\/{rel}","templated":true}]}}