{"id":175166,"date":"2025-08-01T19:33:30","date_gmt":"2025-08-02T01:33:30","guid":{"rendered":"https:\/\/canal7slp.tv\/2025\/?p=175166"},"modified":"2025-08-01T19:33:30","modified_gmt":"2025-08-02T01:33:30","slug":"congreso-salvadoreno-elimina-segunda-vuelta-y-extiende-mandato-presidencial","status":"publish","type":"post","link":"https:\/\/canal7slp.tv\/2025\/congreso-salvadoreno-elimina-segunda-vuelta-y-extiende-mandato-presidencial\/","title":{"rendered":"Congreso salvadore\u00f1o elimina segunda vuelta y extiende mandato presidencial"},"content":{"rendered":"<p style=\"text-align: justify;\">San Salvador.- El partido oficialista Nuevas Ideas, al que pertenece el presidente Nayib Bukele, aprob\u00f3 una serie de reformas constitucionales que permiten la reelecci\u00f3n presidencial indefinida y ampl\u00edan la duraci\u00f3n del mandato presidencial de cinco a seis a\u00f1os. Los cambios, propuestos por la diputada Ana Figueroa, tambi\u00e9n suprimen la segunda vuelta electoral, permitiendo que el candidato con m\u00e1s votos en la primera ronda sea declarado ganador.<\/p>\n<p style=\"text-align: justify;\">La reforma fue avalada por 57 votos a favor y tres en contra en la Asamblea Legislativa, lo que permiti\u00f3 modificar cinco art\u00edculos de la Constituci\u00f3n. Bukele, quien ya obtuvo un segundo mandato en 2024 tras un controvertido fallo de la Corte Suprema en 2021, ahora podr\u00e1 postularse sin restricciones en futuras elecciones.<\/p>\n<p style=\"text-align: justify;\">Desde su llegada al poder en 2019, Bukele ha gozado de alta popularidad, impulsada por su f\u00e9rrea pol\u00edtica de seguridad contra las pandillas, que ha reducido significativamente los \u00edndices de violencia. Tambi\u00e9n ha mantenido una relaci\u00f3n cercana con el gobierno de Estados Unidos, particularmente en temas de deportaciones y control migratorio.<\/p>\n<p style=\"text-align: justify;\">Sin embargo, su gesti\u00f3n ha sido objeto de severas cr\u00edticas por debilitar los contrapesos democr\u00e1ticos, especialmente luego de la destituci\u00f3n de magistrados constitucionales en 2021. Adem\u00e1s, el estado de excepci\u00f3n vigente desde 2022 ha permitido detenciones masivas de presuntos pandilleros, generando preocupaciones por posibles violaciones a derechos humanos.<\/p>\n<p style=\"text-align: justify;\">La diputada Figueroa justific\u00f3 las reformas afirmando que otros cargos de elecci\u00f3n popular ya permiten reelecci\u00f3n sin l\u00edmite, y plante\u00f3 adelantar el final del mandato de Bukele de 2029 a 2027, con el objetivo de unificar las elecciones presidenciales y legislativas.<\/p>\n<p style=\"text-align: justify;\">Por su parte, la oposici\u00f3n, representada por Marcela Villatoro del partido Arena, advirti\u00f3 que las reformas podr\u00edan derivar en una concentraci\u00f3n excesiva del poder y una menor participaci\u00f3n democr\u00e1tica. Organizaciones internacionales han expresado inquietud, y algunas ONG han decidido trasladar sus operaciones fuera del pa\u00eds ante el endurecimiento del entorno represivo.<\/p>\n","protected":false},"excerpt":{"rendered":"<p>San Salvador.- El partido oficialista Nuevas Ideas, al que pertenece el presidente Nayib Bukele, aprob\u00f3 una serie de reformas constitucionales que permiten la reelecci\u00f3n presidencial indefinida y ampl\u00edan la duraci\u00f3n del mandato presidencial de cinco a seis a\u00f1os. Los cambios, propuestos por la diputada Ana Figueroa, tambi\u00e9n suprimen la segunda vuelta electoral, permitiendo que el candidato con m\u00e1s votos en la primera ronda sea declarado ganador. La reforma fue avalada por 57 votos a favor y tres en contra en la Asamblea Legislativa, lo que permiti\u00f3 modificar cinco art\u00edculos de la Constituci\u00f3n. Bukele, quien ya obtuvo un segundo mandato en [&hellip;]<\/p>\n","protected":false},"author":2,"featured_media":175167,"comment_status":"closed","ping_status":"closed","sticky":false,"template":"","format":"standard","meta":{"_monsterinsights_skip_tracking":false,"_monsterinsights_sitenote_active":false,"_monsterinsights_sitenote_note":"","_monsterinsights_sitenote_category":0,"footnotes":""},"categories":[44],"tags":[],"class_list":["post-175166","post","type-post","status-publish","format-standard","has-post-thumbnail","hentry","category-internacional","post--single"],"yoast_head":"<!-- This site is optimized with the Yoast SEO plugin v27.5 - https:\/\/yoast.com\/product\/yoast-seo-wordpress\/ -->\n<title>Congreso salvadore\u00f1o elimina segunda vuelta y extiende mandato presidencial - Canal 7 SLP - 2025<\/title>\n<meta name=\"robots\" content=\"index, follow, max-snippet:-1, max-image-preview:large, max-video-preview:-1\" \/>\n<link rel=\"canonical\" href=\"https:\/\/canal7slp.tv\/2025\/congreso-salvadoreno-elimina-segunda-vuelta-y-extiende-mandato-presidencial\/\" \/>\n<meta property=\"og:locale\" content=\"es_ES\" \/>\n<meta property=\"og:type\" content=\"article\" \/>\n<meta property=\"og:title\" content=\"Congreso salvadore\u00f1o elimina segunda vuelta y extiende mandato presidencial - Canal 7 SLP - 2025\" \/>\n<meta property=\"og:description\" content=\"San Salvador.- El partido oficialista Nuevas Ideas, al que pertenece el presidente Nayib Bukele, aprob\u00f3 una serie de reformas constitucionales que permiten la reelecci\u00f3n presidencial indefinida y ampl\u00edan la duraci\u00f3n del mandato presidencial de cinco a seis a\u00f1os. Los cambios, propuestos por la diputada Ana Figueroa, tambi\u00e9n suprimen la segunda vuelta electoral, permitiendo que el candidato con m\u00e1s votos en la primera ronda sea declarado ganador. La reforma fue avalada por 57 votos a favor y tres en contra en la Asamblea Legislativa, lo que permiti\u00f3 modificar cinco art\u00edculos de la Constituci\u00f3n. Bukele, quien ya obtuvo un segundo mandato en [&hellip;]\" \/>\n<meta property=\"og:url\" content=\"https:\/\/canal7slp.tv\/2025\/congreso-salvadoreno-elimina-segunda-vuelta-y-extiende-mandato-presidencial\/\" \/>\n<meta property=\"og:site_name\" content=\"Canal 7 SLP - 2025\" \/>\n<meta property=\"article:publisher\" content=\"https:\/\/www.facebook.com\/noticieroscanal7atencionciudadana\/\" \/>\n<meta property=\"article:published_time\" content=\"2025-08-02T01:33:30+00:00\" \/>\n<meta property=\"og:image\" content=\"https:\/\/canal7slp.tv\/2025\/wp-content\/uploads\/2025\/08\/16.jpg\" \/>\n\t<meta property=\"og:image:width\" content=\"1000\" \/>\n\t<meta property=\"og:image:height\" content=\"500\" \/>\n\t<meta property=\"og:image:type\" content=\"image\/jpeg\" \/>\n<meta name=\"author\" content=\"Edici\u00f3n Web\" \/>\n<meta name=\"twitter:card\" content=\"summary_large_image\" \/>\n<meta name=\"twitter:creator\" content=\"@NOTICIEROS7\" \/>\n<meta name=\"twitter:site\" content=\"@NOTICIEROS7\" \/>\n<meta name=\"twitter:label1\" content=\"Escrito por\" \/>\n\t<meta name=\"twitter:data1\" content=\"Edici\u00f3n Web\" \/>\n\t<meta name=\"twitter:label2\" content=\"Tiempo de lectura\" \/>\n\t<meta name=\"twitter:data2\" content=\"2 minutos\" \/>\n<script type=\"application\/ld+json\" class=\"yoast-schema-graph\">{\"@context\":\"https:\\\/\\\/schema.org\",\"@graph\":[{\"@type\":\"Article\",\"@id\":\"https:\\\/\\\/canal7slp.tv\\\/2025\\\/congreso-salvadoreno-elimina-segunda-vuelta-y-extiende-mandato-presidencial\\\/#article\",\"isPartOf\":{\"@id\":\"https:\\\/\\\/canal7slp.tv\\\/2025\\\/congreso-salvadoreno-elimina-segunda-vuelta-y-extiende-mandato-presidencial\\\/\"},\"author\":{\"name\":\"Edici\u00f3n Web\",\"@id\":\"https:\\\/\\\/canal7slp.tv\\\/2025\\\/#\\\/schema\\\/person\\\/271e2b60a96e7cc9d9ac296f4d7e414b\"},\"headline\":\"Congreso salvadore\u00f1o elimina segunda vuelta y extiende mandato presidencial\",\"datePublished\":\"2025-08-02T01:33:30+00:00\",\"mainEntityOfPage\":{\"@id\":\"https:\\\/\\\/canal7slp.tv\\\/2025\\\/congreso-salvadoreno-elimina-segunda-vuelta-y-extiende-mandato-presidencial\\\/\"},\"wordCount\":340,\"publisher\":{\"@id\":\"https:\\\/\\\/canal7slp.tv\\\/2025\\\/#organization\"},\"image\":{\"@id\":\"https:\\\/\\\/canal7slp.tv\\\/2025\\\/congreso-salvadoreno-elimina-segunda-vuelta-y-extiende-mandato-presidencial\\\/#primaryimage\"},\"thumbnailUrl\":\"https:\\\/\\\/canal7slp.tv\\\/2025\\\/wp-content\\\/uploads\\\/2025\\\/08\\\/16.jpg\",\"articleSection\":[\"INTERNACIONALES\"],\"inLanguage\":\"es\"},{\"@type\":\"WebPage\",\"@id\":\"https:\\\/\\\/canal7slp.tv\\\/2025\\\/congreso-salvadoreno-elimina-segunda-vuelta-y-extiende-mandato-presidencial\\\/\",\"url\":\"https:\\\/\\\/canal7slp.tv\\\/2025\\\/congreso-salvadoreno-elimina-segunda-vuelta-y-extiende-mandato-presidencial\\\/\",\"name\":\"Congreso salvadore\u00f1o elimina segunda vuelta y extiende mandato presidencial - Canal 7 SLP - 2025\",\"isPartOf\":{\"@id\":\"https:\\\/\\\/canal7slp.tv\\\/2025\\\/#website\"},\"primaryImageOfPage\":{\"@id\":\"https:\\\/\\\/canal7slp.tv\\\/2025\\\/congreso-salvadoreno-elimina-segunda-vuelta-y-extiende-mandato-presidencial\\\/#primaryimage\"},\"image\":{\"@id\":\"https:\\\/\\\/canal7slp.tv\\\/2025\\\/congreso-salvadoreno-elimina-segunda-vuelta-y-extiende-mandato-presidencial\\\/#primaryimage\"},\"thumbnailUrl\":\"https:\\\/\\\/canal7slp.tv\\\/2025\\\/wp-content\\\/uploads\\\/2025\\\/08\\\/16.jpg\",\"datePublished\":\"2025-08-02T01:33:30+00:00\",\"breadcrumb\":{\"@id\":\"https:\\\/\\\/canal7slp.tv\\\/2025\\\/congreso-salvadoreno-elimina-segunda-vuelta-y-extiende-mandato-presidencial\\\/#breadcrumb\"},\"inLanguage\":\"es\",\"potentialAction\":[{\"@type\":\"ReadAction\",\"target\":[\"https:\\\/\\\/canal7slp.tv\\\/2025\\\/congreso-salvadoreno-elimina-segunda-vuelta-y-extiende-mandato-presidencial\\\/\"]}]},{\"@type\":\"ImageObject\",\"inLanguage\":\"es\",\"@id\":\"https:\\\/\\\/canal7slp.tv\\\/2025\\\/congreso-salvadoreno-elimina-segunda-vuelta-y-extiende-mandato-presidencial\\\/#primaryimage\",\"url\":\"https:\\\/\\\/canal7slp.tv\\\/2025\\\/wp-content\\\/uploads\\\/2025\\\/08\\\/16.jpg\",\"contentUrl\":\"https:\\\/\\\/canal7slp.tv\\\/2025\\\/wp-content\\\/uploads\\\/2025\\\/08\\\/16.jpg\",\"width\":1000,\"height\":500},{\"@type\":\"BreadcrumbList\",\"@id\":\"https:\\\/\\\/canal7slp.tv\\\/2025\\\/congreso-salvadoreno-elimina-segunda-vuelta-y-extiende-mandato-presidencial\\\/#breadcrumb\",\"itemListElement\":[{\"@type\":\"ListItem\",\"position\":1,\"name\":\"Portada\",\"item\":\"https:\\\/\\\/canal7slp.tv\\\/2025\\\/\"},{\"@type\":\"ListItem\",\"position\":2,\"name\":\"Congreso salvadore\u00f1o elimina segunda vuelta y extiende mandato presidencial\"}]},{\"@type\":\"WebSite\",\"@id\":\"https:\\\/\\\/canal7slp.tv\\\/2025\\\/#website\",\"url\":\"https:\\\/\\\/canal7slp.tv\\\/2025\\\/\",\"name\":\"N7 - Noticieros Canal 7\",\"description\":\"Somos el Medio\",\"publisher\":{\"@id\":\"https:\\\/\\\/canal7slp.tv\\\/2025\\\/#organization\"},\"potentialAction\":[{\"@type\":\"SearchAction\",\"target\":{\"@type\":\"EntryPoint\",\"urlTemplate\":\"https:\\\/\\\/canal7slp.tv\\\/2025\\\/?s={search_term_string}\"},\"query-input\":{\"@type\":\"PropertyValueSpecification\",\"valueRequired\":true,\"valueName\":\"search_term_string\"}}],\"inLanguage\":\"es\"},{\"@type\":\"Organization\",\"@id\":\"https:\\\/\\\/canal7slp.tv\\\/2025\\\/#organization\",\"name\":\"Noticieros Canal 7\",\"url\":\"https:\\\/\\\/canal7slp.tv\\\/2025\\\/\",\"logo\":{\"@type\":\"ImageObject\",\"inLanguage\":\"es\",\"@id\":\"https:\\\/\\\/canal7slp.tv\\\/2025\\\/#\\\/schema\\\/logo\\\/image\\\/\",\"url\":\"https:\\\/\\\/canal7slp.tv\\\/2025\\\/wp-content\\\/uploads\\\/2021\\\/01\\\/logo-noticieros@2x.png\",\"contentUrl\":\"https:\\\/\\\/canal7slp.tv\\\/2025\\\/wp-content\\\/uploads\\\/2021\\\/01\\\/logo-noticieros@2x.png\",\"width\":1017,\"height\":268,\"caption\":\"Noticieros Canal 7\"},\"image\":{\"@id\":\"https:\\\/\\\/canal7slp.tv\\\/2025\\\/#\\\/schema\\\/logo\\\/image\\\/\"},\"sameAs\":[\"https:\\\/\\\/www.facebook.com\\\/noticieroscanal7atencionciudadana\\\/\",\"https:\\\/\\\/x.com\\\/NOTICIEROS7\",\"https:\\\/\\\/www.instagram.com\\\/canal7_slp\",\"https:\\\/\\\/www.youtube.com\\\/channel\\\/UCliiYs-gP3JfJeqdPrNdd5A\"]},{\"@type\":\"Person\",\"@id\":\"https:\\\/\\\/canal7slp.tv\\\/2025\\\/#\\\/schema\\\/person\\\/271e2b60a96e7cc9d9ac296f4d7e414b\",\"name\":\"Edici\u00f3n Web\",\"image\":{\"@type\":\"ImageObject\",\"inLanguage\":\"es\",\"@id\":\"https:\\\/\\\/secure.gravatar.com\\\/avatar\\\/eee448fc3f7164808013b816ba91ac7e43bbe82a70bebac296f8bc6f0addaa1a?s=96&d=mm&r=g\",\"url\":\"https:\\\/\\\/secure.gravatar.com\\\/avatar\\\/eee448fc3f7164808013b816ba91ac7e43bbe82a70bebac296f8bc6f0addaa1a?s=96&d=mm&r=g\",\"contentUrl\":\"https:\\\/\\\/secure.gravatar.com\\\/avatar\\\/eee448fc3f7164808013b816ba91ac7e43bbe82a70bebac296f8bc6f0addaa1a?s=96&d=mm&r=g\",\"caption\":\"Edici\u00f3n Web\"},\"url\":\"https:\\\/\\\/canal7slp.tv\\\/2025\\\/author\\\/edicionweb\\\/\"}]}<\/script>\n<!-- \/ Yoast SEO plugin. -->","yoast_head_json":{"title":"Congreso salvadore\u00f1o elimina segunda vuelta y extiende mandato presidencial - Canal 7 SLP - 2025","robots":{"index":"index","follow":"follow","max-snippet":"max-snippet:-1","max-image-preview":"max-image-preview:large","max-video-preview":"max-video-preview:-1"},"canonical":"https:\/\/canal7slp.tv\/2025\/congreso-salvadoreno-elimina-segunda-vuelta-y-extiende-mandato-presidencial\/","og_locale":"es_ES","og_type":"article","og_title":"Congreso salvadore\u00f1o elimina segunda vuelta y extiende mandato presidencial - Canal 7 SLP - 2025","og_description":"San Salvador.- El partido oficialista Nuevas Ideas, al que pertenece el presidente Nayib Bukele, aprob\u00f3 una serie de reformas constitucionales que permiten la reelecci\u00f3n presidencial indefinida y ampl\u00edan la duraci\u00f3n del mandato presidencial de cinco a seis a\u00f1os. Los cambios, propuestos por la diputada Ana Figueroa, tambi\u00e9n suprimen la segunda vuelta electoral, permitiendo que el candidato con m\u00e1s votos en la primera ronda sea declarado ganador. La reforma fue avalada por 57 votos a favor y tres en contra en la Asamblea Legislativa, lo que permiti\u00f3 modificar cinco art\u00edculos de la Constituci\u00f3n. Bukele, quien ya obtuvo un segundo mandato en [&hellip;]","og_url":"https:\/\/canal7slp.tv\/2025\/congreso-salvadoreno-elimina-segunda-vuelta-y-extiende-mandato-presidencial\/","og_site_name":"Canal 7 SLP - 2025","article_publisher":"https:\/\/www.facebook.com\/noticieroscanal7atencionciudadana\/","article_published_time":"2025-08-02T01:33:30+00:00","og_image":[{"width":1000,"height":500,"url":"https:\/\/canal7slp.tv\/2025\/wp-content\/uploads\/2025\/08\/16.jpg","type":"image\/jpeg"}],"author":"Edici\u00f3n Web","twitter_card":"summary_large_image","twitter_creator":"@NOTICIEROS7","twitter_site":"@NOTICIEROS7","twitter_misc":{"Escrito por":"Edici\u00f3n Web","Tiempo de lectura":"2 minutos"},"schema":{"@context":"https:\/\/schema.org","@graph":[{"@type":"Article","@id":"https:\/\/canal7slp.tv\/2025\/congreso-salvadoreno-elimina-segunda-vuelta-y-extiende-mandato-presidencial\/#article","isPartOf":{"@id":"https:\/\/canal7slp.tv\/2025\/congreso-salvadoreno-elimina-segunda-vuelta-y-extiende-mandato-presidencial\/"},"author":{"name":"Edici\u00f3n Web","@id":"https:\/\/canal7slp.tv\/2025\/#\/schema\/person\/271e2b60a96e7cc9d9ac296f4d7e414b"},"headline":"Congreso salvadore\u00f1o elimina segunda vuelta y extiende mandato presidencial","datePublished":"2025-08-02T01:33:30+00:00","mainEntityOfPage":{"@id":"https:\/\/canal7slp.tv\/2025\/congreso-salvadoreno-elimina-segunda-vuelta-y-extiende-mandato-presidencial\/"},"wordCount":340,"publisher":{"@id":"https:\/\/canal7slp.tv\/2025\/#organization"},"image":{"@id":"https:\/\/canal7slp.tv\/2025\/congreso-salvadoreno-elimina-segunda-vuelta-y-extiende-mandato-presidencial\/#primaryimage"},"thumbnailUrl":"https:\/\/canal7slp.tv\/2025\/wp-content\/uploads\/2025\/08\/16.jpg","articleSection":["INTERNACIONALES"],"inLanguage":"es"},{"@type":"WebPage","@id":"https:\/\/canal7slp.tv\/2025\/congreso-salvadoreno-elimina-segunda-vuelta-y-extiende-mandato-presidencial\/","url":"https:\/\/canal7slp.tv\/2025\/congreso-salvadoreno-elimina-segunda-vuelta-y-extiende-mandato-presidencial\/","name":"Congreso salvadore\u00f1o elimina segunda vuelta y extiende mandato presidencial - Canal 7 SLP - 2025","isPartOf":{"@id":"https:\/\/canal7slp.tv\/2025\/#website"},"primaryImageOfPage":{"@id":"https:\/\/canal7slp.tv\/2025\/congreso-salvadoreno-elimina-segunda-vuelta-y-extiende-mandato-presidencial\/#primaryimage"},"image":{"@id":"https:\/\/canal7slp.tv\/2025\/congreso-salvadoreno-elimina-segunda-vuelta-y-extiende-mandato-presidencial\/#primaryimage"},"thumbnailUrl":"https:\/\/canal7slp.tv\/2025\/wp-content\/uploads\/2025\/08\/16.jpg","datePublished":"2025-08-02T01:33:30+00:00","breadcrumb":{"@id":"https:\/\/canal7slp.tv\/2025\/congreso-salvadoreno-elimina-segunda-vuelta-y-extiende-mandato-presidencial\/#breadcrumb"},"inLanguage":"es","potentialAction":[{"@type":"ReadAction","target":["https:\/\/canal7slp.tv\/2025\/congreso-salvadoreno-elimina-segunda-vuelta-y-extiende-mandato-presidencial\/"]}]},{"@type":"ImageObject","inLanguage":"es","@id":"https:\/\/canal7slp.tv\/2025\/congreso-salvadoreno-elimina-segunda-vuelta-y-extiende-mandato-presidencial\/#primaryimage","url":"https:\/\/canal7slp.tv\/2025\/wp-content\/uploads\/2025\/08\/16.jpg","contentUrl":"https:\/\/canal7slp.tv\/2025\/wp-content\/uploads\/2025\/08\/16.jpg","width":1000,"height":500},{"@type":"BreadcrumbList","@id":"https:\/\/canal7slp.tv\/2025\/congreso-salvadoreno-elimina-segunda-vuelta-y-extiende-mandato-presidencial\/#breadcrumb","itemListElement":[{"@type":"ListItem","position":1,"name":"Portada","item":"https:\/\/canal7slp.tv\/2025\/"},{"@type":"ListItem","position":2,"name":"Congreso salvadore\u00f1o elimina segunda vuelta y extiende mandato presidencial"}]},{"@type":"WebSite","@id":"https:\/\/canal7slp.tv\/2025\/#website","url":"https:\/\/canal7slp.tv\/2025\/","name":"N7 - Noticieros Canal 7","description":"Somos el Medio","publisher":{"@id":"https:\/\/canal7slp.tv\/2025\/#organization"},"potentialAction":[{"@type":"SearchAction","target":{"@type":"EntryPoint","urlTemplate":"https:\/\/canal7slp.tv\/2025\/?s={search_term_string}"},"query-input":{"@type":"PropertyValueSpecification","valueRequired":true,"valueName":"search_term_string"}}],"inLanguage":"es"},{"@type":"Organization","@id":"https:\/\/canal7slp.tv\/2025\/#organization","name":"Noticieros Canal 7","url":"https:\/\/canal7slp.tv\/2025\/","logo":{"@type":"ImageObject","inLanguage":"es","@id":"https:\/\/canal7slp.tv\/2025\/#\/schema\/logo\/image\/","url":"https:\/\/canal7slp.tv\/2025\/wp-content\/uploads\/2021\/01\/logo-noticieros@2x.png","contentUrl":"https:\/\/canal7slp.tv\/2025\/wp-content\/uploads\/2021\/01\/logo-noticieros@2x.png","width":1017,"height":268,"caption":"Noticieros Canal 7"},"image":{"@id":"https:\/\/canal7slp.tv\/2025\/#\/schema\/logo\/image\/"},"sameAs":["https:\/\/www.facebook.com\/noticieroscanal7atencionciudadana\/","https:\/\/x.com\/NOTICIEROS7","https:\/\/www.instagram.com\/canal7_slp","https:\/\/www.youtube.com\/channel\/UCliiYs-gP3JfJeqdPrNdd5A"]},{"@type":"Person","@id":"https:\/\/canal7slp.tv\/2025\/#\/schema\/person\/271e2b60a96e7cc9d9ac296f4d7e414b","name":"Edici\u00f3n Web","image":{"@type":"ImageObject","inLanguage":"es","@id":"https:\/\/secure.gravatar.com\/avatar\/eee448fc3f7164808013b816ba91ac7e43bbe82a70bebac296f8bc6f0addaa1a?s=96&d=mm&r=g","url":"https:\/\/secure.gravatar.com\/avatar\/eee448fc3f7164808013b816ba91ac7e43bbe82a70bebac296f8bc6f0addaa1a?s=96&d=mm&r=g","contentUrl":"https:\/\/secure.gravatar.com\/avatar\/eee448fc3f7164808013b816ba91ac7e43bbe82a70bebac296f8bc6f0addaa1a?s=96&d=mm&r=g","caption":"Edici\u00f3n Web"},"url":"https:\/\/canal7slp.tv\/2025\/author\/edicionweb\/"}]}},"_links":{"self":[{"href":"https:\/\/canal7slp.tv\/2025\/wp-json\/wp\/v2\/posts\/175166","targetHints":{"allow":["GET"]}}],"collection":[{"href":"https:\/\/canal7slp.tv\/2025\/wp-json\/wp\/v2\/posts"}],"about":[{"href":"https:\/\/canal7slp.tv\/2025\/wp-json\/wp\/v2\/types\/post"}],"author":[{"embeddable":true,"href":"https:\/\/canal7slp.tv\/2025\/wp-json\/wp\/v2\/users\/2"}],"replies":[{"embeddable":true,"href":"https:\/\/canal7slp.tv\/2025\/wp-json\/wp\/v2\/comments?post=175166"}],"version-history":[{"count":1,"href":"https:\/\/canal7slp.tv\/2025\/wp-json\/wp\/v2\/posts\/175166\/revisions"}],"predecessor-version":[{"id":175168,"href":"https:\/\/canal7slp.tv\/2025\/wp-json\/wp\/v2\/posts\/175166\/revisions\/175168"}],"wp:featuredmedia":[{"embeddable":true,"href":"https:\/\/canal7slp.tv\/2025\/wp-json\/wp\/v2\/media\/175167"}],"wp:attachment":[{"href":"https:\/\/canal7slp.tv\/2025\/wp-json\/wp\/v2\/media?parent=175166"}],"wp:term":[{"taxonomy":"category","embeddable":true,"href":"https:\/\/canal7slp.tv\/2025\/wp-json\/wp\/v2\/categories?post=175166"},{"taxonomy":"post_tag","embeddable":true,"href":"https:\/\/canal7slp.tv\/2025\/wp-json\/wp\/v2\/tags?post=175166"}],"curies":[{"name":"wp","href":"https:\/\/api.w.org\/{rel}","templated":true}]}}