{"id":175162,"date":"2025-08-01T19:23:57","date_gmt":"2025-08-02T01:23:57","guid":{"rendered":"https:\/\/canal7slp.tv\/2025\/?p=175162"},"modified":"2025-08-01T19:23:57","modified_gmt":"2025-08-02T01:23:57","slug":"alemania-reforzara-su-ejercito-con-compra-de-armamento-por-83-mil-mdd","status":"publish","type":"post","link":"https:\/\/canal7slp.tv\/2025\/alemania-reforzara-su-ejercito-con-compra-de-armamento-por-83-mil-mdd\/","title":{"rendered":"Alemania reforzar\u00e1 su ej\u00e9rcito con compra de armamento por 83 mil mdd"},"content":{"rendered":"<p style=\"text-align: justify;\">\n<p style=\"text-align: justify;\">Berl\u00edn.- El Gobierno de Alemania anunci\u00f3 un ambicioso plan de fortalecimiento militar que incluye la adquisici\u00f3n de 20 cazas Eurofighter, hasta tres mil veh\u00edculos blindados Boxer y alrededor de tres mil 500 veh\u00edculos blindados de infanter\u00eda Patria, de acuerdo con informaci\u00f3n publicada por la agencia Reuters.<\/p>\n<p style=\"text-align: justify;\">Estas adquisiciones forman parte de la estrategia impulsada por el canciller Friedrich Merz para reforzar a las fuerzas armadas alemanas y reducir la dependencia estrat\u00e9gica de Estados Unidos, considerado un aliado cada vez menos confiable. El gobierno alem\u00e1n busca adem\u00e1s asumir un rol m\u00e1s activo en la defensa de Europa.<\/p>\n<p style=\"text-align: justify;\">A principios de a\u00f1o, Merz obtuvo el respaldo del Parlamento federal para excluir el gasto en defensa de los l\u00edmites de deuda constitucionales, lo que permiti\u00f3 avanzar con la mayor inversi\u00f3n militar en d\u00e9cadas. Para 2026, el presupuesto de defensa se estima en 83 mil millones de euros, un aumento de 20 mil millones respecto a 2025.<\/p>\n<p style=\"text-align: justify;\">Los costos estimados de estas adquisiciones son elevados: entre cuatro mil y cinco mil millones de euros por los Eurofighter, aproximadamente 10 mil millones por los veh\u00edculos Boxer, y siete mil millones por los Patria. Las entregas de estos veh\u00edculos se prev\u00e9n a lo largo de diez a\u00f1os.<\/p>\n<p style=\"text-align: justify;\">Adem\u00e1s, se contempla la compra de sistemas de defensa a\u00e9rea IRIS-T y plataformas antidrones SkyRanger, aunque los detalles financieros de estas adquisiciones a\u00fan no han sido revelados.<\/p>\n","protected":false},"excerpt":{"rendered":"<p>Berl\u00edn.- El Gobierno de Alemania anunci\u00f3 un ambicioso plan de fortalecimiento militar que incluye la adquisici\u00f3n de 20 cazas Eurofighter, hasta tres mil veh\u00edculos blindados Boxer y alrededor de tres mil 500 veh\u00edculos blindados de infanter\u00eda Patria, de acuerdo con informaci\u00f3n publicada por la agencia Reuters. Estas adquisiciones forman parte de la estrategia impulsada por el canciller Friedrich Merz para reforzar a las fuerzas armadas alemanas y reducir la dependencia estrat\u00e9gica de Estados Unidos, considerado un aliado cada vez menos confiable. El gobierno alem\u00e1n busca adem\u00e1s asumir un rol m\u00e1s activo en la defensa de Europa. A principios de a\u00f1o, [&hellip;]<\/p>\n","protected":false},"author":2,"featured_media":175163,"comment_status":"closed","ping_status":"closed","sticky":false,"template":"","format":"standard","meta":{"_monsterinsights_skip_tracking":false,"_monsterinsights_sitenote_active":false,"_monsterinsights_sitenote_note":"","_monsterinsights_sitenote_category":0,"footnotes":""},"categories":[44],"tags":[],"class_list":["post-175162","post","type-post","status-publish","format-standard","has-post-thumbnail","hentry","category-internacional","post--single"],"yoast_head":"<!-- This site is optimized with the Yoast SEO plugin v27.5 - https:\/\/yoast.com\/product\/yoast-seo-wordpress\/ -->\n<title>Alemania reforzar\u00e1 su ej\u00e9rcito con compra de armamento por 83 mil mdd - Canal 7 SLP - 2025<\/title>\n<meta name=\"robots\" content=\"index, follow, max-snippet:-1, max-image-preview:large, max-video-preview:-1\" \/>\n<link rel=\"canonical\" href=\"https:\/\/canal7slp.tv\/2025\/alemania-reforzara-su-ejercito-con-compra-de-armamento-por-83-mil-mdd\/\" \/>\n<meta property=\"og:locale\" content=\"es_ES\" \/>\n<meta property=\"og:type\" content=\"article\" \/>\n<meta property=\"og:title\" content=\"Alemania reforzar\u00e1 su ej\u00e9rcito con compra de armamento por 83 mil mdd - Canal 7 SLP - 2025\" \/>\n<meta property=\"og:description\" content=\"Berl\u00edn.- El Gobierno de Alemania anunci\u00f3 un ambicioso plan de fortalecimiento militar que incluye la adquisici\u00f3n de 20 cazas Eurofighter, hasta tres mil veh\u00edculos blindados Boxer y alrededor de tres mil 500 veh\u00edculos blindados de infanter\u00eda Patria, de acuerdo con informaci\u00f3n publicada por la agencia Reuters. Estas adquisiciones forman parte de la estrategia impulsada por el canciller Friedrich Merz para reforzar a las fuerzas armadas alemanas y reducir la dependencia estrat\u00e9gica de Estados Unidos, considerado un aliado cada vez menos confiable. El gobierno alem\u00e1n busca adem\u00e1s asumir un rol m\u00e1s activo en la defensa de Europa. A principios de a\u00f1o, [&hellip;]\" \/>\n<meta property=\"og:url\" content=\"https:\/\/canal7slp.tv\/2025\/alemania-reforzara-su-ejercito-con-compra-de-armamento-por-83-mil-mdd\/\" \/>\n<meta property=\"og:site_name\" content=\"Canal 7 SLP - 2025\" \/>\n<meta property=\"article:publisher\" content=\"https:\/\/www.facebook.com\/noticieroscanal7atencionciudadana\/\" \/>\n<meta property=\"article:published_time\" content=\"2025-08-02T01:23:57+00:00\" \/>\n<meta property=\"og:image\" content=\"https:\/\/canal7slp.tv\/2025\/wp-content\/uploads\/2025\/08\/15.jpg\" \/>\n\t<meta property=\"og:image:width\" content=\"750\" \/>\n\t<meta property=\"og:image:height\" content=\"500\" \/>\n\t<meta property=\"og:image:type\" content=\"image\/jpeg\" \/>\n<meta name=\"author\" content=\"Edici\u00f3n Web\" \/>\n<meta name=\"twitter:card\" content=\"summary_large_image\" \/>\n<meta name=\"twitter:creator\" content=\"@NOTICIEROS7\" \/>\n<meta name=\"twitter:site\" content=\"@NOTICIEROS7\" \/>\n<meta name=\"twitter:label1\" content=\"Escrito por\" \/>\n\t<meta name=\"twitter:data1\" content=\"Edici\u00f3n Web\" \/>\n\t<meta name=\"twitter:label2\" content=\"Tiempo de lectura\" \/>\n\t<meta name=\"twitter:data2\" content=\"2 minutos\" \/>\n<script type=\"application\/ld+json\" class=\"yoast-schema-graph\">{\"@context\":\"https:\\\/\\\/schema.org\",\"@graph\":[{\"@type\":\"Article\",\"@id\":\"https:\\\/\\\/canal7slp.tv\\\/2025\\\/alemania-reforzara-su-ejercito-con-compra-de-armamento-por-83-mil-mdd\\\/#article\",\"isPartOf\":{\"@id\":\"https:\\\/\\\/canal7slp.tv\\\/2025\\\/alemania-reforzara-su-ejercito-con-compra-de-armamento-por-83-mil-mdd\\\/\"},\"author\":{\"name\":\"Edici\u00f3n Web\",\"@id\":\"https:\\\/\\\/canal7slp.tv\\\/2025\\\/#\\\/schema\\\/person\\\/271e2b60a96e7cc9d9ac296f4d7e414b\"},\"headline\":\"Alemania reforzar\u00e1 su ej\u00e9rcito con compra de armamento por 83 mil mdd\",\"datePublished\":\"2025-08-02T01:23:57+00:00\",\"mainEntityOfPage\":{\"@id\":\"https:\\\/\\\/canal7slp.tv\\\/2025\\\/alemania-reforzara-su-ejercito-con-compra-de-armamento-por-83-mil-mdd\\\/\"},\"wordCount\":255,\"publisher\":{\"@id\":\"https:\\\/\\\/canal7slp.tv\\\/2025\\\/#organization\"},\"image\":{\"@id\":\"https:\\\/\\\/canal7slp.tv\\\/2025\\\/alemania-reforzara-su-ejercito-con-compra-de-armamento-por-83-mil-mdd\\\/#primaryimage\"},\"thumbnailUrl\":\"https:\\\/\\\/canal7slp.tv\\\/2025\\\/wp-content\\\/uploads\\\/2025\\\/08\\\/15.jpg\",\"articleSection\":[\"INTERNACIONALES\"],\"inLanguage\":\"es\"},{\"@type\":\"WebPage\",\"@id\":\"https:\\\/\\\/canal7slp.tv\\\/2025\\\/alemania-reforzara-su-ejercito-con-compra-de-armamento-por-83-mil-mdd\\\/\",\"url\":\"https:\\\/\\\/canal7slp.tv\\\/2025\\\/alemania-reforzara-su-ejercito-con-compra-de-armamento-por-83-mil-mdd\\\/\",\"name\":\"Alemania reforzar\u00e1 su ej\u00e9rcito con compra de armamento por 83 mil mdd - Canal 7 SLP - 2025\",\"isPartOf\":{\"@id\":\"https:\\\/\\\/canal7slp.tv\\\/2025\\\/#website\"},\"primaryImageOfPage\":{\"@id\":\"https:\\\/\\\/canal7slp.tv\\\/2025\\\/alemania-reforzara-su-ejercito-con-compra-de-armamento-por-83-mil-mdd\\\/#primaryimage\"},\"image\":{\"@id\":\"https:\\\/\\\/canal7slp.tv\\\/2025\\\/alemania-reforzara-su-ejercito-con-compra-de-armamento-por-83-mil-mdd\\\/#primaryimage\"},\"thumbnailUrl\":\"https:\\\/\\\/canal7slp.tv\\\/2025\\\/wp-content\\\/uploads\\\/2025\\\/08\\\/15.jpg\",\"datePublished\":\"2025-08-02T01:23:57+00:00\",\"breadcrumb\":{\"@id\":\"https:\\\/\\\/canal7slp.tv\\\/2025\\\/alemania-reforzara-su-ejercito-con-compra-de-armamento-por-83-mil-mdd\\\/#breadcrumb\"},\"inLanguage\":\"es\",\"potentialAction\":[{\"@type\":\"ReadAction\",\"target\":[\"https:\\\/\\\/canal7slp.tv\\\/2025\\\/alemania-reforzara-su-ejercito-con-compra-de-armamento-por-83-mil-mdd\\\/\"]}]},{\"@type\":\"ImageObject\",\"inLanguage\":\"es\",\"@id\":\"https:\\\/\\\/canal7slp.tv\\\/2025\\\/alemania-reforzara-su-ejercito-con-compra-de-armamento-por-83-mil-mdd\\\/#primaryimage\",\"url\":\"https:\\\/\\\/canal7slp.tv\\\/2025\\\/wp-content\\\/uploads\\\/2025\\\/08\\\/15.jpg\",\"contentUrl\":\"https:\\\/\\\/canal7slp.tv\\\/2025\\\/wp-content\\\/uploads\\\/2025\\\/08\\\/15.jpg\",\"width\":750,\"height\":500},{\"@type\":\"BreadcrumbList\",\"@id\":\"https:\\\/\\\/canal7slp.tv\\\/2025\\\/alemania-reforzara-su-ejercito-con-compra-de-armamento-por-83-mil-mdd\\\/#breadcrumb\",\"itemListElement\":[{\"@type\":\"ListItem\",\"position\":1,\"name\":\"Portada\",\"item\":\"https:\\\/\\\/canal7slp.tv\\\/2025\\\/\"},{\"@type\":\"ListItem\",\"position\":2,\"name\":\"Alemania reforzar\u00e1 su ej\u00e9rcito con compra de armamento por 83 mil mdd\"}]},{\"@type\":\"WebSite\",\"@id\":\"https:\\\/\\\/canal7slp.tv\\\/2025\\\/#website\",\"url\":\"https:\\\/\\\/canal7slp.tv\\\/2025\\\/\",\"name\":\"N7 - Noticieros Canal 7\",\"description\":\"Somos el Medio\",\"publisher\":{\"@id\":\"https:\\\/\\\/canal7slp.tv\\\/2025\\\/#organization\"},\"potentialAction\":[{\"@type\":\"SearchAction\",\"target\":{\"@type\":\"EntryPoint\",\"urlTemplate\":\"https:\\\/\\\/canal7slp.tv\\\/2025\\\/?s={search_term_string}\"},\"query-input\":{\"@type\":\"PropertyValueSpecification\",\"valueRequired\":true,\"valueName\":\"search_term_string\"}}],\"inLanguage\":\"es\"},{\"@type\":\"Organization\",\"@id\":\"https:\\\/\\\/canal7slp.tv\\\/2025\\\/#organization\",\"name\":\"Noticieros Canal 7\",\"url\":\"https:\\\/\\\/canal7slp.tv\\\/2025\\\/\",\"logo\":{\"@type\":\"ImageObject\",\"inLanguage\":\"es\",\"@id\":\"https:\\\/\\\/canal7slp.tv\\\/2025\\\/#\\\/schema\\\/logo\\\/image\\\/\",\"url\":\"https:\\\/\\\/canal7slp.tv\\\/2025\\\/wp-content\\\/uploads\\\/2021\\\/01\\\/logo-noticieros@2x.png\",\"contentUrl\":\"https:\\\/\\\/canal7slp.tv\\\/2025\\\/wp-content\\\/uploads\\\/2021\\\/01\\\/logo-noticieros@2x.png\",\"width\":1017,\"height\":268,\"caption\":\"Noticieros Canal 7\"},\"image\":{\"@id\":\"https:\\\/\\\/canal7slp.tv\\\/2025\\\/#\\\/schema\\\/logo\\\/image\\\/\"},\"sameAs\":[\"https:\\\/\\\/www.facebook.com\\\/noticieroscanal7atencionciudadana\\\/\",\"https:\\\/\\\/x.com\\\/NOTICIEROS7\",\"https:\\\/\\\/www.instagram.com\\\/canal7_slp\",\"https:\\\/\\\/www.youtube.com\\\/channel\\\/UCliiYs-gP3JfJeqdPrNdd5A\"]},{\"@type\":\"Person\",\"@id\":\"https:\\\/\\\/canal7slp.tv\\\/2025\\\/#\\\/schema\\\/person\\\/271e2b60a96e7cc9d9ac296f4d7e414b\",\"name\":\"Edici\u00f3n Web\",\"image\":{\"@type\":\"ImageObject\",\"inLanguage\":\"es\",\"@id\":\"https:\\\/\\\/secure.gravatar.com\\\/avatar\\\/eee448fc3f7164808013b816ba91ac7e43bbe82a70bebac296f8bc6f0addaa1a?s=96&d=mm&r=g\",\"url\":\"https:\\\/\\\/secure.gravatar.com\\\/avatar\\\/eee448fc3f7164808013b816ba91ac7e43bbe82a70bebac296f8bc6f0addaa1a?s=96&d=mm&r=g\",\"contentUrl\":\"https:\\\/\\\/secure.gravatar.com\\\/avatar\\\/eee448fc3f7164808013b816ba91ac7e43bbe82a70bebac296f8bc6f0addaa1a?s=96&d=mm&r=g\",\"caption\":\"Edici\u00f3n Web\"},\"url\":\"https:\\\/\\\/canal7slp.tv\\\/2025\\\/author\\\/edicionweb\\\/\"}]}<\/script>\n<!-- \/ Yoast SEO plugin. -->","yoast_head_json":{"title":"Alemania reforzar\u00e1 su ej\u00e9rcito con compra de armamento por 83 mil mdd - Canal 7 SLP - 2025","robots":{"index":"index","follow":"follow","max-snippet":"max-snippet:-1","max-image-preview":"max-image-preview:large","max-video-preview":"max-video-preview:-1"},"canonical":"https:\/\/canal7slp.tv\/2025\/alemania-reforzara-su-ejercito-con-compra-de-armamento-por-83-mil-mdd\/","og_locale":"es_ES","og_type":"article","og_title":"Alemania reforzar\u00e1 su ej\u00e9rcito con compra de armamento por 83 mil mdd - Canal 7 SLP - 2025","og_description":"Berl\u00edn.- El Gobierno de Alemania anunci\u00f3 un ambicioso plan de fortalecimiento militar que incluye la adquisici\u00f3n de 20 cazas Eurofighter, hasta tres mil veh\u00edculos blindados Boxer y alrededor de tres mil 500 veh\u00edculos blindados de infanter\u00eda Patria, de acuerdo con informaci\u00f3n publicada por la agencia Reuters. Estas adquisiciones forman parte de la estrategia impulsada por el canciller Friedrich Merz para reforzar a las fuerzas armadas alemanas y reducir la dependencia estrat\u00e9gica de Estados Unidos, considerado un aliado cada vez menos confiable. El gobierno alem\u00e1n busca adem\u00e1s asumir un rol m\u00e1s activo en la defensa de Europa. A principios de a\u00f1o, [&hellip;]","og_url":"https:\/\/canal7slp.tv\/2025\/alemania-reforzara-su-ejercito-con-compra-de-armamento-por-83-mil-mdd\/","og_site_name":"Canal 7 SLP - 2025","article_publisher":"https:\/\/www.facebook.com\/noticieroscanal7atencionciudadana\/","article_published_time":"2025-08-02T01:23:57+00:00","og_image":[{"width":750,"height":500,"url":"https:\/\/canal7slp.tv\/2025\/wp-content\/uploads\/2025\/08\/15.jpg","type":"image\/jpeg"}],"author":"Edici\u00f3n Web","twitter_card":"summary_large_image","twitter_creator":"@NOTICIEROS7","twitter_site":"@NOTICIEROS7","twitter_misc":{"Escrito por":"Edici\u00f3n Web","Tiempo de lectura":"2 minutos"},"schema":{"@context":"https:\/\/schema.org","@graph":[{"@type":"Article","@id":"https:\/\/canal7slp.tv\/2025\/alemania-reforzara-su-ejercito-con-compra-de-armamento-por-83-mil-mdd\/#article","isPartOf":{"@id":"https:\/\/canal7slp.tv\/2025\/alemania-reforzara-su-ejercito-con-compra-de-armamento-por-83-mil-mdd\/"},"author":{"name":"Edici\u00f3n Web","@id":"https:\/\/canal7slp.tv\/2025\/#\/schema\/person\/271e2b60a96e7cc9d9ac296f4d7e414b"},"headline":"Alemania reforzar\u00e1 su ej\u00e9rcito con compra de armamento por 83 mil mdd","datePublished":"2025-08-02T01:23:57+00:00","mainEntityOfPage":{"@id":"https:\/\/canal7slp.tv\/2025\/alemania-reforzara-su-ejercito-con-compra-de-armamento-por-83-mil-mdd\/"},"wordCount":255,"publisher":{"@id":"https:\/\/canal7slp.tv\/2025\/#organization"},"image":{"@id":"https:\/\/canal7slp.tv\/2025\/alemania-reforzara-su-ejercito-con-compra-de-armamento-por-83-mil-mdd\/#primaryimage"},"thumbnailUrl":"https:\/\/canal7slp.tv\/2025\/wp-content\/uploads\/2025\/08\/15.jpg","articleSection":["INTERNACIONALES"],"inLanguage":"es"},{"@type":"WebPage","@id":"https:\/\/canal7slp.tv\/2025\/alemania-reforzara-su-ejercito-con-compra-de-armamento-por-83-mil-mdd\/","url":"https:\/\/canal7slp.tv\/2025\/alemania-reforzara-su-ejercito-con-compra-de-armamento-por-83-mil-mdd\/","name":"Alemania reforzar\u00e1 su ej\u00e9rcito con compra de armamento por 83 mil mdd - Canal 7 SLP - 2025","isPartOf":{"@id":"https:\/\/canal7slp.tv\/2025\/#website"},"primaryImageOfPage":{"@id":"https:\/\/canal7slp.tv\/2025\/alemania-reforzara-su-ejercito-con-compra-de-armamento-por-83-mil-mdd\/#primaryimage"},"image":{"@id":"https:\/\/canal7slp.tv\/2025\/alemania-reforzara-su-ejercito-con-compra-de-armamento-por-83-mil-mdd\/#primaryimage"},"thumbnailUrl":"https:\/\/canal7slp.tv\/2025\/wp-content\/uploads\/2025\/08\/15.jpg","datePublished":"2025-08-02T01:23:57+00:00","breadcrumb":{"@id":"https:\/\/canal7slp.tv\/2025\/alemania-reforzara-su-ejercito-con-compra-de-armamento-por-83-mil-mdd\/#breadcrumb"},"inLanguage":"es","potentialAction":[{"@type":"ReadAction","target":["https:\/\/canal7slp.tv\/2025\/alemania-reforzara-su-ejercito-con-compra-de-armamento-por-83-mil-mdd\/"]}]},{"@type":"ImageObject","inLanguage":"es","@id":"https:\/\/canal7slp.tv\/2025\/alemania-reforzara-su-ejercito-con-compra-de-armamento-por-83-mil-mdd\/#primaryimage","url":"https:\/\/canal7slp.tv\/2025\/wp-content\/uploads\/2025\/08\/15.jpg","contentUrl":"https:\/\/canal7slp.tv\/2025\/wp-content\/uploads\/2025\/08\/15.jpg","width":750,"height":500},{"@type":"BreadcrumbList","@id":"https:\/\/canal7slp.tv\/2025\/alemania-reforzara-su-ejercito-con-compra-de-armamento-por-83-mil-mdd\/#breadcrumb","itemListElement":[{"@type":"ListItem","position":1,"name":"Portada","item":"https:\/\/canal7slp.tv\/2025\/"},{"@type":"ListItem","position":2,"name":"Alemania reforzar\u00e1 su ej\u00e9rcito con compra de armamento por 83 mil mdd"}]},{"@type":"WebSite","@id":"https:\/\/canal7slp.tv\/2025\/#website","url":"https:\/\/canal7slp.tv\/2025\/","name":"N7 - Noticieros Canal 7","description":"Somos el Medio","publisher":{"@id":"https:\/\/canal7slp.tv\/2025\/#organization"},"potentialAction":[{"@type":"SearchAction","target":{"@type":"EntryPoint","urlTemplate":"https:\/\/canal7slp.tv\/2025\/?s={search_term_string}"},"query-input":{"@type":"PropertyValueSpecification","valueRequired":true,"valueName":"search_term_string"}}],"inLanguage":"es"},{"@type":"Organization","@id":"https:\/\/canal7slp.tv\/2025\/#organization","name":"Noticieros Canal 7","url":"https:\/\/canal7slp.tv\/2025\/","logo":{"@type":"ImageObject","inLanguage":"es","@id":"https:\/\/canal7slp.tv\/2025\/#\/schema\/logo\/image\/","url":"https:\/\/canal7slp.tv\/2025\/wp-content\/uploads\/2021\/01\/logo-noticieros@2x.png","contentUrl":"https:\/\/canal7slp.tv\/2025\/wp-content\/uploads\/2021\/01\/logo-noticieros@2x.png","width":1017,"height":268,"caption":"Noticieros Canal 7"},"image":{"@id":"https:\/\/canal7slp.tv\/2025\/#\/schema\/logo\/image\/"},"sameAs":["https:\/\/www.facebook.com\/noticieroscanal7atencionciudadana\/","https:\/\/x.com\/NOTICIEROS7","https:\/\/www.instagram.com\/canal7_slp","https:\/\/www.youtube.com\/channel\/UCliiYs-gP3JfJeqdPrNdd5A"]},{"@type":"Person","@id":"https:\/\/canal7slp.tv\/2025\/#\/schema\/person\/271e2b60a96e7cc9d9ac296f4d7e414b","name":"Edici\u00f3n Web","image":{"@type":"ImageObject","inLanguage":"es","@id":"https:\/\/secure.gravatar.com\/avatar\/eee448fc3f7164808013b816ba91ac7e43bbe82a70bebac296f8bc6f0addaa1a?s=96&d=mm&r=g","url":"https:\/\/secure.gravatar.com\/avatar\/eee448fc3f7164808013b816ba91ac7e43bbe82a70bebac296f8bc6f0addaa1a?s=96&d=mm&r=g","contentUrl":"https:\/\/secure.gravatar.com\/avatar\/eee448fc3f7164808013b816ba91ac7e43bbe82a70bebac296f8bc6f0addaa1a?s=96&d=mm&r=g","caption":"Edici\u00f3n Web"},"url":"https:\/\/canal7slp.tv\/2025\/author\/edicionweb\/"}]}},"_links":{"self":[{"href":"https:\/\/canal7slp.tv\/2025\/wp-json\/wp\/v2\/posts\/175162","targetHints":{"allow":["GET"]}}],"collection":[{"href":"https:\/\/canal7slp.tv\/2025\/wp-json\/wp\/v2\/posts"}],"about":[{"href":"https:\/\/canal7slp.tv\/2025\/wp-json\/wp\/v2\/types\/post"}],"author":[{"embeddable":true,"href":"https:\/\/canal7slp.tv\/2025\/wp-json\/wp\/v2\/users\/2"}],"replies":[{"embeddable":true,"href":"https:\/\/canal7slp.tv\/2025\/wp-json\/wp\/v2\/comments?post=175162"}],"version-history":[{"count":1,"href":"https:\/\/canal7slp.tv\/2025\/wp-json\/wp\/v2\/posts\/175162\/revisions"}],"predecessor-version":[{"id":175164,"href":"https:\/\/canal7slp.tv\/2025\/wp-json\/wp\/v2\/posts\/175162\/revisions\/175164"}],"wp:featuredmedia":[{"embeddable":true,"href":"https:\/\/canal7slp.tv\/2025\/wp-json\/wp\/v2\/media\/175163"}],"wp:attachment":[{"href":"https:\/\/canal7slp.tv\/2025\/wp-json\/wp\/v2\/media?parent=175162"}],"wp:term":[{"taxonomy":"category","embeddable":true,"href":"https:\/\/canal7slp.tv\/2025\/wp-json\/wp\/v2\/categories?post=175162"},{"taxonomy":"post_tag","embeddable":true,"href":"https:\/\/canal7slp.tv\/2025\/wp-json\/wp\/v2\/tags?post=175162"}],"curies":[{"name":"wp","href":"https:\/\/api.w.org\/{rel}","templated":true}]}}