{"id":175155,"date":"2025-08-01T18:20:55","date_gmt":"2025-08-02T00:20:55","guid":{"rendered":"https:\/\/canal7slp.tv\/2025\/?p=175155"},"modified":"2025-08-01T18:20:55","modified_gmt":"2025-08-02T00:20:55","slug":"detienen-a-seis-policias-en-bcs-por-desaparicion-forzada-de-dos-jovenes","status":"publish","type":"post","link":"https:\/\/canal7slp.tv\/2025\/detienen-a-seis-policias-en-bcs-por-desaparicion-forzada-de-dos-jovenes\/","title":{"rendered":"Detienen a seis polic\u00edas en BCS por desaparici\u00f3n forzada de dos j\u00f3venes"},"content":{"rendered":"<p style=\"text-align: justify;\">\n<p style=\"text-align: justify;\">Los Cabos.- La Procuradur\u00eda General de Justicia del Estado (PGJE) de Baja California Sur inform\u00f3 sobre la detenci\u00f3n de seis personas, cinco hombres y una mujer, por su presunta implicaci\u00f3n en el delito de desaparici\u00f3n forzada de personas en el municipio de Los Cabos.<\/p>\n<p style=\"text-align: justify;\">Los arrestos se realizaron el martes 29 de julio en un operativo conjunto con la Secretar\u00eda de Marina (Semar), llevado a cabo en un domicilio ubicado en la colonia Lomas del Sol, en Cabo San Lucas.<\/p>\n<p style=\"text-align: justify;\">Los detenidos forman parte de la Direcci\u00f3n de Seguridad P\u00fablica Municipal de Los Cabos y fueron identificados como Alejandra \u201cN\u201d, de 32 a\u00f1os; Ram\u00f3n \u201cN\u201d, de 30; Sergio \u201cN\u201d, de 23, adem\u00e1s de Jes\u00fas \u201cN\u201d, Jos\u00e9 \u201cN\u201d y Pedro \u201cN\u201d, todos originarios de la regi\u00f3n.<\/p>\n<p style=\"text-align: justify;\">De acuerdo con la PGJE, las detenciones est\u00e1n relacionadas con la desaparici\u00f3n de Pablo Figueroa Mart\u00ednez, de 17 a\u00f1os, y Jes\u00fas Torres Procopio, de 21, quienes fueron vistos por \u00faltima vez el 26 de junio de 2025 y desde entonces se desconoce su paradero.<\/p>\n<p style=\"text-align: justify;\">El titular de la dependencia, Antonio L\u00f3pez Rodr\u00edguez, detall\u00f3 que se han seguido distintas l\u00edneas de investigaci\u00f3n y que las \u00f3rdenes de aprehensi\u00f3n fueron solicitadas tras recabar evidencia suficiente que apunta a una posible participaci\u00f3n directa de los agentes detenidos. Aunque subray\u00f3 que debe prevalecer la presunci\u00f3n de inocencia, indic\u00f3 que las indagatorias continuar\u00e1n hasta esclarecer los hechos y dar con el paradero de los j\u00f3venes desaparecidos.<\/p>\n","protected":false},"excerpt":{"rendered":"<p>Los Cabos.- La Procuradur\u00eda General de Justicia del Estado (PGJE) de Baja California Sur inform\u00f3 sobre la detenci\u00f3n de seis personas, cinco hombres y una mujer, por su presunta implicaci\u00f3n en el delito de desaparici\u00f3n forzada de personas en el municipio de Los Cabos. Los arrestos se realizaron el martes 29 de julio en un operativo conjunto con la Secretar\u00eda de Marina (Semar), llevado a cabo en un domicilio ubicado en la colonia Lomas del Sol, en Cabo San Lucas. Los detenidos forman parte de la Direcci\u00f3n de Seguridad P\u00fablica Municipal de Los Cabos y fueron identificados como Alejandra \u201cN\u201d, [&hellip;]<\/p>\n","protected":false},"author":2,"featured_media":175156,"comment_status":"closed","ping_status":"closed","sticky":false,"template":"","format":"standard","meta":{"_monsterinsights_skip_tracking":false,"_monsterinsights_sitenote_active":false,"_monsterinsights_sitenote_note":"","_monsterinsights_sitenote_category":0,"footnotes":""},"categories":[46],"tags":[],"class_list":["post-175155","post","type-post","status-publish","format-standard","has-post-thumbnail","hentry","category-nacional","post--single"],"yoast_head":"<!-- This site is optimized with the Yoast SEO plugin v27.5 - https:\/\/yoast.com\/product\/yoast-seo-wordpress\/ -->\n<title>Detienen a seis polic\u00edas en BCS por desaparici\u00f3n forzada de dos j\u00f3venes - Canal 7 SLP - 2025<\/title>\n<meta name=\"robots\" content=\"index, follow, max-snippet:-1, max-image-preview:large, max-video-preview:-1\" \/>\n<link rel=\"canonical\" href=\"https:\/\/canal7slp.tv\/2025\/detienen-a-seis-policias-en-bcs-por-desaparicion-forzada-de-dos-jovenes\/\" \/>\n<meta property=\"og:locale\" content=\"es_ES\" \/>\n<meta property=\"og:type\" content=\"article\" \/>\n<meta property=\"og:title\" content=\"Detienen a seis polic\u00edas en BCS por desaparici\u00f3n forzada de dos j\u00f3venes - Canal 7 SLP - 2025\" \/>\n<meta property=\"og:description\" content=\"Los Cabos.- La Procuradur\u00eda General de Justicia del Estado (PGJE) de Baja California Sur inform\u00f3 sobre la detenci\u00f3n de seis personas, cinco hombres y una mujer, por su presunta implicaci\u00f3n en el delito de desaparici\u00f3n forzada de personas en el municipio de Los Cabos. Los arrestos se realizaron el martes 29 de julio en un operativo conjunto con la Secretar\u00eda de Marina (Semar), llevado a cabo en un domicilio ubicado en la colonia Lomas del Sol, en Cabo San Lucas. Los detenidos forman parte de la Direcci\u00f3n de Seguridad P\u00fablica Municipal de Los Cabos y fueron identificados como Alejandra \u201cN\u201d, [&hellip;]\" \/>\n<meta property=\"og:url\" content=\"https:\/\/canal7slp.tv\/2025\/detienen-a-seis-policias-en-bcs-por-desaparicion-forzada-de-dos-jovenes\/\" \/>\n<meta property=\"og:site_name\" content=\"Canal 7 SLP - 2025\" \/>\n<meta property=\"article:publisher\" content=\"https:\/\/www.facebook.com\/noticieroscanal7atencionciudadana\/\" \/>\n<meta property=\"article:published_time\" content=\"2025-08-02T00:20:55+00:00\" \/>\n<meta property=\"og:image\" content=\"https:\/\/canal7slp.tv\/2025\/wp-content\/uploads\/2025\/08\/13.jpg\" \/>\n\t<meta property=\"og:image:width\" content=\"1049\" \/>\n\t<meta property=\"og:image:height\" content=\"500\" \/>\n\t<meta property=\"og:image:type\" content=\"image\/jpeg\" \/>\n<meta name=\"author\" content=\"Edici\u00f3n Web\" \/>\n<meta name=\"twitter:card\" content=\"summary_large_image\" \/>\n<meta name=\"twitter:creator\" content=\"@NOTICIEROS7\" \/>\n<meta name=\"twitter:site\" content=\"@NOTICIEROS7\" \/>\n<meta name=\"twitter:label1\" content=\"Escrito por\" \/>\n\t<meta name=\"twitter:data1\" content=\"Edici\u00f3n Web\" \/>\n\t<meta name=\"twitter:label2\" content=\"Tiempo de lectura\" \/>\n\t<meta name=\"twitter:data2\" content=\"2 minutos\" \/>\n<script type=\"application\/ld+json\" class=\"yoast-schema-graph\">{\"@context\":\"https:\\\/\\\/schema.org\",\"@graph\":[{\"@type\":\"Article\",\"@id\":\"https:\\\/\\\/canal7slp.tv\\\/2025\\\/detienen-a-seis-policias-en-bcs-por-desaparicion-forzada-de-dos-jovenes\\\/#article\",\"isPartOf\":{\"@id\":\"https:\\\/\\\/canal7slp.tv\\\/2025\\\/detienen-a-seis-policias-en-bcs-por-desaparicion-forzada-de-dos-jovenes\\\/\"},\"author\":{\"name\":\"Edici\u00f3n Web\",\"@id\":\"https:\\\/\\\/canal7slp.tv\\\/2025\\\/#\\\/schema\\\/person\\\/271e2b60a96e7cc9d9ac296f4d7e414b\"},\"headline\":\"Detienen a seis polic\u00edas en BCS por desaparici\u00f3n forzada de dos j\u00f3venes\",\"datePublished\":\"2025-08-02T00:20:55+00:00\",\"mainEntityOfPage\":{\"@id\":\"https:\\\/\\\/canal7slp.tv\\\/2025\\\/detienen-a-seis-policias-en-bcs-por-desaparicion-forzada-de-dos-jovenes\\\/\"},\"wordCount\":270,\"publisher\":{\"@id\":\"https:\\\/\\\/canal7slp.tv\\\/2025\\\/#organization\"},\"image\":{\"@id\":\"https:\\\/\\\/canal7slp.tv\\\/2025\\\/detienen-a-seis-policias-en-bcs-por-desaparicion-forzada-de-dos-jovenes\\\/#primaryimage\"},\"thumbnailUrl\":\"https:\\\/\\\/canal7slp.tv\\\/2025\\\/wp-content\\\/uploads\\\/2025\\\/08\\\/13.jpg\",\"articleSection\":[\"NACIONALES\"],\"inLanguage\":\"es\"},{\"@type\":\"WebPage\",\"@id\":\"https:\\\/\\\/canal7slp.tv\\\/2025\\\/detienen-a-seis-policias-en-bcs-por-desaparicion-forzada-de-dos-jovenes\\\/\",\"url\":\"https:\\\/\\\/canal7slp.tv\\\/2025\\\/detienen-a-seis-policias-en-bcs-por-desaparicion-forzada-de-dos-jovenes\\\/\",\"name\":\"Detienen a seis polic\u00edas en BCS por desaparici\u00f3n forzada de dos j\u00f3venes - Canal 7 SLP - 2025\",\"isPartOf\":{\"@id\":\"https:\\\/\\\/canal7slp.tv\\\/2025\\\/#website\"},\"primaryImageOfPage\":{\"@id\":\"https:\\\/\\\/canal7slp.tv\\\/2025\\\/detienen-a-seis-policias-en-bcs-por-desaparicion-forzada-de-dos-jovenes\\\/#primaryimage\"},\"image\":{\"@id\":\"https:\\\/\\\/canal7slp.tv\\\/2025\\\/detienen-a-seis-policias-en-bcs-por-desaparicion-forzada-de-dos-jovenes\\\/#primaryimage\"},\"thumbnailUrl\":\"https:\\\/\\\/canal7slp.tv\\\/2025\\\/wp-content\\\/uploads\\\/2025\\\/08\\\/13.jpg\",\"datePublished\":\"2025-08-02T00:20:55+00:00\",\"breadcrumb\":{\"@id\":\"https:\\\/\\\/canal7slp.tv\\\/2025\\\/detienen-a-seis-policias-en-bcs-por-desaparicion-forzada-de-dos-jovenes\\\/#breadcrumb\"},\"inLanguage\":\"es\",\"potentialAction\":[{\"@type\":\"ReadAction\",\"target\":[\"https:\\\/\\\/canal7slp.tv\\\/2025\\\/detienen-a-seis-policias-en-bcs-por-desaparicion-forzada-de-dos-jovenes\\\/\"]}]},{\"@type\":\"ImageObject\",\"inLanguage\":\"es\",\"@id\":\"https:\\\/\\\/canal7slp.tv\\\/2025\\\/detienen-a-seis-policias-en-bcs-por-desaparicion-forzada-de-dos-jovenes\\\/#primaryimage\",\"url\":\"https:\\\/\\\/canal7slp.tv\\\/2025\\\/wp-content\\\/uploads\\\/2025\\\/08\\\/13.jpg\",\"contentUrl\":\"https:\\\/\\\/canal7slp.tv\\\/2025\\\/wp-content\\\/uploads\\\/2025\\\/08\\\/13.jpg\",\"width\":1049,\"height\":500},{\"@type\":\"BreadcrumbList\",\"@id\":\"https:\\\/\\\/canal7slp.tv\\\/2025\\\/detienen-a-seis-policias-en-bcs-por-desaparicion-forzada-de-dos-jovenes\\\/#breadcrumb\",\"itemListElement\":[{\"@type\":\"ListItem\",\"position\":1,\"name\":\"Portada\",\"item\":\"https:\\\/\\\/canal7slp.tv\\\/2025\\\/\"},{\"@type\":\"ListItem\",\"position\":2,\"name\":\"Detienen a seis polic\u00edas en BCS por desaparici\u00f3n forzada de dos j\u00f3venes\"}]},{\"@type\":\"WebSite\",\"@id\":\"https:\\\/\\\/canal7slp.tv\\\/2025\\\/#website\",\"url\":\"https:\\\/\\\/canal7slp.tv\\\/2025\\\/\",\"name\":\"N7 - Noticieros Canal 7\",\"description\":\"Somos el Medio\",\"publisher\":{\"@id\":\"https:\\\/\\\/canal7slp.tv\\\/2025\\\/#organization\"},\"potentialAction\":[{\"@type\":\"SearchAction\",\"target\":{\"@type\":\"EntryPoint\",\"urlTemplate\":\"https:\\\/\\\/canal7slp.tv\\\/2025\\\/?s={search_term_string}\"},\"query-input\":{\"@type\":\"PropertyValueSpecification\",\"valueRequired\":true,\"valueName\":\"search_term_string\"}}],\"inLanguage\":\"es\"},{\"@type\":\"Organization\",\"@id\":\"https:\\\/\\\/canal7slp.tv\\\/2025\\\/#organization\",\"name\":\"Noticieros Canal 7\",\"url\":\"https:\\\/\\\/canal7slp.tv\\\/2025\\\/\",\"logo\":{\"@type\":\"ImageObject\",\"inLanguage\":\"es\",\"@id\":\"https:\\\/\\\/canal7slp.tv\\\/2025\\\/#\\\/schema\\\/logo\\\/image\\\/\",\"url\":\"https:\\\/\\\/canal7slp.tv\\\/2025\\\/wp-content\\\/uploads\\\/2021\\\/01\\\/logo-noticieros@2x.png\",\"contentUrl\":\"https:\\\/\\\/canal7slp.tv\\\/2025\\\/wp-content\\\/uploads\\\/2021\\\/01\\\/logo-noticieros@2x.png\",\"width\":1017,\"height\":268,\"caption\":\"Noticieros Canal 7\"},\"image\":{\"@id\":\"https:\\\/\\\/canal7slp.tv\\\/2025\\\/#\\\/schema\\\/logo\\\/image\\\/\"},\"sameAs\":[\"https:\\\/\\\/www.facebook.com\\\/noticieroscanal7atencionciudadana\\\/\",\"https:\\\/\\\/x.com\\\/NOTICIEROS7\",\"https:\\\/\\\/www.instagram.com\\\/canal7_slp\",\"https:\\\/\\\/www.youtube.com\\\/channel\\\/UCliiYs-gP3JfJeqdPrNdd5A\"]},{\"@type\":\"Person\",\"@id\":\"https:\\\/\\\/canal7slp.tv\\\/2025\\\/#\\\/schema\\\/person\\\/271e2b60a96e7cc9d9ac296f4d7e414b\",\"name\":\"Edici\u00f3n Web\",\"image\":{\"@type\":\"ImageObject\",\"inLanguage\":\"es\",\"@id\":\"https:\\\/\\\/secure.gravatar.com\\\/avatar\\\/eee448fc3f7164808013b816ba91ac7e43bbe82a70bebac296f8bc6f0addaa1a?s=96&d=mm&r=g\",\"url\":\"https:\\\/\\\/secure.gravatar.com\\\/avatar\\\/eee448fc3f7164808013b816ba91ac7e43bbe82a70bebac296f8bc6f0addaa1a?s=96&d=mm&r=g\",\"contentUrl\":\"https:\\\/\\\/secure.gravatar.com\\\/avatar\\\/eee448fc3f7164808013b816ba91ac7e43bbe82a70bebac296f8bc6f0addaa1a?s=96&d=mm&r=g\",\"caption\":\"Edici\u00f3n Web\"},\"url\":\"https:\\\/\\\/canal7slp.tv\\\/2025\\\/author\\\/edicionweb\\\/\"}]}<\/script>\n<!-- \/ Yoast SEO plugin. -->","yoast_head_json":{"title":"Detienen a seis polic\u00edas en BCS por desaparici\u00f3n forzada de dos j\u00f3venes - Canal 7 SLP - 2025","robots":{"index":"index","follow":"follow","max-snippet":"max-snippet:-1","max-image-preview":"max-image-preview:large","max-video-preview":"max-video-preview:-1"},"canonical":"https:\/\/canal7slp.tv\/2025\/detienen-a-seis-policias-en-bcs-por-desaparicion-forzada-de-dos-jovenes\/","og_locale":"es_ES","og_type":"article","og_title":"Detienen a seis polic\u00edas en BCS por desaparici\u00f3n forzada de dos j\u00f3venes - Canal 7 SLP - 2025","og_description":"Los Cabos.- La Procuradur\u00eda General de Justicia del Estado (PGJE) de Baja California Sur inform\u00f3 sobre la detenci\u00f3n de seis personas, cinco hombres y una mujer, por su presunta implicaci\u00f3n en el delito de desaparici\u00f3n forzada de personas en el municipio de Los Cabos. Los arrestos se realizaron el martes 29 de julio en un operativo conjunto con la Secretar\u00eda de Marina (Semar), llevado a cabo en un domicilio ubicado en la colonia Lomas del Sol, en Cabo San Lucas. Los detenidos forman parte de la Direcci\u00f3n de Seguridad P\u00fablica Municipal de Los Cabos y fueron identificados como Alejandra \u201cN\u201d, [&hellip;]","og_url":"https:\/\/canal7slp.tv\/2025\/detienen-a-seis-policias-en-bcs-por-desaparicion-forzada-de-dos-jovenes\/","og_site_name":"Canal 7 SLP - 2025","article_publisher":"https:\/\/www.facebook.com\/noticieroscanal7atencionciudadana\/","article_published_time":"2025-08-02T00:20:55+00:00","og_image":[{"width":1049,"height":500,"url":"https:\/\/canal7slp.tv\/2025\/wp-content\/uploads\/2025\/08\/13.jpg","type":"image\/jpeg"}],"author":"Edici\u00f3n Web","twitter_card":"summary_large_image","twitter_creator":"@NOTICIEROS7","twitter_site":"@NOTICIEROS7","twitter_misc":{"Escrito por":"Edici\u00f3n Web","Tiempo de lectura":"2 minutos"},"schema":{"@context":"https:\/\/schema.org","@graph":[{"@type":"Article","@id":"https:\/\/canal7slp.tv\/2025\/detienen-a-seis-policias-en-bcs-por-desaparicion-forzada-de-dos-jovenes\/#article","isPartOf":{"@id":"https:\/\/canal7slp.tv\/2025\/detienen-a-seis-policias-en-bcs-por-desaparicion-forzada-de-dos-jovenes\/"},"author":{"name":"Edici\u00f3n Web","@id":"https:\/\/canal7slp.tv\/2025\/#\/schema\/person\/271e2b60a96e7cc9d9ac296f4d7e414b"},"headline":"Detienen a seis polic\u00edas en BCS por desaparici\u00f3n forzada de dos j\u00f3venes","datePublished":"2025-08-02T00:20:55+00:00","mainEntityOfPage":{"@id":"https:\/\/canal7slp.tv\/2025\/detienen-a-seis-policias-en-bcs-por-desaparicion-forzada-de-dos-jovenes\/"},"wordCount":270,"publisher":{"@id":"https:\/\/canal7slp.tv\/2025\/#organization"},"image":{"@id":"https:\/\/canal7slp.tv\/2025\/detienen-a-seis-policias-en-bcs-por-desaparicion-forzada-de-dos-jovenes\/#primaryimage"},"thumbnailUrl":"https:\/\/canal7slp.tv\/2025\/wp-content\/uploads\/2025\/08\/13.jpg","articleSection":["NACIONALES"],"inLanguage":"es"},{"@type":"WebPage","@id":"https:\/\/canal7slp.tv\/2025\/detienen-a-seis-policias-en-bcs-por-desaparicion-forzada-de-dos-jovenes\/","url":"https:\/\/canal7slp.tv\/2025\/detienen-a-seis-policias-en-bcs-por-desaparicion-forzada-de-dos-jovenes\/","name":"Detienen a seis polic\u00edas en BCS por desaparici\u00f3n forzada de dos j\u00f3venes - Canal 7 SLP - 2025","isPartOf":{"@id":"https:\/\/canal7slp.tv\/2025\/#website"},"primaryImageOfPage":{"@id":"https:\/\/canal7slp.tv\/2025\/detienen-a-seis-policias-en-bcs-por-desaparicion-forzada-de-dos-jovenes\/#primaryimage"},"image":{"@id":"https:\/\/canal7slp.tv\/2025\/detienen-a-seis-policias-en-bcs-por-desaparicion-forzada-de-dos-jovenes\/#primaryimage"},"thumbnailUrl":"https:\/\/canal7slp.tv\/2025\/wp-content\/uploads\/2025\/08\/13.jpg","datePublished":"2025-08-02T00:20:55+00:00","breadcrumb":{"@id":"https:\/\/canal7slp.tv\/2025\/detienen-a-seis-policias-en-bcs-por-desaparicion-forzada-de-dos-jovenes\/#breadcrumb"},"inLanguage":"es","potentialAction":[{"@type":"ReadAction","target":["https:\/\/canal7slp.tv\/2025\/detienen-a-seis-policias-en-bcs-por-desaparicion-forzada-de-dos-jovenes\/"]}]},{"@type":"ImageObject","inLanguage":"es","@id":"https:\/\/canal7slp.tv\/2025\/detienen-a-seis-policias-en-bcs-por-desaparicion-forzada-de-dos-jovenes\/#primaryimage","url":"https:\/\/canal7slp.tv\/2025\/wp-content\/uploads\/2025\/08\/13.jpg","contentUrl":"https:\/\/canal7slp.tv\/2025\/wp-content\/uploads\/2025\/08\/13.jpg","width":1049,"height":500},{"@type":"BreadcrumbList","@id":"https:\/\/canal7slp.tv\/2025\/detienen-a-seis-policias-en-bcs-por-desaparicion-forzada-de-dos-jovenes\/#breadcrumb","itemListElement":[{"@type":"ListItem","position":1,"name":"Portada","item":"https:\/\/canal7slp.tv\/2025\/"},{"@type":"ListItem","position":2,"name":"Detienen a seis polic\u00edas en BCS por desaparici\u00f3n forzada de dos j\u00f3venes"}]},{"@type":"WebSite","@id":"https:\/\/canal7slp.tv\/2025\/#website","url":"https:\/\/canal7slp.tv\/2025\/","name":"N7 - Noticieros Canal 7","description":"Somos el Medio","publisher":{"@id":"https:\/\/canal7slp.tv\/2025\/#organization"},"potentialAction":[{"@type":"SearchAction","target":{"@type":"EntryPoint","urlTemplate":"https:\/\/canal7slp.tv\/2025\/?s={search_term_string}"},"query-input":{"@type":"PropertyValueSpecification","valueRequired":true,"valueName":"search_term_string"}}],"inLanguage":"es"},{"@type":"Organization","@id":"https:\/\/canal7slp.tv\/2025\/#organization","name":"Noticieros Canal 7","url":"https:\/\/canal7slp.tv\/2025\/","logo":{"@type":"ImageObject","inLanguage":"es","@id":"https:\/\/canal7slp.tv\/2025\/#\/schema\/logo\/image\/","url":"https:\/\/canal7slp.tv\/2025\/wp-content\/uploads\/2021\/01\/logo-noticieros@2x.png","contentUrl":"https:\/\/canal7slp.tv\/2025\/wp-content\/uploads\/2021\/01\/logo-noticieros@2x.png","width":1017,"height":268,"caption":"Noticieros Canal 7"},"image":{"@id":"https:\/\/canal7slp.tv\/2025\/#\/schema\/logo\/image\/"},"sameAs":["https:\/\/www.facebook.com\/noticieroscanal7atencionciudadana\/","https:\/\/x.com\/NOTICIEROS7","https:\/\/www.instagram.com\/canal7_slp","https:\/\/www.youtube.com\/channel\/UCliiYs-gP3JfJeqdPrNdd5A"]},{"@type":"Person","@id":"https:\/\/canal7slp.tv\/2025\/#\/schema\/person\/271e2b60a96e7cc9d9ac296f4d7e414b","name":"Edici\u00f3n Web","image":{"@type":"ImageObject","inLanguage":"es","@id":"https:\/\/secure.gravatar.com\/avatar\/eee448fc3f7164808013b816ba91ac7e43bbe82a70bebac296f8bc6f0addaa1a?s=96&d=mm&r=g","url":"https:\/\/secure.gravatar.com\/avatar\/eee448fc3f7164808013b816ba91ac7e43bbe82a70bebac296f8bc6f0addaa1a?s=96&d=mm&r=g","contentUrl":"https:\/\/secure.gravatar.com\/avatar\/eee448fc3f7164808013b816ba91ac7e43bbe82a70bebac296f8bc6f0addaa1a?s=96&d=mm&r=g","caption":"Edici\u00f3n Web"},"url":"https:\/\/canal7slp.tv\/2025\/author\/edicionweb\/"}]}},"_links":{"self":[{"href":"https:\/\/canal7slp.tv\/2025\/wp-json\/wp\/v2\/posts\/175155","targetHints":{"allow":["GET"]}}],"collection":[{"href":"https:\/\/canal7slp.tv\/2025\/wp-json\/wp\/v2\/posts"}],"about":[{"href":"https:\/\/canal7slp.tv\/2025\/wp-json\/wp\/v2\/types\/post"}],"author":[{"embeddable":true,"href":"https:\/\/canal7slp.tv\/2025\/wp-json\/wp\/v2\/users\/2"}],"replies":[{"embeddable":true,"href":"https:\/\/canal7slp.tv\/2025\/wp-json\/wp\/v2\/comments?post=175155"}],"version-history":[{"count":1,"href":"https:\/\/canal7slp.tv\/2025\/wp-json\/wp\/v2\/posts\/175155\/revisions"}],"predecessor-version":[{"id":175157,"href":"https:\/\/canal7slp.tv\/2025\/wp-json\/wp\/v2\/posts\/175155\/revisions\/175157"}],"wp:featuredmedia":[{"embeddable":true,"href":"https:\/\/canal7slp.tv\/2025\/wp-json\/wp\/v2\/media\/175156"}],"wp:attachment":[{"href":"https:\/\/canal7slp.tv\/2025\/wp-json\/wp\/v2\/media?parent=175155"}],"wp:term":[{"taxonomy":"category","embeddable":true,"href":"https:\/\/canal7slp.tv\/2025\/wp-json\/wp\/v2\/categories?post=175155"},{"taxonomy":"post_tag","embeddable":true,"href":"https:\/\/canal7slp.tv\/2025\/wp-json\/wp\/v2\/tags?post=175155"}],"curies":[{"name":"wp","href":"https:\/\/api.w.org\/{rel}","templated":true}]}}