{"id":175149,"date":"2025-08-01T17:44:33","date_gmt":"2025-08-01T23:44:33","guid":{"rendered":"https:\/\/canal7slp.tv\/2025\/?p=175149"},"modified":"2025-08-01T17:44:33","modified_gmt":"2025-08-01T23:44:33","slug":"mas-de-75-mil-mexicanos-repatriados-desde-el-inicio-del-gobierno-de-trump-segob","status":"publish","type":"post","link":"https:\/\/canal7slp.tv\/2025\/mas-de-75-mil-mexicanos-repatriados-desde-el-inicio-del-gobierno-de-trump-segob\/","title":{"rendered":"M\u00e1s de 75 mil mexicanos repatriados desde el inicio del gobierno de Trump: SEGOB"},"content":{"rendered":"<p style=\"text-align: justify;\">M\u00e9xico.- La secretaria de Gobernaci\u00f3n, Rosa Icela Rodr\u00edguez, inform\u00f3 que m\u00e1s de 75 mil 900 mexicanos han sido repatriados desde Estados Unidos desde el inicio del gobierno de Donald Trump, en el marco de la estrategia \u201cM\u00e9xico te Abraza\u201d, promovida por la presidenta Claudia Sheinbaum Pardo.<\/p>\n<p style=\"text-align: justify;\">Esta iniciativa busca garantizar una recepci\u00f3n digna y el respeto a los derechos humanos de los migrantes que regresan al pa\u00eds.<\/p>\n<p style=\"text-align: justify;\">Durante la conferencia de prensa en Palacio Nacional, Rodr\u00edguez explic\u00f3 que el programa es coordinado por la Secretar\u00eda de Gobernaci\u00f3n con apoyo de 34 dependencias federales, gobiernos estatales y el sector empresarial.<\/p>\n<p style=\"text-align: justify;\">Hasta la fecha, se ha brindado atenci\u00f3n directa a 36 mil personas en centros establecidos en los estados fronterizos de Baja California, Sonora, Chihuahua, Coahuila, Nuevo Le\u00f3n y Tamaulipas, as\u00ed como en Villahermosa, Tabasco, con una nueva sede pr\u00f3xima a abrir en Tapachula, Chiapas.<\/p>\n<p style=\"text-align: justify;\">Estos espacios tienen una capacidad total para albergar hasta 25 mil personas.<\/p>\n<p style=\"text-align: justify;\">Desde el 20 de enero, 13 mil 978 mexicanos han sido repatriados por v\u00eda a\u00e9rea, principalmente al Aeropuerto Internacional Felipe \u00c1ngeles (AIFA) y a terminales en Villahermosa y Tapachula, donde reciben asistencia inmediata.<\/p>\n<p style=\"text-align: justify;\">A quienes regresan por v\u00eda terrestre se les proporciona alimentos, asesor\u00eda jur\u00eddica, transporte y servicios de comunicaci\u00f3n con sus familias.<\/p>\n<p style=\"text-align: justify;\">En total, se han otorgado m\u00e1s de 436 mil servicios, entre ellos:<\/p>\n<ul style=\"text-align: justify;\">\n<li>145 mil 900 raciones de alimentos<\/li>\n<li>13 mil 800 atenciones m\u00e9dicas<\/li>\n<li>Cinco mil 300 atenciones psicol\u00f3gicas<\/li>\n<li>Dos mil asesor\u00edas agrarias, laborales y de vivienda<\/li>\n<\/ul>\n<p style=\"text-align: justify;\">Adem\u00e1s, 50 mil repatriados han sido afiliados al IMSS por razones humanitarias, 9 mil han obtenido actas de nacimiento certificadas y 41 mil ,200 han recibido la Tarjeta Bienestar Paisano, que incluye dos mil pesos para facilitar su regreso a sus comunidades.<\/p>\n<p style=\"text-align: justify;\">Tambi\u00e9n se destac\u00f3 que cuatro mil 935 personas han encontrado empleo formal y que el Instituto Nacional de Migraci\u00f3n ha colaborado en el traslado de m\u00e1s de 16 mil repatriados a sus respectivos estados.<\/p>\n<p style=\"text-align: justify;\">Rodr\u00edguez subray\u00f3 la importancia de valorar a los migrantes, quienes, dijo, han contribuido significativamente a las econom\u00edas tanto de M\u00e9xico como de Estados Unidos.<\/p>\n","protected":false},"excerpt":{"rendered":"<p>M\u00e9xico.- La secretaria de Gobernaci\u00f3n, Rosa Icela Rodr\u00edguez, inform\u00f3 que m\u00e1s de 75 mil 900 mexicanos han sido repatriados desde Estados Unidos desde el inicio del gobierno de Donald Trump, en el marco de la estrategia \u201cM\u00e9xico te Abraza\u201d, promovida por la presidenta Claudia Sheinbaum Pardo. Esta iniciativa busca garantizar una recepci\u00f3n digna y el respeto a los derechos humanos de los migrantes que regresan al pa\u00eds. Durante la conferencia de prensa en Palacio Nacional, Rodr\u00edguez explic\u00f3 que el programa es coordinado por la Secretar\u00eda de Gobernaci\u00f3n con apoyo de 34 dependencias federales, gobiernos estatales y el sector empresarial. Hasta [&hellip;]<\/p>\n","protected":false},"author":2,"featured_media":175150,"comment_status":"closed","ping_status":"closed","sticky":false,"template":"","format":"standard","meta":{"_monsterinsights_skip_tracking":false,"_monsterinsights_sitenote_active":false,"_monsterinsights_sitenote_note":"","_monsterinsights_sitenote_category":0,"footnotes":""},"categories":[46],"tags":[],"class_list":["post-175149","post","type-post","status-publish","format-standard","has-post-thumbnail","hentry","category-nacional","post--single"],"yoast_head":"<!-- This site is optimized with the Yoast SEO plugin v27.5 - https:\/\/yoast.com\/product\/yoast-seo-wordpress\/ -->\n<title>M\u00e1s de 75 mil mexicanos repatriados desde el inicio del gobierno de Trump: SEGOB - Canal 7 SLP - 2025<\/title>\n<meta name=\"robots\" content=\"index, follow, max-snippet:-1, max-image-preview:large, max-video-preview:-1\" \/>\n<link rel=\"canonical\" href=\"https:\/\/canal7slp.tv\/2025\/mas-de-75-mil-mexicanos-repatriados-desde-el-inicio-del-gobierno-de-trump-segob\/\" \/>\n<meta property=\"og:locale\" content=\"es_ES\" \/>\n<meta property=\"og:type\" content=\"article\" \/>\n<meta property=\"og:title\" content=\"M\u00e1s de 75 mil mexicanos repatriados desde el inicio del gobierno de Trump: SEGOB - Canal 7 SLP - 2025\" \/>\n<meta property=\"og:description\" content=\"M\u00e9xico.- La secretaria de Gobernaci\u00f3n, Rosa Icela Rodr\u00edguez, inform\u00f3 que m\u00e1s de 75 mil 900 mexicanos han sido repatriados desde Estados Unidos desde el inicio del gobierno de Donald Trump, en el marco de la estrategia \u201cM\u00e9xico te Abraza\u201d, promovida por la presidenta Claudia Sheinbaum Pardo. Esta iniciativa busca garantizar una recepci\u00f3n digna y el respeto a los derechos humanos de los migrantes que regresan al pa\u00eds. Durante la conferencia de prensa en Palacio Nacional, Rodr\u00edguez explic\u00f3 que el programa es coordinado por la Secretar\u00eda de Gobernaci\u00f3n con apoyo de 34 dependencias federales, gobiernos estatales y el sector empresarial. Hasta [&hellip;]\" \/>\n<meta property=\"og:url\" content=\"https:\/\/canal7slp.tv\/2025\/mas-de-75-mil-mexicanos-repatriados-desde-el-inicio-del-gobierno-de-trump-segob\/\" \/>\n<meta property=\"og:site_name\" content=\"Canal 7 SLP - 2025\" \/>\n<meta property=\"article:publisher\" content=\"https:\/\/www.facebook.com\/noticieroscanal7atencionciudadana\/\" \/>\n<meta property=\"article:published_time\" content=\"2025-08-01T23:44:33+00:00\" \/>\n<meta property=\"og:image\" content=\"https:\/\/canal7slp.tv\/2025\/wp-content\/uploads\/2025\/08\/11.jpg\" \/>\n\t<meta property=\"og:image:width\" content=\"887\" \/>\n\t<meta property=\"og:image:height\" content=\"500\" \/>\n\t<meta property=\"og:image:type\" content=\"image\/jpeg\" \/>\n<meta name=\"author\" content=\"Edici\u00f3n Web\" \/>\n<meta name=\"twitter:card\" content=\"summary_large_image\" \/>\n<meta name=\"twitter:creator\" content=\"@NOTICIEROS7\" \/>\n<meta name=\"twitter:site\" content=\"@NOTICIEROS7\" \/>\n<meta name=\"twitter:label1\" content=\"Escrito por\" \/>\n\t<meta name=\"twitter:data1\" content=\"Edici\u00f3n Web\" \/>\n\t<meta name=\"twitter:label2\" content=\"Tiempo de lectura\" \/>\n\t<meta name=\"twitter:data2\" content=\"2 minutos\" \/>\n<script type=\"application\/ld+json\" class=\"yoast-schema-graph\">{\"@context\":\"https:\\\/\\\/schema.org\",\"@graph\":[{\"@type\":\"Article\",\"@id\":\"https:\\\/\\\/canal7slp.tv\\\/2025\\\/mas-de-75-mil-mexicanos-repatriados-desde-el-inicio-del-gobierno-de-trump-segob\\\/#article\",\"isPartOf\":{\"@id\":\"https:\\\/\\\/canal7slp.tv\\\/2025\\\/mas-de-75-mil-mexicanos-repatriados-desde-el-inicio-del-gobierno-de-trump-segob\\\/\"},\"author\":{\"name\":\"Edici\u00f3n Web\",\"@id\":\"https:\\\/\\\/canal7slp.tv\\\/2025\\\/#\\\/schema\\\/person\\\/271e2b60a96e7cc9d9ac296f4d7e414b\"},\"headline\":\"M\u00e1s de 75 mil mexicanos repatriados desde el inicio del gobierno de Trump: SEGOB\",\"datePublished\":\"2025-08-01T23:44:33+00:00\",\"mainEntityOfPage\":{\"@id\":\"https:\\\/\\\/canal7slp.tv\\\/2025\\\/mas-de-75-mil-mexicanos-repatriados-desde-el-inicio-del-gobierno-de-trump-segob\\\/\"},\"wordCount\":369,\"publisher\":{\"@id\":\"https:\\\/\\\/canal7slp.tv\\\/2025\\\/#organization\"},\"image\":{\"@id\":\"https:\\\/\\\/canal7slp.tv\\\/2025\\\/mas-de-75-mil-mexicanos-repatriados-desde-el-inicio-del-gobierno-de-trump-segob\\\/#primaryimage\"},\"thumbnailUrl\":\"https:\\\/\\\/canal7slp.tv\\\/2025\\\/wp-content\\\/uploads\\\/2025\\\/08\\\/11.jpg\",\"articleSection\":[\"NACIONALES\"],\"inLanguage\":\"es\"},{\"@type\":\"WebPage\",\"@id\":\"https:\\\/\\\/canal7slp.tv\\\/2025\\\/mas-de-75-mil-mexicanos-repatriados-desde-el-inicio-del-gobierno-de-trump-segob\\\/\",\"url\":\"https:\\\/\\\/canal7slp.tv\\\/2025\\\/mas-de-75-mil-mexicanos-repatriados-desde-el-inicio-del-gobierno-de-trump-segob\\\/\",\"name\":\"M\u00e1s de 75 mil mexicanos repatriados desde el inicio del gobierno de Trump: SEGOB - Canal 7 SLP - 2025\",\"isPartOf\":{\"@id\":\"https:\\\/\\\/canal7slp.tv\\\/2025\\\/#website\"},\"primaryImageOfPage\":{\"@id\":\"https:\\\/\\\/canal7slp.tv\\\/2025\\\/mas-de-75-mil-mexicanos-repatriados-desde-el-inicio-del-gobierno-de-trump-segob\\\/#primaryimage\"},\"image\":{\"@id\":\"https:\\\/\\\/canal7slp.tv\\\/2025\\\/mas-de-75-mil-mexicanos-repatriados-desde-el-inicio-del-gobierno-de-trump-segob\\\/#primaryimage\"},\"thumbnailUrl\":\"https:\\\/\\\/canal7slp.tv\\\/2025\\\/wp-content\\\/uploads\\\/2025\\\/08\\\/11.jpg\",\"datePublished\":\"2025-08-01T23:44:33+00:00\",\"breadcrumb\":{\"@id\":\"https:\\\/\\\/canal7slp.tv\\\/2025\\\/mas-de-75-mil-mexicanos-repatriados-desde-el-inicio-del-gobierno-de-trump-segob\\\/#breadcrumb\"},\"inLanguage\":\"es\",\"potentialAction\":[{\"@type\":\"ReadAction\",\"target\":[\"https:\\\/\\\/canal7slp.tv\\\/2025\\\/mas-de-75-mil-mexicanos-repatriados-desde-el-inicio-del-gobierno-de-trump-segob\\\/\"]}]},{\"@type\":\"ImageObject\",\"inLanguage\":\"es\",\"@id\":\"https:\\\/\\\/canal7slp.tv\\\/2025\\\/mas-de-75-mil-mexicanos-repatriados-desde-el-inicio-del-gobierno-de-trump-segob\\\/#primaryimage\",\"url\":\"https:\\\/\\\/canal7slp.tv\\\/2025\\\/wp-content\\\/uploads\\\/2025\\\/08\\\/11.jpg\",\"contentUrl\":\"https:\\\/\\\/canal7slp.tv\\\/2025\\\/wp-content\\\/uploads\\\/2025\\\/08\\\/11.jpg\",\"width\":887,\"height\":500},{\"@type\":\"BreadcrumbList\",\"@id\":\"https:\\\/\\\/canal7slp.tv\\\/2025\\\/mas-de-75-mil-mexicanos-repatriados-desde-el-inicio-del-gobierno-de-trump-segob\\\/#breadcrumb\",\"itemListElement\":[{\"@type\":\"ListItem\",\"position\":1,\"name\":\"Portada\",\"item\":\"https:\\\/\\\/canal7slp.tv\\\/2025\\\/\"},{\"@type\":\"ListItem\",\"position\":2,\"name\":\"M\u00e1s de 75 mil mexicanos repatriados desde el inicio del gobierno de Trump: SEGOB\"}]},{\"@type\":\"WebSite\",\"@id\":\"https:\\\/\\\/canal7slp.tv\\\/2025\\\/#website\",\"url\":\"https:\\\/\\\/canal7slp.tv\\\/2025\\\/\",\"name\":\"N7 - Noticieros Canal 7\",\"description\":\"Somos el Medio\",\"publisher\":{\"@id\":\"https:\\\/\\\/canal7slp.tv\\\/2025\\\/#organization\"},\"potentialAction\":[{\"@type\":\"SearchAction\",\"target\":{\"@type\":\"EntryPoint\",\"urlTemplate\":\"https:\\\/\\\/canal7slp.tv\\\/2025\\\/?s={search_term_string}\"},\"query-input\":{\"@type\":\"PropertyValueSpecification\",\"valueRequired\":true,\"valueName\":\"search_term_string\"}}],\"inLanguage\":\"es\"},{\"@type\":\"Organization\",\"@id\":\"https:\\\/\\\/canal7slp.tv\\\/2025\\\/#organization\",\"name\":\"Noticieros Canal 7\",\"url\":\"https:\\\/\\\/canal7slp.tv\\\/2025\\\/\",\"logo\":{\"@type\":\"ImageObject\",\"inLanguage\":\"es\",\"@id\":\"https:\\\/\\\/canal7slp.tv\\\/2025\\\/#\\\/schema\\\/logo\\\/image\\\/\",\"url\":\"https:\\\/\\\/canal7slp.tv\\\/2025\\\/wp-content\\\/uploads\\\/2021\\\/01\\\/logo-noticieros@2x.png\",\"contentUrl\":\"https:\\\/\\\/canal7slp.tv\\\/2025\\\/wp-content\\\/uploads\\\/2021\\\/01\\\/logo-noticieros@2x.png\",\"width\":1017,\"height\":268,\"caption\":\"Noticieros Canal 7\"},\"image\":{\"@id\":\"https:\\\/\\\/canal7slp.tv\\\/2025\\\/#\\\/schema\\\/logo\\\/image\\\/\"},\"sameAs\":[\"https:\\\/\\\/www.facebook.com\\\/noticieroscanal7atencionciudadana\\\/\",\"https:\\\/\\\/x.com\\\/NOTICIEROS7\",\"https:\\\/\\\/www.instagram.com\\\/canal7_slp\",\"https:\\\/\\\/www.youtube.com\\\/channel\\\/UCliiYs-gP3JfJeqdPrNdd5A\"]},{\"@type\":\"Person\",\"@id\":\"https:\\\/\\\/canal7slp.tv\\\/2025\\\/#\\\/schema\\\/person\\\/271e2b60a96e7cc9d9ac296f4d7e414b\",\"name\":\"Edici\u00f3n Web\",\"image\":{\"@type\":\"ImageObject\",\"inLanguage\":\"es\",\"@id\":\"https:\\\/\\\/secure.gravatar.com\\\/avatar\\\/eee448fc3f7164808013b816ba91ac7e43bbe82a70bebac296f8bc6f0addaa1a?s=96&d=mm&r=g\",\"url\":\"https:\\\/\\\/secure.gravatar.com\\\/avatar\\\/eee448fc3f7164808013b816ba91ac7e43bbe82a70bebac296f8bc6f0addaa1a?s=96&d=mm&r=g\",\"contentUrl\":\"https:\\\/\\\/secure.gravatar.com\\\/avatar\\\/eee448fc3f7164808013b816ba91ac7e43bbe82a70bebac296f8bc6f0addaa1a?s=96&d=mm&r=g\",\"caption\":\"Edici\u00f3n Web\"},\"url\":\"https:\\\/\\\/canal7slp.tv\\\/2025\\\/author\\\/edicionweb\\\/\"}]}<\/script>\n<!-- \/ Yoast SEO plugin. -->","yoast_head_json":{"title":"M\u00e1s de 75 mil mexicanos repatriados desde el inicio del gobierno de Trump: SEGOB - Canal 7 SLP - 2025","robots":{"index":"index","follow":"follow","max-snippet":"max-snippet:-1","max-image-preview":"max-image-preview:large","max-video-preview":"max-video-preview:-1"},"canonical":"https:\/\/canal7slp.tv\/2025\/mas-de-75-mil-mexicanos-repatriados-desde-el-inicio-del-gobierno-de-trump-segob\/","og_locale":"es_ES","og_type":"article","og_title":"M\u00e1s de 75 mil mexicanos repatriados desde el inicio del gobierno de Trump: SEGOB - Canal 7 SLP - 2025","og_description":"M\u00e9xico.- La secretaria de Gobernaci\u00f3n, Rosa Icela Rodr\u00edguez, inform\u00f3 que m\u00e1s de 75 mil 900 mexicanos han sido repatriados desde Estados Unidos desde el inicio del gobierno de Donald Trump, en el marco de la estrategia \u201cM\u00e9xico te Abraza\u201d, promovida por la presidenta Claudia Sheinbaum Pardo. Esta iniciativa busca garantizar una recepci\u00f3n digna y el respeto a los derechos humanos de los migrantes que regresan al pa\u00eds. Durante la conferencia de prensa en Palacio Nacional, Rodr\u00edguez explic\u00f3 que el programa es coordinado por la Secretar\u00eda de Gobernaci\u00f3n con apoyo de 34 dependencias federales, gobiernos estatales y el sector empresarial. Hasta [&hellip;]","og_url":"https:\/\/canal7slp.tv\/2025\/mas-de-75-mil-mexicanos-repatriados-desde-el-inicio-del-gobierno-de-trump-segob\/","og_site_name":"Canal 7 SLP - 2025","article_publisher":"https:\/\/www.facebook.com\/noticieroscanal7atencionciudadana\/","article_published_time":"2025-08-01T23:44:33+00:00","og_image":[{"width":887,"height":500,"url":"https:\/\/canal7slp.tv\/2025\/wp-content\/uploads\/2025\/08\/11.jpg","type":"image\/jpeg"}],"author":"Edici\u00f3n Web","twitter_card":"summary_large_image","twitter_creator":"@NOTICIEROS7","twitter_site":"@NOTICIEROS7","twitter_misc":{"Escrito por":"Edici\u00f3n Web","Tiempo de lectura":"2 minutos"},"schema":{"@context":"https:\/\/schema.org","@graph":[{"@type":"Article","@id":"https:\/\/canal7slp.tv\/2025\/mas-de-75-mil-mexicanos-repatriados-desde-el-inicio-del-gobierno-de-trump-segob\/#article","isPartOf":{"@id":"https:\/\/canal7slp.tv\/2025\/mas-de-75-mil-mexicanos-repatriados-desde-el-inicio-del-gobierno-de-trump-segob\/"},"author":{"name":"Edici\u00f3n Web","@id":"https:\/\/canal7slp.tv\/2025\/#\/schema\/person\/271e2b60a96e7cc9d9ac296f4d7e414b"},"headline":"M\u00e1s de 75 mil mexicanos repatriados desde el inicio del gobierno de Trump: SEGOB","datePublished":"2025-08-01T23:44:33+00:00","mainEntityOfPage":{"@id":"https:\/\/canal7slp.tv\/2025\/mas-de-75-mil-mexicanos-repatriados-desde-el-inicio-del-gobierno-de-trump-segob\/"},"wordCount":369,"publisher":{"@id":"https:\/\/canal7slp.tv\/2025\/#organization"},"image":{"@id":"https:\/\/canal7slp.tv\/2025\/mas-de-75-mil-mexicanos-repatriados-desde-el-inicio-del-gobierno-de-trump-segob\/#primaryimage"},"thumbnailUrl":"https:\/\/canal7slp.tv\/2025\/wp-content\/uploads\/2025\/08\/11.jpg","articleSection":["NACIONALES"],"inLanguage":"es"},{"@type":"WebPage","@id":"https:\/\/canal7slp.tv\/2025\/mas-de-75-mil-mexicanos-repatriados-desde-el-inicio-del-gobierno-de-trump-segob\/","url":"https:\/\/canal7slp.tv\/2025\/mas-de-75-mil-mexicanos-repatriados-desde-el-inicio-del-gobierno-de-trump-segob\/","name":"M\u00e1s de 75 mil mexicanos repatriados desde el inicio del gobierno de Trump: SEGOB - Canal 7 SLP - 2025","isPartOf":{"@id":"https:\/\/canal7slp.tv\/2025\/#website"},"primaryImageOfPage":{"@id":"https:\/\/canal7slp.tv\/2025\/mas-de-75-mil-mexicanos-repatriados-desde-el-inicio-del-gobierno-de-trump-segob\/#primaryimage"},"image":{"@id":"https:\/\/canal7slp.tv\/2025\/mas-de-75-mil-mexicanos-repatriados-desde-el-inicio-del-gobierno-de-trump-segob\/#primaryimage"},"thumbnailUrl":"https:\/\/canal7slp.tv\/2025\/wp-content\/uploads\/2025\/08\/11.jpg","datePublished":"2025-08-01T23:44:33+00:00","breadcrumb":{"@id":"https:\/\/canal7slp.tv\/2025\/mas-de-75-mil-mexicanos-repatriados-desde-el-inicio-del-gobierno-de-trump-segob\/#breadcrumb"},"inLanguage":"es","potentialAction":[{"@type":"ReadAction","target":["https:\/\/canal7slp.tv\/2025\/mas-de-75-mil-mexicanos-repatriados-desde-el-inicio-del-gobierno-de-trump-segob\/"]}]},{"@type":"ImageObject","inLanguage":"es","@id":"https:\/\/canal7slp.tv\/2025\/mas-de-75-mil-mexicanos-repatriados-desde-el-inicio-del-gobierno-de-trump-segob\/#primaryimage","url":"https:\/\/canal7slp.tv\/2025\/wp-content\/uploads\/2025\/08\/11.jpg","contentUrl":"https:\/\/canal7slp.tv\/2025\/wp-content\/uploads\/2025\/08\/11.jpg","width":887,"height":500},{"@type":"BreadcrumbList","@id":"https:\/\/canal7slp.tv\/2025\/mas-de-75-mil-mexicanos-repatriados-desde-el-inicio-del-gobierno-de-trump-segob\/#breadcrumb","itemListElement":[{"@type":"ListItem","position":1,"name":"Portada","item":"https:\/\/canal7slp.tv\/2025\/"},{"@type":"ListItem","position":2,"name":"M\u00e1s de 75 mil mexicanos repatriados desde el inicio del gobierno de Trump: SEGOB"}]},{"@type":"WebSite","@id":"https:\/\/canal7slp.tv\/2025\/#website","url":"https:\/\/canal7slp.tv\/2025\/","name":"N7 - Noticieros Canal 7","description":"Somos el Medio","publisher":{"@id":"https:\/\/canal7slp.tv\/2025\/#organization"},"potentialAction":[{"@type":"SearchAction","target":{"@type":"EntryPoint","urlTemplate":"https:\/\/canal7slp.tv\/2025\/?s={search_term_string}"},"query-input":{"@type":"PropertyValueSpecification","valueRequired":true,"valueName":"search_term_string"}}],"inLanguage":"es"},{"@type":"Organization","@id":"https:\/\/canal7slp.tv\/2025\/#organization","name":"Noticieros Canal 7","url":"https:\/\/canal7slp.tv\/2025\/","logo":{"@type":"ImageObject","inLanguage":"es","@id":"https:\/\/canal7slp.tv\/2025\/#\/schema\/logo\/image\/","url":"https:\/\/canal7slp.tv\/2025\/wp-content\/uploads\/2021\/01\/logo-noticieros@2x.png","contentUrl":"https:\/\/canal7slp.tv\/2025\/wp-content\/uploads\/2021\/01\/logo-noticieros@2x.png","width":1017,"height":268,"caption":"Noticieros Canal 7"},"image":{"@id":"https:\/\/canal7slp.tv\/2025\/#\/schema\/logo\/image\/"},"sameAs":["https:\/\/www.facebook.com\/noticieroscanal7atencionciudadana\/","https:\/\/x.com\/NOTICIEROS7","https:\/\/www.instagram.com\/canal7_slp","https:\/\/www.youtube.com\/channel\/UCliiYs-gP3JfJeqdPrNdd5A"]},{"@type":"Person","@id":"https:\/\/canal7slp.tv\/2025\/#\/schema\/person\/271e2b60a96e7cc9d9ac296f4d7e414b","name":"Edici\u00f3n Web","image":{"@type":"ImageObject","inLanguage":"es","@id":"https:\/\/secure.gravatar.com\/avatar\/eee448fc3f7164808013b816ba91ac7e43bbe82a70bebac296f8bc6f0addaa1a?s=96&d=mm&r=g","url":"https:\/\/secure.gravatar.com\/avatar\/eee448fc3f7164808013b816ba91ac7e43bbe82a70bebac296f8bc6f0addaa1a?s=96&d=mm&r=g","contentUrl":"https:\/\/secure.gravatar.com\/avatar\/eee448fc3f7164808013b816ba91ac7e43bbe82a70bebac296f8bc6f0addaa1a?s=96&d=mm&r=g","caption":"Edici\u00f3n Web"},"url":"https:\/\/canal7slp.tv\/2025\/author\/edicionweb\/"}]}},"_links":{"self":[{"href":"https:\/\/canal7slp.tv\/2025\/wp-json\/wp\/v2\/posts\/175149","targetHints":{"allow":["GET"]}}],"collection":[{"href":"https:\/\/canal7slp.tv\/2025\/wp-json\/wp\/v2\/posts"}],"about":[{"href":"https:\/\/canal7slp.tv\/2025\/wp-json\/wp\/v2\/types\/post"}],"author":[{"embeddable":true,"href":"https:\/\/canal7slp.tv\/2025\/wp-json\/wp\/v2\/users\/2"}],"replies":[{"embeddable":true,"href":"https:\/\/canal7slp.tv\/2025\/wp-json\/wp\/v2\/comments?post=175149"}],"version-history":[{"count":1,"href":"https:\/\/canal7slp.tv\/2025\/wp-json\/wp\/v2\/posts\/175149\/revisions"}],"predecessor-version":[{"id":175151,"href":"https:\/\/canal7slp.tv\/2025\/wp-json\/wp\/v2\/posts\/175149\/revisions\/175151"}],"wp:featuredmedia":[{"embeddable":true,"href":"https:\/\/canal7slp.tv\/2025\/wp-json\/wp\/v2\/media\/175150"}],"wp:attachment":[{"href":"https:\/\/canal7slp.tv\/2025\/wp-json\/wp\/v2\/media?parent=175149"}],"wp:term":[{"taxonomy":"category","embeddable":true,"href":"https:\/\/canal7slp.tv\/2025\/wp-json\/wp\/v2\/categories?post=175149"},{"taxonomy":"post_tag","embeddable":true,"href":"https:\/\/canal7slp.tv\/2025\/wp-json\/wp\/v2\/tags?post=175149"}],"curies":[{"name":"wp","href":"https:\/\/api.w.org\/{rel}","templated":true}]}}