{"id":175141,"date":"2025-08-01T20:43:15","date_gmt":"2025-08-02T02:43:15","guid":{"rendered":"https:\/\/canal7slp.tv\/2025\/?p=175141"},"modified":"2025-08-01T20:43:15","modified_gmt":"2025-08-02T02:43:15","slug":"arrancan-obras-de-rehabilitacion-en-calles-de-la-colonia-satelite","status":"publish","type":"post","link":"https:\/\/canal7slp.tv\/2025\/arrancan-obras-de-rehabilitacion-en-calles-de-la-colonia-satelite\/","title":{"rendered":"Arrancan obras de rehabilitaci\u00f3n en calles de la colonia Sat\u00e9lite"},"content":{"rendered":"<p style=\"text-align: justify;\"><span style=\"font-size: 1.21429rem;\">SLP.- En la colonia Sat\u00e9lite el presidente municipal capitalino dio el banderazo de arranque para las obras de rehabilitaci\u00f3n de la calle Rep\u00fablica de Colombia.<\/span><\/p>\n<p style=\"text-align: justify;\">Se destac\u00f3 que con el inicio de esta obra se dar\u00e1 mayor fluidez y movilidad en las colonias de la zona metropolitana pero tambi\u00e9n, mejorar la calidad de vida de sus habitantes.<\/p>\n<p style=\"text-align: justify;\">En el marco de la edici\u00f3n n\u00famero 302 del programa municipal \u201cCapital al 100\u201d esta obra abarcar\u00e1 una superficie de 6 mil metros cuadrados.<\/p>\n<p style=\"text-align: justify;\">En el uso de la palabra la se\u00f1ora Socorro afirm\u00f3 que en la colonia Sat\u00e9lite ten\u00edan por lo menos 15 a\u00f1os pidiendo este tipo de obras.<\/p>\n<p style=\"text-align: justify;\">El alcalde Enrique Galindo asegur\u00f3 que son ya m\u00e1s de 170 obras las que se han llevado a cabo en las colonias con calles y avenidas rehabilitadas.<\/p>\n<p style=\"text-align: justify;\">Por: Claudio Ibarra<\/p>\n","protected":false},"excerpt":{"rendered":"<p>SLP.- En la colonia Sat\u00e9lite el presidente municipal capitalino dio el banderazo de arranque para las obras de rehabilitaci\u00f3n de la calle Rep\u00fablica de Colombia. Se destac\u00f3 que con el inicio de esta obra se dar\u00e1 mayor fluidez y movilidad en las colonias de la zona metropolitana pero tambi\u00e9n, mejorar la calidad de vida de sus habitantes. En el marco de la edici\u00f3n n\u00famero 302 del programa municipal \u201cCapital al 100\u201d esta obra abarcar\u00e1 una superficie de 6 mil metros cuadrados. En el uso de la palabra la se\u00f1ora Socorro afirm\u00f3 que en la colonia Sat\u00e9lite ten\u00edan por lo menos [&hellip;]<\/p>\n","protected":false},"author":2,"featured_media":175171,"comment_status":"closed","ping_status":"closed","sticky":false,"template":"","format":"video","meta":{"_monsterinsights_skip_tracking":false,"_monsterinsights_sitenote_active":false,"_monsterinsights_sitenote_note":"","_monsterinsights_sitenote_category":0,"footnotes":""},"categories":[66,5,45],"tags":[],"class_list":["post-175141","post","type-post","status-publish","format-video","has-post-thumbnail","hentry","category-ayoslp","category-destacadas","category-localesyregionales","post_format-post-format-video","post--single"],"yoast_head":"<!-- This site is optimized with the Yoast SEO plugin v27.5 - https:\/\/yoast.com\/product\/yoast-seo-wordpress\/ -->\n<title>Arrancan obras de rehabilitaci\u00f3n en calles de la colonia Sat\u00e9lite - Canal 7 SLP - 2025<\/title>\n<meta name=\"robots\" content=\"index, follow, max-snippet:-1, max-image-preview:large, max-video-preview:-1\" \/>\n<link rel=\"canonical\" href=\"https:\/\/canal7slp.tv\/2025\/arrancan-obras-de-rehabilitacion-en-calles-de-la-colonia-satelite\/\" \/>\n<meta property=\"og:locale\" content=\"es_ES\" \/>\n<meta property=\"og:type\" content=\"article\" \/>\n<meta property=\"og:title\" content=\"Arrancan obras de rehabilitaci\u00f3n en calles de la colonia Sat\u00e9lite - Canal 7 SLP - 2025\" \/>\n<meta property=\"og:description\" content=\"SLP.- En la colonia Sat\u00e9lite el presidente municipal capitalino dio el banderazo de arranque para las obras de rehabilitaci\u00f3n de la calle Rep\u00fablica de Colombia. Se destac\u00f3 que con el inicio de esta obra se dar\u00e1 mayor fluidez y movilidad en las colonias de la zona metropolitana pero tambi\u00e9n, mejorar la calidad de vida de sus habitantes. En el marco de la edici\u00f3n n\u00famero 302 del programa municipal \u201cCapital al 100\u201d esta obra abarcar\u00e1 una superficie de 6 mil metros cuadrados. En el uso de la palabra la se\u00f1ora Socorro afirm\u00f3 que en la colonia Sat\u00e9lite ten\u00edan por lo menos [&hellip;]\" \/>\n<meta property=\"og:url\" content=\"https:\/\/canal7slp.tv\/2025\/arrancan-obras-de-rehabilitacion-en-calles-de-la-colonia-satelite\/\" \/>\n<meta property=\"og:site_name\" content=\"Canal 7 SLP - 2025\" \/>\n<meta property=\"article:publisher\" content=\"https:\/\/www.facebook.com\/noticieroscanal7atencionciudadana\/\" \/>\n<meta property=\"article:published_time\" content=\"2025-08-02T02:43:15+00:00\" \/>\n<meta property=\"og:image\" content=\"https:\/\/canal7slp.tv\/2025\/wp-content\/uploads\/2025\/08\/Claudio01Rehabiltiacion.jpg\" \/>\n\t<meta property=\"og:image:width\" content=\"1280\" \/>\n\t<meta property=\"og:image:height\" content=\"720\" \/>\n\t<meta property=\"og:image:type\" content=\"image\/jpeg\" \/>\n<meta name=\"author\" content=\"Edici\u00f3n Web\" \/>\n<meta name=\"twitter:card\" content=\"summary_large_image\" \/>\n<meta name=\"twitter:creator\" content=\"@NOTICIEROS7\" \/>\n<meta name=\"twitter:site\" content=\"@NOTICIEROS7\" \/>\n<meta name=\"twitter:label1\" content=\"Escrito por\" \/>\n\t<meta name=\"twitter:data1\" content=\"Edici\u00f3n Web\" \/>\n\t<meta name=\"twitter:label2\" content=\"Tiempo de lectura\" \/>\n\t<meta name=\"twitter:data2\" content=\"1 minuto\" \/>\n<script type=\"application\/ld+json\" class=\"yoast-schema-graph\">{\"@context\":\"https:\\\/\\\/schema.org\",\"@graph\":[{\"@type\":\"Article\",\"@id\":\"https:\\\/\\\/canal7slp.tv\\\/2025\\\/arrancan-obras-de-rehabilitacion-en-calles-de-la-colonia-satelite\\\/#article\",\"isPartOf\":{\"@id\":\"https:\\\/\\\/canal7slp.tv\\\/2025\\\/arrancan-obras-de-rehabilitacion-en-calles-de-la-colonia-satelite\\\/\"},\"author\":{\"name\":\"Edici\u00f3n Web\",\"@id\":\"https:\\\/\\\/canal7slp.tv\\\/2025\\\/#\\\/schema\\\/person\\\/271e2b60a96e7cc9d9ac296f4d7e414b\"},\"headline\":\"Arrancan obras de rehabilitaci\u00f3n en calles de la colonia Sat\u00e9lite\",\"datePublished\":\"2025-08-02T02:43:15+00:00\",\"mainEntityOfPage\":{\"@id\":\"https:\\\/\\\/canal7slp.tv\\\/2025\\\/arrancan-obras-de-rehabilitacion-en-calles-de-la-colonia-satelite\\\/\"},\"wordCount\":156,\"publisher\":{\"@id\":\"https:\\\/\\\/canal7slp.tv\\\/2025\\\/#organization\"},\"image\":{\"@id\":\"https:\\\/\\\/canal7slp.tv\\\/2025\\\/arrancan-obras-de-rehabilitacion-en-calles-de-la-colonia-satelite\\\/#primaryimage\"},\"thumbnailUrl\":\"https:\\\/\\\/canal7slp.tv\\\/2025\\\/wp-content\\\/uploads\\\/2025\\\/08\\\/Claudio01Rehabiltiacion.jpg\",\"articleSection\":[\"AYOSLP\",\"DESTACADAS\",\"LOCALES Y REGIONALES\"],\"inLanguage\":\"es\"},{\"@type\":\"WebPage\",\"@id\":\"https:\\\/\\\/canal7slp.tv\\\/2025\\\/arrancan-obras-de-rehabilitacion-en-calles-de-la-colonia-satelite\\\/\",\"url\":\"https:\\\/\\\/canal7slp.tv\\\/2025\\\/arrancan-obras-de-rehabilitacion-en-calles-de-la-colonia-satelite\\\/\",\"name\":\"Arrancan obras de rehabilitaci\u00f3n en calles de la colonia Sat\u00e9lite - Canal 7 SLP - 2025\",\"isPartOf\":{\"@id\":\"https:\\\/\\\/canal7slp.tv\\\/2025\\\/#website\"},\"primaryImageOfPage\":{\"@id\":\"https:\\\/\\\/canal7slp.tv\\\/2025\\\/arrancan-obras-de-rehabilitacion-en-calles-de-la-colonia-satelite\\\/#primaryimage\"},\"image\":{\"@id\":\"https:\\\/\\\/canal7slp.tv\\\/2025\\\/arrancan-obras-de-rehabilitacion-en-calles-de-la-colonia-satelite\\\/#primaryimage\"},\"thumbnailUrl\":\"https:\\\/\\\/canal7slp.tv\\\/2025\\\/wp-content\\\/uploads\\\/2025\\\/08\\\/Claudio01Rehabiltiacion.jpg\",\"datePublished\":\"2025-08-02T02:43:15+00:00\",\"breadcrumb\":{\"@id\":\"https:\\\/\\\/canal7slp.tv\\\/2025\\\/arrancan-obras-de-rehabilitacion-en-calles-de-la-colonia-satelite\\\/#breadcrumb\"},\"inLanguage\":\"es\",\"potentialAction\":[{\"@type\":\"ReadAction\",\"target\":[\"https:\\\/\\\/canal7slp.tv\\\/2025\\\/arrancan-obras-de-rehabilitacion-en-calles-de-la-colonia-satelite\\\/\"]}]},{\"@type\":\"ImageObject\",\"inLanguage\":\"es\",\"@id\":\"https:\\\/\\\/canal7slp.tv\\\/2025\\\/arrancan-obras-de-rehabilitacion-en-calles-de-la-colonia-satelite\\\/#primaryimage\",\"url\":\"https:\\\/\\\/canal7slp.tv\\\/2025\\\/wp-content\\\/uploads\\\/2025\\\/08\\\/Claudio01Rehabiltiacion.jpg\",\"contentUrl\":\"https:\\\/\\\/canal7slp.tv\\\/2025\\\/wp-content\\\/uploads\\\/2025\\\/08\\\/Claudio01Rehabiltiacion.jpg\",\"width\":1280,\"height\":720},{\"@type\":\"BreadcrumbList\",\"@id\":\"https:\\\/\\\/canal7slp.tv\\\/2025\\\/arrancan-obras-de-rehabilitacion-en-calles-de-la-colonia-satelite\\\/#breadcrumb\",\"itemListElement\":[{\"@type\":\"ListItem\",\"position\":1,\"name\":\"Portada\",\"item\":\"https:\\\/\\\/canal7slp.tv\\\/2025\\\/\"},{\"@type\":\"ListItem\",\"position\":2,\"name\":\"Arrancan obras de rehabilitaci\u00f3n en calles de la colonia Sat\u00e9lite\"}]},{\"@type\":\"WebSite\",\"@id\":\"https:\\\/\\\/canal7slp.tv\\\/2025\\\/#website\",\"url\":\"https:\\\/\\\/canal7slp.tv\\\/2025\\\/\",\"name\":\"N7 - Noticieros Canal 7\",\"description\":\"Somos el Medio\",\"publisher\":{\"@id\":\"https:\\\/\\\/canal7slp.tv\\\/2025\\\/#organization\"},\"potentialAction\":[{\"@type\":\"SearchAction\",\"target\":{\"@type\":\"EntryPoint\",\"urlTemplate\":\"https:\\\/\\\/canal7slp.tv\\\/2025\\\/?s={search_term_string}\"},\"query-input\":{\"@type\":\"PropertyValueSpecification\",\"valueRequired\":true,\"valueName\":\"search_term_string\"}}],\"inLanguage\":\"es\"},{\"@type\":\"Organization\",\"@id\":\"https:\\\/\\\/canal7slp.tv\\\/2025\\\/#organization\",\"name\":\"Noticieros Canal 7\",\"url\":\"https:\\\/\\\/canal7slp.tv\\\/2025\\\/\",\"logo\":{\"@type\":\"ImageObject\",\"inLanguage\":\"es\",\"@id\":\"https:\\\/\\\/canal7slp.tv\\\/2025\\\/#\\\/schema\\\/logo\\\/image\\\/\",\"url\":\"https:\\\/\\\/canal7slp.tv\\\/2025\\\/wp-content\\\/uploads\\\/2021\\\/01\\\/logo-noticieros@2x.png\",\"contentUrl\":\"https:\\\/\\\/canal7slp.tv\\\/2025\\\/wp-content\\\/uploads\\\/2021\\\/01\\\/logo-noticieros@2x.png\",\"width\":1017,\"height\":268,\"caption\":\"Noticieros Canal 7\"},\"image\":{\"@id\":\"https:\\\/\\\/canal7slp.tv\\\/2025\\\/#\\\/schema\\\/logo\\\/image\\\/\"},\"sameAs\":[\"https:\\\/\\\/www.facebook.com\\\/noticieroscanal7atencionciudadana\\\/\",\"https:\\\/\\\/x.com\\\/NOTICIEROS7\",\"https:\\\/\\\/www.instagram.com\\\/canal7_slp\",\"https:\\\/\\\/www.youtube.com\\\/channel\\\/UCliiYs-gP3JfJeqdPrNdd5A\"]},{\"@type\":\"Person\",\"@id\":\"https:\\\/\\\/canal7slp.tv\\\/2025\\\/#\\\/schema\\\/person\\\/271e2b60a96e7cc9d9ac296f4d7e414b\",\"name\":\"Edici\u00f3n Web\",\"image\":{\"@type\":\"ImageObject\",\"inLanguage\":\"es\",\"@id\":\"https:\\\/\\\/secure.gravatar.com\\\/avatar\\\/eee448fc3f7164808013b816ba91ac7e43bbe82a70bebac296f8bc6f0addaa1a?s=96&d=mm&r=g\",\"url\":\"https:\\\/\\\/secure.gravatar.com\\\/avatar\\\/eee448fc3f7164808013b816ba91ac7e43bbe82a70bebac296f8bc6f0addaa1a?s=96&d=mm&r=g\",\"contentUrl\":\"https:\\\/\\\/secure.gravatar.com\\\/avatar\\\/eee448fc3f7164808013b816ba91ac7e43bbe82a70bebac296f8bc6f0addaa1a?s=96&d=mm&r=g\",\"caption\":\"Edici\u00f3n Web\"},\"url\":\"https:\\\/\\\/canal7slp.tv\\\/2025\\\/author\\\/edicionweb\\\/\"}]}<\/script>\n<!-- \/ Yoast SEO plugin. -->","yoast_head_json":{"title":"Arrancan obras de rehabilitaci\u00f3n en calles de la colonia Sat\u00e9lite - Canal 7 SLP - 2025","robots":{"index":"index","follow":"follow","max-snippet":"max-snippet:-1","max-image-preview":"max-image-preview:large","max-video-preview":"max-video-preview:-1"},"canonical":"https:\/\/canal7slp.tv\/2025\/arrancan-obras-de-rehabilitacion-en-calles-de-la-colonia-satelite\/","og_locale":"es_ES","og_type":"article","og_title":"Arrancan obras de rehabilitaci\u00f3n en calles de la colonia Sat\u00e9lite - Canal 7 SLP - 2025","og_description":"SLP.- En la colonia Sat\u00e9lite el presidente municipal capitalino dio el banderazo de arranque para las obras de rehabilitaci\u00f3n de la calle Rep\u00fablica de Colombia. Se destac\u00f3 que con el inicio de esta obra se dar\u00e1 mayor fluidez y movilidad en las colonias de la zona metropolitana pero tambi\u00e9n, mejorar la calidad de vida de sus habitantes. En el marco de la edici\u00f3n n\u00famero 302 del programa municipal \u201cCapital al 100\u201d esta obra abarcar\u00e1 una superficie de 6 mil metros cuadrados. En el uso de la palabra la se\u00f1ora Socorro afirm\u00f3 que en la colonia Sat\u00e9lite ten\u00edan por lo menos [&hellip;]","og_url":"https:\/\/canal7slp.tv\/2025\/arrancan-obras-de-rehabilitacion-en-calles-de-la-colonia-satelite\/","og_site_name":"Canal 7 SLP - 2025","article_publisher":"https:\/\/www.facebook.com\/noticieroscanal7atencionciudadana\/","article_published_time":"2025-08-02T02:43:15+00:00","og_image":[{"width":1280,"height":720,"url":"https:\/\/canal7slp.tv\/2025\/wp-content\/uploads\/2025\/08\/Claudio01Rehabiltiacion.jpg","type":"image\/jpeg"}],"author":"Edici\u00f3n Web","twitter_card":"summary_large_image","twitter_creator":"@NOTICIEROS7","twitter_site":"@NOTICIEROS7","twitter_misc":{"Escrito por":"Edici\u00f3n Web","Tiempo de lectura":"1 minuto"},"schema":{"@context":"https:\/\/schema.org","@graph":[{"@type":"Article","@id":"https:\/\/canal7slp.tv\/2025\/arrancan-obras-de-rehabilitacion-en-calles-de-la-colonia-satelite\/#article","isPartOf":{"@id":"https:\/\/canal7slp.tv\/2025\/arrancan-obras-de-rehabilitacion-en-calles-de-la-colonia-satelite\/"},"author":{"name":"Edici\u00f3n Web","@id":"https:\/\/canal7slp.tv\/2025\/#\/schema\/person\/271e2b60a96e7cc9d9ac296f4d7e414b"},"headline":"Arrancan obras de rehabilitaci\u00f3n en calles de la colonia Sat\u00e9lite","datePublished":"2025-08-02T02:43:15+00:00","mainEntityOfPage":{"@id":"https:\/\/canal7slp.tv\/2025\/arrancan-obras-de-rehabilitacion-en-calles-de-la-colonia-satelite\/"},"wordCount":156,"publisher":{"@id":"https:\/\/canal7slp.tv\/2025\/#organization"},"image":{"@id":"https:\/\/canal7slp.tv\/2025\/arrancan-obras-de-rehabilitacion-en-calles-de-la-colonia-satelite\/#primaryimage"},"thumbnailUrl":"https:\/\/canal7slp.tv\/2025\/wp-content\/uploads\/2025\/08\/Claudio01Rehabiltiacion.jpg","articleSection":["AYOSLP","DESTACADAS","LOCALES Y REGIONALES"],"inLanguage":"es"},{"@type":"WebPage","@id":"https:\/\/canal7slp.tv\/2025\/arrancan-obras-de-rehabilitacion-en-calles-de-la-colonia-satelite\/","url":"https:\/\/canal7slp.tv\/2025\/arrancan-obras-de-rehabilitacion-en-calles-de-la-colonia-satelite\/","name":"Arrancan obras de rehabilitaci\u00f3n en calles de la colonia Sat\u00e9lite - Canal 7 SLP - 2025","isPartOf":{"@id":"https:\/\/canal7slp.tv\/2025\/#website"},"primaryImageOfPage":{"@id":"https:\/\/canal7slp.tv\/2025\/arrancan-obras-de-rehabilitacion-en-calles-de-la-colonia-satelite\/#primaryimage"},"image":{"@id":"https:\/\/canal7slp.tv\/2025\/arrancan-obras-de-rehabilitacion-en-calles-de-la-colonia-satelite\/#primaryimage"},"thumbnailUrl":"https:\/\/canal7slp.tv\/2025\/wp-content\/uploads\/2025\/08\/Claudio01Rehabiltiacion.jpg","datePublished":"2025-08-02T02:43:15+00:00","breadcrumb":{"@id":"https:\/\/canal7slp.tv\/2025\/arrancan-obras-de-rehabilitacion-en-calles-de-la-colonia-satelite\/#breadcrumb"},"inLanguage":"es","potentialAction":[{"@type":"ReadAction","target":["https:\/\/canal7slp.tv\/2025\/arrancan-obras-de-rehabilitacion-en-calles-de-la-colonia-satelite\/"]}]},{"@type":"ImageObject","inLanguage":"es","@id":"https:\/\/canal7slp.tv\/2025\/arrancan-obras-de-rehabilitacion-en-calles-de-la-colonia-satelite\/#primaryimage","url":"https:\/\/canal7slp.tv\/2025\/wp-content\/uploads\/2025\/08\/Claudio01Rehabiltiacion.jpg","contentUrl":"https:\/\/canal7slp.tv\/2025\/wp-content\/uploads\/2025\/08\/Claudio01Rehabiltiacion.jpg","width":1280,"height":720},{"@type":"BreadcrumbList","@id":"https:\/\/canal7slp.tv\/2025\/arrancan-obras-de-rehabilitacion-en-calles-de-la-colonia-satelite\/#breadcrumb","itemListElement":[{"@type":"ListItem","position":1,"name":"Portada","item":"https:\/\/canal7slp.tv\/2025\/"},{"@type":"ListItem","position":2,"name":"Arrancan obras de rehabilitaci\u00f3n en calles de la colonia Sat\u00e9lite"}]},{"@type":"WebSite","@id":"https:\/\/canal7slp.tv\/2025\/#website","url":"https:\/\/canal7slp.tv\/2025\/","name":"N7 - Noticieros Canal 7","description":"Somos el Medio","publisher":{"@id":"https:\/\/canal7slp.tv\/2025\/#organization"},"potentialAction":[{"@type":"SearchAction","target":{"@type":"EntryPoint","urlTemplate":"https:\/\/canal7slp.tv\/2025\/?s={search_term_string}"},"query-input":{"@type":"PropertyValueSpecification","valueRequired":true,"valueName":"search_term_string"}}],"inLanguage":"es"},{"@type":"Organization","@id":"https:\/\/canal7slp.tv\/2025\/#organization","name":"Noticieros Canal 7","url":"https:\/\/canal7slp.tv\/2025\/","logo":{"@type":"ImageObject","inLanguage":"es","@id":"https:\/\/canal7slp.tv\/2025\/#\/schema\/logo\/image\/","url":"https:\/\/canal7slp.tv\/2025\/wp-content\/uploads\/2021\/01\/logo-noticieros@2x.png","contentUrl":"https:\/\/canal7slp.tv\/2025\/wp-content\/uploads\/2021\/01\/logo-noticieros@2x.png","width":1017,"height":268,"caption":"Noticieros Canal 7"},"image":{"@id":"https:\/\/canal7slp.tv\/2025\/#\/schema\/logo\/image\/"},"sameAs":["https:\/\/www.facebook.com\/noticieroscanal7atencionciudadana\/","https:\/\/x.com\/NOTICIEROS7","https:\/\/www.instagram.com\/canal7_slp","https:\/\/www.youtube.com\/channel\/UCliiYs-gP3JfJeqdPrNdd5A"]},{"@type":"Person","@id":"https:\/\/canal7slp.tv\/2025\/#\/schema\/person\/271e2b60a96e7cc9d9ac296f4d7e414b","name":"Edici\u00f3n Web","image":{"@type":"ImageObject","inLanguage":"es","@id":"https:\/\/secure.gravatar.com\/avatar\/eee448fc3f7164808013b816ba91ac7e43bbe82a70bebac296f8bc6f0addaa1a?s=96&d=mm&r=g","url":"https:\/\/secure.gravatar.com\/avatar\/eee448fc3f7164808013b816ba91ac7e43bbe82a70bebac296f8bc6f0addaa1a?s=96&d=mm&r=g","contentUrl":"https:\/\/secure.gravatar.com\/avatar\/eee448fc3f7164808013b816ba91ac7e43bbe82a70bebac296f8bc6f0addaa1a?s=96&d=mm&r=g","caption":"Edici\u00f3n Web"},"url":"https:\/\/canal7slp.tv\/2025\/author\/edicionweb\/"}]}},"_links":{"self":[{"href":"https:\/\/canal7slp.tv\/2025\/wp-json\/wp\/v2\/posts\/175141","targetHints":{"allow":["GET"]}}],"collection":[{"href":"https:\/\/canal7slp.tv\/2025\/wp-json\/wp\/v2\/posts"}],"about":[{"href":"https:\/\/canal7slp.tv\/2025\/wp-json\/wp\/v2\/types\/post"}],"author":[{"embeddable":true,"href":"https:\/\/canal7slp.tv\/2025\/wp-json\/wp\/v2\/users\/2"}],"replies":[{"embeddable":true,"href":"https:\/\/canal7slp.tv\/2025\/wp-json\/wp\/v2\/comments?post=175141"}],"version-history":[{"count":2,"href":"https:\/\/canal7slp.tv\/2025\/wp-json\/wp\/v2\/posts\/175141\/revisions"}],"predecessor-version":[{"id":175172,"href":"https:\/\/canal7slp.tv\/2025\/wp-json\/wp\/v2\/posts\/175141\/revisions\/175172"}],"wp:featuredmedia":[{"embeddable":true,"href":"https:\/\/canal7slp.tv\/2025\/wp-json\/wp\/v2\/media\/175171"}],"wp:attachment":[{"href":"https:\/\/canal7slp.tv\/2025\/wp-json\/wp\/v2\/media?parent=175141"}],"wp:term":[{"taxonomy":"category","embeddable":true,"href":"https:\/\/canal7slp.tv\/2025\/wp-json\/wp\/v2\/categories?post=175141"},{"taxonomy":"post_tag","embeddable":true,"href":"https:\/\/canal7slp.tv\/2025\/wp-json\/wp\/v2\/tags?post=175141"}],"curies":[{"name":"wp","href":"https:\/\/api.w.org\/{rel}","templated":true}]}}