{"id":175137,"date":"2025-08-01T17:14:11","date_gmt":"2025-08-01T23:14:11","guid":{"rendered":"https:\/\/canal7slp.tv\/2025\/?p=175137"},"modified":"2025-08-01T17:14:11","modified_gmt":"2025-08-01T23:14:11","slug":"reconocio-gobierno-de-slp-e-iniciativa-privada-la-relevancia-de-la-lactancia-materna","status":"publish","type":"post","link":"https:\/\/canal7slp.tv\/2025\/reconocio-gobierno-de-slp-e-iniciativa-privada-la-relevancia-de-la-lactancia-materna\/","title":{"rendered":"Reconoci\u00f3 Gobierno de SLP e iniciativa privada la relevancia de la lactancia materna"},"content":{"rendered":"<p style=\"text-align: justify;\">SLP.- Integrantes del Gobierno de Estado de San Luis Potos\u00ed y miembros de la C\u00e1mara Nacional de la Industria de la Transformaci\u00f3n local reconocieron la importancia de contar con espacios adecuados al interior de las empresas para que las mujeres puedan llevar a cabo el proceso de lactancia materna.<\/p>\n<p style=\"text-align: justify;\">El evento tuvo la finalidad de condecorar a fabriles que aplican el programa \u201cOrganizaci\u00f3n Amigable con la Lactancia Materna e Igualdad\u201d, que se ejecuta en empresas de la Canacintra, por lo que su presidenta Imelda Elizalde Mart\u00ednez, destac\u00f3 la relevancia de esta acci\u00f3n.<\/p>\n<p style=\"text-align: justify;\">\u201cEs un honor para Canacintra arrancar con este compromiso a trav\u00e9s de las organizaciones que tiene que ver con la sensibilidad que hay hacia no solamente el entorno femenino, sino el binomio, la madre y el hijo a trav\u00e9s de quienes actuamos en nuestra sociedad, \u00bfpor qu\u00e9?, porque estamos ofreciendo espacios laborales m\u00e1s justos, incluyentes y humanos\u201d.<\/p>\n<p style=\"text-align: justify;\">La directora general de los Servicios de Salud, Elizabeth D\u00e1vila Ch\u00e1vez, expuso los motivos trascendentales que son de beneficio cuando se impulsa esta acci\u00f3n, sobre todo durante la Semana Mundial de la Lactancia Materna que se conmemora del 01 al 07 de agosto.<\/p>\n<p style=\"text-align: justify;\">\u201cEl d\u00eda de hoy estamos reconociendo y fomentando compromisos que van m\u00e1s all\u00e1 de las obligaciones diarias, el crear entornos laborales m\u00e1s justos, humanos y conscientes (\u2026) la lactancia materna no es un acto natural, es un derecho fundamental cuando se respeta y promueve transforma vida; para los reci\u00e9n nacidos significa salud, protecci\u00f3n y un vinculo afectivo que dura toda la vida, para las madres es una fuente de bienestar f\u00edsico y emocional\u201d.<\/p>\n<p style=\"text-align: justify;\">Se entregaron condecoraciones a las empresas que ya han adecuado espacios para tener lactancias seguras.<\/p>\n<p style=\"text-align: justify;\">\u201cObtuvimos el reconocimiento oro por cumplir el 100% de todos los requisitos m\u00ednimos y excederlos que nos pide la Secretar\u00eda de Salud respecto a las salas de lactancia (\u2026) nosotros en Departamento M\u00e9dico las captamos desde que est\u00e1n embarazadas (\u2026) posterior cuando regresan de su incapacidad para que realicen su lactancia de forma segura (\u2026) ah\u00ed lo que les proporcionamos es un espacio con refrigeraci\u00f3n, con maleta t\u00e9rmica incluso para el transporte para que ellas puedan almacenarla, ellas la puedan recoger y llevar a casa\u201d.<\/p>\n<p style=\"text-align: justify;\">Por: Juan Carlos Contreras<\/p>\n","protected":false},"excerpt":{"rendered":"<p>SLP.- Integrantes del Gobierno de Estado de San Luis Potos\u00ed y miembros de la C\u00e1mara Nacional de la Industria de la Transformaci\u00f3n local reconocieron la importancia de contar con espacios adecuados al interior de las empresas para que las mujeres puedan llevar a cabo el proceso de lactancia materna. El evento tuvo la finalidad de condecorar a fabriles que aplican el programa \u201cOrganizaci\u00f3n Amigable con la Lactancia Materna e Igualdad\u201d, que se ejecuta en empresas de la Canacintra, por lo que su presidenta Imelda Elizalde Mart\u00ednez, destac\u00f3 la relevancia de esta acci\u00f3n. \u201cEs un honor para Canacintra arrancar con este [&hellip;]<\/p>\n","protected":false},"author":2,"featured_media":175139,"comment_status":"closed","ping_status":"closed","sticky":false,"template":"","format":"video","meta":{"_monsterinsights_skip_tracking":false,"_monsterinsights_sitenote_active":false,"_monsterinsights_sitenote_note":"","_monsterinsights_sitenote_category":0,"footnotes":""},"categories":[5,510,45],"tags":[],"class_list":["post-175137","post","type-post","status-publish","format-video","has-post-thumbnail","hentry","category-destacadas","category-gobedoslp","category-localesyregionales","post_format-post-format-video","post--single"],"yoast_head":"<!-- This site is optimized with the Yoast SEO plugin v27.5 - https:\/\/yoast.com\/product\/yoast-seo-wordpress\/ -->\n<title>Reconoci\u00f3 Gobierno de SLP e iniciativa privada la relevancia de la lactancia materna - Canal 7 SLP - 2025<\/title>\n<meta name=\"robots\" content=\"index, follow, max-snippet:-1, max-image-preview:large, max-video-preview:-1\" \/>\n<link rel=\"canonical\" href=\"https:\/\/canal7slp.tv\/2025\/reconocio-gobierno-de-slp-e-iniciativa-privada-la-relevancia-de-la-lactancia-materna\/\" \/>\n<meta property=\"og:locale\" content=\"es_ES\" \/>\n<meta property=\"og:type\" content=\"article\" \/>\n<meta property=\"og:title\" content=\"Reconoci\u00f3 Gobierno de SLP e iniciativa privada la relevancia de la lactancia materna - Canal 7 SLP - 2025\" \/>\n<meta property=\"og:description\" content=\"SLP.- Integrantes del Gobierno de Estado de San Luis Potos\u00ed y miembros de la C\u00e1mara Nacional de la Industria de la Transformaci\u00f3n local reconocieron la importancia de contar con espacios adecuados al interior de las empresas para que las mujeres puedan llevar a cabo el proceso de lactancia materna. El evento tuvo la finalidad de condecorar a fabriles que aplican el programa \u201cOrganizaci\u00f3n Amigable con la Lactancia Materna e Igualdad\u201d, que se ejecuta en empresas de la Canacintra, por lo que su presidenta Imelda Elizalde Mart\u00ednez, destac\u00f3 la relevancia de esta acci\u00f3n. \u201cEs un honor para Canacintra arrancar con este [&hellip;]\" \/>\n<meta property=\"og:url\" content=\"https:\/\/canal7slp.tv\/2025\/reconocio-gobierno-de-slp-e-iniciativa-privada-la-relevancia-de-la-lactancia-materna\/\" \/>\n<meta property=\"og:site_name\" content=\"Canal 7 SLP - 2025\" \/>\n<meta property=\"article:publisher\" content=\"https:\/\/www.facebook.com\/noticieroscanal7atencionciudadana\/\" \/>\n<meta property=\"article:published_time\" content=\"2025-08-01T23:14:11+00:00\" \/>\n<meta property=\"og:image\" content=\"https:\/\/canal7slp.tv\/2025\/wp-content\/uploads\/2025\/08\/Poky04LactanciaEvento.jpg\" \/>\n\t<meta property=\"og:image:width\" content=\"1280\" \/>\n\t<meta property=\"og:image:height\" content=\"720\" \/>\n\t<meta property=\"og:image:type\" content=\"image\/jpeg\" \/>\n<meta name=\"author\" content=\"Edici\u00f3n Web\" \/>\n<meta name=\"twitter:card\" content=\"summary_large_image\" \/>\n<meta name=\"twitter:creator\" content=\"@NOTICIEROS7\" \/>\n<meta name=\"twitter:site\" content=\"@NOTICIEROS7\" \/>\n<meta name=\"twitter:label1\" content=\"Escrito por\" \/>\n\t<meta name=\"twitter:data1\" content=\"Edici\u00f3n Web\" \/>\n\t<meta name=\"twitter:label2\" content=\"Tiempo de lectura\" \/>\n\t<meta name=\"twitter:data2\" content=\"2 minutos\" \/>\n<script type=\"application\/ld+json\" class=\"yoast-schema-graph\">{\"@context\":\"https:\\\/\\\/schema.org\",\"@graph\":[{\"@type\":\"Article\",\"@id\":\"https:\\\/\\\/canal7slp.tv\\\/2025\\\/reconocio-gobierno-de-slp-e-iniciativa-privada-la-relevancia-de-la-lactancia-materna\\\/#article\",\"isPartOf\":{\"@id\":\"https:\\\/\\\/canal7slp.tv\\\/2025\\\/reconocio-gobierno-de-slp-e-iniciativa-privada-la-relevancia-de-la-lactancia-materna\\\/\"},\"author\":{\"name\":\"Edici\u00f3n Web\",\"@id\":\"https:\\\/\\\/canal7slp.tv\\\/2025\\\/#\\\/schema\\\/person\\\/271e2b60a96e7cc9d9ac296f4d7e414b\"},\"headline\":\"Reconoci\u00f3 Gobierno de SLP e iniciativa privada la relevancia de la lactancia materna\",\"datePublished\":\"2025-08-01T23:14:11+00:00\",\"mainEntityOfPage\":{\"@id\":\"https:\\\/\\\/canal7slp.tv\\\/2025\\\/reconocio-gobierno-de-slp-e-iniciativa-privada-la-relevancia-de-la-lactancia-materna\\\/\"},\"wordCount\":399,\"publisher\":{\"@id\":\"https:\\\/\\\/canal7slp.tv\\\/2025\\\/#organization\"},\"image\":{\"@id\":\"https:\\\/\\\/canal7slp.tv\\\/2025\\\/reconocio-gobierno-de-slp-e-iniciativa-privada-la-relevancia-de-la-lactancia-materna\\\/#primaryimage\"},\"thumbnailUrl\":\"https:\\\/\\\/canal7slp.tv\\\/2025\\\/wp-content\\\/uploads\\\/2025\\\/08\\\/Poky04LactanciaEvento.jpg\",\"articleSection\":[\"DESTACADAS\",\"GOBEDOSLP\",\"LOCALES Y REGIONALES\"],\"inLanguage\":\"es\"},{\"@type\":\"WebPage\",\"@id\":\"https:\\\/\\\/canal7slp.tv\\\/2025\\\/reconocio-gobierno-de-slp-e-iniciativa-privada-la-relevancia-de-la-lactancia-materna\\\/\",\"url\":\"https:\\\/\\\/canal7slp.tv\\\/2025\\\/reconocio-gobierno-de-slp-e-iniciativa-privada-la-relevancia-de-la-lactancia-materna\\\/\",\"name\":\"Reconoci\u00f3 Gobierno de SLP e iniciativa privada la relevancia de la lactancia materna - Canal 7 SLP - 2025\",\"isPartOf\":{\"@id\":\"https:\\\/\\\/canal7slp.tv\\\/2025\\\/#website\"},\"primaryImageOfPage\":{\"@id\":\"https:\\\/\\\/canal7slp.tv\\\/2025\\\/reconocio-gobierno-de-slp-e-iniciativa-privada-la-relevancia-de-la-lactancia-materna\\\/#primaryimage\"},\"image\":{\"@id\":\"https:\\\/\\\/canal7slp.tv\\\/2025\\\/reconocio-gobierno-de-slp-e-iniciativa-privada-la-relevancia-de-la-lactancia-materna\\\/#primaryimage\"},\"thumbnailUrl\":\"https:\\\/\\\/canal7slp.tv\\\/2025\\\/wp-content\\\/uploads\\\/2025\\\/08\\\/Poky04LactanciaEvento.jpg\",\"datePublished\":\"2025-08-01T23:14:11+00:00\",\"breadcrumb\":{\"@id\":\"https:\\\/\\\/canal7slp.tv\\\/2025\\\/reconocio-gobierno-de-slp-e-iniciativa-privada-la-relevancia-de-la-lactancia-materna\\\/#breadcrumb\"},\"inLanguage\":\"es\",\"potentialAction\":[{\"@type\":\"ReadAction\",\"target\":[\"https:\\\/\\\/canal7slp.tv\\\/2025\\\/reconocio-gobierno-de-slp-e-iniciativa-privada-la-relevancia-de-la-lactancia-materna\\\/\"]}]},{\"@type\":\"ImageObject\",\"inLanguage\":\"es\",\"@id\":\"https:\\\/\\\/canal7slp.tv\\\/2025\\\/reconocio-gobierno-de-slp-e-iniciativa-privada-la-relevancia-de-la-lactancia-materna\\\/#primaryimage\",\"url\":\"https:\\\/\\\/canal7slp.tv\\\/2025\\\/wp-content\\\/uploads\\\/2025\\\/08\\\/Poky04LactanciaEvento.jpg\",\"contentUrl\":\"https:\\\/\\\/canal7slp.tv\\\/2025\\\/wp-content\\\/uploads\\\/2025\\\/08\\\/Poky04LactanciaEvento.jpg\",\"width\":1280,\"height\":720},{\"@type\":\"BreadcrumbList\",\"@id\":\"https:\\\/\\\/canal7slp.tv\\\/2025\\\/reconocio-gobierno-de-slp-e-iniciativa-privada-la-relevancia-de-la-lactancia-materna\\\/#breadcrumb\",\"itemListElement\":[{\"@type\":\"ListItem\",\"position\":1,\"name\":\"Portada\",\"item\":\"https:\\\/\\\/canal7slp.tv\\\/2025\\\/\"},{\"@type\":\"ListItem\",\"position\":2,\"name\":\"Reconoci\u00f3 Gobierno de SLP e iniciativa privada la relevancia de la lactancia materna\"}]},{\"@type\":\"WebSite\",\"@id\":\"https:\\\/\\\/canal7slp.tv\\\/2025\\\/#website\",\"url\":\"https:\\\/\\\/canal7slp.tv\\\/2025\\\/\",\"name\":\"N7 - Noticieros Canal 7\",\"description\":\"Somos el Medio\",\"publisher\":{\"@id\":\"https:\\\/\\\/canal7slp.tv\\\/2025\\\/#organization\"},\"potentialAction\":[{\"@type\":\"SearchAction\",\"target\":{\"@type\":\"EntryPoint\",\"urlTemplate\":\"https:\\\/\\\/canal7slp.tv\\\/2025\\\/?s={search_term_string}\"},\"query-input\":{\"@type\":\"PropertyValueSpecification\",\"valueRequired\":true,\"valueName\":\"search_term_string\"}}],\"inLanguage\":\"es\"},{\"@type\":\"Organization\",\"@id\":\"https:\\\/\\\/canal7slp.tv\\\/2025\\\/#organization\",\"name\":\"Noticieros Canal 7\",\"url\":\"https:\\\/\\\/canal7slp.tv\\\/2025\\\/\",\"logo\":{\"@type\":\"ImageObject\",\"inLanguage\":\"es\",\"@id\":\"https:\\\/\\\/canal7slp.tv\\\/2025\\\/#\\\/schema\\\/logo\\\/image\\\/\",\"url\":\"https:\\\/\\\/canal7slp.tv\\\/2025\\\/wp-content\\\/uploads\\\/2021\\\/01\\\/logo-noticieros@2x.png\",\"contentUrl\":\"https:\\\/\\\/canal7slp.tv\\\/2025\\\/wp-content\\\/uploads\\\/2021\\\/01\\\/logo-noticieros@2x.png\",\"width\":1017,\"height\":268,\"caption\":\"Noticieros Canal 7\"},\"image\":{\"@id\":\"https:\\\/\\\/canal7slp.tv\\\/2025\\\/#\\\/schema\\\/logo\\\/image\\\/\"},\"sameAs\":[\"https:\\\/\\\/www.facebook.com\\\/noticieroscanal7atencionciudadana\\\/\",\"https:\\\/\\\/x.com\\\/NOTICIEROS7\",\"https:\\\/\\\/www.instagram.com\\\/canal7_slp\",\"https:\\\/\\\/www.youtube.com\\\/channel\\\/UCliiYs-gP3JfJeqdPrNdd5A\"]},{\"@type\":\"Person\",\"@id\":\"https:\\\/\\\/canal7slp.tv\\\/2025\\\/#\\\/schema\\\/person\\\/271e2b60a96e7cc9d9ac296f4d7e414b\",\"name\":\"Edici\u00f3n Web\",\"image\":{\"@type\":\"ImageObject\",\"inLanguage\":\"es\",\"@id\":\"https:\\\/\\\/secure.gravatar.com\\\/avatar\\\/eee448fc3f7164808013b816ba91ac7e43bbe82a70bebac296f8bc6f0addaa1a?s=96&d=mm&r=g\",\"url\":\"https:\\\/\\\/secure.gravatar.com\\\/avatar\\\/eee448fc3f7164808013b816ba91ac7e43bbe82a70bebac296f8bc6f0addaa1a?s=96&d=mm&r=g\",\"contentUrl\":\"https:\\\/\\\/secure.gravatar.com\\\/avatar\\\/eee448fc3f7164808013b816ba91ac7e43bbe82a70bebac296f8bc6f0addaa1a?s=96&d=mm&r=g\",\"caption\":\"Edici\u00f3n Web\"},\"url\":\"https:\\\/\\\/canal7slp.tv\\\/2025\\\/author\\\/edicionweb\\\/\"}]}<\/script>\n<!-- \/ Yoast SEO plugin. -->","yoast_head_json":{"title":"Reconoci\u00f3 Gobierno de SLP e iniciativa privada la relevancia de la lactancia materna - Canal 7 SLP - 2025","robots":{"index":"index","follow":"follow","max-snippet":"max-snippet:-1","max-image-preview":"max-image-preview:large","max-video-preview":"max-video-preview:-1"},"canonical":"https:\/\/canal7slp.tv\/2025\/reconocio-gobierno-de-slp-e-iniciativa-privada-la-relevancia-de-la-lactancia-materna\/","og_locale":"es_ES","og_type":"article","og_title":"Reconoci\u00f3 Gobierno de SLP e iniciativa privada la relevancia de la lactancia materna - Canal 7 SLP - 2025","og_description":"SLP.- Integrantes del Gobierno de Estado de San Luis Potos\u00ed y miembros de la C\u00e1mara Nacional de la Industria de la Transformaci\u00f3n local reconocieron la importancia de contar con espacios adecuados al interior de las empresas para que las mujeres puedan llevar a cabo el proceso de lactancia materna. El evento tuvo la finalidad de condecorar a fabriles que aplican el programa \u201cOrganizaci\u00f3n Amigable con la Lactancia Materna e Igualdad\u201d, que se ejecuta en empresas de la Canacintra, por lo que su presidenta Imelda Elizalde Mart\u00ednez, destac\u00f3 la relevancia de esta acci\u00f3n. \u201cEs un honor para Canacintra arrancar con este [&hellip;]","og_url":"https:\/\/canal7slp.tv\/2025\/reconocio-gobierno-de-slp-e-iniciativa-privada-la-relevancia-de-la-lactancia-materna\/","og_site_name":"Canal 7 SLP - 2025","article_publisher":"https:\/\/www.facebook.com\/noticieroscanal7atencionciudadana\/","article_published_time":"2025-08-01T23:14:11+00:00","og_image":[{"width":1280,"height":720,"url":"https:\/\/canal7slp.tv\/2025\/wp-content\/uploads\/2025\/08\/Poky04LactanciaEvento.jpg","type":"image\/jpeg"}],"author":"Edici\u00f3n Web","twitter_card":"summary_large_image","twitter_creator":"@NOTICIEROS7","twitter_site":"@NOTICIEROS7","twitter_misc":{"Escrito por":"Edici\u00f3n Web","Tiempo de lectura":"2 minutos"},"schema":{"@context":"https:\/\/schema.org","@graph":[{"@type":"Article","@id":"https:\/\/canal7slp.tv\/2025\/reconocio-gobierno-de-slp-e-iniciativa-privada-la-relevancia-de-la-lactancia-materna\/#article","isPartOf":{"@id":"https:\/\/canal7slp.tv\/2025\/reconocio-gobierno-de-slp-e-iniciativa-privada-la-relevancia-de-la-lactancia-materna\/"},"author":{"name":"Edici\u00f3n Web","@id":"https:\/\/canal7slp.tv\/2025\/#\/schema\/person\/271e2b60a96e7cc9d9ac296f4d7e414b"},"headline":"Reconoci\u00f3 Gobierno de SLP e iniciativa privada la relevancia de la lactancia materna","datePublished":"2025-08-01T23:14:11+00:00","mainEntityOfPage":{"@id":"https:\/\/canal7slp.tv\/2025\/reconocio-gobierno-de-slp-e-iniciativa-privada-la-relevancia-de-la-lactancia-materna\/"},"wordCount":399,"publisher":{"@id":"https:\/\/canal7slp.tv\/2025\/#organization"},"image":{"@id":"https:\/\/canal7slp.tv\/2025\/reconocio-gobierno-de-slp-e-iniciativa-privada-la-relevancia-de-la-lactancia-materna\/#primaryimage"},"thumbnailUrl":"https:\/\/canal7slp.tv\/2025\/wp-content\/uploads\/2025\/08\/Poky04LactanciaEvento.jpg","articleSection":["DESTACADAS","GOBEDOSLP","LOCALES Y REGIONALES"],"inLanguage":"es"},{"@type":"WebPage","@id":"https:\/\/canal7slp.tv\/2025\/reconocio-gobierno-de-slp-e-iniciativa-privada-la-relevancia-de-la-lactancia-materna\/","url":"https:\/\/canal7slp.tv\/2025\/reconocio-gobierno-de-slp-e-iniciativa-privada-la-relevancia-de-la-lactancia-materna\/","name":"Reconoci\u00f3 Gobierno de SLP e iniciativa privada la relevancia de la lactancia materna - Canal 7 SLP - 2025","isPartOf":{"@id":"https:\/\/canal7slp.tv\/2025\/#website"},"primaryImageOfPage":{"@id":"https:\/\/canal7slp.tv\/2025\/reconocio-gobierno-de-slp-e-iniciativa-privada-la-relevancia-de-la-lactancia-materna\/#primaryimage"},"image":{"@id":"https:\/\/canal7slp.tv\/2025\/reconocio-gobierno-de-slp-e-iniciativa-privada-la-relevancia-de-la-lactancia-materna\/#primaryimage"},"thumbnailUrl":"https:\/\/canal7slp.tv\/2025\/wp-content\/uploads\/2025\/08\/Poky04LactanciaEvento.jpg","datePublished":"2025-08-01T23:14:11+00:00","breadcrumb":{"@id":"https:\/\/canal7slp.tv\/2025\/reconocio-gobierno-de-slp-e-iniciativa-privada-la-relevancia-de-la-lactancia-materna\/#breadcrumb"},"inLanguage":"es","potentialAction":[{"@type":"ReadAction","target":["https:\/\/canal7slp.tv\/2025\/reconocio-gobierno-de-slp-e-iniciativa-privada-la-relevancia-de-la-lactancia-materna\/"]}]},{"@type":"ImageObject","inLanguage":"es","@id":"https:\/\/canal7slp.tv\/2025\/reconocio-gobierno-de-slp-e-iniciativa-privada-la-relevancia-de-la-lactancia-materna\/#primaryimage","url":"https:\/\/canal7slp.tv\/2025\/wp-content\/uploads\/2025\/08\/Poky04LactanciaEvento.jpg","contentUrl":"https:\/\/canal7slp.tv\/2025\/wp-content\/uploads\/2025\/08\/Poky04LactanciaEvento.jpg","width":1280,"height":720},{"@type":"BreadcrumbList","@id":"https:\/\/canal7slp.tv\/2025\/reconocio-gobierno-de-slp-e-iniciativa-privada-la-relevancia-de-la-lactancia-materna\/#breadcrumb","itemListElement":[{"@type":"ListItem","position":1,"name":"Portada","item":"https:\/\/canal7slp.tv\/2025\/"},{"@type":"ListItem","position":2,"name":"Reconoci\u00f3 Gobierno de SLP e iniciativa privada la relevancia de la lactancia materna"}]},{"@type":"WebSite","@id":"https:\/\/canal7slp.tv\/2025\/#website","url":"https:\/\/canal7slp.tv\/2025\/","name":"N7 - Noticieros Canal 7","description":"Somos el Medio","publisher":{"@id":"https:\/\/canal7slp.tv\/2025\/#organization"},"potentialAction":[{"@type":"SearchAction","target":{"@type":"EntryPoint","urlTemplate":"https:\/\/canal7slp.tv\/2025\/?s={search_term_string}"},"query-input":{"@type":"PropertyValueSpecification","valueRequired":true,"valueName":"search_term_string"}}],"inLanguage":"es"},{"@type":"Organization","@id":"https:\/\/canal7slp.tv\/2025\/#organization","name":"Noticieros Canal 7","url":"https:\/\/canal7slp.tv\/2025\/","logo":{"@type":"ImageObject","inLanguage":"es","@id":"https:\/\/canal7slp.tv\/2025\/#\/schema\/logo\/image\/","url":"https:\/\/canal7slp.tv\/2025\/wp-content\/uploads\/2021\/01\/logo-noticieros@2x.png","contentUrl":"https:\/\/canal7slp.tv\/2025\/wp-content\/uploads\/2021\/01\/logo-noticieros@2x.png","width":1017,"height":268,"caption":"Noticieros Canal 7"},"image":{"@id":"https:\/\/canal7slp.tv\/2025\/#\/schema\/logo\/image\/"},"sameAs":["https:\/\/www.facebook.com\/noticieroscanal7atencionciudadana\/","https:\/\/x.com\/NOTICIEROS7","https:\/\/www.instagram.com\/canal7_slp","https:\/\/www.youtube.com\/channel\/UCliiYs-gP3JfJeqdPrNdd5A"]},{"@type":"Person","@id":"https:\/\/canal7slp.tv\/2025\/#\/schema\/person\/271e2b60a96e7cc9d9ac296f4d7e414b","name":"Edici\u00f3n Web","image":{"@type":"ImageObject","inLanguage":"es","@id":"https:\/\/secure.gravatar.com\/avatar\/eee448fc3f7164808013b816ba91ac7e43bbe82a70bebac296f8bc6f0addaa1a?s=96&d=mm&r=g","url":"https:\/\/secure.gravatar.com\/avatar\/eee448fc3f7164808013b816ba91ac7e43bbe82a70bebac296f8bc6f0addaa1a?s=96&d=mm&r=g","contentUrl":"https:\/\/secure.gravatar.com\/avatar\/eee448fc3f7164808013b816ba91ac7e43bbe82a70bebac296f8bc6f0addaa1a?s=96&d=mm&r=g","caption":"Edici\u00f3n Web"},"url":"https:\/\/canal7slp.tv\/2025\/author\/edicionweb\/"}]}},"_links":{"self":[{"href":"https:\/\/canal7slp.tv\/2025\/wp-json\/wp\/v2\/posts\/175137","targetHints":{"allow":["GET"]}}],"collection":[{"href":"https:\/\/canal7slp.tv\/2025\/wp-json\/wp\/v2\/posts"}],"about":[{"href":"https:\/\/canal7slp.tv\/2025\/wp-json\/wp\/v2\/types\/post"}],"author":[{"embeddable":true,"href":"https:\/\/canal7slp.tv\/2025\/wp-json\/wp\/v2\/users\/2"}],"replies":[{"embeddable":true,"href":"https:\/\/canal7slp.tv\/2025\/wp-json\/wp\/v2\/comments?post=175137"}],"version-history":[{"count":1,"href":"https:\/\/canal7slp.tv\/2025\/wp-json\/wp\/v2\/posts\/175137\/revisions"}],"predecessor-version":[{"id":175140,"href":"https:\/\/canal7slp.tv\/2025\/wp-json\/wp\/v2\/posts\/175137\/revisions\/175140"}],"wp:featuredmedia":[{"embeddable":true,"href":"https:\/\/canal7slp.tv\/2025\/wp-json\/wp\/v2\/media\/175139"}],"wp:attachment":[{"href":"https:\/\/canal7slp.tv\/2025\/wp-json\/wp\/v2\/media?parent=175137"}],"wp:term":[{"taxonomy":"category","embeddable":true,"href":"https:\/\/canal7slp.tv\/2025\/wp-json\/wp\/v2\/categories?post=175137"},{"taxonomy":"post_tag","embeddable":true,"href":"https:\/\/canal7slp.tv\/2025\/wp-json\/wp\/v2\/tags?post=175137"}],"curies":[{"name":"wp","href":"https:\/\/api.w.org\/{rel}","templated":true}]}}