{"id":175133,"date":"2025-08-01T17:04:33","date_gmt":"2025-08-01T23:04:33","guid":{"rendered":"https:\/\/canal7slp.tv\/2025\/?p=175133"},"modified":"2025-08-01T17:04:33","modified_gmt":"2025-08-01T23:04:33","slug":"empresas-han-parado-produccion-por-incertidumbre-por-aranceles-de-eua-coparmex","status":"publish","type":"post","link":"https:\/\/canal7slp.tv\/2025\/empresas-han-parado-produccion-por-incertidumbre-por-aranceles-de-eua-coparmex\/","title":{"rendered":"Empresas han parado producci\u00f3n por incertidumbre por aranceles de EUA: Coparmex"},"content":{"rendered":"<p style=\"text-align: justify;\">SLP.- Hay empresa que han parado l\u00edneas de producci\u00f3n por incertidumbre por el tema del incremento de aranceles de parte de los Estados Unidos de Am\u00e9rica a M\u00e9xico, as\u00ed lo hizo saber el presidente de la Coparmex en San Luis Potos\u00ed, Gerardo Ortu\u00f1o.<\/p>\n<p style=\"text-align: justify;\">\u201cParte de los paros t\u00e9cnicos pues son principalmente pues a la incertidumbre que se tiene a este tratado y al no haber el consumo, porque tambi\u00e9n el consumo ha bajado en los Estados Unidos\u201d.<\/p>\n<p style=\"text-align: justify;\">Cuestionado por el plazo de 90 d\u00edas para el arranque del alza en el cobro de aranceles, se\u00f1al\u00f3 que no da certeza a las empresas locales.<\/p>\n<p style=\"text-align: justify;\">\u201cPues es algo que de alguna manera se aplazan los aranceles en los t\u00e9rminos de alguna manera que las empresas que exportan hacia Estados Unidos pues realmente no cambian, sigue la incertidumbre, las inversiones, el crecimiento y hoy por hoy la cadena de suministro, lo que viene siendo las pymes, las mipymes que dependen de estos sectores econ\u00f3micos pues realmente est\u00e1n estancadas, prueba de ello es la p\u00e9rdida de empleabilidad que tenemos\u201d.<\/p>\n<p style=\"text-align: justify;\">A pesar de que el arancel con incremento no entr\u00f3 en vigencia, ya hay movimiento en el mercado que afecta el bolsillo de los consumidores.<\/p>\n<p style=\"text-align: justify;\">\u201cEfectivamente, pues bueno, muestra de la incertidumbre que se tiene pues hay inflaci\u00f3n, hay falta de empleo y pues bueno los resultados del INEGI ah\u00ed est\u00e1n m\u00e1s que claros\u201d.<\/p>\n<p>Por: Juan Carlos Contreras<\/p>\n","protected":false},"excerpt":{"rendered":"<p>SLP.- Hay empresa que han parado l\u00edneas de producci\u00f3n por incertidumbre por el tema del incremento de aranceles de parte de los Estados Unidos de Am\u00e9rica a M\u00e9xico, as\u00ed lo hizo saber el presidente de la Coparmex en San Luis Potos\u00ed, Gerardo Ortu\u00f1o. \u201cParte de los paros t\u00e9cnicos pues son principalmente pues a la incertidumbre que se tiene a este tratado y al no haber el consumo, porque tambi\u00e9n el consumo ha bajado en los Estados Unidos\u201d. Cuestionado por el plazo de 90 d\u00edas para el arranque del alza en el cobro de aranceles, se\u00f1al\u00f3 que no da certeza a [&hellip;]<\/p>\n","protected":false},"author":2,"featured_media":175135,"comment_status":"closed","ping_status":"closed","sticky":false,"template":"","format":"video","meta":{"_monsterinsights_skip_tracking":false,"_monsterinsights_sitenote_active":false,"_monsterinsights_sitenote_note":"","_monsterinsights_sitenote_category":0,"footnotes":""},"categories":[5,45],"tags":[],"class_list":["post-175133","post","type-post","status-publish","format-video","has-post-thumbnail","hentry","category-destacadas","category-localesyregionales","post_format-post-format-video","post--single"],"yoast_head":"<!-- This site is optimized with the Yoast SEO plugin v27.5 - https:\/\/yoast.com\/product\/yoast-seo-wordpress\/ -->\n<title>Empresas han parado producci\u00f3n por incertidumbre por aranceles de EUA: Coparmex - Canal 7 SLP - 2025<\/title>\n<meta name=\"robots\" content=\"index, follow, max-snippet:-1, max-image-preview:large, max-video-preview:-1\" \/>\n<link rel=\"canonical\" href=\"https:\/\/canal7slp.tv\/2025\/empresas-han-parado-produccion-por-incertidumbre-por-aranceles-de-eua-coparmex\/\" \/>\n<meta property=\"og:locale\" content=\"es_ES\" \/>\n<meta property=\"og:type\" content=\"article\" \/>\n<meta property=\"og:title\" content=\"Empresas han parado producci\u00f3n por incertidumbre por aranceles de EUA: Coparmex - Canal 7 SLP - 2025\" \/>\n<meta property=\"og:description\" content=\"SLP.- Hay empresa que han parado l\u00edneas de producci\u00f3n por incertidumbre por el tema del incremento de aranceles de parte de los Estados Unidos de Am\u00e9rica a M\u00e9xico, as\u00ed lo hizo saber el presidente de la Coparmex en San Luis Potos\u00ed, Gerardo Ortu\u00f1o. \u201cParte de los paros t\u00e9cnicos pues son principalmente pues a la incertidumbre que se tiene a este tratado y al no haber el consumo, porque tambi\u00e9n el consumo ha bajado en los Estados Unidos\u201d. Cuestionado por el plazo de 90 d\u00edas para el arranque del alza en el cobro de aranceles, se\u00f1al\u00f3 que no da certeza a [&hellip;]\" \/>\n<meta property=\"og:url\" content=\"https:\/\/canal7slp.tv\/2025\/empresas-han-parado-produccion-por-incertidumbre-por-aranceles-de-eua-coparmex\/\" \/>\n<meta property=\"og:site_name\" content=\"Canal 7 SLP - 2025\" \/>\n<meta property=\"article:publisher\" content=\"https:\/\/www.facebook.com\/noticieroscanal7atencionciudadana\/\" \/>\n<meta property=\"article:published_time\" content=\"2025-08-01T23:04:33+00:00\" \/>\n<meta property=\"og:image\" content=\"https:\/\/canal7slp.tv\/2025\/wp-content\/uploads\/2025\/08\/Poky03ArancelesCOPARMEX.jpg\" \/>\n\t<meta property=\"og:image:width\" content=\"1280\" \/>\n\t<meta property=\"og:image:height\" content=\"720\" \/>\n\t<meta property=\"og:image:type\" content=\"image\/jpeg\" \/>\n<meta name=\"author\" content=\"Edici\u00f3n Web\" \/>\n<meta name=\"twitter:card\" content=\"summary_large_image\" \/>\n<meta name=\"twitter:creator\" content=\"@NOTICIEROS7\" \/>\n<meta name=\"twitter:site\" content=\"@NOTICIEROS7\" \/>\n<meta name=\"twitter:label1\" content=\"Escrito por\" \/>\n\t<meta name=\"twitter:data1\" content=\"Edici\u00f3n Web\" \/>\n\t<meta name=\"twitter:label2\" content=\"Tiempo de lectura\" \/>\n\t<meta name=\"twitter:data2\" content=\"2 minutos\" \/>\n<script type=\"application\/ld+json\" class=\"yoast-schema-graph\">{\"@context\":\"https:\\\/\\\/schema.org\",\"@graph\":[{\"@type\":\"Article\",\"@id\":\"https:\\\/\\\/canal7slp.tv\\\/2025\\\/empresas-han-parado-produccion-por-incertidumbre-por-aranceles-de-eua-coparmex\\\/#article\",\"isPartOf\":{\"@id\":\"https:\\\/\\\/canal7slp.tv\\\/2025\\\/empresas-han-parado-produccion-por-incertidumbre-por-aranceles-de-eua-coparmex\\\/\"},\"author\":{\"name\":\"Edici\u00f3n Web\",\"@id\":\"https:\\\/\\\/canal7slp.tv\\\/2025\\\/#\\\/schema\\\/person\\\/271e2b60a96e7cc9d9ac296f4d7e414b\"},\"headline\":\"Empresas han parado producci\u00f3n por incertidumbre por aranceles de EUA: Coparmex\",\"datePublished\":\"2025-08-01T23:04:33+00:00\",\"mainEntityOfPage\":{\"@id\":\"https:\\\/\\\/canal7slp.tv\\\/2025\\\/empresas-han-parado-produccion-por-incertidumbre-por-aranceles-de-eua-coparmex\\\/\"},\"wordCount\":261,\"publisher\":{\"@id\":\"https:\\\/\\\/canal7slp.tv\\\/2025\\\/#organization\"},\"image\":{\"@id\":\"https:\\\/\\\/canal7slp.tv\\\/2025\\\/empresas-han-parado-produccion-por-incertidumbre-por-aranceles-de-eua-coparmex\\\/#primaryimage\"},\"thumbnailUrl\":\"https:\\\/\\\/canal7slp.tv\\\/2025\\\/wp-content\\\/uploads\\\/2025\\\/08\\\/Poky03ArancelesCOPARMEX.jpg\",\"articleSection\":[\"DESTACADAS\",\"LOCALES Y REGIONALES\"],\"inLanguage\":\"es\"},{\"@type\":\"WebPage\",\"@id\":\"https:\\\/\\\/canal7slp.tv\\\/2025\\\/empresas-han-parado-produccion-por-incertidumbre-por-aranceles-de-eua-coparmex\\\/\",\"url\":\"https:\\\/\\\/canal7slp.tv\\\/2025\\\/empresas-han-parado-produccion-por-incertidumbre-por-aranceles-de-eua-coparmex\\\/\",\"name\":\"Empresas han parado producci\u00f3n por incertidumbre por aranceles de EUA: Coparmex - Canal 7 SLP - 2025\",\"isPartOf\":{\"@id\":\"https:\\\/\\\/canal7slp.tv\\\/2025\\\/#website\"},\"primaryImageOfPage\":{\"@id\":\"https:\\\/\\\/canal7slp.tv\\\/2025\\\/empresas-han-parado-produccion-por-incertidumbre-por-aranceles-de-eua-coparmex\\\/#primaryimage\"},\"image\":{\"@id\":\"https:\\\/\\\/canal7slp.tv\\\/2025\\\/empresas-han-parado-produccion-por-incertidumbre-por-aranceles-de-eua-coparmex\\\/#primaryimage\"},\"thumbnailUrl\":\"https:\\\/\\\/canal7slp.tv\\\/2025\\\/wp-content\\\/uploads\\\/2025\\\/08\\\/Poky03ArancelesCOPARMEX.jpg\",\"datePublished\":\"2025-08-01T23:04:33+00:00\",\"breadcrumb\":{\"@id\":\"https:\\\/\\\/canal7slp.tv\\\/2025\\\/empresas-han-parado-produccion-por-incertidumbre-por-aranceles-de-eua-coparmex\\\/#breadcrumb\"},\"inLanguage\":\"es\",\"potentialAction\":[{\"@type\":\"ReadAction\",\"target\":[\"https:\\\/\\\/canal7slp.tv\\\/2025\\\/empresas-han-parado-produccion-por-incertidumbre-por-aranceles-de-eua-coparmex\\\/\"]}]},{\"@type\":\"ImageObject\",\"inLanguage\":\"es\",\"@id\":\"https:\\\/\\\/canal7slp.tv\\\/2025\\\/empresas-han-parado-produccion-por-incertidumbre-por-aranceles-de-eua-coparmex\\\/#primaryimage\",\"url\":\"https:\\\/\\\/canal7slp.tv\\\/2025\\\/wp-content\\\/uploads\\\/2025\\\/08\\\/Poky03ArancelesCOPARMEX.jpg\",\"contentUrl\":\"https:\\\/\\\/canal7slp.tv\\\/2025\\\/wp-content\\\/uploads\\\/2025\\\/08\\\/Poky03ArancelesCOPARMEX.jpg\",\"width\":1280,\"height\":720},{\"@type\":\"BreadcrumbList\",\"@id\":\"https:\\\/\\\/canal7slp.tv\\\/2025\\\/empresas-han-parado-produccion-por-incertidumbre-por-aranceles-de-eua-coparmex\\\/#breadcrumb\",\"itemListElement\":[{\"@type\":\"ListItem\",\"position\":1,\"name\":\"Portada\",\"item\":\"https:\\\/\\\/canal7slp.tv\\\/2025\\\/\"},{\"@type\":\"ListItem\",\"position\":2,\"name\":\"Empresas han parado producci\u00f3n por incertidumbre por aranceles de EUA: Coparmex\"}]},{\"@type\":\"WebSite\",\"@id\":\"https:\\\/\\\/canal7slp.tv\\\/2025\\\/#website\",\"url\":\"https:\\\/\\\/canal7slp.tv\\\/2025\\\/\",\"name\":\"N7 - Noticieros Canal 7\",\"description\":\"Somos el Medio\",\"publisher\":{\"@id\":\"https:\\\/\\\/canal7slp.tv\\\/2025\\\/#organization\"},\"potentialAction\":[{\"@type\":\"SearchAction\",\"target\":{\"@type\":\"EntryPoint\",\"urlTemplate\":\"https:\\\/\\\/canal7slp.tv\\\/2025\\\/?s={search_term_string}\"},\"query-input\":{\"@type\":\"PropertyValueSpecification\",\"valueRequired\":true,\"valueName\":\"search_term_string\"}}],\"inLanguage\":\"es\"},{\"@type\":\"Organization\",\"@id\":\"https:\\\/\\\/canal7slp.tv\\\/2025\\\/#organization\",\"name\":\"Noticieros Canal 7\",\"url\":\"https:\\\/\\\/canal7slp.tv\\\/2025\\\/\",\"logo\":{\"@type\":\"ImageObject\",\"inLanguage\":\"es\",\"@id\":\"https:\\\/\\\/canal7slp.tv\\\/2025\\\/#\\\/schema\\\/logo\\\/image\\\/\",\"url\":\"https:\\\/\\\/canal7slp.tv\\\/2025\\\/wp-content\\\/uploads\\\/2021\\\/01\\\/logo-noticieros@2x.png\",\"contentUrl\":\"https:\\\/\\\/canal7slp.tv\\\/2025\\\/wp-content\\\/uploads\\\/2021\\\/01\\\/logo-noticieros@2x.png\",\"width\":1017,\"height\":268,\"caption\":\"Noticieros Canal 7\"},\"image\":{\"@id\":\"https:\\\/\\\/canal7slp.tv\\\/2025\\\/#\\\/schema\\\/logo\\\/image\\\/\"},\"sameAs\":[\"https:\\\/\\\/www.facebook.com\\\/noticieroscanal7atencionciudadana\\\/\",\"https:\\\/\\\/x.com\\\/NOTICIEROS7\",\"https:\\\/\\\/www.instagram.com\\\/canal7_slp\",\"https:\\\/\\\/www.youtube.com\\\/channel\\\/UCliiYs-gP3JfJeqdPrNdd5A\"]},{\"@type\":\"Person\",\"@id\":\"https:\\\/\\\/canal7slp.tv\\\/2025\\\/#\\\/schema\\\/person\\\/271e2b60a96e7cc9d9ac296f4d7e414b\",\"name\":\"Edici\u00f3n Web\",\"image\":{\"@type\":\"ImageObject\",\"inLanguage\":\"es\",\"@id\":\"https:\\\/\\\/secure.gravatar.com\\\/avatar\\\/eee448fc3f7164808013b816ba91ac7e43bbe82a70bebac296f8bc6f0addaa1a?s=96&d=mm&r=g\",\"url\":\"https:\\\/\\\/secure.gravatar.com\\\/avatar\\\/eee448fc3f7164808013b816ba91ac7e43bbe82a70bebac296f8bc6f0addaa1a?s=96&d=mm&r=g\",\"contentUrl\":\"https:\\\/\\\/secure.gravatar.com\\\/avatar\\\/eee448fc3f7164808013b816ba91ac7e43bbe82a70bebac296f8bc6f0addaa1a?s=96&d=mm&r=g\",\"caption\":\"Edici\u00f3n Web\"},\"url\":\"https:\\\/\\\/canal7slp.tv\\\/2025\\\/author\\\/edicionweb\\\/\"}]}<\/script>\n<!-- \/ Yoast SEO plugin. -->","yoast_head_json":{"title":"Empresas han parado producci\u00f3n por incertidumbre por aranceles de EUA: Coparmex - Canal 7 SLP - 2025","robots":{"index":"index","follow":"follow","max-snippet":"max-snippet:-1","max-image-preview":"max-image-preview:large","max-video-preview":"max-video-preview:-1"},"canonical":"https:\/\/canal7slp.tv\/2025\/empresas-han-parado-produccion-por-incertidumbre-por-aranceles-de-eua-coparmex\/","og_locale":"es_ES","og_type":"article","og_title":"Empresas han parado producci\u00f3n por incertidumbre por aranceles de EUA: Coparmex - Canal 7 SLP - 2025","og_description":"SLP.- Hay empresa que han parado l\u00edneas de producci\u00f3n por incertidumbre por el tema del incremento de aranceles de parte de los Estados Unidos de Am\u00e9rica a M\u00e9xico, as\u00ed lo hizo saber el presidente de la Coparmex en San Luis Potos\u00ed, Gerardo Ortu\u00f1o. \u201cParte de los paros t\u00e9cnicos pues son principalmente pues a la incertidumbre que se tiene a este tratado y al no haber el consumo, porque tambi\u00e9n el consumo ha bajado en los Estados Unidos\u201d. Cuestionado por el plazo de 90 d\u00edas para el arranque del alza en el cobro de aranceles, se\u00f1al\u00f3 que no da certeza a [&hellip;]","og_url":"https:\/\/canal7slp.tv\/2025\/empresas-han-parado-produccion-por-incertidumbre-por-aranceles-de-eua-coparmex\/","og_site_name":"Canal 7 SLP - 2025","article_publisher":"https:\/\/www.facebook.com\/noticieroscanal7atencionciudadana\/","article_published_time":"2025-08-01T23:04:33+00:00","og_image":[{"width":1280,"height":720,"url":"https:\/\/canal7slp.tv\/2025\/wp-content\/uploads\/2025\/08\/Poky03ArancelesCOPARMEX.jpg","type":"image\/jpeg"}],"author":"Edici\u00f3n Web","twitter_card":"summary_large_image","twitter_creator":"@NOTICIEROS7","twitter_site":"@NOTICIEROS7","twitter_misc":{"Escrito por":"Edici\u00f3n Web","Tiempo de lectura":"2 minutos"},"schema":{"@context":"https:\/\/schema.org","@graph":[{"@type":"Article","@id":"https:\/\/canal7slp.tv\/2025\/empresas-han-parado-produccion-por-incertidumbre-por-aranceles-de-eua-coparmex\/#article","isPartOf":{"@id":"https:\/\/canal7slp.tv\/2025\/empresas-han-parado-produccion-por-incertidumbre-por-aranceles-de-eua-coparmex\/"},"author":{"name":"Edici\u00f3n Web","@id":"https:\/\/canal7slp.tv\/2025\/#\/schema\/person\/271e2b60a96e7cc9d9ac296f4d7e414b"},"headline":"Empresas han parado producci\u00f3n por incertidumbre por aranceles de EUA: Coparmex","datePublished":"2025-08-01T23:04:33+00:00","mainEntityOfPage":{"@id":"https:\/\/canal7slp.tv\/2025\/empresas-han-parado-produccion-por-incertidumbre-por-aranceles-de-eua-coparmex\/"},"wordCount":261,"publisher":{"@id":"https:\/\/canal7slp.tv\/2025\/#organization"},"image":{"@id":"https:\/\/canal7slp.tv\/2025\/empresas-han-parado-produccion-por-incertidumbre-por-aranceles-de-eua-coparmex\/#primaryimage"},"thumbnailUrl":"https:\/\/canal7slp.tv\/2025\/wp-content\/uploads\/2025\/08\/Poky03ArancelesCOPARMEX.jpg","articleSection":["DESTACADAS","LOCALES Y REGIONALES"],"inLanguage":"es"},{"@type":"WebPage","@id":"https:\/\/canal7slp.tv\/2025\/empresas-han-parado-produccion-por-incertidumbre-por-aranceles-de-eua-coparmex\/","url":"https:\/\/canal7slp.tv\/2025\/empresas-han-parado-produccion-por-incertidumbre-por-aranceles-de-eua-coparmex\/","name":"Empresas han parado producci\u00f3n por incertidumbre por aranceles de EUA: Coparmex - Canal 7 SLP - 2025","isPartOf":{"@id":"https:\/\/canal7slp.tv\/2025\/#website"},"primaryImageOfPage":{"@id":"https:\/\/canal7slp.tv\/2025\/empresas-han-parado-produccion-por-incertidumbre-por-aranceles-de-eua-coparmex\/#primaryimage"},"image":{"@id":"https:\/\/canal7slp.tv\/2025\/empresas-han-parado-produccion-por-incertidumbre-por-aranceles-de-eua-coparmex\/#primaryimage"},"thumbnailUrl":"https:\/\/canal7slp.tv\/2025\/wp-content\/uploads\/2025\/08\/Poky03ArancelesCOPARMEX.jpg","datePublished":"2025-08-01T23:04:33+00:00","breadcrumb":{"@id":"https:\/\/canal7slp.tv\/2025\/empresas-han-parado-produccion-por-incertidumbre-por-aranceles-de-eua-coparmex\/#breadcrumb"},"inLanguage":"es","potentialAction":[{"@type":"ReadAction","target":["https:\/\/canal7slp.tv\/2025\/empresas-han-parado-produccion-por-incertidumbre-por-aranceles-de-eua-coparmex\/"]}]},{"@type":"ImageObject","inLanguage":"es","@id":"https:\/\/canal7slp.tv\/2025\/empresas-han-parado-produccion-por-incertidumbre-por-aranceles-de-eua-coparmex\/#primaryimage","url":"https:\/\/canal7slp.tv\/2025\/wp-content\/uploads\/2025\/08\/Poky03ArancelesCOPARMEX.jpg","contentUrl":"https:\/\/canal7slp.tv\/2025\/wp-content\/uploads\/2025\/08\/Poky03ArancelesCOPARMEX.jpg","width":1280,"height":720},{"@type":"BreadcrumbList","@id":"https:\/\/canal7slp.tv\/2025\/empresas-han-parado-produccion-por-incertidumbre-por-aranceles-de-eua-coparmex\/#breadcrumb","itemListElement":[{"@type":"ListItem","position":1,"name":"Portada","item":"https:\/\/canal7slp.tv\/2025\/"},{"@type":"ListItem","position":2,"name":"Empresas han parado producci\u00f3n por incertidumbre por aranceles de EUA: Coparmex"}]},{"@type":"WebSite","@id":"https:\/\/canal7slp.tv\/2025\/#website","url":"https:\/\/canal7slp.tv\/2025\/","name":"N7 - Noticieros Canal 7","description":"Somos el Medio","publisher":{"@id":"https:\/\/canal7slp.tv\/2025\/#organization"},"potentialAction":[{"@type":"SearchAction","target":{"@type":"EntryPoint","urlTemplate":"https:\/\/canal7slp.tv\/2025\/?s={search_term_string}"},"query-input":{"@type":"PropertyValueSpecification","valueRequired":true,"valueName":"search_term_string"}}],"inLanguage":"es"},{"@type":"Organization","@id":"https:\/\/canal7slp.tv\/2025\/#organization","name":"Noticieros Canal 7","url":"https:\/\/canal7slp.tv\/2025\/","logo":{"@type":"ImageObject","inLanguage":"es","@id":"https:\/\/canal7slp.tv\/2025\/#\/schema\/logo\/image\/","url":"https:\/\/canal7slp.tv\/2025\/wp-content\/uploads\/2021\/01\/logo-noticieros@2x.png","contentUrl":"https:\/\/canal7slp.tv\/2025\/wp-content\/uploads\/2021\/01\/logo-noticieros@2x.png","width":1017,"height":268,"caption":"Noticieros Canal 7"},"image":{"@id":"https:\/\/canal7slp.tv\/2025\/#\/schema\/logo\/image\/"},"sameAs":["https:\/\/www.facebook.com\/noticieroscanal7atencionciudadana\/","https:\/\/x.com\/NOTICIEROS7","https:\/\/www.instagram.com\/canal7_slp","https:\/\/www.youtube.com\/channel\/UCliiYs-gP3JfJeqdPrNdd5A"]},{"@type":"Person","@id":"https:\/\/canal7slp.tv\/2025\/#\/schema\/person\/271e2b60a96e7cc9d9ac296f4d7e414b","name":"Edici\u00f3n Web","image":{"@type":"ImageObject","inLanguage":"es","@id":"https:\/\/secure.gravatar.com\/avatar\/eee448fc3f7164808013b816ba91ac7e43bbe82a70bebac296f8bc6f0addaa1a?s=96&d=mm&r=g","url":"https:\/\/secure.gravatar.com\/avatar\/eee448fc3f7164808013b816ba91ac7e43bbe82a70bebac296f8bc6f0addaa1a?s=96&d=mm&r=g","contentUrl":"https:\/\/secure.gravatar.com\/avatar\/eee448fc3f7164808013b816ba91ac7e43bbe82a70bebac296f8bc6f0addaa1a?s=96&d=mm&r=g","caption":"Edici\u00f3n Web"},"url":"https:\/\/canal7slp.tv\/2025\/author\/edicionweb\/"}]}},"_links":{"self":[{"href":"https:\/\/canal7slp.tv\/2025\/wp-json\/wp\/v2\/posts\/175133","targetHints":{"allow":["GET"]}}],"collection":[{"href":"https:\/\/canal7slp.tv\/2025\/wp-json\/wp\/v2\/posts"}],"about":[{"href":"https:\/\/canal7slp.tv\/2025\/wp-json\/wp\/v2\/types\/post"}],"author":[{"embeddable":true,"href":"https:\/\/canal7slp.tv\/2025\/wp-json\/wp\/v2\/users\/2"}],"replies":[{"embeddable":true,"href":"https:\/\/canal7slp.tv\/2025\/wp-json\/wp\/v2\/comments?post=175133"}],"version-history":[{"count":1,"href":"https:\/\/canal7slp.tv\/2025\/wp-json\/wp\/v2\/posts\/175133\/revisions"}],"predecessor-version":[{"id":175136,"href":"https:\/\/canal7slp.tv\/2025\/wp-json\/wp\/v2\/posts\/175133\/revisions\/175136"}],"wp:featuredmedia":[{"embeddable":true,"href":"https:\/\/canal7slp.tv\/2025\/wp-json\/wp\/v2\/media\/175135"}],"wp:attachment":[{"href":"https:\/\/canal7slp.tv\/2025\/wp-json\/wp\/v2\/media?parent=175133"}],"wp:term":[{"taxonomy":"category","embeddable":true,"href":"https:\/\/canal7slp.tv\/2025\/wp-json\/wp\/v2\/categories?post=175133"},{"taxonomy":"post_tag","embeddable":true,"href":"https:\/\/canal7slp.tv\/2025\/wp-json\/wp\/v2\/tags?post=175133"}],"curies":[{"name":"wp","href":"https:\/\/api.w.org\/{rel}","templated":true}]}}