{"id":175126,"date":"2025-08-01T16:52:27","date_gmt":"2025-08-01T22:52:27","guid":{"rendered":"https:\/\/canal7slp.tv\/2025\/?p=175126"},"modified":"2025-08-01T16:52:27","modified_gmt":"2025-08-01T22:52:27","slug":"escuelas-municipales-ubicadas-en-delegacion-y-zona-norte-preocupan-al-ayuntamiento-de-slp","status":"publish","type":"post","link":"https:\/\/canal7slp.tv\/2025\/escuelas-municipales-ubicadas-en-delegacion-y-zona-norte-preocupan-al-ayuntamiento-de-slp\/","title":{"rendered":"Escuelas Municipales ubicadas en delegaci\u00f3n y zona norte preocupan al Ayuntamiento de SLP"},"content":{"rendered":"<p style=\"text-align: justify;\">SLP.- Las escuelas del Sistema Municipal de Educaci\u00f3n del Ayuntamiento de San Luis Potos\u00ed que se ubican en la zona norte y parte delegacional son una latente preocupaci\u00f3n por el tema de inseguridad, as\u00ed lo hizo saber el director de Educaci\u00f3n, Joel Ram\u00edrez D\u00edaz.<\/p>\n<p style=\"text-align: justify;\">\u201cTodas las escuelas o todos los centros de cualquier tipo, en este caso los centros escolares pueden estar expuestos a riegos pero pues en La Pila tenemos una preparatoria, en el Saucito otra, en las Terceras tambi\u00e9n que es donde m\u00e1s hemos pedido la constante participaci\u00f3n y presencia de las autoridades del municipio\u201d.<\/p>\n<p style=\"text-align: justify;\">Asegur\u00f3 que no se han tenido robos o actos de vandalismo en el presente y anterior periodo vacacional.<\/p>\n<p style=\"text-align: justify;\">\u201cPor fortuna en el Sistema Educativo M unicipal, las escuelas que pertenecen a este sistema hasta ahora no hemos tenido alg\u00fan incidente, vandalismo, robos o cuestiones que lamentar\u201d.<\/p>\n<p style=\"text-align: justify;\">Destac\u00f3 el trabajo coordinado entre autoridades de seguridad, padres de familia y maestros.<\/p>\n<p style=\"text-align: justify;\">\u201cReconocer mucho la atenci\u00f3n que prestan los padres de familia de los entornos de las escuelas y la colaboraci\u00f3n de la corporaci\u00f3n de la Secretar\u00eda de Seguridad y participaci\u00f3n ciudadana de la capital que mantiene una vigilancia adecuada en eso planteles\u201d.<\/p>\n<p>Por: Juan Carlos Contreras<\/p>\n","protected":false},"excerpt":{"rendered":"<p>SLP.- Las escuelas del Sistema Municipal de Educaci\u00f3n del Ayuntamiento de San Luis Potos\u00ed que se ubican en la zona norte y parte delegacional son una latente preocupaci\u00f3n por el tema de inseguridad, as\u00ed lo hizo saber el director de Educaci\u00f3n, Joel Ram\u00edrez D\u00edaz. \u201cTodas las escuelas o todos los centros de cualquier tipo, en este caso los centros escolares pueden estar expuestos a riegos pero pues en La Pila tenemos una preparatoria, en el Saucito otra, en las Terceras tambi\u00e9n que es donde m\u00e1s hemos pedido la constante participaci\u00f3n y presencia de las autoridades del municipio\u201d. Asegur\u00f3 que no [&hellip;]<\/p>\n","protected":false},"author":2,"featured_media":175127,"comment_status":"closed","ping_status":"closed","sticky":false,"template":"","format":"video","meta":{"_monsterinsights_skip_tracking":false,"_monsterinsights_sitenote_active":false,"_monsterinsights_sitenote_note":"","_monsterinsights_sitenote_category":0,"footnotes":""},"categories":[66,5,45],"tags":[],"class_list":["post-175126","post","type-post","status-publish","format-video","has-post-thumbnail","hentry","category-ayoslp","category-destacadas","category-localesyregionales","post_format-post-format-video","post--single"],"yoast_head":"<!-- This site is optimized with the Yoast SEO plugin v27.5 - https:\/\/yoast.com\/product\/yoast-seo-wordpress\/ -->\n<title>Escuelas Municipales ubicadas en delegaci\u00f3n y zona norte preocupan al Ayuntamiento de SLP - Canal 7 SLP - 2025<\/title>\n<meta name=\"robots\" content=\"index, follow, max-snippet:-1, max-image-preview:large, max-video-preview:-1\" \/>\n<link rel=\"canonical\" href=\"https:\/\/canal7slp.tv\/2025\/escuelas-municipales-ubicadas-en-delegacion-y-zona-norte-preocupan-al-ayuntamiento-de-slp\/\" \/>\n<meta property=\"og:locale\" content=\"es_ES\" \/>\n<meta property=\"og:type\" content=\"article\" \/>\n<meta property=\"og:title\" content=\"Escuelas Municipales ubicadas en delegaci\u00f3n y zona norte preocupan al Ayuntamiento de SLP - Canal 7 SLP - 2025\" \/>\n<meta property=\"og:description\" content=\"SLP.- Las escuelas del Sistema Municipal de Educaci\u00f3n del Ayuntamiento de San Luis Potos\u00ed que se ubican en la zona norte y parte delegacional son una latente preocupaci\u00f3n por el tema de inseguridad, as\u00ed lo hizo saber el director de Educaci\u00f3n, Joel Ram\u00edrez D\u00edaz. \u201cTodas las escuelas o todos los centros de cualquier tipo, en este caso los centros escolares pueden estar expuestos a riegos pero pues en La Pila tenemos una preparatoria, en el Saucito otra, en las Terceras tambi\u00e9n que es donde m\u00e1s hemos pedido la constante participaci\u00f3n y presencia de las autoridades del municipio\u201d. Asegur\u00f3 que no [&hellip;]\" \/>\n<meta property=\"og:url\" content=\"https:\/\/canal7slp.tv\/2025\/escuelas-municipales-ubicadas-en-delegacion-y-zona-norte-preocupan-al-ayuntamiento-de-slp\/\" \/>\n<meta property=\"og:site_name\" content=\"Canal 7 SLP - 2025\" \/>\n<meta property=\"article:publisher\" content=\"https:\/\/www.facebook.com\/noticieroscanal7atencionciudadana\/\" \/>\n<meta property=\"article:published_time\" content=\"2025-08-01T22:52:27+00:00\" \/>\n<meta property=\"og:image\" content=\"https:\/\/canal7slp.tv\/2025\/wp-content\/uploads\/2025\/08\/Poky01EducacionCapital.jpg\" \/>\n\t<meta property=\"og:image:width\" content=\"1280\" \/>\n\t<meta property=\"og:image:height\" content=\"720\" \/>\n\t<meta property=\"og:image:type\" content=\"image\/jpeg\" \/>\n<meta name=\"author\" content=\"Edici\u00f3n Web\" \/>\n<meta name=\"twitter:card\" content=\"summary_large_image\" \/>\n<meta name=\"twitter:creator\" content=\"@NOTICIEROS7\" \/>\n<meta name=\"twitter:site\" content=\"@NOTICIEROS7\" \/>\n<meta name=\"twitter:label1\" content=\"Escrito por\" \/>\n\t<meta name=\"twitter:data1\" content=\"Edici\u00f3n Web\" \/>\n\t<meta name=\"twitter:label2\" content=\"Tiempo de lectura\" \/>\n\t<meta name=\"twitter:data2\" content=\"2 minutos\" \/>\n<script type=\"application\/ld+json\" class=\"yoast-schema-graph\">{\"@context\":\"https:\\\/\\\/schema.org\",\"@graph\":[{\"@type\":\"Article\",\"@id\":\"https:\\\/\\\/canal7slp.tv\\\/2025\\\/escuelas-municipales-ubicadas-en-delegacion-y-zona-norte-preocupan-al-ayuntamiento-de-slp\\\/#article\",\"isPartOf\":{\"@id\":\"https:\\\/\\\/canal7slp.tv\\\/2025\\\/escuelas-municipales-ubicadas-en-delegacion-y-zona-norte-preocupan-al-ayuntamiento-de-slp\\\/\"},\"author\":{\"name\":\"Edici\u00f3n Web\",\"@id\":\"https:\\\/\\\/canal7slp.tv\\\/2025\\\/#\\\/schema\\\/person\\\/271e2b60a96e7cc9d9ac296f4d7e414b\"},\"headline\":\"Escuelas Municipales ubicadas en delegaci\u00f3n y zona norte preocupan al Ayuntamiento de SLP\",\"datePublished\":\"2025-08-01T22:52:27+00:00\",\"mainEntityOfPage\":{\"@id\":\"https:\\\/\\\/canal7slp.tv\\\/2025\\\/escuelas-municipales-ubicadas-en-delegacion-y-zona-norte-preocupan-al-ayuntamiento-de-slp\\\/\"},\"wordCount\":230,\"publisher\":{\"@id\":\"https:\\\/\\\/canal7slp.tv\\\/2025\\\/#organization\"},\"image\":{\"@id\":\"https:\\\/\\\/canal7slp.tv\\\/2025\\\/escuelas-municipales-ubicadas-en-delegacion-y-zona-norte-preocupan-al-ayuntamiento-de-slp\\\/#primaryimage\"},\"thumbnailUrl\":\"https:\\\/\\\/canal7slp.tv\\\/2025\\\/wp-content\\\/uploads\\\/2025\\\/08\\\/Poky01EducacionCapital.jpg\",\"articleSection\":[\"AYOSLP\",\"DESTACADAS\",\"LOCALES Y REGIONALES\"],\"inLanguage\":\"es\"},{\"@type\":\"WebPage\",\"@id\":\"https:\\\/\\\/canal7slp.tv\\\/2025\\\/escuelas-municipales-ubicadas-en-delegacion-y-zona-norte-preocupan-al-ayuntamiento-de-slp\\\/\",\"url\":\"https:\\\/\\\/canal7slp.tv\\\/2025\\\/escuelas-municipales-ubicadas-en-delegacion-y-zona-norte-preocupan-al-ayuntamiento-de-slp\\\/\",\"name\":\"Escuelas Municipales ubicadas en delegaci\u00f3n y zona norte preocupan al Ayuntamiento de SLP - Canal 7 SLP - 2025\",\"isPartOf\":{\"@id\":\"https:\\\/\\\/canal7slp.tv\\\/2025\\\/#website\"},\"primaryImageOfPage\":{\"@id\":\"https:\\\/\\\/canal7slp.tv\\\/2025\\\/escuelas-municipales-ubicadas-en-delegacion-y-zona-norte-preocupan-al-ayuntamiento-de-slp\\\/#primaryimage\"},\"image\":{\"@id\":\"https:\\\/\\\/canal7slp.tv\\\/2025\\\/escuelas-municipales-ubicadas-en-delegacion-y-zona-norte-preocupan-al-ayuntamiento-de-slp\\\/#primaryimage\"},\"thumbnailUrl\":\"https:\\\/\\\/canal7slp.tv\\\/2025\\\/wp-content\\\/uploads\\\/2025\\\/08\\\/Poky01EducacionCapital.jpg\",\"datePublished\":\"2025-08-01T22:52:27+00:00\",\"breadcrumb\":{\"@id\":\"https:\\\/\\\/canal7slp.tv\\\/2025\\\/escuelas-municipales-ubicadas-en-delegacion-y-zona-norte-preocupan-al-ayuntamiento-de-slp\\\/#breadcrumb\"},\"inLanguage\":\"es\",\"potentialAction\":[{\"@type\":\"ReadAction\",\"target\":[\"https:\\\/\\\/canal7slp.tv\\\/2025\\\/escuelas-municipales-ubicadas-en-delegacion-y-zona-norte-preocupan-al-ayuntamiento-de-slp\\\/\"]}]},{\"@type\":\"ImageObject\",\"inLanguage\":\"es\",\"@id\":\"https:\\\/\\\/canal7slp.tv\\\/2025\\\/escuelas-municipales-ubicadas-en-delegacion-y-zona-norte-preocupan-al-ayuntamiento-de-slp\\\/#primaryimage\",\"url\":\"https:\\\/\\\/canal7slp.tv\\\/2025\\\/wp-content\\\/uploads\\\/2025\\\/08\\\/Poky01EducacionCapital.jpg\",\"contentUrl\":\"https:\\\/\\\/canal7slp.tv\\\/2025\\\/wp-content\\\/uploads\\\/2025\\\/08\\\/Poky01EducacionCapital.jpg\",\"width\":1280,\"height\":720},{\"@type\":\"BreadcrumbList\",\"@id\":\"https:\\\/\\\/canal7slp.tv\\\/2025\\\/escuelas-municipales-ubicadas-en-delegacion-y-zona-norte-preocupan-al-ayuntamiento-de-slp\\\/#breadcrumb\",\"itemListElement\":[{\"@type\":\"ListItem\",\"position\":1,\"name\":\"Portada\",\"item\":\"https:\\\/\\\/canal7slp.tv\\\/2025\\\/\"},{\"@type\":\"ListItem\",\"position\":2,\"name\":\"Escuelas Municipales ubicadas en delegaci\u00f3n y zona norte preocupan al Ayuntamiento de SLP\"}]},{\"@type\":\"WebSite\",\"@id\":\"https:\\\/\\\/canal7slp.tv\\\/2025\\\/#website\",\"url\":\"https:\\\/\\\/canal7slp.tv\\\/2025\\\/\",\"name\":\"N7 - Noticieros Canal 7\",\"description\":\"Somos el Medio\",\"publisher\":{\"@id\":\"https:\\\/\\\/canal7slp.tv\\\/2025\\\/#organization\"},\"potentialAction\":[{\"@type\":\"SearchAction\",\"target\":{\"@type\":\"EntryPoint\",\"urlTemplate\":\"https:\\\/\\\/canal7slp.tv\\\/2025\\\/?s={search_term_string}\"},\"query-input\":{\"@type\":\"PropertyValueSpecification\",\"valueRequired\":true,\"valueName\":\"search_term_string\"}}],\"inLanguage\":\"es\"},{\"@type\":\"Organization\",\"@id\":\"https:\\\/\\\/canal7slp.tv\\\/2025\\\/#organization\",\"name\":\"Noticieros Canal 7\",\"url\":\"https:\\\/\\\/canal7slp.tv\\\/2025\\\/\",\"logo\":{\"@type\":\"ImageObject\",\"inLanguage\":\"es\",\"@id\":\"https:\\\/\\\/canal7slp.tv\\\/2025\\\/#\\\/schema\\\/logo\\\/image\\\/\",\"url\":\"https:\\\/\\\/canal7slp.tv\\\/2025\\\/wp-content\\\/uploads\\\/2021\\\/01\\\/logo-noticieros@2x.png\",\"contentUrl\":\"https:\\\/\\\/canal7slp.tv\\\/2025\\\/wp-content\\\/uploads\\\/2021\\\/01\\\/logo-noticieros@2x.png\",\"width\":1017,\"height\":268,\"caption\":\"Noticieros Canal 7\"},\"image\":{\"@id\":\"https:\\\/\\\/canal7slp.tv\\\/2025\\\/#\\\/schema\\\/logo\\\/image\\\/\"},\"sameAs\":[\"https:\\\/\\\/www.facebook.com\\\/noticieroscanal7atencionciudadana\\\/\",\"https:\\\/\\\/x.com\\\/NOTICIEROS7\",\"https:\\\/\\\/www.instagram.com\\\/canal7_slp\",\"https:\\\/\\\/www.youtube.com\\\/channel\\\/UCliiYs-gP3JfJeqdPrNdd5A\"]},{\"@type\":\"Person\",\"@id\":\"https:\\\/\\\/canal7slp.tv\\\/2025\\\/#\\\/schema\\\/person\\\/271e2b60a96e7cc9d9ac296f4d7e414b\",\"name\":\"Edici\u00f3n Web\",\"image\":{\"@type\":\"ImageObject\",\"inLanguage\":\"es\",\"@id\":\"https:\\\/\\\/secure.gravatar.com\\\/avatar\\\/eee448fc3f7164808013b816ba91ac7e43bbe82a70bebac296f8bc6f0addaa1a?s=96&d=mm&r=g\",\"url\":\"https:\\\/\\\/secure.gravatar.com\\\/avatar\\\/eee448fc3f7164808013b816ba91ac7e43bbe82a70bebac296f8bc6f0addaa1a?s=96&d=mm&r=g\",\"contentUrl\":\"https:\\\/\\\/secure.gravatar.com\\\/avatar\\\/eee448fc3f7164808013b816ba91ac7e43bbe82a70bebac296f8bc6f0addaa1a?s=96&d=mm&r=g\",\"caption\":\"Edici\u00f3n Web\"},\"url\":\"https:\\\/\\\/canal7slp.tv\\\/2025\\\/author\\\/edicionweb\\\/\"}]}<\/script>\n<!-- \/ Yoast SEO plugin. -->","yoast_head_json":{"title":"Escuelas Municipales ubicadas en delegaci\u00f3n y zona norte preocupan al Ayuntamiento de SLP - Canal 7 SLP - 2025","robots":{"index":"index","follow":"follow","max-snippet":"max-snippet:-1","max-image-preview":"max-image-preview:large","max-video-preview":"max-video-preview:-1"},"canonical":"https:\/\/canal7slp.tv\/2025\/escuelas-municipales-ubicadas-en-delegacion-y-zona-norte-preocupan-al-ayuntamiento-de-slp\/","og_locale":"es_ES","og_type":"article","og_title":"Escuelas Municipales ubicadas en delegaci\u00f3n y zona norte preocupan al Ayuntamiento de SLP - Canal 7 SLP - 2025","og_description":"SLP.- Las escuelas del Sistema Municipal de Educaci\u00f3n del Ayuntamiento de San Luis Potos\u00ed que se ubican en la zona norte y parte delegacional son una latente preocupaci\u00f3n por el tema de inseguridad, as\u00ed lo hizo saber el director de Educaci\u00f3n, Joel Ram\u00edrez D\u00edaz. \u201cTodas las escuelas o todos los centros de cualquier tipo, en este caso los centros escolares pueden estar expuestos a riegos pero pues en La Pila tenemos una preparatoria, en el Saucito otra, en las Terceras tambi\u00e9n que es donde m\u00e1s hemos pedido la constante participaci\u00f3n y presencia de las autoridades del municipio\u201d. Asegur\u00f3 que no [&hellip;]","og_url":"https:\/\/canal7slp.tv\/2025\/escuelas-municipales-ubicadas-en-delegacion-y-zona-norte-preocupan-al-ayuntamiento-de-slp\/","og_site_name":"Canal 7 SLP - 2025","article_publisher":"https:\/\/www.facebook.com\/noticieroscanal7atencionciudadana\/","article_published_time":"2025-08-01T22:52:27+00:00","og_image":[{"width":1280,"height":720,"url":"https:\/\/canal7slp.tv\/2025\/wp-content\/uploads\/2025\/08\/Poky01EducacionCapital.jpg","type":"image\/jpeg"}],"author":"Edici\u00f3n Web","twitter_card":"summary_large_image","twitter_creator":"@NOTICIEROS7","twitter_site":"@NOTICIEROS7","twitter_misc":{"Escrito por":"Edici\u00f3n Web","Tiempo de lectura":"2 minutos"},"schema":{"@context":"https:\/\/schema.org","@graph":[{"@type":"Article","@id":"https:\/\/canal7slp.tv\/2025\/escuelas-municipales-ubicadas-en-delegacion-y-zona-norte-preocupan-al-ayuntamiento-de-slp\/#article","isPartOf":{"@id":"https:\/\/canal7slp.tv\/2025\/escuelas-municipales-ubicadas-en-delegacion-y-zona-norte-preocupan-al-ayuntamiento-de-slp\/"},"author":{"name":"Edici\u00f3n Web","@id":"https:\/\/canal7slp.tv\/2025\/#\/schema\/person\/271e2b60a96e7cc9d9ac296f4d7e414b"},"headline":"Escuelas Municipales ubicadas en delegaci\u00f3n y zona norte preocupan al Ayuntamiento de SLP","datePublished":"2025-08-01T22:52:27+00:00","mainEntityOfPage":{"@id":"https:\/\/canal7slp.tv\/2025\/escuelas-municipales-ubicadas-en-delegacion-y-zona-norte-preocupan-al-ayuntamiento-de-slp\/"},"wordCount":230,"publisher":{"@id":"https:\/\/canal7slp.tv\/2025\/#organization"},"image":{"@id":"https:\/\/canal7slp.tv\/2025\/escuelas-municipales-ubicadas-en-delegacion-y-zona-norte-preocupan-al-ayuntamiento-de-slp\/#primaryimage"},"thumbnailUrl":"https:\/\/canal7slp.tv\/2025\/wp-content\/uploads\/2025\/08\/Poky01EducacionCapital.jpg","articleSection":["AYOSLP","DESTACADAS","LOCALES Y REGIONALES"],"inLanguage":"es"},{"@type":"WebPage","@id":"https:\/\/canal7slp.tv\/2025\/escuelas-municipales-ubicadas-en-delegacion-y-zona-norte-preocupan-al-ayuntamiento-de-slp\/","url":"https:\/\/canal7slp.tv\/2025\/escuelas-municipales-ubicadas-en-delegacion-y-zona-norte-preocupan-al-ayuntamiento-de-slp\/","name":"Escuelas Municipales ubicadas en delegaci\u00f3n y zona norte preocupan al Ayuntamiento de SLP - Canal 7 SLP - 2025","isPartOf":{"@id":"https:\/\/canal7slp.tv\/2025\/#website"},"primaryImageOfPage":{"@id":"https:\/\/canal7slp.tv\/2025\/escuelas-municipales-ubicadas-en-delegacion-y-zona-norte-preocupan-al-ayuntamiento-de-slp\/#primaryimage"},"image":{"@id":"https:\/\/canal7slp.tv\/2025\/escuelas-municipales-ubicadas-en-delegacion-y-zona-norte-preocupan-al-ayuntamiento-de-slp\/#primaryimage"},"thumbnailUrl":"https:\/\/canal7slp.tv\/2025\/wp-content\/uploads\/2025\/08\/Poky01EducacionCapital.jpg","datePublished":"2025-08-01T22:52:27+00:00","breadcrumb":{"@id":"https:\/\/canal7slp.tv\/2025\/escuelas-municipales-ubicadas-en-delegacion-y-zona-norte-preocupan-al-ayuntamiento-de-slp\/#breadcrumb"},"inLanguage":"es","potentialAction":[{"@type":"ReadAction","target":["https:\/\/canal7slp.tv\/2025\/escuelas-municipales-ubicadas-en-delegacion-y-zona-norte-preocupan-al-ayuntamiento-de-slp\/"]}]},{"@type":"ImageObject","inLanguage":"es","@id":"https:\/\/canal7slp.tv\/2025\/escuelas-municipales-ubicadas-en-delegacion-y-zona-norte-preocupan-al-ayuntamiento-de-slp\/#primaryimage","url":"https:\/\/canal7slp.tv\/2025\/wp-content\/uploads\/2025\/08\/Poky01EducacionCapital.jpg","contentUrl":"https:\/\/canal7slp.tv\/2025\/wp-content\/uploads\/2025\/08\/Poky01EducacionCapital.jpg","width":1280,"height":720},{"@type":"BreadcrumbList","@id":"https:\/\/canal7slp.tv\/2025\/escuelas-municipales-ubicadas-en-delegacion-y-zona-norte-preocupan-al-ayuntamiento-de-slp\/#breadcrumb","itemListElement":[{"@type":"ListItem","position":1,"name":"Portada","item":"https:\/\/canal7slp.tv\/2025\/"},{"@type":"ListItem","position":2,"name":"Escuelas Municipales ubicadas en delegaci\u00f3n y zona norte preocupan al Ayuntamiento de SLP"}]},{"@type":"WebSite","@id":"https:\/\/canal7slp.tv\/2025\/#website","url":"https:\/\/canal7slp.tv\/2025\/","name":"N7 - Noticieros Canal 7","description":"Somos el Medio","publisher":{"@id":"https:\/\/canal7slp.tv\/2025\/#organization"},"potentialAction":[{"@type":"SearchAction","target":{"@type":"EntryPoint","urlTemplate":"https:\/\/canal7slp.tv\/2025\/?s={search_term_string}"},"query-input":{"@type":"PropertyValueSpecification","valueRequired":true,"valueName":"search_term_string"}}],"inLanguage":"es"},{"@type":"Organization","@id":"https:\/\/canal7slp.tv\/2025\/#organization","name":"Noticieros Canal 7","url":"https:\/\/canal7slp.tv\/2025\/","logo":{"@type":"ImageObject","inLanguage":"es","@id":"https:\/\/canal7slp.tv\/2025\/#\/schema\/logo\/image\/","url":"https:\/\/canal7slp.tv\/2025\/wp-content\/uploads\/2021\/01\/logo-noticieros@2x.png","contentUrl":"https:\/\/canal7slp.tv\/2025\/wp-content\/uploads\/2021\/01\/logo-noticieros@2x.png","width":1017,"height":268,"caption":"Noticieros Canal 7"},"image":{"@id":"https:\/\/canal7slp.tv\/2025\/#\/schema\/logo\/image\/"},"sameAs":["https:\/\/www.facebook.com\/noticieroscanal7atencionciudadana\/","https:\/\/x.com\/NOTICIEROS7","https:\/\/www.instagram.com\/canal7_slp","https:\/\/www.youtube.com\/channel\/UCliiYs-gP3JfJeqdPrNdd5A"]},{"@type":"Person","@id":"https:\/\/canal7slp.tv\/2025\/#\/schema\/person\/271e2b60a96e7cc9d9ac296f4d7e414b","name":"Edici\u00f3n Web","image":{"@type":"ImageObject","inLanguage":"es","@id":"https:\/\/secure.gravatar.com\/avatar\/eee448fc3f7164808013b816ba91ac7e43bbe82a70bebac296f8bc6f0addaa1a?s=96&d=mm&r=g","url":"https:\/\/secure.gravatar.com\/avatar\/eee448fc3f7164808013b816ba91ac7e43bbe82a70bebac296f8bc6f0addaa1a?s=96&d=mm&r=g","contentUrl":"https:\/\/secure.gravatar.com\/avatar\/eee448fc3f7164808013b816ba91ac7e43bbe82a70bebac296f8bc6f0addaa1a?s=96&d=mm&r=g","caption":"Edici\u00f3n Web"},"url":"https:\/\/canal7slp.tv\/2025\/author\/edicionweb\/"}]}},"_links":{"self":[{"href":"https:\/\/canal7slp.tv\/2025\/wp-json\/wp\/v2\/posts\/175126","targetHints":{"allow":["GET"]}}],"collection":[{"href":"https:\/\/canal7slp.tv\/2025\/wp-json\/wp\/v2\/posts"}],"about":[{"href":"https:\/\/canal7slp.tv\/2025\/wp-json\/wp\/v2\/types\/post"}],"author":[{"embeddable":true,"href":"https:\/\/canal7slp.tv\/2025\/wp-json\/wp\/v2\/users\/2"}],"replies":[{"embeddable":true,"href":"https:\/\/canal7slp.tv\/2025\/wp-json\/wp\/v2\/comments?post=175126"}],"version-history":[{"count":1,"href":"https:\/\/canal7slp.tv\/2025\/wp-json\/wp\/v2\/posts\/175126\/revisions"}],"predecessor-version":[{"id":175128,"href":"https:\/\/canal7slp.tv\/2025\/wp-json\/wp\/v2\/posts\/175126\/revisions\/175128"}],"wp:featuredmedia":[{"embeddable":true,"href":"https:\/\/canal7slp.tv\/2025\/wp-json\/wp\/v2\/media\/175127"}],"wp:attachment":[{"href":"https:\/\/canal7slp.tv\/2025\/wp-json\/wp\/v2\/media?parent=175126"}],"wp:term":[{"taxonomy":"category","embeddable":true,"href":"https:\/\/canal7slp.tv\/2025\/wp-json\/wp\/v2\/categories?post=175126"},{"taxonomy":"post_tag","embeddable":true,"href":"https:\/\/canal7slp.tv\/2025\/wp-json\/wp\/v2\/tags?post=175126"}],"curies":[{"name":"wp","href":"https:\/\/api.w.org\/{rel}","templated":true}]}}