{"id":175117,"date":"2025-08-01T15:57:54","date_gmt":"2025-08-01T21:57:54","guid":{"rendered":"https:\/\/canal7slp.tv\/2025\/?p=175117"},"modified":"2025-08-01T15:57:54","modified_gmt":"2025-08-01T21:57:54","slug":"autoridades-catean-residencia-de-bermudez-requena-por-vinculos-con-el-crimen-organizado","status":"publish","type":"post","link":"https:\/\/canal7slp.tv\/2025\/autoridades-catean-residencia-de-bermudez-requena-por-vinculos-con-el-crimen-organizado\/","title":{"rendered":"Autoridades catean residencia de Berm\u00fadez Requena por v\u00ednculos con el crimen organizado"},"content":{"rendered":"<p style=\"text-align: justify;\">Villahermosa.- La noche del jueves, autoridades federales y estatales realizaron un cateo en la residencia de Hern\u00e1n Berm\u00fadez Requena, exsecretario de Seguridad y Protecci\u00f3n Ciudadana de Tabasco, ubicada en el fraccionamiento Campestre de Villahermosa.<\/p>\n<p style=\"text-align: justify;\">Berm\u00fadez Requena permanece pr\u00f3fugo de la justicia, acusado de mantener v\u00ednculos con el crimen organizado.<\/p>\n<p style=\"text-align: justify;\">Durante el operativo, no se encontr\u00f3 a ninguna persona en el inmueble, el cual fue asegurado por las autoridades.<\/p>\n<p style=\"text-align: justify;\">La propiedad ya era conocida por estar relacionada con un violento enfrentamiento ocurrido el 22 de diciembre de 2023, entre Berm\u00fadez y su entonces segundo al mando, Ulises Pinto Madera.<\/p>\n<p style=\"text-align: justify;\">La disputa interna, presuntamente por el control de la organizaci\u00f3n criminal \u201cLa Barredora\u201d, deriv\u00f3 en una ola de violencia que incluy\u00f3 balaceras, quema de veh\u00edculos y ataques a tiendas de conveniencia en distintas zonas de Villahermosa.<\/p>\n<p style=\"text-align: justify;\">Berm\u00fadez Requena ocup\u00f3 el cargo durante el gobierno de Ad\u00e1n Augusto L\u00f3pez y huy\u00f3 del pa\u00eds tras la emisi\u00f3n de una orden de aprehensi\u00f3n en su contra en 2025.<\/p>\n<p style=\"text-align: justify;\">Se presume que inicialmente se refugi\u00f3 en Panam\u00e1 y luego en Brasil. La Interpol ha emitido una ficha roja para su localizaci\u00f3n, y se estima que abandon\u00f3 M\u00e9xico el 26 de enero del presente a\u00f1o.<\/p>\n","protected":false},"excerpt":{"rendered":"<p>Villahermosa.- La noche del jueves, autoridades federales y estatales realizaron un cateo en la residencia de Hern\u00e1n Berm\u00fadez Requena, exsecretario de Seguridad y Protecci\u00f3n Ciudadana de Tabasco, ubicada en el fraccionamiento Campestre de Villahermosa. Berm\u00fadez Requena permanece pr\u00f3fugo de la justicia, acusado de mantener v\u00ednculos con el crimen organizado. Durante el operativo, no se encontr\u00f3 a ninguna persona en el inmueble, el cual fue asegurado por las autoridades. La propiedad ya era conocida por estar relacionada con un violento enfrentamiento ocurrido el 22 de diciembre de 2023, entre Berm\u00fadez y su entonces segundo al mando, Ulises Pinto Madera. La disputa [&hellip;]<\/p>\n","protected":false},"author":2,"featured_media":175118,"comment_status":"closed","ping_status":"closed","sticky":false,"template":"","format":"standard","meta":{"_monsterinsights_skip_tracking":false,"_monsterinsights_sitenote_active":false,"_monsterinsights_sitenote_note":"","_monsterinsights_sitenote_category":0,"footnotes":""},"categories":[46],"tags":[],"class_list":["post-175117","post","type-post","status-publish","format-standard","has-post-thumbnail","hentry","category-nacional","post--single"],"yoast_head":"<!-- This site is optimized with the Yoast SEO plugin v27.5 - https:\/\/yoast.com\/product\/yoast-seo-wordpress\/ -->\n<title>Autoridades catean residencia de Berm\u00fadez Requena por v\u00ednculos con el crimen organizado - Canal 7 SLP - 2025<\/title>\n<meta name=\"robots\" content=\"index, follow, max-snippet:-1, max-image-preview:large, max-video-preview:-1\" \/>\n<link rel=\"canonical\" href=\"https:\/\/canal7slp.tv\/2025\/autoridades-catean-residencia-de-bermudez-requena-por-vinculos-con-el-crimen-organizado\/\" \/>\n<meta property=\"og:locale\" content=\"es_ES\" \/>\n<meta property=\"og:type\" content=\"article\" \/>\n<meta property=\"og:title\" content=\"Autoridades catean residencia de Berm\u00fadez Requena por v\u00ednculos con el crimen organizado - Canal 7 SLP - 2025\" \/>\n<meta property=\"og:description\" content=\"Villahermosa.- La noche del jueves, autoridades federales y estatales realizaron un cateo en la residencia de Hern\u00e1n Berm\u00fadez Requena, exsecretario de Seguridad y Protecci\u00f3n Ciudadana de Tabasco, ubicada en el fraccionamiento Campestre de Villahermosa. Berm\u00fadez Requena permanece pr\u00f3fugo de la justicia, acusado de mantener v\u00ednculos con el crimen organizado. Durante el operativo, no se encontr\u00f3 a ninguna persona en el inmueble, el cual fue asegurado por las autoridades. La propiedad ya era conocida por estar relacionada con un violento enfrentamiento ocurrido el 22 de diciembre de 2023, entre Berm\u00fadez y su entonces segundo al mando, Ulises Pinto Madera. La disputa [&hellip;]\" \/>\n<meta property=\"og:url\" content=\"https:\/\/canal7slp.tv\/2025\/autoridades-catean-residencia-de-bermudez-requena-por-vinculos-con-el-crimen-organizado\/\" \/>\n<meta property=\"og:site_name\" content=\"Canal 7 SLP - 2025\" \/>\n<meta property=\"article:publisher\" content=\"https:\/\/www.facebook.com\/noticieroscanal7atencionciudadana\/\" \/>\n<meta property=\"article:published_time\" content=\"2025-08-01T21:57:54+00:00\" \/>\n<meta property=\"og:image\" content=\"https:\/\/canal7slp.tv\/2025\/wp-content\/uploads\/2025\/08\/08.jpg\" \/>\n\t<meta property=\"og:image:width\" content=\"882\" \/>\n\t<meta property=\"og:image:height\" content=\"500\" \/>\n\t<meta property=\"og:image:type\" content=\"image\/jpeg\" \/>\n<meta name=\"author\" content=\"Edici\u00f3n Web\" \/>\n<meta name=\"twitter:card\" content=\"summary_large_image\" \/>\n<meta name=\"twitter:creator\" content=\"@NOTICIEROS7\" \/>\n<meta name=\"twitter:site\" content=\"@NOTICIEROS7\" \/>\n<meta name=\"twitter:label1\" content=\"Escrito por\" \/>\n\t<meta name=\"twitter:data1\" content=\"Edici\u00f3n Web\" \/>\n\t<meta name=\"twitter:label2\" content=\"Tiempo de lectura\" \/>\n\t<meta name=\"twitter:data2\" content=\"1 minuto\" \/>\n<script type=\"application\/ld+json\" class=\"yoast-schema-graph\">{\"@context\":\"https:\\\/\\\/schema.org\",\"@graph\":[{\"@type\":\"Article\",\"@id\":\"https:\\\/\\\/canal7slp.tv\\\/2025\\\/autoridades-catean-residencia-de-bermudez-requena-por-vinculos-con-el-crimen-organizado\\\/#article\",\"isPartOf\":{\"@id\":\"https:\\\/\\\/canal7slp.tv\\\/2025\\\/autoridades-catean-residencia-de-bermudez-requena-por-vinculos-con-el-crimen-organizado\\\/\"},\"author\":{\"name\":\"Edici\u00f3n Web\",\"@id\":\"https:\\\/\\\/canal7slp.tv\\\/2025\\\/#\\\/schema\\\/person\\\/271e2b60a96e7cc9d9ac296f4d7e414b\"},\"headline\":\"Autoridades catean residencia de Berm\u00fadez Requena por v\u00ednculos con el crimen organizado\",\"datePublished\":\"2025-08-01T21:57:54+00:00\",\"mainEntityOfPage\":{\"@id\":\"https:\\\/\\\/canal7slp.tv\\\/2025\\\/autoridades-catean-residencia-de-bermudez-requena-por-vinculos-con-el-crimen-organizado\\\/\"},\"wordCount\":227,\"publisher\":{\"@id\":\"https:\\\/\\\/canal7slp.tv\\\/2025\\\/#organization\"},\"image\":{\"@id\":\"https:\\\/\\\/canal7slp.tv\\\/2025\\\/autoridades-catean-residencia-de-bermudez-requena-por-vinculos-con-el-crimen-organizado\\\/#primaryimage\"},\"thumbnailUrl\":\"https:\\\/\\\/canal7slp.tv\\\/2025\\\/wp-content\\\/uploads\\\/2025\\\/08\\\/08.jpg\",\"articleSection\":[\"NACIONALES\"],\"inLanguage\":\"es\"},{\"@type\":\"WebPage\",\"@id\":\"https:\\\/\\\/canal7slp.tv\\\/2025\\\/autoridades-catean-residencia-de-bermudez-requena-por-vinculos-con-el-crimen-organizado\\\/\",\"url\":\"https:\\\/\\\/canal7slp.tv\\\/2025\\\/autoridades-catean-residencia-de-bermudez-requena-por-vinculos-con-el-crimen-organizado\\\/\",\"name\":\"Autoridades catean residencia de Berm\u00fadez Requena por v\u00ednculos con el crimen organizado - Canal 7 SLP - 2025\",\"isPartOf\":{\"@id\":\"https:\\\/\\\/canal7slp.tv\\\/2025\\\/#website\"},\"primaryImageOfPage\":{\"@id\":\"https:\\\/\\\/canal7slp.tv\\\/2025\\\/autoridades-catean-residencia-de-bermudez-requena-por-vinculos-con-el-crimen-organizado\\\/#primaryimage\"},\"image\":{\"@id\":\"https:\\\/\\\/canal7slp.tv\\\/2025\\\/autoridades-catean-residencia-de-bermudez-requena-por-vinculos-con-el-crimen-organizado\\\/#primaryimage\"},\"thumbnailUrl\":\"https:\\\/\\\/canal7slp.tv\\\/2025\\\/wp-content\\\/uploads\\\/2025\\\/08\\\/08.jpg\",\"datePublished\":\"2025-08-01T21:57:54+00:00\",\"breadcrumb\":{\"@id\":\"https:\\\/\\\/canal7slp.tv\\\/2025\\\/autoridades-catean-residencia-de-bermudez-requena-por-vinculos-con-el-crimen-organizado\\\/#breadcrumb\"},\"inLanguage\":\"es\",\"potentialAction\":[{\"@type\":\"ReadAction\",\"target\":[\"https:\\\/\\\/canal7slp.tv\\\/2025\\\/autoridades-catean-residencia-de-bermudez-requena-por-vinculos-con-el-crimen-organizado\\\/\"]}]},{\"@type\":\"ImageObject\",\"inLanguage\":\"es\",\"@id\":\"https:\\\/\\\/canal7slp.tv\\\/2025\\\/autoridades-catean-residencia-de-bermudez-requena-por-vinculos-con-el-crimen-organizado\\\/#primaryimage\",\"url\":\"https:\\\/\\\/canal7slp.tv\\\/2025\\\/wp-content\\\/uploads\\\/2025\\\/08\\\/08.jpg\",\"contentUrl\":\"https:\\\/\\\/canal7slp.tv\\\/2025\\\/wp-content\\\/uploads\\\/2025\\\/08\\\/08.jpg\",\"width\":882,\"height\":500},{\"@type\":\"BreadcrumbList\",\"@id\":\"https:\\\/\\\/canal7slp.tv\\\/2025\\\/autoridades-catean-residencia-de-bermudez-requena-por-vinculos-con-el-crimen-organizado\\\/#breadcrumb\",\"itemListElement\":[{\"@type\":\"ListItem\",\"position\":1,\"name\":\"Portada\",\"item\":\"https:\\\/\\\/canal7slp.tv\\\/2025\\\/\"},{\"@type\":\"ListItem\",\"position\":2,\"name\":\"Autoridades catean residencia de Berm\u00fadez Requena por v\u00ednculos con el crimen organizado\"}]},{\"@type\":\"WebSite\",\"@id\":\"https:\\\/\\\/canal7slp.tv\\\/2025\\\/#website\",\"url\":\"https:\\\/\\\/canal7slp.tv\\\/2025\\\/\",\"name\":\"N7 - Noticieros Canal 7\",\"description\":\"Somos el Medio\",\"publisher\":{\"@id\":\"https:\\\/\\\/canal7slp.tv\\\/2025\\\/#organization\"},\"potentialAction\":[{\"@type\":\"SearchAction\",\"target\":{\"@type\":\"EntryPoint\",\"urlTemplate\":\"https:\\\/\\\/canal7slp.tv\\\/2025\\\/?s={search_term_string}\"},\"query-input\":{\"@type\":\"PropertyValueSpecification\",\"valueRequired\":true,\"valueName\":\"search_term_string\"}}],\"inLanguage\":\"es\"},{\"@type\":\"Organization\",\"@id\":\"https:\\\/\\\/canal7slp.tv\\\/2025\\\/#organization\",\"name\":\"Noticieros Canal 7\",\"url\":\"https:\\\/\\\/canal7slp.tv\\\/2025\\\/\",\"logo\":{\"@type\":\"ImageObject\",\"inLanguage\":\"es\",\"@id\":\"https:\\\/\\\/canal7slp.tv\\\/2025\\\/#\\\/schema\\\/logo\\\/image\\\/\",\"url\":\"https:\\\/\\\/canal7slp.tv\\\/2025\\\/wp-content\\\/uploads\\\/2021\\\/01\\\/logo-noticieros@2x.png\",\"contentUrl\":\"https:\\\/\\\/canal7slp.tv\\\/2025\\\/wp-content\\\/uploads\\\/2021\\\/01\\\/logo-noticieros@2x.png\",\"width\":1017,\"height\":268,\"caption\":\"Noticieros Canal 7\"},\"image\":{\"@id\":\"https:\\\/\\\/canal7slp.tv\\\/2025\\\/#\\\/schema\\\/logo\\\/image\\\/\"},\"sameAs\":[\"https:\\\/\\\/www.facebook.com\\\/noticieroscanal7atencionciudadana\\\/\",\"https:\\\/\\\/x.com\\\/NOTICIEROS7\",\"https:\\\/\\\/www.instagram.com\\\/canal7_slp\",\"https:\\\/\\\/www.youtube.com\\\/channel\\\/UCliiYs-gP3JfJeqdPrNdd5A\"]},{\"@type\":\"Person\",\"@id\":\"https:\\\/\\\/canal7slp.tv\\\/2025\\\/#\\\/schema\\\/person\\\/271e2b60a96e7cc9d9ac296f4d7e414b\",\"name\":\"Edici\u00f3n Web\",\"image\":{\"@type\":\"ImageObject\",\"inLanguage\":\"es\",\"@id\":\"https:\\\/\\\/secure.gravatar.com\\\/avatar\\\/eee448fc3f7164808013b816ba91ac7e43bbe82a70bebac296f8bc6f0addaa1a?s=96&d=mm&r=g\",\"url\":\"https:\\\/\\\/secure.gravatar.com\\\/avatar\\\/eee448fc3f7164808013b816ba91ac7e43bbe82a70bebac296f8bc6f0addaa1a?s=96&d=mm&r=g\",\"contentUrl\":\"https:\\\/\\\/secure.gravatar.com\\\/avatar\\\/eee448fc3f7164808013b816ba91ac7e43bbe82a70bebac296f8bc6f0addaa1a?s=96&d=mm&r=g\",\"caption\":\"Edici\u00f3n Web\"},\"url\":\"https:\\\/\\\/canal7slp.tv\\\/2025\\\/author\\\/edicionweb\\\/\"}]}<\/script>\n<!-- \/ Yoast SEO plugin. -->","yoast_head_json":{"title":"Autoridades catean residencia de Berm\u00fadez Requena por v\u00ednculos con el crimen organizado - Canal 7 SLP - 2025","robots":{"index":"index","follow":"follow","max-snippet":"max-snippet:-1","max-image-preview":"max-image-preview:large","max-video-preview":"max-video-preview:-1"},"canonical":"https:\/\/canal7slp.tv\/2025\/autoridades-catean-residencia-de-bermudez-requena-por-vinculos-con-el-crimen-organizado\/","og_locale":"es_ES","og_type":"article","og_title":"Autoridades catean residencia de Berm\u00fadez Requena por v\u00ednculos con el crimen organizado - Canal 7 SLP - 2025","og_description":"Villahermosa.- La noche del jueves, autoridades federales y estatales realizaron un cateo en la residencia de Hern\u00e1n Berm\u00fadez Requena, exsecretario de Seguridad y Protecci\u00f3n Ciudadana de Tabasco, ubicada en el fraccionamiento Campestre de Villahermosa. Berm\u00fadez Requena permanece pr\u00f3fugo de la justicia, acusado de mantener v\u00ednculos con el crimen organizado. Durante el operativo, no se encontr\u00f3 a ninguna persona en el inmueble, el cual fue asegurado por las autoridades. La propiedad ya era conocida por estar relacionada con un violento enfrentamiento ocurrido el 22 de diciembre de 2023, entre Berm\u00fadez y su entonces segundo al mando, Ulises Pinto Madera. La disputa [&hellip;]","og_url":"https:\/\/canal7slp.tv\/2025\/autoridades-catean-residencia-de-bermudez-requena-por-vinculos-con-el-crimen-organizado\/","og_site_name":"Canal 7 SLP - 2025","article_publisher":"https:\/\/www.facebook.com\/noticieroscanal7atencionciudadana\/","article_published_time":"2025-08-01T21:57:54+00:00","og_image":[{"width":882,"height":500,"url":"https:\/\/canal7slp.tv\/2025\/wp-content\/uploads\/2025\/08\/08.jpg","type":"image\/jpeg"}],"author":"Edici\u00f3n Web","twitter_card":"summary_large_image","twitter_creator":"@NOTICIEROS7","twitter_site":"@NOTICIEROS7","twitter_misc":{"Escrito por":"Edici\u00f3n Web","Tiempo de lectura":"1 minuto"},"schema":{"@context":"https:\/\/schema.org","@graph":[{"@type":"Article","@id":"https:\/\/canal7slp.tv\/2025\/autoridades-catean-residencia-de-bermudez-requena-por-vinculos-con-el-crimen-organizado\/#article","isPartOf":{"@id":"https:\/\/canal7slp.tv\/2025\/autoridades-catean-residencia-de-bermudez-requena-por-vinculos-con-el-crimen-organizado\/"},"author":{"name":"Edici\u00f3n Web","@id":"https:\/\/canal7slp.tv\/2025\/#\/schema\/person\/271e2b60a96e7cc9d9ac296f4d7e414b"},"headline":"Autoridades catean residencia de Berm\u00fadez Requena por v\u00ednculos con el crimen organizado","datePublished":"2025-08-01T21:57:54+00:00","mainEntityOfPage":{"@id":"https:\/\/canal7slp.tv\/2025\/autoridades-catean-residencia-de-bermudez-requena-por-vinculos-con-el-crimen-organizado\/"},"wordCount":227,"publisher":{"@id":"https:\/\/canal7slp.tv\/2025\/#organization"},"image":{"@id":"https:\/\/canal7slp.tv\/2025\/autoridades-catean-residencia-de-bermudez-requena-por-vinculos-con-el-crimen-organizado\/#primaryimage"},"thumbnailUrl":"https:\/\/canal7slp.tv\/2025\/wp-content\/uploads\/2025\/08\/08.jpg","articleSection":["NACIONALES"],"inLanguage":"es"},{"@type":"WebPage","@id":"https:\/\/canal7slp.tv\/2025\/autoridades-catean-residencia-de-bermudez-requena-por-vinculos-con-el-crimen-organizado\/","url":"https:\/\/canal7slp.tv\/2025\/autoridades-catean-residencia-de-bermudez-requena-por-vinculos-con-el-crimen-organizado\/","name":"Autoridades catean residencia de Berm\u00fadez Requena por v\u00ednculos con el crimen organizado - Canal 7 SLP - 2025","isPartOf":{"@id":"https:\/\/canal7slp.tv\/2025\/#website"},"primaryImageOfPage":{"@id":"https:\/\/canal7slp.tv\/2025\/autoridades-catean-residencia-de-bermudez-requena-por-vinculos-con-el-crimen-organizado\/#primaryimage"},"image":{"@id":"https:\/\/canal7slp.tv\/2025\/autoridades-catean-residencia-de-bermudez-requena-por-vinculos-con-el-crimen-organizado\/#primaryimage"},"thumbnailUrl":"https:\/\/canal7slp.tv\/2025\/wp-content\/uploads\/2025\/08\/08.jpg","datePublished":"2025-08-01T21:57:54+00:00","breadcrumb":{"@id":"https:\/\/canal7slp.tv\/2025\/autoridades-catean-residencia-de-bermudez-requena-por-vinculos-con-el-crimen-organizado\/#breadcrumb"},"inLanguage":"es","potentialAction":[{"@type":"ReadAction","target":["https:\/\/canal7slp.tv\/2025\/autoridades-catean-residencia-de-bermudez-requena-por-vinculos-con-el-crimen-organizado\/"]}]},{"@type":"ImageObject","inLanguage":"es","@id":"https:\/\/canal7slp.tv\/2025\/autoridades-catean-residencia-de-bermudez-requena-por-vinculos-con-el-crimen-organizado\/#primaryimage","url":"https:\/\/canal7slp.tv\/2025\/wp-content\/uploads\/2025\/08\/08.jpg","contentUrl":"https:\/\/canal7slp.tv\/2025\/wp-content\/uploads\/2025\/08\/08.jpg","width":882,"height":500},{"@type":"BreadcrumbList","@id":"https:\/\/canal7slp.tv\/2025\/autoridades-catean-residencia-de-bermudez-requena-por-vinculos-con-el-crimen-organizado\/#breadcrumb","itemListElement":[{"@type":"ListItem","position":1,"name":"Portada","item":"https:\/\/canal7slp.tv\/2025\/"},{"@type":"ListItem","position":2,"name":"Autoridades catean residencia de Berm\u00fadez Requena por v\u00ednculos con el crimen organizado"}]},{"@type":"WebSite","@id":"https:\/\/canal7slp.tv\/2025\/#website","url":"https:\/\/canal7slp.tv\/2025\/","name":"N7 - Noticieros Canal 7","description":"Somos el Medio","publisher":{"@id":"https:\/\/canal7slp.tv\/2025\/#organization"},"potentialAction":[{"@type":"SearchAction","target":{"@type":"EntryPoint","urlTemplate":"https:\/\/canal7slp.tv\/2025\/?s={search_term_string}"},"query-input":{"@type":"PropertyValueSpecification","valueRequired":true,"valueName":"search_term_string"}}],"inLanguage":"es"},{"@type":"Organization","@id":"https:\/\/canal7slp.tv\/2025\/#organization","name":"Noticieros Canal 7","url":"https:\/\/canal7slp.tv\/2025\/","logo":{"@type":"ImageObject","inLanguage":"es","@id":"https:\/\/canal7slp.tv\/2025\/#\/schema\/logo\/image\/","url":"https:\/\/canal7slp.tv\/2025\/wp-content\/uploads\/2021\/01\/logo-noticieros@2x.png","contentUrl":"https:\/\/canal7slp.tv\/2025\/wp-content\/uploads\/2021\/01\/logo-noticieros@2x.png","width":1017,"height":268,"caption":"Noticieros Canal 7"},"image":{"@id":"https:\/\/canal7slp.tv\/2025\/#\/schema\/logo\/image\/"},"sameAs":["https:\/\/www.facebook.com\/noticieroscanal7atencionciudadana\/","https:\/\/x.com\/NOTICIEROS7","https:\/\/www.instagram.com\/canal7_slp","https:\/\/www.youtube.com\/channel\/UCliiYs-gP3JfJeqdPrNdd5A"]},{"@type":"Person","@id":"https:\/\/canal7slp.tv\/2025\/#\/schema\/person\/271e2b60a96e7cc9d9ac296f4d7e414b","name":"Edici\u00f3n Web","image":{"@type":"ImageObject","inLanguage":"es","@id":"https:\/\/secure.gravatar.com\/avatar\/eee448fc3f7164808013b816ba91ac7e43bbe82a70bebac296f8bc6f0addaa1a?s=96&d=mm&r=g","url":"https:\/\/secure.gravatar.com\/avatar\/eee448fc3f7164808013b816ba91ac7e43bbe82a70bebac296f8bc6f0addaa1a?s=96&d=mm&r=g","contentUrl":"https:\/\/secure.gravatar.com\/avatar\/eee448fc3f7164808013b816ba91ac7e43bbe82a70bebac296f8bc6f0addaa1a?s=96&d=mm&r=g","caption":"Edici\u00f3n Web"},"url":"https:\/\/canal7slp.tv\/2025\/author\/edicionweb\/"}]}},"_links":{"self":[{"href":"https:\/\/canal7slp.tv\/2025\/wp-json\/wp\/v2\/posts\/175117","targetHints":{"allow":["GET"]}}],"collection":[{"href":"https:\/\/canal7slp.tv\/2025\/wp-json\/wp\/v2\/posts"}],"about":[{"href":"https:\/\/canal7slp.tv\/2025\/wp-json\/wp\/v2\/types\/post"}],"author":[{"embeddable":true,"href":"https:\/\/canal7slp.tv\/2025\/wp-json\/wp\/v2\/users\/2"}],"replies":[{"embeddable":true,"href":"https:\/\/canal7slp.tv\/2025\/wp-json\/wp\/v2\/comments?post=175117"}],"version-history":[{"count":1,"href":"https:\/\/canal7slp.tv\/2025\/wp-json\/wp\/v2\/posts\/175117\/revisions"}],"predecessor-version":[{"id":175119,"href":"https:\/\/canal7slp.tv\/2025\/wp-json\/wp\/v2\/posts\/175117\/revisions\/175119"}],"wp:featuredmedia":[{"embeddable":true,"href":"https:\/\/canal7slp.tv\/2025\/wp-json\/wp\/v2\/media\/175118"}],"wp:attachment":[{"href":"https:\/\/canal7slp.tv\/2025\/wp-json\/wp\/v2\/media?parent=175117"}],"wp:term":[{"taxonomy":"category","embeddable":true,"href":"https:\/\/canal7slp.tv\/2025\/wp-json\/wp\/v2\/categories?post=175117"},{"taxonomy":"post_tag","embeddable":true,"href":"https:\/\/canal7slp.tv\/2025\/wp-json\/wp\/v2\/tags?post=175117"}],"curies":[{"name":"wp","href":"https:\/\/api.w.org\/{rel}","templated":true}]}}