{"id":175114,"date":"2025-08-01T15:33:29","date_gmt":"2025-08-01T21:33:29","guid":{"rendered":"https:\/\/canal7slp.tv\/2025\/?p=175114"},"modified":"2025-08-01T15:33:29","modified_gmt":"2025-08-01T21:33:29","slug":"cae-red-de-expolicias-en-puebla-ligada-al-crimen-organizado","status":"publish","type":"post","link":"https:\/\/canal7slp.tv\/2025\/cae-red-de-expolicias-en-puebla-ligada-al-crimen-organizado\/","title":{"rendered":"Cae red de expolic\u00edas en Puebla ligada al crimen organizado"},"content":{"rendered":"<p style=\"text-align: justify;\">\n<ul style=\"text-align: justify;\">\n<li>Enfrentar\u00e1n cargos por homicidio y narcolaboraci\u00f3n.<\/li>\n<\/ul>\n<p style=\"text-align: justify;\">Puebla.- La Secretar\u00eda de Seguridad y Protecci\u00f3n Ciudadana (SSPC) de M\u00e9xico, en coordinaci\u00f3n con diversas instituciones federales y locales, anunci\u00f3 la detenci\u00f3n de cuatro expolic\u00edas en Puebla, presuntamente vinculados con el crimen organizado.<\/p>\n<p style=\"text-align: justify;\">Se les acusa del homicidio de dos compa\u00f1eros ocurrido en marzo y de participar en un ataque armado registrado en febrero.<\/p>\n<p style=\"text-align: justify;\">De acuerdo con el comunicado oficial, los exagentes brindaban informaci\u00f3n y protecci\u00f3n a grupos criminales, adem\u00e1s de obstaculizar investigaciones relacionadas con homicidios y el tr\u00e1fico de drogas.<\/p>\n<p style=\"text-align: justify;\">La captura fue posible tras varios meses de trabajo de inteligencia, que culminaron en la ejecuci\u00f3n de \u00f3rdenes de aprehensi\u00f3n por homicidio.<\/p>\n<p style=\"text-align: justify;\">El operativo fue realizado por elementos de la Secretar\u00eda de la Defensa Nacional (Sedena), la Secretar\u00eda de Marina (Semar), la Guardia Nacional, la Fiscal\u00eda General de la Rep\u00fablica (FGR), el Centro Nacional de Inteligencia, la SSPC, la Fiscal\u00eda General del Estado de Puebla y la Secretar\u00eda de Seguridad P\u00fablica municipal.<\/p>\n<p style=\"text-align: justify;\">Los detenidos fueron identificados como Ismael Franco Lucero Reyes, Hugo Salas Palacios, Diego S\u00e1nchez Ju\u00e1rez y Jos\u00e9 Manuel Lechuga Flores.<\/p>\n<p style=\"text-align: justify;\">Durante el arresto, las autoridades les aseguraron un arma larga, un cargador y varios cartuchos \u00fatiles.<\/p>\n<p style=\"text-align: justify;\">Posteriormente, fueron presentados ante el Ministerio P\u00fablico, que definir\u00e1 su situaci\u00f3n legal.<\/p>\n<p style=\"text-align: justify;\">Desde que el Gobierno de M\u00e9xico implement\u00f3 acuerdos para reforzar el combate al narcotr\u00e1fico, el gabinete de seguridad ha detenido a m\u00e1s de 5,800 personas, incluyendo a objetivos prioritarios buscados por agencias internacionales como el FBI.<\/p>\n","protected":false},"excerpt":{"rendered":"<p>Enfrentar\u00e1n cargos por homicidio y narcolaboraci\u00f3n. Puebla.- La Secretar\u00eda de Seguridad y Protecci\u00f3n Ciudadana (SSPC) de M\u00e9xico, en coordinaci\u00f3n con diversas instituciones federales y locales, anunci\u00f3 la detenci\u00f3n de cuatro expolic\u00edas en Puebla, presuntamente vinculados con el crimen organizado. Se les acusa del homicidio de dos compa\u00f1eros ocurrido en marzo y de participar en un ataque armado registrado en febrero. De acuerdo con el comunicado oficial, los exagentes brindaban informaci\u00f3n y protecci\u00f3n a grupos criminales, adem\u00e1s de obstaculizar investigaciones relacionadas con homicidios y el tr\u00e1fico de drogas. La captura fue posible tras varios meses de trabajo de inteligencia, que culminaron [&hellip;]<\/p>\n","protected":false},"author":2,"featured_media":175115,"comment_status":"closed","ping_status":"closed","sticky":false,"template":"","format":"standard","meta":{"_monsterinsights_skip_tracking":false,"_monsterinsights_sitenote_active":false,"_monsterinsights_sitenote_note":"","_monsterinsights_sitenote_category":0,"footnotes":""},"categories":[46],"tags":[],"class_list":["post-175114","post","type-post","status-publish","format-standard","has-post-thumbnail","hentry","category-nacional","post--single"],"yoast_head":"<!-- This site is optimized with the Yoast SEO plugin v27.5 - https:\/\/yoast.com\/product\/yoast-seo-wordpress\/ -->\n<title>Cae red de expolic\u00edas en Puebla ligada al crimen organizado - Canal 7 SLP - 2025<\/title>\n<meta name=\"robots\" content=\"index, follow, max-snippet:-1, max-image-preview:large, max-video-preview:-1\" \/>\n<link rel=\"canonical\" href=\"https:\/\/canal7slp.tv\/2025\/cae-red-de-expolicias-en-puebla-ligada-al-crimen-organizado\/\" \/>\n<meta property=\"og:locale\" content=\"es_ES\" \/>\n<meta property=\"og:type\" content=\"article\" \/>\n<meta property=\"og:title\" content=\"Cae red de expolic\u00edas en Puebla ligada al crimen organizado - Canal 7 SLP - 2025\" \/>\n<meta property=\"og:description\" content=\"Enfrentar\u00e1n cargos por homicidio y narcolaboraci\u00f3n. Puebla.- La Secretar\u00eda de Seguridad y Protecci\u00f3n Ciudadana (SSPC) de M\u00e9xico, en coordinaci\u00f3n con diversas instituciones federales y locales, anunci\u00f3 la detenci\u00f3n de cuatro expolic\u00edas en Puebla, presuntamente vinculados con el crimen organizado. Se les acusa del homicidio de dos compa\u00f1eros ocurrido en marzo y de participar en un ataque armado registrado en febrero. De acuerdo con el comunicado oficial, los exagentes brindaban informaci\u00f3n y protecci\u00f3n a grupos criminales, adem\u00e1s de obstaculizar investigaciones relacionadas con homicidios y el tr\u00e1fico de drogas. La captura fue posible tras varios meses de trabajo de inteligencia, que culminaron [&hellip;]\" \/>\n<meta property=\"og:url\" content=\"https:\/\/canal7slp.tv\/2025\/cae-red-de-expolicias-en-puebla-ligada-al-crimen-organizado\/\" \/>\n<meta property=\"og:site_name\" content=\"Canal 7 SLP - 2025\" \/>\n<meta property=\"article:publisher\" content=\"https:\/\/www.facebook.com\/noticieroscanal7atencionciudadana\/\" \/>\n<meta property=\"article:published_time\" content=\"2025-08-01T21:33:29+00:00\" \/>\n<meta property=\"og:image\" content=\"https:\/\/canal7slp.tv\/2025\/wp-content\/uploads\/2025\/08\/06-1.jpg\" \/>\n\t<meta property=\"og:image:width\" content=\"888\" \/>\n\t<meta property=\"og:image:height\" content=\"500\" \/>\n\t<meta property=\"og:image:type\" content=\"image\/jpeg\" \/>\n<meta name=\"author\" content=\"Edici\u00f3n Web\" \/>\n<meta name=\"twitter:card\" content=\"summary_large_image\" \/>\n<meta name=\"twitter:creator\" content=\"@NOTICIEROS7\" \/>\n<meta name=\"twitter:site\" content=\"@NOTICIEROS7\" \/>\n<meta name=\"twitter:label1\" content=\"Escrito por\" \/>\n\t<meta name=\"twitter:data1\" content=\"Edici\u00f3n Web\" \/>\n\t<meta name=\"twitter:label2\" content=\"Tiempo de lectura\" \/>\n\t<meta name=\"twitter:data2\" content=\"2 minutos\" \/>\n<script type=\"application\/ld+json\" class=\"yoast-schema-graph\">{\"@context\":\"https:\\\/\\\/schema.org\",\"@graph\":[{\"@type\":\"Article\",\"@id\":\"https:\\\/\\\/canal7slp.tv\\\/2025\\\/cae-red-de-expolicias-en-puebla-ligada-al-crimen-organizado\\\/#article\",\"isPartOf\":{\"@id\":\"https:\\\/\\\/canal7slp.tv\\\/2025\\\/cae-red-de-expolicias-en-puebla-ligada-al-crimen-organizado\\\/\"},\"author\":{\"name\":\"Edici\u00f3n Web\",\"@id\":\"https:\\\/\\\/canal7slp.tv\\\/2025\\\/#\\\/schema\\\/person\\\/271e2b60a96e7cc9d9ac296f4d7e414b\"},\"headline\":\"Cae red de expolic\u00edas en Puebla ligada al crimen organizado\",\"datePublished\":\"2025-08-01T21:33:29+00:00\",\"mainEntityOfPage\":{\"@id\":\"https:\\\/\\\/canal7slp.tv\\\/2025\\\/cae-red-de-expolicias-en-puebla-ligada-al-crimen-organizado\\\/\"},\"wordCount\":283,\"publisher\":{\"@id\":\"https:\\\/\\\/canal7slp.tv\\\/2025\\\/#organization\"},\"image\":{\"@id\":\"https:\\\/\\\/canal7slp.tv\\\/2025\\\/cae-red-de-expolicias-en-puebla-ligada-al-crimen-organizado\\\/#primaryimage\"},\"thumbnailUrl\":\"https:\\\/\\\/canal7slp.tv\\\/2025\\\/wp-content\\\/uploads\\\/2025\\\/08\\\/06-1.jpg\",\"articleSection\":[\"NACIONALES\"],\"inLanguage\":\"es\"},{\"@type\":\"WebPage\",\"@id\":\"https:\\\/\\\/canal7slp.tv\\\/2025\\\/cae-red-de-expolicias-en-puebla-ligada-al-crimen-organizado\\\/\",\"url\":\"https:\\\/\\\/canal7slp.tv\\\/2025\\\/cae-red-de-expolicias-en-puebla-ligada-al-crimen-organizado\\\/\",\"name\":\"Cae red de expolic\u00edas en Puebla ligada al crimen organizado - Canal 7 SLP - 2025\",\"isPartOf\":{\"@id\":\"https:\\\/\\\/canal7slp.tv\\\/2025\\\/#website\"},\"primaryImageOfPage\":{\"@id\":\"https:\\\/\\\/canal7slp.tv\\\/2025\\\/cae-red-de-expolicias-en-puebla-ligada-al-crimen-organizado\\\/#primaryimage\"},\"image\":{\"@id\":\"https:\\\/\\\/canal7slp.tv\\\/2025\\\/cae-red-de-expolicias-en-puebla-ligada-al-crimen-organizado\\\/#primaryimage\"},\"thumbnailUrl\":\"https:\\\/\\\/canal7slp.tv\\\/2025\\\/wp-content\\\/uploads\\\/2025\\\/08\\\/06-1.jpg\",\"datePublished\":\"2025-08-01T21:33:29+00:00\",\"breadcrumb\":{\"@id\":\"https:\\\/\\\/canal7slp.tv\\\/2025\\\/cae-red-de-expolicias-en-puebla-ligada-al-crimen-organizado\\\/#breadcrumb\"},\"inLanguage\":\"es\",\"potentialAction\":[{\"@type\":\"ReadAction\",\"target\":[\"https:\\\/\\\/canal7slp.tv\\\/2025\\\/cae-red-de-expolicias-en-puebla-ligada-al-crimen-organizado\\\/\"]}]},{\"@type\":\"ImageObject\",\"inLanguage\":\"es\",\"@id\":\"https:\\\/\\\/canal7slp.tv\\\/2025\\\/cae-red-de-expolicias-en-puebla-ligada-al-crimen-organizado\\\/#primaryimage\",\"url\":\"https:\\\/\\\/canal7slp.tv\\\/2025\\\/wp-content\\\/uploads\\\/2025\\\/08\\\/06-1.jpg\",\"contentUrl\":\"https:\\\/\\\/canal7slp.tv\\\/2025\\\/wp-content\\\/uploads\\\/2025\\\/08\\\/06-1.jpg\",\"width\":888,\"height\":500},{\"@type\":\"BreadcrumbList\",\"@id\":\"https:\\\/\\\/canal7slp.tv\\\/2025\\\/cae-red-de-expolicias-en-puebla-ligada-al-crimen-organizado\\\/#breadcrumb\",\"itemListElement\":[{\"@type\":\"ListItem\",\"position\":1,\"name\":\"Portada\",\"item\":\"https:\\\/\\\/canal7slp.tv\\\/2025\\\/\"},{\"@type\":\"ListItem\",\"position\":2,\"name\":\"Cae red de expolic\u00edas en Puebla ligada al crimen organizado\"}]},{\"@type\":\"WebSite\",\"@id\":\"https:\\\/\\\/canal7slp.tv\\\/2025\\\/#website\",\"url\":\"https:\\\/\\\/canal7slp.tv\\\/2025\\\/\",\"name\":\"N7 - Noticieros Canal 7\",\"description\":\"Somos el Medio\",\"publisher\":{\"@id\":\"https:\\\/\\\/canal7slp.tv\\\/2025\\\/#organization\"},\"potentialAction\":[{\"@type\":\"SearchAction\",\"target\":{\"@type\":\"EntryPoint\",\"urlTemplate\":\"https:\\\/\\\/canal7slp.tv\\\/2025\\\/?s={search_term_string}\"},\"query-input\":{\"@type\":\"PropertyValueSpecification\",\"valueRequired\":true,\"valueName\":\"search_term_string\"}}],\"inLanguage\":\"es\"},{\"@type\":\"Organization\",\"@id\":\"https:\\\/\\\/canal7slp.tv\\\/2025\\\/#organization\",\"name\":\"Noticieros Canal 7\",\"url\":\"https:\\\/\\\/canal7slp.tv\\\/2025\\\/\",\"logo\":{\"@type\":\"ImageObject\",\"inLanguage\":\"es\",\"@id\":\"https:\\\/\\\/canal7slp.tv\\\/2025\\\/#\\\/schema\\\/logo\\\/image\\\/\",\"url\":\"https:\\\/\\\/canal7slp.tv\\\/2025\\\/wp-content\\\/uploads\\\/2021\\\/01\\\/logo-noticieros@2x.png\",\"contentUrl\":\"https:\\\/\\\/canal7slp.tv\\\/2025\\\/wp-content\\\/uploads\\\/2021\\\/01\\\/logo-noticieros@2x.png\",\"width\":1017,\"height\":268,\"caption\":\"Noticieros Canal 7\"},\"image\":{\"@id\":\"https:\\\/\\\/canal7slp.tv\\\/2025\\\/#\\\/schema\\\/logo\\\/image\\\/\"},\"sameAs\":[\"https:\\\/\\\/www.facebook.com\\\/noticieroscanal7atencionciudadana\\\/\",\"https:\\\/\\\/x.com\\\/NOTICIEROS7\",\"https:\\\/\\\/www.instagram.com\\\/canal7_slp\",\"https:\\\/\\\/www.youtube.com\\\/channel\\\/UCliiYs-gP3JfJeqdPrNdd5A\"]},{\"@type\":\"Person\",\"@id\":\"https:\\\/\\\/canal7slp.tv\\\/2025\\\/#\\\/schema\\\/person\\\/271e2b60a96e7cc9d9ac296f4d7e414b\",\"name\":\"Edici\u00f3n Web\",\"image\":{\"@type\":\"ImageObject\",\"inLanguage\":\"es\",\"@id\":\"https:\\\/\\\/secure.gravatar.com\\\/avatar\\\/eee448fc3f7164808013b816ba91ac7e43bbe82a70bebac296f8bc6f0addaa1a?s=96&d=mm&r=g\",\"url\":\"https:\\\/\\\/secure.gravatar.com\\\/avatar\\\/eee448fc3f7164808013b816ba91ac7e43bbe82a70bebac296f8bc6f0addaa1a?s=96&d=mm&r=g\",\"contentUrl\":\"https:\\\/\\\/secure.gravatar.com\\\/avatar\\\/eee448fc3f7164808013b816ba91ac7e43bbe82a70bebac296f8bc6f0addaa1a?s=96&d=mm&r=g\",\"caption\":\"Edici\u00f3n Web\"},\"url\":\"https:\\\/\\\/canal7slp.tv\\\/2025\\\/author\\\/edicionweb\\\/\"}]}<\/script>\n<!-- \/ Yoast SEO plugin. -->","yoast_head_json":{"title":"Cae red de expolic\u00edas en Puebla ligada al crimen organizado - Canal 7 SLP - 2025","robots":{"index":"index","follow":"follow","max-snippet":"max-snippet:-1","max-image-preview":"max-image-preview:large","max-video-preview":"max-video-preview:-1"},"canonical":"https:\/\/canal7slp.tv\/2025\/cae-red-de-expolicias-en-puebla-ligada-al-crimen-organizado\/","og_locale":"es_ES","og_type":"article","og_title":"Cae red de expolic\u00edas en Puebla ligada al crimen organizado - Canal 7 SLP - 2025","og_description":"Enfrentar\u00e1n cargos por homicidio y narcolaboraci\u00f3n. Puebla.- La Secretar\u00eda de Seguridad y Protecci\u00f3n Ciudadana (SSPC) de M\u00e9xico, en coordinaci\u00f3n con diversas instituciones federales y locales, anunci\u00f3 la detenci\u00f3n de cuatro expolic\u00edas en Puebla, presuntamente vinculados con el crimen organizado. Se les acusa del homicidio de dos compa\u00f1eros ocurrido en marzo y de participar en un ataque armado registrado en febrero. De acuerdo con el comunicado oficial, los exagentes brindaban informaci\u00f3n y protecci\u00f3n a grupos criminales, adem\u00e1s de obstaculizar investigaciones relacionadas con homicidios y el tr\u00e1fico de drogas. La captura fue posible tras varios meses de trabajo de inteligencia, que culminaron [&hellip;]","og_url":"https:\/\/canal7slp.tv\/2025\/cae-red-de-expolicias-en-puebla-ligada-al-crimen-organizado\/","og_site_name":"Canal 7 SLP - 2025","article_publisher":"https:\/\/www.facebook.com\/noticieroscanal7atencionciudadana\/","article_published_time":"2025-08-01T21:33:29+00:00","og_image":[{"width":888,"height":500,"url":"https:\/\/canal7slp.tv\/2025\/wp-content\/uploads\/2025\/08\/06-1.jpg","type":"image\/jpeg"}],"author":"Edici\u00f3n Web","twitter_card":"summary_large_image","twitter_creator":"@NOTICIEROS7","twitter_site":"@NOTICIEROS7","twitter_misc":{"Escrito por":"Edici\u00f3n Web","Tiempo de lectura":"2 minutos"},"schema":{"@context":"https:\/\/schema.org","@graph":[{"@type":"Article","@id":"https:\/\/canal7slp.tv\/2025\/cae-red-de-expolicias-en-puebla-ligada-al-crimen-organizado\/#article","isPartOf":{"@id":"https:\/\/canal7slp.tv\/2025\/cae-red-de-expolicias-en-puebla-ligada-al-crimen-organizado\/"},"author":{"name":"Edici\u00f3n Web","@id":"https:\/\/canal7slp.tv\/2025\/#\/schema\/person\/271e2b60a96e7cc9d9ac296f4d7e414b"},"headline":"Cae red de expolic\u00edas en Puebla ligada al crimen organizado","datePublished":"2025-08-01T21:33:29+00:00","mainEntityOfPage":{"@id":"https:\/\/canal7slp.tv\/2025\/cae-red-de-expolicias-en-puebla-ligada-al-crimen-organizado\/"},"wordCount":283,"publisher":{"@id":"https:\/\/canal7slp.tv\/2025\/#organization"},"image":{"@id":"https:\/\/canal7slp.tv\/2025\/cae-red-de-expolicias-en-puebla-ligada-al-crimen-organizado\/#primaryimage"},"thumbnailUrl":"https:\/\/canal7slp.tv\/2025\/wp-content\/uploads\/2025\/08\/06-1.jpg","articleSection":["NACIONALES"],"inLanguage":"es"},{"@type":"WebPage","@id":"https:\/\/canal7slp.tv\/2025\/cae-red-de-expolicias-en-puebla-ligada-al-crimen-organizado\/","url":"https:\/\/canal7slp.tv\/2025\/cae-red-de-expolicias-en-puebla-ligada-al-crimen-organizado\/","name":"Cae red de expolic\u00edas en Puebla ligada al crimen organizado - Canal 7 SLP - 2025","isPartOf":{"@id":"https:\/\/canal7slp.tv\/2025\/#website"},"primaryImageOfPage":{"@id":"https:\/\/canal7slp.tv\/2025\/cae-red-de-expolicias-en-puebla-ligada-al-crimen-organizado\/#primaryimage"},"image":{"@id":"https:\/\/canal7slp.tv\/2025\/cae-red-de-expolicias-en-puebla-ligada-al-crimen-organizado\/#primaryimage"},"thumbnailUrl":"https:\/\/canal7slp.tv\/2025\/wp-content\/uploads\/2025\/08\/06-1.jpg","datePublished":"2025-08-01T21:33:29+00:00","breadcrumb":{"@id":"https:\/\/canal7slp.tv\/2025\/cae-red-de-expolicias-en-puebla-ligada-al-crimen-organizado\/#breadcrumb"},"inLanguage":"es","potentialAction":[{"@type":"ReadAction","target":["https:\/\/canal7slp.tv\/2025\/cae-red-de-expolicias-en-puebla-ligada-al-crimen-organizado\/"]}]},{"@type":"ImageObject","inLanguage":"es","@id":"https:\/\/canal7slp.tv\/2025\/cae-red-de-expolicias-en-puebla-ligada-al-crimen-organizado\/#primaryimage","url":"https:\/\/canal7slp.tv\/2025\/wp-content\/uploads\/2025\/08\/06-1.jpg","contentUrl":"https:\/\/canal7slp.tv\/2025\/wp-content\/uploads\/2025\/08\/06-1.jpg","width":888,"height":500},{"@type":"BreadcrumbList","@id":"https:\/\/canal7slp.tv\/2025\/cae-red-de-expolicias-en-puebla-ligada-al-crimen-organizado\/#breadcrumb","itemListElement":[{"@type":"ListItem","position":1,"name":"Portada","item":"https:\/\/canal7slp.tv\/2025\/"},{"@type":"ListItem","position":2,"name":"Cae red de expolic\u00edas en Puebla ligada al crimen organizado"}]},{"@type":"WebSite","@id":"https:\/\/canal7slp.tv\/2025\/#website","url":"https:\/\/canal7slp.tv\/2025\/","name":"N7 - Noticieros Canal 7","description":"Somos el Medio","publisher":{"@id":"https:\/\/canal7slp.tv\/2025\/#organization"},"potentialAction":[{"@type":"SearchAction","target":{"@type":"EntryPoint","urlTemplate":"https:\/\/canal7slp.tv\/2025\/?s={search_term_string}"},"query-input":{"@type":"PropertyValueSpecification","valueRequired":true,"valueName":"search_term_string"}}],"inLanguage":"es"},{"@type":"Organization","@id":"https:\/\/canal7slp.tv\/2025\/#organization","name":"Noticieros Canal 7","url":"https:\/\/canal7slp.tv\/2025\/","logo":{"@type":"ImageObject","inLanguage":"es","@id":"https:\/\/canal7slp.tv\/2025\/#\/schema\/logo\/image\/","url":"https:\/\/canal7slp.tv\/2025\/wp-content\/uploads\/2021\/01\/logo-noticieros@2x.png","contentUrl":"https:\/\/canal7slp.tv\/2025\/wp-content\/uploads\/2021\/01\/logo-noticieros@2x.png","width":1017,"height":268,"caption":"Noticieros Canal 7"},"image":{"@id":"https:\/\/canal7slp.tv\/2025\/#\/schema\/logo\/image\/"},"sameAs":["https:\/\/www.facebook.com\/noticieroscanal7atencionciudadana\/","https:\/\/x.com\/NOTICIEROS7","https:\/\/www.instagram.com\/canal7_slp","https:\/\/www.youtube.com\/channel\/UCliiYs-gP3JfJeqdPrNdd5A"]},{"@type":"Person","@id":"https:\/\/canal7slp.tv\/2025\/#\/schema\/person\/271e2b60a96e7cc9d9ac296f4d7e414b","name":"Edici\u00f3n Web","image":{"@type":"ImageObject","inLanguage":"es","@id":"https:\/\/secure.gravatar.com\/avatar\/eee448fc3f7164808013b816ba91ac7e43bbe82a70bebac296f8bc6f0addaa1a?s=96&d=mm&r=g","url":"https:\/\/secure.gravatar.com\/avatar\/eee448fc3f7164808013b816ba91ac7e43bbe82a70bebac296f8bc6f0addaa1a?s=96&d=mm&r=g","contentUrl":"https:\/\/secure.gravatar.com\/avatar\/eee448fc3f7164808013b816ba91ac7e43bbe82a70bebac296f8bc6f0addaa1a?s=96&d=mm&r=g","caption":"Edici\u00f3n Web"},"url":"https:\/\/canal7slp.tv\/2025\/author\/edicionweb\/"}]}},"_links":{"self":[{"href":"https:\/\/canal7slp.tv\/2025\/wp-json\/wp\/v2\/posts\/175114","targetHints":{"allow":["GET"]}}],"collection":[{"href":"https:\/\/canal7slp.tv\/2025\/wp-json\/wp\/v2\/posts"}],"about":[{"href":"https:\/\/canal7slp.tv\/2025\/wp-json\/wp\/v2\/types\/post"}],"author":[{"embeddable":true,"href":"https:\/\/canal7slp.tv\/2025\/wp-json\/wp\/v2\/users\/2"}],"replies":[{"embeddable":true,"href":"https:\/\/canal7slp.tv\/2025\/wp-json\/wp\/v2\/comments?post=175114"}],"version-history":[{"count":1,"href":"https:\/\/canal7slp.tv\/2025\/wp-json\/wp\/v2\/posts\/175114\/revisions"}],"predecessor-version":[{"id":175116,"href":"https:\/\/canal7slp.tv\/2025\/wp-json\/wp\/v2\/posts\/175114\/revisions\/175116"}],"wp:featuredmedia":[{"embeddable":true,"href":"https:\/\/canal7slp.tv\/2025\/wp-json\/wp\/v2\/media\/175115"}],"wp:attachment":[{"href":"https:\/\/canal7slp.tv\/2025\/wp-json\/wp\/v2\/media?parent=175114"}],"wp:term":[{"taxonomy":"category","embeddable":true,"href":"https:\/\/canal7slp.tv\/2025\/wp-json\/wp\/v2\/categories?post=175114"},{"taxonomy":"post_tag","embeddable":true,"href":"https:\/\/canal7slp.tv\/2025\/wp-json\/wp\/v2\/tags?post=175114"}],"curies":[{"name":"wp","href":"https:\/\/api.w.org\/{rel}","templated":true}]}}