{"id":175106,"date":"2025-08-01T15:21:49","date_gmt":"2025-08-01T21:21:49","guid":{"rendered":"https:\/\/canal7slp.tv\/2025\/?p=175106"},"modified":"2025-08-01T15:21:49","modified_gmt":"2025-08-01T21:21:49","slug":"cambian-mando-de-la-12-a-zona-militar-de-san-luis-potosi","status":"publish","type":"post","link":"https:\/\/canal7slp.tv\/2025\/cambian-mando-de-la-12-a-zona-militar-de-san-luis-potosi\/","title":{"rendered":"Cambian mando de la 12\/a Zona Militar de San Luis Potos\u00ed"},"content":{"rendered":"<p style=\"text-align: justify;\"><span style=\"font-size: 1.21429rem;\">SLP.- La Secretar\u00eda de la Defensa Nacional design\u00f3 al General Brigadier de Estado Mayor, Roberto Bernal Ben\u00edtez, como nuevo comandante interino de la 12\/a. Zona Militar, en sustituci\u00f3n del General de Brigada, Jos\u00e9 Felipe Padilla Casta\u00f1eda, quien ces\u00f3 del cargo el pasado 31 de julio de 2025.<\/span><\/p>\n<p style=\"text-align: justify;\">La ceremonia oficial de relevo se realiz\u00f3 este 1 de agosto en las instalaciones del 40\/o. Batall\u00f3n de Infanter\u00eda, donde el General de Divisi\u00f3n Juan Jos\u00e9 G\u00f3mez Ruiz, comandante de la IV Regi\u00f3n Militar, tom\u00f3 protesta de bandera al nuevo mando y le dio posesi\u00f3n del cargo.<\/p>\n<p style=\"text-align: justify;\">En el acto estuvieron presentes jefes, oficiales y tropa pertenecientes a las unidades e instalaciones jurisdiccionadas.<\/p>\n<p style=\"text-align: justify;\">De acuerdo con la Defensa, estos movimientos forman parte de las acciones institucionales para cubrir las plazas vacantes en el Ej\u00e9rcito y la Fuerza A\u00e9rea, con el fin de garantizar la continuidad de sus misiones constitucionales en beneficio de la poblaci\u00f3n.<\/p>\n<p style=\"text-align: justify;\">Roberto Bernal Ben\u00edtez asume el cargo tras poco m\u00e1s de un a\u00f1o de gesti\u00f3n de su antecesor, quien tom\u00f3 posesi\u00f3n del mando en julio de 2024.<\/p>\n<p style=\"text-align: justify;\">Por: Jos\u00e9 Luis V\u00e1zquez<\/p>\n","protected":false},"excerpt":{"rendered":"<p>SLP.- La Secretar\u00eda de la Defensa Nacional design\u00f3 al General Brigadier de Estado Mayor, Roberto Bernal Ben\u00edtez, como nuevo comandante interino de la 12\/a. Zona Militar, en sustituci\u00f3n del General de Brigada, Jos\u00e9 Felipe Padilla Casta\u00f1eda, quien ces\u00f3 del cargo el pasado 31 de julio de 2025. La ceremonia oficial de relevo se realiz\u00f3 este 1 de agosto en las instalaciones del 40\/o. Batall\u00f3n de Infanter\u00eda, donde el General de Divisi\u00f3n Juan Jos\u00e9 G\u00f3mez Ruiz, comandante de la IV Regi\u00f3n Militar, tom\u00f3 protesta de bandera al nuevo mando y le dio posesi\u00f3n del cargo. En el acto estuvieron presentes jefes, [&hellip;]<\/p>\n","protected":false},"author":2,"featured_media":175108,"comment_status":"closed","ping_status":"closed","sticky":false,"template":"","format":"video","meta":{"_monsterinsights_skip_tracking":false,"_monsterinsights_sitenote_active":false,"_monsterinsights_sitenote_note":"","_monsterinsights_sitenote_category":0,"footnotes":""},"categories":[5,510,45],"tags":[],"class_list":["post-175106","post","type-post","status-publish","format-video","has-post-thumbnail","hentry","category-destacadas","category-gobedoslp","category-localesyregionales","post_format-post-format-video","post--single"],"yoast_head":"<!-- This site is optimized with the Yoast SEO plugin v27.5 - https:\/\/yoast.com\/product\/yoast-seo-wordpress\/ -->\n<title>Cambian mando de la 12\/a Zona Militar de San Luis Potos\u00ed - Canal 7 SLP - 2025<\/title>\n<meta name=\"robots\" content=\"index, follow, max-snippet:-1, max-image-preview:large, max-video-preview:-1\" \/>\n<link rel=\"canonical\" href=\"https:\/\/canal7slp.tv\/2025\/cambian-mando-de-la-12-a-zona-militar-de-san-luis-potosi\/\" \/>\n<meta property=\"og:locale\" content=\"es_ES\" \/>\n<meta property=\"og:type\" content=\"article\" \/>\n<meta property=\"og:title\" content=\"Cambian mando de la 12\/a Zona Militar de San Luis Potos\u00ed - Canal 7 SLP - 2025\" \/>\n<meta property=\"og:description\" content=\"SLP.- La Secretar\u00eda de la Defensa Nacional design\u00f3 al General Brigadier de Estado Mayor, Roberto Bernal Ben\u00edtez, como nuevo comandante interino de la 12\/a. Zona Militar, en sustituci\u00f3n del General de Brigada, Jos\u00e9 Felipe Padilla Casta\u00f1eda, quien ces\u00f3 del cargo el pasado 31 de julio de 2025. La ceremonia oficial de relevo se realiz\u00f3 este 1 de agosto en las instalaciones del 40\/o. Batall\u00f3n de Infanter\u00eda, donde el General de Divisi\u00f3n Juan Jos\u00e9 G\u00f3mez Ruiz, comandante de la IV Regi\u00f3n Militar, tom\u00f3 protesta de bandera al nuevo mando y le dio posesi\u00f3n del cargo. En el acto estuvieron presentes jefes, [&hellip;]\" \/>\n<meta property=\"og:url\" content=\"https:\/\/canal7slp.tv\/2025\/cambian-mando-de-la-12-a-zona-militar-de-san-luis-potosi\/\" \/>\n<meta property=\"og:site_name\" content=\"Canal 7 SLP - 2025\" \/>\n<meta property=\"article:publisher\" content=\"https:\/\/www.facebook.com\/noticieroscanal7atencionciudadana\/\" \/>\n<meta property=\"article:published_time\" content=\"2025-08-01T21:21:49+00:00\" \/>\n<meta property=\"og:image\" content=\"https:\/\/canal7slp.tv\/2025\/wp-content\/uploads\/2025\/08\/Vazquez02Militar.jpg\" \/>\n\t<meta property=\"og:image:width\" content=\"1280\" \/>\n\t<meta property=\"og:image:height\" content=\"720\" \/>\n\t<meta property=\"og:image:type\" content=\"image\/jpeg\" \/>\n<meta name=\"author\" content=\"Edici\u00f3n Web\" \/>\n<meta name=\"twitter:card\" content=\"summary_large_image\" \/>\n<meta name=\"twitter:creator\" content=\"@NOTICIEROS7\" \/>\n<meta name=\"twitter:site\" content=\"@NOTICIEROS7\" \/>\n<meta name=\"twitter:label1\" content=\"Escrito por\" \/>\n\t<meta name=\"twitter:data1\" content=\"Edici\u00f3n Web\" \/>\n\t<meta name=\"twitter:label2\" content=\"Tiempo de lectura\" \/>\n\t<meta name=\"twitter:data2\" content=\"2 minutos\" \/>\n<script type=\"application\/ld+json\" class=\"yoast-schema-graph\">{\"@context\":\"https:\\\/\\\/schema.org\",\"@graph\":[{\"@type\":\"Article\",\"@id\":\"https:\\\/\\\/canal7slp.tv\\\/2025\\\/cambian-mando-de-la-12-a-zona-militar-de-san-luis-potosi\\\/#article\",\"isPartOf\":{\"@id\":\"https:\\\/\\\/canal7slp.tv\\\/2025\\\/cambian-mando-de-la-12-a-zona-militar-de-san-luis-potosi\\\/\"},\"author\":{\"name\":\"Edici\u00f3n Web\",\"@id\":\"https:\\\/\\\/canal7slp.tv\\\/2025\\\/#\\\/schema\\\/person\\\/271e2b60a96e7cc9d9ac296f4d7e414b\"},\"headline\":\"Cambian mando de la 12\\\/a Zona Militar de San Luis Potos\u00ed\",\"datePublished\":\"2025-08-01T21:21:49+00:00\",\"mainEntityOfPage\":{\"@id\":\"https:\\\/\\\/canal7slp.tv\\\/2025\\\/cambian-mando-de-la-12-a-zona-militar-de-san-luis-potosi\\\/\"},\"wordCount\":208,\"publisher\":{\"@id\":\"https:\\\/\\\/canal7slp.tv\\\/2025\\\/#organization\"},\"image\":{\"@id\":\"https:\\\/\\\/canal7slp.tv\\\/2025\\\/cambian-mando-de-la-12-a-zona-militar-de-san-luis-potosi\\\/#primaryimage\"},\"thumbnailUrl\":\"https:\\\/\\\/canal7slp.tv\\\/2025\\\/wp-content\\\/uploads\\\/2025\\\/08\\\/Vazquez02Militar.jpg\",\"articleSection\":[\"DESTACADAS\",\"GOBEDOSLP\",\"LOCALES Y REGIONALES\"],\"inLanguage\":\"es\"},{\"@type\":\"WebPage\",\"@id\":\"https:\\\/\\\/canal7slp.tv\\\/2025\\\/cambian-mando-de-la-12-a-zona-militar-de-san-luis-potosi\\\/\",\"url\":\"https:\\\/\\\/canal7slp.tv\\\/2025\\\/cambian-mando-de-la-12-a-zona-militar-de-san-luis-potosi\\\/\",\"name\":\"Cambian mando de la 12\\\/a Zona Militar de San Luis Potos\u00ed - Canal 7 SLP - 2025\",\"isPartOf\":{\"@id\":\"https:\\\/\\\/canal7slp.tv\\\/2025\\\/#website\"},\"primaryImageOfPage\":{\"@id\":\"https:\\\/\\\/canal7slp.tv\\\/2025\\\/cambian-mando-de-la-12-a-zona-militar-de-san-luis-potosi\\\/#primaryimage\"},\"image\":{\"@id\":\"https:\\\/\\\/canal7slp.tv\\\/2025\\\/cambian-mando-de-la-12-a-zona-militar-de-san-luis-potosi\\\/#primaryimage\"},\"thumbnailUrl\":\"https:\\\/\\\/canal7slp.tv\\\/2025\\\/wp-content\\\/uploads\\\/2025\\\/08\\\/Vazquez02Militar.jpg\",\"datePublished\":\"2025-08-01T21:21:49+00:00\",\"breadcrumb\":{\"@id\":\"https:\\\/\\\/canal7slp.tv\\\/2025\\\/cambian-mando-de-la-12-a-zona-militar-de-san-luis-potosi\\\/#breadcrumb\"},\"inLanguage\":\"es\",\"potentialAction\":[{\"@type\":\"ReadAction\",\"target\":[\"https:\\\/\\\/canal7slp.tv\\\/2025\\\/cambian-mando-de-la-12-a-zona-militar-de-san-luis-potosi\\\/\"]}]},{\"@type\":\"ImageObject\",\"inLanguage\":\"es\",\"@id\":\"https:\\\/\\\/canal7slp.tv\\\/2025\\\/cambian-mando-de-la-12-a-zona-militar-de-san-luis-potosi\\\/#primaryimage\",\"url\":\"https:\\\/\\\/canal7slp.tv\\\/2025\\\/wp-content\\\/uploads\\\/2025\\\/08\\\/Vazquez02Militar.jpg\",\"contentUrl\":\"https:\\\/\\\/canal7slp.tv\\\/2025\\\/wp-content\\\/uploads\\\/2025\\\/08\\\/Vazquez02Militar.jpg\",\"width\":1280,\"height\":720},{\"@type\":\"BreadcrumbList\",\"@id\":\"https:\\\/\\\/canal7slp.tv\\\/2025\\\/cambian-mando-de-la-12-a-zona-militar-de-san-luis-potosi\\\/#breadcrumb\",\"itemListElement\":[{\"@type\":\"ListItem\",\"position\":1,\"name\":\"Portada\",\"item\":\"https:\\\/\\\/canal7slp.tv\\\/2025\\\/\"},{\"@type\":\"ListItem\",\"position\":2,\"name\":\"Cambian mando de la 12\\\/a Zona Militar de San Luis Potos\u00ed\"}]},{\"@type\":\"WebSite\",\"@id\":\"https:\\\/\\\/canal7slp.tv\\\/2025\\\/#website\",\"url\":\"https:\\\/\\\/canal7slp.tv\\\/2025\\\/\",\"name\":\"N7 - Noticieros Canal 7\",\"description\":\"Somos el Medio\",\"publisher\":{\"@id\":\"https:\\\/\\\/canal7slp.tv\\\/2025\\\/#organization\"},\"potentialAction\":[{\"@type\":\"SearchAction\",\"target\":{\"@type\":\"EntryPoint\",\"urlTemplate\":\"https:\\\/\\\/canal7slp.tv\\\/2025\\\/?s={search_term_string}\"},\"query-input\":{\"@type\":\"PropertyValueSpecification\",\"valueRequired\":true,\"valueName\":\"search_term_string\"}}],\"inLanguage\":\"es\"},{\"@type\":\"Organization\",\"@id\":\"https:\\\/\\\/canal7slp.tv\\\/2025\\\/#organization\",\"name\":\"Noticieros Canal 7\",\"url\":\"https:\\\/\\\/canal7slp.tv\\\/2025\\\/\",\"logo\":{\"@type\":\"ImageObject\",\"inLanguage\":\"es\",\"@id\":\"https:\\\/\\\/canal7slp.tv\\\/2025\\\/#\\\/schema\\\/logo\\\/image\\\/\",\"url\":\"https:\\\/\\\/canal7slp.tv\\\/2025\\\/wp-content\\\/uploads\\\/2021\\\/01\\\/logo-noticieros@2x.png\",\"contentUrl\":\"https:\\\/\\\/canal7slp.tv\\\/2025\\\/wp-content\\\/uploads\\\/2021\\\/01\\\/logo-noticieros@2x.png\",\"width\":1017,\"height\":268,\"caption\":\"Noticieros Canal 7\"},\"image\":{\"@id\":\"https:\\\/\\\/canal7slp.tv\\\/2025\\\/#\\\/schema\\\/logo\\\/image\\\/\"},\"sameAs\":[\"https:\\\/\\\/www.facebook.com\\\/noticieroscanal7atencionciudadana\\\/\",\"https:\\\/\\\/x.com\\\/NOTICIEROS7\",\"https:\\\/\\\/www.instagram.com\\\/canal7_slp\",\"https:\\\/\\\/www.youtube.com\\\/channel\\\/UCliiYs-gP3JfJeqdPrNdd5A\"]},{\"@type\":\"Person\",\"@id\":\"https:\\\/\\\/canal7slp.tv\\\/2025\\\/#\\\/schema\\\/person\\\/271e2b60a96e7cc9d9ac296f4d7e414b\",\"name\":\"Edici\u00f3n Web\",\"image\":{\"@type\":\"ImageObject\",\"inLanguage\":\"es\",\"@id\":\"https:\\\/\\\/secure.gravatar.com\\\/avatar\\\/eee448fc3f7164808013b816ba91ac7e43bbe82a70bebac296f8bc6f0addaa1a?s=96&d=mm&r=g\",\"url\":\"https:\\\/\\\/secure.gravatar.com\\\/avatar\\\/eee448fc3f7164808013b816ba91ac7e43bbe82a70bebac296f8bc6f0addaa1a?s=96&d=mm&r=g\",\"contentUrl\":\"https:\\\/\\\/secure.gravatar.com\\\/avatar\\\/eee448fc3f7164808013b816ba91ac7e43bbe82a70bebac296f8bc6f0addaa1a?s=96&d=mm&r=g\",\"caption\":\"Edici\u00f3n Web\"},\"url\":\"https:\\\/\\\/canal7slp.tv\\\/2025\\\/author\\\/edicionweb\\\/\"}]}<\/script>\n<!-- \/ Yoast SEO plugin. -->","yoast_head_json":{"title":"Cambian mando de la 12\/a Zona Militar de San Luis Potos\u00ed - Canal 7 SLP - 2025","robots":{"index":"index","follow":"follow","max-snippet":"max-snippet:-1","max-image-preview":"max-image-preview:large","max-video-preview":"max-video-preview:-1"},"canonical":"https:\/\/canal7slp.tv\/2025\/cambian-mando-de-la-12-a-zona-militar-de-san-luis-potosi\/","og_locale":"es_ES","og_type":"article","og_title":"Cambian mando de la 12\/a Zona Militar de San Luis Potos\u00ed - Canal 7 SLP - 2025","og_description":"SLP.- La Secretar\u00eda de la Defensa Nacional design\u00f3 al General Brigadier de Estado Mayor, Roberto Bernal Ben\u00edtez, como nuevo comandante interino de la 12\/a. Zona Militar, en sustituci\u00f3n del General de Brigada, Jos\u00e9 Felipe Padilla Casta\u00f1eda, quien ces\u00f3 del cargo el pasado 31 de julio de 2025. La ceremonia oficial de relevo se realiz\u00f3 este 1 de agosto en las instalaciones del 40\/o. Batall\u00f3n de Infanter\u00eda, donde el General de Divisi\u00f3n Juan Jos\u00e9 G\u00f3mez Ruiz, comandante de la IV Regi\u00f3n Militar, tom\u00f3 protesta de bandera al nuevo mando y le dio posesi\u00f3n del cargo. En el acto estuvieron presentes jefes, [&hellip;]","og_url":"https:\/\/canal7slp.tv\/2025\/cambian-mando-de-la-12-a-zona-militar-de-san-luis-potosi\/","og_site_name":"Canal 7 SLP - 2025","article_publisher":"https:\/\/www.facebook.com\/noticieroscanal7atencionciudadana\/","article_published_time":"2025-08-01T21:21:49+00:00","og_image":[{"width":1280,"height":720,"url":"https:\/\/canal7slp.tv\/2025\/wp-content\/uploads\/2025\/08\/Vazquez02Militar.jpg","type":"image\/jpeg"}],"author":"Edici\u00f3n Web","twitter_card":"summary_large_image","twitter_creator":"@NOTICIEROS7","twitter_site":"@NOTICIEROS7","twitter_misc":{"Escrito por":"Edici\u00f3n Web","Tiempo de lectura":"2 minutos"},"schema":{"@context":"https:\/\/schema.org","@graph":[{"@type":"Article","@id":"https:\/\/canal7slp.tv\/2025\/cambian-mando-de-la-12-a-zona-militar-de-san-luis-potosi\/#article","isPartOf":{"@id":"https:\/\/canal7slp.tv\/2025\/cambian-mando-de-la-12-a-zona-militar-de-san-luis-potosi\/"},"author":{"name":"Edici\u00f3n Web","@id":"https:\/\/canal7slp.tv\/2025\/#\/schema\/person\/271e2b60a96e7cc9d9ac296f4d7e414b"},"headline":"Cambian mando de la 12\/a Zona Militar de San Luis Potos\u00ed","datePublished":"2025-08-01T21:21:49+00:00","mainEntityOfPage":{"@id":"https:\/\/canal7slp.tv\/2025\/cambian-mando-de-la-12-a-zona-militar-de-san-luis-potosi\/"},"wordCount":208,"publisher":{"@id":"https:\/\/canal7slp.tv\/2025\/#organization"},"image":{"@id":"https:\/\/canal7slp.tv\/2025\/cambian-mando-de-la-12-a-zona-militar-de-san-luis-potosi\/#primaryimage"},"thumbnailUrl":"https:\/\/canal7slp.tv\/2025\/wp-content\/uploads\/2025\/08\/Vazquez02Militar.jpg","articleSection":["DESTACADAS","GOBEDOSLP","LOCALES Y REGIONALES"],"inLanguage":"es"},{"@type":"WebPage","@id":"https:\/\/canal7slp.tv\/2025\/cambian-mando-de-la-12-a-zona-militar-de-san-luis-potosi\/","url":"https:\/\/canal7slp.tv\/2025\/cambian-mando-de-la-12-a-zona-militar-de-san-luis-potosi\/","name":"Cambian mando de la 12\/a Zona Militar de San Luis Potos\u00ed - Canal 7 SLP - 2025","isPartOf":{"@id":"https:\/\/canal7slp.tv\/2025\/#website"},"primaryImageOfPage":{"@id":"https:\/\/canal7slp.tv\/2025\/cambian-mando-de-la-12-a-zona-militar-de-san-luis-potosi\/#primaryimage"},"image":{"@id":"https:\/\/canal7slp.tv\/2025\/cambian-mando-de-la-12-a-zona-militar-de-san-luis-potosi\/#primaryimage"},"thumbnailUrl":"https:\/\/canal7slp.tv\/2025\/wp-content\/uploads\/2025\/08\/Vazquez02Militar.jpg","datePublished":"2025-08-01T21:21:49+00:00","breadcrumb":{"@id":"https:\/\/canal7slp.tv\/2025\/cambian-mando-de-la-12-a-zona-militar-de-san-luis-potosi\/#breadcrumb"},"inLanguage":"es","potentialAction":[{"@type":"ReadAction","target":["https:\/\/canal7slp.tv\/2025\/cambian-mando-de-la-12-a-zona-militar-de-san-luis-potosi\/"]}]},{"@type":"ImageObject","inLanguage":"es","@id":"https:\/\/canal7slp.tv\/2025\/cambian-mando-de-la-12-a-zona-militar-de-san-luis-potosi\/#primaryimage","url":"https:\/\/canal7slp.tv\/2025\/wp-content\/uploads\/2025\/08\/Vazquez02Militar.jpg","contentUrl":"https:\/\/canal7slp.tv\/2025\/wp-content\/uploads\/2025\/08\/Vazquez02Militar.jpg","width":1280,"height":720},{"@type":"BreadcrumbList","@id":"https:\/\/canal7slp.tv\/2025\/cambian-mando-de-la-12-a-zona-militar-de-san-luis-potosi\/#breadcrumb","itemListElement":[{"@type":"ListItem","position":1,"name":"Portada","item":"https:\/\/canal7slp.tv\/2025\/"},{"@type":"ListItem","position":2,"name":"Cambian mando de la 12\/a Zona Militar de San Luis Potos\u00ed"}]},{"@type":"WebSite","@id":"https:\/\/canal7slp.tv\/2025\/#website","url":"https:\/\/canal7slp.tv\/2025\/","name":"N7 - Noticieros Canal 7","description":"Somos el Medio","publisher":{"@id":"https:\/\/canal7slp.tv\/2025\/#organization"},"potentialAction":[{"@type":"SearchAction","target":{"@type":"EntryPoint","urlTemplate":"https:\/\/canal7slp.tv\/2025\/?s={search_term_string}"},"query-input":{"@type":"PropertyValueSpecification","valueRequired":true,"valueName":"search_term_string"}}],"inLanguage":"es"},{"@type":"Organization","@id":"https:\/\/canal7slp.tv\/2025\/#organization","name":"Noticieros Canal 7","url":"https:\/\/canal7slp.tv\/2025\/","logo":{"@type":"ImageObject","inLanguage":"es","@id":"https:\/\/canal7slp.tv\/2025\/#\/schema\/logo\/image\/","url":"https:\/\/canal7slp.tv\/2025\/wp-content\/uploads\/2021\/01\/logo-noticieros@2x.png","contentUrl":"https:\/\/canal7slp.tv\/2025\/wp-content\/uploads\/2021\/01\/logo-noticieros@2x.png","width":1017,"height":268,"caption":"Noticieros Canal 7"},"image":{"@id":"https:\/\/canal7slp.tv\/2025\/#\/schema\/logo\/image\/"},"sameAs":["https:\/\/www.facebook.com\/noticieroscanal7atencionciudadana\/","https:\/\/x.com\/NOTICIEROS7","https:\/\/www.instagram.com\/canal7_slp","https:\/\/www.youtube.com\/channel\/UCliiYs-gP3JfJeqdPrNdd5A"]},{"@type":"Person","@id":"https:\/\/canal7slp.tv\/2025\/#\/schema\/person\/271e2b60a96e7cc9d9ac296f4d7e414b","name":"Edici\u00f3n Web","image":{"@type":"ImageObject","inLanguage":"es","@id":"https:\/\/secure.gravatar.com\/avatar\/eee448fc3f7164808013b816ba91ac7e43bbe82a70bebac296f8bc6f0addaa1a?s=96&d=mm&r=g","url":"https:\/\/secure.gravatar.com\/avatar\/eee448fc3f7164808013b816ba91ac7e43bbe82a70bebac296f8bc6f0addaa1a?s=96&d=mm&r=g","contentUrl":"https:\/\/secure.gravatar.com\/avatar\/eee448fc3f7164808013b816ba91ac7e43bbe82a70bebac296f8bc6f0addaa1a?s=96&d=mm&r=g","caption":"Edici\u00f3n Web"},"url":"https:\/\/canal7slp.tv\/2025\/author\/edicionweb\/"}]}},"_links":{"self":[{"href":"https:\/\/canal7slp.tv\/2025\/wp-json\/wp\/v2\/posts\/175106","targetHints":{"allow":["GET"]}}],"collection":[{"href":"https:\/\/canal7slp.tv\/2025\/wp-json\/wp\/v2\/posts"}],"about":[{"href":"https:\/\/canal7slp.tv\/2025\/wp-json\/wp\/v2\/types\/post"}],"author":[{"embeddable":true,"href":"https:\/\/canal7slp.tv\/2025\/wp-json\/wp\/v2\/users\/2"}],"replies":[{"embeddable":true,"href":"https:\/\/canal7slp.tv\/2025\/wp-json\/wp\/v2\/comments?post=175106"}],"version-history":[{"count":1,"href":"https:\/\/canal7slp.tv\/2025\/wp-json\/wp\/v2\/posts\/175106\/revisions"}],"predecessor-version":[{"id":175109,"href":"https:\/\/canal7slp.tv\/2025\/wp-json\/wp\/v2\/posts\/175106\/revisions\/175109"}],"wp:featuredmedia":[{"embeddable":true,"href":"https:\/\/canal7slp.tv\/2025\/wp-json\/wp\/v2\/media\/175108"}],"wp:attachment":[{"href":"https:\/\/canal7slp.tv\/2025\/wp-json\/wp\/v2\/media?parent=175106"}],"wp:term":[{"taxonomy":"category","embeddable":true,"href":"https:\/\/canal7slp.tv\/2025\/wp-json\/wp\/v2\/categories?post=175106"},{"taxonomy":"post_tag","embeddable":true,"href":"https:\/\/canal7slp.tv\/2025\/wp-json\/wp\/v2\/tags?post=175106"}],"curies":[{"name":"wp","href":"https:\/\/api.w.org\/{rel}","templated":true}]}}