{"id":175099,"date":"2025-08-01T14:28:31","date_gmt":"2025-08-01T20:28:31","guid":{"rendered":"https:\/\/canal7slp.tv\/2025\/?p=175099"},"modified":"2025-08-01T14:28:31","modified_gmt":"2025-08-01T20:28:31","slug":"uribe-velez-recibe-12-anos-de-prision-domiciliaria-por-soborno-y-fraude","status":"publish","type":"post","link":"https:\/\/canal7slp.tv\/2025\/uribe-velez-recibe-12-anos-de-prision-domiciliaria-por-soborno-y-fraude\/","title":{"rendered":"Uribe V\u00e9lez recibe 12 a\u00f1os de prisi\u00f3n domiciliaria por soborno y fraude"},"content":{"rendered":"<p style=\"text-align: justify;\">Bogot\u00e1.- El expresidente colombiano \u00c1lvaro Uribe V\u00e9lez fue condenado a 12 a\u00f1os de prisi\u00f3n domiciliaria por los delitos de fraude procesal y soborno en actuaci\u00f3n penal, seg\u00fan la sentencia dictada el 1 de agosto por la jueza Sandra Heredia, del Juzgado 44 Penal del Circuito de Bogot\u00e1.<\/p>\n<p style=\"text-align: justify;\">Adem\u00e1s de la pena de prisi\u00f3n, Uribe deber\u00e1 pagar una multa superior a 3 mil 400 millones de pesos colombianos (alrededor de 822 mil d\u00f3lares) y fue inhabilitado por m\u00e1s de ocho a\u00f1os para ejercer cargos p\u00fablicos.<\/p>\n<p style=\"text-align: justify;\">La resoluci\u00f3n judicial, de m\u00e1s de 1,100 p\u00e1ginas, establece que el exmandatario cumplir\u00e1 la condena en su residencia en Rionegro, Antioquia.<\/p>\n<p style=\"text-align: justify;\">Se trata de un hecho sin precedentes en Colombia: Uribe se convierte en el primer expresidente condenado penalmente, en un caso que ha sacudido la esfera pol\u00edtica del pa\u00eds.<\/p>\n<p style=\"text-align: justify;\">Durante la audiencia, se consider\u00f3 que si bien los delitos imputados contemplan penas menores, la gravedad del caso llev\u00f3 a la fiscal a solicitar una condena m\u00e1s severa.<\/p>\n<p style=\"text-align: justify;\">La jueza Heredia determin\u00f3 que el delito m\u00e1s grave fue el de soborno en actuaci\u00f3n penal, imponiendo una pena de 120 meses de prisi\u00f3n, a los que se sumaron 24 meses por fraude procesal.<\/p>\n<p style=\"text-align: justify;\">En cambio, Uribe fue absuelto del cargo de soborno simple.<\/p>\n<p style=\"text-align: justify;\">La condena surge de un proceso que comenz\u00f3 en 2012, cuando el propio Uribe denunci\u00f3 al entonces senador Iv\u00e1n Cepeda por supuesta manipulaci\u00f3n de testigos.<\/p>\n<p style=\"text-align: justify;\">Sin embargo, las investigaciones concluyeron que fue Uribe quien habr\u00eda incurrido en pr\u00e1cticas il\u00edcitas para influir en testimonios, lo que dio origen al actual fallo.<\/p>\n<p style=\"text-align: justify;\">Su defensa ya anunci\u00f3 que apelar\u00e1 ante el Tribunal Superior de Bogot\u00e1.<\/p>\n","protected":false},"excerpt":{"rendered":"<p>Bogot\u00e1.- El expresidente colombiano \u00c1lvaro Uribe V\u00e9lez fue condenado a 12 a\u00f1os de prisi\u00f3n domiciliaria por los delitos de fraude procesal y soborno en actuaci\u00f3n penal, seg\u00fan la sentencia dictada el 1 de agosto por la jueza Sandra Heredia, del Juzgado 44 Penal del Circuito de Bogot\u00e1. Adem\u00e1s de la pena de prisi\u00f3n, Uribe deber\u00e1 pagar una multa superior a 3 mil 400 millones de pesos colombianos (alrededor de 822 mil d\u00f3lares) y fue inhabilitado por m\u00e1s de ocho a\u00f1os para ejercer cargos p\u00fablicos. La resoluci\u00f3n judicial, de m\u00e1s de 1,100 p\u00e1ginas, establece que el exmandatario cumplir\u00e1 la condena en [&hellip;]<\/p>\n","protected":false},"author":2,"featured_media":175100,"comment_status":"closed","ping_status":"closed","sticky":false,"template":"","format":"standard","meta":{"_monsterinsights_skip_tracking":false,"_monsterinsights_sitenote_active":false,"_monsterinsights_sitenote_note":"","_monsterinsights_sitenote_category":0,"footnotes":""},"categories":[44],"tags":[],"class_list":["post-175099","post","type-post","status-publish","format-standard","has-post-thumbnail","hentry","category-internacional","post--single"],"yoast_head":"<!-- This site is optimized with the Yoast SEO plugin v27.5 - https:\/\/yoast.com\/product\/yoast-seo-wordpress\/ -->\n<title>Uribe V\u00e9lez recibe 12 a\u00f1os de prisi\u00f3n domiciliaria por soborno y fraude - Canal 7 SLP - 2025<\/title>\n<meta name=\"robots\" content=\"index, follow, max-snippet:-1, max-image-preview:large, max-video-preview:-1\" \/>\n<link rel=\"canonical\" href=\"https:\/\/canal7slp.tv\/2025\/uribe-velez-recibe-12-anos-de-prision-domiciliaria-por-soborno-y-fraude\/\" \/>\n<meta property=\"og:locale\" content=\"es_ES\" \/>\n<meta property=\"og:type\" content=\"article\" \/>\n<meta property=\"og:title\" content=\"Uribe V\u00e9lez recibe 12 a\u00f1os de prisi\u00f3n domiciliaria por soborno y fraude - Canal 7 SLP - 2025\" \/>\n<meta property=\"og:description\" content=\"Bogot\u00e1.- El expresidente colombiano \u00c1lvaro Uribe V\u00e9lez fue condenado a 12 a\u00f1os de prisi\u00f3n domiciliaria por los delitos de fraude procesal y soborno en actuaci\u00f3n penal, seg\u00fan la sentencia dictada el 1 de agosto por la jueza Sandra Heredia, del Juzgado 44 Penal del Circuito de Bogot\u00e1. Adem\u00e1s de la pena de prisi\u00f3n, Uribe deber\u00e1 pagar una multa superior a 3 mil 400 millones de pesos colombianos (alrededor de 822 mil d\u00f3lares) y fue inhabilitado por m\u00e1s de ocho a\u00f1os para ejercer cargos p\u00fablicos. La resoluci\u00f3n judicial, de m\u00e1s de 1,100 p\u00e1ginas, establece que el exmandatario cumplir\u00e1 la condena en [&hellip;]\" \/>\n<meta property=\"og:url\" content=\"https:\/\/canal7slp.tv\/2025\/uribe-velez-recibe-12-anos-de-prision-domiciliaria-por-soborno-y-fraude\/\" \/>\n<meta property=\"og:site_name\" content=\"Canal 7 SLP - 2025\" \/>\n<meta property=\"article:publisher\" content=\"https:\/\/www.facebook.com\/noticieroscanal7atencionciudadana\/\" \/>\n<meta property=\"article:published_time\" content=\"2025-08-01T20:28:31+00:00\" \/>\n<meta property=\"og:image\" content=\"https:\/\/canal7slp.tv\/2025\/wp-content\/uploads\/2025\/08\/06.jpg\" \/>\n\t<meta property=\"og:image:width\" content=\"888\" \/>\n\t<meta property=\"og:image:height\" content=\"500\" \/>\n\t<meta property=\"og:image:type\" content=\"image\/jpeg\" \/>\n<meta name=\"author\" content=\"Edici\u00f3n Web\" \/>\n<meta name=\"twitter:card\" content=\"summary_large_image\" \/>\n<meta name=\"twitter:creator\" content=\"@NOTICIEROS7\" \/>\n<meta name=\"twitter:site\" content=\"@NOTICIEROS7\" \/>\n<meta name=\"twitter:label1\" content=\"Escrito por\" \/>\n\t<meta name=\"twitter:data1\" content=\"Edici\u00f3n Web\" \/>\n\t<meta name=\"twitter:label2\" content=\"Tiempo de lectura\" \/>\n\t<meta name=\"twitter:data2\" content=\"2 minutos\" \/>\n<script type=\"application\/ld+json\" class=\"yoast-schema-graph\">{\"@context\":\"https:\\\/\\\/schema.org\",\"@graph\":[{\"@type\":\"Article\",\"@id\":\"https:\\\/\\\/canal7slp.tv\\\/2025\\\/uribe-velez-recibe-12-anos-de-prision-domiciliaria-por-soborno-y-fraude\\\/#article\",\"isPartOf\":{\"@id\":\"https:\\\/\\\/canal7slp.tv\\\/2025\\\/uribe-velez-recibe-12-anos-de-prision-domiciliaria-por-soborno-y-fraude\\\/\"},\"author\":{\"name\":\"Edici\u00f3n Web\",\"@id\":\"https:\\\/\\\/canal7slp.tv\\\/2025\\\/#\\\/schema\\\/person\\\/271e2b60a96e7cc9d9ac296f4d7e414b\"},\"headline\":\"Uribe V\u00e9lez recibe 12 a\u00f1os de prisi\u00f3n domiciliaria por soborno y fraude\",\"datePublished\":\"2025-08-01T20:28:31+00:00\",\"mainEntityOfPage\":{\"@id\":\"https:\\\/\\\/canal7slp.tv\\\/2025\\\/uribe-velez-recibe-12-anos-de-prision-domiciliaria-por-soborno-y-fraude\\\/\"},\"wordCount\":298,\"publisher\":{\"@id\":\"https:\\\/\\\/canal7slp.tv\\\/2025\\\/#organization\"},\"image\":{\"@id\":\"https:\\\/\\\/canal7slp.tv\\\/2025\\\/uribe-velez-recibe-12-anos-de-prision-domiciliaria-por-soborno-y-fraude\\\/#primaryimage\"},\"thumbnailUrl\":\"https:\\\/\\\/canal7slp.tv\\\/2025\\\/wp-content\\\/uploads\\\/2025\\\/08\\\/06.jpg\",\"articleSection\":[\"INTERNACIONALES\"],\"inLanguage\":\"es\"},{\"@type\":\"WebPage\",\"@id\":\"https:\\\/\\\/canal7slp.tv\\\/2025\\\/uribe-velez-recibe-12-anos-de-prision-domiciliaria-por-soborno-y-fraude\\\/\",\"url\":\"https:\\\/\\\/canal7slp.tv\\\/2025\\\/uribe-velez-recibe-12-anos-de-prision-domiciliaria-por-soborno-y-fraude\\\/\",\"name\":\"Uribe V\u00e9lez recibe 12 a\u00f1os de prisi\u00f3n domiciliaria por soborno y fraude - Canal 7 SLP - 2025\",\"isPartOf\":{\"@id\":\"https:\\\/\\\/canal7slp.tv\\\/2025\\\/#website\"},\"primaryImageOfPage\":{\"@id\":\"https:\\\/\\\/canal7slp.tv\\\/2025\\\/uribe-velez-recibe-12-anos-de-prision-domiciliaria-por-soborno-y-fraude\\\/#primaryimage\"},\"image\":{\"@id\":\"https:\\\/\\\/canal7slp.tv\\\/2025\\\/uribe-velez-recibe-12-anos-de-prision-domiciliaria-por-soborno-y-fraude\\\/#primaryimage\"},\"thumbnailUrl\":\"https:\\\/\\\/canal7slp.tv\\\/2025\\\/wp-content\\\/uploads\\\/2025\\\/08\\\/06.jpg\",\"datePublished\":\"2025-08-01T20:28:31+00:00\",\"breadcrumb\":{\"@id\":\"https:\\\/\\\/canal7slp.tv\\\/2025\\\/uribe-velez-recibe-12-anos-de-prision-domiciliaria-por-soborno-y-fraude\\\/#breadcrumb\"},\"inLanguage\":\"es\",\"potentialAction\":[{\"@type\":\"ReadAction\",\"target\":[\"https:\\\/\\\/canal7slp.tv\\\/2025\\\/uribe-velez-recibe-12-anos-de-prision-domiciliaria-por-soborno-y-fraude\\\/\"]}]},{\"@type\":\"ImageObject\",\"inLanguage\":\"es\",\"@id\":\"https:\\\/\\\/canal7slp.tv\\\/2025\\\/uribe-velez-recibe-12-anos-de-prision-domiciliaria-por-soborno-y-fraude\\\/#primaryimage\",\"url\":\"https:\\\/\\\/canal7slp.tv\\\/2025\\\/wp-content\\\/uploads\\\/2025\\\/08\\\/06.jpg\",\"contentUrl\":\"https:\\\/\\\/canal7slp.tv\\\/2025\\\/wp-content\\\/uploads\\\/2025\\\/08\\\/06.jpg\",\"width\":888,\"height\":500},{\"@type\":\"BreadcrumbList\",\"@id\":\"https:\\\/\\\/canal7slp.tv\\\/2025\\\/uribe-velez-recibe-12-anos-de-prision-domiciliaria-por-soborno-y-fraude\\\/#breadcrumb\",\"itemListElement\":[{\"@type\":\"ListItem\",\"position\":1,\"name\":\"Portada\",\"item\":\"https:\\\/\\\/canal7slp.tv\\\/2025\\\/\"},{\"@type\":\"ListItem\",\"position\":2,\"name\":\"Uribe V\u00e9lez recibe 12 a\u00f1os de prisi\u00f3n domiciliaria por soborno y fraude\"}]},{\"@type\":\"WebSite\",\"@id\":\"https:\\\/\\\/canal7slp.tv\\\/2025\\\/#website\",\"url\":\"https:\\\/\\\/canal7slp.tv\\\/2025\\\/\",\"name\":\"N7 - Noticieros Canal 7\",\"description\":\"Somos el Medio\",\"publisher\":{\"@id\":\"https:\\\/\\\/canal7slp.tv\\\/2025\\\/#organization\"},\"potentialAction\":[{\"@type\":\"SearchAction\",\"target\":{\"@type\":\"EntryPoint\",\"urlTemplate\":\"https:\\\/\\\/canal7slp.tv\\\/2025\\\/?s={search_term_string}\"},\"query-input\":{\"@type\":\"PropertyValueSpecification\",\"valueRequired\":true,\"valueName\":\"search_term_string\"}}],\"inLanguage\":\"es\"},{\"@type\":\"Organization\",\"@id\":\"https:\\\/\\\/canal7slp.tv\\\/2025\\\/#organization\",\"name\":\"Noticieros Canal 7\",\"url\":\"https:\\\/\\\/canal7slp.tv\\\/2025\\\/\",\"logo\":{\"@type\":\"ImageObject\",\"inLanguage\":\"es\",\"@id\":\"https:\\\/\\\/canal7slp.tv\\\/2025\\\/#\\\/schema\\\/logo\\\/image\\\/\",\"url\":\"https:\\\/\\\/canal7slp.tv\\\/2025\\\/wp-content\\\/uploads\\\/2021\\\/01\\\/logo-noticieros@2x.png\",\"contentUrl\":\"https:\\\/\\\/canal7slp.tv\\\/2025\\\/wp-content\\\/uploads\\\/2021\\\/01\\\/logo-noticieros@2x.png\",\"width\":1017,\"height\":268,\"caption\":\"Noticieros Canal 7\"},\"image\":{\"@id\":\"https:\\\/\\\/canal7slp.tv\\\/2025\\\/#\\\/schema\\\/logo\\\/image\\\/\"},\"sameAs\":[\"https:\\\/\\\/www.facebook.com\\\/noticieroscanal7atencionciudadana\\\/\",\"https:\\\/\\\/x.com\\\/NOTICIEROS7\",\"https:\\\/\\\/www.instagram.com\\\/canal7_slp\",\"https:\\\/\\\/www.youtube.com\\\/channel\\\/UCliiYs-gP3JfJeqdPrNdd5A\"]},{\"@type\":\"Person\",\"@id\":\"https:\\\/\\\/canal7slp.tv\\\/2025\\\/#\\\/schema\\\/person\\\/271e2b60a96e7cc9d9ac296f4d7e414b\",\"name\":\"Edici\u00f3n Web\",\"image\":{\"@type\":\"ImageObject\",\"inLanguage\":\"es\",\"@id\":\"https:\\\/\\\/secure.gravatar.com\\\/avatar\\\/eee448fc3f7164808013b816ba91ac7e43bbe82a70bebac296f8bc6f0addaa1a?s=96&d=mm&r=g\",\"url\":\"https:\\\/\\\/secure.gravatar.com\\\/avatar\\\/eee448fc3f7164808013b816ba91ac7e43bbe82a70bebac296f8bc6f0addaa1a?s=96&d=mm&r=g\",\"contentUrl\":\"https:\\\/\\\/secure.gravatar.com\\\/avatar\\\/eee448fc3f7164808013b816ba91ac7e43bbe82a70bebac296f8bc6f0addaa1a?s=96&d=mm&r=g\",\"caption\":\"Edici\u00f3n Web\"},\"url\":\"https:\\\/\\\/canal7slp.tv\\\/2025\\\/author\\\/edicionweb\\\/\"}]}<\/script>\n<!-- \/ Yoast SEO plugin. -->","yoast_head_json":{"title":"Uribe V\u00e9lez recibe 12 a\u00f1os de prisi\u00f3n domiciliaria por soborno y fraude - Canal 7 SLP - 2025","robots":{"index":"index","follow":"follow","max-snippet":"max-snippet:-1","max-image-preview":"max-image-preview:large","max-video-preview":"max-video-preview:-1"},"canonical":"https:\/\/canal7slp.tv\/2025\/uribe-velez-recibe-12-anos-de-prision-domiciliaria-por-soborno-y-fraude\/","og_locale":"es_ES","og_type":"article","og_title":"Uribe V\u00e9lez recibe 12 a\u00f1os de prisi\u00f3n domiciliaria por soborno y fraude - Canal 7 SLP - 2025","og_description":"Bogot\u00e1.- El expresidente colombiano \u00c1lvaro Uribe V\u00e9lez fue condenado a 12 a\u00f1os de prisi\u00f3n domiciliaria por los delitos de fraude procesal y soborno en actuaci\u00f3n penal, seg\u00fan la sentencia dictada el 1 de agosto por la jueza Sandra Heredia, del Juzgado 44 Penal del Circuito de Bogot\u00e1. Adem\u00e1s de la pena de prisi\u00f3n, Uribe deber\u00e1 pagar una multa superior a 3 mil 400 millones de pesos colombianos (alrededor de 822 mil d\u00f3lares) y fue inhabilitado por m\u00e1s de ocho a\u00f1os para ejercer cargos p\u00fablicos. La resoluci\u00f3n judicial, de m\u00e1s de 1,100 p\u00e1ginas, establece que el exmandatario cumplir\u00e1 la condena en [&hellip;]","og_url":"https:\/\/canal7slp.tv\/2025\/uribe-velez-recibe-12-anos-de-prision-domiciliaria-por-soborno-y-fraude\/","og_site_name":"Canal 7 SLP - 2025","article_publisher":"https:\/\/www.facebook.com\/noticieroscanal7atencionciudadana\/","article_published_time":"2025-08-01T20:28:31+00:00","og_image":[{"width":888,"height":500,"url":"https:\/\/canal7slp.tv\/2025\/wp-content\/uploads\/2025\/08\/06.jpg","type":"image\/jpeg"}],"author":"Edici\u00f3n Web","twitter_card":"summary_large_image","twitter_creator":"@NOTICIEROS7","twitter_site":"@NOTICIEROS7","twitter_misc":{"Escrito por":"Edici\u00f3n Web","Tiempo de lectura":"2 minutos"},"schema":{"@context":"https:\/\/schema.org","@graph":[{"@type":"Article","@id":"https:\/\/canal7slp.tv\/2025\/uribe-velez-recibe-12-anos-de-prision-domiciliaria-por-soborno-y-fraude\/#article","isPartOf":{"@id":"https:\/\/canal7slp.tv\/2025\/uribe-velez-recibe-12-anos-de-prision-domiciliaria-por-soborno-y-fraude\/"},"author":{"name":"Edici\u00f3n Web","@id":"https:\/\/canal7slp.tv\/2025\/#\/schema\/person\/271e2b60a96e7cc9d9ac296f4d7e414b"},"headline":"Uribe V\u00e9lez recibe 12 a\u00f1os de prisi\u00f3n domiciliaria por soborno y fraude","datePublished":"2025-08-01T20:28:31+00:00","mainEntityOfPage":{"@id":"https:\/\/canal7slp.tv\/2025\/uribe-velez-recibe-12-anos-de-prision-domiciliaria-por-soborno-y-fraude\/"},"wordCount":298,"publisher":{"@id":"https:\/\/canal7slp.tv\/2025\/#organization"},"image":{"@id":"https:\/\/canal7slp.tv\/2025\/uribe-velez-recibe-12-anos-de-prision-domiciliaria-por-soborno-y-fraude\/#primaryimage"},"thumbnailUrl":"https:\/\/canal7slp.tv\/2025\/wp-content\/uploads\/2025\/08\/06.jpg","articleSection":["INTERNACIONALES"],"inLanguage":"es"},{"@type":"WebPage","@id":"https:\/\/canal7slp.tv\/2025\/uribe-velez-recibe-12-anos-de-prision-domiciliaria-por-soborno-y-fraude\/","url":"https:\/\/canal7slp.tv\/2025\/uribe-velez-recibe-12-anos-de-prision-domiciliaria-por-soborno-y-fraude\/","name":"Uribe V\u00e9lez recibe 12 a\u00f1os de prisi\u00f3n domiciliaria por soborno y fraude - Canal 7 SLP - 2025","isPartOf":{"@id":"https:\/\/canal7slp.tv\/2025\/#website"},"primaryImageOfPage":{"@id":"https:\/\/canal7slp.tv\/2025\/uribe-velez-recibe-12-anos-de-prision-domiciliaria-por-soborno-y-fraude\/#primaryimage"},"image":{"@id":"https:\/\/canal7slp.tv\/2025\/uribe-velez-recibe-12-anos-de-prision-domiciliaria-por-soborno-y-fraude\/#primaryimage"},"thumbnailUrl":"https:\/\/canal7slp.tv\/2025\/wp-content\/uploads\/2025\/08\/06.jpg","datePublished":"2025-08-01T20:28:31+00:00","breadcrumb":{"@id":"https:\/\/canal7slp.tv\/2025\/uribe-velez-recibe-12-anos-de-prision-domiciliaria-por-soborno-y-fraude\/#breadcrumb"},"inLanguage":"es","potentialAction":[{"@type":"ReadAction","target":["https:\/\/canal7slp.tv\/2025\/uribe-velez-recibe-12-anos-de-prision-domiciliaria-por-soborno-y-fraude\/"]}]},{"@type":"ImageObject","inLanguage":"es","@id":"https:\/\/canal7slp.tv\/2025\/uribe-velez-recibe-12-anos-de-prision-domiciliaria-por-soborno-y-fraude\/#primaryimage","url":"https:\/\/canal7slp.tv\/2025\/wp-content\/uploads\/2025\/08\/06.jpg","contentUrl":"https:\/\/canal7slp.tv\/2025\/wp-content\/uploads\/2025\/08\/06.jpg","width":888,"height":500},{"@type":"BreadcrumbList","@id":"https:\/\/canal7slp.tv\/2025\/uribe-velez-recibe-12-anos-de-prision-domiciliaria-por-soborno-y-fraude\/#breadcrumb","itemListElement":[{"@type":"ListItem","position":1,"name":"Portada","item":"https:\/\/canal7slp.tv\/2025\/"},{"@type":"ListItem","position":2,"name":"Uribe V\u00e9lez recibe 12 a\u00f1os de prisi\u00f3n domiciliaria por soborno y fraude"}]},{"@type":"WebSite","@id":"https:\/\/canal7slp.tv\/2025\/#website","url":"https:\/\/canal7slp.tv\/2025\/","name":"N7 - Noticieros Canal 7","description":"Somos el Medio","publisher":{"@id":"https:\/\/canal7slp.tv\/2025\/#organization"},"potentialAction":[{"@type":"SearchAction","target":{"@type":"EntryPoint","urlTemplate":"https:\/\/canal7slp.tv\/2025\/?s={search_term_string}"},"query-input":{"@type":"PropertyValueSpecification","valueRequired":true,"valueName":"search_term_string"}}],"inLanguage":"es"},{"@type":"Organization","@id":"https:\/\/canal7slp.tv\/2025\/#organization","name":"Noticieros Canal 7","url":"https:\/\/canal7slp.tv\/2025\/","logo":{"@type":"ImageObject","inLanguage":"es","@id":"https:\/\/canal7slp.tv\/2025\/#\/schema\/logo\/image\/","url":"https:\/\/canal7slp.tv\/2025\/wp-content\/uploads\/2021\/01\/logo-noticieros@2x.png","contentUrl":"https:\/\/canal7slp.tv\/2025\/wp-content\/uploads\/2021\/01\/logo-noticieros@2x.png","width":1017,"height":268,"caption":"Noticieros Canal 7"},"image":{"@id":"https:\/\/canal7slp.tv\/2025\/#\/schema\/logo\/image\/"},"sameAs":["https:\/\/www.facebook.com\/noticieroscanal7atencionciudadana\/","https:\/\/x.com\/NOTICIEROS7","https:\/\/www.instagram.com\/canal7_slp","https:\/\/www.youtube.com\/channel\/UCliiYs-gP3JfJeqdPrNdd5A"]},{"@type":"Person","@id":"https:\/\/canal7slp.tv\/2025\/#\/schema\/person\/271e2b60a96e7cc9d9ac296f4d7e414b","name":"Edici\u00f3n Web","image":{"@type":"ImageObject","inLanguage":"es","@id":"https:\/\/secure.gravatar.com\/avatar\/eee448fc3f7164808013b816ba91ac7e43bbe82a70bebac296f8bc6f0addaa1a?s=96&d=mm&r=g","url":"https:\/\/secure.gravatar.com\/avatar\/eee448fc3f7164808013b816ba91ac7e43bbe82a70bebac296f8bc6f0addaa1a?s=96&d=mm&r=g","contentUrl":"https:\/\/secure.gravatar.com\/avatar\/eee448fc3f7164808013b816ba91ac7e43bbe82a70bebac296f8bc6f0addaa1a?s=96&d=mm&r=g","caption":"Edici\u00f3n Web"},"url":"https:\/\/canal7slp.tv\/2025\/author\/edicionweb\/"}]}},"_links":{"self":[{"href":"https:\/\/canal7slp.tv\/2025\/wp-json\/wp\/v2\/posts\/175099","targetHints":{"allow":["GET"]}}],"collection":[{"href":"https:\/\/canal7slp.tv\/2025\/wp-json\/wp\/v2\/posts"}],"about":[{"href":"https:\/\/canal7slp.tv\/2025\/wp-json\/wp\/v2\/types\/post"}],"author":[{"embeddable":true,"href":"https:\/\/canal7slp.tv\/2025\/wp-json\/wp\/v2\/users\/2"}],"replies":[{"embeddable":true,"href":"https:\/\/canal7slp.tv\/2025\/wp-json\/wp\/v2\/comments?post=175099"}],"version-history":[{"count":1,"href":"https:\/\/canal7slp.tv\/2025\/wp-json\/wp\/v2\/posts\/175099\/revisions"}],"predecessor-version":[{"id":175101,"href":"https:\/\/canal7slp.tv\/2025\/wp-json\/wp\/v2\/posts\/175099\/revisions\/175101"}],"wp:featuredmedia":[{"embeddable":true,"href":"https:\/\/canal7slp.tv\/2025\/wp-json\/wp\/v2\/media\/175100"}],"wp:attachment":[{"href":"https:\/\/canal7slp.tv\/2025\/wp-json\/wp\/v2\/media?parent=175099"}],"wp:term":[{"taxonomy":"category","embeddable":true,"href":"https:\/\/canal7slp.tv\/2025\/wp-json\/wp\/v2\/categories?post=175099"},{"taxonomy":"post_tag","embeddable":true,"href":"https:\/\/canal7slp.tv\/2025\/wp-json\/wp\/v2\/tags?post=175099"}],"curies":[{"name":"wp","href":"https:\/\/api.w.org\/{rel}","templated":true}]}}