{"id":175096,"date":"2025-08-01T13:44:32","date_gmt":"2025-08-01T19:44:32","guid":{"rendered":"https:\/\/canal7slp.tv\/2025\/?p=175096"},"modified":"2025-08-01T13:44:32","modified_gmt":"2025-08-01T19:44:32","slug":"trump-despide-a-jefa-del-bls-por-reporte-de-empleo-debil","status":"publish","type":"post","link":"https:\/\/canal7slp.tv\/2025\/trump-despide-a-jefa-del-bls-por-reporte-de-empleo-debil\/","title":{"rendered":"Trump despide a jefa del BLS por reporte de empleo d\u00e9bil"},"content":{"rendered":"<p style=\"text-align: justify;\">EUA.- El presidente de Estados Unidos, Donald Trump, destituy\u00f3 a Erika McEntarfer, comisionada de la Oficina de Estad\u00edsticas Laborales (BLS), luego de la publicaci\u00f3n de un informe que revel\u00f3 una cifra de creaci\u00f3n de empleo muy por debajo de las expectativas.<\/p>\n<p style=\"text-align: justify;\">El reporte indic\u00f3 que en julio solo se generaron 73 mil empleos, mientras que los datos de mayo y junio fueron corregidos a la baja, con una reducci\u00f3n acumulada de 258 mil empleos respecto a las cifras preliminares.<\/p>\n<p style=\"text-align: justify;\">Trump, quien hab\u00eda designado a McEntarfer durante su gesti\u00f3n, anunci\u00f3 su destituci\u00f3n a trav\u00e9s de la plataforma Truth Social.<\/p>\n<p style=\"text-align: justify;\">En su publicaci\u00f3n, acus\u00f3 a la funcionaria de manipular las cifras \u201cpara favorecer a la administraci\u00f3n anterior\u201d y afirm\u00f3 que ser\u00e1 reemplazada por alguien \u201cm\u00e1s competente y comprometido con la verdad\u201d.<\/p>\n<p style=\"text-align: justify;\">La Oficina de Estad\u00edsticas Laborales, encargada de generar informaci\u00f3n econ\u00f3mica confiable e independiente, ha operado hist\u00f3ricamente sin intervenci\u00f3n pol\u00edtica.<\/p>\n<p style=\"text-align: justify;\">La decisi\u00f3n de Trump rompe con esa tradici\u00f3n, y marca un giro in\u00e9dito en la relaci\u00f3n entre el Ejecutivo y una agencia que es clave para el an\u00e1lisis de pol\u00edticas p\u00fablicas.<\/p>\n","protected":false},"excerpt":{"rendered":"<p>EUA.- El presidente de Estados Unidos, Donald Trump, destituy\u00f3 a Erika McEntarfer, comisionada de la Oficina de Estad\u00edsticas Laborales (BLS), luego de la publicaci\u00f3n de un informe que revel\u00f3 una cifra de creaci\u00f3n de empleo muy por debajo de las expectativas. El reporte indic\u00f3 que en julio solo se generaron 73 mil empleos, mientras que los datos de mayo y junio fueron corregidos a la baja, con una reducci\u00f3n acumulada de 258 mil empleos respecto a las cifras preliminares. Trump, quien hab\u00eda designado a McEntarfer durante su gesti\u00f3n, anunci\u00f3 su destituci\u00f3n a trav\u00e9s de la plataforma Truth Social. En su [&hellip;]<\/p>\n","protected":false},"author":2,"featured_media":175097,"comment_status":"closed","ping_status":"closed","sticky":false,"template":"","format":"standard","meta":{"_monsterinsights_skip_tracking":false,"_monsterinsights_sitenote_active":false,"_monsterinsights_sitenote_note":"","_monsterinsights_sitenote_category":0,"footnotes":""},"categories":[44],"tags":[],"class_list":["post-175096","post","type-post","status-publish","format-standard","has-post-thumbnail","hentry","category-internacional","post--single"],"yoast_head":"<!-- This site is optimized with the Yoast SEO plugin v27.5 - https:\/\/yoast.com\/product\/yoast-seo-wordpress\/ -->\n<title>Trump despide a jefa del BLS por reporte de empleo d\u00e9bil - Canal 7 SLP - 2025<\/title>\n<meta name=\"robots\" content=\"index, follow, max-snippet:-1, max-image-preview:large, max-video-preview:-1\" \/>\n<link rel=\"canonical\" href=\"https:\/\/canal7slp.tv\/2025\/trump-despide-a-jefa-del-bls-por-reporte-de-empleo-debil\/\" \/>\n<meta property=\"og:locale\" content=\"es_ES\" \/>\n<meta property=\"og:type\" content=\"article\" \/>\n<meta property=\"og:title\" content=\"Trump despide a jefa del BLS por reporte de empleo d\u00e9bil - Canal 7 SLP - 2025\" \/>\n<meta property=\"og:description\" content=\"EUA.- El presidente de Estados Unidos, Donald Trump, destituy\u00f3 a Erika McEntarfer, comisionada de la Oficina de Estad\u00edsticas Laborales (BLS), luego de la publicaci\u00f3n de un informe que revel\u00f3 una cifra de creaci\u00f3n de empleo muy por debajo de las expectativas. El reporte indic\u00f3 que en julio solo se generaron 73 mil empleos, mientras que los datos de mayo y junio fueron corregidos a la baja, con una reducci\u00f3n acumulada de 258 mil empleos respecto a las cifras preliminares. Trump, quien hab\u00eda designado a McEntarfer durante su gesti\u00f3n, anunci\u00f3 su destituci\u00f3n a trav\u00e9s de la plataforma Truth Social. En su [&hellip;]\" \/>\n<meta property=\"og:url\" content=\"https:\/\/canal7slp.tv\/2025\/trump-despide-a-jefa-del-bls-por-reporte-de-empleo-debil\/\" \/>\n<meta property=\"og:site_name\" content=\"Canal 7 SLP - 2025\" \/>\n<meta property=\"article:publisher\" content=\"https:\/\/www.facebook.com\/noticieroscanal7atencionciudadana\/\" \/>\n<meta property=\"article:published_time\" content=\"2025-08-01T19:44:32+00:00\" \/>\n<meta property=\"og:image\" content=\"https:\/\/canal7slp.tv\/2025\/wp-content\/uploads\/2025\/08\/05.jpg\" \/>\n\t<meta property=\"og:image:width\" content=\"888\" \/>\n\t<meta property=\"og:image:height\" content=\"500\" \/>\n\t<meta property=\"og:image:type\" content=\"image\/jpeg\" \/>\n<meta name=\"author\" content=\"Edici\u00f3n Web\" \/>\n<meta name=\"twitter:card\" content=\"summary_large_image\" \/>\n<meta name=\"twitter:creator\" content=\"@NOTICIEROS7\" \/>\n<meta name=\"twitter:site\" content=\"@NOTICIEROS7\" \/>\n<meta name=\"twitter:label1\" content=\"Escrito por\" \/>\n\t<meta name=\"twitter:data1\" content=\"Edici\u00f3n Web\" \/>\n\t<meta name=\"twitter:label2\" content=\"Tiempo de lectura\" \/>\n\t<meta name=\"twitter:data2\" content=\"2 minutos\" \/>\n<script type=\"application\/ld+json\" class=\"yoast-schema-graph\">{\"@context\":\"https:\\\/\\\/schema.org\",\"@graph\":[{\"@type\":\"Article\",\"@id\":\"https:\\\/\\\/canal7slp.tv\\\/2025\\\/trump-despide-a-jefa-del-bls-por-reporte-de-empleo-debil\\\/#article\",\"isPartOf\":{\"@id\":\"https:\\\/\\\/canal7slp.tv\\\/2025\\\/trump-despide-a-jefa-del-bls-por-reporte-de-empleo-debil\\\/\"},\"author\":{\"name\":\"Edici\u00f3n Web\",\"@id\":\"https:\\\/\\\/canal7slp.tv\\\/2025\\\/#\\\/schema\\\/person\\\/271e2b60a96e7cc9d9ac296f4d7e414b\"},\"headline\":\"Trump despide a jefa del BLS por reporte de empleo d\u00e9bil\",\"datePublished\":\"2025-08-01T19:44:32+00:00\",\"mainEntityOfPage\":{\"@id\":\"https:\\\/\\\/canal7slp.tv\\\/2025\\\/trump-despide-a-jefa-del-bls-por-reporte-de-empleo-debil\\\/\"},\"wordCount\":214,\"publisher\":{\"@id\":\"https:\\\/\\\/canal7slp.tv\\\/2025\\\/#organization\"},\"image\":{\"@id\":\"https:\\\/\\\/canal7slp.tv\\\/2025\\\/trump-despide-a-jefa-del-bls-por-reporte-de-empleo-debil\\\/#primaryimage\"},\"thumbnailUrl\":\"https:\\\/\\\/canal7slp.tv\\\/2025\\\/wp-content\\\/uploads\\\/2025\\\/08\\\/05.jpg\",\"articleSection\":[\"INTERNACIONALES\"],\"inLanguage\":\"es\"},{\"@type\":\"WebPage\",\"@id\":\"https:\\\/\\\/canal7slp.tv\\\/2025\\\/trump-despide-a-jefa-del-bls-por-reporte-de-empleo-debil\\\/\",\"url\":\"https:\\\/\\\/canal7slp.tv\\\/2025\\\/trump-despide-a-jefa-del-bls-por-reporte-de-empleo-debil\\\/\",\"name\":\"Trump despide a jefa del BLS por reporte de empleo d\u00e9bil - Canal 7 SLP - 2025\",\"isPartOf\":{\"@id\":\"https:\\\/\\\/canal7slp.tv\\\/2025\\\/#website\"},\"primaryImageOfPage\":{\"@id\":\"https:\\\/\\\/canal7slp.tv\\\/2025\\\/trump-despide-a-jefa-del-bls-por-reporte-de-empleo-debil\\\/#primaryimage\"},\"image\":{\"@id\":\"https:\\\/\\\/canal7slp.tv\\\/2025\\\/trump-despide-a-jefa-del-bls-por-reporte-de-empleo-debil\\\/#primaryimage\"},\"thumbnailUrl\":\"https:\\\/\\\/canal7slp.tv\\\/2025\\\/wp-content\\\/uploads\\\/2025\\\/08\\\/05.jpg\",\"datePublished\":\"2025-08-01T19:44:32+00:00\",\"breadcrumb\":{\"@id\":\"https:\\\/\\\/canal7slp.tv\\\/2025\\\/trump-despide-a-jefa-del-bls-por-reporte-de-empleo-debil\\\/#breadcrumb\"},\"inLanguage\":\"es\",\"potentialAction\":[{\"@type\":\"ReadAction\",\"target\":[\"https:\\\/\\\/canal7slp.tv\\\/2025\\\/trump-despide-a-jefa-del-bls-por-reporte-de-empleo-debil\\\/\"]}]},{\"@type\":\"ImageObject\",\"inLanguage\":\"es\",\"@id\":\"https:\\\/\\\/canal7slp.tv\\\/2025\\\/trump-despide-a-jefa-del-bls-por-reporte-de-empleo-debil\\\/#primaryimage\",\"url\":\"https:\\\/\\\/canal7slp.tv\\\/2025\\\/wp-content\\\/uploads\\\/2025\\\/08\\\/05.jpg\",\"contentUrl\":\"https:\\\/\\\/canal7slp.tv\\\/2025\\\/wp-content\\\/uploads\\\/2025\\\/08\\\/05.jpg\",\"width\":888,\"height\":500},{\"@type\":\"BreadcrumbList\",\"@id\":\"https:\\\/\\\/canal7slp.tv\\\/2025\\\/trump-despide-a-jefa-del-bls-por-reporte-de-empleo-debil\\\/#breadcrumb\",\"itemListElement\":[{\"@type\":\"ListItem\",\"position\":1,\"name\":\"Portada\",\"item\":\"https:\\\/\\\/canal7slp.tv\\\/2025\\\/\"},{\"@type\":\"ListItem\",\"position\":2,\"name\":\"Trump despide a jefa del BLS por reporte de empleo d\u00e9bil\"}]},{\"@type\":\"WebSite\",\"@id\":\"https:\\\/\\\/canal7slp.tv\\\/2025\\\/#website\",\"url\":\"https:\\\/\\\/canal7slp.tv\\\/2025\\\/\",\"name\":\"N7 - Noticieros Canal 7\",\"description\":\"Somos el Medio\",\"publisher\":{\"@id\":\"https:\\\/\\\/canal7slp.tv\\\/2025\\\/#organization\"},\"potentialAction\":[{\"@type\":\"SearchAction\",\"target\":{\"@type\":\"EntryPoint\",\"urlTemplate\":\"https:\\\/\\\/canal7slp.tv\\\/2025\\\/?s={search_term_string}\"},\"query-input\":{\"@type\":\"PropertyValueSpecification\",\"valueRequired\":true,\"valueName\":\"search_term_string\"}}],\"inLanguage\":\"es\"},{\"@type\":\"Organization\",\"@id\":\"https:\\\/\\\/canal7slp.tv\\\/2025\\\/#organization\",\"name\":\"Noticieros Canal 7\",\"url\":\"https:\\\/\\\/canal7slp.tv\\\/2025\\\/\",\"logo\":{\"@type\":\"ImageObject\",\"inLanguage\":\"es\",\"@id\":\"https:\\\/\\\/canal7slp.tv\\\/2025\\\/#\\\/schema\\\/logo\\\/image\\\/\",\"url\":\"https:\\\/\\\/canal7slp.tv\\\/2025\\\/wp-content\\\/uploads\\\/2021\\\/01\\\/logo-noticieros@2x.png\",\"contentUrl\":\"https:\\\/\\\/canal7slp.tv\\\/2025\\\/wp-content\\\/uploads\\\/2021\\\/01\\\/logo-noticieros@2x.png\",\"width\":1017,\"height\":268,\"caption\":\"Noticieros Canal 7\"},\"image\":{\"@id\":\"https:\\\/\\\/canal7slp.tv\\\/2025\\\/#\\\/schema\\\/logo\\\/image\\\/\"},\"sameAs\":[\"https:\\\/\\\/www.facebook.com\\\/noticieroscanal7atencionciudadana\\\/\",\"https:\\\/\\\/x.com\\\/NOTICIEROS7\",\"https:\\\/\\\/www.instagram.com\\\/canal7_slp\",\"https:\\\/\\\/www.youtube.com\\\/channel\\\/UCliiYs-gP3JfJeqdPrNdd5A\"]},{\"@type\":\"Person\",\"@id\":\"https:\\\/\\\/canal7slp.tv\\\/2025\\\/#\\\/schema\\\/person\\\/271e2b60a96e7cc9d9ac296f4d7e414b\",\"name\":\"Edici\u00f3n Web\",\"image\":{\"@type\":\"ImageObject\",\"inLanguage\":\"es\",\"@id\":\"https:\\\/\\\/secure.gravatar.com\\\/avatar\\\/eee448fc3f7164808013b816ba91ac7e43bbe82a70bebac296f8bc6f0addaa1a?s=96&d=mm&r=g\",\"url\":\"https:\\\/\\\/secure.gravatar.com\\\/avatar\\\/eee448fc3f7164808013b816ba91ac7e43bbe82a70bebac296f8bc6f0addaa1a?s=96&d=mm&r=g\",\"contentUrl\":\"https:\\\/\\\/secure.gravatar.com\\\/avatar\\\/eee448fc3f7164808013b816ba91ac7e43bbe82a70bebac296f8bc6f0addaa1a?s=96&d=mm&r=g\",\"caption\":\"Edici\u00f3n Web\"},\"url\":\"https:\\\/\\\/canal7slp.tv\\\/2025\\\/author\\\/edicionweb\\\/\"}]}<\/script>\n<!-- \/ Yoast SEO plugin. -->","yoast_head_json":{"title":"Trump despide a jefa del BLS por reporte de empleo d\u00e9bil - Canal 7 SLP - 2025","robots":{"index":"index","follow":"follow","max-snippet":"max-snippet:-1","max-image-preview":"max-image-preview:large","max-video-preview":"max-video-preview:-1"},"canonical":"https:\/\/canal7slp.tv\/2025\/trump-despide-a-jefa-del-bls-por-reporte-de-empleo-debil\/","og_locale":"es_ES","og_type":"article","og_title":"Trump despide a jefa del BLS por reporte de empleo d\u00e9bil - Canal 7 SLP - 2025","og_description":"EUA.- El presidente de Estados Unidos, Donald Trump, destituy\u00f3 a Erika McEntarfer, comisionada de la Oficina de Estad\u00edsticas Laborales (BLS), luego de la publicaci\u00f3n de un informe que revel\u00f3 una cifra de creaci\u00f3n de empleo muy por debajo de las expectativas. El reporte indic\u00f3 que en julio solo se generaron 73 mil empleos, mientras que los datos de mayo y junio fueron corregidos a la baja, con una reducci\u00f3n acumulada de 258 mil empleos respecto a las cifras preliminares. Trump, quien hab\u00eda designado a McEntarfer durante su gesti\u00f3n, anunci\u00f3 su destituci\u00f3n a trav\u00e9s de la plataforma Truth Social. En su [&hellip;]","og_url":"https:\/\/canal7slp.tv\/2025\/trump-despide-a-jefa-del-bls-por-reporte-de-empleo-debil\/","og_site_name":"Canal 7 SLP - 2025","article_publisher":"https:\/\/www.facebook.com\/noticieroscanal7atencionciudadana\/","article_published_time":"2025-08-01T19:44:32+00:00","og_image":[{"width":888,"height":500,"url":"https:\/\/canal7slp.tv\/2025\/wp-content\/uploads\/2025\/08\/05.jpg","type":"image\/jpeg"}],"author":"Edici\u00f3n Web","twitter_card":"summary_large_image","twitter_creator":"@NOTICIEROS7","twitter_site":"@NOTICIEROS7","twitter_misc":{"Escrito por":"Edici\u00f3n Web","Tiempo de lectura":"2 minutos"},"schema":{"@context":"https:\/\/schema.org","@graph":[{"@type":"Article","@id":"https:\/\/canal7slp.tv\/2025\/trump-despide-a-jefa-del-bls-por-reporte-de-empleo-debil\/#article","isPartOf":{"@id":"https:\/\/canal7slp.tv\/2025\/trump-despide-a-jefa-del-bls-por-reporte-de-empleo-debil\/"},"author":{"name":"Edici\u00f3n Web","@id":"https:\/\/canal7slp.tv\/2025\/#\/schema\/person\/271e2b60a96e7cc9d9ac296f4d7e414b"},"headline":"Trump despide a jefa del BLS por reporte de empleo d\u00e9bil","datePublished":"2025-08-01T19:44:32+00:00","mainEntityOfPage":{"@id":"https:\/\/canal7slp.tv\/2025\/trump-despide-a-jefa-del-bls-por-reporte-de-empleo-debil\/"},"wordCount":214,"publisher":{"@id":"https:\/\/canal7slp.tv\/2025\/#organization"},"image":{"@id":"https:\/\/canal7slp.tv\/2025\/trump-despide-a-jefa-del-bls-por-reporte-de-empleo-debil\/#primaryimage"},"thumbnailUrl":"https:\/\/canal7slp.tv\/2025\/wp-content\/uploads\/2025\/08\/05.jpg","articleSection":["INTERNACIONALES"],"inLanguage":"es"},{"@type":"WebPage","@id":"https:\/\/canal7slp.tv\/2025\/trump-despide-a-jefa-del-bls-por-reporte-de-empleo-debil\/","url":"https:\/\/canal7slp.tv\/2025\/trump-despide-a-jefa-del-bls-por-reporte-de-empleo-debil\/","name":"Trump despide a jefa del BLS por reporte de empleo d\u00e9bil - Canal 7 SLP - 2025","isPartOf":{"@id":"https:\/\/canal7slp.tv\/2025\/#website"},"primaryImageOfPage":{"@id":"https:\/\/canal7slp.tv\/2025\/trump-despide-a-jefa-del-bls-por-reporte-de-empleo-debil\/#primaryimage"},"image":{"@id":"https:\/\/canal7slp.tv\/2025\/trump-despide-a-jefa-del-bls-por-reporte-de-empleo-debil\/#primaryimage"},"thumbnailUrl":"https:\/\/canal7slp.tv\/2025\/wp-content\/uploads\/2025\/08\/05.jpg","datePublished":"2025-08-01T19:44:32+00:00","breadcrumb":{"@id":"https:\/\/canal7slp.tv\/2025\/trump-despide-a-jefa-del-bls-por-reporte-de-empleo-debil\/#breadcrumb"},"inLanguage":"es","potentialAction":[{"@type":"ReadAction","target":["https:\/\/canal7slp.tv\/2025\/trump-despide-a-jefa-del-bls-por-reporte-de-empleo-debil\/"]}]},{"@type":"ImageObject","inLanguage":"es","@id":"https:\/\/canal7slp.tv\/2025\/trump-despide-a-jefa-del-bls-por-reporte-de-empleo-debil\/#primaryimage","url":"https:\/\/canal7slp.tv\/2025\/wp-content\/uploads\/2025\/08\/05.jpg","contentUrl":"https:\/\/canal7slp.tv\/2025\/wp-content\/uploads\/2025\/08\/05.jpg","width":888,"height":500},{"@type":"BreadcrumbList","@id":"https:\/\/canal7slp.tv\/2025\/trump-despide-a-jefa-del-bls-por-reporte-de-empleo-debil\/#breadcrumb","itemListElement":[{"@type":"ListItem","position":1,"name":"Portada","item":"https:\/\/canal7slp.tv\/2025\/"},{"@type":"ListItem","position":2,"name":"Trump despide a jefa del BLS por reporte de empleo d\u00e9bil"}]},{"@type":"WebSite","@id":"https:\/\/canal7slp.tv\/2025\/#website","url":"https:\/\/canal7slp.tv\/2025\/","name":"N7 - Noticieros Canal 7","description":"Somos el Medio","publisher":{"@id":"https:\/\/canal7slp.tv\/2025\/#organization"},"potentialAction":[{"@type":"SearchAction","target":{"@type":"EntryPoint","urlTemplate":"https:\/\/canal7slp.tv\/2025\/?s={search_term_string}"},"query-input":{"@type":"PropertyValueSpecification","valueRequired":true,"valueName":"search_term_string"}}],"inLanguage":"es"},{"@type":"Organization","@id":"https:\/\/canal7slp.tv\/2025\/#organization","name":"Noticieros Canal 7","url":"https:\/\/canal7slp.tv\/2025\/","logo":{"@type":"ImageObject","inLanguage":"es","@id":"https:\/\/canal7slp.tv\/2025\/#\/schema\/logo\/image\/","url":"https:\/\/canal7slp.tv\/2025\/wp-content\/uploads\/2021\/01\/logo-noticieros@2x.png","contentUrl":"https:\/\/canal7slp.tv\/2025\/wp-content\/uploads\/2021\/01\/logo-noticieros@2x.png","width":1017,"height":268,"caption":"Noticieros Canal 7"},"image":{"@id":"https:\/\/canal7slp.tv\/2025\/#\/schema\/logo\/image\/"},"sameAs":["https:\/\/www.facebook.com\/noticieroscanal7atencionciudadana\/","https:\/\/x.com\/NOTICIEROS7","https:\/\/www.instagram.com\/canal7_slp","https:\/\/www.youtube.com\/channel\/UCliiYs-gP3JfJeqdPrNdd5A"]},{"@type":"Person","@id":"https:\/\/canal7slp.tv\/2025\/#\/schema\/person\/271e2b60a96e7cc9d9ac296f4d7e414b","name":"Edici\u00f3n Web","image":{"@type":"ImageObject","inLanguage":"es","@id":"https:\/\/secure.gravatar.com\/avatar\/eee448fc3f7164808013b816ba91ac7e43bbe82a70bebac296f8bc6f0addaa1a?s=96&d=mm&r=g","url":"https:\/\/secure.gravatar.com\/avatar\/eee448fc3f7164808013b816ba91ac7e43bbe82a70bebac296f8bc6f0addaa1a?s=96&d=mm&r=g","contentUrl":"https:\/\/secure.gravatar.com\/avatar\/eee448fc3f7164808013b816ba91ac7e43bbe82a70bebac296f8bc6f0addaa1a?s=96&d=mm&r=g","caption":"Edici\u00f3n Web"},"url":"https:\/\/canal7slp.tv\/2025\/author\/edicionweb\/"}]}},"_links":{"self":[{"href":"https:\/\/canal7slp.tv\/2025\/wp-json\/wp\/v2\/posts\/175096","targetHints":{"allow":["GET"]}}],"collection":[{"href":"https:\/\/canal7slp.tv\/2025\/wp-json\/wp\/v2\/posts"}],"about":[{"href":"https:\/\/canal7slp.tv\/2025\/wp-json\/wp\/v2\/types\/post"}],"author":[{"embeddable":true,"href":"https:\/\/canal7slp.tv\/2025\/wp-json\/wp\/v2\/users\/2"}],"replies":[{"embeddable":true,"href":"https:\/\/canal7slp.tv\/2025\/wp-json\/wp\/v2\/comments?post=175096"}],"version-history":[{"count":1,"href":"https:\/\/canal7slp.tv\/2025\/wp-json\/wp\/v2\/posts\/175096\/revisions"}],"predecessor-version":[{"id":175098,"href":"https:\/\/canal7slp.tv\/2025\/wp-json\/wp\/v2\/posts\/175096\/revisions\/175098"}],"wp:featuredmedia":[{"embeddable":true,"href":"https:\/\/canal7slp.tv\/2025\/wp-json\/wp\/v2\/media\/175097"}],"wp:attachment":[{"href":"https:\/\/canal7slp.tv\/2025\/wp-json\/wp\/v2\/media?parent=175096"}],"wp:term":[{"taxonomy":"category","embeddable":true,"href":"https:\/\/canal7slp.tv\/2025\/wp-json\/wp\/v2\/categories?post=175096"},{"taxonomy":"post_tag","embeddable":true,"href":"https:\/\/canal7slp.tv\/2025\/wp-json\/wp\/v2\/tags?post=175096"}],"curies":[{"name":"wp","href":"https:\/\/api.w.org\/{rel}","templated":true}]}}