{"id":174700,"date":"2025-07-28T17:32:15","date_gmt":"2025-07-28T23:32:15","guid":{"rendered":"https:\/\/canal7slp.tv\/2025\/?p=174700"},"modified":"2025-07-28T17:32:15","modified_gmt":"2025-07-28T23:32:15","slug":"arrancaron-los-campamentos-de-verano-del-municipio-de-sgs","status":"publish","type":"post","link":"https:\/\/canal7slp.tv\/2025\/arrancaron-los-campamentos-de-verano-del-municipio-de-sgs\/","title":{"rendered":"Arrancaron los campamentos de verano del Municipio de SGS"},"content":{"rendered":"<p style=\"text-align: justify;\">SGS.- Comenzaron los campamentos de verano del Municipio de Soledad de Graciano S\u00e1nchez y al respecto habl\u00f3 la presidenta del Sistema DIF, Pilar Cardona Reyna.<\/p>\n<p style=\"text-align: justify;\">\u201cA partir del d\u00eda de hoy hasta el d\u00eda 15 de agosto ser\u00e1n estos campamentos (\u2026) tenemos en cada Centro Comunitario llevar\u00e1n a cabo un campamento, o sea, son ocho y nosotros en el DIF tenemos otro, entonces ser\u00e1n nueve grupos los que estaremos llevando a cabo en estos campamentos\u201d.<\/p>\n<p style=\"text-align: justify;\">Son alrededor de 300 los menores que forman parte de \u00e9sta actividad.<\/p>\n<p style=\"text-align: justify;\">\u201cVar\u00eda el n\u00famero de ni\u00f1os en cada grupo pero aproximadamente entre 20 y 40 ni\u00f1os est\u00e1n en cada grupo y pues bueno tendr\u00e1n diversas actividades, tendr\u00e1n visitas guiadas, tendr\u00e1n tambi\u00e9n algunos talleres dentro de los mismos Centros Comunitarios, tambi\u00e9n tendr\u00e1n la visita de Protecci\u00f3n Civil (\u2026) visitas guiadas al Laberinto de las Ciencias, al Parque Tangamanga (\u2026) son varias salidas las que se tienen programadas y pues bueno, con todos los cuidados necesarios\u201d.<\/p>\n<p style=\"text-align: justify;\">Se tiene por primera ocasi\u00f3n un campamento para personas con discapacidad.<\/p>\n<p style=\"text-align: justify;\">\u201cSe lleva a cabo en la UBR2 en Villa Jard\u00edn, ah\u00ed se llevar\u00e1 a cabo para ellos y va a ser nada m\u00e1s los viernes, todos los viernes del mes de agosto (\u2026) las actividades para ellos son tambi\u00e9n algunas visitas guiadas tambi\u00e9n con todos los cuidados y pues actividades ah\u00ed mismo dentro de la Unidad, todo de acuerdo bajo la vigilancias de nuestros terapeutas\u201d.<\/p>\n<p style=\"text-align: justify;\">Los campamentos culminar\u00e1n el d\u00eda 15 de agosto para dejar d\u00edas a los menores de descanso de cara al arranque del siguiente ciclo escolar.<\/p>\n<p>Por: Juan Carlos Contreras<\/p>\n","protected":false},"excerpt":{"rendered":"<p>SGS.- Comenzaron los campamentos de verano del Municipio de Soledad de Graciano S\u00e1nchez y al respecto habl\u00f3 la presidenta del Sistema DIF, Pilar Cardona Reyna. \u201cA partir del d\u00eda de hoy hasta el d\u00eda 15 de agosto ser\u00e1n estos campamentos (\u2026) tenemos en cada Centro Comunitario llevar\u00e1n a cabo un campamento, o sea, son ocho y nosotros en el DIF tenemos otro, entonces ser\u00e1n nueve grupos los que estaremos llevando a cabo en estos campamentos\u201d. Son alrededor de 300 los menores que forman parte de \u00e9sta actividad. \u201cVar\u00eda el n\u00famero de ni\u00f1os en cada grupo pero aproximadamente entre 20 y [&hellip;]<\/p>\n","protected":false},"author":2,"featured_media":174702,"comment_status":"closed","ping_status":"closed","sticky":false,"template":"","format":"video","meta":{"_monsterinsights_skip_tracking":false,"_monsterinsights_sitenote_active":false,"_monsterinsights_sitenote_note":"","_monsterinsights_sitenote_category":0,"footnotes":""},"categories":[512,5,45],"tags":[],"class_list":["post-174700","post","type-post","status-publish","format-video","has-post-thumbnail","hentry","category-ayosgs","category-destacadas","category-localesyregionales","post_format-post-format-video","post--single"],"yoast_head":"<!-- This site is optimized with the Yoast SEO plugin v27.5 - https:\/\/yoast.com\/product\/yoast-seo-wordpress\/ -->\n<title>Arrancaron los campamentos de verano del Municipio de SGS - Canal 7 SLP - 2025<\/title>\n<meta name=\"robots\" content=\"index, follow, max-snippet:-1, max-image-preview:large, max-video-preview:-1\" \/>\n<link rel=\"canonical\" href=\"https:\/\/canal7slp.tv\/2025\/arrancaron-los-campamentos-de-verano-del-municipio-de-sgs\/\" \/>\n<meta property=\"og:locale\" content=\"es_ES\" \/>\n<meta property=\"og:type\" content=\"article\" \/>\n<meta property=\"og:title\" content=\"Arrancaron los campamentos de verano del Municipio de SGS - Canal 7 SLP - 2025\" \/>\n<meta property=\"og:description\" content=\"SGS.- Comenzaron los campamentos de verano del Municipio de Soledad de Graciano S\u00e1nchez y al respecto habl\u00f3 la presidenta del Sistema DIF, Pilar Cardona Reyna. \u201cA partir del d\u00eda de hoy hasta el d\u00eda 15 de agosto ser\u00e1n estos campamentos (\u2026) tenemos en cada Centro Comunitario llevar\u00e1n a cabo un campamento, o sea, son ocho y nosotros en el DIF tenemos otro, entonces ser\u00e1n nueve grupos los que estaremos llevando a cabo en estos campamentos\u201d. Son alrededor de 300 los menores que forman parte de \u00e9sta actividad. \u201cVar\u00eda el n\u00famero de ni\u00f1os en cada grupo pero aproximadamente entre 20 y [&hellip;]\" \/>\n<meta property=\"og:url\" content=\"https:\/\/canal7slp.tv\/2025\/arrancaron-los-campamentos-de-verano-del-municipio-de-sgs\/\" \/>\n<meta property=\"og:site_name\" content=\"Canal 7 SLP - 2025\" \/>\n<meta property=\"article:publisher\" content=\"https:\/\/www.facebook.com\/noticieroscanal7atencionciudadana\/\" \/>\n<meta property=\"article:published_time\" content=\"2025-07-28T23:32:15+00:00\" \/>\n<meta property=\"og:image\" content=\"https:\/\/canal7slp.tv\/2025\/wp-content\/uploads\/2025\/07\/Poky02CampamentosSoledad.jpg\" \/>\n\t<meta property=\"og:image:width\" content=\"1280\" \/>\n\t<meta property=\"og:image:height\" content=\"720\" \/>\n\t<meta property=\"og:image:type\" content=\"image\/jpeg\" \/>\n<meta name=\"author\" content=\"Edici\u00f3n Web\" \/>\n<meta name=\"twitter:card\" content=\"summary_large_image\" \/>\n<meta name=\"twitter:creator\" content=\"@NOTICIEROS7\" \/>\n<meta name=\"twitter:site\" content=\"@NOTICIEROS7\" \/>\n<meta name=\"twitter:label1\" content=\"Escrito por\" \/>\n\t<meta name=\"twitter:data1\" content=\"Edici\u00f3n Web\" \/>\n\t<meta name=\"twitter:label2\" content=\"Tiempo de lectura\" \/>\n\t<meta name=\"twitter:data2\" content=\"2 minutos\" \/>\n<script type=\"application\/ld+json\" class=\"yoast-schema-graph\">{\"@context\":\"https:\\\/\\\/schema.org\",\"@graph\":[{\"@type\":\"Article\",\"@id\":\"https:\\\/\\\/canal7slp.tv\\\/2025\\\/arrancaron-los-campamentos-de-verano-del-municipio-de-sgs\\\/#article\",\"isPartOf\":{\"@id\":\"https:\\\/\\\/canal7slp.tv\\\/2025\\\/arrancaron-los-campamentos-de-verano-del-municipio-de-sgs\\\/\"},\"author\":{\"name\":\"Edici\u00f3n Web\",\"@id\":\"https:\\\/\\\/canal7slp.tv\\\/2025\\\/#\\\/schema\\\/person\\\/271e2b60a96e7cc9d9ac296f4d7e414b\"},\"headline\":\"Arrancaron los campamentos de verano del Municipio de SGS\",\"datePublished\":\"2025-07-28T23:32:15+00:00\",\"mainEntityOfPage\":{\"@id\":\"https:\\\/\\\/canal7slp.tv\\\/2025\\\/arrancaron-los-campamentos-de-verano-del-municipio-de-sgs\\\/\"},\"wordCount\":291,\"publisher\":{\"@id\":\"https:\\\/\\\/canal7slp.tv\\\/2025\\\/#organization\"},\"image\":{\"@id\":\"https:\\\/\\\/canal7slp.tv\\\/2025\\\/arrancaron-los-campamentos-de-verano-del-municipio-de-sgs\\\/#primaryimage\"},\"thumbnailUrl\":\"https:\\\/\\\/canal7slp.tv\\\/2025\\\/wp-content\\\/uploads\\\/2025\\\/07\\\/Poky02CampamentosSoledad.jpg\",\"articleSection\":[\"AYOSGS\",\"DESTACADAS\",\"LOCALES Y REGIONALES\"],\"inLanguage\":\"es\"},{\"@type\":\"WebPage\",\"@id\":\"https:\\\/\\\/canal7slp.tv\\\/2025\\\/arrancaron-los-campamentos-de-verano-del-municipio-de-sgs\\\/\",\"url\":\"https:\\\/\\\/canal7slp.tv\\\/2025\\\/arrancaron-los-campamentos-de-verano-del-municipio-de-sgs\\\/\",\"name\":\"Arrancaron los campamentos de verano del Municipio de SGS - Canal 7 SLP - 2025\",\"isPartOf\":{\"@id\":\"https:\\\/\\\/canal7slp.tv\\\/2025\\\/#website\"},\"primaryImageOfPage\":{\"@id\":\"https:\\\/\\\/canal7slp.tv\\\/2025\\\/arrancaron-los-campamentos-de-verano-del-municipio-de-sgs\\\/#primaryimage\"},\"image\":{\"@id\":\"https:\\\/\\\/canal7slp.tv\\\/2025\\\/arrancaron-los-campamentos-de-verano-del-municipio-de-sgs\\\/#primaryimage\"},\"thumbnailUrl\":\"https:\\\/\\\/canal7slp.tv\\\/2025\\\/wp-content\\\/uploads\\\/2025\\\/07\\\/Poky02CampamentosSoledad.jpg\",\"datePublished\":\"2025-07-28T23:32:15+00:00\",\"breadcrumb\":{\"@id\":\"https:\\\/\\\/canal7slp.tv\\\/2025\\\/arrancaron-los-campamentos-de-verano-del-municipio-de-sgs\\\/#breadcrumb\"},\"inLanguage\":\"es\",\"potentialAction\":[{\"@type\":\"ReadAction\",\"target\":[\"https:\\\/\\\/canal7slp.tv\\\/2025\\\/arrancaron-los-campamentos-de-verano-del-municipio-de-sgs\\\/\"]}]},{\"@type\":\"ImageObject\",\"inLanguage\":\"es\",\"@id\":\"https:\\\/\\\/canal7slp.tv\\\/2025\\\/arrancaron-los-campamentos-de-verano-del-municipio-de-sgs\\\/#primaryimage\",\"url\":\"https:\\\/\\\/canal7slp.tv\\\/2025\\\/wp-content\\\/uploads\\\/2025\\\/07\\\/Poky02CampamentosSoledad.jpg\",\"contentUrl\":\"https:\\\/\\\/canal7slp.tv\\\/2025\\\/wp-content\\\/uploads\\\/2025\\\/07\\\/Poky02CampamentosSoledad.jpg\",\"width\":1280,\"height\":720},{\"@type\":\"BreadcrumbList\",\"@id\":\"https:\\\/\\\/canal7slp.tv\\\/2025\\\/arrancaron-los-campamentos-de-verano-del-municipio-de-sgs\\\/#breadcrumb\",\"itemListElement\":[{\"@type\":\"ListItem\",\"position\":1,\"name\":\"Portada\",\"item\":\"https:\\\/\\\/canal7slp.tv\\\/2025\\\/\"},{\"@type\":\"ListItem\",\"position\":2,\"name\":\"Arrancaron los campamentos de verano del Municipio de SGS\"}]},{\"@type\":\"WebSite\",\"@id\":\"https:\\\/\\\/canal7slp.tv\\\/2025\\\/#website\",\"url\":\"https:\\\/\\\/canal7slp.tv\\\/2025\\\/\",\"name\":\"N7 - Noticieros Canal 7\",\"description\":\"Somos el Medio\",\"publisher\":{\"@id\":\"https:\\\/\\\/canal7slp.tv\\\/2025\\\/#organization\"},\"potentialAction\":[{\"@type\":\"SearchAction\",\"target\":{\"@type\":\"EntryPoint\",\"urlTemplate\":\"https:\\\/\\\/canal7slp.tv\\\/2025\\\/?s={search_term_string}\"},\"query-input\":{\"@type\":\"PropertyValueSpecification\",\"valueRequired\":true,\"valueName\":\"search_term_string\"}}],\"inLanguage\":\"es\"},{\"@type\":\"Organization\",\"@id\":\"https:\\\/\\\/canal7slp.tv\\\/2025\\\/#organization\",\"name\":\"Noticieros Canal 7\",\"url\":\"https:\\\/\\\/canal7slp.tv\\\/2025\\\/\",\"logo\":{\"@type\":\"ImageObject\",\"inLanguage\":\"es\",\"@id\":\"https:\\\/\\\/canal7slp.tv\\\/2025\\\/#\\\/schema\\\/logo\\\/image\\\/\",\"url\":\"https:\\\/\\\/canal7slp.tv\\\/2025\\\/wp-content\\\/uploads\\\/2021\\\/01\\\/logo-noticieros@2x.png\",\"contentUrl\":\"https:\\\/\\\/canal7slp.tv\\\/2025\\\/wp-content\\\/uploads\\\/2021\\\/01\\\/logo-noticieros@2x.png\",\"width\":1017,\"height\":268,\"caption\":\"Noticieros Canal 7\"},\"image\":{\"@id\":\"https:\\\/\\\/canal7slp.tv\\\/2025\\\/#\\\/schema\\\/logo\\\/image\\\/\"},\"sameAs\":[\"https:\\\/\\\/www.facebook.com\\\/noticieroscanal7atencionciudadana\\\/\",\"https:\\\/\\\/x.com\\\/NOTICIEROS7\",\"https:\\\/\\\/www.instagram.com\\\/canal7_slp\",\"https:\\\/\\\/www.youtube.com\\\/channel\\\/UCliiYs-gP3JfJeqdPrNdd5A\"]},{\"@type\":\"Person\",\"@id\":\"https:\\\/\\\/canal7slp.tv\\\/2025\\\/#\\\/schema\\\/person\\\/271e2b60a96e7cc9d9ac296f4d7e414b\",\"name\":\"Edici\u00f3n Web\",\"image\":{\"@type\":\"ImageObject\",\"inLanguage\":\"es\",\"@id\":\"https:\\\/\\\/secure.gravatar.com\\\/avatar\\\/eee448fc3f7164808013b816ba91ac7e43bbe82a70bebac296f8bc6f0addaa1a?s=96&d=mm&r=g\",\"url\":\"https:\\\/\\\/secure.gravatar.com\\\/avatar\\\/eee448fc3f7164808013b816ba91ac7e43bbe82a70bebac296f8bc6f0addaa1a?s=96&d=mm&r=g\",\"contentUrl\":\"https:\\\/\\\/secure.gravatar.com\\\/avatar\\\/eee448fc3f7164808013b816ba91ac7e43bbe82a70bebac296f8bc6f0addaa1a?s=96&d=mm&r=g\",\"caption\":\"Edici\u00f3n Web\"},\"url\":\"https:\\\/\\\/canal7slp.tv\\\/2025\\\/author\\\/edicionweb\\\/\"}]}<\/script>\n<!-- \/ Yoast SEO plugin. -->","yoast_head_json":{"title":"Arrancaron los campamentos de verano del Municipio de SGS - Canal 7 SLP - 2025","robots":{"index":"index","follow":"follow","max-snippet":"max-snippet:-1","max-image-preview":"max-image-preview:large","max-video-preview":"max-video-preview:-1"},"canonical":"https:\/\/canal7slp.tv\/2025\/arrancaron-los-campamentos-de-verano-del-municipio-de-sgs\/","og_locale":"es_ES","og_type":"article","og_title":"Arrancaron los campamentos de verano del Municipio de SGS - Canal 7 SLP - 2025","og_description":"SGS.- Comenzaron los campamentos de verano del Municipio de Soledad de Graciano S\u00e1nchez y al respecto habl\u00f3 la presidenta del Sistema DIF, Pilar Cardona Reyna. \u201cA partir del d\u00eda de hoy hasta el d\u00eda 15 de agosto ser\u00e1n estos campamentos (\u2026) tenemos en cada Centro Comunitario llevar\u00e1n a cabo un campamento, o sea, son ocho y nosotros en el DIF tenemos otro, entonces ser\u00e1n nueve grupos los que estaremos llevando a cabo en estos campamentos\u201d. Son alrededor de 300 los menores que forman parte de \u00e9sta actividad. \u201cVar\u00eda el n\u00famero de ni\u00f1os en cada grupo pero aproximadamente entre 20 y [&hellip;]","og_url":"https:\/\/canal7slp.tv\/2025\/arrancaron-los-campamentos-de-verano-del-municipio-de-sgs\/","og_site_name":"Canal 7 SLP - 2025","article_publisher":"https:\/\/www.facebook.com\/noticieroscanal7atencionciudadana\/","article_published_time":"2025-07-28T23:32:15+00:00","og_image":[{"width":1280,"height":720,"url":"https:\/\/canal7slp.tv\/2025\/wp-content\/uploads\/2025\/07\/Poky02CampamentosSoledad.jpg","type":"image\/jpeg"}],"author":"Edici\u00f3n Web","twitter_card":"summary_large_image","twitter_creator":"@NOTICIEROS7","twitter_site":"@NOTICIEROS7","twitter_misc":{"Escrito por":"Edici\u00f3n Web","Tiempo de lectura":"2 minutos"},"schema":{"@context":"https:\/\/schema.org","@graph":[{"@type":"Article","@id":"https:\/\/canal7slp.tv\/2025\/arrancaron-los-campamentos-de-verano-del-municipio-de-sgs\/#article","isPartOf":{"@id":"https:\/\/canal7slp.tv\/2025\/arrancaron-los-campamentos-de-verano-del-municipio-de-sgs\/"},"author":{"name":"Edici\u00f3n Web","@id":"https:\/\/canal7slp.tv\/2025\/#\/schema\/person\/271e2b60a96e7cc9d9ac296f4d7e414b"},"headline":"Arrancaron los campamentos de verano del Municipio de SGS","datePublished":"2025-07-28T23:32:15+00:00","mainEntityOfPage":{"@id":"https:\/\/canal7slp.tv\/2025\/arrancaron-los-campamentos-de-verano-del-municipio-de-sgs\/"},"wordCount":291,"publisher":{"@id":"https:\/\/canal7slp.tv\/2025\/#organization"},"image":{"@id":"https:\/\/canal7slp.tv\/2025\/arrancaron-los-campamentos-de-verano-del-municipio-de-sgs\/#primaryimage"},"thumbnailUrl":"https:\/\/canal7slp.tv\/2025\/wp-content\/uploads\/2025\/07\/Poky02CampamentosSoledad.jpg","articleSection":["AYOSGS","DESTACADAS","LOCALES Y REGIONALES"],"inLanguage":"es"},{"@type":"WebPage","@id":"https:\/\/canal7slp.tv\/2025\/arrancaron-los-campamentos-de-verano-del-municipio-de-sgs\/","url":"https:\/\/canal7slp.tv\/2025\/arrancaron-los-campamentos-de-verano-del-municipio-de-sgs\/","name":"Arrancaron los campamentos de verano del Municipio de SGS - Canal 7 SLP - 2025","isPartOf":{"@id":"https:\/\/canal7slp.tv\/2025\/#website"},"primaryImageOfPage":{"@id":"https:\/\/canal7slp.tv\/2025\/arrancaron-los-campamentos-de-verano-del-municipio-de-sgs\/#primaryimage"},"image":{"@id":"https:\/\/canal7slp.tv\/2025\/arrancaron-los-campamentos-de-verano-del-municipio-de-sgs\/#primaryimage"},"thumbnailUrl":"https:\/\/canal7slp.tv\/2025\/wp-content\/uploads\/2025\/07\/Poky02CampamentosSoledad.jpg","datePublished":"2025-07-28T23:32:15+00:00","breadcrumb":{"@id":"https:\/\/canal7slp.tv\/2025\/arrancaron-los-campamentos-de-verano-del-municipio-de-sgs\/#breadcrumb"},"inLanguage":"es","potentialAction":[{"@type":"ReadAction","target":["https:\/\/canal7slp.tv\/2025\/arrancaron-los-campamentos-de-verano-del-municipio-de-sgs\/"]}]},{"@type":"ImageObject","inLanguage":"es","@id":"https:\/\/canal7slp.tv\/2025\/arrancaron-los-campamentos-de-verano-del-municipio-de-sgs\/#primaryimage","url":"https:\/\/canal7slp.tv\/2025\/wp-content\/uploads\/2025\/07\/Poky02CampamentosSoledad.jpg","contentUrl":"https:\/\/canal7slp.tv\/2025\/wp-content\/uploads\/2025\/07\/Poky02CampamentosSoledad.jpg","width":1280,"height":720},{"@type":"BreadcrumbList","@id":"https:\/\/canal7slp.tv\/2025\/arrancaron-los-campamentos-de-verano-del-municipio-de-sgs\/#breadcrumb","itemListElement":[{"@type":"ListItem","position":1,"name":"Portada","item":"https:\/\/canal7slp.tv\/2025\/"},{"@type":"ListItem","position":2,"name":"Arrancaron los campamentos de verano del Municipio de SGS"}]},{"@type":"WebSite","@id":"https:\/\/canal7slp.tv\/2025\/#website","url":"https:\/\/canal7slp.tv\/2025\/","name":"N7 - Noticieros Canal 7","description":"Somos el Medio","publisher":{"@id":"https:\/\/canal7slp.tv\/2025\/#organization"},"potentialAction":[{"@type":"SearchAction","target":{"@type":"EntryPoint","urlTemplate":"https:\/\/canal7slp.tv\/2025\/?s={search_term_string}"},"query-input":{"@type":"PropertyValueSpecification","valueRequired":true,"valueName":"search_term_string"}}],"inLanguage":"es"},{"@type":"Organization","@id":"https:\/\/canal7slp.tv\/2025\/#organization","name":"Noticieros Canal 7","url":"https:\/\/canal7slp.tv\/2025\/","logo":{"@type":"ImageObject","inLanguage":"es","@id":"https:\/\/canal7slp.tv\/2025\/#\/schema\/logo\/image\/","url":"https:\/\/canal7slp.tv\/2025\/wp-content\/uploads\/2021\/01\/logo-noticieros@2x.png","contentUrl":"https:\/\/canal7slp.tv\/2025\/wp-content\/uploads\/2021\/01\/logo-noticieros@2x.png","width":1017,"height":268,"caption":"Noticieros Canal 7"},"image":{"@id":"https:\/\/canal7slp.tv\/2025\/#\/schema\/logo\/image\/"},"sameAs":["https:\/\/www.facebook.com\/noticieroscanal7atencionciudadana\/","https:\/\/x.com\/NOTICIEROS7","https:\/\/www.instagram.com\/canal7_slp","https:\/\/www.youtube.com\/channel\/UCliiYs-gP3JfJeqdPrNdd5A"]},{"@type":"Person","@id":"https:\/\/canal7slp.tv\/2025\/#\/schema\/person\/271e2b60a96e7cc9d9ac296f4d7e414b","name":"Edici\u00f3n Web","image":{"@type":"ImageObject","inLanguage":"es","@id":"https:\/\/secure.gravatar.com\/avatar\/eee448fc3f7164808013b816ba91ac7e43bbe82a70bebac296f8bc6f0addaa1a?s=96&d=mm&r=g","url":"https:\/\/secure.gravatar.com\/avatar\/eee448fc3f7164808013b816ba91ac7e43bbe82a70bebac296f8bc6f0addaa1a?s=96&d=mm&r=g","contentUrl":"https:\/\/secure.gravatar.com\/avatar\/eee448fc3f7164808013b816ba91ac7e43bbe82a70bebac296f8bc6f0addaa1a?s=96&d=mm&r=g","caption":"Edici\u00f3n Web"},"url":"https:\/\/canal7slp.tv\/2025\/author\/edicionweb\/"}]}},"_links":{"self":[{"href":"https:\/\/canal7slp.tv\/2025\/wp-json\/wp\/v2\/posts\/174700","targetHints":{"allow":["GET"]}}],"collection":[{"href":"https:\/\/canal7slp.tv\/2025\/wp-json\/wp\/v2\/posts"}],"about":[{"href":"https:\/\/canal7slp.tv\/2025\/wp-json\/wp\/v2\/types\/post"}],"author":[{"embeddable":true,"href":"https:\/\/canal7slp.tv\/2025\/wp-json\/wp\/v2\/users\/2"}],"replies":[{"embeddable":true,"href":"https:\/\/canal7slp.tv\/2025\/wp-json\/wp\/v2\/comments?post=174700"}],"version-history":[{"count":1,"href":"https:\/\/canal7slp.tv\/2025\/wp-json\/wp\/v2\/posts\/174700\/revisions"}],"predecessor-version":[{"id":174703,"href":"https:\/\/canal7slp.tv\/2025\/wp-json\/wp\/v2\/posts\/174700\/revisions\/174703"}],"wp:featuredmedia":[{"embeddable":true,"href":"https:\/\/canal7slp.tv\/2025\/wp-json\/wp\/v2\/media\/174702"}],"wp:attachment":[{"href":"https:\/\/canal7slp.tv\/2025\/wp-json\/wp\/v2\/media?parent=174700"}],"wp:term":[{"taxonomy":"category","embeddable":true,"href":"https:\/\/canal7slp.tv\/2025\/wp-json\/wp\/v2\/categories?post=174700"},{"taxonomy":"post_tag","embeddable":true,"href":"https:\/\/canal7slp.tv\/2025\/wp-json\/wp\/v2\/tags?post=174700"}],"curies":[{"name":"wp","href":"https:\/\/api.w.org\/{rel}","templated":true}]}}