{"id":174696,"date":"2025-07-28T17:22:53","date_gmt":"2025-07-28T23:22:53","guid":{"rendered":"https:\/\/canal7slp.tv\/2025\/?p=174696"},"modified":"2025-07-28T17:22:53","modified_gmt":"2025-07-28T23:22:53","slug":"cinco-mil-potosinos-ya-tramitaron-la-curp-biometrica-en-el-registro-civil","status":"publish","type":"post","link":"https:\/\/canal7slp.tv\/2025\/cinco-mil-potosinos-ya-tramitaron-la-curp-biometrica-en-el-registro-civil\/","title":{"rendered":"Cinco mil Potosinos ya tramitaron la CURP biom\u00e9trica en el Registro Civil"},"content":{"rendered":"<p style=\"text-align: justify;\">SLP.- En el Registro Civil de San Luis Potos\u00ed ya comenz\u00f3 el registro de poblaci\u00f3n para poder contar con la CURP biom\u00e9trica, as\u00ed lo hizo saber la titular de esta direcci\u00f3n, Deysi Maribel L\u00f3pez Sierra.<\/p>\n<p style=\"text-align: justify;\">\u201cS\u00ed, ya van y recaban sus datos biom\u00e9tricos, m\u00e1s sin embargo, estamos esperando a que el Registro Nacional de Poblaci\u00f3n nos d\u00e9 la luz verde, porque est\u00e1n trabajando, eso nos indicaron, que est\u00e1n trabajando sobre el dise\u00f1o realmente c\u00f3mo va aquedar la CURP biom\u00e9trica\u201d.<\/p>\n<p style=\"text-align: justify;\">Cinco mil personas se han acercado al Registro Civil para este proceso<\/p>\n<p style=\"text-align: justify;\">\u201cA partir de enero nosotros estamos tomando datos biom\u00e9tricos, en la Direcci\u00f3n del Registro llevamos cerca de cinco mil m\u00e1s o menos registros\u201d.<\/p>\n<p style=\"text-align: justify;\">Record\u00f3 que el Registro Nacional de Poblaci\u00f3n ser\u00e1 el encargado de los datos biom\u00e9tricos.<\/p>\n<p style=\"text-align: justify;\">\u201cLa CURP biom\u00e9trica el Registro Nacional de Poblaci\u00f3n es el encargado realmente de tener todos los datos biom\u00e9tricos de todas las personas mexicanas, m\u00e1s sin embargo, nos ha dado la facultad a las direcciones de los Registros Civiles de los estados para que nosotros podamos ir recabando esas CURP biom\u00e9tricas, esos biom\u00e9tricos que personas que no tienen un pasaporte, personas que no est\u00e1n dados de alta en Hacienda, personas que no tienen un INE, pues no tienen completo su registro biom\u00e9trico y nosotros vamos a poder hacerlo\u201d.<\/p>\n<p style=\"text-align: justify;\">A lo largo del 2025 se han dado a la tarea de facilitar el tr\u00e1mite.<\/p>\n<p style=\"text-align: justify;\">\u201cEl primero de julio pusimos un equipo biom\u00e9trico en el enlace de Charcas que da atenci\u00f3n a todo Altiplano y hace tres semanas llevamos el equipo biom\u00e9trico al enlace que tenemos en Ciudad Valles y estamos solicitando otro equipo biom\u00e9trico para la nueva oficina de enlace que estar\u00e1 en Tamazunchale\u201d.<\/p>\n<p style=\"text-align: justify;\">En este proceso se toma fotograf\u00eda, se plasman huellas dactilares, el iris, la firma electr\u00f3nica y todos esos datos se quedan encriptados en un c\u00f3digo QR que contendr\u00e1 la CURP biom\u00e9trica.<\/p>\n<p>Por: Juan Carlos Contreras<\/p>\n","protected":false},"excerpt":{"rendered":"<p>SLP.- En el Registro Civil de San Luis Potos\u00ed ya comenz\u00f3 el registro de poblaci\u00f3n para poder contar con la CURP biom\u00e9trica, as\u00ed lo hizo saber la titular de esta direcci\u00f3n, Deysi Maribel L\u00f3pez Sierra. \u201cS\u00ed, ya van y recaban sus datos biom\u00e9tricos, m\u00e1s sin embargo, estamos esperando a que el Registro Nacional de Poblaci\u00f3n nos d\u00e9 la luz verde, porque est\u00e1n trabajando, eso nos indicaron, que est\u00e1n trabajando sobre el dise\u00f1o realmente c\u00f3mo va aquedar la CURP biom\u00e9trica\u201d. Cinco mil personas se han acercado al Registro Civil para este proceso \u201cA partir de enero nosotros estamos tomando datos biom\u00e9tricos, [&hellip;]<\/p>\n","protected":false},"author":2,"featured_media":174698,"comment_status":"closed","ping_status":"closed","sticky":false,"template":"","format":"video","meta":{"_monsterinsights_skip_tracking":false,"_monsterinsights_sitenote_active":false,"_monsterinsights_sitenote_note":"","_monsterinsights_sitenote_category":0,"footnotes":""},"categories":[5,510,45],"tags":[],"class_list":["post-174696","post","type-post","status-publish","format-video","has-post-thumbnail","hentry","category-destacadas","category-gobedoslp","category-localesyregionales","post_format-post-format-video","post--single"],"yoast_head":"<!-- This site is optimized with the Yoast SEO plugin v27.5 - https:\/\/yoast.com\/product\/yoast-seo-wordpress\/ -->\n<title>Cinco mil Potosinos ya tramitaron la CURP biom\u00e9trica en el Registro Civil - Canal 7 SLP - 2025<\/title>\n<meta name=\"robots\" content=\"index, follow, max-snippet:-1, max-image-preview:large, max-video-preview:-1\" \/>\n<link rel=\"canonical\" href=\"https:\/\/canal7slp.tv\/2025\/cinco-mil-potosinos-ya-tramitaron-la-curp-biometrica-en-el-registro-civil\/\" \/>\n<meta property=\"og:locale\" content=\"es_ES\" \/>\n<meta property=\"og:type\" content=\"article\" \/>\n<meta property=\"og:title\" content=\"Cinco mil Potosinos ya tramitaron la CURP biom\u00e9trica en el Registro Civil - Canal 7 SLP - 2025\" \/>\n<meta property=\"og:description\" content=\"SLP.- En el Registro Civil de San Luis Potos\u00ed ya comenz\u00f3 el registro de poblaci\u00f3n para poder contar con la CURP biom\u00e9trica, as\u00ed lo hizo saber la titular de esta direcci\u00f3n, Deysi Maribel L\u00f3pez Sierra. \u201cS\u00ed, ya van y recaban sus datos biom\u00e9tricos, m\u00e1s sin embargo, estamos esperando a que el Registro Nacional de Poblaci\u00f3n nos d\u00e9 la luz verde, porque est\u00e1n trabajando, eso nos indicaron, que est\u00e1n trabajando sobre el dise\u00f1o realmente c\u00f3mo va aquedar la CURP biom\u00e9trica\u201d. Cinco mil personas se han acercado al Registro Civil para este proceso \u201cA partir de enero nosotros estamos tomando datos biom\u00e9tricos, [&hellip;]\" \/>\n<meta property=\"og:url\" content=\"https:\/\/canal7slp.tv\/2025\/cinco-mil-potosinos-ya-tramitaron-la-curp-biometrica-en-el-registro-civil\/\" \/>\n<meta property=\"og:site_name\" content=\"Canal 7 SLP - 2025\" \/>\n<meta property=\"article:publisher\" content=\"https:\/\/www.facebook.com\/noticieroscanal7atencionciudadana\/\" \/>\n<meta property=\"article:published_time\" content=\"2025-07-28T23:22:53+00:00\" \/>\n<meta property=\"og:image\" content=\"https:\/\/canal7slp.tv\/2025\/wp-content\/uploads\/2025\/07\/Poky01CURPBioMetrica.jpg\" \/>\n\t<meta property=\"og:image:width\" content=\"1280\" \/>\n\t<meta property=\"og:image:height\" content=\"720\" \/>\n\t<meta property=\"og:image:type\" content=\"image\/jpeg\" \/>\n<meta name=\"author\" content=\"Edici\u00f3n Web\" \/>\n<meta name=\"twitter:card\" content=\"summary_large_image\" \/>\n<meta name=\"twitter:creator\" content=\"@NOTICIEROS7\" \/>\n<meta name=\"twitter:site\" content=\"@NOTICIEROS7\" \/>\n<meta name=\"twitter:label1\" content=\"Escrito por\" \/>\n\t<meta name=\"twitter:data1\" content=\"Edici\u00f3n Web\" \/>\n\t<meta name=\"twitter:label2\" content=\"Tiempo de lectura\" \/>\n\t<meta name=\"twitter:data2\" content=\"2 minutos\" \/>\n<script type=\"application\/ld+json\" class=\"yoast-schema-graph\">{\"@context\":\"https:\\\/\\\/schema.org\",\"@graph\":[{\"@type\":\"Article\",\"@id\":\"https:\\\/\\\/canal7slp.tv\\\/2025\\\/cinco-mil-potosinos-ya-tramitaron-la-curp-biometrica-en-el-registro-civil\\\/#article\",\"isPartOf\":{\"@id\":\"https:\\\/\\\/canal7slp.tv\\\/2025\\\/cinco-mil-potosinos-ya-tramitaron-la-curp-biometrica-en-el-registro-civil\\\/\"},\"author\":{\"name\":\"Edici\u00f3n Web\",\"@id\":\"https:\\\/\\\/canal7slp.tv\\\/2025\\\/#\\\/schema\\\/person\\\/271e2b60a96e7cc9d9ac296f4d7e414b\"},\"headline\":\"Cinco mil Potosinos ya tramitaron la CURP biom\u00e9trica en el Registro Civil\",\"datePublished\":\"2025-07-28T23:22:53+00:00\",\"mainEntityOfPage\":{\"@id\":\"https:\\\/\\\/canal7slp.tv\\\/2025\\\/cinco-mil-potosinos-ya-tramitaron-la-curp-biometrica-en-el-registro-civil\\\/\"},\"wordCount\":362,\"publisher\":{\"@id\":\"https:\\\/\\\/canal7slp.tv\\\/2025\\\/#organization\"},\"image\":{\"@id\":\"https:\\\/\\\/canal7slp.tv\\\/2025\\\/cinco-mil-potosinos-ya-tramitaron-la-curp-biometrica-en-el-registro-civil\\\/#primaryimage\"},\"thumbnailUrl\":\"https:\\\/\\\/canal7slp.tv\\\/2025\\\/wp-content\\\/uploads\\\/2025\\\/07\\\/Poky01CURPBioMetrica.jpg\",\"articleSection\":[\"DESTACADAS\",\"GOBEDOSLP\",\"LOCALES Y REGIONALES\"],\"inLanguage\":\"es\"},{\"@type\":\"WebPage\",\"@id\":\"https:\\\/\\\/canal7slp.tv\\\/2025\\\/cinco-mil-potosinos-ya-tramitaron-la-curp-biometrica-en-el-registro-civil\\\/\",\"url\":\"https:\\\/\\\/canal7slp.tv\\\/2025\\\/cinco-mil-potosinos-ya-tramitaron-la-curp-biometrica-en-el-registro-civil\\\/\",\"name\":\"Cinco mil Potosinos ya tramitaron la CURP biom\u00e9trica en el Registro Civil - Canal 7 SLP - 2025\",\"isPartOf\":{\"@id\":\"https:\\\/\\\/canal7slp.tv\\\/2025\\\/#website\"},\"primaryImageOfPage\":{\"@id\":\"https:\\\/\\\/canal7slp.tv\\\/2025\\\/cinco-mil-potosinos-ya-tramitaron-la-curp-biometrica-en-el-registro-civil\\\/#primaryimage\"},\"image\":{\"@id\":\"https:\\\/\\\/canal7slp.tv\\\/2025\\\/cinco-mil-potosinos-ya-tramitaron-la-curp-biometrica-en-el-registro-civil\\\/#primaryimage\"},\"thumbnailUrl\":\"https:\\\/\\\/canal7slp.tv\\\/2025\\\/wp-content\\\/uploads\\\/2025\\\/07\\\/Poky01CURPBioMetrica.jpg\",\"datePublished\":\"2025-07-28T23:22:53+00:00\",\"breadcrumb\":{\"@id\":\"https:\\\/\\\/canal7slp.tv\\\/2025\\\/cinco-mil-potosinos-ya-tramitaron-la-curp-biometrica-en-el-registro-civil\\\/#breadcrumb\"},\"inLanguage\":\"es\",\"potentialAction\":[{\"@type\":\"ReadAction\",\"target\":[\"https:\\\/\\\/canal7slp.tv\\\/2025\\\/cinco-mil-potosinos-ya-tramitaron-la-curp-biometrica-en-el-registro-civil\\\/\"]}]},{\"@type\":\"ImageObject\",\"inLanguage\":\"es\",\"@id\":\"https:\\\/\\\/canal7slp.tv\\\/2025\\\/cinco-mil-potosinos-ya-tramitaron-la-curp-biometrica-en-el-registro-civil\\\/#primaryimage\",\"url\":\"https:\\\/\\\/canal7slp.tv\\\/2025\\\/wp-content\\\/uploads\\\/2025\\\/07\\\/Poky01CURPBioMetrica.jpg\",\"contentUrl\":\"https:\\\/\\\/canal7slp.tv\\\/2025\\\/wp-content\\\/uploads\\\/2025\\\/07\\\/Poky01CURPBioMetrica.jpg\",\"width\":1280,\"height\":720},{\"@type\":\"BreadcrumbList\",\"@id\":\"https:\\\/\\\/canal7slp.tv\\\/2025\\\/cinco-mil-potosinos-ya-tramitaron-la-curp-biometrica-en-el-registro-civil\\\/#breadcrumb\",\"itemListElement\":[{\"@type\":\"ListItem\",\"position\":1,\"name\":\"Portada\",\"item\":\"https:\\\/\\\/canal7slp.tv\\\/2025\\\/\"},{\"@type\":\"ListItem\",\"position\":2,\"name\":\"Cinco mil Potosinos ya tramitaron la CURP biom\u00e9trica en el Registro Civil\"}]},{\"@type\":\"WebSite\",\"@id\":\"https:\\\/\\\/canal7slp.tv\\\/2025\\\/#website\",\"url\":\"https:\\\/\\\/canal7slp.tv\\\/2025\\\/\",\"name\":\"N7 - Noticieros Canal 7\",\"description\":\"Somos el Medio\",\"publisher\":{\"@id\":\"https:\\\/\\\/canal7slp.tv\\\/2025\\\/#organization\"},\"potentialAction\":[{\"@type\":\"SearchAction\",\"target\":{\"@type\":\"EntryPoint\",\"urlTemplate\":\"https:\\\/\\\/canal7slp.tv\\\/2025\\\/?s={search_term_string}\"},\"query-input\":{\"@type\":\"PropertyValueSpecification\",\"valueRequired\":true,\"valueName\":\"search_term_string\"}}],\"inLanguage\":\"es\"},{\"@type\":\"Organization\",\"@id\":\"https:\\\/\\\/canal7slp.tv\\\/2025\\\/#organization\",\"name\":\"Noticieros Canal 7\",\"url\":\"https:\\\/\\\/canal7slp.tv\\\/2025\\\/\",\"logo\":{\"@type\":\"ImageObject\",\"inLanguage\":\"es\",\"@id\":\"https:\\\/\\\/canal7slp.tv\\\/2025\\\/#\\\/schema\\\/logo\\\/image\\\/\",\"url\":\"https:\\\/\\\/canal7slp.tv\\\/2025\\\/wp-content\\\/uploads\\\/2021\\\/01\\\/logo-noticieros@2x.png\",\"contentUrl\":\"https:\\\/\\\/canal7slp.tv\\\/2025\\\/wp-content\\\/uploads\\\/2021\\\/01\\\/logo-noticieros@2x.png\",\"width\":1017,\"height\":268,\"caption\":\"Noticieros Canal 7\"},\"image\":{\"@id\":\"https:\\\/\\\/canal7slp.tv\\\/2025\\\/#\\\/schema\\\/logo\\\/image\\\/\"},\"sameAs\":[\"https:\\\/\\\/www.facebook.com\\\/noticieroscanal7atencionciudadana\\\/\",\"https:\\\/\\\/x.com\\\/NOTICIEROS7\",\"https:\\\/\\\/www.instagram.com\\\/canal7_slp\",\"https:\\\/\\\/www.youtube.com\\\/channel\\\/UCliiYs-gP3JfJeqdPrNdd5A\"]},{\"@type\":\"Person\",\"@id\":\"https:\\\/\\\/canal7slp.tv\\\/2025\\\/#\\\/schema\\\/person\\\/271e2b60a96e7cc9d9ac296f4d7e414b\",\"name\":\"Edici\u00f3n Web\",\"image\":{\"@type\":\"ImageObject\",\"inLanguage\":\"es\",\"@id\":\"https:\\\/\\\/secure.gravatar.com\\\/avatar\\\/eee448fc3f7164808013b816ba91ac7e43bbe82a70bebac296f8bc6f0addaa1a?s=96&d=mm&r=g\",\"url\":\"https:\\\/\\\/secure.gravatar.com\\\/avatar\\\/eee448fc3f7164808013b816ba91ac7e43bbe82a70bebac296f8bc6f0addaa1a?s=96&d=mm&r=g\",\"contentUrl\":\"https:\\\/\\\/secure.gravatar.com\\\/avatar\\\/eee448fc3f7164808013b816ba91ac7e43bbe82a70bebac296f8bc6f0addaa1a?s=96&d=mm&r=g\",\"caption\":\"Edici\u00f3n Web\"},\"url\":\"https:\\\/\\\/canal7slp.tv\\\/2025\\\/author\\\/edicionweb\\\/\"}]}<\/script>\n<!-- \/ Yoast SEO plugin. -->","yoast_head_json":{"title":"Cinco mil Potosinos ya tramitaron la CURP biom\u00e9trica en el Registro Civil - Canal 7 SLP - 2025","robots":{"index":"index","follow":"follow","max-snippet":"max-snippet:-1","max-image-preview":"max-image-preview:large","max-video-preview":"max-video-preview:-1"},"canonical":"https:\/\/canal7slp.tv\/2025\/cinco-mil-potosinos-ya-tramitaron-la-curp-biometrica-en-el-registro-civil\/","og_locale":"es_ES","og_type":"article","og_title":"Cinco mil Potosinos ya tramitaron la CURP biom\u00e9trica en el Registro Civil - Canal 7 SLP - 2025","og_description":"SLP.- En el Registro Civil de San Luis Potos\u00ed ya comenz\u00f3 el registro de poblaci\u00f3n para poder contar con la CURP biom\u00e9trica, as\u00ed lo hizo saber la titular de esta direcci\u00f3n, Deysi Maribel L\u00f3pez Sierra. \u201cS\u00ed, ya van y recaban sus datos biom\u00e9tricos, m\u00e1s sin embargo, estamos esperando a que el Registro Nacional de Poblaci\u00f3n nos d\u00e9 la luz verde, porque est\u00e1n trabajando, eso nos indicaron, que est\u00e1n trabajando sobre el dise\u00f1o realmente c\u00f3mo va aquedar la CURP biom\u00e9trica\u201d. Cinco mil personas se han acercado al Registro Civil para este proceso \u201cA partir de enero nosotros estamos tomando datos biom\u00e9tricos, [&hellip;]","og_url":"https:\/\/canal7slp.tv\/2025\/cinco-mil-potosinos-ya-tramitaron-la-curp-biometrica-en-el-registro-civil\/","og_site_name":"Canal 7 SLP - 2025","article_publisher":"https:\/\/www.facebook.com\/noticieroscanal7atencionciudadana\/","article_published_time":"2025-07-28T23:22:53+00:00","og_image":[{"width":1280,"height":720,"url":"https:\/\/canal7slp.tv\/2025\/wp-content\/uploads\/2025\/07\/Poky01CURPBioMetrica.jpg","type":"image\/jpeg"}],"author":"Edici\u00f3n Web","twitter_card":"summary_large_image","twitter_creator":"@NOTICIEROS7","twitter_site":"@NOTICIEROS7","twitter_misc":{"Escrito por":"Edici\u00f3n Web","Tiempo de lectura":"2 minutos"},"schema":{"@context":"https:\/\/schema.org","@graph":[{"@type":"Article","@id":"https:\/\/canal7slp.tv\/2025\/cinco-mil-potosinos-ya-tramitaron-la-curp-biometrica-en-el-registro-civil\/#article","isPartOf":{"@id":"https:\/\/canal7slp.tv\/2025\/cinco-mil-potosinos-ya-tramitaron-la-curp-biometrica-en-el-registro-civil\/"},"author":{"name":"Edici\u00f3n Web","@id":"https:\/\/canal7slp.tv\/2025\/#\/schema\/person\/271e2b60a96e7cc9d9ac296f4d7e414b"},"headline":"Cinco mil Potosinos ya tramitaron la CURP biom\u00e9trica en el Registro Civil","datePublished":"2025-07-28T23:22:53+00:00","mainEntityOfPage":{"@id":"https:\/\/canal7slp.tv\/2025\/cinco-mil-potosinos-ya-tramitaron-la-curp-biometrica-en-el-registro-civil\/"},"wordCount":362,"publisher":{"@id":"https:\/\/canal7slp.tv\/2025\/#organization"},"image":{"@id":"https:\/\/canal7slp.tv\/2025\/cinco-mil-potosinos-ya-tramitaron-la-curp-biometrica-en-el-registro-civil\/#primaryimage"},"thumbnailUrl":"https:\/\/canal7slp.tv\/2025\/wp-content\/uploads\/2025\/07\/Poky01CURPBioMetrica.jpg","articleSection":["DESTACADAS","GOBEDOSLP","LOCALES Y REGIONALES"],"inLanguage":"es"},{"@type":"WebPage","@id":"https:\/\/canal7slp.tv\/2025\/cinco-mil-potosinos-ya-tramitaron-la-curp-biometrica-en-el-registro-civil\/","url":"https:\/\/canal7slp.tv\/2025\/cinco-mil-potosinos-ya-tramitaron-la-curp-biometrica-en-el-registro-civil\/","name":"Cinco mil Potosinos ya tramitaron la CURP biom\u00e9trica en el Registro Civil - Canal 7 SLP - 2025","isPartOf":{"@id":"https:\/\/canal7slp.tv\/2025\/#website"},"primaryImageOfPage":{"@id":"https:\/\/canal7slp.tv\/2025\/cinco-mil-potosinos-ya-tramitaron-la-curp-biometrica-en-el-registro-civil\/#primaryimage"},"image":{"@id":"https:\/\/canal7slp.tv\/2025\/cinco-mil-potosinos-ya-tramitaron-la-curp-biometrica-en-el-registro-civil\/#primaryimage"},"thumbnailUrl":"https:\/\/canal7slp.tv\/2025\/wp-content\/uploads\/2025\/07\/Poky01CURPBioMetrica.jpg","datePublished":"2025-07-28T23:22:53+00:00","breadcrumb":{"@id":"https:\/\/canal7slp.tv\/2025\/cinco-mil-potosinos-ya-tramitaron-la-curp-biometrica-en-el-registro-civil\/#breadcrumb"},"inLanguage":"es","potentialAction":[{"@type":"ReadAction","target":["https:\/\/canal7slp.tv\/2025\/cinco-mil-potosinos-ya-tramitaron-la-curp-biometrica-en-el-registro-civil\/"]}]},{"@type":"ImageObject","inLanguage":"es","@id":"https:\/\/canal7slp.tv\/2025\/cinco-mil-potosinos-ya-tramitaron-la-curp-biometrica-en-el-registro-civil\/#primaryimage","url":"https:\/\/canal7slp.tv\/2025\/wp-content\/uploads\/2025\/07\/Poky01CURPBioMetrica.jpg","contentUrl":"https:\/\/canal7slp.tv\/2025\/wp-content\/uploads\/2025\/07\/Poky01CURPBioMetrica.jpg","width":1280,"height":720},{"@type":"BreadcrumbList","@id":"https:\/\/canal7slp.tv\/2025\/cinco-mil-potosinos-ya-tramitaron-la-curp-biometrica-en-el-registro-civil\/#breadcrumb","itemListElement":[{"@type":"ListItem","position":1,"name":"Portada","item":"https:\/\/canal7slp.tv\/2025\/"},{"@type":"ListItem","position":2,"name":"Cinco mil Potosinos ya tramitaron la CURP biom\u00e9trica en el Registro Civil"}]},{"@type":"WebSite","@id":"https:\/\/canal7slp.tv\/2025\/#website","url":"https:\/\/canal7slp.tv\/2025\/","name":"N7 - Noticieros Canal 7","description":"Somos el Medio","publisher":{"@id":"https:\/\/canal7slp.tv\/2025\/#organization"},"potentialAction":[{"@type":"SearchAction","target":{"@type":"EntryPoint","urlTemplate":"https:\/\/canal7slp.tv\/2025\/?s={search_term_string}"},"query-input":{"@type":"PropertyValueSpecification","valueRequired":true,"valueName":"search_term_string"}}],"inLanguage":"es"},{"@type":"Organization","@id":"https:\/\/canal7slp.tv\/2025\/#organization","name":"Noticieros Canal 7","url":"https:\/\/canal7slp.tv\/2025\/","logo":{"@type":"ImageObject","inLanguage":"es","@id":"https:\/\/canal7slp.tv\/2025\/#\/schema\/logo\/image\/","url":"https:\/\/canal7slp.tv\/2025\/wp-content\/uploads\/2021\/01\/logo-noticieros@2x.png","contentUrl":"https:\/\/canal7slp.tv\/2025\/wp-content\/uploads\/2021\/01\/logo-noticieros@2x.png","width":1017,"height":268,"caption":"Noticieros Canal 7"},"image":{"@id":"https:\/\/canal7slp.tv\/2025\/#\/schema\/logo\/image\/"},"sameAs":["https:\/\/www.facebook.com\/noticieroscanal7atencionciudadana\/","https:\/\/x.com\/NOTICIEROS7","https:\/\/www.instagram.com\/canal7_slp","https:\/\/www.youtube.com\/channel\/UCliiYs-gP3JfJeqdPrNdd5A"]},{"@type":"Person","@id":"https:\/\/canal7slp.tv\/2025\/#\/schema\/person\/271e2b60a96e7cc9d9ac296f4d7e414b","name":"Edici\u00f3n Web","image":{"@type":"ImageObject","inLanguage":"es","@id":"https:\/\/secure.gravatar.com\/avatar\/eee448fc3f7164808013b816ba91ac7e43bbe82a70bebac296f8bc6f0addaa1a?s=96&d=mm&r=g","url":"https:\/\/secure.gravatar.com\/avatar\/eee448fc3f7164808013b816ba91ac7e43bbe82a70bebac296f8bc6f0addaa1a?s=96&d=mm&r=g","contentUrl":"https:\/\/secure.gravatar.com\/avatar\/eee448fc3f7164808013b816ba91ac7e43bbe82a70bebac296f8bc6f0addaa1a?s=96&d=mm&r=g","caption":"Edici\u00f3n Web"},"url":"https:\/\/canal7slp.tv\/2025\/author\/edicionweb\/"}]}},"_links":{"self":[{"href":"https:\/\/canal7slp.tv\/2025\/wp-json\/wp\/v2\/posts\/174696","targetHints":{"allow":["GET"]}}],"collection":[{"href":"https:\/\/canal7slp.tv\/2025\/wp-json\/wp\/v2\/posts"}],"about":[{"href":"https:\/\/canal7slp.tv\/2025\/wp-json\/wp\/v2\/types\/post"}],"author":[{"embeddable":true,"href":"https:\/\/canal7slp.tv\/2025\/wp-json\/wp\/v2\/users\/2"}],"replies":[{"embeddable":true,"href":"https:\/\/canal7slp.tv\/2025\/wp-json\/wp\/v2\/comments?post=174696"}],"version-history":[{"count":1,"href":"https:\/\/canal7slp.tv\/2025\/wp-json\/wp\/v2\/posts\/174696\/revisions"}],"predecessor-version":[{"id":174699,"href":"https:\/\/canal7slp.tv\/2025\/wp-json\/wp\/v2\/posts\/174696\/revisions\/174699"}],"wp:featuredmedia":[{"embeddable":true,"href":"https:\/\/canal7slp.tv\/2025\/wp-json\/wp\/v2\/media\/174698"}],"wp:attachment":[{"href":"https:\/\/canal7slp.tv\/2025\/wp-json\/wp\/v2\/media?parent=174696"}],"wp:term":[{"taxonomy":"category","embeddable":true,"href":"https:\/\/canal7slp.tv\/2025\/wp-json\/wp\/v2\/categories?post=174696"},{"taxonomy":"post_tag","embeddable":true,"href":"https:\/\/canal7slp.tv\/2025\/wp-json\/wp\/v2\/tags?post=174696"}],"curies":[{"name":"wp","href":"https:\/\/api.w.org\/{rel}","templated":true}]}}