{"id":174684,"date":"2025-07-28T16:21:13","date_gmt":"2025-07-28T22:21:13","guid":{"rendered":"https:\/\/canal7slp.tv\/2025\/?p=174684"},"modified":"2025-07-28T16:21:13","modified_gmt":"2025-07-28T22:21:13","slug":"continuan-preparativos-finales-en-seguridad-y-proteccion-civil-para-la-fenapo-2025","status":"publish","type":"post","link":"https:\/\/canal7slp.tv\/2025\/continuan-preparativos-finales-en-seguridad-y-proteccion-civil-para-la-fenapo-2025\/","title":{"rendered":"Contin\u00faan preparativos finales en seguridad y protecci\u00f3n civil para la FENAPO 2025"},"content":{"rendered":"<p style=\"text-align: justify;\"><span style=\"font-size: 1.21429rem;\">SLP:- A pocos d\u00edas del arranque de la Feria Nacional Potosina (FENAPO) en su edici\u00f3n 2025, el Gobierno del Estado afina los \u00faltimos detalles en materia de log\u00edstica, seguridad y protecci\u00f3n civil.<\/span><\/p>\n<p style=\"text-align: justify;\">El secretario General de Gobierno, Guadalupe Torres S\u00e1nchez, inform\u00f3 que las acciones preventivas comenzaron con antelaci\u00f3n para atender todos los aspectos que demanda un evento de esta magnitud.<\/p>\n<p style=\"text-align: justify;\">\u201cS\u00ed pues inicia el viernes 8 de agosto lo inaugura el se\u00f1or gobernador y bueno pues mira La verdad es que con mucha anticipaci\u00f3n se ha venido cuidando todos los aspectos de la mejor feria de M\u00e9xico\u201d, expres\u00f3.<\/p>\n<p style=\"text-align: justify;\">De acuerdo con las previsiones oficiales, se espera una afluencia r\u00e9cord que superar\u00e1 la del a\u00f1o anterior.<\/p>\n<p style=\"text-align: justify;\">Las autoridades han trabajado para garantizar una cobertura permanente del \u00e1rea de protecci\u00f3n civil, especialmente ante posibles lluvias.<\/p>\n<p style=\"text-align: justify;\">\u201cEl gobernador ha encabezado todos los esfuerzos en todos los sentidos para que las instalaciones est\u00e9n \u00f3ptimas condiciones para que protecci\u00f3n civil tenga la presencia necesaria para que en caso de lluvia no tengamos las afectaciones que pudieran generarse como inundaci\u00f3n\u201d, explic\u00f3.<\/p>\n<p style=\"text-align: justify;\">En cuanto a la seguridad, el funcionario asegur\u00f3 que se mantiene una estrategia operativa coordinada entre distintas corporaciones para proteger a los visitantes.<\/p>\n<p style=\"text-align: justify;\">\u201cY en el tema de seguridad, bueno, todos los d\u00edas estamos armando y fortaleciendo esa materia para que todos los que acudan a esta feria lo hagan de manera tranquila con sus familias, con sus hijos, al final del d\u00eda es una fiesta familiar\u201d, concluy\u00f3.<\/p>\n<p>Por: Jos\u00e9 Luis V\u00e1zquez<\/p>\n","protected":false},"excerpt":{"rendered":"<p>SLP:- A pocos d\u00edas del arranque de la Feria Nacional Potosina (FENAPO) en su edici\u00f3n 2025, el Gobierno del Estado afina los \u00faltimos detalles en materia de log\u00edstica, seguridad y protecci\u00f3n civil. El secretario General de Gobierno, Guadalupe Torres S\u00e1nchez, inform\u00f3 que las acciones preventivas comenzaron con antelaci\u00f3n para atender todos los aspectos que demanda un evento de esta magnitud. \u201cS\u00ed pues inicia el viernes 8 de agosto lo inaugura el se\u00f1or gobernador y bueno pues mira La verdad es que con mucha anticipaci\u00f3n se ha venido cuidando todos los aspectos de la mejor feria de M\u00e9xico\u201d, expres\u00f3. De acuerdo [&hellip;]<\/p>\n","protected":false},"author":2,"featured_media":174686,"comment_status":"closed","ping_status":"closed","sticky":false,"template":"","format":"video","meta":{"_monsterinsights_skip_tracking":false,"_monsterinsights_sitenote_active":false,"_monsterinsights_sitenote_note":"","_monsterinsights_sitenote_category":0,"footnotes":""},"categories":[5,510,45],"tags":[],"class_list":["post-174684","post","type-post","status-publish","format-video","has-post-thumbnail","hentry","category-destacadas","category-gobedoslp","category-localesyregionales","post_format-post-format-video","post--single"],"yoast_head":"<!-- This site is optimized with the Yoast SEO plugin v27.5 - https:\/\/yoast.com\/product\/yoast-seo-wordpress\/ -->\n<title>Contin\u00faan preparativos finales en seguridad y protecci\u00f3n civil para la FENAPO 2025 - Canal 7 SLP - 2025<\/title>\n<meta name=\"robots\" content=\"index, follow, max-snippet:-1, max-image-preview:large, max-video-preview:-1\" \/>\n<link rel=\"canonical\" href=\"https:\/\/canal7slp.tv\/2025\/continuan-preparativos-finales-en-seguridad-y-proteccion-civil-para-la-fenapo-2025\/\" \/>\n<meta property=\"og:locale\" content=\"es_ES\" \/>\n<meta property=\"og:type\" content=\"article\" \/>\n<meta property=\"og:title\" content=\"Contin\u00faan preparativos finales en seguridad y protecci\u00f3n civil para la FENAPO 2025 - Canal 7 SLP - 2025\" \/>\n<meta property=\"og:description\" content=\"SLP:- A pocos d\u00edas del arranque de la Feria Nacional Potosina (FENAPO) en su edici\u00f3n 2025, el Gobierno del Estado afina los \u00faltimos detalles en materia de log\u00edstica, seguridad y protecci\u00f3n civil. El secretario General de Gobierno, Guadalupe Torres S\u00e1nchez, inform\u00f3 que las acciones preventivas comenzaron con antelaci\u00f3n para atender todos los aspectos que demanda un evento de esta magnitud. \u201cS\u00ed pues inicia el viernes 8 de agosto lo inaugura el se\u00f1or gobernador y bueno pues mira La verdad es que con mucha anticipaci\u00f3n se ha venido cuidando todos los aspectos de la mejor feria de M\u00e9xico\u201d, expres\u00f3. De acuerdo [&hellip;]\" \/>\n<meta property=\"og:url\" content=\"https:\/\/canal7slp.tv\/2025\/continuan-preparativos-finales-en-seguridad-y-proteccion-civil-para-la-fenapo-2025\/\" \/>\n<meta property=\"og:site_name\" content=\"Canal 7 SLP - 2025\" \/>\n<meta property=\"article:publisher\" content=\"https:\/\/www.facebook.com\/noticieroscanal7atencionciudadana\/\" \/>\n<meta property=\"article:published_time\" content=\"2025-07-28T22:21:13+00:00\" \/>\n<meta property=\"og:image\" content=\"https:\/\/canal7slp.tv\/2025\/wp-content\/uploads\/2025\/07\/Vazquez02SGGFenapo.jpg\" \/>\n\t<meta property=\"og:image:width\" content=\"1280\" \/>\n\t<meta property=\"og:image:height\" content=\"720\" \/>\n\t<meta property=\"og:image:type\" content=\"image\/jpeg\" \/>\n<meta name=\"author\" content=\"Edici\u00f3n Web\" \/>\n<meta name=\"twitter:card\" content=\"summary_large_image\" \/>\n<meta name=\"twitter:creator\" content=\"@NOTICIEROS7\" \/>\n<meta name=\"twitter:site\" content=\"@NOTICIEROS7\" \/>\n<meta name=\"twitter:label1\" content=\"Escrito por\" \/>\n\t<meta name=\"twitter:data1\" content=\"Edici\u00f3n Web\" \/>\n\t<meta name=\"twitter:label2\" content=\"Tiempo de lectura\" \/>\n\t<meta name=\"twitter:data2\" content=\"2 minutos\" \/>\n<script type=\"application\/ld+json\" class=\"yoast-schema-graph\">{\"@context\":\"https:\\\/\\\/schema.org\",\"@graph\":[{\"@type\":\"Article\",\"@id\":\"https:\\\/\\\/canal7slp.tv\\\/2025\\\/continuan-preparativos-finales-en-seguridad-y-proteccion-civil-para-la-fenapo-2025\\\/#article\",\"isPartOf\":{\"@id\":\"https:\\\/\\\/canal7slp.tv\\\/2025\\\/continuan-preparativos-finales-en-seguridad-y-proteccion-civil-para-la-fenapo-2025\\\/\"},\"author\":{\"name\":\"Edici\u00f3n Web\",\"@id\":\"https:\\\/\\\/canal7slp.tv\\\/2025\\\/#\\\/schema\\\/person\\\/271e2b60a96e7cc9d9ac296f4d7e414b\"},\"headline\":\"Contin\u00faan preparativos finales en seguridad y protecci\u00f3n civil para la FENAPO 2025\",\"datePublished\":\"2025-07-28T22:21:13+00:00\",\"mainEntityOfPage\":{\"@id\":\"https:\\\/\\\/canal7slp.tv\\\/2025\\\/continuan-preparativos-finales-en-seguridad-y-proteccion-civil-para-la-fenapo-2025\\\/\"},\"wordCount\":277,\"publisher\":{\"@id\":\"https:\\\/\\\/canal7slp.tv\\\/2025\\\/#organization\"},\"image\":{\"@id\":\"https:\\\/\\\/canal7slp.tv\\\/2025\\\/continuan-preparativos-finales-en-seguridad-y-proteccion-civil-para-la-fenapo-2025\\\/#primaryimage\"},\"thumbnailUrl\":\"https:\\\/\\\/canal7slp.tv\\\/2025\\\/wp-content\\\/uploads\\\/2025\\\/07\\\/Vazquez02SGGFenapo.jpg\",\"articleSection\":[\"DESTACADAS\",\"GOBEDOSLP\",\"LOCALES Y REGIONALES\"],\"inLanguage\":\"es\"},{\"@type\":\"WebPage\",\"@id\":\"https:\\\/\\\/canal7slp.tv\\\/2025\\\/continuan-preparativos-finales-en-seguridad-y-proteccion-civil-para-la-fenapo-2025\\\/\",\"url\":\"https:\\\/\\\/canal7slp.tv\\\/2025\\\/continuan-preparativos-finales-en-seguridad-y-proteccion-civil-para-la-fenapo-2025\\\/\",\"name\":\"Contin\u00faan preparativos finales en seguridad y protecci\u00f3n civil para la FENAPO 2025 - Canal 7 SLP - 2025\",\"isPartOf\":{\"@id\":\"https:\\\/\\\/canal7slp.tv\\\/2025\\\/#website\"},\"primaryImageOfPage\":{\"@id\":\"https:\\\/\\\/canal7slp.tv\\\/2025\\\/continuan-preparativos-finales-en-seguridad-y-proteccion-civil-para-la-fenapo-2025\\\/#primaryimage\"},\"image\":{\"@id\":\"https:\\\/\\\/canal7slp.tv\\\/2025\\\/continuan-preparativos-finales-en-seguridad-y-proteccion-civil-para-la-fenapo-2025\\\/#primaryimage\"},\"thumbnailUrl\":\"https:\\\/\\\/canal7slp.tv\\\/2025\\\/wp-content\\\/uploads\\\/2025\\\/07\\\/Vazquez02SGGFenapo.jpg\",\"datePublished\":\"2025-07-28T22:21:13+00:00\",\"breadcrumb\":{\"@id\":\"https:\\\/\\\/canal7slp.tv\\\/2025\\\/continuan-preparativos-finales-en-seguridad-y-proteccion-civil-para-la-fenapo-2025\\\/#breadcrumb\"},\"inLanguage\":\"es\",\"potentialAction\":[{\"@type\":\"ReadAction\",\"target\":[\"https:\\\/\\\/canal7slp.tv\\\/2025\\\/continuan-preparativos-finales-en-seguridad-y-proteccion-civil-para-la-fenapo-2025\\\/\"]}]},{\"@type\":\"ImageObject\",\"inLanguage\":\"es\",\"@id\":\"https:\\\/\\\/canal7slp.tv\\\/2025\\\/continuan-preparativos-finales-en-seguridad-y-proteccion-civil-para-la-fenapo-2025\\\/#primaryimage\",\"url\":\"https:\\\/\\\/canal7slp.tv\\\/2025\\\/wp-content\\\/uploads\\\/2025\\\/07\\\/Vazquez02SGGFenapo.jpg\",\"contentUrl\":\"https:\\\/\\\/canal7slp.tv\\\/2025\\\/wp-content\\\/uploads\\\/2025\\\/07\\\/Vazquez02SGGFenapo.jpg\",\"width\":1280,\"height\":720},{\"@type\":\"BreadcrumbList\",\"@id\":\"https:\\\/\\\/canal7slp.tv\\\/2025\\\/continuan-preparativos-finales-en-seguridad-y-proteccion-civil-para-la-fenapo-2025\\\/#breadcrumb\",\"itemListElement\":[{\"@type\":\"ListItem\",\"position\":1,\"name\":\"Portada\",\"item\":\"https:\\\/\\\/canal7slp.tv\\\/2025\\\/\"},{\"@type\":\"ListItem\",\"position\":2,\"name\":\"Contin\u00faan preparativos finales en seguridad y protecci\u00f3n civil para la FENAPO 2025\"}]},{\"@type\":\"WebSite\",\"@id\":\"https:\\\/\\\/canal7slp.tv\\\/2025\\\/#website\",\"url\":\"https:\\\/\\\/canal7slp.tv\\\/2025\\\/\",\"name\":\"N7 - Noticieros Canal 7\",\"description\":\"Somos el Medio\",\"publisher\":{\"@id\":\"https:\\\/\\\/canal7slp.tv\\\/2025\\\/#organization\"},\"potentialAction\":[{\"@type\":\"SearchAction\",\"target\":{\"@type\":\"EntryPoint\",\"urlTemplate\":\"https:\\\/\\\/canal7slp.tv\\\/2025\\\/?s={search_term_string}\"},\"query-input\":{\"@type\":\"PropertyValueSpecification\",\"valueRequired\":true,\"valueName\":\"search_term_string\"}}],\"inLanguage\":\"es\"},{\"@type\":\"Organization\",\"@id\":\"https:\\\/\\\/canal7slp.tv\\\/2025\\\/#organization\",\"name\":\"Noticieros Canal 7\",\"url\":\"https:\\\/\\\/canal7slp.tv\\\/2025\\\/\",\"logo\":{\"@type\":\"ImageObject\",\"inLanguage\":\"es\",\"@id\":\"https:\\\/\\\/canal7slp.tv\\\/2025\\\/#\\\/schema\\\/logo\\\/image\\\/\",\"url\":\"https:\\\/\\\/canal7slp.tv\\\/2025\\\/wp-content\\\/uploads\\\/2021\\\/01\\\/logo-noticieros@2x.png\",\"contentUrl\":\"https:\\\/\\\/canal7slp.tv\\\/2025\\\/wp-content\\\/uploads\\\/2021\\\/01\\\/logo-noticieros@2x.png\",\"width\":1017,\"height\":268,\"caption\":\"Noticieros Canal 7\"},\"image\":{\"@id\":\"https:\\\/\\\/canal7slp.tv\\\/2025\\\/#\\\/schema\\\/logo\\\/image\\\/\"},\"sameAs\":[\"https:\\\/\\\/www.facebook.com\\\/noticieroscanal7atencionciudadana\\\/\",\"https:\\\/\\\/x.com\\\/NOTICIEROS7\",\"https:\\\/\\\/www.instagram.com\\\/canal7_slp\",\"https:\\\/\\\/www.youtube.com\\\/channel\\\/UCliiYs-gP3JfJeqdPrNdd5A\"]},{\"@type\":\"Person\",\"@id\":\"https:\\\/\\\/canal7slp.tv\\\/2025\\\/#\\\/schema\\\/person\\\/271e2b60a96e7cc9d9ac296f4d7e414b\",\"name\":\"Edici\u00f3n Web\",\"image\":{\"@type\":\"ImageObject\",\"inLanguage\":\"es\",\"@id\":\"https:\\\/\\\/secure.gravatar.com\\\/avatar\\\/eee448fc3f7164808013b816ba91ac7e43bbe82a70bebac296f8bc6f0addaa1a?s=96&d=mm&r=g\",\"url\":\"https:\\\/\\\/secure.gravatar.com\\\/avatar\\\/eee448fc3f7164808013b816ba91ac7e43bbe82a70bebac296f8bc6f0addaa1a?s=96&d=mm&r=g\",\"contentUrl\":\"https:\\\/\\\/secure.gravatar.com\\\/avatar\\\/eee448fc3f7164808013b816ba91ac7e43bbe82a70bebac296f8bc6f0addaa1a?s=96&d=mm&r=g\",\"caption\":\"Edici\u00f3n Web\"},\"url\":\"https:\\\/\\\/canal7slp.tv\\\/2025\\\/author\\\/edicionweb\\\/\"}]}<\/script>\n<!-- \/ Yoast SEO plugin. -->","yoast_head_json":{"title":"Contin\u00faan preparativos finales en seguridad y protecci\u00f3n civil para la FENAPO 2025 - Canal 7 SLP - 2025","robots":{"index":"index","follow":"follow","max-snippet":"max-snippet:-1","max-image-preview":"max-image-preview:large","max-video-preview":"max-video-preview:-1"},"canonical":"https:\/\/canal7slp.tv\/2025\/continuan-preparativos-finales-en-seguridad-y-proteccion-civil-para-la-fenapo-2025\/","og_locale":"es_ES","og_type":"article","og_title":"Contin\u00faan preparativos finales en seguridad y protecci\u00f3n civil para la FENAPO 2025 - Canal 7 SLP - 2025","og_description":"SLP:- A pocos d\u00edas del arranque de la Feria Nacional Potosina (FENAPO) en su edici\u00f3n 2025, el Gobierno del Estado afina los \u00faltimos detalles en materia de log\u00edstica, seguridad y protecci\u00f3n civil. El secretario General de Gobierno, Guadalupe Torres S\u00e1nchez, inform\u00f3 que las acciones preventivas comenzaron con antelaci\u00f3n para atender todos los aspectos que demanda un evento de esta magnitud. \u201cS\u00ed pues inicia el viernes 8 de agosto lo inaugura el se\u00f1or gobernador y bueno pues mira La verdad es que con mucha anticipaci\u00f3n se ha venido cuidando todos los aspectos de la mejor feria de M\u00e9xico\u201d, expres\u00f3. De acuerdo [&hellip;]","og_url":"https:\/\/canal7slp.tv\/2025\/continuan-preparativos-finales-en-seguridad-y-proteccion-civil-para-la-fenapo-2025\/","og_site_name":"Canal 7 SLP - 2025","article_publisher":"https:\/\/www.facebook.com\/noticieroscanal7atencionciudadana\/","article_published_time":"2025-07-28T22:21:13+00:00","og_image":[{"width":1280,"height":720,"url":"https:\/\/canal7slp.tv\/2025\/wp-content\/uploads\/2025\/07\/Vazquez02SGGFenapo.jpg","type":"image\/jpeg"}],"author":"Edici\u00f3n Web","twitter_card":"summary_large_image","twitter_creator":"@NOTICIEROS7","twitter_site":"@NOTICIEROS7","twitter_misc":{"Escrito por":"Edici\u00f3n Web","Tiempo de lectura":"2 minutos"},"schema":{"@context":"https:\/\/schema.org","@graph":[{"@type":"Article","@id":"https:\/\/canal7slp.tv\/2025\/continuan-preparativos-finales-en-seguridad-y-proteccion-civil-para-la-fenapo-2025\/#article","isPartOf":{"@id":"https:\/\/canal7slp.tv\/2025\/continuan-preparativos-finales-en-seguridad-y-proteccion-civil-para-la-fenapo-2025\/"},"author":{"name":"Edici\u00f3n Web","@id":"https:\/\/canal7slp.tv\/2025\/#\/schema\/person\/271e2b60a96e7cc9d9ac296f4d7e414b"},"headline":"Contin\u00faan preparativos finales en seguridad y protecci\u00f3n civil para la FENAPO 2025","datePublished":"2025-07-28T22:21:13+00:00","mainEntityOfPage":{"@id":"https:\/\/canal7slp.tv\/2025\/continuan-preparativos-finales-en-seguridad-y-proteccion-civil-para-la-fenapo-2025\/"},"wordCount":277,"publisher":{"@id":"https:\/\/canal7slp.tv\/2025\/#organization"},"image":{"@id":"https:\/\/canal7slp.tv\/2025\/continuan-preparativos-finales-en-seguridad-y-proteccion-civil-para-la-fenapo-2025\/#primaryimage"},"thumbnailUrl":"https:\/\/canal7slp.tv\/2025\/wp-content\/uploads\/2025\/07\/Vazquez02SGGFenapo.jpg","articleSection":["DESTACADAS","GOBEDOSLP","LOCALES Y REGIONALES"],"inLanguage":"es"},{"@type":"WebPage","@id":"https:\/\/canal7slp.tv\/2025\/continuan-preparativos-finales-en-seguridad-y-proteccion-civil-para-la-fenapo-2025\/","url":"https:\/\/canal7slp.tv\/2025\/continuan-preparativos-finales-en-seguridad-y-proteccion-civil-para-la-fenapo-2025\/","name":"Contin\u00faan preparativos finales en seguridad y protecci\u00f3n civil para la FENAPO 2025 - Canal 7 SLP - 2025","isPartOf":{"@id":"https:\/\/canal7slp.tv\/2025\/#website"},"primaryImageOfPage":{"@id":"https:\/\/canal7slp.tv\/2025\/continuan-preparativos-finales-en-seguridad-y-proteccion-civil-para-la-fenapo-2025\/#primaryimage"},"image":{"@id":"https:\/\/canal7slp.tv\/2025\/continuan-preparativos-finales-en-seguridad-y-proteccion-civil-para-la-fenapo-2025\/#primaryimage"},"thumbnailUrl":"https:\/\/canal7slp.tv\/2025\/wp-content\/uploads\/2025\/07\/Vazquez02SGGFenapo.jpg","datePublished":"2025-07-28T22:21:13+00:00","breadcrumb":{"@id":"https:\/\/canal7slp.tv\/2025\/continuan-preparativos-finales-en-seguridad-y-proteccion-civil-para-la-fenapo-2025\/#breadcrumb"},"inLanguage":"es","potentialAction":[{"@type":"ReadAction","target":["https:\/\/canal7slp.tv\/2025\/continuan-preparativos-finales-en-seguridad-y-proteccion-civil-para-la-fenapo-2025\/"]}]},{"@type":"ImageObject","inLanguage":"es","@id":"https:\/\/canal7slp.tv\/2025\/continuan-preparativos-finales-en-seguridad-y-proteccion-civil-para-la-fenapo-2025\/#primaryimage","url":"https:\/\/canal7slp.tv\/2025\/wp-content\/uploads\/2025\/07\/Vazquez02SGGFenapo.jpg","contentUrl":"https:\/\/canal7slp.tv\/2025\/wp-content\/uploads\/2025\/07\/Vazquez02SGGFenapo.jpg","width":1280,"height":720},{"@type":"BreadcrumbList","@id":"https:\/\/canal7slp.tv\/2025\/continuan-preparativos-finales-en-seguridad-y-proteccion-civil-para-la-fenapo-2025\/#breadcrumb","itemListElement":[{"@type":"ListItem","position":1,"name":"Portada","item":"https:\/\/canal7slp.tv\/2025\/"},{"@type":"ListItem","position":2,"name":"Contin\u00faan preparativos finales en seguridad y protecci\u00f3n civil para la FENAPO 2025"}]},{"@type":"WebSite","@id":"https:\/\/canal7slp.tv\/2025\/#website","url":"https:\/\/canal7slp.tv\/2025\/","name":"N7 - Noticieros Canal 7","description":"Somos el Medio","publisher":{"@id":"https:\/\/canal7slp.tv\/2025\/#organization"},"potentialAction":[{"@type":"SearchAction","target":{"@type":"EntryPoint","urlTemplate":"https:\/\/canal7slp.tv\/2025\/?s={search_term_string}"},"query-input":{"@type":"PropertyValueSpecification","valueRequired":true,"valueName":"search_term_string"}}],"inLanguage":"es"},{"@type":"Organization","@id":"https:\/\/canal7slp.tv\/2025\/#organization","name":"Noticieros Canal 7","url":"https:\/\/canal7slp.tv\/2025\/","logo":{"@type":"ImageObject","inLanguage":"es","@id":"https:\/\/canal7slp.tv\/2025\/#\/schema\/logo\/image\/","url":"https:\/\/canal7slp.tv\/2025\/wp-content\/uploads\/2021\/01\/logo-noticieros@2x.png","contentUrl":"https:\/\/canal7slp.tv\/2025\/wp-content\/uploads\/2021\/01\/logo-noticieros@2x.png","width":1017,"height":268,"caption":"Noticieros Canal 7"},"image":{"@id":"https:\/\/canal7slp.tv\/2025\/#\/schema\/logo\/image\/"},"sameAs":["https:\/\/www.facebook.com\/noticieroscanal7atencionciudadana\/","https:\/\/x.com\/NOTICIEROS7","https:\/\/www.instagram.com\/canal7_slp","https:\/\/www.youtube.com\/channel\/UCliiYs-gP3JfJeqdPrNdd5A"]},{"@type":"Person","@id":"https:\/\/canal7slp.tv\/2025\/#\/schema\/person\/271e2b60a96e7cc9d9ac296f4d7e414b","name":"Edici\u00f3n Web","image":{"@type":"ImageObject","inLanguage":"es","@id":"https:\/\/secure.gravatar.com\/avatar\/eee448fc3f7164808013b816ba91ac7e43bbe82a70bebac296f8bc6f0addaa1a?s=96&d=mm&r=g","url":"https:\/\/secure.gravatar.com\/avatar\/eee448fc3f7164808013b816ba91ac7e43bbe82a70bebac296f8bc6f0addaa1a?s=96&d=mm&r=g","contentUrl":"https:\/\/secure.gravatar.com\/avatar\/eee448fc3f7164808013b816ba91ac7e43bbe82a70bebac296f8bc6f0addaa1a?s=96&d=mm&r=g","caption":"Edici\u00f3n Web"},"url":"https:\/\/canal7slp.tv\/2025\/author\/edicionweb\/"}]}},"_links":{"self":[{"href":"https:\/\/canal7slp.tv\/2025\/wp-json\/wp\/v2\/posts\/174684","targetHints":{"allow":["GET"]}}],"collection":[{"href":"https:\/\/canal7slp.tv\/2025\/wp-json\/wp\/v2\/posts"}],"about":[{"href":"https:\/\/canal7slp.tv\/2025\/wp-json\/wp\/v2\/types\/post"}],"author":[{"embeddable":true,"href":"https:\/\/canal7slp.tv\/2025\/wp-json\/wp\/v2\/users\/2"}],"replies":[{"embeddable":true,"href":"https:\/\/canal7slp.tv\/2025\/wp-json\/wp\/v2\/comments?post=174684"}],"version-history":[{"count":1,"href":"https:\/\/canal7slp.tv\/2025\/wp-json\/wp\/v2\/posts\/174684\/revisions"}],"predecessor-version":[{"id":174687,"href":"https:\/\/canal7slp.tv\/2025\/wp-json\/wp\/v2\/posts\/174684\/revisions\/174687"}],"wp:featuredmedia":[{"embeddable":true,"href":"https:\/\/canal7slp.tv\/2025\/wp-json\/wp\/v2\/media\/174686"}],"wp:attachment":[{"href":"https:\/\/canal7slp.tv\/2025\/wp-json\/wp\/v2\/media?parent=174684"}],"wp:term":[{"taxonomy":"category","embeddable":true,"href":"https:\/\/canal7slp.tv\/2025\/wp-json\/wp\/v2\/categories?post=174684"},{"taxonomy":"post_tag","embeddable":true,"href":"https:\/\/canal7slp.tv\/2025\/wp-json\/wp\/v2\/tags?post=174684"}],"curies":[{"name":"wp","href":"https:\/\/api.w.org\/{rel}","templated":true}]}}