{"id":174592,"date":"2025-07-27T09:59:16","date_gmt":"2025-07-27T15:59:16","guid":{"rendered":"https:\/\/canal7slp.tv\/2025\/?p=174592"},"modified":"2025-07-27T09:59:16","modified_gmt":"2025-07-27T15:59:16","slug":"programa-capital-al-100-llega-a-comunidades-de-la-pila","status":"publish","type":"post","link":"https:\/\/canal7slp.tv\/2025\/programa-capital-al-100-llega-a-comunidades-de-la-pila\/","title":{"rendered":"Programa Capital al 100 llega a comunidades de La Pila"},"content":{"rendered":"<p style=\"text-align: justify;\"><span style=\"font-size: 1.21429rem;\">SLP.- El programa Capital al 100 del Ayuntamiento de San Luis Potos\u00ed se llev\u00f3 a cabo este fin de semana en las comunidades de Arroyos y Terrero Sur, correspondientes a la delegaci\u00f3n de La Pila, con una serie de acciones enfocadas en mejorar la calidad de vida de sus habitantes.<\/span><\/p>\n<p style=\"text-align: justify;\">El presidente municipal, Enrique Galindo Ceballos, destac\u00f3 que estas responden a una labor de gestor\u00eda y trabajo conjunto entre ciudadan\u00eda y gobierno.<\/p>\n<p style=\"text-align: justify;\">\u201cHoy me da mucho gusto regresar y decirles que tenemos muchas cosas que hacer con ustedes, todo este tema es de gestor\u00eda, todos queremos que nuestras comunidades est\u00e9n mejor, todos queremos que mejoremos la calidad de vida de las personas, para eso est\u00e1 el gobierno y para eso los ciudadanos nos invitan a venir\u201d, dijo.<\/p>\n<p style=\"text-align: justify;\">Entre los servicios que se llevaron resalta la Ruta de la Salud, un programa impulsado por el DIF Municipal que brinda atenci\u00f3n m\u00e9dica preventiva sin costo.<\/p>\n<p style=\"text-align: justify;\">\u201cHoy quiero decirles que no venimos solos, traemos cosas que le sirven a la comunidad, entre ellos la ruta de la salud, yo creo que deben aprovecharla, ya la conocen, la ruta de la salud es un programa del DIF que creci\u00f3\u00bb, coment\u00f3.<\/p>\n<p style=\"text-align: justify;\">Prosigui\u00f3: \u201cNo es un asunto de enfermedad, es un asunto para detectar alguna posible enfermedad, es preventiva; los va a ver el m\u00e9dico general, el m\u00e9dico le va a hacer una serie estudios, les van a revisar los o\u00eddos, si ven bien, si escuchan bien, temas dentales y todo lo que pase en la ruta de salud es gratuito\u201d.<\/p>\n<p style=\"text-align: justify;\">Tambi\u00e9n se reinaugur\u00f3 el Centro de Atenci\u00f3n Familiar, que ofrecer\u00e1 diversos servicios y actividades para la poblaci\u00f3n.<\/p>\n<p style=\"text-align: justify;\">\u201cVenimos tambi\u00e9n a reinaugurar el Centro de Atenci\u00f3n Familiar, es una instancia que acaba de regenerar la delegada junto con el DIF y qu\u00e9 se hace ah\u00ed, pues se atiende a adultos mayores, ah\u00ed van a recibir pl\u00e1ticas, van a recibir asesor\u00edas de mucho tipo, la delegada va a tener un programa para tener contacto con la ciudadan\u00eda, va a ser el punto de encuentro del gobierno municipal con la comunidad\u201d, detall\u00f3.<\/p>\n<p style=\"text-align: justify;\">El alcalde tambi\u00e9n propuso que este espacio pueda funcionar como oficina para la recepci\u00f3n de tr\u00e1mites, con el objetivo de acercar al municipio con los habitantes de la zona.<\/p>\n<p style=\"text-align: justify;\">\u201cHabr\u00e1 cosas, y yo te lo sugiero delegada, que sea un espacio de tr\u00e1mites, as\u00ed tenemos una oficina muy parecida en Pe\u00f1asco y donde no es que resuelva todo pero ah\u00ed van y dejan su tr\u00e1mite, lo llevan a la delegaci\u00f3n o al ayuntamiento, se resuelve y la gente ya no tiene que ir, yo respaldo para que se tomen las medidas necesarias para que se convierta en una oficina tambi\u00e9n del ayuntamiento\u201d.<\/p>\n<p style=\"text-align: justify;\">Durante la jornada tambi\u00e9n se realizaron labores de mejora en espacios p\u00fablicos como poda, pintura, bacheo y limpieza general.<\/p>\n<p style=\"text-align: justify;\">De esa manera se reiter\u00f3 el compromiso del gobierno municipal para atender de forma directa las necesidades de las comunidades.<\/p>\n<p style=\"text-align: justify;\">\u00abTodo el apoyo para la gente de aqu\u00ed de esta comunidad que queremos mucho, que nos quieren mucho, para que les facilitemos la vida, tengamos condiciones, es el tiempo de decirnos si necesitamos ampliar alumbrado p\u00fablico, si necesitamos arreglar alguna cosa en particular, d\u00edganoslo\u201d, finaliz\u00f3.<\/p>\n<p>Por: Jos\u00e9 Luis V\u00e1zquez<\/p>\n","protected":false},"excerpt":{"rendered":"<p>SLP.- El programa Capital al 100 del Ayuntamiento de San Luis Potos\u00ed se llev\u00f3 a cabo este fin de semana en las comunidades de Arroyos y Terrero Sur, correspondientes a la delegaci\u00f3n de La Pila, con una serie de acciones enfocadas en mejorar la calidad de vida de sus habitantes. El presidente municipal, Enrique Galindo Ceballos, destac\u00f3 que estas responden a una labor de gestor\u00eda y trabajo conjunto entre ciudadan\u00eda y gobierno. \u201cHoy me da mucho gusto regresar y decirles que tenemos muchas cosas que hacer con ustedes, todo este tema es de gestor\u00eda, todos queremos que nuestras comunidades est\u00e9n [&hellip;]<\/p>\n","protected":false},"author":2,"featured_media":174595,"comment_status":"closed","ping_status":"closed","sticky":false,"template":"","format":"video","meta":{"_monsterinsights_skip_tracking":false,"_monsterinsights_sitenote_active":false,"_monsterinsights_sitenote_note":"","_monsterinsights_sitenote_category":0,"footnotes":""},"categories":[66,5,45],"tags":[],"class_list":["post-174592","post","type-post","status-publish","format-video","has-post-thumbnail","hentry","category-ayoslp","category-destacadas","category-localesyregionales","post_format-post-format-video","post--single"],"yoast_head":"<!-- This site is optimized with the Yoast SEO plugin v27.5 - https:\/\/yoast.com\/product\/yoast-seo-wordpress\/ -->\n<title>Programa Capital al 100 llega a comunidades de La Pila - Canal 7 SLP - 2025<\/title>\n<meta name=\"robots\" content=\"index, follow, max-snippet:-1, max-image-preview:large, max-video-preview:-1\" \/>\n<link rel=\"canonical\" href=\"https:\/\/canal7slp.tv\/2025\/programa-capital-al-100-llega-a-comunidades-de-la-pila\/\" \/>\n<meta property=\"og:locale\" content=\"es_ES\" \/>\n<meta property=\"og:type\" content=\"article\" \/>\n<meta property=\"og:title\" content=\"Programa Capital al 100 llega a comunidades de La Pila - Canal 7 SLP - 2025\" \/>\n<meta property=\"og:description\" content=\"SLP.- El programa Capital al 100 del Ayuntamiento de San Luis Potos\u00ed se llev\u00f3 a cabo este fin de semana en las comunidades de Arroyos y Terrero Sur, correspondientes a la delegaci\u00f3n de La Pila, con una serie de acciones enfocadas en mejorar la calidad de vida de sus habitantes. El presidente municipal, Enrique Galindo Ceballos, destac\u00f3 que estas responden a una labor de gestor\u00eda y trabajo conjunto entre ciudadan\u00eda y gobierno. \u201cHoy me da mucho gusto regresar y decirles que tenemos muchas cosas que hacer con ustedes, todo este tema es de gestor\u00eda, todos queremos que nuestras comunidades est\u00e9n [&hellip;]\" \/>\n<meta property=\"og:url\" content=\"https:\/\/canal7slp.tv\/2025\/programa-capital-al-100-llega-a-comunidades-de-la-pila\/\" \/>\n<meta property=\"og:site_name\" content=\"Canal 7 SLP - 2025\" \/>\n<meta property=\"article:publisher\" content=\"https:\/\/www.facebook.com\/noticieroscanal7atencionciudadana\/\" \/>\n<meta property=\"article:published_time\" content=\"2025-07-27T15:59:16+00:00\" \/>\n<meta property=\"og:image\" content=\"https:\/\/canal7slp.tv\/2025\/wp-content\/uploads\/2025\/07\/Vazquez01CpmunidadesPila.jpg\" \/>\n\t<meta property=\"og:image:width\" content=\"1280\" \/>\n\t<meta property=\"og:image:height\" content=\"720\" \/>\n\t<meta property=\"og:image:type\" content=\"image\/jpeg\" \/>\n<meta name=\"author\" content=\"Edici\u00f3n Web\" \/>\n<meta name=\"twitter:card\" content=\"summary_large_image\" \/>\n<meta name=\"twitter:creator\" content=\"@NOTICIEROS7\" \/>\n<meta name=\"twitter:site\" content=\"@NOTICIEROS7\" \/>\n<meta name=\"twitter:label1\" content=\"Escrito por\" \/>\n\t<meta name=\"twitter:data1\" content=\"Edici\u00f3n Web\" \/>\n\t<meta name=\"twitter:label2\" content=\"Tiempo de lectura\" \/>\n\t<meta name=\"twitter:data2\" content=\"3 minutos\" \/>\n<script type=\"application\/ld+json\" class=\"yoast-schema-graph\">{\"@context\":\"https:\\\/\\\/schema.org\",\"@graph\":[{\"@type\":\"Article\",\"@id\":\"https:\\\/\\\/canal7slp.tv\\\/2025\\\/programa-capital-al-100-llega-a-comunidades-de-la-pila\\\/#article\",\"isPartOf\":{\"@id\":\"https:\\\/\\\/canal7slp.tv\\\/2025\\\/programa-capital-al-100-llega-a-comunidades-de-la-pila\\\/\"},\"author\":{\"name\":\"Edici\u00f3n Web\",\"@id\":\"https:\\\/\\\/canal7slp.tv\\\/2025\\\/#\\\/schema\\\/person\\\/271e2b60a96e7cc9d9ac296f4d7e414b\"},\"headline\":\"Programa Capital al 100 llega a comunidades de La Pila\",\"datePublished\":\"2025-07-27T15:59:16+00:00\",\"mainEntityOfPage\":{\"@id\":\"https:\\\/\\\/canal7slp.tv\\\/2025\\\/programa-capital-al-100-llega-a-comunidades-de-la-pila\\\/\"},\"wordCount\":574,\"publisher\":{\"@id\":\"https:\\\/\\\/canal7slp.tv\\\/2025\\\/#organization\"},\"image\":{\"@id\":\"https:\\\/\\\/canal7slp.tv\\\/2025\\\/programa-capital-al-100-llega-a-comunidades-de-la-pila\\\/#primaryimage\"},\"thumbnailUrl\":\"https:\\\/\\\/canal7slp.tv\\\/2025\\\/wp-content\\\/uploads\\\/2025\\\/07\\\/Vazquez01CpmunidadesPila.jpg\",\"articleSection\":[\"AYOSLP\",\"DESTACADAS\",\"LOCALES Y REGIONALES\"],\"inLanguage\":\"es\"},{\"@type\":\"WebPage\",\"@id\":\"https:\\\/\\\/canal7slp.tv\\\/2025\\\/programa-capital-al-100-llega-a-comunidades-de-la-pila\\\/\",\"url\":\"https:\\\/\\\/canal7slp.tv\\\/2025\\\/programa-capital-al-100-llega-a-comunidades-de-la-pila\\\/\",\"name\":\"Programa Capital al 100 llega a comunidades de La Pila - Canal 7 SLP - 2025\",\"isPartOf\":{\"@id\":\"https:\\\/\\\/canal7slp.tv\\\/2025\\\/#website\"},\"primaryImageOfPage\":{\"@id\":\"https:\\\/\\\/canal7slp.tv\\\/2025\\\/programa-capital-al-100-llega-a-comunidades-de-la-pila\\\/#primaryimage\"},\"image\":{\"@id\":\"https:\\\/\\\/canal7slp.tv\\\/2025\\\/programa-capital-al-100-llega-a-comunidades-de-la-pila\\\/#primaryimage\"},\"thumbnailUrl\":\"https:\\\/\\\/canal7slp.tv\\\/2025\\\/wp-content\\\/uploads\\\/2025\\\/07\\\/Vazquez01CpmunidadesPila.jpg\",\"datePublished\":\"2025-07-27T15:59:16+00:00\",\"breadcrumb\":{\"@id\":\"https:\\\/\\\/canal7slp.tv\\\/2025\\\/programa-capital-al-100-llega-a-comunidades-de-la-pila\\\/#breadcrumb\"},\"inLanguage\":\"es\",\"potentialAction\":[{\"@type\":\"ReadAction\",\"target\":[\"https:\\\/\\\/canal7slp.tv\\\/2025\\\/programa-capital-al-100-llega-a-comunidades-de-la-pila\\\/\"]}]},{\"@type\":\"ImageObject\",\"inLanguage\":\"es\",\"@id\":\"https:\\\/\\\/canal7slp.tv\\\/2025\\\/programa-capital-al-100-llega-a-comunidades-de-la-pila\\\/#primaryimage\",\"url\":\"https:\\\/\\\/canal7slp.tv\\\/2025\\\/wp-content\\\/uploads\\\/2025\\\/07\\\/Vazquez01CpmunidadesPila.jpg\",\"contentUrl\":\"https:\\\/\\\/canal7slp.tv\\\/2025\\\/wp-content\\\/uploads\\\/2025\\\/07\\\/Vazquez01CpmunidadesPila.jpg\",\"width\":1280,\"height\":720},{\"@type\":\"BreadcrumbList\",\"@id\":\"https:\\\/\\\/canal7slp.tv\\\/2025\\\/programa-capital-al-100-llega-a-comunidades-de-la-pila\\\/#breadcrumb\",\"itemListElement\":[{\"@type\":\"ListItem\",\"position\":1,\"name\":\"Portada\",\"item\":\"https:\\\/\\\/canal7slp.tv\\\/2025\\\/\"},{\"@type\":\"ListItem\",\"position\":2,\"name\":\"Programa Capital al 100 llega a comunidades de La Pila\"}]},{\"@type\":\"WebSite\",\"@id\":\"https:\\\/\\\/canal7slp.tv\\\/2025\\\/#website\",\"url\":\"https:\\\/\\\/canal7slp.tv\\\/2025\\\/\",\"name\":\"N7 - Noticieros Canal 7\",\"description\":\"Somos el Medio\",\"publisher\":{\"@id\":\"https:\\\/\\\/canal7slp.tv\\\/2025\\\/#organization\"},\"potentialAction\":[{\"@type\":\"SearchAction\",\"target\":{\"@type\":\"EntryPoint\",\"urlTemplate\":\"https:\\\/\\\/canal7slp.tv\\\/2025\\\/?s={search_term_string}\"},\"query-input\":{\"@type\":\"PropertyValueSpecification\",\"valueRequired\":true,\"valueName\":\"search_term_string\"}}],\"inLanguage\":\"es\"},{\"@type\":\"Organization\",\"@id\":\"https:\\\/\\\/canal7slp.tv\\\/2025\\\/#organization\",\"name\":\"Noticieros Canal 7\",\"url\":\"https:\\\/\\\/canal7slp.tv\\\/2025\\\/\",\"logo\":{\"@type\":\"ImageObject\",\"inLanguage\":\"es\",\"@id\":\"https:\\\/\\\/canal7slp.tv\\\/2025\\\/#\\\/schema\\\/logo\\\/image\\\/\",\"url\":\"https:\\\/\\\/canal7slp.tv\\\/2025\\\/wp-content\\\/uploads\\\/2021\\\/01\\\/logo-noticieros@2x.png\",\"contentUrl\":\"https:\\\/\\\/canal7slp.tv\\\/2025\\\/wp-content\\\/uploads\\\/2021\\\/01\\\/logo-noticieros@2x.png\",\"width\":1017,\"height\":268,\"caption\":\"Noticieros Canal 7\"},\"image\":{\"@id\":\"https:\\\/\\\/canal7slp.tv\\\/2025\\\/#\\\/schema\\\/logo\\\/image\\\/\"},\"sameAs\":[\"https:\\\/\\\/www.facebook.com\\\/noticieroscanal7atencionciudadana\\\/\",\"https:\\\/\\\/x.com\\\/NOTICIEROS7\",\"https:\\\/\\\/www.instagram.com\\\/canal7_slp\",\"https:\\\/\\\/www.youtube.com\\\/channel\\\/UCliiYs-gP3JfJeqdPrNdd5A\"]},{\"@type\":\"Person\",\"@id\":\"https:\\\/\\\/canal7slp.tv\\\/2025\\\/#\\\/schema\\\/person\\\/271e2b60a96e7cc9d9ac296f4d7e414b\",\"name\":\"Edici\u00f3n Web\",\"image\":{\"@type\":\"ImageObject\",\"inLanguage\":\"es\",\"@id\":\"https:\\\/\\\/secure.gravatar.com\\\/avatar\\\/eee448fc3f7164808013b816ba91ac7e43bbe82a70bebac296f8bc6f0addaa1a?s=96&d=mm&r=g\",\"url\":\"https:\\\/\\\/secure.gravatar.com\\\/avatar\\\/eee448fc3f7164808013b816ba91ac7e43bbe82a70bebac296f8bc6f0addaa1a?s=96&d=mm&r=g\",\"contentUrl\":\"https:\\\/\\\/secure.gravatar.com\\\/avatar\\\/eee448fc3f7164808013b816ba91ac7e43bbe82a70bebac296f8bc6f0addaa1a?s=96&d=mm&r=g\",\"caption\":\"Edici\u00f3n Web\"},\"url\":\"https:\\\/\\\/canal7slp.tv\\\/2025\\\/author\\\/edicionweb\\\/\"}]}<\/script>\n<!-- \/ Yoast SEO plugin. -->","yoast_head_json":{"title":"Programa Capital al 100 llega a comunidades de La Pila - Canal 7 SLP - 2025","robots":{"index":"index","follow":"follow","max-snippet":"max-snippet:-1","max-image-preview":"max-image-preview:large","max-video-preview":"max-video-preview:-1"},"canonical":"https:\/\/canal7slp.tv\/2025\/programa-capital-al-100-llega-a-comunidades-de-la-pila\/","og_locale":"es_ES","og_type":"article","og_title":"Programa Capital al 100 llega a comunidades de La Pila - Canal 7 SLP - 2025","og_description":"SLP.- El programa Capital al 100 del Ayuntamiento de San Luis Potos\u00ed se llev\u00f3 a cabo este fin de semana en las comunidades de Arroyos y Terrero Sur, correspondientes a la delegaci\u00f3n de La Pila, con una serie de acciones enfocadas en mejorar la calidad de vida de sus habitantes. El presidente municipal, Enrique Galindo Ceballos, destac\u00f3 que estas responden a una labor de gestor\u00eda y trabajo conjunto entre ciudadan\u00eda y gobierno. \u201cHoy me da mucho gusto regresar y decirles que tenemos muchas cosas que hacer con ustedes, todo este tema es de gestor\u00eda, todos queremos que nuestras comunidades est\u00e9n [&hellip;]","og_url":"https:\/\/canal7slp.tv\/2025\/programa-capital-al-100-llega-a-comunidades-de-la-pila\/","og_site_name":"Canal 7 SLP - 2025","article_publisher":"https:\/\/www.facebook.com\/noticieroscanal7atencionciudadana\/","article_published_time":"2025-07-27T15:59:16+00:00","og_image":[{"width":1280,"height":720,"url":"https:\/\/canal7slp.tv\/2025\/wp-content\/uploads\/2025\/07\/Vazquez01CpmunidadesPila.jpg","type":"image\/jpeg"}],"author":"Edici\u00f3n Web","twitter_card":"summary_large_image","twitter_creator":"@NOTICIEROS7","twitter_site":"@NOTICIEROS7","twitter_misc":{"Escrito por":"Edici\u00f3n Web","Tiempo de lectura":"3 minutos"},"schema":{"@context":"https:\/\/schema.org","@graph":[{"@type":"Article","@id":"https:\/\/canal7slp.tv\/2025\/programa-capital-al-100-llega-a-comunidades-de-la-pila\/#article","isPartOf":{"@id":"https:\/\/canal7slp.tv\/2025\/programa-capital-al-100-llega-a-comunidades-de-la-pila\/"},"author":{"name":"Edici\u00f3n Web","@id":"https:\/\/canal7slp.tv\/2025\/#\/schema\/person\/271e2b60a96e7cc9d9ac296f4d7e414b"},"headline":"Programa Capital al 100 llega a comunidades de La Pila","datePublished":"2025-07-27T15:59:16+00:00","mainEntityOfPage":{"@id":"https:\/\/canal7slp.tv\/2025\/programa-capital-al-100-llega-a-comunidades-de-la-pila\/"},"wordCount":574,"publisher":{"@id":"https:\/\/canal7slp.tv\/2025\/#organization"},"image":{"@id":"https:\/\/canal7slp.tv\/2025\/programa-capital-al-100-llega-a-comunidades-de-la-pila\/#primaryimage"},"thumbnailUrl":"https:\/\/canal7slp.tv\/2025\/wp-content\/uploads\/2025\/07\/Vazquez01CpmunidadesPila.jpg","articleSection":["AYOSLP","DESTACADAS","LOCALES Y REGIONALES"],"inLanguage":"es"},{"@type":"WebPage","@id":"https:\/\/canal7slp.tv\/2025\/programa-capital-al-100-llega-a-comunidades-de-la-pila\/","url":"https:\/\/canal7slp.tv\/2025\/programa-capital-al-100-llega-a-comunidades-de-la-pila\/","name":"Programa Capital al 100 llega a comunidades de La Pila - Canal 7 SLP - 2025","isPartOf":{"@id":"https:\/\/canal7slp.tv\/2025\/#website"},"primaryImageOfPage":{"@id":"https:\/\/canal7slp.tv\/2025\/programa-capital-al-100-llega-a-comunidades-de-la-pila\/#primaryimage"},"image":{"@id":"https:\/\/canal7slp.tv\/2025\/programa-capital-al-100-llega-a-comunidades-de-la-pila\/#primaryimage"},"thumbnailUrl":"https:\/\/canal7slp.tv\/2025\/wp-content\/uploads\/2025\/07\/Vazquez01CpmunidadesPila.jpg","datePublished":"2025-07-27T15:59:16+00:00","breadcrumb":{"@id":"https:\/\/canal7slp.tv\/2025\/programa-capital-al-100-llega-a-comunidades-de-la-pila\/#breadcrumb"},"inLanguage":"es","potentialAction":[{"@type":"ReadAction","target":["https:\/\/canal7slp.tv\/2025\/programa-capital-al-100-llega-a-comunidades-de-la-pila\/"]}]},{"@type":"ImageObject","inLanguage":"es","@id":"https:\/\/canal7slp.tv\/2025\/programa-capital-al-100-llega-a-comunidades-de-la-pila\/#primaryimage","url":"https:\/\/canal7slp.tv\/2025\/wp-content\/uploads\/2025\/07\/Vazquez01CpmunidadesPila.jpg","contentUrl":"https:\/\/canal7slp.tv\/2025\/wp-content\/uploads\/2025\/07\/Vazquez01CpmunidadesPila.jpg","width":1280,"height":720},{"@type":"BreadcrumbList","@id":"https:\/\/canal7slp.tv\/2025\/programa-capital-al-100-llega-a-comunidades-de-la-pila\/#breadcrumb","itemListElement":[{"@type":"ListItem","position":1,"name":"Portada","item":"https:\/\/canal7slp.tv\/2025\/"},{"@type":"ListItem","position":2,"name":"Programa Capital al 100 llega a comunidades de La Pila"}]},{"@type":"WebSite","@id":"https:\/\/canal7slp.tv\/2025\/#website","url":"https:\/\/canal7slp.tv\/2025\/","name":"N7 - Noticieros Canal 7","description":"Somos el Medio","publisher":{"@id":"https:\/\/canal7slp.tv\/2025\/#organization"},"potentialAction":[{"@type":"SearchAction","target":{"@type":"EntryPoint","urlTemplate":"https:\/\/canal7slp.tv\/2025\/?s={search_term_string}"},"query-input":{"@type":"PropertyValueSpecification","valueRequired":true,"valueName":"search_term_string"}}],"inLanguage":"es"},{"@type":"Organization","@id":"https:\/\/canal7slp.tv\/2025\/#organization","name":"Noticieros Canal 7","url":"https:\/\/canal7slp.tv\/2025\/","logo":{"@type":"ImageObject","inLanguage":"es","@id":"https:\/\/canal7slp.tv\/2025\/#\/schema\/logo\/image\/","url":"https:\/\/canal7slp.tv\/2025\/wp-content\/uploads\/2021\/01\/logo-noticieros@2x.png","contentUrl":"https:\/\/canal7slp.tv\/2025\/wp-content\/uploads\/2021\/01\/logo-noticieros@2x.png","width":1017,"height":268,"caption":"Noticieros Canal 7"},"image":{"@id":"https:\/\/canal7slp.tv\/2025\/#\/schema\/logo\/image\/"},"sameAs":["https:\/\/www.facebook.com\/noticieroscanal7atencionciudadana\/","https:\/\/x.com\/NOTICIEROS7","https:\/\/www.instagram.com\/canal7_slp","https:\/\/www.youtube.com\/channel\/UCliiYs-gP3JfJeqdPrNdd5A"]},{"@type":"Person","@id":"https:\/\/canal7slp.tv\/2025\/#\/schema\/person\/271e2b60a96e7cc9d9ac296f4d7e414b","name":"Edici\u00f3n Web","image":{"@type":"ImageObject","inLanguage":"es","@id":"https:\/\/secure.gravatar.com\/avatar\/eee448fc3f7164808013b816ba91ac7e43bbe82a70bebac296f8bc6f0addaa1a?s=96&d=mm&r=g","url":"https:\/\/secure.gravatar.com\/avatar\/eee448fc3f7164808013b816ba91ac7e43bbe82a70bebac296f8bc6f0addaa1a?s=96&d=mm&r=g","contentUrl":"https:\/\/secure.gravatar.com\/avatar\/eee448fc3f7164808013b816ba91ac7e43bbe82a70bebac296f8bc6f0addaa1a?s=96&d=mm&r=g","caption":"Edici\u00f3n Web"},"url":"https:\/\/canal7slp.tv\/2025\/author\/edicionweb\/"}]}},"_links":{"self":[{"href":"https:\/\/canal7slp.tv\/2025\/wp-json\/wp\/v2\/posts\/174592","targetHints":{"allow":["GET"]}}],"collection":[{"href":"https:\/\/canal7slp.tv\/2025\/wp-json\/wp\/v2\/posts"}],"about":[{"href":"https:\/\/canal7slp.tv\/2025\/wp-json\/wp\/v2\/types\/post"}],"author":[{"embeddable":true,"href":"https:\/\/canal7slp.tv\/2025\/wp-json\/wp\/v2\/users\/2"}],"replies":[{"embeddable":true,"href":"https:\/\/canal7slp.tv\/2025\/wp-json\/wp\/v2\/comments?post=174592"}],"version-history":[{"count":1,"href":"https:\/\/canal7slp.tv\/2025\/wp-json\/wp\/v2\/posts\/174592\/revisions"}],"predecessor-version":[{"id":174596,"href":"https:\/\/canal7slp.tv\/2025\/wp-json\/wp\/v2\/posts\/174592\/revisions\/174596"}],"wp:featuredmedia":[{"embeddable":true,"href":"https:\/\/canal7slp.tv\/2025\/wp-json\/wp\/v2\/media\/174595"}],"wp:attachment":[{"href":"https:\/\/canal7slp.tv\/2025\/wp-json\/wp\/v2\/media?parent=174592"}],"wp:term":[{"taxonomy":"category","embeddable":true,"href":"https:\/\/canal7slp.tv\/2025\/wp-json\/wp\/v2\/categories?post=174592"},{"taxonomy":"post_tag","embeddable":true,"href":"https:\/\/canal7slp.tv\/2025\/wp-json\/wp\/v2\/tags?post=174592"}],"curies":[{"name":"wp","href":"https:\/\/api.w.org\/{rel}","templated":true}]}}