{"id":174585,"date":"2025-07-26T13:38:24","date_gmt":"2025-07-26T19:38:24","guid":{"rendered":"https:\/\/canal7slp.tv\/2025\/?p=174585"},"modified":"2025-07-26T13:38:24","modified_gmt":"2025-07-26T19:38:24","slug":"lady-racista-sufre-agresion-al-salir-de-audiencia-por-discriminacion","status":"publish","type":"post","link":"https:\/\/canal7slp.tv\/2025\/lady-racista-sufre-agresion-al-salir-de-audiencia-por-discriminacion\/","title":{"rendered":"\u00a0\u201cLady Racista\u201d sufre agresi\u00f3n al salir de audiencia por discriminaci\u00f3n"},"content":{"rendered":"<p style=\"text-align: justify;\">M\u00e9xico.- La audiencia de Ximena Pichel, conocida en redes como \u201cLady Racista\u201d, fue reprogramada para el lunes 28 de julio, luego de su primera comparecencia ante un juez por el delito de discriminaci\u00f3n.<\/p>\n<p style=\"text-align: justify;\">Al t\u00e9rmino de la audiencia, Pichel fue agredida por un grupo de personas que se encontraba afuera de los Juzgados de Control de Delitos no Graves y \u00d3rdenes, ubicados en la colonia Doctores de la Ciudad de M\u00e9xico. Los manifestantes formaban parte de un colectivo que apoyaba a una mujer v\u00edctima de violencia, cuyo caso tambi\u00e9n se abordaba en el mismo recinto judicial.<\/p>\n<p style=\"text-align: justify;\">La imputada no ofreci\u00f3 declaraciones a la prensa, y al salir del edificio fue recibida con gritos, refrescos y otros objetos, en medio de una confrontaci\u00f3n en la que incluso perdi\u00f3 su bolso al intentar abordar su veh\u00edculo y huir del lugar.<\/p>\n<p style=\"text-align: justify;\">Este incidente ocurri\u00f3 semanas despu\u00e9s de que Pichel insultara a un oficial de la Polic\u00eda capitalina, hecho que se viraliz\u00f3 y le gan\u00f3 el apodo de \u201cLady Racista\u201d. Desde entonces, su caso ha generado amplio rechazo en redes sociales y entre colectivos feministas y antirracistas.<\/p>\n","protected":false},"excerpt":{"rendered":"<p>M\u00e9xico.- La audiencia de Ximena Pichel, conocida en redes como \u201cLady Racista\u201d, fue reprogramada para el lunes 28 de julio, luego de su primera comparecencia ante un juez por el delito de discriminaci\u00f3n. Al t\u00e9rmino de la audiencia, Pichel fue agredida por un grupo de personas que se encontraba afuera de los Juzgados de Control de Delitos no Graves y \u00d3rdenes, ubicados en la colonia Doctores de la Ciudad de M\u00e9xico. Los manifestantes formaban parte de un colectivo que apoyaba a una mujer v\u00edctima de violencia, cuyo caso tambi\u00e9n se abordaba en el mismo recinto judicial. La imputada no ofreci\u00f3 [&hellip;]<\/p>\n","protected":false},"author":2,"featured_media":174587,"comment_status":"closed","ping_status":"closed","sticky":false,"template":"","format":"standard","meta":{"_monsterinsights_skip_tracking":false,"_monsterinsights_sitenote_active":false,"_monsterinsights_sitenote_note":"","_monsterinsights_sitenote_category":0,"footnotes":""},"categories":[46],"tags":[],"class_list":["post-174585","post","type-post","status-publish","format-standard","has-post-thumbnail","hentry","category-nacional","post--single"],"yoast_head":"<!-- This site is optimized with the Yoast SEO plugin v27.5 - https:\/\/yoast.com\/product\/yoast-seo-wordpress\/ -->\n<title>\u00a0\u201cLady Racista\u201d sufre agresi\u00f3n al salir de audiencia por discriminaci\u00f3n - Canal 7 SLP - 2025<\/title>\n<meta name=\"robots\" content=\"index, follow, max-snippet:-1, max-image-preview:large, max-video-preview:-1\" \/>\n<link rel=\"canonical\" href=\"https:\/\/canal7slp.tv\/2025\/lady-racista-sufre-agresion-al-salir-de-audiencia-por-discriminacion\/\" \/>\n<meta property=\"og:locale\" content=\"es_ES\" \/>\n<meta property=\"og:type\" content=\"article\" \/>\n<meta property=\"og:title\" content=\"\u00a0\u201cLady Racista\u201d sufre agresi\u00f3n al salir de audiencia por discriminaci\u00f3n - Canal 7 SLP - 2025\" \/>\n<meta property=\"og:description\" content=\"M\u00e9xico.- La audiencia de Ximena Pichel, conocida en redes como \u201cLady Racista\u201d, fue reprogramada para el lunes 28 de julio, luego de su primera comparecencia ante un juez por el delito de discriminaci\u00f3n. Al t\u00e9rmino de la audiencia, Pichel fue agredida por un grupo de personas que se encontraba afuera de los Juzgados de Control de Delitos no Graves y \u00d3rdenes, ubicados en la colonia Doctores de la Ciudad de M\u00e9xico. Los manifestantes formaban parte de un colectivo que apoyaba a una mujer v\u00edctima de violencia, cuyo caso tambi\u00e9n se abordaba en el mismo recinto judicial. La imputada no ofreci\u00f3 [&hellip;]\" \/>\n<meta property=\"og:url\" content=\"https:\/\/canal7slp.tv\/2025\/lady-racista-sufre-agresion-al-salir-de-audiencia-por-discriminacion\/\" \/>\n<meta property=\"og:site_name\" content=\"Canal 7 SLP - 2025\" \/>\n<meta property=\"article:publisher\" content=\"https:\/\/www.facebook.com\/noticieroscanal7atencionciudadana\/\" \/>\n<meta property=\"article:published_time\" content=\"2025-07-26T19:38:24+00:00\" \/>\n<meta property=\"og:image\" content=\"https:\/\/canal7slp.tv\/2025\/wp-content\/uploads\/2025\/07\/09-25.jpg\" \/>\n\t<meta property=\"og:image:width\" content=\"799\" \/>\n\t<meta property=\"og:image:height\" content=\"450\" \/>\n\t<meta property=\"og:image:type\" content=\"image\/jpeg\" \/>\n<meta name=\"author\" content=\"Edici\u00f3n Web\" \/>\n<meta name=\"twitter:card\" content=\"summary_large_image\" \/>\n<meta name=\"twitter:creator\" content=\"@NOTICIEROS7\" \/>\n<meta name=\"twitter:site\" content=\"@NOTICIEROS7\" \/>\n<meta name=\"twitter:label1\" content=\"Escrito por\" \/>\n\t<meta name=\"twitter:data1\" content=\"Edici\u00f3n Web\" \/>\n\t<meta name=\"twitter:label2\" content=\"Tiempo de lectura\" \/>\n\t<meta name=\"twitter:data2\" content=\"1 minuto\" \/>\n<script type=\"application\/ld+json\" class=\"yoast-schema-graph\">{\"@context\":\"https:\\\/\\\/schema.org\",\"@graph\":[{\"@type\":\"Article\",\"@id\":\"https:\\\/\\\/canal7slp.tv\\\/2025\\\/lady-racista-sufre-agresion-al-salir-de-audiencia-por-discriminacion\\\/#article\",\"isPartOf\":{\"@id\":\"https:\\\/\\\/canal7slp.tv\\\/2025\\\/lady-racista-sufre-agresion-al-salir-de-audiencia-por-discriminacion\\\/\"},\"author\":{\"name\":\"Edici\u00f3n Web\",\"@id\":\"https:\\\/\\\/canal7slp.tv\\\/2025\\\/#\\\/schema\\\/person\\\/271e2b60a96e7cc9d9ac296f4d7e414b\"},\"headline\":\"\u00a0\u201cLady Racista\u201d sufre agresi\u00f3n al salir de audiencia por discriminaci\u00f3n\",\"datePublished\":\"2025-07-26T19:38:24+00:00\",\"mainEntityOfPage\":{\"@id\":\"https:\\\/\\\/canal7slp.tv\\\/2025\\\/lady-racista-sufre-agresion-al-salir-de-audiencia-por-discriminacion\\\/\"},\"wordCount\":205,\"publisher\":{\"@id\":\"https:\\\/\\\/canal7slp.tv\\\/2025\\\/#organization\"},\"image\":{\"@id\":\"https:\\\/\\\/canal7slp.tv\\\/2025\\\/lady-racista-sufre-agresion-al-salir-de-audiencia-por-discriminacion\\\/#primaryimage\"},\"thumbnailUrl\":\"https:\\\/\\\/canal7slp.tv\\\/2025\\\/wp-content\\\/uploads\\\/2025\\\/07\\\/09-25.jpg\",\"articleSection\":[\"NACIONALES\"],\"inLanguage\":\"es\"},{\"@type\":\"WebPage\",\"@id\":\"https:\\\/\\\/canal7slp.tv\\\/2025\\\/lady-racista-sufre-agresion-al-salir-de-audiencia-por-discriminacion\\\/\",\"url\":\"https:\\\/\\\/canal7slp.tv\\\/2025\\\/lady-racista-sufre-agresion-al-salir-de-audiencia-por-discriminacion\\\/\",\"name\":\"\u00a0\u201cLady Racista\u201d sufre agresi\u00f3n al salir de audiencia por discriminaci\u00f3n - Canal 7 SLP - 2025\",\"isPartOf\":{\"@id\":\"https:\\\/\\\/canal7slp.tv\\\/2025\\\/#website\"},\"primaryImageOfPage\":{\"@id\":\"https:\\\/\\\/canal7slp.tv\\\/2025\\\/lady-racista-sufre-agresion-al-salir-de-audiencia-por-discriminacion\\\/#primaryimage\"},\"image\":{\"@id\":\"https:\\\/\\\/canal7slp.tv\\\/2025\\\/lady-racista-sufre-agresion-al-salir-de-audiencia-por-discriminacion\\\/#primaryimage\"},\"thumbnailUrl\":\"https:\\\/\\\/canal7slp.tv\\\/2025\\\/wp-content\\\/uploads\\\/2025\\\/07\\\/09-25.jpg\",\"datePublished\":\"2025-07-26T19:38:24+00:00\",\"breadcrumb\":{\"@id\":\"https:\\\/\\\/canal7slp.tv\\\/2025\\\/lady-racista-sufre-agresion-al-salir-de-audiencia-por-discriminacion\\\/#breadcrumb\"},\"inLanguage\":\"es\",\"potentialAction\":[{\"@type\":\"ReadAction\",\"target\":[\"https:\\\/\\\/canal7slp.tv\\\/2025\\\/lady-racista-sufre-agresion-al-salir-de-audiencia-por-discriminacion\\\/\"]}]},{\"@type\":\"ImageObject\",\"inLanguage\":\"es\",\"@id\":\"https:\\\/\\\/canal7slp.tv\\\/2025\\\/lady-racista-sufre-agresion-al-salir-de-audiencia-por-discriminacion\\\/#primaryimage\",\"url\":\"https:\\\/\\\/canal7slp.tv\\\/2025\\\/wp-content\\\/uploads\\\/2025\\\/07\\\/09-25.jpg\",\"contentUrl\":\"https:\\\/\\\/canal7slp.tv\\\/2025\\\/wp-content\\\/uploads\\\/2025\\\/07\\\/09-25.jpg\",\"width\":799,\"height\":450},{\"@type\":\"BreadcrumbList\",\"@id\":\"https:\\\/\\\/canal7slp.tv\\\/2025\\\/lady-racista-sufre-agresion-al-salir-de-audiencia-por-discriminacion\\\/#breadcrumb\",\"itemListElement\":[{\"@type\":\"ListItem\",\"position\":1,\"name\":\"Portada\",\"item\":\"https:\\\/\\\/canal7slp.tv\\\/2025\\\/\"},{\"@type\":\"ListItem\",\"position\":2,\"name\":\"\u00a0\u201cLady Racista\u201d sufre agresi\u00f3n al salir de audiencia por discriminaci\u00f3n\"}]},{\"@type\":\"WebSite\",\"@id\":\"https:\\\/\\\/canal7slp.tv\\\/2025\\\/#website\",\"url\":\"https:\\\/\\\/canal7slp.tv\\\/2025\\\/\",\"name\":\"N7 - Noticieros Canal 7\",\"description\":\"Somos el Medio\",\"publisher\":{\"@id\":\"https:\\\/\\\/canal7slp.tv\\\/2025\\\/#organization\"},\"potentialAction\":[{\"@type\":\"SearchAction\",\"target\":{\"@type\":\"EntryPoint\",\"urlTemplate\":\"https:\\\/\\\/canal7slp.tv\\\/2025\\\/?s={search_term_string}\"},\"query-input\":{\"@type\":\"PropertyValueSpecification\",\"valueRequired\":true,\"valueName\":\"search_term_string\"}}],\"inLanguage\":\"es\"},{\"@type\":\"Organization\",\"@id\":\"https:\\\/\\\/canal7slp.tv\\\/2025\\\/#organization\",\"name\":\"Noticieros Canal 7\",\"url\":\"https:\\\/\\\/canal7slp.tv\\\/2025\\\/\",\"logo\":{\"@type\":\"ImageObject\",\"inLanguage\":\"es\",\"@id\":\"https:\\\/\\\/canal7slp.tv\\\/2025\\\/#\\\/schema\\\/logo\\\/image\\\/\",\"url\":\"https:\\\/\\\/canal7slp.tv\\\/2025\\\/wp-content\\\/uploads\\\/2021\\\/01\\\/logo-noticieros@2x.png\",\"contentUrl\":\"https:\\\/\\\/canal7slp.tv\\\/2025\\\/wp-content\\\/uploads\\\/2021\\\/01\\\/logo-noticieros@2x.png\",\"width\":1017,\"height\":268,\"caption\":\"Noticieros Canal 7\"},\"image\":{\"@id\":\"https:\\\/\\\/canal7slp.tv\\\/2025\\\/#\\\/schema\\\/logo\\\/image\\\/\"},\"sameAs\":[\"https:\\\/\\\/www.facebook.com\\\/noticieroscanal7atencionciudadana\\\/\",\"https:\\\/\\\/x.com\\\/NOTICIEROS7\",\"https:\\\/\\\/www.instagram.com\\\/canal7_slp\",\"https:\\\/\\\/www.youtube.com\\\/channel\\\/UCliiYs-gP3JfJeqdPrNdd5A\"]},{\"@type\":\"Person\",\"@id\":\"https:\\\/\\\/canal7slp.tv\\\/2025\\\/#\\\/schema\\\/person\\\/271e2b60a96e7cc9d9ac296f4d7e414b\",\"name\":\"Edici\u00f3n Web\",\"image\":{\"@type\":\"ImageObject\",\"inLanguage\":\"es\",\"@id\":\"https:\\\/\\\/secure.gravatar.com\\\/avatar\\\/eee448fc3f7164808013b816ba91ac7e43bbe82a70bebac296f8bc6f0addaa1a?s=96&d=mm&r=g\",\"url\":\"https:\\\/\\\/secure.gravatar.com\\\/avatar\\\/eee448fc3f7164808013b816ba91ac7e43bbe82a70bebac296f8bc6f0addaa1a?s=96&d=mm&r=g\",\"contentUrl\":\"https:\\\/\\\/secure.gravatar.com\\\/avatar\\\/eee448fc3f7164808013b816ba91ac7e43bbe82a70bebac296f8bc6f0addaa1a?s=96&d=mm&r=g\",\"caption\":\"Edici\u00f3n Web\"},\"url\":\"https:\\\/\\\/canal7slp.tv\\\/2025\\\/author\\\/edicionweb\\\/\"}]}<\/script>\n<!-- \/ Yoast SEO plugin. -->","yoast_head_json":{"title":"\u00a0\u201cLady Racista\u201d sufre agresi\u00f3n al salir de audiencia por discriminaci\u00f3n - Canal 7 SLP - 2025","robots":{"index":"index","follow":"follow","max-snippet":"max-snippet:-1","max-image-preview":"max-image-preview:large","max-video-preview":"max-video-preview:-1"},"canonical":"https:\/\/canal7slp.tv\/2025\/lady-racista-sufre-agresion-al-salir-de-audiencia-por-discriminacion\/","og_locale":"es_ES","og_type":"article","og_title":"\u00a0\u201cLady Racista\u201d sufre agresi\u00f3n al salir de audiencia por discriminaci\u00f3n - Canal 7 SLP - 2025","og_description":"M\u00e9xico.- La audiencia de Ximena Pichel, conocida en redes como \u201cLady Racista\u201d, fue reprogramada para el lunes 28 de julio, luego de su primera comparecencia ante un juez por el delito de discriminaci\u00f3n. Al t\u00e9rmino de la audiencia, Pichel fue agredida por un grupo de personas que se encontraba afuera de los Juzgados de Control de Delitos no Graves y \u00d3rdenes, ubicados en la colonia Doctores de la Ciudad de M\u00e9xico. Los manifestantes formaban parte de un colectivo que apoyaba a una mujer v\u00edctima de violencia, cuyo caso tambi\u00e9n se abordaba en el mismo recinto judicial. La imputada no ofreci\u00f3 [&hellip;]","og_url":"https:\/\/canal7slp.tv\/2025\/lady-racista-sufre-agresion-al-salir-de-audiencia-por-discriminacion\/","og_site_name":"Canal 7 SLP - 2025","article_publisher":"https:\/\/www.facebook.com\/noticieroscanal7atencionciudadana\/","article_published_time":"2025-07-26T19:38:24+00:00","og_image":[{"width":799,"height":450,"url":"https:\/\/canal7slp.tv\/2025\/wp-content\/uploads\/2025\/07\/09-25.jpg","type":"image\/jpeg"}],"author":"Edici\u00f3n Web","twitter_card":"summary_large_image","twitter_creator":"@NOTICIEROS7","twitter_site":"@NOTICIEROS7","twitter_misc":{"Escrito por":"Edici\u00f3n Web","Tiempo de lectura":"1 minuto"},"schema":{"@context":"https:\/\/schema.org","@graph":[{"@type":"Article","@id":"https:\/\/canal7slp.tv\/2025\/lady-racista-sufre-agresion-al-salir-de-audiencia-por-discriminacion\/#article","isPartOf":{"@id":"https:\/\/canal7slp.tv\/2025\/lady-racista-sufre-agresion-al-salir-de-audiencia-por-discriminacion\/"},"author":{"name":"Edici\u00f3n Web","@id":"https:\/\/canal7slp.tv\/2025\/#\/schema\/person\/271e2b60a96e7cc9d9ac296f4d7e414b"},"headline":"\u00a0\u201cLady Racista\u201d sufre agresi\u00f3n al salir de audiencia por discriminaci\u00f3n","datePublished":"2025-07-26T19:38:24+00:00","mainEntityOfPage":{"@id":"https:\/\/canal7slp.tv\/2025\/lady-racista-sufre-agresion-al-salir-de-audiencia-por-discriminacion\/"},"wordCount":205,"publisher":{"@id":"https:\/\/canal7slp.tv\/2025\/#organization"},"image":{"@id":"https:\/\/canal7slp.tv\/2025\/lady-racista-sufre-agresion-al-salir-de-audiencia-por-discriminacion\/#primaryimage"},"thumbnailUrl":"https:\/\/canal7slp.tv\/2025\/wp-content\/uploads\/2025\/07\/09-25.jpg","articleSection":["NACIONALES"],"inLanguage":"es"},{"@type":"WebPage","@id":"https:\/\/canal7slp.tv\/2025\/lady-racista-sufre-agresion-al-salir-de-audiencia-por-discriminacion\/","url":"https:\/\/canal7slp.tv\/2025\/lady-racista-sufre-agresion-al-salir-de-audiencia-por-discriminacion\/","name":"\u00a0\u201cLady Racista\u201d sufre agresi\u00f3n al salir de audiencia por discriminaci\u00f3n - Canal 7 SLP - 2025","isPartOf":{"@id":"https:\/\/canal7slp.tv\/2025\/#website"},"primaryImageOfPage":{"@id":"https:\/\/canal7slp.tv\/2025\/lady-racista-sufre-agresion-al-salir-de-audiencia-por-discriminacion\/#primaryimage"},"image":{"@id":"https:\/\/canal7slp.tv\/2025\/lady-racista-sufre-agresion-al-salir-de-audiencia-por-discriminacion\/#primaryimage"},"thumbnailUrl":"https:\/\/canal7slp.tv\/2025\/wp-content\/uploads\/2025\/07\/09-25.jpg","datePublished":"2025-07-26T19:38:24+00:00","breadcrumb":{"@id":"https:\/\/canal7slp.tv\/2025\/lady-racista-sufre-agresion-al-salir-de-audiencia-por-discriminacion\/#breadcrumb"},"inLanguage":"es","potentialAction":[{"@type":"ReadAction","target":["https:\/\/canal7slp.tv\/2025\/lady-racista-sufre-agresion-al-salir-de-audiencia-por-discriminacion\/"]}]},{"@type":"ImageObject","inLanguage":"es","@id":"https:\/\/canal7slp.tv\/2025\/lady-racista-sufre-agresion-al-salir-de-audiencia-por-discriminacion\/#primaryimage","url":"https:\/\/canal7slp.tv\/2025\/wp-content\/uploads\/2025\/07\/09-25.jpg","contentUrl":"https:\/\/canal7slp.tv\/2025\/wp-content\/uploads\/2025\/07\/09-25.jpg","width":799,"height":450},{"@type":"BreadcrumbList","@id":"https:\/\/canal7slp.tv\/2025\/lady-racista-sufre-agresion-al-salir-de-audiencia-por-discriminacion\/#breadcrumb","itemListElement":[{"@type":"ListItem","position":1,"name":"Portada","item":"https:\/\/canal7slp.tv\/2025\/"},{"@type":"ListItem","position":2,"name":"\u00a0\u201cLady Racista\u201d sufre agresi\u00f3n al salir de audiencia por discriminaci\u00f3n"}]},{"@type":"WebSite","@id":"https:\/\/canal7slp.tv\/2025\/#website","url":"https:\/\/canal7slp.tv\/2025\/","name":"N7 - Noticieros Canal 7","description":"Somos el Medio","publisher":{"@id":"https:\/\/canal7slp.tv\/2025\/#organization"},"potentialAction":[{"@type":"SearchAction","target":{"@type":"EntryPoint","urlTemplate":"https:\/\/canal7slp.tv\/2025\/?s={search_term_string}"},"query-input":{"@type":"PropertyValueSpecification","valueRequired":true,"valueName":"search_term_string"}}],"inLanguage":"es"},{"@type":"Organization","@id":"https:\/\/canal7slp.tv\/2025\/#organization","name":"Noticieros Canal 7","url":"https:\/\/canal7slp.tv\/2025\/","logo":{"@type":"ImageObject","inLanguage":"es","@id":"https:\/\/canal7slp.tv\/2025\/#\/schema\/logo\/image\/","url":"https:\/\/canal7slp.tv\/2025\/wp-content\/uploads\/2021\/01\/logo-noticieros@2x.png","contentUrl":"https:\/\/canal7slp.tv\/2025\/wp-content\/uploads\/2021\/01\/logo-noticieros@2x.png","width":1017,"height":268,"caption":"Noticieros Canal 7"},"image":{"@id":"https:\/\/canal7slp.tv\/2025\/#\/schema\/logo\/image\/"},"sameAs":["https:\/\/www.facebook.com\/noticieroscanal7atencionciudadana\/","https:\/\/x.com\/NOTICIEROS7","https:\/\/www.instagram.com\/canal7_slp","https:\/\/www.youtube.com\/channel\/UCliiYs-gP3JfJeqdPrNdd5A"]},{"@type":"Person","@id":"https:\/\/canal7slp.tv\/2025\/#\/schema\/person\/271e2b60a96e7cc9d9ac296f4d7e414b","name":"Edici\u00f3n Web","image":{"@type":"ImageObject","inLanguage":"es","@id":"https:\/\/secure.gravatar.com\/avatar\/eee448fc3f7164808013b816ba91ac7e43bbe82a70bebac296f8bc6f0addaa1a?s=96&d=mm&r=g","url":"https:\/\/secure.gravatar.com\/avatar\/eee448fc3f7164808013b816ba91ac7e43bbe82a70bebac296f8bc6f0addaa1a?s=96&d=mm&r=g","contentUrl":"https:\/\/secure.gravatar.com\/avatar\/eee448fc3f7164808013b816ba91ac7e43bbe82a70bebac296f8bc6f0addaa1a?s=96&d=mm&r=g","caption":"Edici\u00f3n Web"},"url":"https:\/\/canal7slp.tv\/2025\/author\/edicionweb\/"}]}},"_links":{"self":[{"href":"https:\/\/canal7slp.tv\/2025\/wp-json\/wp\/v2\/posts\/174585","targetHints":{"allow":["GET"]}}],"collection":[{"href":"https:\/\/canal7slp.tv\/2025\/wp-json\/wp\/v2\/posts"}],"about":[{"href":"https:\/\/canal7slp.tv\/2025\/wp-json\/wp\/v2\/types\/post"}],"author":[{"embeddable":true,"href":"https:\/\/canal7slp.tv\/2025\/wp-json\/wp\/v2\/users\/2"}],"replies":[{"embeddable":true,"href":"https:\/\/canal7slp.tv\/2025\/wp-json\/wp\/v2\/comments?post=174585"}],"version-history":[{"count":2,"href":"https:\/\/canal7slp.tv\/2025\/wp-json\/wp\/v2\/posts\/174585\/revisions"}],"predecessor-version":[{"id":174588,"href":"https:\/\/canal7slp.tv\/2025\/wp-json\/wp\/v2\/posts\/174585\/revisions\/174588"}],"wp:featuredmedia":[{"embeddable":true,"href":"https:\/\/canal7slp.tv\/2025\/wp-json\/wp\/v2\/media\/174587"}],"wp:attachment":[{"href":"https:\/\/canal7slp.tv\/2025\/wp-json\/wp\/v2\/media?parent=174585"}],"wp:term":[{"taxonomy":"category","embeddable":true,"href":"https:\/\/canal7slp.tv\/2025\/wp-json\/wp\/v2\/categories?post=174585"},{"taxonomy":"post_tag","embeddable":true,"href":"https:\/\/canal7slp.tv\/2025\/wp-json\/wp\/v2\/tags?post=174585"}],"curies":[{"name":"wp","href":"https:\/\/api.w.org\/{rel}","templated":true}]}}