{"id":174582,"date":"2025-07-26T13:17:45","date_gmt":"2025-07-26T19:17:45","guid":{"rendered":"https:\/\/canal7slp.tv\/2025\/?p=174582"},"modified":"2025-07-26T13:17:45","modified_gmt":"2025-07-26T19:17:45","slug":"pandemia-de-covid-19-acentuo-el-rezago-educativo","status":"publish","type":"post","link":"https:\/\/canal7slp.tv\/2025\/pandemia-de-covid-19-acentuo-el-rezago-educativo\/","title":{"rendered":"Pandemia de COVID-19 acent\u00fao el rezago educativo"},"content":{"rendered":"<p style=\"text-align: justify;\">\n<ul style=\"text-align: justify;\">\n<li>80 % de estudiantes presenta bajo rendimiento.<\/li>\n<\/ul>\n<p style=\"text-align: justify;\">M\u00e9xico.- La pandemia de COVID-19 provoc\u00f3 un giro radical en las din\u00e1micas educativas al trasladar las clases a entornos virtuales, lo que gener\u00f3 dificultades de concentraci\u00f3n y bajo rendimiento acad\u00e9mico en estudiantes de todos los niveles, desde educaci\u00f3n b\u00e1sica hasta superior.<\/p>\n<p style=\"text-align: justify;\">Un informe del instituto educativo Kumon advierte que hasta el 80 % de los estudiantes de nivel b\u00e1sico en M\u00e9xico y Latinoam\u00e9rica presentan deficiencias acad\u00e9micas significativas, especialmente en matem\u00e1ticas y lectura, lo que podr\u00eda afectar su desarrollo profesional a futuro.<\/p>\n<p style=\"text-align: justify;\">Guillermo Par\u00e1s Trevi\u00f1o, gerente de Expansi\u00f3n de Kumon, subray\u00f3 que la pandemia deterior\u00f3 los h\u00e1bitos de estudio y la capacidad de atenci\u00f3n sostenida en los alumnos. Indic\u00f3 que los ni\u00f1os y adolescentes ahora tienen mayores problemas para concentrarse en comparaci\u00f3n con el periodo previo a la emergencia sanitaria.<\/p>\n<p style=\"text-align: justify;\">En respuesta, la UNESCO puso en marcha desde mayo el Estudio Regional Comparativo y Explicativo (ERCE) 2025, que analiza los efectos de la pandemia en el aprendizaje en 16 pa\u00edses latinoamericanos. El enfoque abarca tanto los aspectos acad\u00e9micos como socioemocionales, en \u00e1reas clave como lectura, matem\u00e1ticas y ciencias naturales.<\/p>\n<p style=\"text-align: justify;\">En M\u00e9xico, el estudio se realiza en Nuevo Le\u00f3n, con evaluaciones aplicadas a estudiantes de tercero y sexto grado de primaria. Par\u00e1s Trevi\u00f1o advirti\u00f3 que las deficiencias en matem\u00e1ticas, lectura e ingl\u00e9s podr\u00edan restringir las oportunidades acad\u00e9micas y profesionales de los menores.<\/p>\n<p style=\"text-align: justify;\">El informe m\u00e1s reciente de la UNESCO (2019) ya hab\u00eda evidenciado que los niveles de aprendizaje en la regi\u00f3n eran bajos y no hab\u00edan mejorado significativamente desde 2013. En este contexto, Kumon ha aplicado m\u00e1s de 45 mil pruebas de diagn\u00f3stico en M\u00e9xico y Centroam\u00e9rica durante el \u00faltimo a\u00f1o, confirmando que el 80 % de los estudiantes tiene un rendimiento bajo.<\/p>\n<p style=\"text-align: justify;\">Pese a este panorama, Par\u00e1s Trevi\u00f1o destac\u00f3 que el acceso creciente a la tecnolog\u00eda podr\u00eda convertirse en un aliado estrat\u00e9gico para superar los efectos negativos de la pandemia en la educaci\u00f3n, siempre y cuando se utilice adecuadamente.<\/p>\n","protected":false},"excerpt":{"rendered":"<p>80 % de estudiantes presenta bajo rendimiento. M\u00e9xico.- La pandemia de COVID-19 provoc\u00f3 un giro radical en las din\u00e1micas educativas al trasladar las clases a entornos virtuales, lo que gener\u00f3 dificultades de concentraci\u00f3n y bajo rendimiento acad\u00e9mico en estudiantes de todos los niveles, desde educaci\u00f3n b\u00e1sica hasta superior. Un informe del instituto educativo Kumon advierte que hasta el 80 % de los estudiantes de nivel b\u00e1sico en M\u00e9xico y Latinoam\u00e9rica presentan deficiencias acad\u00e9micas significativas, especialmente en matem\u00e1ticas y lectura, lo que podr\u00eda afectar su desarrollo profesional a futuro. Guillermo Par\u00e1s Trevi\u00f1o, gerente de Expansi\u00f3n de Kumon, subray\u00f3 que la pandemia [&hellip;]<\/p>\n","protected":false},"author":2,"featured_media":174583,"comment_status":"closed","ping_status":"closed","sticky":false,"template":"","format":"standard","meta":{"_monsterinsights_skip_tracking":false,"_monsterinsights_sitenote_active":false,"_monsterinsights_sitenote_note":"","_monsterinsights_sitenote_category":0,"footnotes":""},"categories":[46],"tags":[],"class_list":["post-174582","post","type-post","status-publish","format-standard","has-post-thumbnail","hentry","category-nacional","post--single"],"yoast_head":"<!-- This site is optimized with the Yoast SEO plugin v27.5 - https:\/\/yoast.com\/product\/yoast-seo-wordpress\/ -->\n<title>Pandemia de COVID-19 acent\u00fao el rezago educativo - Canal 7 SLP - 2025<\/title>\n<meta name=\"robots\" content=\"index, follow, max-snippet:-1, max-image-preview:large, max-video-preview:-1\" \/>\n<link rel=\"canonical\" href=\"https:\/\/canal7slp.tv\/2025\/pandemia-de-covid-19-acentuo-el-rezago-educativo\/\" \/>\n<meta property=\"og:locale\" content=\"es_ES\" \/>\n<meta property=\"og:type\" content=\"article\" \/>\n<meta property=\"og:title\" content=\"Pandemia de COVID-19 acent\u00fao el rezago educativo - Canal 7 SLP - 2025\" \/>\n<meta property=\"og:description\" content=\"80 % de estudiantes presenta bajo rendimiento. M\u00e9xico.- La pandemia de COVID-19 provoc\u00f3 un giro radical en las din\u00e1micas educativas al trasladar las clases a entornos virtuales, lo que gener\u00f3 dificultades de concentraci\u00f3n y bajo rendimiento acad\u00e9mico en estudiantes de todos los niveles, desde educaci\u00f3n b\u00e1sica hasta superior. Un informe del instituto educativo Kumon advierte que hasta el 80 % de los estudiantes de nivel b\u00e1sico en M\u00e9xico y Latinoam\u00e9rica presentan deficiencias acad\u00e9micas significativas, especialmente en matem\u00e1ticas y lectura, lo que podr\u00eda afectar su desarrollo profesional a futuro. Guillermo Par\u00e1s Trevi\u00f1o, gerente de Expansi\u00f3n de Kumon, subray\u00f3 que la pandemia [&hellip;]\" \/>\n<meta property=\"og:url\" content=\"https:\/\/canal7slp.tv\/2025\/pandemia-de-covid-19-acentuo-el-rezago-educativo\/\" \/>\n<meta property=\"og:site_name\" content=\"Canal 7 SLP - 2025\" \/>\n<meta property=\"article:publisher\" content=\"https:\/\/www.facebook.com\/noticieroscanal7atencionciudadana\/\" \/>\n<meta property=\"article:published_time\" content=\"2025-07-26T19:17:45+00:00\" \/>\n<meta property=\"og:image\" content=\"https:\/\/canal7slp.tv\/2025\/wp-content\/uploads\/2025\/07\/08-26.jpg\" \/>\n\t<meta property=\"og:image:width\" content=\"750\" \/>\n\t<meta property=\"og:image:height\" content=\"500\" \/>\n\t<meta property=\"og:image:type\" content=\"image\/jpeg\" \/>\n<meta name=\"author\" content=\"Edici\u00f3n Web\" \/>\n<meta name=\"twitter:card\" content=\"summary_large_image\" \/>\n<meta name=\"twitter:creator\" content=\"@NOTICIEROS7\" \/>\n<meta name=\"twitter:site\" content=\"@NOTICIEROS7\" \/>\n<meta name=\"twitter:label1\" content=\"Escrito por\" \/>\n\t<meta name=\"twitter:data1\" content=\"Edici\u00f3n Web\" \/>\n\t<meta name=\"twitter:label2\" content=\"Tiempo de lectura\" \/>\n\t<meta name=\"twitter:data2\" content=\"2 minutos\" \/>\n<script type=\"application\/ld+json\" class=\"yoast-schema-graph\">{\"@context\":\"https:\\\/\\\/schema.org\",\"@graph\":[{\"@type\":\"Article\",\"@id\":\"https:\\\/\\\/canal7slp.tv\\\/2025\\\/pandemia-de-covid-19-acentuo-el-rezago-educativo\\\/#article\",\"isPartOf\":{\"@id\":\"https:\\\/\\\/canal7slp.tv\\\/2025\\\/pandemia-de-covid-19-acentuo-el-rezago-educativo\\\/\"},\"author\":{\"name\":\"Edici\u00f3n Web\",\"@id\":\"https:\\\/\\\/canal7slp.tv\\\/2025\\\/#\\\/schema\\\/person\\\/271e2b60a96e7cc9d9ac296f4d7e414b\"},\"headline\":\"Pandemia de COVID-19 acent\u00fao el rezago educativo\",\"datePublished\":\"2025-07-26T19:17:45+00:00\",\"mainEntityOfPage\":{\"@id\":\"https:\\\/\\\/canal7slp.tv\\\/2025\\\/pandemia-de-covid-19-acentuo-el-rezago-educativo\\\/\"},\"wordCount\":368,\"publisher\":{\"@id\":\"https:\\\/\\\/canal7slp.tv\\\/2025\\\/#organization\"},\"image\":{\"@id\":\"https:\\\/\\\/canal7slp.tv\\\/2025\\\/pandemia-de-covid-19-acentuo-el-rezago-educativo\\\/#primaryimage\"},\"thumbnailUrl\":\"https:\\\/\\\/canal7slp.tv\\\/2025\\\/wp-content\\\/uploads\\\/2025\\\/07\\\/08-26.jpg\",\"articleSection\":[\"NACIONALES\"],\"inLanguage\":\"es\"},{\"@type\":\"WebPage\",\"@id\":\"https:\\\/\\\/canal7slp.tv\\\/2025\\\/pandemia-de-covid-19-acentuo-el-rezago-educativo\\\/\",\"url\":\"https:\\\/\\\/canal7slp.tv\\\/2025\\\/pandemia-de-covid-19-acentuo-el-rezago-educativo\\\/\",\"name\":\"Pandemia de COVID-19 acent\u00fao el rezago educativo - Canal 7 SLP - 2025\",\"isPartOf\":{\"@id\":\"https:\\\/\\\/canal7slp.tv\\\/2025\\\/#website\"},\"primaryImageOfPage\":{\"@id\":\"https:\\\/\\\/canal7slp.tv\\\/2025\\\/pandemia-de-covid-19-acentuo-el-rezago-educativo\\\/#primaryimage\"},\"image\":{\"@id\":\"https:\\\/\\\/canal7slp.tv\\\/2025\\\/pandemia-de-covid-19-acentuo-el-rezago-educativo\\\/#primaryimage\"},\"thumbnailUrl\":\"https:\\\/\\\/canal7slp.tv\\\/2025\\\/wp-content\\\/uploads\\\/2025\\\/07\\\/08-26.jpg\",\"datePublished\":\"2025-07-26T19:17:45+00:00\",\"breadcrumb\":{\"@id\":\"https:\\\/\\\/canal7slp.tv\\\/2025\\\/pandemia-de-covid-19-acentuo-el-rezago-educativo\\\/#breadcrumb\"},\"inLanguage\":\"es\",\"potentialAction\":[{\"@type\":\"ReadAction\",\"target\":[\"https:\\\/\\\/canal7slp.tv\\\/2025\\\/pandemia-de-covid-19-acentuo-el-rezago-educativo\\\/\"]}]},{\"@type\":\"ImageObject\",\"inLanguage\":\"es\",\"@id\":\"https:\\\/\\\/canal7slp.tv\\\/2025\\\/pandemia-de-covid-19-acentuo-el-rezago-educativo\\\/#primaryimage\",\"url\":\"https:\\\/\\\/canal7slp.tv\\\/2025\\\/wp-content\\\/uploads\\\/2025\\\/07\\\/08-26.jpg\",\"contentUrl\":\"https:\\\/\\\/canal7slp.tv\\\/2025\\\/wp-content\\\/uploads\\\/2025\\\/07\\\/08-26.jpg\",\"width\":750,\"height\":500},{\"@type\":\"BreadcrumbList\",\"@id\":\"https:\\\/\\\/canal7slp.tv\\\/2025\\\/pandemia-de-covid-19-acentuo-el-rezago-educativo\\\/#breadcrumb\",\"itemListElement\":[{\"@type\":\"ListItem\",\"position\":1,\"name\":\"Portada\",\"item\":\"https:\\\/\\\/canal7slp.tv\\\/2025\\\/\"},{\"@type\":\"ListItem\",\"position\":2,\"name\":\"Pandemia de COVID-19 acent\u00fao el rezago educativo\"}]},{\"@type\":\"WebSite\",\"@id\":\"https:\\\/\\\/canal7slp.tv\\\/2025\\\/#website\",\"url\":\"https:\\\/\\\/canal7slp.tv\\\/2025\\\/\",\"name\":\"N7 - Noticieros Canal 7\",\"description\":\"Somos el Medio\",\"publisher\":{\"@id\":\"https:\\\/\\\/canal7slp.tv\\\/2025\\\/#organization\"},\"potentialAction\":[{\"@type\":\"SearchAction\",\"target\":{\"@type\":\"EntryPoint\",\"urlTemplate\":\"https:\\\/\\\/canal7slp.tv\\\/2025\\\/?s={search_term_string}\"},\"query-input\":{\"@type\":\"PropertyValueSpecification\",\"valueRequired\":true,\"valueName\":\"search_term_string\"}}],\"inLanguage\":\"es\"},{\"@type\":\"Organization\",\"@id\":\"https:\\\/\\\/canal7slp.tv\\\/2025\\\/#organization\",\"name\":\"Noticieros Canal 7\",\"url\":\"https:\\\/\\\/canal7slp.tv\\\/2025\\\/\",\"logo\":{\"@type\":\"ImageObject\",\"inLanguage\":\"es\",\"@id\":\"https:\\\/\\\/canal7slp.tv\\\/2025\\\/#\\\/schema\\\/logo\\\/image\\\/\",\"url\":\"https:\\\/\\\/canal7slp.tv\\\/2025\\\/wp-content\\\/uploads\\\/2021\\\/01\\\/logo-noticieros@2x.png\",\"contentUrl\":\"https:\\\/\\\/canal7slp.tv\\\/2025\\\/wp-content\\\/uploads\\\/2021\\\/01\\\/logo-noticieros@2x.png\",\"width\":1017,\"height\":268,\"caption\":\"Noticieros Canal 7\"},\"image\":{\"@id\":\"https:\\\/\\\/canal7slp.tv\\\/2025\\\/#\\\/schema\\\/logo\\\/image\\\/\"},\"sameAs\":[\"https:\\\/\\\/www.facebook.com\\\/noticieroscanal7atencionciudadana\\\/\",\"https:\\\/\\\/x.com\\\/NOTICIEROS7\",\"https:\\\/\\\/www.instagram.com\\\/canal7_slp\",\"https:\\\/\\\/www.youtube.com\\\/channel\\\/UCliiYs-gP3JfJeqdPrNdd5A\"]},{\"@type\":\"Person\",\"@id\":\"https:\\\/\\\/canal7slp.tv\\\/2025\\\/#\\\/schema\\\/person\\\/271e2b60a96e7cc9d9ac296f4d7e414b\",\"name\":\"Edici\u00f3n Web\",\"image\":{\"@type\":\"ImageObject\",\"inLanguage\":\"es\",\"@id\":\"https:\\\/\\\/secure.gravatar.com\\\/avatar\\\/eee448fc3f7164808013b816ba91ac7e43bbe82a70bebac296f8bc6f0addaa1a?s=96&d=mm&r=g\",\"url\":\"https:\\\/\\\/secure.gravatar.com\\\/avatar\\\/eee448fc3f7164808013b816ba91ac7e43bbe82a70bebac296f8bc6f0addaa1a?s=96&d=mm&r=g\",\"contentUrl\":\"https:\\\/\\\/secure.gravatar.com\\\/avatar\\\/eee448fc3f7164808013b816ba91ac7e43bbe82a70bebac296f8bc6f0addaa1a?s=96&d=mm&r=g\",\"caption\":\"Edici\u00f3n Web\"},\"url\":\"https:\\\/\\\/canal7slp.tv\\\/2025\\\/author\\\/edicionweb\\\/\"}]}<\/script>\n<!-- \/ Yoast SEO plugin. -->","yoast_head_json":{"title":"Pandemia de COVID-19 acent\u00fao el rezago educativo - Canal 7 SLP - 2025","robots":{"index":"index","follow":"follow","max-snippet":"max-snippet:-1","max-image-preview":"max-image-preview:large","max-video-preview":"max-video-preview:-1"},"canonical":"https:\/\/canal7slp.tv\/2025\/pandemia-de-covid-19-acentuo-el-rezago-educativo\/","og_locale":"es_ES","og_type":"article","og_title":"Pandemia de COVID-19 acent\u00fao el rezago educativo - Canal 7 SLP - 2025","og_description":"80 % de estudiantes presenta bajo rendimiento. M\u00e9xico.- La pandemia de COVID-19 provoc\u00f3 un giro radical en las din\u00e1micas educativas al trasladar las clases a entornos virtuales, lo que gener\u00f3 dificultades de concentraci\u00f3n y bajo rendimiento acad\u00e9mico en estudiantes de todos los niveles, desde educaci\u00f3n b\u00e1sica hasta superior. Un informe del instituto educativo Kumon advierte que hasta el 80 % de los estudiantes de nivel b\u00e1sico en M\u00e9xico y Latinoam\u00e9rica presentan deficiencias acad\u00e9micas significativas, especialmente en matem\u00e1ticas y lectura, lo que podr\u00eda afectar su desarrollo profesional a futuro. Guillermo Par\u00e1s Trevi\u00f1o, gerente de Expansi\u00f3n de Kumon, subray\u00f3 que la pandemia [&hellip;]","og_url":"https:\/\/canal7slp.tv\/2025\/pandemia-de-covid-19-acentuo-el-rezago-educativo\/","og_site_name":"Canal 7 SLP - 2025","article_publisher":"https:\/\/www.facebook.com\/noticieroscanal7atencionciudadana\/","article_published_time":"2025-07-26T19:17:45+00:00","og_image":[{"width":750,"height":500,"url":"https:\/\/canal7slp.tv\/2025\/wp-content\/uploads\/2025\/07\/08-26.jpg","type":"image\/jpeg"}],"author":"Edici\u00f3n Web","twitter_card":"summary_large_image","twitter_creator":"@NOTICIEROS7","twitter_site":"@NOTICIEROS7","twitter_misc":{"Escrito por":"Edici\u00f3n Web","Tiempo de lectura":"2 minutos"},"schema":{"@context":"https:\/\/schema.org","@graph":[{"@type":"Article","@id":"https:\/\/canal7slp.tv\/2025\/pandemia-de-covid-19-acentuo-el-rezago-educativo\/#article","isPartOf":{"@id":"https:\/\/canal7slp.tv\/2025\/pandemia-de-covid-19-acentuo-el-rezago-educativo\/"},"author":{"name":"Edici\u00f3n Web","@id":"https:\/\/canal7slp.tv\/2025\/#\/schema\/person\/271e2b60a96e7cc9d9ac296f4d7e414b"},"headline":"Pandemia de COVID-19 acent\u00fao el rezago educativo","datePublished":"2025-07-26T19:17:45+00:00","mainEntityOfPage":{"@id":"https:\/\/canal7slp.tv\/2025\/pandemia-de-covid-19-acentuo-el-rezago-educativo\/"},"wordCount":368,"publisher":{"@id":"https:\/\/canal7slp.tv\/2025\/#organization"},"image":{"@id":"https:\/\/canal7slp.tv\/2025\/pandemia-de-covid-19-acentuo-el-rezago-educativo\/#primaryimage"},"thumbnailUrl":"https:\/\/canal7slp.tv\/2025\/wp-content\/uploads\/2025\/07\/08-26.jpg","articleSection":["NACIONALES"],"inLanguage":"es"},{"@type":"WebPage","@id":"https:\/\/canal7slp.tv\/2025\/pandemia-de-covid-19-acentuo-el-rezago-educativo\/","url":"https:\/\/canal7slp.tv\/2025\/pandemia-de-covid-19-acentuo-el-rezago-educativo\/","name":"Pandemia de COVID-19 acent\u00fao el rezago educativo - Canal 7 SLP - 2025","isPartOf":{"@id":"https:\/\/canal7slp.tv\/2025\/#website"},"primaryImageOfPage":{"@id":"https:\/\/canal7slp.tv\/2025\/pandemia-de-covid-19-acentuo-el-rezago-educativo\/#primaryimage"},"image":{"@id":"https:\/\/canal7slp.tv\/2025\/pandemia-de-covid-19-acentuo-el-rezago-educativo\/#primaryimage"},"thumbnailUrl":"https:\/\/canal7slp.tv\/2025\/wp-content\/uploads\/2025\/07\/08-26.jpg","datePublished":"2025-07-26T19:17:45+00:00","breadcrumb":{"@id":"https:\/\/canal7slp.tv\/2025\/pandemia-de-covid-19-acentuo-el-rezago-educativo\/#breadcrumb"},"inLanguage":"es","potentialAction":[{"@type":"ReadAction","target":["https:\/\/canal7slp.tv\/2025\/pandemia-de-covid-19-acentuo-el-rezago-educativo\/"]}]},{"@type":"ImageObject","inLanguage":"es","@id":"https:\/\/canal7slp.tv\/2025\/pandemia-de-covid-19-acentuo-el-rezago-educativo\/#primaryimage","url":"https:\/\/canal7slp.tv\/2025\/wp-content\/uploads\/2025\/07\/08-26.jpg","contentUrl":"https:\/\/canal7slp.tv\/2025\/wp-content\/uploads\/2025\/07\/08-26.jpg","width":750,"height":500},{"@type":"BreadcrumbList","@id":"https:\/\/canal7slp.tv\/2025\/pandemia-de-covid-19-acentuo-el-rezago-educativo\/#breadcrumb","itemListElement":[{"@type":"ListItem","position":1,"name":"Portada","item":"https:\/\/canal7slp.tv\/2025\/"},{"@type":"ListItem","position":2,"name":"Pandemia de COVID-19 acent\u00fao el rezago educativo"}]},{"@type":"WebSite","@id":"https:\/\/canal7slp.tv\/2025\/#website","url":"https:\/\/canal7slp.tv\/2025\/","name":"N7 - Noticieros Canal 7","description":"Somos el Medio","publisher":{"@id":"https:\/\/canal7slp.tv\/2025\/#organization"},"potentialAction":[{"@type":"SearchAction","target":{"@type":"EntryPoint","urlTemplate":"https:\/\/canal7slp.tv\/2025\/?s={search_term_string}"},"query-input":{"@type":"PropertyValueSpecification","valueRequired":true,"valueName":"search_term_string"}}],"inLanguage":"es"},{"@type":"Organization","@id":"https:\/\/canal7slp.tv\/2025\/#organization","name":"Noticieros Canal 7","url":"https:\/\/canal7slp.tv\/2025\/","logo":{"@type":"ImageObject","inLanguage":"es","@id":"https:\/\/canal7slp.tv\/2025\/#\/schema\/logo\/image\/","url":"https:\/\/canal7slp.tv\/2025\/wp-content\/uploads\/2021\/01\/logo-noticieros@2x.png","contentUrl":"https:\/\/canal7slp.tv\/2025\/wp-content\/uploads\/2021\/01\/logo-noticieros@2x.png","width":1017,"height":268,"caption":"Noticieros Canal 7"},"image":{"@id":"https:\/\/canal7slp.tv\/2025\/#\/schema\/logo\/image\/"},"sameAs":["https:\/\/www.facebook.com\/noticieroscanal7atencionciudadana\/","https:\/\/x.com\/NOTICIEROS7","https:\/\/www.instagram.com\/canal7_slp","https:\/\/www.youtube.com\/channel\/UCliiYs-gP3JfJeqdPrNdd5A"]},{"@type":"Person","@id":"https:\/\/canal7slp.tv\/2025\/#\/schema\/person\/271e2b60a96e7cc9d9ac296f4d7e414b","name":"Edici\u00f3n Web","image":{"@type":"ImageObject","inLanguage":"es","@id":"https:\/\/secure.gravatar.com\/avatar\/eee448fc3f7164808013b816ba91ac7e43bbe82a70bebac296f8bc6f0addaa1a?s=96&d=mm&r=g","url":"https:\/\/secure.gravatar.com\/avatar\/eee448fc3f7164808013b816ba91ac7e43bbe82a70bebac296f8bc6f0addaa1a?s=96&d=mm&r=g","contentUrl":"https:\/\/secure.gravatar.com\/avatar\/eee448fc3f7164808013b816ba91ac7e43bbe82a70bebac296f8bc6f0addaa1a?s=96&d=mm&r=g","caption":"Edici\u00f3n Web"},"url":"https:\/\/canal7slp.tv\/2025\/author\/edicionweb\/"}]}},"_links":{"self":[{"href":"https:\/\/canal7slp.tv\/2025\/wp-json\/wp\/v2\/posts\/174582","targetHints":{"allow":["GET"]}}],"collection":[{"href":"https:\/\/canal7slp.tv\/2025\/wp-json\/wp\/v2\/posts"}],"about":[{"href":"https:\/\/canal7slp.tv\/2025\/wp-json\/wp\/v2\/types\/post"}],"author":[{"embeddable":true,"href":"https:\/\/canal7slp.tv\/2025\/wp-json\/wp\/v2\/users\/2"}],"replies":[{"embeddable":true,"href":"https:\/\/canal7slp.tv\/2025\/wp-json\/wp\/v2\/comments?post=174582"}],"version-history":[{"count":1,"href":"https:\/\/canal7slp.tv\/2025\/wp-json\/wp\/v2\/posts\/174582\/revisions"}],"predecessor-version":[{"id":174584,"href":"https:\/\/canal7slp.tv\/2025\/wp-json\/wp\/v2\/posts\/174582\/revisions\/174584"}],"wp:featuredmedia":[{"embeddable":true,"href":"https:\/\/canal7slp.tv\/2025\/wp-json\/wp\/v2\/media\/174583"}],"wp:attachment":[{"href":"https:\/\/canal7slp.tv\/2025\/wp-json\/wp\/v2\/media?parent=174582"}],"wp:term":[{"taxonomy":"category","embeddable":true,"href":"https:\/\/canal7slp.tv\/2025\/wp-json\/wp\/v2\/categories?post=174582"},{"taxonomy":"post_tag","embeddable":true,"href":"https:\/\/canal7slp.tv\/2025\/wp-json\/wp\/v2\/tags?post=174582"}],"curies":[{"name":"wp","href":"https:\/\/api.w.org\/{rel}","templated":true}]}}