{"id":174573,"date":"2025-07-26T10:57:45","date_gmt":"2025-07-26T16:57:45","guid":{"rendered":"https:\/\/canal7slp.tv\/2025\/?p=174573"},"modified":"2025-07-26T10:57:45","modified_gmt":"2025-07-26T16:57:45","slug":"presidencia-lanza-red-nacional-de-abogadas-para-combatir-la-violencia-contra-las-mujeres","status":"publish","type":"post","link":"https:\/\/canal7slp.tv\/2025\/presidencia-lanza-red-nacional-de-abogadas-para-combatir-la-violencia-contra-las-mujeres\/","title":{"rendered":"Presidencia lanza red nacional de abogadas para combatir la violencia contra las mujeres"},"content":{"rendered":"<p style=\"text-align: justify;\">\n<p style=\"text-align: justify;\">M\u00e9xico.- El Gobierno de M\u00e9xico present\u00f3 este 20 de julio el programa \u201cAbogadas de las Mujeres\u201d, una estrategia para brindar acompa\u00f1amiento legal, atenci\u00f3n y protecci\u00f3n a mujeres v\u00edctimas de violencia en todo el pa\u00eds.<\/p>\n<p style=\"text-align: justify;\">Durante un evento encabezado por la presidenta Claudia Sheinbaum, se anunci\u00f3 la capacitaci\u00f3n de 838 abogadas que integrar\u00e1n esta red, cuyo objetivo principal es garantizar que ninguna mujer enfrente sola situaciones de violencia o discriminaci\u00f3n.<\/p>\n<p style=\"text-align: justify;\">\u201cLa justicia debe estar al lado de las mujeres\u201d, afirm\u00f3 Sheinbaum, quien destac\u00f3 que este programa es parte del compromiso de la Cuarta Transformaci\u00f3n por construir un pa\u00eds con igualdad sustantiva y sin violencia de g\u00e9nero.<\/p>\n<p style=\"text-align: justify;\">En el evento, la secretaria de Mujeres del Gobierno Federal, Citlalli Hern\u00e1ndez Mora, inform\u00f3 sobre la creaci\u00f3n de 678 Centros Libres de Violencia (Centros LIBRE), donde orientadoras jur\u00eddicas brindar\u00e1n apoyo legal. Cada entidad contar\u00e1 con al menos cinco abogadas asignadas, y se trabaja ya con los gobiernos estatales para ampliar esta red.<\/p>\n<p style=\"text-align: justify;\">Adem\u00e1s, se activar\u00e1 la l\u00ednea de atenci\u00f3n 079 opci\u00f3n 1, disponible para ofrecer asesor\u00eda jur\u00eddica gratuita a mujeres que necesiten orientaci\u00f3n inmediata.<\/p>\n<p style=\"text-align: justify;\">Al evento asistieron 160 abogadas de los Centros LIBRE, as\u00ed como representantes de las instancias estatales de atenci\u00f3n a mujeres, quienes reafirmaron su compromiso de garantizar el acceso a la justicia para todas.<\/p>\n","protected":false},"excerpt":{"rendered":"<p>M\u00e9xico.- El Gobierno de M\u00e9xico present\u00f3 este 20 de julio el programa \u201cAbogadas de las Mujeres\u201d, una estrategia para brindar acompa\u00f1amiento legal, atenci\u00f3n y protecci\u00f3n a mujeres v\u00edctimas de violencia en todo el pa\u00eds. Durante un evento encabezado por la presidenta Claudia Sheinbaum, se anunci\u00f3 la capacitaci\u00f3n de 838 abogadas que integrar\u00e1n esta red, cuyo objetivo principal es garantizar que ninguna mujer enfrente sola situaciones de violencia o discriminaci\u00f3n. \u201cLa justicia debe estar al lado de las mujeres\u201d, afirm\u00f3 Sheinbaum, quien destac\u00f3 que este programa es parte del compromiso de la Cuarta Transformaci\u00f3n por construir un pa\u00eds con igualdad sustantiva [&hellip;]<\/p>\n","protected":false},"author":2,"featured_media":174574,"comment_status":"closed","ping_status":"closed","sticky":false,"template":"","format":"standard","meta":{"_monsterinsights_skip_tracking":false,"_monsterinsights_sitenote_active":false,"_monsterinsights_sitenote_note":"","_monsterinsights_sitenote_category":0,"footnotes":""},"categories":[46],"tags":[],"class_list":["post-174573","post","type-post","status-publish","format-standard","has-post-thumbnail","hentry","category-nacional","post--single"],"yoast_head":"<!-- This site is optimized with the Yoast SEO plugin v27.5 - https:\/\/yoast.com\/product\/yoast-seo-wordpress\/ -->\n<title>Presidencia lanza red nacional de abogadas para combatir la violencia contra las mujeres - Canal 7 SLP - 2025<\/title>\n<meta name=\"robots\" content=\"index, follow, max-snippet:-1, max-image-preview:large, max-video-preview:-1\" \/>\n<link rel=\"canonical\" href=\"https:\/\/canal7slp.tv\/2025\/presidencia-lanza-red-nacional-de-abogadas-para-combatir-la-violencia-contra-las-mujeres\/\" \/>\n<meta property=\"og:locale\" content=\"es_ES\" \/>\n<meta property=\"og:type\" content=\"article\" \/>\n<meta property=\"og:title\" content=\"Presidencia lanza red nacional de abogadas para combatir la violencia contra las mujeres - Canal 7 SLP - 2025\" \/>\n<meta property=\"og:description\" content=\"M\u00e9xico.- El Gobierno de M\u00e9xico present\u00f3 este 20 de julio el programa \u201cAbogadas de las Mujeres\u201d, una estrategia para brindar acompa\u00f1amiento legal, atenci\u00f3n y protecci\u00f3n a mujeres v\u00edctimas de violencia en todo el pa\u00eds. Durante un evento encabezado por la presidenta Claudia Sheinbaum, se anunci\u00f3 la capacitaci\u00f3n de 838 abogadas que integrar\u00e1n esta red, cuyo objetivo principal es garantizar que ninguna mujer enfrente sola situaciones de violencia o discriminaci\u00f3n. \u201cLa justicia debe estar al lado de las mujeres\u201d, afirm\u00f3 Sheinbaum, quien destac\u00f3 que este programa es parte del compromiso de la Cuarta Transformaci\u00f3n por construir un pa\u00eds con igualdad sustantiva [&hellip;]\" \/>\n<meta property=\"og:url\" content=\"https:\/\/canal7slp.tv\/2025\/presidencia-lanza-red-nacional-de-abogadas-para-combatir-la-violencia-contra-las-mujeres\/\" \/>\n<meta property=\"og:site_name\" content=\"Canal 7 SLP - 2025\" \/>\n<meta property=\"article:publisher\" content=\"https:\/\/www.facebook.com\/noticieroscanal7atencionciudadana\/\" \/>\n<meta property=\"article:published_time\" content=\"2025-07-26T16:57:45+00:00\" \/>\n<meta property=\"og:image\" content=\"https:\/\/canal7slp.tv\/2025\/wp-content\/uploads\/2025\/07\/05-25.jpg\" \/>\n\t<meta property=\"og:image:width\" content=\"952\" \/>\n\t<meta property=\"og:image:height\" content=\"500\" \/>\n\t<meta property=\"og:image:type\" content=\"image\/jpeg\" \/>\n<meta name=\"author\" content=\"Edici\u00f3n Web\" \/>\n<meta name=\"twitter:card\" content=\"summary_large_image\" \/>\n<meta name=\"twitter:creator\" content=\"@NOTICIEROS7\" \/>\n<meta name=\"twitter:site\" content=\"@NOTICIEROS7\" \/>\n<meta name=\"twitter:label1\" content=\"Escrito por\" \/>\n\t<meta name=\"twitter:data1\" content=\"Edici\u00f3n Web\" \/>\n\t<meta name=\"twitter:label2\" content=\"Tiempo de lectura\" \/>\n\t<meta name=\"twitter:data2\" content=\"2 minutos\" \/>\n<script type=\"application\/ld+json\" class=\"yoast-schema-graph\">{\"@context\":\"https:\\\/\\\/schema.org\",\"@graph\":[{\"@type\":\"Article\",\"@id\":\"https:\\\/\\\/canal7slp.tv\\\/2025\\\/presidencia-lanza-red-nacional-de-abogadas-para-combatir-la-violencia-contra-las-mujeres\\\/#article\",\"isPartOf\":{\"@id\":\"https:\\\/\\\/canal7slp.tv\\\/2025\\\/presidencia-lanza-red-nacional-de-abogadas-para-combatir-la-violencia-contra-las-mujeres\\\/\"},\"author\":{\"name\":\"Edici\u00f3n Web\",\"@id\":\"https:\\\/\\\/canal7slp.tv\\\/2025\\\/#\\\/schema\\\/person\\\/271e2b60a96e7cc9d9ac296f4d7e414b\"},\"headline\":\"Presidencia lanza red nacional de abogadas para combatir la violencia contra las mujeres\",\"datePublished\":\"2025-07-26T16:57:45+00:00\",\"mainEntityOfPage\":{\"@id\":\"https:\\\/\\\/canal7slp.tv\\\/2025\\\/presidencia-lanza-red-nacional-de-abogadas-para-combatir-la-violencia-contra-las-mujeres\\\/\"},\"wordCount\":245,\"publisher\":{\"@id\":\"https:\\\/\\\/canal7slp.tv\\\/2025\\\/#organization\"},\"image\":{\"@id\":\"https:\\\/\\\/canal7slp.tv\\\/2025\\\/presidencia-lanza-red-nacional-de-abogadas-para-combatir-la-violencia-contra-las-mujeres\\\/#primaryimage\"},\"thumbnailUrl\":\"https:\\\/\\\/canal7slp.tv\\\/2025\\\/wp-content\\\/uploads\\\/2025\\\/07\\\/05-25.jpg\",\"articleSection\":[\"NACIONALES\"],\"inLanguage\":\"es\"},{\"@type\":\"WebPage\",\"@id\":\"https:\\\/\\\/canal7slp.tv\\\/2025\\\/presidencia-lanza-red-nacional-de-abogadas-para-combatir-la-violencia-contra-las-mujeres\\\/\",\"url\":\"https:\\\/\\\/canal7slp.tv\\\/2025\\\/presidencia-lanza-red-nacional-de-abogadas-para-combatir-la-violencia-contra-las-mujeres\\\/\",\"name\":\"Presidencia lanza red nacional de abogadas para combatir la violencia contra las mujeres - Canal 7 SLP - 2025\",\"isPartOf\":{\"@id\":\"https:\\\/\\\/canal7slp.tv\\\/2025\\\/#website\"},\"primaryImageOfPage\":{\"@id\":\"https:\\\/\\\/canal7slp.tv\\\/2025\\\/presidencia-lanza-red-nacional-de-abogadas-para-combatir-la-violencia-contra-las-mujeres\\\/#primaryimage\"},\"image\":{\"@id\":\"https:\\\/\\\/canal7slp.tv\\\/2025\\\/presidencia-lanza-red-nacional-de-abogadas-para-combatir-la-violencia-contra-las-mujeres\\\/#primaryimage\"},\"thumbnailUrl\":\"https:\\\/\\\/canal7slp.tv\\\/2025\\\/wp-content\\\/uploads\\\/2025\\\/07\\\/05-25.jpg\",\"datePublished\":\"2025-07-26T16:57:45+00:00\",\"breadcrumb\":{\"@id\":\"https:\\\/\\\/canal7slp.tv\\\/2025\\\/presidencia-lanza-red-nacional-de-abogadas-para-combatir-la-violencia-contra-las-mujeres\\\/#breadcrumb\"},\"inLanguage\":\"es\",\"potentialAction\":[{\"@type\":\"ReadAction\",\"target\":[\"https:\\\/\\\/canal7slp.tv\\\/2025\\\/presidencia-lanza-red-nacional-de-abogadas-para-combatir-la-violencia-contra-las-mujeres\\\/\"]}]},{\"@type\":\"ImageObject\",\"inLanguage\":\"es\",\"@id\":\"https:\\\/\\\/canal7slp.tv\\\/2025\\\/presidencia-lanza-red-nacional-de-abogadas-para-combatir-la-violencia-contra-las-mujeres\\\/#primaryimage\",\"url\":\"https:\\\/\\\/canal7slp.tv\\\/2025\\\/wp-content\\\/uploads\\\/2025\\\/07\\\/05-25.jpg\",\"contentUrl\":\"https:\\\/\\\/canal7slp.tv\\\/2025\\\/wp-content\\\/uploads\\\/2025\\\/07\\\/05-25.jpg\",\"width\":952,\"height\":500},{\"@type\":\"BreadcrumbList\",\"@id\":\"https:\\\/\\\/canal7slp.tv\\\/2025\\\/presidencia-lanza-red-nacional-de-abogadas-para-combatir-la-violencia-contra-las-mujeres\\\/#breadcrumb\",\"itemListElement\":[{\"@type\":\"ListItem\",\"position\":1,\"name\":\"Portada\",\"item\":\"https:\\\/\\\/canal7slp.tv\\\/2025\\\/\"},{\"@type\":\"ListItem\",\"position\":2,\"name\":\"Presidencia lanza red nacional de abogadas para combatir la violencia contra las mujeres\"}]},{\"@type\":\"WebSite\",\"@id\":\"https:\\\/\\\/canal7slp.tv\\\/2025\\\/#website\",\"url\":\"https:\\\/\\\/canal7slp.tv\\\/2025\\\/\",\"name\":\"N7 - Noticieros Canal 7\",\"description\":\"Somos el Medio\",\"publisher\":{\"@id\":\"https:\\\/\\\/canal7slp.tv\\\/2025\\\/#organization\"},\"potentialAction\":[{\"@type\":\"SearchAction\",\"target\":{\"@type\":\"EntryPoint\",\"urlTemplate\":\"https:\\\/\\\/canal7slp.tv\\\/2025\\\/?s={search_term_string}\"},\"query-input\":{\"@type\":\"PropertyValueSpecification\",\"valueRequired\":true,\"valueName\":\"search_term_string\"}}],\"inLanguage\":\"es\"},{\"@type\":\"Organization\",\"@id\":\"https:\\\/\\\/canal7slp.tv\\\/2025\\\/#organization\",\"name\":\"Noticieros Canal 7\",\"url\":\"https:\\\/\\\/canal7slp.tv\\\/2025\\\/\",\"logo\":{\"@type\":\"ImageObject\",\"inLanguage\":\"es\",\"@id\":\"https:\\\/\\\/canal7slp.tv\\\/2025\\\/#\\\/schema\\\/logo\\\/image\\\/\",\"url\":\"https:\\\/\\\/canal7slp.tv\\\/2025\\\/wp-content\\\/uploads\\\/2021\\\/01\\\/logo-noticieros@2x.png\",\"contentUrl\":\"https:\\\/\\\/canal7slp.tv\\\/2025\\\/wp-content\\\/uploads\\\/2021\\\/01\\\/logo-noticieros@2x.png\",\"width\":1017,\"height\":268,\"caption\":\"Noticieros Canal 7\"},\"image\":{\"@id\":\"https:\\\/\\\/canal7slp.tv\\\/2025\\\/#\\\/schema\\\/logo\\\/image\\\/\"},\"sameAs\":[\"https:\\\/\\\/www.facebook.com\\\/noticieroscanal7atencionciudadana\\\/\",\"https:\\\/\\\/x.com\\\/NOTICIEROS7\",\"https:\\\/\\\/www.instagram.com\\\/canal7_slp\",\"https:\\\/\\\/www.youtube.com\\\/channel\\\/UCliiYs-gP3JfJeqdPrNdd5A\"]},{\"@type\":\"Person\",\"@id\":\"https:\\\/\\\/canal7slp.tv\\\/2025\\\/#\\\/schema\\\/person\\\/271e2b60a96e7cc9d9ac296f4d7e414b\",\"name\":\"Edici\u00f3n Web\",\"image\":{\"@type\":\"ImageObject\",\"inLanguage\":\"es\",\"@id\":\"https:\\\/\\\/secure.gravatar.com\\\/avatar\\\/eee448fc3f7164808013b816ba91ac7e43bbe82a70bebac296f8bc6f0addaa1a?s=96&d=mm&r=g\",\"url\":\"https:\\\/\\\/secure.gravatar.com\\\/avatar\\\/eee448fc3f7164808013b816ba91ac7e43bbe82a70bebac296f8bc6f0addaa1a?s=96&d=mm&r=g\",\"contentUrl\":\"https:\\\/\\\/secure.gravatar.com\\\/avatar\\\/eee448fc3f7164808013b816ba91ac7e43bbe82a70bebac296f8bc6f0addaa1a?s=96&d=mm&r=g\",\"caption\":\"Edici\u00f3n Web\"},\"url\":\"https:\\\/\\\/canal7slp.tv\\\/2025\\\/author\\\/edicionweb\\\/\"}]}<\/script>\n<!-- \/ Yoast SEO plugin. -->","yoast_head_json":{"title":"Presidencia lanza red nacional de abogadas para combatir la violencia contra las mujeres - Canal 7 SLP - 2025","robots":{"index":"index","follow":"follow","max-snippet":"max-snippet:-1","max-image-preview":"max-image-preview:large","max-video-preview":"max-video-preview:-1"},"canonical":"https:\/\/canal7slp.tv\/2025\/presidencia-lanza-red-nacional-de-abogadas-para-combatir-la-violencia-contra-las-mujeres\/","og_locale":"es_ES","og_type":"article","og_title":"Presidencia lanza red nacional de abogadas para combatir la violencia contra las mujeres - Canal 7 SLP - 2025","og_description":"M\u00e9xico.- El Gobierno de M\u00e9xico present\u00f3 este 20 de julio el programa \u201cAbogadas de las Mujeres\u201d, una estrategia para brindar acompa\u00f1amiento legal, atenci\u00f3n y protecci\u00f3n a mujeres v\u00edctimas de violencia en todo el pa\u00eds. Durante un evento encabezado por la presidenta Claudia Sheinbaum, se anunci\u00f3 la capacitaci\u00f3n de 838 abogadas que integrar\u00e1n esta red, cuyo objetivo principal es garantizar que ninguna mujer enfrente sola situaciones de violencia o discriminaci\u00f3n. \u201cLa justicia debe estar al lado de las mujeres\u201d, afirm\u00f3 Sheinbaum, quien destac\u00f3 que este programa es parte del compromiso de la Cuarta Transformaci\u00f3n por construir un pa\u00eds con igualdad sustantiva [&hellip;]","og_url":"https:\/\/canal7slp.tv\/2025\/presidencia-lanza-red-nacional-de-abogadas-para-combatir-la-violencia-contra-las-mujeres\/","og_site_name":"Canal 7 SLP - 2025","article_publisher":"https:\/\/www.facebook.com\/noticieroscanal7atencionciudadana\/","article_published_time":"2025-07-26T16:57:45+00:00","og_image":[{"width":952,"height":500,"url":"https:\/\/canal7slp.tv\/2025\/wp-content\/uploads\/2025\/07\/05-25.jpg","type":"image\/jpeg"}],"author":"Edici\u00f3n Web","twitter_card":"summary_large_image","twitter_creator":"@NOTICIEROS7","twitter_site":"@NOTICIEROS7","twitter_misc":{"Escrito por":"Edici\u00f3n Web","Tiempo de lectura":"2 minutos"},"schema":{"@context":"https:\/\/schema.org","@graph":[{"@type":"Article","@id":"https:\/\/canal7slp.tv\/2025\/presidencia-lanza-red-nacional-de-abogadas-para-combatir-la-violencia-contra-las-mujeres\/#article","isPartOf":{"@id":"https:\/\/canal7slp.tv\/2025\/presidencia-lanza-red-nacional-de-abogadas-para-combatir-la-violencia-contra-las-mujeres\/"},"author":{"name":"Edici\u00f3n Web","@id":"https:\/\/canal7slp.tv\/2025\/#\/schema\/person\/271e2b60a96e7cc9d9ac296f4d7e414b"},"headline":"Presidencia lanza red nacional de abogadas para combatir la violencia contra las mujeres","datePublished":"2025-07-26T16:57:45+00:00","mainEntityOfPage":{"@id":"https:\/\/canal7slp.tv\/2025\/presidencia-lanza-red-nacional-de-abogadas-para-combatir-la-violencia-contra-las-mujeres\/"},"wordCount":245,"publisher":{"@id":"https:\/\/canal7slp.tv\/2025\/#organization"},"image":{"@id":"https:\/\/canal7slp.tv\/2025\/presidencia-lanza-red-nacional-de-abogadas-para-combatir-la-violencia-contra-las-mujeres\/#primaryimage"},"thumbnailUrl":"https:\/\/canal7slp.tv\/2025\/wp-content\/uploads\/2025\/07\/05-25.jpg","articleSection":["NACIONALES"],"inLanguage":"es"},{"@type":"WebPage","@id":"https:\/\/canal7slp.tv\/2025\/presidencia-lanza-red-nacional-de-abogadas-para-combatir-la-violencia-contra-las-mujeres\/","url":"https:\/\/canal7slp.tv\/2025\/presidencia-lanza-red-nacional-de-abogadas-para-combatir-la-violencia-contra-las-mujeres\/","name":"Presidencia lanza red nacional de abogadas para combatir la violencia contra las mujeres - Canal 7 SLP - 2025","isPartOf":{"@id":"https:\/\/canal7slp.tv\/2025\/#website"},"primaryImageOfPage":{"@id":"https:\/\/canal7slp.tv\/2025\/presidencia-lanza-red-nacional-de-abogadas-para-combatir-la-violencia-contra-las-mujeres\/#primaryimage"},"image":{"@id":"https:\/\/canal7slp.tv\/2025\/presidencia-lanza-red-nacional-de-abogadas-para-combatir-la-violencia-contra-las-mujeres\/#primaryimage"},"thumbnailUrl":"https:\/\/canal7slp.tv\/2025\/wp-content\/uploads\/2025\/07\/05-25.jpg","datePublished":"2025-07-26T16:57:45+00:00","breadcrumb":{"@id":"https:\/\/canal7slp.tv\/2025\/presidencia-lanza-red-nacional-de-abogadas-para-combatir-la-violencia-contra-las-mujeres\/#breadcrumb"},"inLanguage":"es","potentialAction":[{"@type":"ReadAction","target":["https:\/\/canal7slp.tv\/2025\/presidencia-lanza-red-nacional-de-abogadas-para-combatir-la-violencia-contra-las-mujeres\/"]}]},{"@type":"ImageObject","inLanguage":"es","@id":"https:\/\/canal7slp.tv\/2025\/presidencia-lanza-red-nacional-de-abogadas-para-combatir-la-violencia-contra-las-mujeres\/#primaryimage","url":"https:\/\/canal7slp.tv\/2025\/wp-content\/uploads\/2025\/07\/05-25.jpg","contentUrl":"https:\/\/canal7slp.tv\/2025\/wp-content\/uploads\/2025\/07\/05-25.jpg","width":952,"height":500},{"@type":"BreadcrumbList","@id":"https:\/\/canal7slp.tv\/2025\/presidencia-lanza-red-nacional-de-abogadas-para-combatir-la-violencia-contra-las-mujeres\/#breadcrumb","itemListElement":[{"@type":"ListItem","position":1,"name":"Portada","item":"https:\/\/canal7slp.tv\/2025\/"},{"@type":"ListItem","position":2,"name":"Presidencia lanza red nacional de abogadas para combatir la violencia contra las mujeres"}]},{"@type":"WebSite","@id":"https:\/\/canal7slp.tv\/2025\/#website","url":"https:\/\/canal7slp.tv\/2025\/","name":"N7 - Noticieros Canal 7","description":"Somos el Medio","publisher":{"@id":"https:\/\/canal7slp.tv\/2025\/#organization"},"potentialAction":[{"@type":"SearchAction","target":{"@type":"EntryPoint","urlTemplate":"https:\/\/canal7slp.tv\/2025\/?s={search_term_string}"},"query-input":{"@type":"PropertyValueSpecification","valueRequired":true,"valueName":"search_term_string"}}],"inLanguage":"es"},{"@type":"Organization","@id":"https:\/\/canal7slp.tv\/2025\/#organization","name":"Noticieros Canal 7","url":"https:\/\/canal7slp.tv\/2025\/","logo":{"@type":"ImageObject","inLanguage":"es","@id":"https:\/\/canal7slp.tv\/2025\/#\/schema\/logo\/image\/","url":"https:\/\/canal7slp.tv\/2025\/wp-content\/uploads\/2021\/01\/logo-noticieros@2x.png","contentUrl":"https:\/\/canal7slp.tv\/2025\/wp-content\/uploads\/2021\/01\/logo-noticieros@2x.png","width":1017,"height":268,"caption":"Noticieros Canal 7"},"image":{"@id":"https:\/\/canal7slp.tv\/2025\/#\/schema\/logo\/image\/"},"sameAs":["https:\/\/www.facebook.com\/noticieroscanal7atencionciudadana\/","https:\/\/x.com\/NOTICIEROS7","https:\/\/www.instagram.com\/canal7_slp","https:\/\/www.youtube.com\/channel\/UCliiYs-gP3JfJeqdPrNdd5A"]},{"@type":"Person","@id":"https:\/\/canal7slp.tv\/2025\/#\/schema\/person\/271e2b60a96e7cc9d9ac296f4d7e414b","name":"Edici\u00f3n Web","image":{"@type":"ImageObject","inLanguage":"es","@id":"https:\/\/secure.gravatar.com\/avatar\/eee448fc3f7164808013b816ba91ac7e43bbe82a70bebac296f8bc6f0addaa1a?s=96&d=mm&r=g","url":"https:\/\/secure.gravatar.com\/avatar\/eee448fc3f7164808013b816ba91ac7e43bbe82a70bebac296f8bc6f0addaa1a?s=96&d=mm&r=g","contentUrl":"https:\/\/secure.gravatar.com\/avatar\/eee448fc3f7164808013b816ba91ac7e43bbe82a70bebac296f8bc6f0addaa1a?s=96&d=mm&r=g","caption":"Edici\u00f3n Web"},"url":"https:\/\/canal7slp.tv\/2025\/author\/edicionweb\/"}]}},"_links":{"self":[{"href":"https:\/\/canal7slp.tv\/2025\/wp-json\/wp\/v2\/posts\/174573","targetHints":{"allow":["GET"]}}],"collection":[{"href":"https:\/\/canal7slp.tv\/2025\/wp-json\/wp\/v2\/posts"}],"about":[{"href":"https:\/\/canal7slp.tv\/2025\/wp-json\/wp\/v2\/types\/post"}],"author":[{"embeddable":true,"href":"https:\/\/canal7slp.tv\/2025\/wp-json\/wp\/v2\/users\/2"}],"replies":[{"embeddable":true,"href":"https:\/\/canal7slp.tv\/2025\/wp-json\/wp\/v2\/comments?post=174573"}],"version-history":[{"count":1,"href":"https:\/\/canal7slp.tv\/2025\/wp-json\/wp\/v2\/posts\/174573\/revisions"}],"predecessor-version":[{"id":174575,"href":"https:\/\/canal7slp.tv\/2025\/wp-json\/wp\/v2\/posts\/174573\/revisions\/174575"}],"wp:featuredmedia":[{"embeddable":true,"href":"https:\/\/canal7slp.tv\/2025\/wp-json\/wp\/v2\/media\/174574"}],"wp:attachment":[{"href":"https:\/\/canal7slp.tv\/2025\/wp-json\/wp\/v2\/media?parent=174573"}],"wp:term":[{"taxonomy":"category","embeddable":true,"href":"https:\/\/canal7slp.tv\/2025\/wp-json\/wp\/v2\/categories?post=174573"},{"taxonomy":"post_tag","embeddable":true,"href":"https:\/\/canal7slp.tv\/2025\/wp-json\/wp\/v2\/tags?post=174573"}],"curies":[{"name":"wp","href":"https:\/\/api.w.org\/{rel}","templated":true}]}}