{"id":174566,"date":"2025-07-26T10:23:18","date_gmt":"2025-07-26T16:23:18","guid":{"rendered":"https:\/\/canal7slp.tv\/2025\/?p=174566"},"modified":"2025-07-26T10:23:18","modified_gmt":"2025-07-26T16:23:18","slug":"detienen-a-tres-presuntos-implicados-en-secuestro-y-homicidio-de-maestra-en-veracruz","status":"publish","type":"post","link":"https:\/\/canal7slp.tv\/2025\/detienen-a-tres-presuntos-implicados-en-secuestro-y-homicidio-de-maestra-en-veracruz\/","title":{"rendered":"\u00a0Detienen a tres presuntos implicados en secuestro y homicidio de maestra en Veracruz"},"content":{"rendered":"<p style=\"text-align: justify;\">\n<p style=\"text-align: justify;\">Xalapa.- Autoridades de Veracruz informaron sobre la detenci\u00f3n de tres personas presuntamente vinculadas con el secuestro y homicidio de Irma Hern\u00e1ndez Cruz, una maestra jubilada de 62 a\u00f1os, cuyo caso ha generado indignaci\u00f3n en la regi\u00f3n. Los arrestos se realizaron en operativos coordinados en los municipios de Cerro Azul y \u00c1lamo Temapache.<\/p>\n<p style=\"text-align: justify;\">Los detenidos han sido identificados como V\u00edctor Manuel \u00abN\u00bb (\u00abEl Cholo\u00bb o \u00abMoyo\u00bb), Jos\u00e9 Eduardo \u00abN\u00bb (\u00abEl Gast\u00f3n\u00bb o \u00ab\u00c1guila\u00bb) y Jeana Paola \u00abN\u00bb, presuntos integrantes del grupo delictivo conocido como Sombra o Mafia Veracruzana, una facci\u00f3n asociada al C\u00e1rtel del Golfo. Durante los operativos, se aseguraron armas, municiones, drogas, veh\u00edculos y una libreta con registros de cobros de extorsi\u00f3n.<\/p>\n<p style=\"text-align: justify;\">Hern\u00e1ndez Cruz fue secuestrada el 18 de julio en \u00c1lamo Temapache. Dos d\u00edas despu\u00e9s, circul\u00f3 un video en el que aparec\u00eda maniatada y obligada a leer un mensaje dirigido a taxistas de la zona, advirti\u00e9ndoles sobre represalias si no pagaban \u00abderecho de piso\u00bb. Su cuerpo fue encontrado sin vida el 23 de julio en un predio de la localidad de Tepetzintlilla.<\/p>\n<p style=\"text-align: justify;\">Seg\u00fan informes oficiales, la causa de muerte fue un infarto, aunque fuentes policiales mencionan que habr\u00eda sido asesinada a golpes. La Fiscal\u00eda General del Estado contin\u00faa con las investigaciones para determinar las circunstancias exactas del crimen.<\/p>\n","protected":false},"excerpt":{"rendered":"<p>Xalapa.- Autoridades de Veracruz informaron sobre la detenci\u00f3n de tres personas presuntamente vinculadas con el secuestro y homicidio de Irma Hern\u00e1ndez Cruz, una maestra jubilada de 62 a\u00f1os, cuyo caso ha generado indignaci\u00f3n en la regi\u00f3n. Los arrestos se realizaron en operativos coordinados en los municipios de Cerro Azul y \u00c1lamo Temapache. Los detenidos han sido identificados como V\u00edctor Manuel \u00abN\u00bb (\u00abEl Cholo\u00bb o \u00abMoyo\u00bb), Jos\u00e9 Eduardo \u00abN\u00bb (\u00abEl Gast\u00f3n\u00bb o \u00ab\u00c1guila\u00bb) y Jeana Paola \u00abN\u00bb, presuntos integrantes del grupo delictivo conocido como Sombra o Mafia Veracruzana, una facci\u00f3n asociada al C\u00e1rtel del Golfo. Durante los operativos, se aseguraron armas, [&hellip;]<\/p>\n","protected":false},"author":2,"featured_media":174568,"comment_status":"closed","ping_status":"closed","sticky":false,"template":"","format":"standard","meta":{"_monsterinsights_skip_tracking":false,"_monsterinsights_sitenote_active":false,"_monsterinsights_sitenote_note":"","_monsterinsights_sitenote_category":0,"footnotes":""},"categories":[46],"tags":[],"class_list":["post-174566","post","type-post","status-publish","format-standard","has-post-thumbnail","hentry","category-nacional","post--single"],"yoast_head":"<!-- This site is optimized with the Yoast SEO plugin v27.5 - https:\/\/yoast.com\/product\/yoast-seo-wordpress\/ -->\n<title>\u00a0Detienen a tres presuntos implicados en secuestro y homicidio de maestra en Veracruz - Canal 7 SLP - 2025<\/title>\n<meta name=\"robots\" content=\"index, follow, max-snippet:-1, max-image-preview:large, max-video-preview:-1\" \/>\n<link rel=\"canonical\" href=\"https:\/\/canal7slp.tv\/2025\/detienen-a-tres-presuntos-implicados-en-secuestro-y-homicidio-de-maestra-en-veracruz\/\" \/>\n<meta property=\"og:locale\" content=\"es_ES\" \/>\n<meta property=\"og:type\" content=\"article\" \/>\n<meta property=\"og:title\" content=\"\u00a0Detienen a tres presuntos implicados en secuestro y homicidio de maestra en Veracruz - Canal 7 SLP - 2025\" \/>\n<meta property=\"og:description\" content=\"Xalapa.- Autoridades de Veracruz informaron sobre la detenci\u00f3n de tres personas presuntamente vinculadas con el secuestro y homicidio de Irma Hern\u00e1ndez Cruz, una maestra jubilada de 62 a\u00f1os, cuyo caso ha generado indignaci\u00f3n en la regi\u00f3n. Los arrestos se realizaron en operativos coordinados en los municipios de Cerro Azul y \u00c1lamo Temapache. Los detenidos han sido identificados como V\u00edctor Manuel \u00abN\u00bb (\u00abEl Cholo\u00bb o \u00abMoyo\u00bb), Jos\u00e9 Eduardo \u00abN\u00bb (\u00abEl Gast\u00f3n\u00bb o \u00ab\u00c1guila\u00bb) y Jeana Paola \u00abN\u00bb, presuntos integrantes del grupo delictivo conocido como Sombra o Mafia Veracruzana, una facci\u00f3n asociada al C\u00e1rtel del Golfo. Durante los operativos, se aseguraron armas, [&hellip;]\" \/>\n<meta property=\"og:url\" content=\"https:\/\/canal7slp.tv\/2025\/detienen-a-tres-presuntos-implicados-en-secuestro-y-homicidio-de-maestra-en-veracruz\/\" \/>\n<meta property=\"og:site_name\" content=\"Canal 7 SLP - 2025\" \/>\n<meta property=\"article:publisher\" content=\"https:\/\/www.facebook.com\/noticieroscanal7atencionciudadana\/\" \/>\n<meta property=\"article:published_time\" content=\"2025-07-26T16:23:18+00:00\" \/>\n<meta property=\"og:image\" content=\"https:\/\/canal7slp.tv\/2025\/wp-content\/uploads\/2025\/07\/03-26.jpg\" \/>\n\t<meta property=\"og:image:width\" content=\"828\" \/>\n\t<meta property=\"og:image:height\" content=\"500\" \/>\n\t<meta property=\"og:image:type\" content=\"image\/jpeg\" \/>\n<meta name=\"author\" content=\"Edici\u00f3n Web\" \/>\n<meta name=\"twitter:card\" content=\"summary_large_image\" \/>\n<meta name=\"twitter:creator\" content=\"@NOTICIEROS7\" \/>\n<meta name=\"twitter:site\" content=\"@NOTICIEROS7\" \/>\n<meta name=\"twitter:label1\" content=\"Escrito por\" \/>\n\t<meta name=\"twitter:data1\" content=\"Edici\u00f3n Web\" \/>\n\t<meta name=\"twitter:label2\" content=\"Tiempo de lectura\" \/>\n\t<meta name=\"twitter:data2\" content=\"1 minuto\" \/>\n<script type=\"application\/ld+json\" class=\"yoast-schema-graph\">{\"@context\":\"https:\\\/\\\/schema.org\",\"@graph\":[{\"@type\":\"Article\",\"@id\":\"https:\\\/\\\/canal7slp.tv\\\/2025\\\/detienen-a-tres-presuntos-implicados-en-secuestro-y-homicidio-de-maestra-en-veracruz\\\/#article\",\"isPartOf\":{\"@id\":\"https:\\\/\\\/canal7slp.tv\\\/2025\\\/detienen-a-tres-presuntos-implicados-en-secuestro-y-homicidio-de-maestra-en-veracruz\\\/\"},\"author\":{\"name\":\"Edici\u00f3n Web\",\"@id\":\"https:\\\/\\\/canal7slp.tv\\\/2025\\\/#\\\/schema\\\/person\\\/271e2b60a96e7cc9d9ac296f4d7e414b\"},\"headline\":\"\u00a0Detienen a tres presuntos implicados en secuestro y homicidio de maestra en Veracruz\",\"datePublished\":\"2025-07-26T16:23:18+00:00\",\"mainEntityOfPage\":{\"@id\":\"https:\\\/\\\/canal7slp.tv\\\/2025\\\/detienen-a-tres-presuntos-implicados-en-secuestro-y-homicidio-de-maestra-en-veracruz\\\/\"},\"wordCount\":240,\"publisher\":{\"@id\":\"https:\\\/\\\/canal7slp.tv\\\/2025\\\/#organization\"},\"image\":{\"@id\":\"https:\\\/\\\/canal7slp.tv\\\/2025\\\/detienen-a-tres-presuntos-implicados-en-secuestro-y-homicidio-de-maestra-en-veracruz\\\/#primaryimage\"},\"thumbnailUrl\":\"https:\\\/\\\/canal7slp.tv\\\/2025\\\/wp-content\\\/uploads\\\/2025\\\/07\\\/03-26.jpg\",\"articleSection\":[\"NACIONALES\"],\"inLanguage\":\"es\"},{\"@type\":\"WebPage\",\"@id\":\"https:\\\/\\\/canal7slp.tv\\\/2025\\\/detienen-a-tres-presuntos-implicados-en-secuestro-y-homicidio-de-maestra-en-veracruz\\\/\",\"url\":\"https:\\\/\\\/canal7slp.tv\\\/2025\\\/detienen-a-tres-presuntos-implicados-en-secuestro-y-homicidio-de-maestra-en-veracruz\\\/\",\"name\":\"\u00a0Detienen a tres presuntos implicados en secuestro y homicidio de maestra en Veracruz - Canal 7 SLP - 2025\",\"isPartOf\":{\"@id\":\"https:\\\/\\\/canal7slp.tv\\\/2025\\\/#website\"},\"primaryImageOfPage\":{\"@id\":\"https:\\\/\\\/canal7slp.tv\\\/2025\\\/detienen-a-tres-presuntos-implicados-en-secuestro-y-homicidio-de-maestra-en-veracruz\\\/#primaryimage\"},\"image\":{\"@id\":\"https:\\\/\\\/canal7slp.tv\\\/2025\\\/detienen-a-tres-presuntos-implicados-en-secuestro-y-homicidio-de-maestra-en-veracruz\\\/#primaryimage\"},\"thumbnailUrl\":\"https:\\\/\\\/canal7slp.tv\\\/2025\\\/wp-content\\\/uploads\\\/2025\\\/07\\\/03-26.jpg\",\"datePublished\":\"2025-07-26T16:23:18+00:00\",\"breadcrumb\":{\"@id\":\"https:\\\/\\\/canal7slp.tv\\\/2025\\\/detienen-a-tres-presuntos-implicados-en-secuestro-y-homicidio-de-maestra-en-veracruz\\\/#breadcrumb\"},\"inLanguage\":\"es\",\"potentialAction\":[{\"@type\":\"ReadAction\",\"target\":[\"https:\\\/\\\/canal7slp.tv\\\/2025\\\/detienen-a-tres-presuntos-implicados-en-secuestro-y-homicidio-de-maestra-en-veracruz\\\/\"]}]},{\"@type\":\"ImageObject\",\"inLanguage\":\"es\",\"@id\":\"https:\\\/\\\/canal7slp.tv\\\/2025\\\/detienen-a-tres-presuntos-implicados-en-secuestro-y-homicidio-de-maestra-en-veracruz\\\/#primaryimage\",\"url\":\"https:\\\/\\\/canal7slp.tv\\\/2025\\\/wp-content\\\/uploads\\\/2025\\\/07\\\/03-26.jpg\",\"contentUrl\":\"https:\\\/\\\/canal7slp.tv\\\/2025\\\/wp-content\\\/uploads\\\/2025\\\/07\\\/03-26.jpg\",\"width\":828,\"height\":500},{\"@type\":\"BreadcrumbList\",\"@id\":\"https:\\\/\\\/canal7slp.tv\\\/2025\\\/detienen-a-tres-presuntos-implicados-en-secuestro-y-homicidio-de-maestra-en-veracruz\\\/#breadcrumb\",\"itemListElement\":[{\"@type\":\"ListItem\",\"position\":1,\"name\":\"Portada\",\"item\":\"https:\\\/\\\/canal7slp.tv\\\/2025\\\/\"},{\"@type\":\"ListItem\",\"position\":2,\"name\":\"\u00a0Detienen a tres presuntos implicados en secuestro y homicidio de maestra en Veracruz\"}]},{\"@type\":\"WebSite\",\"@id\":\"https:\\\/\\\/canal7slp.tv\\\/2025\\\/#website\",\"url\":\"https:\\\/\\\/canal7slp.tv\\\/2025\\\/\",\"name\":\"N7 - Noticieros Canal 7\",\"description\":\"Somos el Medio\",\"publisher\":{\"@id\":\"https:\\\/\\\/canal7slp.tv\\\/2025\\\/#organization\"},\"potentialAction\":[{\"@type\":\"SearchAction\",\"target\":{\"@type\":\"EntryPoint\",\"urlTemplate\":\"https:\\\/\\\/canal7slp.tv\\\/2025\\\/?s={search_term_string}\"},\"query-input\":{\"@type\":\"PropertyValueSpecification\",\"valueRequired\":true,\"valueName\":\"search_term_string\"}}],\"inLanguage\":\"es\"},{\"@type\":\"Organization\",\"@id\":\"https:\\\/\\\/canal7slp.tv\\\/2025\\\/#organization\",\"name\":\"Noticieros Canal 7\",\"url\":\"https:\\\/\\\/canal7slp.tv\\\/2025\\\/\",\"logo\":{\"@type\":\"ImageObject\",\"inLanguage\":\"es\",\"@id\":\"https:\\\/\\\/canal7slp.tv\\\/2025\\\/#\\\/schema\\\/logo\\\/image\\\/\",\"url\":\"https:\\\/\\\/canal7slp.tv\\\/2025\\\/wp-content\\\/uploads\\\/2021\\\/01\\\/logo-noticieros@2x.png\",\"contentUrl\":\"https:\\\/\\\/canal7slp.tv\\\/2025\\\/wp-content\\\/uploads\\\/2021\\\/01\\\/logo-noticieros@2x.png\",\"width\":1017,\"height\":268,\"caption\":\"Noticieros Canal 7\"},\"image\":{\"@id\":\"https:\\\/\\\/canal7slp.tv\\\/2025\\\/#\\\/schema\\\/logo\\\/image\\\/\"},\"sameAs\":[\"https:\\\/\\\/www.facebook.com\\\/noticieroscanal7atencionciudadana\\\/\",\"https:\\\/\\\/x.com\\\/NOTICIEROS7\",\"https:\\\/\\\/www.instagram.com\\\/canal7_slp\",\"https:\\\/\\\/www.youtube.com\\\/channel\\\/UCliiYs-gP3JfJeqdPrNdd5A\"]},{\"@type\":\"Person\",\"@id\":\"https:\\\/\\\/canal7slp.tv\\\/2025\\\/#\\\/schema\\\/person\\\/271e2b60a96e7cc9d9ac296f4d7e414b\",\"name\":\"Edici\u00f3n Web\",\"image\":{\"@type\":\"ImageObject\",\"inLanguage\":\"es\",\"@id\":\"https:\\\/\\\/secure.gravatar.com\\\/avatar\\\/eee448fc3f7164808013b816ba91ac7e43bbe82a70bebac296f8bc6f0addaa1a?s=96&d=mm&r=g\",\"url\":\"https:\\\/\\\/secure.gravatar.com\\\/avatar\\\/eee448fc3f7164808013b816ba91ac7e43bbe82a70bebac296f8bc6f0addaa1a?s=96&d=mm&r=g\",\"contentUrl\":\"https:\\\/\\\/secure.gravatar.com\\\/avatar\\\/eee448fc3f7164808013b816ba91ac7e43bbe82a70bebac296f8bc6f0addaa1a?s=96&d=mm&r=g\",\"caption\":\"Edici\u00f3n Web\"},\"url\":\"https:\\\/\\\/canal7slp.tv\\\/2025\\\/author\\\/edicionweb\\\/\"}]}<\/script>\n<!-- \/ Yoast SEO plugin. -->","yoast_head_json":{"title":"\u00a0Detienen a tres presuntos implicados en secuestro y homicidio de maestra en Veracruz - Canal 7 SLP - 2025","robots":{"index":"index","follow":"follow","max-snippet":"max-snippet:-1","max-image-preview":"max-image-preview:large","max-video-preview":"max-video-preview:-1"},"canonical":"https:\/\/canal7slp.tv\/2025\/detienen-a-tres-presuntos-implicados-en-secuestro-y-homicidio-de-maestra-en-veracruz\/","og_locale":"es_ES","og_type":"article","og_title":"\u00a0Detienen a tres presuntos implicados en secuestro y homicidio de maestra en Veracruz - Canal 7 SLP - 2025","og_description":"Xalapa.- Autoridades de Veracruz informaron sobre la detenci\u00f3n de tres personas presuntamente vinculadas con el secuestro y homicidio de Irma Hern\u00e1ndez Cruz, una maestra jubilada de 62 a\u00f1os, cuyo caso ha generado indignaci\u00f3n en la regi\u00f3n. Los arrestos se realizaron en operativos coordinados en los municipios de Cerro Azul y \u00c1lamo Temapache. Los detenidos han sido identificados como V\u00edctor Manuel \u00abN\u00bb (\u00abEl Cholo\u00bb o \u00abMoyo\u00bb), Jos\u00e9 Eduardo \u00abN\u00bb (\u00abEl Gast\u00f3n\u00bb o \u00ab\u00c1guila\u00bb) y Jeana Paola \u00abN\u00bb, presuntos integrantes del grupo delictivo conocido como Sombra o Mafia Veracruzana, una facci\u00f3n asociada al C\u00e1rtel del Golfo. Durante los operativos, se aseguraron armas, [&hellip;]","og_url":"https:\/\/canal7slp.tv\/2025\/detienen-a-tres-presuntos-implicados-en-secuestro-y-homicidio-de-maestra-en-veracruz\/","og_site_name":"Canal 7 SLP - 2025","article_publisher":"https:\/\/www.facebook.com\/noticieroscanal7atencionciudadana\/","article_published_time":"2025-07-26T16:23:18+00:00","og_image":[{"width":828,"height":500,"url":"https:\/\/canal7slp.tv\/2025\/wp-content\/uploads\/2025\/07\/03-26.jpg","type":"image\/jpeg"}],"author":"Edici\u00f3n Web","twitter_card":"summary_large_image","twitter_creator":"@NOTICIEROS7","twitter_site":"@NOTICIEROS7","twitter_misc":{"Escrito por":"Edici\u00f3n Web","Tiempo de lectura":"1 minuto"},"schema":{"@context":"https:\/\/schema.org","@graph":[{"@type":"Article","@id":"https:\/\/canal7slp.tv\/2025\/detienen-a-tres-presuntos-implicados-en-secuestro-y-homicidio-de-maestra-en-veracruz\/#article","isPartOf":{"@id":"https:\/\/canal7slp.tv\/2025\/detienen-a-tres-presuntos-implicados-en-secuestro-y-homicidio-de-maestra-en-veracruz\/"},"author":{"name":"Edici\u00f3n Web","@id":"https:\/\/canal7slp.tv\/2025\/#\/schema\/person\/271e2b60a96e7cc9d9ac296f4d7e414b"},"headline":"\u00a0Detienen a tres presuntos implicados en secuestro y homicidio de maestra en Veracruz","datePublished":"2025-07-26T16:23:18+00:00","mainEntityOfPage":{"@id":"https:\/\/canal7slp.tv\/2025\/detienen-a-tres-presuntos-implicados-en-secuestro-y-homicidio-de-maestra-en-veracruz\/"},"wordCount":240,"publisher":{"@id":"https:\/\/canal7slp.tv\/2025\/#organization"},"image":{"@id":"https:\/\/canal7slp.tv\/2025\/detienen-a-tres-presuntos-implicados-en-secuestro-y-homicidio-de-maestra-en-veracruz\/#primaryimage"},"thumbnailUrl":"https:\/\/canal7slp.tv\/2025\/wp-content\/uploads\/2025\/07\/03-26.jpg","articleSection":["NACIONALES"],"inLanguage":"es"},{"@type":"WebPage","@id":"https:\/\/canal7slp.tv\/2025\/detienen-a-tres-presuntos-implicados-en-secuestro-y-homicidio-de-maestra-en-veracruz\/","url":"https:\/\/canal7slp.tv\/2025\/detienen-a-tres-presuntos-implicados-en-secuestro-y-homicidio-de-maestra-en-veracruz\/","name":"\u00a0Detienen a tres presuntos implicados en secuestro y homicidio de maestra en Veracruz - Canal 7 SLP - 2025","isPartOf":{"@id":"https:\/\/canal7slp.tv\/2025\/#website"},"primaryImageOfPage":{"@id":"https:\/\/canal7slp.tv\/2025\/detienen-a-tres-presuntos-implicados-en-secuestro-y-homicidio-de-maestra-en-veracruz\/#primaryimage"},"image":{"@id":"https:\/\/canal7slp.tv\/2025\/detienen-a-tres-presuntos-implicados-en-secuestro-y-homicidio-de-maestra-en-veracruz\/#primaryimage"},"thumbnailUrl":"https:\/\/canal7slp.tv\/2025\/wp-content\/uploads\/2025\/07\/03-26.jpg","datePublished":"2025-07-26T16:23:18+00:00","breadcrumb":{"@id":"https:\/\/canal7slp.tv\/2025\/detienen-a-tres-presuntos-implicados-en-secuestro-y-homicidio-de-maestra-en-veracruz\/#breadcrumb"},"inLanguage":"es","potentialAction":[{"@type":"ReadAction","target":["https:\/\/canal7slp.tv\/2025\/detienen-a-tres-presuntos-implicados-en-secuestro-y-homicidio-de-maestra-en-veracruz\/"]}]},{"@type":"ImageObject","inLanguage":"es","@id":"https:\/\/canal7slp.tv\/2025\/detienen-a-tres-presuntos-implicados-en-secuestro-y-homicidio-de-maestra-en-veracruz\/#primaryimage","url":"https:\/\/canal7slp.tv\/2025\/wp-content\/uploads\/2025\/07\/03-26.jpg","contentUrl":"https:\/\/canal7slp.tv\/2025\/wp-content\/uploads\/2025\/07\/03-26.jpg","width":828,"height":500},{"@type":"BreadcrumbList","@id":"https:\/\/canal7slp.tv\/2025\/detienen-a-tres-presuntos-implicados-en-secuestro-y-homicidio-de-maestra-en-veracruz\/#breadcrumb","itemListElement":[{"@type":"ListItem","position":1,"name":"Portada","item":"https:\/\/canal7slp.tv\/2025\/"},{"@type":"ListItem","position":2,"name":"\u00a0Detienen a tres presuntos implicados en secuestro y homicidio de maestra en Veracruz"}]},{"@type":"WebSite","@id":"https:\/\/canal7slp.tv\/2025\/#website","url":"https:\/\/canal7slp.tv\/2025\/","name":"N7 - Noticieros Canal 7","description":"Somos el Medio","publisher":{"@id":"https:\/\/canal7slp.tv\/2025\/#organization"},"potentialAction":[{"@type":"SearchAction","target":{"@type":"EntryPoint","urlTemplate":"https:\/\/canal7slp.tv\/2025\/?s={search_term_string}"},"query-input":{"@type":"PropertyValueSpecification","valueRequired":true,"valueName":"search_term_string"}}],"inLanguage":"es"},{"@type":"Organization","@id":"https:\/\/canal7slp.tv\/2025\/#organization","name":"Noticieros Canal 7","url":"https:\/\/canal7slp.tv\/2025\/","logo":{"@type":"ImageObject","inLanguage":"es","@id":"https:\/\/canal7slp.tv\/2025\/#\/schema\/logo\/image\/","url":"https:\/\/canal7slp.tv\/2025\/wp-content\/uploads\/2021\/01\/logo-noticieros@2x.png","contentUrl":"https:\/\/canal7slp.tv\/2025\/wp-content\/uploads\/2021\/01\/logo-noticieros@2x.png","width":1017,"height":268,"caption":"Noticieros Canal 7"},"image":{"@id":"https:\/\/canal7slp.tv\/2025\/#\/schema\/logo\/image\/"},"sameAs":["https:\/\/www.facebook.com\/noticieroscanal7atencionciudadana\/","https:\/\/x.com\/NOTICIEROS7","https:\/\/www.instagram.com\/canal7_slp","https:\/\/www.youtube.com\/channel\/UCliiYs-gP3JfJeqdPrNdd5A"]},{"@type":"Person","@id":"https:\/\/canal7slp.tv\/2025\/#\/schema\/person\/271e2b60a96e7cc9d9ac296f4d7e414b","name":"Edici\u00f3n Web","image":{"@type":"ImageObject","inLanguage":"es","@id":"https:\/\/secure.gravatar.com\/avatar\/eee448fc3f7164808013b816ba91ac7e43bbe82a70bebac296f8bc6f0addaa1a?s=96&d=mm&r=g","url":"https:\/\/secure.gravatar.com\/avatar\/eee448fc3f7164808013b816ba91ac7e43bbe82a70bebac296f8bc6f0addaa1a?s=96&d=mm&r=g","contentUrl":"https:\/\/secure.gravatar.com\/avatar\/eee448fc3f7164808013b816ba91ac7e43bbe82a70bebac296f8bc6f0addaa1a?s=96&d=mm&r=g","caption":"Edici\u00f3n Web"},"url":"https:\/\/canal7slp.tv\/2025\/author\/edicionweb\/"}]}},"_links":{"self":[{"href":"https:\/\/canal7slp.tv\/2025\/wp-json\/wp\/v2\/posts\/174566","targetHints":{"allow":["GET"]}}],"collection":[{"href":"https:\/\/canal7slp.tv\/2025\/wp-json\/wp\/v2\/posts"}],"about":[{"href":"https:\/\/canal7slp.tv\/2025\/wp-json\/wp\/v2\/types\/post"}],"author":[{"embeddable":true,"href":"https:\/\/canal7slp.tv\/2025\/wp-json\/wp\/v2\/users\/2"}],"replies":[{"embeddable":true,"href":"https:\/\/canal7slp.tv\/2025\/wp-json\/wp\/v2\/comments?post=174566"}],"version-history":[{"count":1,"href":"https:\/\/canal7slp.tv\/2025\/wp-json\/wp\/v2\/posts\/174566\/revisions"}],"predecessor-version":[{"id":174569,"href":"https:\/\/canal7slp.tv\/2025\/wp-json\/wp\/v2\/posts\/174566\/revisions\/174569"}],"wp:featuredmedia":[{"embeddable":true,"href":"https:\/\/canal7slp.tv\/2025\/wp-json\/wp\/v2\/media\/174568"}],"wp:attachment":[{"href":"https:\/\/canal7slp.tv\/2025\/wp-json\/wp\/v2\/media?parent=174566"}],"wp:term":[{"taxonomy":"category","embeddable":true,"href":"https:\/\/canal7slp.tv\/2025\/wp-json\/wp\/v2\/categories?post=174566"},{"taxonomy":"post_tag","embeddable":true,"href":"https:\/\/canal7slp.tv\/2025\/wp-json\/wp\/v2\/tags?post=174566"}],"curies":[{"name":"wp","href":"https:\/\/api.w.org\/{rel}","templated":true}]}}